{"id":32481,"date":"2025-11-20T20:25:19","date_gmt":"2025-11-20T20:25:19","guid":{"rendered":"https:\/\/lequotidien.mr\/?p=32481"},"modified":"2025-11-20T20:25:19","modified_gmt":"2025-11-20T20:25:19","slug":"conseil-des-ministres-lutte-contre-la-corruption-reformes-economiques-et-bilan-positif-de-la-plateforme-ain-au-coeur-des-annonces","status":"publish","type":"post","link":"https:\/\/lequotidien.mr\/?p=32481&lang=fr","title":{"rendered":"Conseil des Ministres : Lutte contre la corruption, r\u00e9formes \u00e9conomiques et bilan positif de la plateforme AIN au c\u0153ur des annonces"},"content":{"rendered":"<p>Les principales d\u00e9cisions du Conseil des ministres de ce mercredi apr\u00e8s-midi ont \u00e9t\u00e9 pr\u00e9sent\u00e9es en fin de journ\u00e9e par trois membres du gouvernement. Lors d&#8217;une conf\u00e9rence de presse, le <strong>Ministre Porte-parole du gouvernement, M. Houssein Meddou<\/strong>, a c\u00e9d\u00e9 la parole \u00e0 ses coll\u00e8gues des <strong>Affaires \u00e9conomiques <\/strong>et de la<strong> Transformation num\u00e9rique<\/strong> pour d\u00e9tailler les r\u00e9formes approuv\u00e9es, touchant \u00e0 la gouvernance, \u00e0 l&#8217;\u00e9conomie et aux services publics.<\/p>\n<p><strong style=\"font-weight: inherit;\">Un train de r\u00e9formes pour la gouvernance et l&#8217;\u00e9conomie<\/strong><\/p>\n<p>Ouvrant la s\u00e9ance, le porte-parole du gouvernement, M. Houssein Meddou, a annonc\u00e9 que le Conseil avait examin\u00e9 et approuv\u00e9 plusieurs projets de d\u00e9crets et de communications. Les dossiers majeurs portaient sur la lutte contre la corruption, la restructuration de la Zone Franche de Nouadhibou et le bilan d&#8217;\u00e9tape de la plateforme de signalement &#8220;AIN&#8221;. Il a ensuite invit\u00e9 les ministres concern\u00e9s \u00e0 en exposer les d\u00e9tails.<\/p>\n<p>Prenant la parole,\u00a0<strong>M. Abdallahi Souleymane Cheikh Sidiya, ministre des Affaires \u00e9conomiques et du D\u00e9veloppement<\/strong>, a pr\u00e9sent\u00e9 les grands axes des projets de d\u00e9cret qu&#8217;il a port\u00e9s lors du Conseil.<\/p>\n<p><strong style=\"font-weight: inherit;\">Vers une transformation durable des syst\u00e8mes alimentaires<\/strong><\/p>\n<p>Le premier texte a pour ambition de transformer les syst\u00e8mes alimentaires en Mauritanie. S&#8217;inscrivant dans le cadre de <strong>l&#8217;Agenda 2030 des Nations Unies<\/strong>, il vise \u00e0 cr\u00e9er un cadre de coordination pour un plan d&#8217;action national. <strong><em>\u00ab Le but est de synchroniser les efforts, en vue de garantir l&#8217;atteinte des objectifs en mati\u00e8re d\u2019alimentation \u00bb<\/em><\/strong>, a expliqu\u00e9 le ministre. Une plateforme commune sera mise en place pour une coordination, une planification et un suivi plus efficaces, permettant une utilisation optimale des ressources alimentaires \u00e0 tous les niveaux.<\/p>\n<p><strong style=\"font-weight: inherit;\">La mise en place de l&#8217;Autorit\u00e9 de lutte contre la corruption<\/strong><\/p>\n<p>Le deuxi\u00e8me projet de d\u00e9cret d\u00e9taill\u00e9 par le ministre concerne l&#8217;organisation du comit\u00e9 de s\u00e9lection des membres du conseil de la future Autorit\u00e9 de lutte contre la corruption. <strong><em>\u00ab La lutte contre la corruption est l&#8217;une des priorit\u00e9s du Pr\u00e9sident de la R\u00e9publique \u00bb<\/em><\/strong>, a-t-il rappel\u00e9. Le conseil sera compos\u00e9 de six membres, en plus du Pr\u00e9sident, s\u00e9lectionn\u00e9s pour leur exp\u00e9rience, leur moralit\u00e9 et leur repr\u00e9sentativit\u00e9 de divers secteurs.<\/p>\n<p>La proc\u00e9dure de s\u00e9lection pr\u00e9voit un large appel \u00e0 candidatures. Apr\u00e8s \u00e9tude des dossiers, une pr\u00e9s\u00e9lection de 12 candidats sera soumise au Pr\u00e9sident de la R\u00e9publique, qui aura un d\u00e9lai de 15 jours pour choisir les six membres finals. Le ministre a salu\u00e9 cette avanc\u00e9e comme <strong><em>\u00ab un bon en avant dans l&#8217;ancrage de la bonne gouvernance \u00bb.<\/em><\/strong><\/p>\n<p><strong style=\"font-weight: inherit;\">La Zone Franche de Nouadhibou remani\u00e9e<\/strong><\/p>\n<p>Concernant la Zone Franche de Nouadhibou, le projet de d\u00e9cret acte une refonte de son organigramme. La nouvelle structure comprendra d\u00e9sormais :<\/p>\n<p><strong>-Un Conseil sup\u00e9rieur de l&#8217;orientation strat\u00e9gique pr\u00e9sid\u00e9 par le Pr\u00e9sident de la R\u00e9publique\u00a0;<\/strong><\/p>\n<p><strong>-Un Conseil d&#8217;administration\u00a0;<\/strong><\/p>\n<p><strong>-Une Pr\u00e9sidence de la Zone franche\u00a0;<\/strong><\/p>\n<p>Le ministre a rappel\u00e9 que cet \u00e9tablissement public, dot\u00e9 d&#8217;une autonomie administrative et financi\u00e8re, a pour mission de stimuler l&#8217;activit\u00e9 \u00e9conomique et de faciliter les exportations, notamment dans les secteurs minier et halieutique.<\/p>\n<p><strong style=\"font-weight: inherit;\">La plateforme AIN : un outil de dialogue citoyen qui fait ses preuves<\/strong><\/p>\n<p><strong>M. Ahmed Salem Bede Etvagha, ministre de la Transformation num\u00e9rique et de la Modernisation de l&#8217;Administration<\/strong>, a dress\u00e9 un bilan tr\u00e8s positif de la plateforme de signalement <strong>&#8220;AIN&#8221;<\/strong> apr\u00e8s sa premi\u00e8re ann\u00e9e de service.<\/p>\n<p><strong style=\"font-weight: inherit;\">Une adoption massive et un traitement efficace<\/strong><\/p>\n<p>La plateforme a enregistr\u00e9 un total de\u00a0<strong>17 965<\/strong>\u00a0plaintes et signalements, r\u00e9partis entre\u00a0<strong>11 835 plaintes<\/strong>\u00a0et\u00a0<strong>6 130 signalements<\/strong>. L&#8217;efficacit\u00e9 du traitement a \u00e9t\u00e9 salu\u00e9e : le d\u00e9lai moyen de traitement est pass\u00e9 de 10 jours initialement \u00e0\u00a0<strong>7 jours<\/strong>. Surtout, le ministre a affirm\u00e9 que\u00a0<strong>97% des dossiers re\u00e7us ont \u00e9t\u00e9 trait\u00e9s<\/strong>, les autres \u00e9tant en cours de r\u00e9solution.<\/p>\n<p><strong style=\"font-weight: inherit;\">L&#8217;eau, principale pr\u00e9occupation des citoyens<\/strong><\/p>\n<p>L&#8217;analyse des signalements r\u00e9v\u00e8le les secteurs qui pr\u00e9occupent le plus les citoyens :<\/p>\n<p><strong>&#8211;<\/strong><strong>Eau<\/strong>\u00a0: 3 130 cas (55%)<\/p>\n<p><strong>-Int\u00e9rieur<\/strong>\u00a0: 13%<\/p>\n<p><strong>-\u00c9ducation<\/strong>\u00a0: 10%<\/p>\n<p><strong>-\u00c9nergie<\/strong>\u00a0: 9%<\/p>\n<p><strong>-Transport<\/strong>\u00a0: 8%<\/p>\n<p><strong>-Sant\u00e9<\/strong>\u00a0: 5%<\/p>\n<p><strong style=\"font-weight: inherit;\">Une port\u00e9e nationale et internationale<\/strong><\/p>\n<p>Bien que la capitale, Nouakchott, concentre 58% des signalements, la plateforme est utilis\u00e9e dans tout le pays et m\u00eame par la diaspora, avec 211 dossiers transmis de l&#8217;\u00e9tranger. Le ministre a r\u00e9affirm\u00e9 que cet outil vise \u00e0 rapprocher l&#8217;administration du citoyen et a annonc\u00e9 de prochaines am\u00e9liorations pour optimiser son fonctionnement.<\/p>\n<p>Pour conclure, le\u00a0<strong>porte-parole du gouvernement, M. Houssein Meddou<\/strong>, est revenu sur la r\u00e9cente visite du Pr\u00e9sident de la R\u00e9publique dans la r\u00e9gion du Hodh Chargui. Cette tourn\u00e9e de huit jours a \u00e9t\u00e9 l&#8217;occasion de lancer le\u00a0<strong>programme d&#8217;urgence pour l&#8217;acc\u00e8s aux services publics<\/strong>, dot\u00e9 d&#8217;un budget total de 260 milliards d&#8217;ouguiyas r\u00e9partis entre les 11 r\u00e9gions. <strong><em>\u00ab Pour le Hodh Chargui, c&#8217;est une enveloppe de 40 milliards qui lui est d\u00e9di\u00e9e \u00bb<\/em><\/strong>, a-t-il pr\u00e9cis\u00e9. Ces projets s&#8217;ajoutent \u00e0 d&#8217;autres chantiers structurants, comme la r\u00e9habilitation de la Route de l&#8217;Espoir, qui b\u00e9n\u00e9ficie d&#8217;un budget de 300 milliards d&#8217;ouguiyas.<\/p>\n<p>&nbsp;<\/p>\n<p>&nbsp;<\/p>\n","protected":false},"excerpt":{"rendered":"<p>Les principales d\u00e9cisions du Conseil des ministres de ce mercredi apr\u00e8s-midi ont \u00e9t\u00e9 pr\u00e9sent\u00e9es en fin de journ\u00e9e par trois membres du gouvernement. Lors d&#8217;une conf\u00e9rence de presse, le Ministre Porte-parole du gouvernement, M. Houssein Meddou, a c\u00e9d\u00e9 la parole \u00e0 ses coll\u00e8gues des Affaires \u00e9conomiques et de la Transformation num\u00e9rique pour d\u00e9tailler les r\u00e9formes&#8230;..<\/p>\n","protected":false},"author":12,"featured_media":32482,"comment_status":"open","ping_status":"open","sticky":false,"template":"","format":"standard","meta":{"footnotes":""},"categories":[23,49],"tags":[],"class_list":["post-32481","post","type-post","status-publish","format-standard","has-post-thumbnail","hentry","category-actualite","category-economie"],"yoast_head":"<!-- This site is optimized with the Yoast SEO plugin v27.5 - https:\/\/yoast.com\/product\/yoast-seo-wordpress\/ -->\n<title>Conseil des Ministres : Lutte contre la corruption, r\u00e9formes \u00e9conomiques et bilan positif de la plateforme AIN au c\u0153ur des annonces - Le Quotidien de Nouakchott<\/title>\n<meta name=\"robots\" content=\"index, follow, max-snippet:-1, max-image-preview:large, max-video-preview:-1\" \/>\n<link rel=\"canonical\" href=\"https:\/\/lequotidien.mr\/?p=32481&lang=fr\" \/>\n<meta property=\"og:locale\" content=\"ar_AR\" \/>\n<meta property=\"og:type\" content=\"article\" \/>\n<meta property=\"og:title\" content=\"Conseil des Ministres : Lutte contre la corruption, r\u00e9formes \u00e9conomiques et bilan positif de la plateforme AIN au c\u0153ur des annonces - Le Quotidien de Nouakchott\" \/>\n<meta property=\"og:description\" content=\"Les principales d\u00e9cisions du Conseil des ministres de ce mercredi apr\u00e8s-midi ont \u00e9t\u00e9 pr\u00e9sent\u00e9es en fin de journ\u00e9e par trois membres du gouvernement. Lors d&#8217;une conf\u00e9rence de presse, le Ministre Porte-parole du gouvernement, M. Houssein Meddou, a c\u00e9d\u00e9 la parole \u00e0 ses coll\u00e8gues des Affaires \u00e9conomiques et de la Transformation num\u00e9rique pour d\u00e9tailler les r\u00e9formes.....\" \/>\n<meta property=\"og:url\" content=\"https:\/\/lequotidien.mr\/?p=32481&amp;lang=fr\" \/>\n<meta property=\"og:site_name\" content=\"Le Quotidien de Nouakchott\" \/>\n<meta property=\"article:publisher\" content=\"https:\/\/web.facebook.com\/lequotidienmr\" \/>\n<meta property=\"article:published_time\" content=\"2025-11-20T20:25:19+00:00\" \/>\n<meta property=\"og:image\" content=\"https:\/\/lequotidien.mr\/wp-content\/uploads\/2025\/11\/photo-point-presse-1.jpg\" \/>\n\t<meta property=\"og:image:width\" content=\"647\" \/>\n\t<meta property=\"og:image:height\" content=\"416\" \/>\n\t<meta property=\"og:image:type\" content=\"image\/jpeg\" \/>\n<meta name=\"author\" content=\"Med Ahmed\" \/>\n<meta name=\"twitter:card\" content=\"summary_large_image\" \/>\n<meta name=\"twitter:creator\" content=\"@lequotidienmr\" \/>\n<meta name=\"twitter:site\" content=\"@lequotidienmr\" \/>\n<meta name=\"twitter:label1\" content=\"\u0643\u064f\u062a\u0628 \u0628\u0648\u0627\u0633\u0637\u0629\" \/>\n\t<meta name=\"twitter:data1\" content=\"Med Ahmed\" \/>\n\t<meta name=\"twitter:label2\" content=\"\u0648\u0642\u062a \u0627\u0644\u0642\u0631\u0627\u0621\u0629 \u0627\u0644\u0645\u064f\u0642\u062f\u0651\u0631\" \/>\n\t<meta name=\"twitter:data2\" content=\"6 \u062f\u0642\u0627\u0626\u0642\" \/>\n<script type=\"application\/ld+json\" class=\"yoast-schema-graph\">{\"@context\":\"https:\\\/\\\/schema.org\",\"@graph\":[{\"@type\":\"Article\",\"@id\":\"https:\\\/\\\/lequotidien.mr\\\/?p=32481&lang=fr#article\",\"isPartOf\":{\"@id\":\"https:\\\/\\\/lequotidien.mr\\\/?p=32481&lang=fr\"},\"author\":{\"name\":\"Med Ahmed\",\"@id\":\"https:\\\/\\\/lequotidien.mr\\\/#\\\/schema\\\/person\\\/d2d350202a4d599685ed8abc25f97596\"},\"headline\":\"Conseil des Ministres : Lutte contre la corruption, r\u00e9formes \u00e9conomiques et bilan positif de la plateforme AIN au c\u0153ur des annonces\",\"datePublished\":\"2025-11-20T20:25:19+00:00\",\"mainEntityOfPage\":{\"@id\":\"https:\\\/\\\/lequotidien.mr\\\/?p=32481&lang=fr\"},\"wordCount\":895,\"commentCount\":0,\"publisher\":{\"@id\":\"https:\\\/\\\/lequotidien.mr\\\/#organization\"},\"image\":{\"@id\":\"https:\\\/\\\/lequotidien.mr\\\/?p=32481&lang=fr#primaryimage\"},\"thumbnailUrl\":\"https:\\\/\\\/lequotidien.mr\\\/wp-content\\\/uploads\\\/2025\\\/11\\\/photo-point-presse-1.jpg\",\"articleSection\":[\"ACTUALIT\u00c9\",\"Economie\"],\"inLanguage\":\"ar\",\"potentialAction\":[{\"@type\":\"CommentAction\",\"name\":\"Comment\",\"target\":[\"https:\\\/\\\/lequotidien.mr\\\/?p=32481&lang=fr#respond\"]}]},{\"@type\":\"WebPage\",\"@id\":\"https:\\\/\\\/lequotidien.mr\\\/?p=32481&lang=fr\",\"url\":\"https:\\\/\\\/lequotidien.mr\\\/?p=32481&lang=fr\",\"name\":\"Conseil des Ministres : Lutte contre la corruption, r\u00e9formes \u00e9conomiques et bilan positif de la plateforme AIN au c\u0153ur des annonces - Le Quotidien de Nouakchott\",\"isPartOf\":{\"@id\":\"https:\\\/\\\/lequotidien.mr\\\/#website\"},\"primaryImageOfPage\":{\"@id\":\"https:\\\/\\\/lequotidien.mr\\\/?p=32481&lang=fr#primaryimage\"},\"image\":{\"@id\":\"https:\\\/\\\/lequotidien.mr\\\/?p=32481&lang=fr#primaryimage\"},\"thumbnailUrl\":\"https:\\\/\\\/lequotidien.mr\\\/wp-content\\\/uploads\\\/2025\\\/11\\\/photo-point-presse-1.jpg\",\"datePublished\":\"2025-11-20T20:25:19+00:00\",\"breadcrumb\":{\"@id\":\"https:\\\/\\\/lequotidien.mr\\\/?p=32481&lang=fr#breadcrumb\"},\"inLanguage\":\"ar\",\"potentialAction\":[{\"@type\":\"ReadAction\",\"target\":[\"https:\\\/\\\/lequotidien.mr\\\/?p=32481&lang=fr\"]}]},{\"@type\":\"ImageObject\",\"inLanguage\":\"ar\",\"@id\":\"https:\\\/\\\/lequotidien.mr\\\/?p=32481&lang=fr#primaryimage\",\"url\":\"https:\\\/\\\/lequotidien.mr\\\/wp-content\\\/uploads\\\/2025\\\/11\\\/photo-point-presse-1.jpg\",\"contentUrl\":\"https:\\\/\\\/lequotidien.mr\\\/wp-content\\\/uploads\\\/2025\\\/11\\\/photo-point-presse-1.jpg\",\"width\":647,\"height\":416},{\"@type\":\"BreadcrumbList\",\"@id\":\"https:\\\/\\\/lequotidien.mr\\\/?p=32481&lang=fr#breadcrumb\",\"itemListElement\":[{\"@type\":\"ListItem\",\"position\":1,\"name\":\"Home\",\"item\":\"https:\\\/\\\/lequotidien.mr\\\/\"},{\"@type\":\"ListItem\",\"position\":2,\"name\":\"Conseil des Ministres : Lutte contre la corruption, r\u00e9formes \u00e9conomiques et bilan positif de la plateforme AIN au c\u0153ur des annonces\"}]},{\"@type\":\"WebSite\",\"@id\":\"https:\\\/\\\/lequotidien.mr\\\/#website\",\"url\":\"https:\\\/\\\/lequotidien.mr\\\/\",\"name\":\"Le Quotidien de Nouakchott\",\"description\":\"\u0625\u062e\u0628\u0627\u0631\u064a\u0629 \u0645\u0633\u062a\u0642\u0644\u0629 \u0644\u0644\u0623\u0646\u0628\u0627\u0621 \u0627\u0644\u0639\u0627\u0645\u0629\",\"publisher\":{\"@id\":\"https:\\\/\\\/lequotidien.mr\\\/#organization\"},\"potentialAction\":[{\"@type\":\"SearchAction\",\"target\":{\"@type\":\"EntryPoint\",\"urlTemplate\":\"https:\\\/\\\/lequotidien.mr\\\/?s={search_term_string}\"},\"query-input\":{\"@type\":\"PropertyValueSpecification\",\"valueRequired\":true,\"valueName\":\"search_term_string\"}}],\"inLanguage\":\"ar\"},{\"@type\":\"Organization\",\"@id\":\"https:\\\/\\\/lequotidien.mr\\\/#organization\",\"name\":\"Le Quotidien de Nouakchott\",\"url\":\"https:\\\/\\\/lequotidien.mr\\\/\",\"logo\":{\"@type\":\"ImageObject\",\"inLanguage\":\"ar\",\"@id\":\"https:\\\/\\\/lequotidien.mr\\\/#\\\/schema\\\/logo\\\/image\\\/\",\"url\":\"https:\\\/\\\/lequotidien.mr\\\/wp-content\\\/uploads\\\/2022\\\/11\\\/logolequotidien.jpg\",\"contentUrl\":\"https:\\\/\\\/lequotidien.mr\\\/wp-content\\\/uploads\\\/2022\\\/11\\\/logolequotidien.jpg\",\"width\":290,\"height\":65,\"caption\":\"Le Quotidien de Nouakchott\"},\"image\":{\"@id\":\"https:\\\/\\\/lequotidien.mr\\\/#\\\/schema\\\/logo\\\/image\\\/\"},\"sameAs\":[\"https:\\\/\\\/web.facebook.com\\\/lequotidienmr\",\"https:\\\/\\\/x.com\\\/lequotidienmr\"]},{\"@type\":\"Person\",\"@id\":\"https:\\\/\\\/lequotidien.mr\\\/#\\\/schema\\\/person\\\/d2d350202a4d599685ed8abc25f97596\",\"name\":\"Med Ahmed\",\"image\":{\"@type\":\"ImageObject\",\"inLanguage\":\"ar\",\"@id\":\"https:\\\/\\\/secure.gravatar.com\\\/avatar\\\/fd2acc62ed50732923d1d39c17172c9b04149f142be92310ecc69e1358f94b52?s=96&d=mm&r=g\",\"url\":\"https:\\\/\\\/secure.gravatar.com\\\/avatar\\\/fd2acc62ed50732923d1d39c17172c9b04149f142be92310ecc69e1358f94b52?s=96&d=mm&r=g\",\"contentUrl\":\"https:\\\/\\\/secure.gravatar.com\\\/avatar\\\/fd2acc62ed50732923d1d39c17172c9b04149f142be92310ecc69e1358f94b52?s=96&d=mm&r=g\",\"caption\":\"Med Ahmed\"},\"url\":\"https:\\\/\\\/lequotidien.mr\\\/?author=12\"}]}<\/script>\n<!-- \/ Yoast SEO plugin. -->","yoast_head_json":{"title":"Conseil des Ministres : Lutte contre la corruption, r\u00e9formes \u00e9conomiques et bilan positif de la plateforme AIN au c\u0153ur des annonces - Le Quotidien de Nouakchott","robots":{"index":"index","follow":"follow","max-snippet":"max-snippet:-1","max-image-preview":"max-image-preview:large","max-video-preview":"max-video-preview:-1"},"canonical":"https:\/\/lequotidien.mr\/?p=32481&lang=fr","og_locale":"ar_AR","og_type":"article","og_title":"Conseil des Ministres : Lutte contre la corruption, r\u00e9formes \u00e9conomiques et bilan positif de la plateforme AIN au c\u0153ur des annonces - Le Quotidien de Nouakchott","og_description":"Les principales d\u00e9cisions du Conseil des ministres de ce mercredi apr\u00e8s-midi ont \u00e9t\u00e9 pr\u00e9sent\u00e9es en fin de journ\u00e9e par trois membres du gouvernement. Lors d&#8217;une conf\u00e9rence de presse, le Ministre Porte-parole du gouvernement, M. Houssein Meddou, a c\u00e9d\u00e9 la parole \u00e0 ses coll\u00e8gues des Affaires \u00e9conomiques et de la Transformation num\u00e9rique pour d\u00e9tailler les r\u00e9formes.....","og_url":"https:\/\/lequotidien.mr\/?p=32481&lang=fr","og_site_name":"Le Quotidien de Nouakchott","article_publisher":"https:\/\/web.facebook.com\/lequotidienmr","article_published_time":"2025-11-20T20:25:19+00:00","og_image":[{"width":647,"height":416,"url":"https:\/\/lequotidien.mr\/wp-content\/uploads\/2025\/11\/photo-point-presse-1.jpg","type":"image\/jpeg"}],"author":"Med Ahmed","twitter_card":"summary_large_image","twitter_creator":"@lequotidienmr","twitter_site":"@lequotidienmr","twitter_misc":{"\u0643\u064f\u062a\u0628 \u0628\u0648\u0627\u0633\u0637\u0629":"Med Ahmed","\u0648\u0642\u062a \u0627\u0644\u0642\u0631\u0627\u0621\u0629 \u0627\u0644\u0645\u064f\u0642\u062f\u0651\u0631":"6 \u062f\u0642\u0627\u0626\u0642"},"schema":{"@context":"https:\/\/schema.org","@graph":[{"@type":"Article","@id":"https:\/\/lequotidien.mr\/?p=32481&lang=fr#article","isPartOf":{"@id":"https:\/\/lequotidien.mr\/?p=32481&lang=fr"},"author":{"name":"Med Ahmed","@id":"https:\/\/lequotidien.mr\/#\/schema\/person\/d2d350202a4d599685ed8abc25f97596"},"headline":"Conseil des Ministres : Lutte contre la corruption, r\u00e9formes \u00e9conomiques et bilan positif de la plateforme AIN au c\u0153ur des annonces","datePublished":"2025-11-20T20:25:19+00:00","mainEntityOfPage":{"@id":"https:\/\/lequotidien.mr\/?p=32481&lang=fr"},"wordCount":895,"commentCount":0,"publisher":{"@id":"https:\/\/lequotidien.mr\/#organization"},"image":{"@id":"https:\/\/lequotidien.mr\/?p=32481&lang=fr#primaryimage"},"thumbnailUrl":"https:\/\/lequotidien.mr\/wp-content\/uploads\/2025\/11\/photo-point-presse-1.jpg","articleSection":["ACTUALIT\u00c9","Economie"],"inLanguage":"ar","potentialAction":[{"@type":"CommentAction","name":"Comment","target":["https:\/\/lequotidien.mr\/?p=32481&lang=fr#respond"]}]},{"@type":"WebPage","@id":"https:\/\/lequotidien.mr\/?p=32481&lang=fr","url":"https:\/\/lequotidien.mr\/?p=32481&lang=fr","name":"Conseil des Ministres : Lutte contre la corruption, r\u00e9formes \u00e9conomiques et bilan positif de la plateforme AIN au c\u0153ur des annonces - Le Quotidien de Nouakchott","isPartOf":{"@id":"https:\/\/lequotidien.mr\/#website"},"primaryImageOfPage":{"@id":"https:\/\/lequotidien.mr\/?p=32481&lang=fr#primaryimage"},"image":{"@id":"https:\/\/lequotidien.mr\/?p=32481&lang=fr#primaryimage"},"thumbnailUrl":"https:\/\/lequotidien.mr\/wp-content\/uploads\/2025\/11\/photo-point-presse-1.jpg","datePublished":"2025-11-20T20:25:19+00:00","breadcrumb":{"@id":"https:\/\/lequotidien.mr\/?p=32481&lang=fr#breadcrumb"},"inLanguage":"ar","potentialAction":[{"@type":"ReadAction","target":["https:\/\/lequotidien.mr\/?p=32481&lang=fr"]}]},{"@type":"ImageObject","inLanguage":"ar","@id":"https:\/\/lequotidien.mr\/?p=32481&lang=fr#primaryimage","url":"https:\/\/lequotidien.mr\/wp-content\/uploads\/2025\/11\/photo-point-presse-1.jpg","contentUrl":"https:\/\/lequotidien.mr\/wp-content\/uploads\/2025\/11\/photo-point-presse-1.jpg","width":647,"height":416},{"@type":"BreadcrumbList","@id":"https:\/\/lequotidien.mr\/?p=32481&lang=fr#breadcrumb","itemListElement":[{"@type":"ListItem","position":1,"name":"Home","item":"https:\/\/lequotidien.mr\/"},{"@type":"ListItem","position":2,"name":"Conseil des Ministres : Lutte contre la corruption, r\u00e9formes \u00e9conomiques et bilan positif de la plateforme AIN au c\u0153ur des annonces"}]},{"@type":"WebSite","@id":"https:\/\/lequotidien.mr\/#website","url":"https:\/\/lequotidien.mr\/","name":"Le Quotidien de Nouakchott","description":"\u0625\u062e\u0628\u0627\u0631\u064a\u0629 \u0645\u0633\u062a\u0642\u0644\u0629 \u0644\u0644\u0623\u0646\u0628\u0627\u0621 \u0627\u0644\u0639\u0627\u0645\u0629","publisher":{"@id":"https:\/\/lequotidien.mr\/#organization"},"potentialAction":[{"@type":"SearchAction","target":{"@type":"EntryPoint","urlTemplate":"https:\/\/lequotidien.mr\/?s={search_term_string}"},"query-input":{"@type":"PropertyValueSpecification","valueRequired":true,"valueName":"search_term_string"}}],"inLanguage":"ar"},{"@type":"Organization","@id":"https:\/\/lequotidien.mr\/#organization","name":"Le Quotidien de Nouakchott","url":"https:\/\/lequotidien.mr\/","logo":{"@type":"ImageObject","inLanguage":"ar","@id":"https:\/\/lequotidien.mr\/#\/schema\/logo\/image\/","url":"https:\/\/lequotidien.mr\/wp-content\/uploads\/2022\/11\/logolequotidien.jpg","contentUrl":"https:\/\/lequotidien.mr\/wp-content\/uploads\/2022\/11\/logolequotidien.jpg","width":290,"height":65,"caption":"Le Quotidien de Nouakchott"},"image":{"@id":"https:\/\/lequotidien.mr\/#\/schema\/logo\/image\/"},"sameAs":["https:\/\/web.facebook.com\/lequotidienmr","https:\/\/x.com\/lequotidienmr"]},{"@type":"Person","@id":"https:\/\/lequotidien.mr\/#\/schema\/person\/d2d350202a4d599685ed8abc25f97596","name":"Med Ahmed","image":{"@type":"ImageObject","inLanguage":"ar","@id":"https:\/\/secure.gravatar.com\/avatar\/fd2acc62ed50732923d1d39c17172c9b04149f142be92310ecc69e1358f94b52?s=96&d=mm&r=g","url":"https:\/\/secure.gravatar.com\/avatar\/fd2acc62ed50732923d1d39c17172c9b04149f142be92310ecc69e1358f94b52?s=96&d=mm&r=g","contentUrl":"https:\/\/secure.gravatar.com\/avatar\/fd2acc62ed50732923d1d39c17172c9b04149f142be92310ecc69e1358f94b52?s=96&d=mm&r=g","caption":"Med Ahmed"},"url":"https:\/\/lequotidien.mr\/?author=12"}]}},"_links":{"self":[{"href":"https:\/\/lequotidien.mr\/index.php?rest_route=\/wp\/v2\/posts\/32481","targetHints":{"allow":["GET"]}}],"collection":[{"href":"https:\/\/lequotidien.mr\/index.php?rest_route=\/wp\/v2\/posts"}],"about":[{"href":"https:\/\/lequotidien.mr\/index.php?rest_route=\/wp\/v2\/types\/post"}],"author":[{"embeddable":true,"href":"https:\/\/lequotidien.mr\/index.php?rest_route=\/wp\/v2\/users\/12"}],"replies":[{"embeddable":true,"href":"https:\/\/lequotidien.mr\/index.php?rest_route=%2Fwp%2Fv2%2Fcomments&post=32481"}],"version-history":[{"count":1,"href":"https:\/\/lequotidien.mr\/index.php?rest_route=\/wp\/v2\/posts\/32481\/revisions"}],"predecessor-version":[{"id":32483,"href":"https:\/\/lequotidien.mr\/index.php?rest_route=\/wp\/v2\/posts\/32481\/revisions\/32483"}],"wp:featuredmedia":[{"embeddable":true,"href":"https:\/\/lequotidien.mr\/index.php?rest_route=\/wp\/v2\/media\/32482"}],"wp:attachment":[{"href":"https:\/\/lequotidien.mr\/index.php?rest_route=%2Fwp%2Fv2%2Fmedia&parent=32481"}],"wp:term":[{"taxonomy":"category","embeddable":true,"href":"https:\/\/lequotidien.mr\/index.php?rest_route=%2Fwp%2Fv2%2Fcategories&post=32481"},{"taxonomy":"post_tag","embeddable":true,"href":"https:\/\/lequotidien.mr\/index.php?rest_route=%2Fwp%2Fv2%2Ftags&post=32481"}],"curies":[{"name":"wp","href":"https:\/\/api.w.org\/{rel}","templated":true}]}}