{"id":32444,"date":"2025-11-19T18:47:36","date_gmt":"2025-11-19T18:47:36","guid":{"rendered":"https:\/\/lequotidien.mr\/?p=32444"},"modified":"2025-11-19T18:47:36","modified_gmt":"2025-11-19T18:47:36","slug":"cloture-de-la-troisieme-reunion-du-conseil-superieur-de-linvestissement-le-premier-ministre-dresse-un-bilan-positif-des-reformes-economiques","status":"publish","type":"post","link":"https:\/\/lequotidien.mr\/?p=32444&lang=fr","title":{"rendered":"Cl\u00f4ture de la troisi\u00e8me r\u00e9union du Conseil sup\u00e9rieur de l&#8217;investissement : Le Premier ministre dresse un bilan positif des r\u00e9formes \u00e9conomiques"},"content":{"rendered":"<p>Le <strong>Premier ministre, M. El Moctar Djay<\/strong>, a annonc\u00e9, mardi soir \u00e0 Nouakchott, une avanc\u00e9e significative dans la mise en \u0153uvre des r\u00e9formes \u00e9conomiques structurelles engag\u00e9es par le gouvernement. S&#8217;exprimant lors de la cl\u00f4ture de la troisi\u00e8me r\u00e9union du Conseil sup\u00e9rieur de l&#8217;investissement, il a salu\u00e9 la maturation du partenariat public-priv\u00e9, moteur de ce dynamisme.<\/p>\n<p>Pronon\u00e7ant un discours au nom du <strong>Pr\u00e9sident de la R\u00e9publique, M. Mohamed Cheikh El Ghazouani<\/strong>, le Chef du gouvernement a pr\u00e9sent\u00e9 un \u00e9tat des lieux encourageant sur plusieurs fronts. Il a ainsi indiqu\u00e9 que les r\u00e9formes issues du\u00a0<strong>nouveau code des investissements<\/strong>\u00a0<strong><em>\u00ab progressaient dans leur mise en \u0153uvre \u00bb.<\/em><\/strong><\/p>\n<p>Dans le cadre de la\u00a0<strong>nouvelle loi sur le partenariat public-priv\u00e9 (PPP)<\/strong>, M. Djay a affirm\u00e9 que \u00ab les premiers partenariats commen\u00e7aient \u00e0 voir le jour \u00bb. Parall\u00e8lement, les <strong><em>\u00ab instruments financiers innovants destin\u00e9s \u00e0 soutenir les petites et moyennes entreprises (PME) ont commenc\u00e9 \u00e0 \u00eatre mis en \u0153uvre sur le terrain \u00bb.<\/em><\/strong><\/p>\n<p>La convergence de ces r\u00e9formes porte d\u00e9j\u00e0 ses fruits, cr\u00e9ant un environnement propice au d\u00e9veloppement des infrastructures nationales. Le Premier ministre a soulign\u00e9 que cette dynamique favorisait ainsi la <strong><em>\u00ab mise en \u0153uvre des projets d\u2019infrastructure dans les domaines portuaire, \u00e9nerg\u00e9tique, num\u00e9rique et logistique avec un d\u00e9veloppement remarquable \u00bb<\/em><\/strong>. Cette annonce confirme l&#8217;acc\u00e9l\u00e9ration des investissements dans des secteurs consid\u00e9r\u00e9s comme prioritaires pour la transformation \u00e9conomique de la Mauritanie.<\/p>\n<p>Au-del\u00e0 du bilan technique, M. El Moctar Djay a tenu \u00e0 exprimer sa <strong><em>\u00ab sinc\u00e8re gratitude et sa pleine reconnaissance \u00e0 tous les participants \u00bb<\/em><\/strong> \u00e0 cette session du Conseil sup\u00e9rieur de l&#8217;investissement. Il a particuli\u00e8rement salu\u00e9 la qualit\u00e9 de leurs contributions, qui ont \u00ab refl\u00e9t\u00e9 la sinc\u00e9rit\u00e9 de leurs pr\u00e9occupations, la justesse de leurs analyses, [et] la clart\u00e9 des recommandations \u00bb.<\/p>\n<p>Pour le Chef du gouvernement, la qualit\u00e9 des \u00e9changes et l&#8217;esprit de coop\u00e9ration qui ont caract\u00e9ris\u00e9 les travaux d\u00e9montrent \u00ab le niveau de maturit\u00e9 atteint par le partenariat entre les secteurs public et priv\u00e9 dans notre pays \u00bb. Cette d\u00e9claration forte consacre le dialogue entre l&#8217;\u00c9tat et les op\u00e9rateurs \u00e9conomiques comme un pilier essentiel de la strat\u00e9gie de d\u00e9veloppement national.<\/p>\n<p>La tenue de ce Conseil et le bilan positif dress\u00e9 par le Premier ministre envoient un signal fort aux investisseurs nationaux et internationaux, confirmant que la Mauritanie poursuit r\u00e9solument son agenda de r\u00e9formes pour am\u00e9liorer son climat des affaires et stimuler une croissance inclusive.<\/p>\n<p>Voici l\u2019int\u00e9gralit\u00e9 du discours de M. le Premier ministre :<\/p>\n<p><em>\u201cBismillahi Rahmani Rahim<\/em><\/p>\n<p><em>wa salatou wa salamou 3ala rassouli Lah<\/em><\/p>\n<p><em>Mesdames et Messidors les Ministres,<\/em><\/p>\n<p><em>Mesdames et Messieurs les Membres du Conseil Sup\u00e9rieur de l\u2019investissement en Mauritanie,<\/em><\/p>\n<p><em>Mesdames et Messieurs,<\/em><\/p>\n<p><em>Je suis heureux, au moment o\u00f9 s\u2019ach\u00e8vent les travaux de la troisi\u00e8me session du Conseil Sup\u00e9rieur de l\u2019Investissement en Mauritanie, d\u2019exprimer, au nom de Son Excellence le Pr\u00e9sident de la R\u00e9publique, mes sinc\u00e8res remerciements et toute ma reconnaissance \u00e0 chacun d\u2019entre vous pour vos pr\u00e9cieuses contributions, qui ont attest\u00e9 de la sinc\u00e9rit\u00e9 de vos pr\u00e9occupations, de la pr\u00e9cision de vos analyses et de la clart\u00e9 des recommandations ainsi que de l\u2019esprit de coop\u00e9ration qui a caract\u00e9ris\u00e9 nos discussions et d\u00e9montr\u00e9 le haut niveau de maturit\u00e9 atteint par le partenariat entre les secteurs public et priv\u00e9 dans notre pays.<\/em><\/p>\n<p><em>Nos discussions ont mis en lumi\u00e8re les progr\u00e8s significatifs accomplis au cours de la p\u00e9riode \u00e9coul\u00e9e. En effet, la mise en \u0153uvre des r\u00e9formes issues du nouveau code des investissements progresse, les premiers partenariats conclus dans le cadre de la nouvelle loi sur les partenariats public priv\u00e9 commencent \u00e0 se concr\u00e9tiser tandis que les instruments financiers innovants destin\u00e9s \u00e0 soutenir les petites et moyennes entreprises commencent \u00e0 \u00eatre op\u00e9rationnalis\u00e9s. Les projets d\u2019infrastructure dans les secteurs portuaire et logistique, \u00e9nerg\u00e9tique et num\u00e9rique progressent de mani\u00e8re significative.<\/em><\/p>\n<p><em>La r\u00e9cente r\u00e9forme de l\u2019Agence de Promotion des Investissements en Mauritanie (APIM), sur la base de recommandations pass\u00e9es de votre Conseil, et qui consacre son ancrage au sein du Premier ministre, permettra de l\u2019op\u00e9rationnaliser davantage, d\u2019\u00e9largir le champ de ses comp\u00e9tences et d\u2019en faire le bras op\u00e9rationnel de notre Conseil, dont elle assurera d\u00e9sormais le secr\u00e9tariat.<\/em><\/p>\n<p><em>Par ailleurs, la modernisation du syst\u00e8me de formation professionnelle se poursuit en vue de son ad\u00e9quation rapide aux exigences du march\u00e9 du travail, et ce de fa\u00e7on parall\u00e8le \u00e0 l\u2019am\u00e9lioration continue du cadre g\u00e9n\u00e9ral de l\u2019investissement et du climat des affaires, dans le but d\u2019en renforcer l\u2019attractivit\u00e9 et d\u2019en accro\u00eetre la comp\u00e9titivit\u00e9.<\/em><\/p>\n<p><em>Mesdames et Messieurs,<\/em><\/p>\n<p><em>Ces r\u00e9sultats ne sont pas le fruit du hasard, mais d\u00e9coulent plut\u00f4t de la vision strat\u00e9gique et de la ferme volont\u00e9 politique de Son Excellence Monsieur le Pr\u00e9sident de la R\u00e9publique et de son Gouvernement, ainsi que de la mobilisation collective et de la coordination renforc\u00e9e de tous les acteurs pour acc\u00e9l\u00e9rer la transformation \u00e9conomique du pays. Et je tiens ici \u00e0 saluer le r\u00f4le central de l\u2019Agence de promotion des investissements en Mauritanie ainsi que celui de toutes les institutions publiques et priv\u00e9es et de nos partenaires techniques qui soutiennent ce processus.<\/em><\/p>\n<p><em>Nous sommes conscients qu\u2019il nous reste encore beaucoup \u00e0 faire. Les transformations que nous avons initi\u00e9es doivent \u00eatre consolid\u00e9es et p\u00e9rennis\u00e9es pour avoir un impact concret sur la dynamique de nos institutions \u00e9conomiques et sur la vie de nos concitoyens.<\/em><\/p>\n<p><em>C\u2019est pourquoi j\u2019appelle \u00e0 maintenir le m\u00eame rythme et \u00e0 intensifier les efforts autour de trois priorit\u00e9s essentielles :<\/em><\/p>\n<ol>\n<li><em> Acc\u00e9l\u00e9rer la mise en \u0153uvre des r\u00e9formes, notamment celles relatives \u00e0 la num\u00e9risation et \u00e0 la simplification et l\u2019acc\u00e9l\u00e9ration des proc\u00e9dures;<\/em><\/li>\n<li><em> Renforcer la concertation entre les acteurs publics et priv\u00e9s afin d\u2019\u00e9viter les chevauchements, d\u2019acc\u00e9l\u00e9rer les proc\u00e9dures et d\u2019am\u00e9liorer l\u2019efficacit\u00e9 des services,<\/em><\/li>\n<li><em> Assurer un suivi rigoureux, transparent et mesurable des engagements pris dans le cadre du Haut Conseil de l\u2019Investissement en Mauritanie.<\/em><\/li>\n<\/ol>\n<p><em>Mesdames et Messieurs,<\/em><\/p>\n<p><em>Notre vision est claire pour b\u00e2tir une \u00e9conomie mauritanienne plus diversifi\u00e9e, plus inclusive et plus r\u00e9siliente. Nous sommes convaincus que nos secteurs porteurs, tels que les \u00e9nergies renouvelables, les industries extractives, l\u2019agriculture, la p\u00eache, le tourisme et les services num\u00e9riques, doivent se transformer en autant de moteurs de croissance, qui offrent davantage d\u2019opportunit\u00e9s de cr\u00e9ation d\u2019emploi \u00e0 notre jeunesse et de valeur ajout\u00e9e locale \u00e0 nos investisseurs. Cela nous impose de concevoir et de mettre en place des politiques \u00e9conomiques coh\u00e9rentes et int\u00e9gr\u00e9es, de construire des infrastructures modernes et adapt\u00e9es et d\u2019instaurer un environnement d\u2019investissement attractif et stimulant.<\/em><\/p>\n<p><em>Nous croyons fermement que la confiance des investisseurs est un capital rare et pr\u00e9cieux qu\u2019il nous faut continuer \u00e0 d\u00e9velopper, \u00e0 pr\u00e9server et \u00e0 transformer en une ressource durable, responsable et utile \u00e0 la construction de notre \u00e9conomie et au d\u00e9veloppement de notre pays. C\u2019est pourquoi nous sommes d\u00e9termin\u00e9s \u00e0 r\u00e9unir toutes les conditions n\u00e9cessaires \u00e0 cet effet, \u00e0 commencer par la paix, la s\u00e9curit\u00e9 et la stabilit\u00e9 politique, l\u2019instauration de l\u2019\u00c9tat de droit et de la bonne gouvernance ainsi que la mise en place d\u2019orientations claires et de cadres fiscaux stables et pr\u00e9visibles.<\/em><\/p>\n<p><em>Mesdames et Messieurs,<\/em><\/p>\n<p><em>Avant de conclure, je tiens \u00e0 souligner que nous ne consid\u00e9rons pas le Conseil sup\u00e9rieur de l\u2019investissement comme un simple espace de dialogue ; nous le voyons plut\u00f4t comme un outil d\u2019action commune, un m\u00e9canisme pour orienter et acc\u00e9l\u00e9rer le rythme des r\u00e9formes, et l\u2019incarnation de notre volont\u00e9 collective d\u2019int\u00e9grer la Mauritanie sur la voie de la modernit\u00e9 et de la prosp\u00e9rit\u00e9.<\/em><\/p>\n<p><em>Je vous exhorte donc \u00e0 poursuivre ce travail avec le m\u00eame esprit d\u2019unit\u00e9 et de d\u00e9termination : notre pays poss\u00e8de les ressources, les capacit\u00e9s et la stabilit\u00e9 n\u00e9cessaires pour progresser avec fermet\u00e9 et s\u00e9r\u00e9nit\u00e9. Et par nos efforts conjugu\u00e9s, nous pouvons transformer ces atouts en autant d\u2019opportunit\u00e9s, r\u00e9elles et durables.<\/em><\/p>\n<p><em>En conclusion, je d\u00e9clare close la troisi\u00e8me session du Conseil sup\u00e9rieur de l\u2019investissement en Mauritanie. Je vous remercie,<\/em><\/p>\n<p><em>Wa salamou alaikoum wa rahmatoullahi wa barakatouhou\u201d.<\/em><\/p>\n","protected":false},"excerpt":{"rendered":"<p>Le Premier ministre, M. El Moctar Djay, a annonc\u00e9, mardi soir \u00e0 Nouakchott, une avanc\u00e9e significative dans la mise en \u0153uvre des r\u00e9formes \u00e9conomiques structurelles engag\u00e9es par le gouvernement. S&#8217;exprimant lors de la cl\u00f4ture de la troisi\u00e8me r\u00e9union du Conseil sup\u00e9rieur de l&#8217;investissement, il a salu\u00e9 la maturation du partenariat public-priv\u00e9, moteur de ce dynamisme&#8230;&#8230;<\/p>\n","protected":false},"author":12,"featured_media":32445,"comment_status":"open","ping_status":"open","sticky":false,"template":"","format":"standard","meta":{"footnotes":""},"categories":[23,49],"tags":[],"class_list":["post-32444","post","type-post","status-publish","format-standard","has-post-thumbnail","hentry","category-actualite","category-economie"],"yoast_head":"<!-- This site is optimized with the Yoast SEO plugin v27.5 - https:\/\/yoast.com\/product\/yoast-seo-wordpress\/ -->\n<title>Cl\u00f4ture de la troisi\u00e8me r\u00e9union du Conseil sup\u00e9rieur de l&#039;investissement : Le Premier ministre dresse un bilan positif des r\u00e9formes \u00e9conomiques - Le Quotidien de Nouakchott<\/title>\n<meta name=\"robots\" content=\"index, follow, max-snippet:-1, max-image-preview:large, max-video-preview:-1\" \/>\n<link rel=\"canonical\" href=\"https:\/\/lequotidien.mr\/?p=32444&lang=fr\" \/>\n<meta property=\"og:locale\" content=\"ar_AR\" \/>\n<meta property=\"og:type\" content=\"article\" \/>\n<meta property=\"og:title\" content=\"Cl\u00f4ture de la troisi\u00e8me r\u00e9union du Conseil sup\u00e9rieur de l&#039;investissement : Le Premier ministre dresse un bilan positif des r\u00e9formes \u00e9conomiques - Le Quotidien de Nouakchott\" \/>\n<meta property=\"og:description\" content=\"Le Premier ministre, M. El Moctar Djay, a annonc\u00e9, mardi soir \u00e0 Nouakchott, une avanc\u00e9e significative dans la mise en \u0153uvre des r\u00e9formes \u00e9conomiques structurelles engag\u00e9es par le gouvernement. S&#8217;exprimant lors de la cl\u00f4ture de la troisi\u00e8me r\u00e9union du Conseil sup\u00e9rieur de l&#8217;investissement, il a salu\u00e9 la maturation du partenariat public-priv\u00e9, moteur de ce dynamisme......\" \/>\n<meta property=\"og:url\" content=\"https:\/\/lequotidien.mr\/?p=32444&amp;lang=fr\" \/>\n<meta property=\"og:site_name\" content=\"Le Quotidien de Nouakchott\" \/>\n<meta property=\"article:publisher\" content=\"https:\/\/web.facebook.com\/lequotidienmr\" \/>\n<meta property=\"article:published_time\" content=\"2025-11-19T18:47:36+00:00\" \/>\n<meta property=\"og:image\" content=\"https:\/\/lequotidien.mr\/wp-content\/uploads\/2025\/11\/photo-PM.jpg\" \/>\n\t<meta property=\"og:image:width\" content=\"750\" \/>\n\t<meta property=\"og:image:height\" content=\"430\" \/>\n\t<meta property=\"og:image:type\" content=\"image\/jpeg\" \/>\n<meta name=\"author\" content=\"Med Ahmed\" \/>\n<meta name=\"twitter:card\" content=\"summary_large_image\" \/>\n<meta name=\"twitter:creator\" content=\"@lequotidienmr\" \/>\n<meta name=\"twitter:site\" content=\"@lequotidienmr\" \/>\n<meta name=\"twitter:label1\" content=\"\u0643\u064f\u062a\u0628 \u0628\u0648\u0627\u0633\u0637\u0629\" \/>\n\t<meta name=\"twitter:data1\" content=\"Med Ahmed\" \/>\n\t<meta name=\"twitter:label2\" content=\"\u0648\u0642\u062a \u0627\u0644\u0642\u0631\u0627\u0621\u0629 \u0627\u0644\u0645\u064f\u0642\u062f\u0651\u0631\" \/>\n\t<meta name=\"twitter:data2\" content=\"10 \u062f\u0642\u0627\u0626\u0642\" \/>\n<script type=\"application\/ld+json\" class=\"yoast-schema-graph\">{\"@context\":\"https:\\\/\\\/schema.org\",\"@graph\":[{\"@type\":\"Article\",\"@id\":\"https:\\\/\\\/lequotidien.mr\\\/?p=32444&lang=fr#article\",\"isPartOf\":{\"@id\":\"https:\\\/\\\/lequotidien.mr\\\/?p=32444&lang=fr\"},\"author\":{\"name\":\"Med Ahmed\",\"@id\":\"https:\\\/\\\/lequotidien.mr\\\/#\\\/schema\\\/person\\\/d2d350202a4d599685ed8abc25f97596\"},\"headline\":\"Cl\u00f4ture de la troisi\u00e8me r\u00e9union du Conseil sup\u00e9rieur de l&#8217;investissement : Le Premier ministre dresse un bilan positif des r\u00e9formes \u00e9conomiques\",\"datePublished\":\"2025-11-19T18:47:36+00:00\",\"mainEntityOfPage\":{\"@id\":\"https:\\\/\\\/lequotidien.mr\\\/?p=32444&lang=fr\"},\"wordCount\":1464,\"commentCount\":0,\"publisher\":{\"@id\":\"https:\\\/\\\/lequotidien.mr\\\/#organization\"},\"image\":{\"@id\":\"https:\\\/\\\/lequotidien.mr\\\/?p=32444&lang=fr#primaryimage\"},\"thumbnailUrl\":\"https:\\\/\\\/lequotidien.mr\\\/wp-content\\\/uploads\\\/2025\\\/11\\\/photo-PM.jpg\",\"articleSection\":[\"ACTUALIT\u00c9\",\"Economie\"],\"inLanguage\":\"ar\",\"potentialAction\":[{\"@type\":\"CommentAction\",\"name\":\"Comment\",\"target\":[\"https:\\\/\\\/lequotidien.mr\\\/?p=32444&lang=fr#respond\"]}]},{\"@type\":\"WebPage\",\"@id\":\"https:\\\/\\\/lequotidien.mr\\\/?p=32444&lang=fr\",\"url\":\"https:\\\/\\\/lequotidien.mr\\\/?p=32444&lang=fr\",\"name\":\"Cl\u00f4ture de la troisi\u00e8me r\u00e9union du Conseil sup\u00e9rieur de l'investissement : Le Premier ministre dresse un bilan positif des r\u00e9formes \u00e9conomiques - Le Quotidien de Nouakchott\",\"isPartOf\":{\"@id\":\"https:\\\/\\\/lequotidien.mr\\\/#website\"},\"primaryImageOfPage\":{\"@id\":\"https:\\\/\\\/lequotidien.mr\\\/?p=32444&lang=fr#primaryimage\"},\"image\":{\"@id\":\"https:\\\/\\\/lequotidien.mr\\\/?p=32444&lang=fr#primaryimage\"},\"thumbnailUrl\":\"https:\\\/\\\/lequotidien.mr\\\/wp-content\\\/uploads\\\/2025\\\/11\\\/photo-PM.jpg\",\"datePublished\":\"2025-11-19T18:47:36+00:00\",\"breadcrumb\":{\"@id\":\"https:\\\/\\\/lequotidien.mr\\\/?p=32444&lang=fr#breadcrumb\"},\"inLanguage\":\"ar\",\"potentialAction\":[{\"@type\":\"ReadAction\",\"target\":[\"https:\\\/\\\/lequotidien.mr\\\/?p=32444&lang=fr\"]}]},{\"@type\":\"ImageObject\",\"inLanguage\":\"ar\",\"@id\":\"https:\\\/\\\/lequotidien.mr\\\/?p=32444&lang=fr#primaryimage\",\"url\":\"https:\\\/\\\/lequotidien.mr\\\/wp-content\\\/uploads\\\/2025\\\/11\\\/photo-PM.jpg\",\"contentUrl\":\"https:\\\/\\\/lequotidien.mr\\\/wp-content\\\/uploads\\\/2025\\\/11\\\/photo-PM.jpg\",\"width\":750,\"height\":430},{\"@type\":\"BreadcrumbList\",\"@id\":\"https:\\\/\\\/lequotidien.mr\\\/?p=32444&lang=fr#breadcrumb\",\"itemListElement\":[{\"@type\":\"ListItem\",\"position\":1,\"name\":\"Home\",\"item\":\"https:\\\/\\\/lequotidien.mr\\\/\"},{\"@type\":\"ListItem\",\"position\":2,\"name\":\"Cl\u00f4ture de la troisi\u00e8me r\u00e9union du Conseil sup\u00e9rieur de l&rsquo;investissement : Le Premier ministre dresse un bilan positif des r\u00e9formes \u00e9conomiques\"}]},{\"@type\":\"WebSite\",\"@id\":\"https:\\\/\\\/lequotidien.mr\\\/#website\",\"url\":\"https:\\\/\\\/lequotidien.mr\\\/\",\"name\":\"Le Quotidien de Nouakchott\",\"description\":\"\u0625\u062e\u0628\u0627\u0631\u064a\u0629 \u0645\u0633\u062a\u0642\u0644\u0629 \u0644\u0644\u0623\u0646\u0628\u0627\u0621 \u0627\u0644\u0639\u0627\u0645\u0629\",\"publisher\":{\"@id\":\"https:\\\/\\\/lequotidien.mr\\\/#organization\"},\"potentialAction\":[{\"@type\":\"SearchAction\",\"target\":{\"@type\":\"EntryPoint\",\"urlTemplate\":\"https:\\\/\\\/lequotidien.mr\\\/?s={search_term_string}\"},\"query-input\":{\"@type\":\"PropertyValueSpecification\",\"valueRequired\":true,\"valueName\":\"search_term_string\"}}],\"inLanguage\":\"ar\"},{\"@type\":\"Organization\",\"@id\":\"https:\\\/\\\/lequotidien.mr\\\/#organization\",\"name\":\"Le Quotidien de Nouakchott\",\"url\":\"https:\\\/\\\/lequotidien.mr\\\/\",\"logo\":{\"@type\":\"ImageObject\",\"inLanguage\":\"ar\",\"@id\":\"https:\\\/\\\/lequotidien.mr\\\/#\\\/schema\\\/logo\\\/image\\\/\",\"url\":\"https:\\\/\\\/lequotidien.mr\\\/wp-content\\\/uploads\\\/2022\\\/11\\\/logolequotidien.jpg\",\"contentUrl\":\"https:\\\/\\\/lequotidien.mr\\\/wp-content\\\/uploads\\\/2022\\\/11\\\/logolequotidien.jpg\",\"width\":290,\"height\":65,\"caption\":\"Le Quotidien de Nouakchott\"},\"image\":{\"@id\":\"https:\\\/\\\/lequotidien.mr\\\/#\\\/schema\\\/logo\\\/image\\\/\"},\"sameAs\":[\"https:\\\/\\\/web.facebook.com\\\/lequotidienmr\",\"https:\\\/\\\/x.com\\\/lequotidienmr\"]},{\"@type\":\"Person\",\"@id\":\"https:\\\/\\\/lequotidien.mr\\\/#\\\/schema\\\/person\\\/d2d350202a4d599685ed8abc25f97596\",\"name\":\"Med Ahmed\",\"image\":{\"@type\":\"ImageObject\",\"inLanguage\":\"ar\",\"@id\":\"https:\\\/\\\/secure.gravatar.com\\\/avatar\\\/fd2acc62ed50732923d1d39c17172c9b04149f142be92310ecc69e1358f94b52?s=96&d=mm&r=g\",\"url\":\"https:\\\/\\\/secure.gravatar.com\\\/avatar\\\/fd2acc62ed50732923d1d39c17172c9b04149f142be92310ecc69e1358f94b52?s=96&d=mm&r=g\",\"contentUrl\":\"https:\\\/\\\/secure.gravatar.com\\\/avatar\\\/fd2acc62ed50732923d1d39c17172c9b04149f142be92310ecc69e1358f94b52?s=96&d=mm&r=g\",\"caption\":\"Med Ahmed\"},\"url\":\"https:\\\/\\\/lequotidien.mr\\\/?author=12\"}]}<\/script>\n<!-- \/ Yoast SEO plugin. -->","yoast_head_json":{"title":"Cl\u00f4ture de la troisi\u00e8me r\u00e9union du Conseil sup\u00e9rieur de l'investissement : Le Premier ministre dresse un bilan positif des r\u00e9formes \u00e9conomiques - Le Quotidien de Nouakchott","robots":{"index":"index","follow":"follow","max-snippet":"max-snippet:-1","max-image-preview":"max-image-preview:large","max-video-preview":"max-video-preview:-1"},"canonical":"https:\/\/lequotidien.mr\/?p=32444&lang=fr","og_locale":"ar_AR","og_type":"article","og_title":"Cl\u00f4ture de la troisi\u00e8me r\u00e9union du Conseil sup\u00e9rieur de l'investissement : Le Premier ministre dresse un bilan positif des r\u00e9formes \u00e9conomiques - Le Quotidien de Nouakchott","og_description":"Le Premier ministre, M. El Moctar Djay, a annonc\u00e9, mardi soir \u00e0 Nouakchott, une avanc\u00e9e significative dans la mise en \u0153uvre des r\u00e9formes \u00e9conomiques structurelles engag\u00e9es par le gouvernement. S&#8217;exprimant lors de la cl\u00f4ture de la troisi\u00e8me r\u00e9union du Conseil sup\u00e9rieur de l&#8217;investissement, il a salu\u00e9 la maturation du partenariat public-priv\u00e9, moteur de ce dynamisme......","og_url":"https:\/\/lequotidien.mr\/?p=32444&lang=fr","og_site_name":"Le Quotidien de Nouakchott","article_publisher":"https:\/\/web.facebook.com\/lequotidienmr","article_published_time":"2025-11-19T18:47:36+00:00","og_image":[{"width":750,"height":430,"url":"https:\/\/lequotidien.mr\/wp-content\/uploads\/2025\/11\/photo-PM.jpg","type":"image\/jpeg"}],"author":"Med Ahmed","twitter_card":"summary_large_image","twitter_creator":"@lequotidienmr","twitter_site":"@lequotidienmr","twitter_misc":{"\u0643\u064f\u062a\u0628 \u0628\u0648\u0627\u0633\u0637\u0629":"Med Ahmed","\u0648\u0642\u062a \u0627\u0644\u0642\u0631\u0627\u0621\u0629 \u0627\u0644\u0645\u064f\u0642\u062f\u0651\u0631":"10 \u062f\u0642\u0627\u0626\u0642"},"schema":{"@context":"https:\/\/schema.org","@graph":[{"@type":"Article","@id":"https:\/\/lequotidien.mr\/?p=32444&lang=fr#article","isPartOf":{"@id":"https:\/\/lequotidien.mr\/?p=32444&lang=fr"},"author":{"name":"Med Ahmed","@id":"https:\/\/lequotidien.mr\/#\/schema\/person\/d2d350202a4d599685ed8abc25f97596"},"headline":"Cl\u00f4ture de la troisi\u00e8me r\u00e9union du Conseil sup\u00e9rieur de l&#8217;investissement : Le Premier ministre dresse un bilan positif des r\u00e9formes \u00e9conomiques","datePublished":"2025-11-19T18:47:36+00:00","mainEntityOfPage":{"@id":"https:\/\/lequotidien.mr\/?p=32444&lang=fr"},"wordCount":1464,"commentCount":0,"publisher":{"@id":"https:\/\/lequotidien.mr\/#organization"},"image":{"@id":"https:\/\/lequotidien.mr\/?p=32444&lang=fr#primaryimage"},"thumbnailUrl":"https:\/\/lequotidien.mr\/wp-content\/uploads\/2025\/11\/photo-PM.jpg","articleSection":["ACTUALIT\u00c9","Economie"],"inLanguage":"ar","potentialAction":[{"@type":"CommentAction","name":"Comment","target":["https:\/\/lequotidien.mr\/?p=32444&lang=fr#respond"]}]},{"@type":"WebPage","@id":"https:\/\/lequotidien.mr\/?p=32444&lang=fr","url":"https:\/\/lequotidien.mr\/?p=32444&lang=fr","name":"Cl\u00f4ture de la troisi\u00e8me r\u00e9union du Conseil sup\u00e9rieur de l'investissement : Le Premier ministre dresse un bilan positif des r\u00e9formes \u00e9conomiques - Le Quotidien de Nouakchott","isPartOf":{"@id":"https:\/\/lequotidien.mr\/#website"},"primaryImageOfPage":{"@id":"https:\/\/lequotidien.mr\/?p=32444&lang=fr#primaryimage"},"image":{"@id":"https:\/\/lequotidien.mr\/?p=32444&lang=fr#primaryimage"},"thumbnailUrl":"https:\/\/lequotidien.mr\/wp-content\/uploads\/2025\/11\/photo-PM.jpg","datePublished":"2025-11-19T18:47:36+00:00","breadcrumb":{"@id":"https:\/\/lequotidien.mr\/?p=32444&lang=fr#breadcrumb"},"inLanguage":"ar","potentialAction":[{"@type":"ReadAction","target":["https:\/\/lequotidien.mr\/?p=32444&lang=fr"]}]},{"@type":"ImageObject","inLanguage":"ar","@id":"https:\/\/lequotidien.mr\/?p=32444&lang=fr#primaryimage","url":"https:\/\/lequotidien.mr\/wp-content\/uploads\/2025\/11\/photo-PM.jpg","contentUrl":"https:\/\/lequotidien.mr\/wp-content\/uploads\/2025\/11\/photo-PM.jpg","width":750,"height":430},{"@type":"BreadcrumbList","@id":"https:\/\/lequotidien.mr\/?p=32444&lang=fr#breadcrumb","itemListElement":[{"@type":"ListItem","position":1,"name":"Home","item":"https:\/\/lequotidien.mr\/"},{"@type":"ListItem","position":2,"name":"Cl\u00f4ture de la troisi\u00e8me r\u00e9union du Conseil sup\u00e9rieur de l&rsquo;investissement : Le Premier ministre dresse un bilan positif des r\u00e9formes \u00e9conomiques"}]},{"@type":"WebSite","@id":"https:\/\/lequotidien.mr\/#website","url":"https:\/\/lequotidien.mr\/","name":"Le Quotidien de Nouakchott","description":"\u0625\u062e\u0628\u0627\u0631\u064a\u0629 \u0645\u0633\u062a\u0642\u0644\u0629 \u0644\u0644\u0623\u0646\u0628\u0627\u0621 \u0627\u0644\u0639\u0627\u0645\u0629","publisher":{"@id":"https:\/\/lequotidien.mr\/#organization"},"potentialAction":[{"@type":"SearchAction","target":{"@type":"EntryPoint","urlTemplate":"https:\/\/lequotidien.mr\/?s={search_term_string}"},"query-input":{"@type":"PropertyValueSpecification","valueRequired":true,"valueName":"search_term_string"}}],"inLanguage":"ar"},{"@type":"Organization","@id":"https:\/\/lequotidien.mr\/#organization","name":"Le Quotidien de Nouakchott","url":"https:\/\/lequotidien.mr\/","logo":{"@type":"ImageObject","inLanguage":"ar","@id":"https:\/\/lequotidien.mr\/#\/schema\/logo\/image\/","url":"https:\/\/lequotidien.mr\/wp-content\/uploads\/2022\/11\/logolequotidien.jpg","contentUrl":"https:\/\/lequotidien.mr\/wp-content\/uploads\/2022\/11\/logolequotidien.jpg","width":290,"height":65,"caption":"Le Quotidien de Nouakchott"},"image":{"@id":"https:\/\/lequotidien.mr\/#\/schema\/logo\/image\/"},"sameAs":["https:\/\/web.facebook.com\/lequotidienmr","https:\/\/x.com\/lequotidienmr"]},{"@type":"Person","@id":"https:\/\/lequotidien.mr\/#\/schema\/person\/d2d350202a4d599685ed8abc25f97596","name":"Med Ahmed","image":{"@type":"ImageObject","inLanguage":"ar","@id":"https:\/\/secure.gravatar.com\/avatar\/fd2acc62ed50732923d1d39c17172c9b04149f142be92310ecc69e1358f94b52?s=96&d=mm&r=g","url":"https:\/\/secure.gravatar.com\/avatar\/fd2acc62ed50732923d1d39c17172c9b04149f142be92310ecc69e1358f94b52?s=96&d=mm&r=g","contentUrl":"https:\/\/secure.gravatar.com\/avatar\/fd2acc62ed50732923d1d39c17172c9b04149f142be92310ecc69e1358f94b52?s=96&d=mm&r=g","caption":"Med Ahmed"},"url":"https:\/\/lequotidien.mr\/?author=12"}]}},"_links":{"self":[{"href":"https:\/\/lequotidien.mr\/index.php?rest_route=\/wp\/v2\/posts\/32444","targetHints":{"allow":["GET"]}}],"collection":[{"href":"https:\/\/lequotidien.mr\/index.php?rest_route=\/wp\/v2\/posts"}],"about":[{"href":"https:\/\/lequotidien.mr\/index.php?rest_route=\/wp\/v2\/types\/post"}],"author":[{"embeddable":true,"href":"https:\/\/lequotidien.mr\/index.php?rest_route=\/wp\/v2\/users\/12"}],"replies":[{"embeddable":true,"href":"https:\/\/lequotidien.mr\/index.php?rest_route=%2Fwp%2Fv2%2Fcomments&post=32444"}],"version-history":[{"count":1,"href":"https:\/\/lequotidien.mr\/index.php?rest_route=\/wp\/v2\/posts\/32444\/revisions"}],"predecessor-version":[{"id":32446,"href":"https:\/\/lequotidien.mr\/index.php?rest_route=\/wp\/v2\/posts\/32444\/revisions\/32446"}],"wp:featuredmedia":[{"embeddable":true,"href":"https:\/\/lequotidien.mr\/index.php?rest_route=\/wp\/v2\/media\/32445"}],"wp:attachment":[{"href":"https:\/\/lequotidien.mr\/index.php?rest_route=%2Fwp%2Fv2%2Fmedia&parent=32444"}],"wp:term":[{"taxonomy":"category","embeddable":true,"href":"https:\/\/lequotidien.mr\/index.php?rest_route=%2Fwp%2Fv2%2Fcategories&post=32444"},{"taxonomy":"post_tag","embeddable":true,"href":"https:\/\/lequotidien.mr\/index.php?rest_route=%2Fwp%2Fv2%2Ftags&post=32444"}],"curies":[{"name":"wp","href":"https:\/\/api.w.org\/{rel}","templated":true}]}}