{"id":32441,"date":"2025-11-19T18:34:44","date_gmt":"2025-11-19T18:34:44","guid":{"rendered":"https:\/\/lequotidien.mr\/?p=32441"},"modified":"2025-11-19T18:34:44","modified_gmt":"2025-11-19T18:34:44","slug":"economie-renforcement-des-liens-economiques-avec-le-secteur-prive-saoudien","status":"publish","type":"post","link":"https:\/\/lequotidien.mr\/?p=32441&lang=fr","title":{"rendered":"\u00c9conomie : Renforcement des liens \u00e9conomiques avec le secteur priv\u00e9 saoudien"},"content":{"rendered":"<p>Dans une d\u00e9marche significative pour dynamiser les investissements \u00e9trangers, le <strong>Pr\u00e9sident de la R\u00e9publique, M. Mohamed Cheikh El Ghazouani<\/strong>, a re\u00e7u, mardi apr\u00e8s-midi, une d\u00e9l\u00e9gation \u00e9conomique de haut rang men\u00e9e par <strong>M. Hassan Ben Majib Al-Huweizi, pr\u00e9sident du Conseil des chambres de commerce saoudiennes<\/strong>. Cette rencontre de travail, qui s&#8217;est tenue au <strong>Centre international des conf\u00e9rences \u00ab Mokhtar Ould Daddah \u00bb<\/strong> \u00e0 Nouakchott, marque une \u00e9tape importante dans le renforcement des relations \u00e9conomiques entre la Mauritanie et le Royaume d&#8217;Arabie saoudite.<\/p>\n<p><strong>Une ambition partag\u00e9e pour un partenariat renforc\u00e9<\/strong><\/p>\n<p>Au c\u0153ur des discussions figurait la volont\u00e9 commune de consolider et d&#8217;approfondir le partenariat d&#8217;investissement entre les deux pays fr\u00e8res. L&#8217;entretien a permis d&#8217;identifier des leviers concrets pour stimuler les flux d&#8217;investissements saoudiens vers la Mauritanie, per\u00e7ue comme une terre d&#8217;opportunit\u00e9s prometteuses.<\/p>\n<p>Un engagement fort a \u00e9merg\u00e9 de cette rencontre. M. Hassan Ben Majib Al-Huweizi a confirm\u00e9 sa volont\u00e9 personnelle d&#8217;endosser le r\u00f4le d&#8217;\u00ab ambassadeur d&#8217;investissement \u00bb pour la Mauritanie au sein des milieux d&#8217;affaires saoudiens. Cette mission consistera \u00e0 promouvoir activement les opportunit\u00e9s d&#8217;investissement mauritaniennes aupr\u00e8s des grandes institutions et investisseurs priv\u00e9s du Royaume, jouant ainsi un r\u00f4le de pont essentiel pour attirer les capitaux.<\/p>\n<p><strong>Des secteurs strat\u00e9giques en ligne de mire<\/strong><\/p>\n<p>Les \u00e9changes ont \u00e9t\u00e9 fructueux et ont permis d&#8217;explorer des perspectives concr\u00e8tes pour le lancement de projets strat\u00e9giques communs dans plusieurs secteurs cl\u00e9s, align\u00e9s sur la vision de d\u00e9veloppement des deux pays. Parmi les domaines identifi\u00e9s comme prioritaires figurent :<\/p>\n<p><strong>-Les \u00c9nergies Nouvelles<\/strong><strong> :<\/strong>\u00a0Les \u00e9nergies renouvelables et l&#8217;hydrog\u00e8ne vert, au c\u0153ur de la transition \u00e9nerg\u00e9tique\u00a0;<\/p>\n<p><strong>-Les Ressources Naturelles<\/strong><strong> :<\/strong>\u00a0Le secteur minier, pilier historique de l&#8217;\u00e9conomie mauritanienne\u00a0;<\/p>\n<p><strong>-L&#8217;\u00c9conomie Bleue et Verte<\/strong><strong> :<\/strong>\u00a0L&#8217;agriculture, l&#8217;\u00e9levage et la p\u00eache maritime, pour une exploitation durable des ressources\u00a0;<\/p>\n<p><strong>-Les Infrastructures<\/strong><strong> :<\/strong>\u00a0La logistique, un secteur vital pour le d\u00e9senclavement et le commerce.<\/p>\n<p><strong>Des m\u00e9canismes concrets pour un suivi efficace<\/strong><\/p>\n<p>Au-del\u00e0 de l&#8217;identification des secteurs, l&#8217;importance de mettre en place des m\u00e9canismes pratiques a \u00e9t\u00e9 soulign\u00e9e. Les discussions ont port\u00e9 sur :<\/p>\n<p>-La pr\u00e9paration d&#8217;un portefeuille de projets \u00ab pr\u00eats \u00e0 \u00eatre financ\u00e9s \u00bb, offrant une visibilit\u00e9 et une s\u00e9curit\u00e9 aux investisseurs\u00a0;<\/p>\n<p>-La facilitation de la mobilisation des financements saoudiens, qu&#8217;ils soient publics ou priv\u00e9s\u00a0;<\/p>\n<p>-Le renforcement du transfert d&#8217;expertise et des capacit\u00e9s locales gr\u00e2ce \u00e0 la formation et au jumelage technique dans les secteurs vitaux.<\/p>\n<p><strong>Une dynamique nouvelle pour la coop\u00e9ration bilat\u00e9rale<\/strong><\/p>\n<p>Cette rencontre de haut niveau refl\u00e8te la nouvelle dynamique impuls\u00e9e au partenariat entre la Mauritanie et l&#8217;Arabie saoudite. Elle souligne le r\u00f4le central que joue le Chef de l&#8217;\u00c9tat mauritanien dans la promotion de l&#8217;investissement et du d\u00e9veloppement \u00e9conomique du pays. En s&#8217;engageant directement avec le repr\u00e9sentant du secteur priv\u00e9 saoudien, le Pr\u00e9sident El Ghazouani envoie un signal fort sur l&#8217;ouverture de son pays aux affaires et sur la priorit\u00e9 accord\u00e9e \u00e0 ce partenariat strat\u00e9gique.<\/p>\n<p>La r\u00e9union s&#8217;est d\u00e9roul\u00e9e en pr\u00e9sence du <strong>ministre charg\u00e9 du Cabinet du Pr\u00e9sident de la R\u00e9publique, M. El Nani Ould Chrougha<\/strong>, t\u00e9moignant de l&#8217;importance institutionnelle accord\u00e9e \u00e0 cette coop\u00e9ration \u00e9conomique renouvel\u00e9e.<\/p>\n","protected":false},"excerpt":{"rendered":"<p>Dans une d\u00e9marche significative pour dynamiser les investissements \u00e9trangers, le Pr\u00e9sident de la R\u00e9publique, M. Mohamed Cheikh El Ghazouani, a re\u00e7u, mardi apr\u00e8s-midi, une d\u00e9l\u00e9gation \u00e9conomique de haut rang men\u00e9e par M. Hassan Ben Majib Al-Huweizi, pr\u00e9sident du Conseil des chambres de commerce saoudiennes. Cette rencontre de travail, qui s&#8217;est tenue au Centre international des&#8230;..<\/p>\n","protected":false},"author":12,"featured_media":32442,"comment_status":"open","ping_status":"open","sticky":false,"template":"","format":"standard","meta":{"footnotes":""},"categories":[23,49],"tags":[],"class_list":["post-32441","post","type-post","status-publish","format-standard","has-post-thumbnail","hentry","category-actualite","category-economie"],"yoast_head":"<!-- This site is optimized with the Yoast SEO plugin v27.5 - https:\/\/yoast.com\/product\/yoast-seo-wordpress\/ -->\n<title>\u00c9conomie : Renforcement des liens \u00e9conomiques avec le secteur priv\u00e9 saoudien - Le Quotidien de Nouakchott<\/title>\n<meta name=\"robots\" content=\"index, follow, max-snippet:-1, max-image-preview:large, max-video-preview:-1\" \/>\n<link rel=\"canonical\" href=\"https:\/\/lequotidien.mr\/?p=32441&lang=fr\" \/>\n<meta property=\"og:locale\" content=\"ar_AR\" \/>\n<meta property=\"og:type\" content=\"article\" \/>\n<meta property=\"og:title\" content=\"\u00c9conomie : Renforcement des liens \u00e9conomiques avec le secteur priv\u00e9 saoudien - Le Quotidien de Nouakchott\" \/>\n<meta property=\"og:description\" content=\"Dans une d\u00e9marche significative pour dynamiser les investissements \u00e9trangers, le Pr\u00e9sident de la R\u00e9publique, M. Mohamed Cheikh El Ghazouani, a re\u00e7u, mardi apr\u00e8s-midi, une d\u00e9l\u00e9gation \u00e9conomique de haut rang men\u00e9e par M. Hassan Ben Majib Al-Huweizi, pr\u00e9sident du Conseil des chambres de commerce saoudiennes. Cette rencontre de travail, qui s&#8217;est tenue au Centre international des.....\" \/>\n<meta property=\"og:url\" content=\"https:\/\/lequotidien.mr\/?p=32441&amp;lang=fr\" \/>\n<meta property=\"og:site_name\" content=\"Le Quotidien de Nouakchott\" \/>\n<meta property=\"article:publisher\" content=\"https:\/\/web.facebook.com\/lequotidienmr\" \/>\n<meta property=\"article:published_time\" content=\"2025-11-19T18:34:44+00:00\" \/>\n<meta property=\"og:image\" content=\"https:\/\/lequotidien.mr\/wp-content\/uploads\/2025\/11\/photo-coseil-chambres-commerces-saoudiennes.jpg\" \/>\n\t<meta property=\"og:image:width\" content=\"750\" \/>\n\t<meta property=\"og:image:height\" content=\"430\" \/>\n\t<meta property=\"og:image:type\" content=\"image\/jpeg\" \/>\n<meta name=\"author\" content=\"Med Ahmed\" \/>\n<meta name=\"twitter:card\" content=\"summary_large_image\" \/>\n<meta name=\"twitter:creator\" content=\"@lequotidienmr\" \/>\n<meta name=\"twitter:site\" content=\"@lequotidienmr\" \/>\n<meta name=\"twitter:label1\" content=\"\u0643\u064f\u062a\u0628 \u0628\u0648\u0627\u0633\u0637\u0629\" \/>\n\t<meta name=\"twitter:data1\" content=\"Med Ahmed\" \/>\n\t<meta name=\"twitter:label2\" content=\"\u0648\u0642\u062a \u0627\u0644\u0642\u0631\u0627\u0621\u0629 \u0627\u0644\u0645\u064f\u0642\u062f\u0651\u0631\" \/>\n\t<meta name=\"twitter:data2\" content=\"4 \u062f\u0642\u0627\u0626\u0642\" \/>\n<script type=\"application\/ld+json\" class=\"yoast-schema-graph\">{\"@context\":\"https:\\\/\\\/schema.org\",\"@graph\":[{\"@type\":\"Article\",\"@id\":\"https:\\\/\\\/lequotidien.mr\\\/?p=32441&lang=fr#article\",\"isPartOf\":{\"@id\":\"https:\\\/\\\/lequotidien.mr\\\/?p=32441&lang=fr\"},\"author\":{\"name\":\"Med Ahmed\",\"@id\":\"https:\\\/\\\/lequotidien.mr\\\/#\\\/schema\\\/person\\\/d2d350202a4d599685ed8abc25f97596\"},\"headline\":\"\u00c9conomie : Renforcement des liens \u00e9conomiques avec le secteur priv\u00e9 saoudien\",\"datePublished\":\"2025-11-19T18:34:44+00:00\",\"mainEntityOfPage\":{\"@id\":\"https:\\\/\\\/lequotidien.mr\\\/?p=32441&lang=fr\"},\"wordCount\":581,\"commentCount\":0,\"publisher\":{\"@id\":\"https:\\\/\\\/lequotidien.mr\\\/#organization\"},\"image\":{\"@id\":\"https:\\\/\\\/lequotidien.mr\\\/?p=32441&lang=fr#primaryimage\"},\"thumbnailUrl\":\"https:\\\/\\\/lequotidien.mr\\\/wp-content\\\/uploads\\\/2025\\\/11\\\/photo-coseil-chambres-commerces-saoudiennes.jpg\",\"articleSection\":[\"ACTUALIT\u00c9\",\"Economie\"],\"inLanguage\":\"ar\",\"potentialAction\":[{\"@type\":\"CommentAction\",\"name\":\"Comment\",\"target\":[\"https:\\\/\\\/lequotidien.mr\\\/?p=32441&lang=fr#respond\"]}]},{\"@type\":\"WebPage\",\"@id\":\"https:\\\/\\\/lequotidien.mr\\\/?p=32441&lang=fr\",\"url\":\"https:\\\/\\\/lequotidien.mr\\\/?p=32441&lang=fr\",\"name\":\"\u00c9conomie : Renforcement des liens \u00e9conomiques avec le secteur priv\u00e9 saoudien - Le Quotidien de Nouakchott\",\"isPartOf\":{\"@id\":\"https:\\\/\\\/lequotidien.mr\\\/#website\"},\"primaryImageOfPage\":{\"@id\":\"https:\\\/\\\/lequotidien.mr\\\/?p=32441&lang=fr#primaryimage\"},\"image\":{\"@id\":\"https:\\\/\\\/lequotidien.mr\\\/?p=32441&lang=fr#primaryimage\"},\"thumbnailUrl\":\"https:\\\/\\\/lequotidien.mr\\\/wp-content\\\/uploads\\\/2025\\\/11\\\/photo-coseil-chambres-commerces-saoudiennes.jpg\",\"datePublished\":\"2025-11-19T18:34:44+00:00\",\"breadcrumb\":{\"@id\":\"https:\\\/\\\/lequotidien.mr\\\/?p=32441&lang=fr#breadcrumb\"},\"inLanguage\":\"ar\",\"potentialAction\":[{\"@type\":\"ReadAction\",\"target\":[\"https:\\\/\\\/lequotidien.mr\\\/?p=32441&lang=fr\"]}]},{\"@type\":\"ImageObject\",\"inLanguage\":\"ar\",\"@id\":\"https:\\\/\\\/lequotidien.mr\\\/?p=32441&lang=fr#primaryimage\",\"url\":\"https:\\\/\\\/lequotidien.mr\\\/wp-content\\\/uploads\\\/2025\\\/11\\\/photo-coseil-chambres-commerces-saoudiennes.jpg\",\"contentUrl\":\"https:\\\/\\\/lequotidien.mr\\\/wp-content\\\/uploads\\\/2025\\\/11\\\/photo-coseil-chambres-commerces-saoudiennes.jpg\",\"width\":750,\"height\":430},{\"@type\":\"BreadcrumbList\",\"@id\":\"https:\\\/\\\/lequotidien.mr\\\/?p=32441&lang=fr#breadcrumb\",\"itemListElement\":[{\"@type\":\"ListItem\",\"position\":1,\"name\":\"Home\",\"item\":\"https:\\\/\\\/lequotidien.mr\\\/\"},{\"@type\":\"ListItem\",\"position\":2,\"name\":\"\u00c9conomie : Renforcement des liens \u00e9conomiques avec le secteur priv\u00e9 saoudien\"}]},{\"@type\":\"WebSite\",\"@id\":\"https:\\\/\\\/lequotidien.mr\\\/#website\",\"url\":\"https:\\\/\\\/lequotidien.mr\\\/\",\"name\":\"Le Quotidien de Nouakchott\",\"description\":\"\u0625\u062e\u0628\u0627\u0631\u064a\u0629 \u0645\u0633\u062a\u0642\u0644\u0629 \u0644\u0644\u0623\u0646\u0628\u0627\u0621 \u0627\u0644\u0639\u0627\u0645\u0629\",\"publisher\":{\"@id\":\"https:\\\/\\\/lequotidien.mr\\\/#organization\"},\"potentialAction\":[{\"@type\":\"SearchAction\",\"target\":{\"@type\":\"EntryPoint\",\"urlTemplate\":\"https:\\\/\\\/lequotidien.mr\\\/?s={search_term_string}\"},\"query-input\":{\"@type\":\"PropertyValueSpecification\",\"valueRequired\":true,\"valueName\":\"search_term_string\"}}],\"inLanguage\":\"ar\"},{\"@type\":\"Organization\",\"@id\":\"https:\\\/\\\/lequotidien.mr\\\/#organization\",\"name\":\"Le Quotidien de Nouakchott\",\"url\":\"https:\\\/\\\/lequotidien.mr\\\/\",\"logo\":{\"@type\":\"ImageObject\",\"inLanguage\":\"ar\",\"@id\":\"https:\\\/\\\/lequotidien.mr\\\/#\\\/schema\\\/logo\\\/image\\\/\",\"url\":\"https:\\\/\\\/lequotidien.mr\\\/wp-content\\\/uploads\\\/2022\\\/11\\\/logolequotidien.jpg\",\"contentUrl\":\"https:\\\/\\\/lequotidien.mr\\\/wp-content\\\/uploads\\\/2022\\\/11\\\/logolequotidien.jpg\",\"width\":290,\"height\":65,\"caption\":\"Le Quotidien de Nouakchott\"},\"image\":{\"@id\":\"https:\\\/\\\/lequotidien.mr\\\/#\\\/schema\\\/logo\\\/image\\\/\"},\"sameAs\":[\"https:\\\/\\\/web.facebook.com\\\/lequotidienmr\",\"https:\\\/\\\/x.com\\\/lequotidienmr\"]},{\"@type\":\"Person\",\"@id\":\"https:\\\/\\\/lequotidien.mr\\\/#\\\/schema\\\/person\\\/d2d350202a4d599685ed8abc25f97596\",\"name\":\"Med Ahmed\",\"image\":{\"@type\":\"ImageObject\",\"inLanguage\":\"ar\",\"@id\":\"https:\\\/\\\/secure.gravatar.com\\\/avatar\\\/fd2acc62ed50732923d1d39c17172c9b04149f142be92310ecc69e1358f94b52?s=96&d=mm&r=g\",\"url\":\"https:\\\/\\\/secure.gravatar.com\\\/avatar\\\/fd2acc62ed50732923d1d39c17172c9b04149f142be92310ecc69e1358f94b52?s=96&d=mm&r=g\",\"contentUrl\":\"https:\\\/\\\/secure.gravatar.com\\\/avatar\\\/fd2acc62ed50732923d1d39c17172c9b04149f142be92310ecc69e1358f94b52?s=96&d=mm&r=g\",\"caption\":\"Med Ahmed\"},\"url\":\"https:\\\/\\\/lequotidien.mr\\\/?author=12\"}]}<\/script>\n<!-- \/ Yoast SEO plugin. -->","yoast_head_json":{"title":"\u00c9conomie : Renforcement des liens \u00e9conomiques avec le secteur priv\u00e9 saoudien - Le Quotidien de Nouakchott","robots":{"index":"index","follow":"follow","max-snippet":"max-snippet:-1","max-image-preview":"max-image-preview:large","max-video-preview":"max-video-preview:-1"},"canonical":"https:\/\/lequotidien.mr\/?p=32441&lang=fr","og_locale":"ar_AR","og_type":"article","og_title":"\u00c9conomie : Renforcement des liens \u00e9conomiques avec le secteur priv\u00e9 saoudien - Le Quotidien de Nouakchott","og_description":"Dans une d\u00e9marche significative pour dynamiser les investissements \u00e9trangers, le Pr\u00e9sident de la R\u00e9publique, M. Mohamed Cheikh El Ghazouani, a re\u00e7u, mardi apr\u00e8s-midi, une d\u00e9l\u00e9gation \u00e9conomique de haut rang men\u00e9e par M. Hassan Ben Majib Al-Huweizi, pr\u00e9sident du Conseil des chambres de commerce saoudiennes. Cette rencontre de travail, qui s&#8217;est tenue au Centre international des.....","og_url":"https:\/\/lequotidien.mr\/?p=32441&lang=fr","og_site_name":"Le Quotidien de Nouakchott","article_publisher":"https:\/\/web.facebook.com\/lequotidienmr","article_published_time":"2025-11-19T18:34:44+00:00","og_image":[{"width":750,"height":430,"url":"https:\/\/lequotidien.mr\/wp-content\/uploads\/2025\/11\/photo-coseil-chambres-commerces-saoudiennes.jpg","type":"image\/jpeg"}],"author":"Med Ahmed","twitter_card":"summary_large_image","twitter_creator":"@lequotidienmr","twitter_site":"@lequotidienmr","twitter_misc":{"\u0643\u064f\u062a\u0628 \u0628\u0648\u0627\u0633\u0637\u0629":"Med Ahmed","\u0648\u0642\u062a \u0627\u0644\u0642\u0631\u0627\u0621\u0629 \u0627\u0644\u0645\u064f\u0642\u062f\u0651\u0631":"4 \u062f\u0642\u0627\u0626\u0642"},"schema":{"@context":"https:\/\/schema.org","@graph":[{"@type":"Article","@id":"https:\/\/lequotidien.mr\/?p=32441&lang=fr#article","isPartOf":{"@id":"https:\/\/lequotidien.mr\/?p=32441&lang=fr"},"author":{"name":"Med Ahmed","@id":"https:\/\/lequotidien.mr\/#\/schema\/person\/d2d350202a4d599685ed8abc25f97596"},"headline":"\u00c9conomie : Renforcement des liens \u00e9conomiques avec le secteur priv\u00e9 saoudien","datePublished":"2025-11-19T18:34:44+00:00","mainEntityOfPage":{"@id":"https:\/\/lequotidien.mr\/?p=32441&lang=fr"},"wordCount":581,"commentCount":0,"publisher":{"@id":"https:\/\/lequotidien.mr\/#organization"},"image":{"@id":"https:\/\/lequotidien.mr\/?p=32441&lang=fr#primaryimage"},"thumbnailUrl":"https:\/\/lequotidien.mr\/wp-content\/uploads\/2025\/11\/photo-coseil-chambres-commerces-saoudiennes.jpg","articleSection":["ACTUALIT\u00c9","Economie"],"inLanguage":"ar","potentialAction":[{"@type":"CommentAction","name":"Comment","target":["https:\/\/lequotidien.mr\/?p=32441&lang=fr#respond"]}]},{"@type":"WebPage","@id":"https:\/\/lequotidien.mr\/?p=32441&lang=fr","url":"https:\/\/lequotidien.mr\/?p=32441&lang=fr","name":"\u00c9conomie : Renforcement des liens \u00e9conomiques avec le secteur priv\u00e9 saoudien - Le Quotidien de Nouakchott","isPartOf":{"@id":"https:\/\/lequotidien.mr\/#website"},"primaryImageOfPage":{"@id":"https:\/\/lequotidien.mr\/?p=32441&lang=fr#primaryimage"},"image":{"@id":"https:\/\/lequotidien.mr\/?p=32441&lang=fr#primaryimage"},"thumbnailUrl":"https:\/\/lequotidien.mr\/wp-content\/uploads\/2025\/11\/photo-coseil-chambres-commerces-saoudiennes.jpg","datePublished":"2025-11-19T18:34:44+00:00","breadcrumb":{"@id":"https:\/\/lequotidien.mr\/?p=32441&lang=fr#breadcrumb"},"inLanguage":"ar","potentialAction":[{"@type":"ReadAction","target":["https:\/\/lequotidien.mr\/?p=32441&lang=fr"]}]},{"@type":"ImageObject","inLanguage":"ar","@id":"https:\/\/lequotidien.mr\/?p=32441&lang=fr#primaryimage","url":"https:\/\/lequotidien.mr\/wp-content\/uploads\/2025\/11\/photo-coseil-chambres-commerces-saoudiennes.jpg","contentUrl":"https:\/\/lequotidien.mr\/wp-content\/uploads\/2025\/11\/photo-coseil-chambres-commerces-saoudiennes.jpg","width":750,"height":430},{"@type":"BreadcrumbList","@id":"https:\/\/lequotidien.mr\/?p=32441&lang=fr#breadcrumb","itemListElement":[{"@type":"ListItem","position":1,"name":"Home","item":"https:\/\/lequotidien.mr\/"},{"@type":"ListItem","position":2,"name":"\u00c9conomie : Renforcement des liens \u00e9conomiques avec le secteur priv\u00e9 saoudien"}]},{"@type":"WebSite","@id":"https:\/\/lequotidien.mr\/#website","url":"https:\/\/lequotidien.mr\/","name":"Le Quotidien de Nouakchott","description":"\u0625\u062e\u0628\u0627\u0631\u064a\u0629 \u0645\u0633\u062a\u0642\u0644\u0629 \u0644\u0644\u0623\u0646\u0628\u0627\u0621 \u0627\u0644\u0639\u0627\u0645\u0629","publisher":{"@id":"https:\/\/lequotidien.mr\/#organization"},"potentialAction":[{"@type":"SearchAction","target":{"@type":"EntryPoint","urlTemplate":"https:\/\/lequotidien.mr\/?s={search_term_string}"},"query-input":{"@type":"PropertyValueSpecification","valueRequired":true,"valueName":"search_term_string"}}],"inLanguage":"ar"},{"@type":"Organization","@id":"https:\/\/lequotidien.mr\/#organization","name":"Le Quotidien de Nouakchott","url":"https:\/\/lequotidien.mr\/","logo":{"@type":"ImageObject","inLanguage":"ar","@id":"https:\/\/lequotidien.mr\/#\/schema\/logo\/image\/","url":"https:\/\/lequotidien.mr\/wp-content\/uploads\/2022\/11\/logolequotidien.jpg","contentUrl":"https:\/\/lequotidien.mr\/wp-content\/uploads\/2022\/11\/logolequotidien.jpg","width":290,"height":65,"caption":"Le Quotidien de Nouakchott"},"image":{"@id":"https:\/\/lequotidien.mr\/#\/schema\/logo\/image\/"},"sameAs":["https:\/\/web.facebook.com\/lequotidienmr","https:\/\/x.com\/lequotidienmr"]},{"@type":"Person","@id":"https:\/\/lequotidien.mr\/#\/schema\/person\/d2d350202a4d599685ed8abc25f97596","name":"Med Ahmed","image":{"@type":"ImageObject","inLanguage":"ar","@id":"https:\/\/secure.gravatar.com\/avatar\/fd2acc62ed50732923d1d39c17172c9b04149f142be92310ecc69e1358f94b52?s=96&d=mm&r=g","url":"https:\/\/secure.gravatar.com\/avatar\/fd2acc62ed50732923d1d39c17172c9b04149f142be92310ecc69e1358f94b52?s=96&d=mm&r=g","contentUrl":"https:\/\/secure.gravatar.com\/avatar\/fd2acc62ed50732923d1d39c17172c9b04149f142be92310ecc69e1358f94b52?s=96&d=mm&r=g","caption":"Med Ahmed"},"url":"https:\/\/lequotidien.mr\/?author=12"}]}},"_links":{"self":[{"href":"https:\/\/lequotidien.mr\/index.php?rest_route=\/wp\/v2\/posts\/32441","targetHints":{"allow":["GET"]}}],"collection":[{"href":"https:\/\/lequotidien.mr\/index.php?rest_route=\/wp\/v2\/posts"}],"about":[{"href":"https:\/\/lequotidien.mr\/index.php?rest_route=\/wp\/v2\/types\/post"}],"author":[{"embeddable":true,"href":"https:\/\/lequotidien.mr\/index.php?rest_route=\/wp\/v2\/users\/12"}],"replies":[{"embeddable":true,"href":"https:\/\/lequotidien.mr\/index.php?rest_route=%2Fwp%2Fv2%2Fcomments&post=32441"}],"version-history":[{"count":1,"href":"https:\/\/lequotidien.mr\/index.php?rest_route=\/wp\/v2\/posts\/32441\/revisions"}],"predecessor-version":[{"id":32443,"href":"https:\/\/lequotidien.mr\/index.php?rest_route=\/wp\/v2\/posts\/32441\/revisions\/32443"}],"wp:featuredmedia":[{"embeddable":true,"href":"https:\/\/lequotidien.mr\/index.php?rest_route=\/wp\/v2\/media\/32442"}],"wp:attachment":[{"href":"https:\/\/lequotidien.mr\/index.php?rest_route=%2Fwp%2Fv2%2Fmedia&parent=32441"}],"wp:term":[{"taxonomy":"category","embeddable":true,"href":"https:\/\/lequotidien.mr\/index.php?rest_route=%2Fwp%2Fv2%2Fcategories&post=32441"},{"taxonomy":"post_tag","embeddable":true,"href":"https:\/\/lequotidien.mr\/index.php?rest_route=%2Fwp%2Fv2%2Ftags&post=32441"}],"curies":[{"name":"wp","href":"https:\/\/api.w.org\/{rel}","templated":true}]}}