{"id":32426,"date":"2025-11-18T20:22:51","date_gmt":"2025-11-18T20:22:51","guid":{"rendered":"https:\/\/lequotidien.mr\/?p=32426"},"modified":"2025-11-18T20:22:51","modified_gmt":"2025-11-18T20:22:51","slug":"ministere-de-la-transformation-numerique-et-de-la-modernisation-de-ladministration-cooperation-allemande-la-mauritanie-mise-sur-lia-et-les-drones-pour-booster-son-ecosysteme-startup","status":"publish","type":"post","link":"https:\/\/lequotidien.mr\/?p=32426&lang=fr","title":{"rendered":"Minist\u00e8re de la Transformation num\u00e9rique et de la Modernisation de l\u2019Administration\/ coop\u00e9ration allemande : La Mauritanie mise sur l&#8217;IA et les drones pour booster son \u00e9cosyst\u00e8me startup"},"content":{"rendered":"<p>Le minist\u00e8re de la Transformation num\u00e9rique et de la Modernisation de l\u2019Administration a lanc\u00e9, ce lundi \u00e0 Nouakchott, une session de formation de haut vol d\u00e9di\u00e9e \u00e0 l&#8217;intelligence artificielle (IA) et aux technologies des drones. Cet atelier de cinq jours, organis\u00e9 en collaboration avec la coop\u00e9ration allemande, cible sp\u00e9cifiquement les startups mauritaniennes, dans le but d&#8217;en faire les ferments de l&#8217;innovation nationale.<\/p>\n<p><strong style=\"font-weight: inherit;\">Une formation strat\u00e9gique pour l&#8217;\u00e9conomie num\u00e9rique<\/strong><\/p>\n<p>D&#8217;une dur\u00e9e de cinq jours, cette formation intensive a \u00e9t\u00e9 con\u00e7ue avec des objectifs pr\u00e9cis : renforcer les capacit\u00e9s techniques des participants, encourager l&#8217;\u00e9change d&#8217;exp\u00e9riences et stimuler l&#8217;\u00e9mergence de projets innovants au service du d\u00e9veloppement durable.<\/p>\n<p>En ouvrant officiellement les travaux, le <strong>secr\u00e9taire g\u00e9n\u00e9ral du minist\u00e8re, M. Khaled Abidine Sidi<\/strong>, a situ\u00e9 d&#8217;embl\u00e9e l&#8217;ambition de cette initiative. Il a expliqu\u00e9 que ce rendez-vous vise \u00e0 <strong><em>\u00ab soutenir l\u2019innovation et \u00e0 renforcer l\u2019\u00e9cosyst\u00e8me de l\u2019\u00e9conomie num\u00e9rique nationale \u00bb<\/em><\/strong>, en parfaite ad\u00e9quation avec la vision du <strong>Pr\u00e9sident de la R\u00e9publique, M. Mohamed Cheikh El Ghazouani<\/strong>.<\/p>\n<p><strong style=\"font-weight: inherit;\">L&#8217;IA et les drones, des leviers de d\u00e9veloppement incontournables\u00a0\u00a0\u00a0\u00a0\u00a0\u00a0\u00a0\u00a0\u00a0\u00a0\u00a0\u00a0\u00a0\u00a0\u00a0\u00a0\u00a0\u00a0\u00a0\u00a0\u00a0\u00a0\u00a0\u00a0\u00a0\u00a0\u00a0\u00a0\u00a0\u00a0\u00a0\u00a0\u00a0\u00a0\u00a0\u00a0\u00a0\u00a0\u00a0\u00a0\u00a0\u00a0\u00a0\u00a0\u00a0\u00a0\u00a0 <\/strong><\/p>\n<p>Dans un discours percutant, M. Sidi a transcend\u00e9 le cadre technique pour inscrire ces technologies dans une perspective de transformation structurelle. <strong><em>\u00ab L\u2019intelligence artificielle n\u2019est plus un luxe technologique mais est devenue un moteur essentiel du d\u00e9veloppement et de la bonne gouvernance \u00bb<\/em><\/strong>, a-t-il affirm\u00e9.<\/p>\n<p>Concernant les drones, il a soulign\u00e9 qu&#8217;ils ont <strong><em>\u00ab ouvert de vastes horizons dans de nombreux domaines tels que l\u2019agriculture intelligente, la surveillance, la logistique, la cartographie et la protection de l\u2019environnement \u00bb<\/em><\/strong>. Pour le secr\u00e9taire g\u00e9n\u00e9ral, les startups, par <strong><em>\u00ab leur rapidit\u00e9, leur flexibilit\u00e9 et leur capacit\u00e9 \u00e0 proposer de nouvelles solutions \u00bb<\/em><\/strong>, sont la <strong><em>\u00ab locomotive \u00bb<\/em><\/strong> id\u00e9ale pour incarner cette r\u00e9volution. Il a r\u00e9affirm\u00e9 le r\u00f4le du minist\u00e8re dans l&#8217;accompagnement de ces jeunes talents via la formation et la mise \u00e0 disposition d&#8217;outils modernes.<\/p>\n<p><strong style=\"font-weight: inherit;\">Un partenariat germano-mauritanien au service de la souverainet\u00e9 technologique<\/strong><\/p>\n<p>Du c\u00f4t\u00e9 des partenaires, l&#8217;enthousiasme \u00e9tait \u00e9galement au rendez-vous. La repr\u00e9sentante de la coop\u00e9ration allemande, Mme Sibylle Albrecht, a pr\u00e9sent\u00e9 cette formation comme le fruit d&#8217;un <strong><em>\u00ab partenariat r\u00e9ussi \u00bb<\/em><\/strong> dans le cadre du projet <strong><em>\u00ab Digital \u00bb<\/em><\/strong>. Elle a salu\u00e9 une <strong><em>\u00ab initiative strat\u00e9gique \u00bb<\/em><\/strong> s&#8217;inscrivant dans une <strong><em>\u00ab vision claire et ambitieuse pour le d\u00e9veloppement technologique du gouvernement mauritanien \u00bb.<\/em><\/strong><\/p>\n<p>Mme Albrecht a insist\u00e9 sur les retomb\u00e9es attendues : permettre aux participants de <strong><em>\u00ab d\u00e9velopper des solutions pour l\u2019avenir, d\u2019acc\u00e9der \u00e0 de nouveaux march\u00e9s et de renforcer durablement la souverainet\u00e9 technologique du pays et la comp\u00e9titivit\u00e9 de l\u2019\u00e9conomie nationale \u00bb<\/em><\/strong>. Elle a chaleureusement salu\u00e9 les efforts du minist\u00e8re et les comp\u00e9tences des jeunes cr\u00e9ateurs mauritaniens.<\/p>\n<p>La c\u00e9r\u00e9monie d&#8217;ouverture s&#8217;est d\u00e9roul\u00e9e en pr\u00e9sence de la secr\u00e9taire g\u00e9n\u00e9rale du minist\u00e8re de l\u2019\u00c9quipement et des Transports, Mme M\u2019Aiziza Kerbali, et de plusieurs cadres, signe de l&#8217;importance transversale accord\u00e9e \u00e0 ces technologies. Cette session de formation place r\u00e9solument les startups mauritaniennes \u00e0 l&#8217;avant-poste de la modernisation \u00e9conomique du pays, en leur donnant les cl\u00e9s pour ma\u00eetriser les leviers technologiques qui fa\u00e7onneront le monde de demain.<\/p>\n","protected":false},"excerpt":{"rendered":"<p>Le minist\u00e8re de la Transformation num\u00e9rique et de la Modernisation de l\u2019Administration a lanc\u00e9, ce lundi \u00e0 Nouakchott, une session de formation de haut vol d\u00e9di\u00e9e \u00e0 l&#8217;intelligence artificielle (IA) et aux technologies des drones. Cet atelier de cinq jours, organis\u00e9 en collaboration avec la coop\u00e9ration allemande, cible sp\u00e9cifiquement les startups mauritaniennes, dans le but&#8230;..<\/p>\n","protected":false},"author":12,"featured_media":32427,"comment_status":"open","ping_status":"open","sticky":false,"template":"","format":"standard","meta":{"footnotes":""},"categories":[23,49],"tags":[],"class_list":["post-32426","post","type-post","status-publish","format-standard","has-post-thumbnail","hentry","category-actualite","category-economie"],"yoast_head":"<!-- This site is optimized with the Yoast SEO plugin v27.5 - https:\/\/yoast.com\/product\/yoast-seo-wordpress\/ -->\n<title>Minist\u00e8re de la Transformation num\u00e9rique et de la Modernisation de l\u2019Administration\/ coop\u00e9ration allemande : La Mauritanie mise sur l&#039;IA et les drones pour booster son \u00e9cosyst\u00e8me startup - Le Quotidien de Nouakchott<\/title>\n<meta name=\"robots\" content=\"index, follow, max-snippet:-1, max-image-preview:large, max-video-preview:-1\" \/>\n<link rel=\"canonical\" href=\"https:\/\/lequotidien.mr\/?p=32426&lang=fr\" \/>\n<meta property=\"og:locale\" content=\"ar_AR\" \/>\n<meta property=\"og:type\" content=\"article\" \/>\n<meta property=\"og:title\" content=\"Minist\u00e8re de la Transformation num\u00e9rique et de la Modernisation de l\u2019Administration\/ coop\u00e9ration allemande : La Mauritanie mise sur l&#039;IA et les drones pour booster son \u00e9cosyst\u00e8me startup - Le Quotidien de Nouakchott\" \/>\n<meta property=\"og:description\" content=\"Le minist\u00e8re de la Transformation num\u00e9rique et de la Modernisation de l\u2019Administration a lanc\u00e9, ce lundi \u00e0 Nouakchott, une session de formation de haut vol d\u00e9di\u00e9e \u00e0 l&#8217;intelligence artificielle (IA) et aux technologies des drones. Cet atelier de cinq jours, organis\u00e9 en collaboration avec la coop\u00e9ration allemande, cible sp\u00e9cifiquement les startups mauritaniennes, dans le but.....\" \/>\n<meta property=\"og:url\" content=\"https:\/\/lequotidien.mr\/?p=32426&amp;lang=fr\" \/>\n<meta property=\"og:site_name\" content=\"Le Quotidien de Nouakchott\" \/>\n<meta property=\"article:publisher\" content=\"https:\/\/web.facebook.com\/lequotidienmr\" \/>\n<meta property=\"article:published_time\" content=\"2025-11-18T20:22:51+00:00\" \/>\n<meta property=\"og:image\" content=\"https:\/\/lequotidien.mr\/wp-content\/uploads\/2025\/11\/photo-formtion-IA-et-drones.jpg\" \/>\n\t<meta property=\"og:image:width\" content=\"631\" \/>\n\t<meta property=\"og:image:height\" content=\"334\" \/>\n\t<meta property=\"og:image:type\" content=\"image\/jpeg\" \/>\n<meta name=\"author\" content=\"Med Ahmed\" \/>\n<meta name=\"twitter:card\" content=\"summary_large_image\" \/>\n<meta name=\"twitter:creator\" content=\"@lequotidienmr\" \/>\n<meta name=\"twitter:site\" content=\"@lequotidienmr\" \/>\n<meta name=\"twitter:label1\" content=\"\u0643\u064f\u062a\u0628 \u0628\u0648\u0627\u0633\u0637\u0629\" \/>\n\t<meta name=\"twitter:data1\" content=\"Med Ahmed\" \/>\n\t<meta name=\"twitter:label2\" content=\"\u0648\u0642\u062a \u0627\u0644\u0642\u0631\u0627\u0621\u0629 \u0627\u0644\u0645\u064f\u0642\u062f\u0651\u0631\" \/>\n\t<meta name=\"twitter:data2\" content=\"4 \u062f\u0642\u0627\u0626\u0642\" \/>\n<script type=\"application\/ld+json\" class=\"yoast-schema-graph\">{\"@context\":\"https:\\\/\\\/schema.org\",\"@graph\":[{\"@type\":\"Article\",\"@id\":\"https:\\\/\\\/lequotidien.mr\\\/?p=32426&lang=fr#article\",\"isPartOf\":{\"@id\":\"https:\\\/\\\/lequotidien.mr\\\/?p=32426&lang=fr\"},\"author\":{\"name\":\"Med Ahmed\",\"@id\":\"https:\\\/\\\/lequotidien.mr\\\/#\\\/schema\\\/person\\\/d2d350202a4d599685ed8abc25f97596\"},\"headline\":\"Minist\u00e8re de la Transformation num\u00e9rique et de la Modernisation de l\u2019Administration\\\/ coop\u00e9ration allemande : La Mauritanie mise sur l&#8217;IA et les drones pour booster son \u00e9cosyst\u00e8me startup\",\"datePublished\":\"2025-11-18T20:22:51+00:00\",\"mainEntityOfPage\":{\"@id\":\"https:\\\/\\\/lequotidien.mr\\\/?p=32426&lang=fr\"},\"wordCount\":592,\"commentCount\":0,\"publisher\":{\"@id\":\"https:\\\/\\\/lequotidien.mr\\\/#organization\"},\"image\":{\"@id\":\"https:\\\/\\\/lequotidien.mr\\\/?p=32426&lang=fr#primaryimage\"},\"thumbnailUrl\":\"https:\\\/\\\/lequotidien.mr\\\/wp-content\\\/uploads\\\/2025\\\/11\\\/photo-formtion-IA-et-drones.jpg\",\"articleSection\":[\"ACTUALIT\u00c9\",\"Economie\"],\"inLanguage\":\"ar\",\"potentialAction\":[{\"@type\":\"CommentAction\",\"name\":\"Comment\",\"target\":[\"https:\\\/\\\/lequotidien.mr\\\/?p=32426&lang=fr#respond\"]}]},{\"@type\":\"WebPage\",\"@id\":\"https:\\\/\\\/lequotidien.mr\\\/?p=32426&lang=fr\",\"url\":\"https:\\\/\\\/lequotidien.mr\\\/?p=32426&lang=fr\",\"name\":\"Minist\u00e8re de la Transformation num\u00e9rique et de la Modernisation de l\u2019Administration\\\/ coop\u00e9ration allemande : La Mauritanie mise sur l'IA et les drones pour booster son \u00e9cosyst\u00e8me startup - Le Quotidien de Nouakchott\",\"isPartOf\":{\"@id\":\"https:\\\/\\\/lequotidien.mr\\\/#website\"},\"primaryImageOfPage\":{\"@id\":\"https:\\\/\\\/lequotidien.mr\\\/?p=32426&lang=fr#primaryimage\"},\"image\":{\"@id\":\"https:\\\/\\\/lequotidien.mr\\\/?p=32426&lang=fr#primaryimage\"},\"thumbnailUrl\":\"https:\\\/\\\/lequotidien.mr\\\/wp-content\\\/uploads\\\/2025\\\/11\\\/photo-formtion-IA-et-drones.jpg\",\"datePublished\":\"2025-11-18T20:22:51+00:00\",\"breadcrumb\":{\"@id\":\"https:\\\/\\\/lequotidien.mr\\\/?p=32426&lang=fr#breadcrumb\"},\"inLanguage\":\"ar\",\"potentialAction\":[{\"@type\":\"ReadAction\",\"target\":[\"https:\\\/\\\/lequotidien.mr\\\/?p=32426&lang=fr\"]}]},{\"@type\":\"ImageObject\",\"inLanguage\":\"ar\",\"@id\":\"https:\\\/\\\/lequotidien.mr\\\/?p=32426&lang=fr#primaryimage\",\"url\":\"https:\\\/\\\/lequotidien.mr\\\/wp-content\\\/uploads\\\/2025\\\/11\\\/photo-formtion-IA-et-drones.jpg\",\"contentUrl\":\"https:\\\/\\\/lequotidien.mr\\\/wp-content\\\/uploads\\\/2025\\\/11\\\/photo-formtion-IA-et-drones.jpg\",\"width\":631,\"height\":334},{\"@type\":\"BreadcrumbList\",\"@id\":\"https:\\\/\\\/lequotidien.mr\\\/?p=32426&lang=fr#breadcrumb\",\"itemListElement\":[{\"@type\":\"ListItem\",\"position\":1,\"name\":\"Home\",\"item\":\"https:\\\/\\\/lequotidien.mr\\\/\"},{\"@type\":\"ListItem\",\"position\":2,\"name\":\"Minist\u00e8re de la Transformation num\u00e9rique et de la Modernisation de l\u2019Administration\\\/ coop\u00e9ration allemande : La Mauritanie mise sur l&rsquo;IA et les drones pour booster son \u00e9cosyst\u00e8me startup\"}]},{\"@type\":\"WebSite\",\"@id\":\"https:\\\/\\\/lequotidien.mr\\\/#website\",\"url\":\"https:\\\/\\\/lequotidien.mr\\\/\",\"name\":\"Le Quotidien de Nouakchott\",\"description\":\"\u0625\u062e\u0628\u0627\u0631\u064a\u0629 \u0645\u0633\u062a\u0642\u0644\u0629 \u0644\u0644\u0623\u0646\u0628\u0627\u0621 \u0627\u0644\u0639\u0627\u0645\u0629\",\"publisher\":{\"@id\":\"https:\\\/\\\/lequotidien.mr\\\/#organization\"},\"potentialAction\":[{\"@type\":\"SearchAction\",\"target\":{\"@type\":\"EntryPoint\",\"urlTemplate\":\"https:\\\/\\\/lequotidien.mr\\\/?s={search_term_string}\"},\"query-input\":{\"@type\":\"PropertyValueSpecification\",\"valueRequired\":true,\"valueName\":\"search_term_string\"}}],\"inLanguage\":\"ar\"},{\"@type\":\"Organization\",\"@id\":\"https:\\\/\\\/lequotidien.mr\\\/#organization\",\"name\":\"Le Quotidien de Nouakchott\",\"url\":\"https:\\\/\\\/lequotidien.mr\\\/\",\"logo\":{\"@type\":\"ImageObject\",\"inLanguage\":\"ar\",\"@id\":\"https:\\\/\\\/lequotidien.mr\\\/#\\\/schema\\\/logo\\\/image\\\/\",\"url\":\"https:\\\/\\\/lequotidien.mr\\\/wp-content\\\/uploads\\\/2022\\\/11\\\/logolequotidien.jpg\",\"contentUrl\":\"https:\\\/\\\/lequotidien.mr\\\/wp-content\\\/uploads\\\/2022\\\/11\\\/logolequotidien.jpg\",\"width\":290,\"height\":65,\"caption\":\"Le Quotidien de Nouakchott\"},\"image\":{\"@id\":\"https:\\\/\\\/lequotidien.mr\\\/#\\\/schema\\\/logo\\\/image\\\/\"},\"sameAs\":[\"https:\\\/\\\/web.facebook.com\\\/lequotidienmr\",\"https:\\\/\\\/x.com\\\/lequotidienmr\"]},{\"@type\":\"Person\",\"@id\":\"https:\\\/\\\/lequotidien.mr\\\/#\\\/schema\\\/person\\\/d2d350202a4d599685ed8abc25f97596\",\"name\":\"Med Ahmed\",\"image\":{\"@type\":\"ImageObject\",\"inLanguage\":\"ar\",\"@id\":\"https:\\\/\\\/secure.gravatar.com\\\/avatar\\\/fd2acc62ed50732923d1d39c17172c9b04149f142be92310ecc69e1358f94b52?s=96&d=mm&r=g\",\"url\":\"https:\\\/\\\/secure.gravatar.com\\\/avatar\\\/fd2acc62ed50732923d1d39c17172c9b04149f142be92310ecc69e1358f94b52?s=96&d=mm&r=g\",\"contentUrl\":\"https:\\\/\\\/secure.gravatar.com\\\/avatar\\\/fd2acc62ed50732923d1d39c17172c9b04149f142be92310ecc69e1358f94b52?s=96&d=mm&r=g\",\"caption\":\"Med Ahmed\"},\"url\":\"https:\\\/\\\/lequotidien.mr\\\/?author=12\"}]}<\/script>\n<!-- \/ Yoast SEO plugin. -->","yoast_head_json":{"title":"Minist\u00e8re de la Transformation num\u00e9rique et de la Modernisation de l\u2019Administration\/ coop\u00e9ration allemande : La Mauritanie mise sur l'IA et les drones pour booster son \u00e9cosyst\u00e8me startup - Le Quotidien de Nouakchott","robots":{"index":"index","follow":"follow","max-snippet":"max-snippet:-1","max-image-preview":"max-image-preview:large","max-video-preview":"max-video-preview:-1"},"canonical":"https:\/\/lequotidien.mr\/?p=32426&lang=fr","og_locale":"ar_AR","og_type":"article","og_title":"Minist\u00e8re de la Transformation num\u00e9rique et de la Modernisation de l\u2019Administration\/ coop\u00e9ration allemande : La Mauritanie mise sur l'IA et les drones pour booster son \u00e9cosyst\u00e8me startup - Le Quotidien de Nouakchott","og_description":"Le minist\u00e8re de la Transformation num\u00e9rique et de la Modernisation de l\u2019Administration a lanc\u00e9, ce lundi \u00e0 Nouakchott, une session de formation de haut vol d\u00e9di\u00e9e \u00e0 l&#8217;intelligence artificielle (IA) et aux technologies des drones. Cet atelier de cinq jours, organis\u00e9 en collaboration avec la coop\u00e9ration allemande, cible sp\u00e9cifiquement les startups mauritaniennes, dans le but.....","og_url":"https:\/\/lequotidien.mr\/?p=32426&lang=fr","og_site_name":"Le Quotidien de Nouakchott","article_publisher":"https:\/\/web.facebook.com\/lequotidienmr","article_published_time":"2025-11-18T20:22:51+00:00","og_image":[{"width":631,"height":334,"url":"https:\/\/lequotidien.mr\/wp-content\/uploads\/2025\/11\/photo-formtion-IA-et-drones.jpg","type":"image\/jpeg"}],"author":"Med Ahmed","twitter_card":"summary_large_image","twitter_creator":"@lequotidienmr","twitter_site":"@lequotidienmr","twitter_misc":{"\u0643\u064f\u062a\u0628 \u0628\u0648\u0627\u0633\u0637\u0629":"Med Ahmed","\u0648\u0642\u062a \u0627\u0644\u0642\u0631\u0627\u0621\u0629 \u0627\u0644\u0645\u064f\u0642\u062f\u0651\u0631":"4 \u062f\u0642\u0627\u0626\u0642"},"schema":{"@context":"https:\/\/schema.org","@graph":[{"@type":"Article","@id":"https:\/\/lequotidien.mr\/?p=32426&lang=fr#article","isPartOf":{"@id":"https:\/\/lequotidien.mr\/?p=32426&lang=fr"},"author":{"name":"Med Ahmed","@id":"https:\/\/lequotidien.mr\/#\/schema\/person\/d2d350202a4d599685ed8abc25f97596"},"headline":"Minist\u00e8re de la Transformation num\u00e9rique et de la Modernisation de l\u2019Administration\/ coop\u00e9ration allemande : La Mauritanie mise sur l&#8217;IA et les drones pour booster son \u00e9cosyst\u00e8me startup","datePublished":"2025-11-18T20:22:51+00:00","mainEntityOfPage":{"@id":"https:\/\/lequotidien.mr\/?p=32426&lang=fr"},"wordCount":592,"commentCount":0,"publisher":{"@id":"https:\/\/lequotidien.mr\/#organization"},"image":{"@id":"https:\/\/lequotidien.mr\/?p=32426&lang=fr#primaryimage"},"thumbnailUrl":"https:\/\/lequotidien.mr\/wp-content\/uploads\/2025\/11\/photo-formtion-IA-et-drones.jpg","articleSection":["ACTUALIT\u00c9","Economie"],"inLanguage":"ar","potentialAction":[{"@type":"CommentAction","name":"Comment","target":["https:\/\/lequotidien.mr\/?p=32426&lang=fr#respond"]}]},{"@type":"WebPage","@id":"https:\/\/lequotidien.mr\/?p=32426&lang=fr","url":"https:\/\/lequotidien.mr\/?p=32426&lang=fr","name":"Minist\u00e8re de la Transformation num\u00e9rique et de la Modernisation de l\u2019Administration\/ coop\u00e9ration allemande : La Mauritanie mise sur l'IA et les drones pour booster son \u00e9cosyst\u00e8me startup - Le Quotidien de Nouakchott","isPartOf":{"@id":"https:\/\/lequotidien.mr\/#website"},"primaryImageOfPage":{"@id":"https:\/\/lequotidien.mr\/?p=32426&lang=fr#primaryimage"},"image":{"@id":"https:\/\/lequotidien.mr\/?p=32426&lang=fr#primaryimage"},"thumbnailUrl":"https:\/\/lequotidien.mr\/wp-content\/uploads\/2025\/11\/photo-formtion-IA-et-drones.jpg","datePublished":"2025-11-18T20:22:51+00:00","breadcrumb":{"@id":"https:\/\/lequotidien.mr\/?p=32426&lang=fr#breadcrumb"},"inLanguage":"ar","potentialAction":[{"@type":"ReadAction","target":["https:\/\/lequotidien.mr\/?p=32426&lang=fr"]}]},{"@type":"ImageObject","inLanguage":"ar","@id":"https:\/\/lequotidien.mr\/?p=32426&lang=fr#primaryimage","url":"https:\/\/lequotidien.mr\/wp-content\/uploads\/2025\/11\/photo-formtion-IA-et-drones.jpg","contentUrl":"https:\/\/lequotidien.mr\/wp-content\/uploads\/2025\/11\/photo-formtion-IA-et-drones.jpg","width":631,"height":334},{"@type":"BreadcrumbList","@id":"https:\/\/lequotidien.mr\/?p=32426&lang=fr#breadcrumb","itemListElement":[{"@type":"ListItem","position":1,"name":"Home","item":"https:\/\/lequotidien.mr\/"},{"@type":"ListItem","position":2,"name":"Minist\u00e8re de la Transformation num\u00e9rique et de la Modernisation de l\u2019Administration\/ coop\u00e9ration allemande : La Mauritanie mise sur l&rsquo;IA et les drones pour booster son \u00e9cosyst\u00e8me startup"}]},{"@type":"WebSite","@id":"https:\/\/lequotidien.mr\/#website","url":"https:\/\/lequotidien.mr\/","name":"Le Quotidien de Nouakchott","description":"\u0625\u062e\u0628\u0627\u0631\u064a\u0629 \u0645\u0633\u062a\u0642\u0644\u0629 \u0644\u0644\u0623\u0646\u0628\u0627\u0621 \u0627\u0644\u0639\u0627\u0645\u0629","publisher":{"@id":"https:\/\/lequotidien.mr\/#organization"},"potentialAction":[{"@type":"SearchAction","target":{"@type":"EntryPoint","urlTemplate":"https:\/\/lequotidien.mr\/?s={search_term_string}"},"query-input":{"@type":"PropertyValueSpecification","valueRequired":true,"valueName":"search_term_string"}}],"inLanguage":"ar"},{"@type":"Organization","@id":"https:\/\/lequotidien.mr\/#organization","name":"Le Quotidien de Nouakchott","url":"https:\/\/lequotidien.mr\/","logo":{"@type":"ImageObject","inLanguage":"ar","@id":"https:\/\/lequotidien.mr\/#\/schema\/logo\/image\/","url":"https:\/\/lequotidien.mr\/wp-content\/uploads\/2022\/11\/logolequotidien.jpg","contentUrl":"https:\/\/lequotidien.mr\/wp-content\/uploads\/2022\/11\/logolequotidien.jpg","width":290,"height":65,"caption":"Le Quotidien de Nouakchott"},"image":{"@id":"https:\/\/lequotidien.mr\/#\/schema\/logo\/image\/"},"sameAs":["https:\/\/web.facebook.com\/lequotidienmr","https:\/\/x.com\/lequotidienmr"]},{"@type":"Person","@id":"https:\/\/lequotidien.mr\/#\/schema\/person\/d2d350202a4d599685ed8abc25f97596","name":"Med Ahmed","image":{"@type":"ImageObject","inLanguage":"ar","@id":"https:\/\/secure.gravatar.com\/avatar\/fd2acc62ed50732923d1d39c17172c9b04149f142be92310ecc69e1358f94b52?s=96&d=mm&r=g","url":"https:\/\/secure.gravatar.com\/avatar\/fd2acc62ed50732923d1d39c17172c9b04149f142be92310ecc69e1358f94b52?s=96&d=mm&r=g","contentUrl":"https:\/\/secure.gravatar.com\/avatar\/fd2acc62ed50732923d1d39c17172c9b04149f142be92310ecc69e1358f94b52?s=96&d=mm&r=g","caption":"Med Ahmed"},"url":"https:\/\/lequotidien.mr\/?author=12"}]}},"_links":{"self":[{"href":"https:\/\/lequotidien.mr\/index.php?rest_route=\/wp\/v2\/posts\/32426","targetHints":{"allow":["GET"]}}],"collection":[{"href":"https:\/\/lequotidien.mr\/index.php?rest_route=\/wp\/v2\/posts"}],"about":[{"href":"https:\/\/lequotidien.mr\/index.php?rest_route=\/wp\/v2\/types\/post"}],"author":[{"embeddable":true,"href":"https:\/\/lequotidien.mr\/index.php?rest_route=\/wp\/v2\/users\/12"}],"replies":[{"embeddable":true,"href":"https:\/\/lequotidien.mr\/index.php?rest_route=%2Fwp%2Fv2%2Fcomments&post=32426"}],"version-history":[{"count":1,"href":"https:\/\/lequotidien.mr\/index.php?rest_route=\/wp\/v2\/posts\/32426\/revisions"}],"predecessor-version":[{"id":32428,"href":"https:\/\/lequotidien.mr\/index.php?rest_route=\/wp\/v2\/posts\/32426\/revisions\/32428"}],"wp:featuredmedia":[{"embeddable":true,"href":"https:\/\/lequotidien.mr\/index.php?rest_route=\/wp\/v2\/media\/32427"}],"wp:attachment":[{"href":"https:\/\/lequotidien.mr\/index.php?rest_route=%2Fwp%2Fv2%2Fmedia&parent=32426"}],"wp:term":[{"taxonomy":"category","embeddable":true,"href":"https:\/\/lequotidien.mr\/index.php?rest_route=%2Fwp%2Fv2%2Fcategories&post=32426"},{"taxonomy":"post_tag","embeddable":true,"href":"https:\/\/lequotidien.mr\/index.php?rest_route=%2Fwp%2Fv2%2Ftags&post=32426"}],"curies":[{"name":"wp","href":"https:\/\/api.w.org\/{rel}","templated":true}]}}