{"id":32417,"date":"2025-11-18T19:51:54","date_gmt":"2025-11-18T19:51:54","guid":{"rendered":"https:\/\/lequotidien.mr\/?p=32417"},"modified":"2025-11-18T19:51:54","modified_gmt":"2025-11-18T19:51:54","slug":"nouakchott-le-19e-sommet-bancaire-maghrebin-souvre-sur-un-plaidoyer-pour-lintegration-et-linnovation","status":"publish","type":"post","link":"https:\/\/lequotidien.mr\/?p=32417&lang=fr","title":{"rendered":"Nouakchott : Le 19e Sommet bancaire maghr\u00e9bin s&#8217;ouvre sur un plaidoyer pour l&#8217;int\u00e9gration et l&#8217;innovation"},"content":{"rendered":"<p>Les travaux de la <strong>dix-neuvi\u00e8me session du Sommet bancaire maghr\u00e9bin<\/strong> ont d\u00e9but\u00e9, ce lundi 17 novembre 2025, dans la capitale Nouakchott. Cet \u00e9v\u00e9nement r\u00e9gional de haut niveau se tient concomitamment avec la <strong>dix-huiti\u00e8me session de l&#8217;Assembl\u00e9e g\u00e9n\u00e9rale de l&#8217;Union des banques maghr\u00e9bines<\/strong>, et ce, pendant deux jours.<\/p>\n<p>Plac\u00e9e sous le th\u00e8me\u00a0<strong><em>\u00ab Un secteur bancaire acc\u00e9l\u00e9rant les \u00e9changes commerciaux maghr\u00e9bins et africains \u00e0 l\u2019\u00e8re du d\u00e9veloppement technologique : opportunit\u00e9s et d\u00e9fis \u00bb<\/em><\/strong>, cette rencontre strat\u00e9gique vise \u00e0 transformer le secteur financier en levier d&#8217;int\u00e9gration et de croissance pour la r\u00e9gion.<\/p>\n<p><strong style=\"font-weight: inherit;\">Un contexte r\u00e9gional qui impose l&#8217;action collective<\/strong><\/p>\n<p>Dans son discours d&#8217;ouverture, le <strong>ministre mauritanien des Affaires \u00e9conomiques et du d\u00e9veloppement, M. Abdallahi Souleymane Cheikh Sidiya<\/strong>, a d&#8217;embl\u00e9e soulign\u00e9 l&#8217;importance capitale de ce sommet. Il a situ\u00e9 les travaux dans un <strong><em>\u00ab contexte r\u00e9gional caract\u00e9ris\u00e9 par la baisse des flux financiers vers nos pays, la volatilit\u00e9 des prix des mati\u00e8res premi\u00e8res et les effets du changement climatique \u00bb<\/em><\/strong>, des d\u00e9fis qui, selon lui, <strong><em>\u00ab nous imposent de r\u00e9fl\u00e9chir et d\u2019agir ensemble \u00bb.<\/em><\/strong><\/p>\n<p>Le ministre a n\u00e9anmoins rappel\u00e9 les atouts consid\u00e9rables de la r\u00e9gion, qui poss\u00e8de <strong><em>\u00ab des ressources diverses, une structure d\u00e9mographique jeune et d\u2019importantes capacit\u00e9s d\u2019investissement dans des secteurs \u00e0 forte valeur ajout\u00e9e \u00bb.<\/em><\/strong> Il a estim\u00e9 qu&#8217;en exploitant pleinement ces potentialit\u00e9s, le secteur bancaire pourrait devenir un <strong><em>\u00ab levier efficace pour stimuler l\u2019int\u00e9gration, la croissance et le d\u00e9veloppement des pays du Maghreb et de l\u2019Afrique ensemble \u00bb.<\/em><\/strong><\/p>\n<p><strong>La Mauritanie, un pont strat\u00e9gique<\/strong><\/p>\n<p>M. Sidiya a \u00e9galement mis en avant la position unique de la Mauritanie, qui <strong><em>\u00ab acquiert, de par son histoire et sa g\u00e9ographie, une importance dans l\u2019\u00e9tablissement de ponts de rapprochement entre le Maghreb et l\u2019Afrique subsaharienne \u00bb. <\/em><\/strong>Cette position strat\u00e9gique invite, selon lui, \u00e0 explorer les opportunit\u00e9s d&#8217;investissement conjointes, \u00e0 financer le commerce intra-r\u00e9gional et \u00e0 cr\u00e9er des m\u00e9canismes pour faciliter les \u00e9changes.<\/p>\n<p>Pour y parvenir, il a appel\u00e9 \u00e0\u00a0<strong><em>\u00ab renforcer la coordination entre les institutions financi\u00e8res et le secteur priv\u00e9, \u00e0 acc\u00e9l\u00e9rer la transformation num\u00e9rique et \u00e0 d\u00e9velopper des infrastructures financi\u00e8res num\u00e9riques unifi\u00e9es \u00bb<\/em><\/strong><em>,<\/em> tout en \u0153uvrant pour des syst\u00e8mes financiers transparents et stables.<\/p>\n<p><strong style=\"font-weight: inherit;\">L&#8217;int\u00e9gration bancaire, une &#8220;n\u00e9cessit\u00e9 strat\u00e9gique&#8221;<\/strong><\/p>\n<p>De son c\u00f4t\u00e9, le <strong>pr\u00e9sident de l\u2019Union Nationale du Patronat Mauritanien, M. Mohamed Zeine El Abidine Cheikh<\/strong>, a salu\u00e9 la tenue de ce sommet dans un contexte de <strong><em>\u00ab profonde transformation \u00e9conomique \u00bb <\/em><\/strong>que conna\u00eet le pays, port\u00e9e par la vision du <strong>Pr\u00e9sident de la R\u00e9publique, M. Mohamed Cheikh El Ghazouani.<\/strong><\/p>\n<p>Il a affirm\u00e9 sans ambages que\u00a0<strong>l&#8217;int\u00e9gration bancaire maghr\u00e9bine et africaine n&#8217;\u00e9tait <\/strong><strong><em>\u00ab plus une option, mais une n\u00e9cessit\u00e9 strat\u00e9gique \u00bb<\/em><\/strong><em>.<\/em> Pour le leader patronal, cette int\u00e9gration est un <strong><em>\u00ab v\u00e9ritable levier pour stimuler le commerce intra-r\u00e9gional, r\u00e9duire le co\u00fbt des transactions et renforcer les flux de capitaux \u00bb.<\/em><\/strong> Il a annonc\u00e9 la volont\u00e9 de l&#8217;Union qu&#8217;il pr\u00e9side de contribuer activement \u00e0 ce processus, soulignant que cette ambition n\u00e9cessite un partenariat \u00e9troit entre gouvernements, institutions financi\u00e8res et secteur priv\u00e9.<\/p>\n<p><strong style=\"font-weight: inherit;\">Au programme : des sessions techniques sur l&#8217;avenir de la finance<\/strong><\/p>\n<p>La s\u00e9ance d\u2019ouverture, \u00e0 laquelle ont assist\u00e9 le <strong>gouverneur adjoint de la Banque Centrale de Mauritanie, M. Mohamed Salem Hemedi<\/strong>, et d&#8217;autres personnalit\u00e9s financi\u00e8res de premier plan, a donn\u00e9 le ton pour deux jours de travaux intensifs.<\/p>\n<p>Selon le programme, les participants devaient plancher, \u00e0 travers\u00a0<strong>quatre sessions scientifiques<\/strong>, sur des th\u00e8mes au c\u0153ur des d\u00e9fis contemporains\u00a0:<\/p>\n<p><strong>-L&#8217;int\u00e9gration \u00e9conomique et la coop\u00e9ration maghr\u00e9bine-africaine\u00a0;<\/strong><\/p>\n<p><strong>-L&#8217;intelligence artificielle et la cybers\u00e9curit\u00e9\u00a0;<\/strong><\/p>\n<p><strong>-La transformation num\u00e9rique et les paiements futurs\u00a0;<\/strong><\/p>\n<p><strong>-L&#8217;inclusion financi\u00e8re et le financement durable\u00a0;<\/strong><\/p>\n<p>D&#8217;autres intervenants, tels que <strong>M. Mohamed Fall El Alem, Secr\u00e9taire g\u00e9n\u00e9ral de l\u2019Union des banques maghr\u00e9bines, et M. Elias Ben Rayana, PDG de la soci\u00e9t\u00e9 tunisienne \u00ab Valu \u00bb<\/strong>, ont insist\u00e9 sur la n\u00e9cessit\u00e9 d&#8217;\u00e9changer les expertises, particuli\u00e8rement dans les domaines des moyens financiers modernes, de la gouvernance financi\u00e8re et de l&#8217;exploitation des potentialit\u00e9s de l&#8217;intelligence artificielle dans le secteur financier.<\/p>\n<p>Ce 19e Sommet bancaire maghr\u00e9bin s&#8217;annonce donc comme une plateforme cruciale pour dessiner les contours d&#8217;un \u00e9cosyst\u00e8me financier r\u00e9gional plus int\u00e9gr\u00e9, innovant et r\u00e9silient, capable de relever les d\u00e9fis communs et de saisir les opportunit\u00e9s du XXIe si\u00e8cle.<\/p>\n","protected":false},"excerpt":{"rendered":"<p>Les travaux de la dix-neuvi\u00e8me session du Sommet bancaire maghr\u00e9bin ont d\u00e9but\u00e9, ce lundi 17 novembre 2025, dans la capitale Nouakchott. Cet \u00e9v\u00e9nement r\u00e9gional de haut niveau se tient concomitamment avec la dix-huiti\u00e8me session de l&#8217;Assembl\u00e9e g\u00e9n\u00e9rale de l&#8217;Union des banques maghr\u00e9bines, et ce, pendant deux jours. Plac\u00e9e sous le th\u00e8me\u00a0\u00ab Un secteur bancaire acc\u00e9l\u00e9rant&#8230;..<\/p>\n","protected":false},"author":12,"featured_media":32421,"comment_status":"open","ping_status":"open","sticky":false,"template":"","format":"standard","meta":{"footnotes":""},"categories":[23,49],"tags":[],"class_list":["post-32417","post","type-post","status-publish","format-standard","has-post-thumbnail","hentry","category-actualite","category-economie"],"yoast_head":"<!-- This site is optimized with the Yoast SEO plugin v27.5 - https:\/\/yoast.com\/product\/yoast-seo-wordpress\/ -->\n<title>Nouakchott : Le 19e Sommet bancaire maghr\u00e9bin s&#039;ouvre sur un plaidoyer pour l&#039;int\u00e9gration et l&#039;innovation - Le Quotidien de Nouakchott<\/title>\n<meta name=\"robots\" content=\"index, follow, max-snippet:-1, max-image-preview:large, max-video-preview:-1\" \/>\n<link rel=\"canonical\" href=\"https:\/\/lequotidien.mr\/?p=32417&lang=fr\" \/>\n<meta property=\"og:locale\" content=\"ar_AR\" \/>\n<meta property=\"og:type\" content=\"article\" \/>\n<meta property=\"og:title\" content=\"Nouakchott : Le 19e Sommet bancaire maghr\u00e9bin s&#039;ouvre sur un plaidoyer pour l&#039;int\u00e9gration et l&#039;innovation - Le Quotidien de Nouakchott\" \/>\n<meta property=\"og:description\" content=\"Les travaux de la dix-neuvi\u00e8me session du Sommet bancaire maghr\u00e9bin ont d\u00e9but\u00e9, ce lundi 17 novembre 2025, dans la capitale Nouakchott. Cet \u00e9v\u00e9nement r\u00e9gional de haut niveau se tient concomitamment avec la dix-huiti\u00e8me session de l&#8217;Assembl\u00e9e g\u00e9n\u00e9rale de l&#8217;Union des banques maghr\u00e9bines, et ce, pendant deux jours. Plac\u00e9e sous le th\u00e8me\u00a0\u00ab Un secteur bancaire acc\u00e9l\u00e9rant.....\" \/>\n<meta property=\"og:url\" content=\"https:\/\/lequotidien.mr\/?p=32417&amp;lang=fr\" \/>\n<meta property=\"og:site_name\" content=\"Le Quotidien de Nouakchott\" \/>\n<meta property=\"article:publisher\" content=\"https:\/\/web.facebook.com\/lequotidienmr\" \/>\n<meta property=\"article:published_time\" content=\"2025-11-18T19:51:54+00:00\" \/>\n<meta property=\"og:image\" content=\"https:\/\/lequotidien.mr\/wp-content\/uploads\/2025\/11\/photo-sommet-bcaire-mghrebin.jpg\" \/>\n\t<meta property=\"og:image:width\" content=\"645\" \/>\n\t<meta property=\"og:image:height\" content=\"383\" \/>\n\t<meta property=\"og:image:type\" content=\"image\/jpeg\" \/>\n<meta name=\"author\" content=\"Med Ahmed\" \/>\n<meta name=\"twitter:card\" content=\"summary_large_image\" \/>\n<meta name=\"twitter:creator\" content=\"@lequotidienmr\" \/>\n<meta name=\"twitter:site\" content=\"@lequotidienmr\" \/>\n<meta name=\"twitter:label1\" content=\"\u0643\u064f\u062a\u0628 \u0628\u0648\u0627\u0633\u0637\u0629\" \/>\n\t<meta name=\"twitter:data1\" content=\"Med Ahmed\" \/>\n\t<meta name=\"twitter:label2\" content=\"\u0648\u0642\u062a \u0627\u0644\u0642\u0631\u0627\u0621\u0629 \u0627\u0644\u0645\u064f\u0642\u062f\u0651\u0631\" \/>\n\t<meta name=\"twitter:data2\" content=\"5 \u062f\u0642\u0627\u0626\u0642\" \/>\n<script type=\"application\/ld+json\" class=\"yoast-schema-graph\">{\"@context\":\"https:\\\/\\\/schema.org\",\"@graph\":[{\"@type\":\"Article\",\"@id\":\"https:\\\/\\\/lequotidien.mr\\\/?p=32417&lang=fr#article\",\"isPartOf\":{\"@id\":\"https:\\\/\\\/lequotidien.mr\\\/?p=32417&lang=fr\"},\"author\":{\"name\":\"Med Ahmed\",\"@id\":\"https:\\\/\\\/lequotidien.mr\\\/#\\\/schema\\\/person\\\/d2d350202a4d599685ed8abc25f97596\"},\"headline\":\"Nouakchott : Le 19e Sommet bancaire maghr\u00e9bin s&#8217;ouvre sur un plaidoyer pour l&#8217;int\u00e9gration et l&#8217;innovation\",\"datePublished\":\"2025-11-18T19:51:54+00:00\",\"mainEntityOfPage\":{\"@id\":\"https:\\\/\\\/lequotidien.mr\\\/?p=32417&lang=fr\"},\"wordCount\":800,\"commentCount\":0,\"publisher\":{\"@id\":\"https:\\\/\\\/lequotidien.mr\\\/#organization\"},\"image\":{\"@id\":\"https:\\\/\\\/lequotidien.mr\\\/?p=32417&lang=fr#primaryimage\"},\"thumbnailUrl\":\"https:\\\/\\\/lequotidien.mr\\\/wp-content\\\/uploads\\\/2025\\\/11\\\/photo-sommet-bcaire-mghrebin.jpg\",\"articleSection\":[\"ACTUALIT\u00c9\",\"Economie\"],\"inLanguage\":\"ar\",\"potentialAction\":[{\"@type\":\"CommentAction\",\"name\":\"Comment\",\"target\":[\"https:\\\/\\\/lequotidien.mr\\\/?p=32417&lang=fr#respond\"]}]},{\"@type\":\"WebPage\",\"@id\":\"https:\\\/\\\/lequotidien.mr\\\/?p=32417&lang=fr\",\"url\":\"https:\\\/\\\/lequotidien.mr\\\/?p=32417&lang=fr\",\"name\":\"Nouakchott : Le 19e Sommet bancaire maghr\u00e9bin s'ouvre sur un plaidoyer pour l'int\u00e9gration et l'innovation - Le Quotidien de Nouakchott\",\"isPartOf\":{\"@id\":\"https:\\\/\\\/lequotidien.mr\\\/#website\"},\"primaryImageOfPage\":{\"@id\":\"https:\\\/\\\/lequotidien.mr\\\/?p=32417&lang=fr#primaryimage\"},\"image\":{\"@id\":\"https:\\\/\\\/lequotidien.mr\\\/?p=32417&lang=fr#primaryimage\"},\"thumbnailUrl\":\"https:\\\/\\\/lequotidien.mr\\\/wp-content\\\/uploads\\\/2025\\\/11\\\/photo-sommet-bcaire-mghrebin.jpg\",\"datePublished\":\"2025-11-18T19:51:54+00:00\",\"breadcrumb\":{\"@id\":\"https:\\\/\\\/lequotidien.mr\\\/?p=32417&lang=fr#breadcrumb\"},\"inLanguage\":\"ar\",\"potentialAction\":[{\"@type\":\"ReadAction\",\"target\":[\"https:\\\/\\\/lequotidien.mr\\\/?p=32417&lang=fr\"]}]},{\"@type\":\"ImageObject\",\"inLanguage\":\"ar\",\"@id\":\"https:\\\/\\\/lequotidien.mr\\\/?p=32417&lang=fr#primaryimage\",\"url\":\"https:\\\/\\\/lequotidien.mr\\\/wp-content\\\/uploads\\\/2025\\\/11\\\/photo-sommet-bcaire-mghrebin.jpg\",\"contentUrl\":\"https:\\\/\\\/lequotidien.mr\\\/wp-content\\\/uploads\\\/2025\\\/11\\\/photo-sommet-bcaire-mghrebin.jpg\",\"width\":645,\"height\":383},{\"@type\":\"BreadcrumbList\",\"@id\":\"https:\\\/\\\/lequotidien.mr\\\/?p=32417&lang=fr#breadcrumb\",\"itemListElement\":[{\"@type\":\"ListItem\",\"position\":1,\"name\":\"Home\",\"item\":\"https:\\\/\\\/lequotidien.mr\\\/\"},{\"@type\":\"ListItem\",\"position\":2,\"name\":\"Nouakchott : Le 19e Sommet bancaire maghr\u00e9bin s&rsquo;ouvre sur un plaidoyer pour l&rsquo;int\u00e9gration et l&rsquo;innovation\"}]},{\"@type\":\"WebSite\",\"@id\":\"https:\\\/\\\/lequotidien.mr\\\/#website\",\"url\":\"https:\\\/\\\/lequotidien.mr\\\/\",\"name\":\"Le Quotidien de Nouakchott\",\"description\":\"\u0625\u062e\u0628\u0627\u0631\u064a\u0629 \u0645\u0633\u062a\u0642\u0644\u0629 \u0644\u0644\u0623\u0646\u0628\u0627\u0621 \u0627\u0644\u0639\u0627\u0645\u0629\",\"publisher\":{\"@id\":\"https:\\\/\\\/lequotidien.mr\\\/#organization\"},\"potentialAction\":[{\"@type\":\"SearchAction\",\"target\":{\"@type\":\"EntryPoint\",\"urlTemplate\":\"https:\\\/\\\/lequotidien.mr\\\/?s={search_term_string}\"},\"query-input\":{\"@type\":\"PropertyValueSpecification\",\"valueRequired\":true,\"valueName\":\"search_term_string\"}}],\"inLanguage\":\"ar\"},{\"@type\":\"Organization\",\"@id\":\"https:\\\/\\\/lequotidien.mr\\\/#organization\",\"name\":\"Le Quotidien de Nouakchott\",\"url\":\"https:\\\/\\\/lequotidien.mr\\\/\",\"logo\":{\"@type\":\"ImageObject\",\"inLanguage\":\"ar\",\"@id\":\"https:\\\/\\\/lequotidien.mr\\\/#\\\/schema\\\/logo\\\/image\\\/\",\"url\":\"https:\\\/\\\/lequotidien.mr\\\/wp-content\\\/uploads\\\/2022\\\/11\\\/logolequotidien.jpg\",\"contentUrl\":\"https:\\\/\\\/lequotidien.mr\\\/wp-content\\\/uploads\\\/2022\\\/11\\\/logolequotidien.jpg\",\"width\":290,\"height\":65,\"caption\":\"Le Quotidien de Nouakchott\"},\"image\":{\"@id\":\"https:\\\/\\\/lequotidien.mr\\\/#\\\/schema\\\/logo\\\/image\\\/\"},\"sameAs\":[\"https:\\\/\\\/web.facebook.com\\\/lequotidienmr\",\"https:\\\/\\\/x.com\\\/lequotidienmr\"]},{\"@type\":\"Person\",\"@id\":\"https:\\\/\\\/lequotidien.mr\\\/#\\\/schema\\\/person\\\/d2d350202a4d599685ed8abc25f97596\",\"name\":\"Med Ahmed\",\"image\":{\"@type\":\"ImageObject\",\"inLanguage\":\"ar\",\"@id\":\"https:\\\/\\\/secure.gravatar.com\\\/avatar\\\/fd2acc62ed50732923d1d39c17172c9b04149f142be92310ecc69e1358f94b52?s=96&d=mm&r=g\",\"url\":\"https:\\\/\\\/secure.gravatar.com\\\/avatar\\\/fd2acc62ed50732923d1d39c17172c9b04149f142be92310ecc69e1358f94b52?s=96&d=mm&r=g\",\"contentUrl\":\"https:\\\/\\\/secure.gravatar.com\\\/avatar\\\/fd2acc62ed50732923d1d39c17172c9b04149f142be92310ecc69e1358f94b52?s=96&d=mm&r=g\",\"caption\":\"Med Ahmed\"},\"url\":\"https:\\\/\\\/lequotidien.mr\\\/?author=12\"}]}<\/script>\n<!-- \/ Yoast SEO plugin. -->","yoast_head_json":{"title":"Nouakchott : Le 19e Sommet bancaire maghr\u00e9bin s'ouvre sur un plaidoyer pour l'int\u00e9gration et l'innovation - Le Quotidien de Nouakchott","robots":{"index":"index","follow":"follow","max-snippet":"max-snippet:-1","max-image-preview":"max-image-preview:large","max-video-preview":"max-video-preview:-1"},"canonical":"https:\/\/lequotidien.mr\/?p=32417&lang=fr","og_locale":"ar_AR","og_type":"article","og_title":"Nouakchott : Le 19e Sommet bancaire maghr\u00e9bin s'ouvre sur un plaidoyer pour l'int\u00e9gration et l'innovation - Le Quotidien de Nouakchott","og_description":"Les travaux de la dix-neuvi\u00e8me session du Sommet bancaire maghr\u00e9bin ont d\u00e9but\u00e9, ce lundi 17 novembre 2025, dans la capitale Nouakchott. Cet \u00e9v\u00e9nement r\u00e9gional de haut niveau se tient concomitamment avec la dix-huiti\u00e8me session de l&#8217;Assembl\u00e9e g\u00e9n\u00e9rale de l&#8217;Union des banques maghr\u00e9bines, et ce, pendant deux jours. Plac\u00e9e sous le th\u00e8me\u00a0\u00ab Un secteur bancaire acc\u00e9l\u00e9rant.....","og_url":"https:\/\/lequotidien.mr\/?p=32417&lang=fr","og_site_name":"Le Quotidien de Nouakchott","article_publisher":"https:\/\/web.facebook.com\/lequotidienmr","article_published_time":"2025-11-18T19:51:54+00:00","og_image":[{"width":645,"height":383,"url":"https:\/\/lequotidien.mr\/wp-content\/uploads\/2025\/11\/photo-sommet-bcaire-mghrebin.jpg","type":"image\/jpeg"}],"author":"Med Ahmed","twitter_card":"summary_large_image","twitter_creator":"@lequotidienmr","twitter_site":"@lequotidienmr","twitter_misc":{"\u0643\u064f\u062a\u0628 \u0628\u0648\u0627\u0633\u0637\u0629":"Med Ahmed","\u0648\u0642\u062a \u0627\u0644\u0642\u0631\u0627\u0621\u0629 \u0627\u0644\u0645\u064f\u0642\u062f\u0651\u0631":"5 \u062f\u0642\u0627\u0626\u0642"},"schema":{"@context":"https:\/\/schema.org","@graph":[{"@type":"Article","@id":"https:\/\/lequotidien.mr\/?p=32417&lang=fr#article","isPartOf":{"@id":"https:\/\/lequotidien.mr\/?p=32417&lang=fr"},"author":{"name":"Med Ahmed","@id":"https:\/\/lequotidien.mr\/#\/schema\/person\/d2d350202a4d599685ed8abc25f97596"},"headline":"Nouakchott : Le 19e Sommet bancaire maghr\u00e9bin s&#8217;ouvre sur un plaidoyer pour l&#8217;int\u00e9gration et l&#8217;innovation","datePublished":"2025-11-18T19:51:54+00:00","mainEntityOfPage":{"@id":"https:\/\/lequotidien.mr\/?p=32417&lang=fr"},"wordCount":800,"commentCount":0,"publisher":{"@id":"https:\/\/lequotidien.mr\/#organization"},"image":{"@id":"https:\/\/lequotidien.mr\/?p=32417&lang=fr#primaryimage"},"thumbnailUrl":"https:\/\/lequotidien.mr\/wp-content\/uploads\/2025\/11\/photo-sommet-bcaire-mghrebin.jpg","articleSection":["ACTUALIT\u00c9","Economie"],"inLanguage":"ar","potentialAction":[{"@type":"CommentAction","name":"Comment","target":["https:\/\/lequotidien.mr\/?p=32417&lang=fr#respond"]}]},{"@type":"WebPage","@id":"https:\/\/lequotidien.mr\/?p=32417&lang=fr","url":"https:\/\/lequotidien.mr\/?p=32417&lang=fr","name":"Nouakchott : Le 19e Sommet bancaire maghr\u00e9bin s'ouvre sur un plaidoyer pour l'int\u00e9gration et l'innovation - Le Quotidien de Nouakchott","isPartOf":{"@id":"https:\/\/lequotidien.mr\/#website"},"primaryImageOfPage":{"@id":"https:\/\/lequotidien.mr\/?p=32417&lang=fr#primaryimage"},"image":{"@id":"https:\/\/lequotidien.mr\/?p=32417&lang=fr#primaryimage"},"thumbnailUrl":"https:\/\/lequotidien.mr\/wp-content\/uploads\/2025\/11\/photo-sommet-bcaire-mghrebin.jpg","datePublished":"2025-11-18T19:51:54+00:00","breadcrumb":{"@id":"https:\/\/lequotidien.mr\/?p=32417&lang=fr#breadcrumb"},"inLanguage":"ar","potentialAction":[{"@type":"ReadAction","target":["https:\/\/lequotidien.mr\/?p=32417&lang=fr"]}]},{"@type":"ImageObject","inLanguage":"ar","@id":"https:\/\/lequotidien.mr\/?p=32417&lang=fr#primaryimage","url":"https:\/\/lequotidien.mr\/wp-content\/uploads\/2025\/11\/photo-sommet-bcaire-mghrebin.jpg","contentUrl":"https:\/\/lequotidien.mr\/wp-content\/uploads\/2025\/11\/photo-sommet-bcaire-mghrebin.jpg","width":645,"height":383},{"@type":"BreadcrumbList","@id":"https:\/\/lequotidien.mr\/?p=32417&lang=fr#breadcrumb","itemListElement":[{"@type":"ListItem","position":1,"name":"Home","item":"https:\/\/lequotidien.mr\/"},{"@type":"ListItem","position":2,"name":"Nouakchott : Le 19e Sommet bancaire maghr\u00e9bin s&rsquo;ouvre sur un plaidoyer pour l&rsquo;int\u00e9gration et l&rsquo;innovation"}]},{"@type":"WebSite","@id":"https:\/\/lequotidien.mr\/#website","url":"https:\/\/lequotidien.mr\/","name":"Le Quotidien de Nouakchott","description":"\u0625\u062e\u0628\u0627\u0631\u064a\u0629 \u0645\u0633\u062a\u0642\u0644\u0629 \u0644\u0644\u0623\u0646\u0628\u0627\u0621 \u0627\u0644\u0639\u0627\u0645\u0629","publisher":{"@id":"https:\/\/lequotidien.mr\/#organization"},"potentialAction":[{"@type":"SearchAction","target":{"@type":"EntryPoint","urlTemplate":"https:\/\/lequotidien.mr\/?s={search_term_string}"},"query-input":{"@type":"PropertyValueSpecification","valueRequired":true,"valueName":"search_term_string"}}],"inLanguage":"ar"},{"@type":"Organization","@id":"https:\/\/lequotidien.mr\/#organization","name":"Le Quotidien de Nouakchott","url":"https:\/\/lequotidien.mr\/","logo":{"@type":"ImageObject","inLanguage":"ar","@id":"https:\/\/lequotidien.mr\/#\/schema\/logo\/image\/","url":"https:\/\/lequotidien.mr\/wp-content\/uploads\/2022\/11\/logolequotidien.jpg","contentUrl":"https:\/\/lequotidien.mr\/wp-content\/uploads\/2022\/11\/logolequotidien.jpg","width":290,"height":65,"caption":"Le Quotidien de Nouakchott"},"image":{"@id":"https:\/\/lequotidien.mr\/#\/schema\/logo\/image\/"},"sameAs":["https:\/\/web.facebook.com\/lequotidienmr","https:\/\/x.com\/lequotidienmr"]},{"@type":"Person","@id":"https:\/\/lequotidien.mr\/#\/schema\/person\/d2d350202a4d599685ed8abc25f97596","name":"Med Ahmed","image":{"@type":"ImageObject","inLanguage":"ar","@id":"https:\/\/secure.gravatar.com\/avatar\/fd2acc62ed50732923d1d39c17172c9b04149f142be92310ecc69e1358f94b52?s=96&d=mm&r=g","url":"https:\/\/secure.gravatar.com\/avatar\/fd2acc62ed50732923d1d39c17172c9b04149f142be92310ecc69e1358f94b52?s=96&d=mm&r=g","contentUrl":"https:\/\/secure.gravatar.com\/avatar\/fd2acc62ed50732923d1d39c17172c9b04149f142be92310ecc69e1358f94b52?s=96&d=mm&r=g","caption":"Med Ahmed"},"url":"https:\/\/lequotidien.mr\/?author=12"}]}},"_links":{"self":[{"href":"https:\/\/lequotidien.mr\/index.php?rest_route=\/wp\/v2\/posts\/32417","targetHints":{"allow":["GET"]}}],"collection":[{"href":"https:\/\/lequotidien.mr\/index.php?rest_route=\/wp\/v2\/posts"}],"about":[{"href":"https:\/\/lequotidien.mr\/index.php?rest_route=\/wp\/v2\/types\/post"}],"author":[{"embeddable":true,"href":"https:\/\/lequotidien.mr\/index.php?rest_route=\/wp\/v2\/users\/12"}],"replies":[{"embeddable":true,"href":"https:\/\/lequotidien.mr\/index.php?rest_route=%2Fwp%2Fv2%2Fcomments&post=32417"}],"version-history":[{"count":1,"href":"https:\/\/lequotidien.mr\/index.php?rest_route=\/wp\/v2\/posts\/32417\/revisions"}],"predecessor-version":[{"id":32422,"href":"https:\/\/lequotidien.mr\/index.php?rest_route=\/wp\/v2\/posts\/32417\/revisions\/32422"}],"wp:featuredmedia":[{"embeddable":true,"href":"https:\/\/lequotidien.mr\/index.php?rest_route=\/wp\/v2\/media\/32421"}],"wp:attachment":[{"href":"https:\/\/lequotidien.mr\/index.php?rest_route=%2Fwp%2Fv2%2Fmedia&parent=32417"}],"wp:term":[{"taxonomy":"category","embeddable":true,"href":"https:\/\/lequotidien.mr\/index.php?rest_route=%2Fwp%2Fv2%2Fcategories&post=32417"},{"taxonomy":"post_tag","embeddable":true,"href":"https:\/\/lequotidien.mr\/index.php?rest_route=%2Fwp%2Fv2%2Ftags&post=32417"}],"curies":[{"name":"wp","href":"https:\/\/api.w.org\/{rel}","templated":true}]}}