{"id":32304,"date":"2025-11-13T10:30:07","date_gmt":"2025-11-13T10:30:07","guid":{"rendered":"https:\/\/lequotidien.mr\/?p=32304"},"modified":"2025-11-13T10:30:07","modified_gmt":"2025-11-13T10:30:07","slug":"renforcement-de-la-cooperation-culturelle-et-academique-la-mauritanie-et-luniversite-roi-juan-carlos-scellent-un-nouveau-partenariat","status":"publish","type":"post","link":"https:\/\/lequotidien.mr\/?p=32304&lang=fr","title":{"rendered":"Renforcement de la coop\u00e9ration culturelle et acad\u00e9mique : La Mauritanie et l&#8217;Universit\u00e9 Roi Juan Carlos scellent un nouveau partenariat"},"content":{"rendered":"<p>Le <strong>Ministre de la Culture, des Arts, de la Communication et des Relations avec le Parlement, Porte-parole du Gouvernement, Monsieur El Houssein Meddou<\/strong>, a re\u00e7u, mardi dernier, dans son bureau \u00e0 Nouakchott, une d\u00e9l\u00e9gation de haut niveau de <strong>l&#8217;Universit\u00e9 Roi Juan Carlos de Madrid<\/strong>. Cette visite marque une \u00e9tape significative dans le dynamisme des relations culturelles et \u00e9ducatives entre la Mauritanie et l&#8217;Espagne.<\/p>\n<p>La d\u00e9l\u00e9gation espagnole \u00e9tait conduite par le <strong>Recteur de l&#8217;Universit\u00e9 Roi Juan Carlos, Monsieur Abraham Duarte Mu\u00f1oz<\/strong>. Elle comprenait \u00e9galement la <strong>Secr\u00e9taire<\/strong> <strong>G\u00e9n\u00e9rale, Madame Marta Albert<\/strong>, et le <strong>responsable du corps professoral et de la coop\u00e9ration, Monsieur Miguel \u00c1ngel del R\u00edo Vega<\/strong>. La pr\u00e9sence de ces hautes personnalit\u00e9s acad\u00e9miques souligne l&#8217;importance et le s\u00e9rieux que l&#8217;institution madril\u00e8ne accorde \u00e0 ce rapprochement avec la Mauritanie.<\/p>\n<p><strong>Au c\u0153ur des discussions : la formation et l&#8217;\u00e9change d&#8217;expertise<\/strong><\/p>\n<p>L&#8217;entretien a \u00e9t\u00e9 l&#8217;occasion d&#8217;examiner en d\u00e9tail les moyens de renforcer et de diversifier la coop\u00e9ration culturelle et acad\u00e9mique entre les deux pays. Les discussions ont port\u00e9 sur la cr\u00e9ation de synergies concr\u00e8tes, notamment dans les domaines de la formation, de l&#8217;\u00e9change d&#8217;exp\u00e9riences et du d\u00e9veloppement des capacit\u00e9s.<\/p>\n<p>Un accent particulier a \u00e9t\u00e9 mis sur les\u00a0<strong>professions culturelles et cr\u00e9atives<\/strong>, un secteur en plein essor en Mauritanie et qui repr\u00e9sente un axe prioritaire du minist\u00e8re. Les deux parties ont explor\u00e9 les opportunit\u00e9s de partenariat visant \u00e0 professionnaliser les m\u00e9tiers de la culture, \u00e0 moderniser les fili\u00e8res de formation et \u00e0 favoriser l&#8217;innovation dans ce domaine.<\/p>\n<p><strong>Vers un partenariat strat\u00e9gique et fructueux<\/strong><\/p>\n<p>Cette rencontre s&#8217;inscrit dans la volont\u00e9 du gouvernement mauritanien, sous l&#8217;impulsion du Ministre Meddou, d&#8217;ouvrir le secteur culturel national \u00e0 des coop\u00e9rations internationales mutuellement b\u00e9n\u00e9fiques. Le partenariat avec une institution aussi r\u00e9put\u00e9e que l&#8217;Universit\u00e9 Roi Juan Carlos ouvre des perspectives prometteuses pour les artistes, les professionnels de la culture et les \u00e9tudiants mauritaniens.<\/p>\n<p>Des domaines de collaboration tels que les \u00e9changes universitaires, la codirection de th\u00e8ses, l&#8217;organisation de workshops et de r\u00e9sidences d&#8217;artistes, ou encore le partage d&#8217;expertise en mati\u00e8re de politiques culturelles, ont \u00e9t\u00e9 \u00e9voqu\u00e9s comme autant de pistes \u00e0 concr\u00e9tiser dans un avenir proche.<\/p>\n<p>Cette initiative renforce le pont culturel et acad\u00e9mique entre Nouakchott et Madrid, promettant un enrichissement bilat\u00e9ral et une contribution au d\u00e9veloppement du capital humain dans le secteur des industries culturelles et cr\u00e9atives en Mauritanie.<\/p>\n","protected":false},"excerpt":{"rendered":"<p>Le Ministre de la Culture, des Arts, de la Communication et des Relations avec le Parlement, Porte-parole du Gouvernement, Monsieur El Houssein Meddou, a re\u00e7u, mardi dernier, dans son bureau \u00e0 Nouakchott, une d\u00e9l\u00e9gation de haut niveau de l&#8217;Universit\u00e9 Roi Juan Carlos de Madrid. Cette visite marque une \u00e9tape significative dans le dynamisme des relations&#8230;..<\/p>\n","protected":false},"author":12,"featured_media":32305,"comment_status":"open","ping_status":"open","sticky":false,"template":"","format":"standard","meta":{"footnotes":""},"categories":[23,55],"tags":[],"class_list":["post-32304","post","type-post","status-publish","format-standard","has-post-thumbnail","hentry","category-actualite","category-culture"],"yoast_head":"<!-- This site is optimized with the Yoast SEO plugin v27.5 - https:\/\/yoast.com\/product\/yoast-seo-wordpress\/ -->\n<title>Renforcement de la coop\u00e9ration culturelle et acad\u00e9mique : La Mauritanie et l&#039;Universit\u00e9 Roi Juan Carlos scellent un nouveau partenariat - Le Quotidien de Nouakchott<\/title>\n<meta name=\"robots\" content=\"index, follow, max-snippet:-1, max-image-preview:large, max-video-preview:-1\" \/>\n<link rel=\"canonical\" href=\"https:\/\/lequotidien.mr\/?p=32304&lang=fr\" \/>\n<meta property=\"og:locale\" content=\"ar_AR\" \/>\n<meta property=\"og:type\" content=\"article\" \/>\n<meta property=\"og:title\" content=\"Renforcement de la coop\u00e9ration culturelle et acad\u00e9mique : La Mauritanie et l&#039;Universit\u00e9 Roi Juan Carlos scellent un nouveau partenariat - Le Quotidien de Nouakchott\" \/>\n<meta property=\"og:description\" content=\"Le Ministre de la Culture, des Arts, de la Communication et des Relations avec le Parlement, Porte-parole du Gouvernement, Monsieur El Houssein Meddou, a re\u00e7u, mardi dernier, dans son bureau \u00e0 Nouakchott, une d\u00e9l\u00e9gation de haut niveau de l&#8217;Universit\u00e9 Roi Juan Carlos de Madrid. Cette visite marque une \u00e9tape significative dans le dynamisme des relations.....\" \/>\n<meta property=\"og:url\" content=\"https:\/\/lequotidien.mr\/?p=32304&amp;lang=fr\" \/>\n<meta property=\"og:site_name\" content=\"Le Quotidien de Nouakchott\" \/>\n<meta property=\"article:publisher\" content=\"https:\/\/web.facebook.com\/lequotidienmr\" \/>\n<meta property=\"article:published_time\" content=\"2025-11-13T10:30:07+00:00\" \/>\n<meta property=\"og:image\" content=\"https:\/\/lequotidien.mr\/wp-content\/uploads\/2025\/11\/photo-academiciens-Unvt-Juan-Carlos.jpg\" \/>\n\t<meta property=\"og:image:width\" content=\"750\" \/>\n\t<meta property=\"og:image:height\" content=\"430\" \/>\n\t<meta property=\"og:image:type\" content=\"image\/jpeg\" \/>\n<meta name=\"author\" content=\"Med Ahmed\" \/>\n<meta name=\"twitter:card\" content=\"summary_large_image\" \/>\n<meta name=\"twitter:creator\" content=\"@lequotidienmr\" \/>\n<meta name=\"twitter:site\" content=\"@lequotidienmr\" \/>\n<meta name=\"twitter:label1\" content=\"\u0643\u064f\u062a\u0628 \u0628\u0648\u0627\u0633\u0637\u0629\" \/>\n\t<meta name=\"twitter:data1\" content=\"Med Ahmed\" \/>\n\t<meta name=\"twitter:label2\" content=\"\u0648\u0642\u062a \u0627\u0644\u0642\u0631\u0627\u0621\u0629 \u0627\u0644\u0645\u064f\u0642\u062f\u0651\u0631\" \/>\n\t<meta name=\"twitter:data2\" content=\"3 \u062f\u0642\u0627\u0626\u0642\" \/>\n<script type=\"application\/ld+json\" class=\"yoast-schema-graph\">{\"@context\":\"https:\\\/\\\/schema.org\",\"@graph\":[{\"@type\":\"Article\",\"@id\":\"https:\\\/\\\/lequotidien.mr\\\/?p=32304&lang=fr#article\",\"isPartOf\":{\"@id\":\"https:\\\/\\\/lequotidien.mr\\\/?p=32304&lang=fr\"},\"author\":{\"name\":\"Med Ahmed\",\"@id\":\"https:\\\/\\\/lequotidien.mr\\\/#\\\/schema\\\/person\\\/d2d350202a4d599685ed8abc25f97596\"},\"headline\":\"Renforcement de la coop\u00e9ration culturelle et acad\u00e9mique : La Mauritanie et l&#8217;Universit\u00e9 Roi Juan Carlos scellent un nouveau partenariat\",\"datePublished\":\"2025-11-13T10:30:07+00:00\",\"mainEntityOfPage\":{\"@id\":\"https:\\\/\\\/lequotidien.mr\\\/?p=32304&lang=fr\"},\"wordCount\":457,\"commentCount\":0,\"publisher\":{\"@id\":\"https:\\\/\\\/lequotidien.mr\\\/#organization\"},\"image\":{\"@id\":\"https:\\\/\\\/lequotidien.mr\\\/?p=32304&lang=fr#primaryimage\"},\"thumbnailUrl\":\"https:\\\/\\\/lequotidien.mr\\\/wp-content\\\/uploads\\\/2025\\\/11\\\/photo-academiciens-Unvt-Juan-Carlos.jpg\",\"articleSection\":[\"ACTUALIT\u00c9\",\"Culture\"],\"inLanguage\":\"ar\",\"potentialAction\":[{\"@type\":\"CommentAction\",\"name\":\"Comment\",\"target\":[\"https:\\\/\\\/lequotidien.mr\\\/?p=32304&lang=fr#respond\"]}]},{\"@type\":\"WebPage\",\"@id\":\"https:\\\/\\\/lequotidien.mr\\\/?p=32304&lang=fr\",\"url\":\"https:\\\/\\\/lequotidien.mr\\\/?p=32304&lang=fr\",\"name\":\"Renforcement de la coop\u00e9ration culturelle et acad\u00e9mique : La Mauritanie et l'Universit\u00e9 Roi Juan Carlos scellent un nouveau partenariat - Le Quotidien de Nouakchott\",\"isPartOf\":{\"@id\":\"https:\\\/\\\/lequotidien.mr\\\/#website\"},\"primaryImageOfPage\":{\"@id\":\"https:\\\/\\\/lequotidien.mr\\\/?p=32304&lang=fr#primaryimage\"},\"image\":{\"@id\":\"https:\\\/\\\/lequotidien.mr\\\/?p=32304&lang=fr#primaryimage\"},\"thumbnailUrl\":\"https:\\\/\\\/lequotidien.mr\\\/wp-content\\\/uploads\\\/2025\\\/11\\\/photo-academiciens-Unvt-Juan-Carlos.jpg\",\"datePublished\":\"2025-11-13T10:30:07+00:00\",\"breadcrumb\":{\"@id\":\"https:\\\/\\\/lequotidien.mr\\\/?p=32304&lang=fr#breadcrumb\"},\"inLanguage\":\"ar\",\"potentialAction\":[{\"@type\":\"ReadAction\",\"target\":[\"https:\\\/\\\/lequotidien.mr\\\/?p=32304&lang=fr\"]}]},{\"@type\":\"ImageObject\",\"inLanguage\":\"ar\",\"@id\":\"https:\\\/\\\/lequotidien.mr\\\/?p=32304&lang=fr#primaryimage\",\"url\":\"https:\\\/\\\/lequotidien.mr\\\/wp-content\\\/uploads\\\/2025\\\/11\\\/photo-academiciens-Unvt-Juan-Carlos.jpg\",\"contentUrl\":\"https:\\\/\\\/lequotidien.mr\\\/wp-content\\\/uploads\\\/2025\\\/11\\\/photo-academiciens-Unvt-Juan-Carlos.jpg\",\"width\":750,\"height\":430},{\"@type\":\"BreadcrumbList\",\"@id\":\"https:\\\/\\\/lequotidien.mr\\\/?p=32304&lang=fr#breadcrumb\",\"itemListElement\":[{\"@type\":\"ListItem\",\"position\":1,\"name\":\"Home\",\"item\":\"https:\\\/\\\/lequotidien.mr\\\/\"},{\"@type\":\"ListItem\",\"position\":2,\"name\":\"Renforcement de la coop\u00e9ration culturelle et acad\u00e9mique : La Mauritanie et l&rsquo;Universit\u00e9 Roi Juan Carlos scellent un nouveau partenariat\"}]},{\"@type\":\"WebSite\",\"@id\":\"https:\\\/\\\/lequotidien.mr\\\/#website\",\"url\":\"https:\\\/\\\/lequotidien.mr\\\/\",\"name\":\"Le Quotidien de Nouakchott\",\"description\":\"\u0625\u062e\u0628\u0627\u0631\u064a\u0629 \u0645\u0633\u062a\u0642\u0644\u0629 \u0644\u0644\u0623\u0646\u0628\u0627\u0621 \u0627\u0644\u0639\u0627\u0645\u0629\",\"publisher\":{\"@id\":\"https:\\\/\\\/lequotidien.mr\\\/#organization\"},\"potentialAction\":[{\"@type\":\"SearchAction\",\"target\":{\"@type\":\"EntryPoint\",\"urlTemplate\":\"https:\\\/\\\/lequotidien.mr\\\/?s={search_term_string}\"},\"query-input\":{\"@type\":\"PropertyValueSpecification\",\"valueRequired\":true,\"valueName\":\"search_term_string\"}}],\"inLanguage\":\"ar\"},{\"@type\":\"Organization\",\"@id\":\"https:\\\/\\\/lequotidien.mr\\\/#organization\",\"name\":\"Le Quotidien de Nouakchott\",\"url\":\"https:\\\/\\\/lequotidien.mr\\\/\",\"logo\":{\"@type\":\"ImageObject\",\"inLanguage\":\"ar\",\"@id\":\"https:\\\/\\\/lequotidien.mr\\\/#\\\/schema\\\/logo\\\/image\\\/\",\"url\":\"https:\\\/\\\/lequotidien.mr\\\/wp-content\\\/uploads\\\/2022\\\/11\\\/logolequotidien.jpg\",\"contentUrl\":\"https:\\\/\\\/lequotidien.mr\\\/wp-content\\\/uploads\\\/2022\\\/11\\\/logolequotidien.jpg\",\"width\":290,\"height\":65,\"caption\":\"Le Quotidien de Nouakchott\"},\"image\":{\"@id\":\"https:\\\/\\\/lequotidien.mr\\\/#\\\/schema\\\/logo\\\/image\\\/\"},\"sameAs\":[\"https:\\\/\\\/web.facebook.com\\\/lequotidienmr\",\"https:\\\/\\\/x.com\\\/lequotidienmr\"]},{\"@type\":\"Person\",\"@id\":\"https:\\\/\\\/lequotidien.mr\\\/#\\\/schema\\\/person\\\/d2d350202a4d599685ed8abc25f97596\",\"name\":\"Med Ahmed\",\"image\":{\"@type\":\"ImageObject\",\"inLanguage\":\"ar\",\"@id\":\"https:\\\/\\\/secure.gravatar.com\\\/avatar\\\/fd2acc62ed50732923d1d39c17172c9b04149f142be92310ecc69e1358f94b52?s=96&d=mm&r=g\",\"url\":\"https:\\\/\\\/secure.gravatar.com\\\/avatar\\\/fd2acc62ed50732923d1d39c17172c9b04149f142be92310ecc69e1358f94b52?s=96&d=mm&r=g\",\"contentUrl\":\"https:\\\/\\\/secure.gravatar.com\\\/avatar\\\/fd2acc62ed50732923d1d39c17172c9b04149f142be92310ecc69e1358f94b52?s=96&d=mm&r=g\",\"caption\":\"Med Ahmed\"},\"url\":\"https:\\\/\\\/lequotidien.mr\\\/?author=12\"}]}<\/script>\n<!-- \/ Yoast SEO plugin. -->","yoast_head_json":{"title":"Renforcement de la coop\u00e9ration culturelle et acad\u00e9mique : La Mauritanie et l'Universit\u00e9 Roi Juan Carlos scellent un nouveau partenariat - Le Quotidien de Nouakchott","robots":{"index":"index","follow":"follow","max-snippet":"max-snippet:-1","max-image-preview":"max-image-preview:large","max-video-preview":"max-video-preview:-1"},"canonical":"https:\/\/lequotidien.mr\/?p=32304&lang=fr","og_locale":"ar_AR","og_type":"article","og_title":"Renforcement de la coop\u00e9ration culturelle et acad\u00e9mique : La Mauritanie et l'Universit\u00e9 Roi Juan Carlos scellent un nouveau partenariat - Le Quotidien de Nouakchott","og_description":"Le Ministre de la Culture, des Arts, de la Communication et des Relations avec le Parlement, Porte-parole du Gouvernement, Monsieur El Houssein Meddou, a re\u00e7u, mardi dernier, dans son bureau \u00e0 Nouakchott, une d\u00e9l\u00e9gation de haut niveau de l&#8217;Universit\u00e9 Roi Juan Carlos de Madrid. Cette visite marque une \u00e9tape significative dans le dynamisme des relations.....","og_url":"https:\/\/lequotidien.mr\/?p=32304&lang=fr","og_site_name":"Le Quotidien de Nouakchott","article_publisher":"https:\/\/web.facebook.com\/lequotidienmr","article_published_time":"2025-11-13T10:30:07+00:00","og_image":[{"width":750,"height":430,"url":"https:\/\/lequotidien.mr\/wp-content\/uploads\/2025\/11\/photo-academiciens-Unvt-Juan-Carlos.jpg","type":"image\/jpeg"}],"author":"Med Ahmed","twitter_card":"summary_large_image","twitter_creator":"@lequotidienmr","twitter_site":"@lequotidienmr","twitter_misc":{"\u0643\u064f\u062a\u0628 \u0628\u0648\u0627\u0633\u0637\u0629":"Med Ahmed","\u0648\u0642\u062a \u0627\u0644\u0642\u0631\u0627\u0621\u0629 \u0627\u0644\u0645\u064f\u0642\u062f\u0651\u0631":"3 \u062f\u0642\u0627\u0626\u0642"},"schema":{"@context":"https:\/\/schema.org","@graph":[{"@type":"Article","@id":"https:\/\/lequotidien.mr\/?p=32304&lang=fr#article","isPartOf":{"@id":"https:\/\/lequotidien.mr\/?p=32304&lang=fr"},"author":{"name":"Med Ahmed","@id":"https:\/\/lequotidien.mr\/#\/schema\/person\/d2d350202a4d599685ed8abc25f97596"},"headline":"Renforcement de la coop\u00e9ration culturelle et acad\u00e9mique : La Mauritanie et l&#8217;Universit\u00e9 Roi Juan Carlos scellent un nouveau partenariat","datePublished":"2025-11-13T10:30:07+00:00","mainEntityOfPage":{"@id":"https:\/\/lequotidien.mr\/?p=32304&lang=fr"},"wordCount":457,"commentCount":0,"publisher":{"@id":"https:\/\/lequotidien.mr\/#organization"},"image":{"@id":"https:\/\/lequotidien.mr\/?p=32304&lang=fr#primaryimage"},"thumbnailUrl":"https:\/\/lequotidien.mr\/wp-content\/uploads\/2025\/11\/photo-academiciens-Unvt-Juan-Carlos.jpg","articleSection":["ACTUALIT\u00c9","Culture"],"inLanguage":"ar","potentialAction":[{"@type":"CommentAction","name":"Comment","target":["https:\/\/lequotidien.mr\/?p=32304&lang=fr#respond"]}]},{"@type":"WebPage","@id":"https:\/\/lequotidien.mr\/?p=32304&lang=fr","url":"https:\/\/lequotidien.mr\/?p=32304&lang=fr","name":"Renforcement de la coop\u00e9ration culturelle et acad\u00e9mique : La Mauritanie et l'Universit\u00e9 Roi Juan Carlos scellent un nouveau partenariat - Le Quotidien de Nouakchott","isPartOf":{"@id":"https:\/\/lequotidien.mr\/#website"},"primaryImageOfPage":{"@id":"https:\/\/lequotidien.mr\/?p=32304&lang=fr#primaryimage"},"image":{"@id":"https:\/\/lequotidien.mr\/?p=32304&lang=fr#primaryimage"},"thumbnailUrl":"https:\/\/lequotidien.mr\/wp-content\/uploads\/2025\/11\/photo-academiciens-Unvt-Juan-Carlos.jpg","datePublished":"2025-11-13T10:30:07+00:00","breadcrumb":{"@id":"https:\/\/lequotidien.mr\/?p=32304&lang=fr#breadcrumb"},"inLanguage":"ar","potentialAction":[{"@type":"ReadAction","target":["https:\/\/lequotidien.mr\/?p=32304&lang=fr"]}]},{"@type":"ImageObject","inLanguage":"ar","@id":"https:\/\/lequotidien.mr\/?p=32304&lang=fr#primaryimage","url":"https:\/\/lequotidien.mr\/wp-content\/uploads\/2025\/11\/photo-academiciens-Unvt-Juan-Carlos.jpg","contentUrl":"https:\/\/lequotidien.mr\/wp-content\/uploads\/2025\/11\/photo-academiciens-Unvt-Juan-Carlos.jpg","width":750,"height":430},{"@type":"BreadcrumbList","@id":"https:\/\/lequotidien.mr\/?p=32304&lang=fr#breadcrumb","itemListElement":[{"@type":"ListItem","position":1,"name":"Home","item":"https:\/\/lequotidien.mr\/"},{"@type":"ListItem","position":2,"name":"Renforcement de la coop\u00e9ration culturelle et acad\u00e9mique : La Mauritanie et l&rsquo;Universit\u00e9 Roi Juan Carlos scellent un nouveau partenariat"}]},{"@type":"WebSite","@id":"https:\/\/lequotidien.mr\/#website","url":"https:\/\/lequotidien.mr\/","name":"Le Quotidien de Nouakchott","description":"\u0625\u062e\u0628\u0627\u0631\u064a\u0629 \u0645\u0633\u062a\u0642\u0644\u0629 \u0644\u0644\u0623\u0646\u0628\u0627\u0621 \u0627\u0644\u0639\u0627\u0645\u0629","publisher":{"@id":"https:\/\/lequotidien.mr\/#organization"},"potentialAction":[{"@type":"SearchAction","target":{"@type":"EntryPoint","urlTemplate":"https:\/\/lequotidien.mr\/?s={search_term_string}"},"query-input":{"@type":"PropertyValueSpecification","valueRequired":true,"valueName":"search_term_string"}}],"inLanguage":"ar"},{"@type":"Organization","@id":"https:\/\/lequotidien.mr\/#organization","name":"Le Quotidien de Nouakchott","url":"https:\/\/lequotidien.mr\/","logo":{"@type":"ImageObject","inLanguage":"ar","@id":"https:\/\/lequotidien.mr\/#\/schema\/logo\/image\/","url":"https:\/\/lequotidien.mr\/wp-content\/uploads\/2022\/11\/logolequotidien.jpg","contentUrl":"https:\/\/lequotidien.mr\/wp-content\/uploads\/2022\/11\/logolequotidien.jpg","width":290,"height":65,"caption":"Le Quotidien de Nouakchott"},"image":{"@id":"https:\/\/lequotidien.mr\/#\/schema\/logo\/image\/"},"sameAs":["https:\/\/web.facebook.com\/lequotidienmr","https:\/\/x.com\/lequotidienmr"]},{"@type":"Person","@id":"https:\/\/lequotidien.mr\/#\/schema\/person\/d2d350202a4d599685ed8abc25f97596","name":"Med Ahmed","image":{"@type":"ImageObject","inLanguage":"ar","@id":"https:\/\/secure.gravatar.com\/avatar\/fd2acc62ed50732923d1d39c17172c9b04149f142be92310ecc69e1358f94b52?s=96&d=mm&r=g","url":"https:\/\/secure.gravatar.com\/avatar\/fd2acc62ed50732923d1d39c17172c9b04149f142be92310ecc69e1358f94b52?s=96&d=mm&r=g","contentUrl":"https:\/\/secure.gravatar.com\/avatar\/fd2acc62ed50732923d1d39c17172c9b04149f142be92310ecc69e1358f94b52?s=96&d=mm&r=g","caption":"Med Ahmed"},"url":"https:\/\/lequotidien.mr\/?author=12"}]}},"_links":{"self":[{"href":"https:\/\/lequotidien.mr\/index.php?rest_route=\/wp\/v2\/posts\/32304","targetHints":{"allow":["GET"]}}],"collection":[{"href":"https:\/\/lequotidien.mr\/index.php?rest_route=\/wp\/v2\/posts"}],"about":[{"href":"https:\/\/lequotidien.mr\/index.php?rest_route=\/wp\/v2\/types\/post"}],"author":[{"embeddable":true,"href":"https:\/\/lequotidien.mr\/index.php?rest_route=\/wp\/v2\/users\/12"}],"replies":[{"embeddable":true,"href":"https:\/\/lequotidien.mr\/index.php?rest_route=%2Fwp%2Fv2%2Fcomments&post=32304"}],"version-history":[{"count":1,"href":"https:\/\/lequotidien.mr\/index.php?rest_route=\/wp\/v2\/posts\/32304\/revisions"}],"predecessor-version":[{"id":32306,"href":"https:\/\/lequotidien.mr\/index.php?rest_route=\/wp\/v2\/posts\/32304\/revisions\/32306"}],"wp:featuredmedia":[{"embeddable":true,"href":"https:\/\/lequotidien.mr\/index.php?rest_route=\/wp\/v2\/media\/32305"}],"wp:attachment":[{"href":"https:\/\/lequotidien.mr\/index.php?rest_route=%2Fwp%2Fv2%2Fmedia&parent=32304"}],"wp:term":[{"taxonomy":"category","embeddable":true,"href":"https:\/\/lequotidien.mr\/index.php?rest_route=%2Fwp%2Fv2%2Fcategories&post=32304"},{"taxonomy":"post_tag","embeddable":true,"href":"https:\/\/lequotidien.mr\/index.php?rest_route=%2Fwp%2Fv2%2Ftags&post=32304"}],"curies":[{"name":"wp","href":"https:\/\/api.w.org\/{rel}","templated":true}]}}