{"id":32288,"date":"2025-11-12T12:48:39","date_gmt":"2025-11-12T12:48:39","guid":{"rendered":"https:\/\/lequotidien.mr\/?p=32288"},"modified":"2025-11-12T12:48:39","modified_gmt":"2025-11-12T12:48:39","slug":"le-president-el-ghazouani-a-adel-bagrou-leducation-pilier-du-developpement-et-rempart-contre-les-divisions","status":"publish","type":"post","link":"https:\/\/lequotidien.mr\/?p=32288&lang=fr","title":{"rendered":"Le Pr\u00e9sident El Ghazouani \u00e0 Adel Bagrou : \u00ab L&#8217;\u00e9ducation, pilier du d\u00e9veloppement et rempart contre les divisions \u00bb"},"content":{"rendered":"<p>Lors d&#8217;une r\u00e9union avec les cadres de la moughataa d&#8217;Adel Bagrou, le <strong>Pr\u00e9sident de la R\u00e9publique, M. Mohamed Cheikh El Ghazouani<\/strong>, a prononc\u00e9 un discours fondateur, pla\u00e7ant l&#8217;\u00e9ducation au c\u0153ur du projet de soci\u00e9t\u00e9 mauritanien. Il a pr\u00e9sent\u00e9 la connaissance comme le socle indispensable de tout d\u00e9veloppement durable et le meilleur antidote aux fl\u00e9aux qui menacent la coh\u00e9sion nationale. Son intervention a \u00e9t\u00e9 l&#8217;occasion de dresser un bilan des r\u00e9formes engag\u00e9es et d&#8217;appeler \u00e0 une mobilisation collective pour l&#8217;avenir de l&#8217;\u00e9cole.<\/p>\n<p><strong>L&#8217;\u00e9ducation inclusive : Un imp\u00e9ratif pour le d\u00e9veloppement et la coh\u00e9sion sociale<\/strong><\/p>\n<p>Le Chef de l&#8217;\u00c9tat a insist\u00e9 sur le r\u00f4le central d&#8217;une \u00e9ducation inclusive, sans laquelle il ne peut y avoir ni transformation sociale p\u00e9renne, ni progr\u00e8s v\u00e9ritable. Il a avanc\u00e9 une id\u00e9e forte, d\u00e9clarant <strong><em>qu&#8217;\u00ab il est difficile de g\u00e9rer les peuples non \u00e9duqu\u00e9s et facile de les dominer et de les d\u00e9sint\u00e9grer \u00bb<\/em><\/strong>. Pour lui, l&#8217;ignorance est le terreau de la manipulation et de la division.<\/p>\n<p>Il a ainsi soulign\u00e9 que des maux tels que <strong><em>\u00ab le sectarisme, la hi\u00e9rarchie illusoire, le tribalisme et le r\u00e9gionalisme ne peuvent pr\u00e9valoir dans les soci\u00e9t\u00e9s \u00e9duqu\u00e9es \u00bb<\/em><\/strong>. L&#8217;\u00e9ducation est donc pr\u00e9sent\u00e9e comme un rempart contre les fractures sociales et un vecteur d&#8217;unit\u00e9 nationale. Le Pr\u00e9sident El Ghazouani a affirm\u00e9 que la <strong><em>\u00ab solution radicale aux disparit\u00e9s \u00e9conomiques et sociales ne peut \u00eatre r\u00e9alis\u00e9e que par la science \u00bb.<\/em><\/strong><\/p>\n<p><strong>L&#8217;\u00e9cole r\u00e9publicaine : Un projet structurant et des investissements massifs<\/strong><\/p>\n<p>Le Pr\u00e9sident a rappel\u00e9 l&#8217;engagement de l&#8217;\u00c9tat, pris il y a quatre ans, de mettre en place le projet de l&#8217;\u00c9cole R\u00e9publicaine. Cette ambition, jug\u00e9e \u00ab n\u00e9cessaire et appropri\u00e9e pour la coh\u00e9sion de nos g\u00e9n\u00e9rations et l&#8217;int\u00e9r\u00eat g\u00e9n\u00e9ral de notre pays \u00bb, n\u00e9cessite des moyens \u00e0 la hauteur des enjeux.<\/p>\n<p>M. El Ghazouani a d\u00e9taill\u00e9 les efforts d\u00e9j\u00e0 consentis : construction de <strong>plus de 5 400 salles de classe<\/strong>et recrutement de\u00a0<strong>13 000 enseignants<\/strong>. Loin de se reposer sur ces acquis, il a annonc\u00e9 un plan futur \u00ab pour les deux prochaines ann\u00e9es \u00bb visant \u00e0 construire\u00a0<strong>8 000 salles de classe suppl\u00e9mentaires<\/strong>et \u00e0 recruter des milliers de nouveaux enseignants. Cet investissement massif dans les infrastructures et les ressources humaines d\u00e9montre la priorit\u00e9 absolue accord\u00e9e au secteur \u00e9ducatif.<\/p>\n<p><strong>Enseignement et discrimination positive : Les leviers de l&#8217;\u00e9quit\u00e9<\/strong><\/p>\n<p>La vision du Pr\u00e9sident s&#8217;\u00e9tend \u00e0 tous les niveaux du syst\u00e8me \u00e9ducatif. Il a ainsi mis en avant les investissements dans l&#8217;enseignement sup\u00e9rieur et la formation professionnelle, permettant de multiplier par cinq la capacit\u00e9 d&#8217;accueil des institutions, pass\u00e9e de 4 000 \u00e0 20 000 jeunes.<\/p>\n<p>Conscient des in\u00e9galit\u00e9s territoriales, M. El Ghazouani a soulign\u00e9 la mise en place de politiques de discrimination positive. La g\u00e9n\u00e9ralisation des bourses pour les enfants des familles inscrites au registre social et l&#8217;adoption du <strong><em>\u00ab m\u00e9canisme de discrimination r\u00e9publicaine \u00bb<\/em><\/strong> permettent aux \u00e9l\u00e8ves des zones d\u00e9favoris\u00e9es d&#8217;acc\u00e9der aux coll\u00e8ges et lyc\u00e9es d&#8217;excellence, moyennant un accompagnement adapt\u00e9.<\/p>\n<p><strong>Un appel \u00e0 la mobilisation nationale et une \u00e9coute des territoires<\/strong><\/p>\n<p>Le Pr\u00e9sident a lanc\u00e9 un appel solennel \u00e0 <strong><em>\u00ab toutes les \u00e9lites politiques, culturelles, m\u00e9diatiques et \u00e9conomiques \u00bb<\/em><\/strong> pour qu&#8217;elles s&#8217;engagent dans un <strong><em>\u00ab \u00e9lan national \u00bb<\/em><\/strong> faisant de l&#8217;\u00e9cole une pr\u00e9occupation de tous. Il a \u00e9galement rendu hommage au travail <strong><em>\u00ab colossal \u00bb<\/em><\/strong> des enseignants, promettant que l&#8217;\u00c9tat \u0153uvrerait \u00e0 am\u00e9liorer leurs conditions de vie et de travail.<\/p>\n<p>Enfin, sa visite \u00e0 Adel Bagrou s&#8217;inscrit dans une d\u00e9marche d&#8217;\u00e9coute des territoires. Il a \u00e9cout\u00e9 les dol\u00e9ances et les aspirations des notables et des cadres locaux, reconnaissant la position \u00e9conomique et strat\u00e9gique importante de cette moughataa. Les ministres pr\u00e9sents ont r\u00e9pondu point par point, d\u00e9taillant les r\u00e9alisations et les projets de d\u00e9veloppement pr\u00e9vus pour la r\u00e9gion.<\/p>\n<p>Le discours du Pr\u00e9sident Mohamed Cheikh El Ghazouani \u00e0 Adel Bagrou d\u00e9passe le cadre d&#8217;une simple d\u00e9claration de politique \u00e9ducative. C&#8217;est un plaidoyer pour une Mauritanie unie, prosp\u00e8re et \u00e9clair\u00e9e, o\u00f9 l&#8217;\u00c9cole R\u00e9publicaine est investie d&#8217;une mission de justice sociale, de coh\u00e9sion nationale et de progr\u00e8s \u00e9conomique. En faisant de l&#8217;\u00e9ducation la pierre angulaire de son action, le Chef de l&#8217;\u00c9tat envoie un message clair : l&#8217;avenir du pays se construit d&#8217;abord dans les salles de classe.<\/p>\n","protected":false},"excerpt":{"rendered":"<p>Lors d&#8217;une r\u00e9union avec les cadres de la moughataa d&#8217;Adel Bagrou, le Pr\u00e9sident de la R\u00e9publique, M. Mohamed Cheikh El Ghazouani, a prononc\u00e9 un discours fondateur, pla\u00e7ant l&#8217;\u00e9ducation au c\u0153ur du projet de soci\u00e9t\u00e9 mauritanien. Il a pr\u00e9sent\u00e9 la connaissance comme le socle indispensable de tout d\u00e9veloppement durable et le meilleur antidote aux fl\u00e9aux qui&#8230;..<\/p>\n","protected":false},"author":12,"featured_media":32289,"comment_status":"open","ping_status":"open","sticky":false,"template":"","format":"standard","meta":{"footnotes":""},"categories":[23,55],"tags":[],"class_list":["post-32288","post","type-post","status-publish","format-standard","has-post-thumbnail","hentry","category-actualite","category-culture"],"yoast_head":"<!-- This site is optimized with the Yoast SEO plugin v27.5 - https:\/\/yoast.com\/product\/yoast-seo-wordpress\/ -->\n<title>Le Pr\u00e9sident El Ghazouani \u00e0 Adel Bagrou : \u00ab L&#039;\u00e9ducation, pilier du d\u00e9veloppement et rempart contre les divisions \u00bb - Le Quotidien de Nouakchott<\/title>\n<meta name=\"robots\" content=\"index, follow, max-snippet:-1, max-image-preview:large, max-video-preview:-1\" \/>\n<link rel=\"canonical\" href=\"https:\/\/lequotidien.mr\/?p=32288&lang=fr\" \/>\n<meta property=\"og:locale\" content=\"ar_AR\" \/>\n<meta property=\"og:type\" content=\"article\" \/>\n<meta property=\"og:title\" content=\"Le Pr\u00e9sident El Ghazouani \u00e0 Adel Bagrou : \u00ab L&#039;\u00e9ducation, pilier du d\u00e9veloppement et rempart contre les divisions \u00bb - Le Quotidien de Nouakchott\" \/>\n<meta property=\"og:description\" content=\"Lors d&#8217;une r\u00e9union avec les cadres de la moughataa d&#8217;Adel Bagrou, le Pr\u00e9sident de la R\u00e9publique, M. Mohamed Cheikh El Ghazouani, a prononc\u00e9 un discours fondateur, pla\u00e7ant l&#8217;\u00e9ducation au c\u0153ur du projet de soci\u00e9t\u00e9 mauritanien. Il a pr\u00e9sent\u00e9 la connaissance comme le socle indispensable de tout d\u00e9veloppement durable et le meilleur antidote aux fl\u00e9aux qui.....\" \/>\n<meta property=\"og:url\" content=\"https:\/\/lequotidien.mr\/?p=32288&amp;lang=fr\" \/>\n<meta property=\"og:site_name\" content=\"Le Quotidien de Nouakchott\" \/>\n<meta property=\"article:publisher\" content=\"https:\/\/web.facebook.com\/lequotidienmr\" \/>\n<meta property=\"article:published_time\" content=\"2025-11-12T12:48:39+00:00\" \/>\n<meta property=\"og:image\" content=\"https:\/\/lequotidien.mr\/wp-content\/uploads\/2025\/11\/photo-invest-Education.jpg\" \/>\n\t<meta property=\"og:image:width\" content=\"750\" \/>\n\t<meta property=\"og:image:height\" content=\"351\" \/>\n\t<meta property=\"og:image:type\" content=\"image\/jpeg\" \/>\n<meta name=\"author\" content=\"Med Ahmed\" \/>\n<meta name=\"twitter:card\" content=\"summary_large_image\" \/>\n<meta name=\"twitter:creator\" content=\"@lequotidienmr\" \/>\n<meta name=\"twitter:site\" content=\"@lequotidienmr\" \/>\n<meta name=\"twitter:label1\" content=\"\u0643\u064f\u062a\u0628 \u0628\u0648\u0627\u0633\u0637\u0629\" \/>\n\t<meta name=\"twitter:data1\" content=\"Med Ahmed\" \/>\n\t<meta name=\"twitter:label2\" content=\"\u0648\u0642\u062a \u0627\u0644\u0642\u0631\u0627\u0621\u0629 \u0627\u0644\u0645\u064f\u0642\u062f\u0651\u0631\" \/>\n\t<meta name=\"twitter:data2\" content=\"5 \u062f\u0642\u0627\u0626\u0642\" \/>\n<script type=\"application\/ld+json\" class=\"yoast-schema-graph\">{\"@context\":\"https:\\\/\\\/schema.org\",\"@graph\":[{\"@type\":\"Article\",\"@id\":\"https:\\\/\\\/lequotidien.mr\\\/?p=32288&lang=fr#article\",\"isPartOf\":{\"@id\":\"https:\\\/\\\/lequotidien.mr\\\/?p=32288&lang=fr\"},\"author\":{\"name\":\"Med Ahmed\",\"@id\":\"https:\\\/\\\/lequotidien.mr\\\/#\\\/schema\\\/person\\\/d2d350202a4d599685ed8abc25f97596\"},\"headline\":\"Le Pr\u00e9sident El Ghazouani \u00e0 Adel Bagrou : \u00ab L&#8217;\u00e9ducation, pilier du d\u00e9veloppement et rempart contre les divisions \u00bb\",\"datePublished\":\"2025-11-12T12:48:39+00:00\",\"mainEntityOfPage\":{\"@id\":\"https:\\\/\\\/lequotidien.mr\\\/?p=32288&lang=fr\"},\"wordCount\":790,\"commentCount\":0,\"publisher\":{\"@id\":\"https:\\\/\\\/lequotidien.mr\\\/#organization\"},\"image\":{\"@id\":\"https:\\\/\\\/lequotidien.mr\\\/?p=32288&lang=fr#primaryimage\"},\"thumbnailUrl\":\"https:\\\/\\\/lequotidien.mr\\\/wp-content\\\/uploads\\\/2025\\\/11\\\/photo-invest-Education.jpg\",\"articleSection\":[\"ACTUALIT\u00c9\",\"Culture\"],\"inLanguage\":\"ar\",\"potentialAction\":[{\"@type\":\"CommentAction\",\"name\":\"Comment\",\"target\":[\"https:\\\/\\\/lequotidien.mr\\\/?p=32288&lang=fr#respond\"]}]},{\"@type\":\"WebPage\",\"@id\":\"https:\\\/\\\/lequotidien.mr\\\/?p=32288&lang=fr\",\"url\":\"https:\\\/\\\/lequotidien.mr\\\/?p=32288&lang=fr\",\"name\":\"Le Pr\u00e9sident El Ghazouani \u00e0 Adel Bagrou : \u00ab L'\u00e9ducation, pilier du d\u00e9veloppement et rempart contre les divisions \u00bb - Le Quotidien de Nouakchott\",\"isPartOf\":{\"@id\":\"https:\\\/\\\/lequotidien.mr\\\/#website\"},\"primaryImageOfPage\":{\"@id\":\"https:\\\/\\\/lequotidien.mr\\\/?p=32288&lang=fr#primaryimage\"},\"image\":{\"@id\":\"https:\\\/\\\/lequotidien.mr\\\/?p=32288&lang=fr#primaryimage\"},\"thumbnailUrl\":\"https:\\\/\\\/lequotidien.mr\\\/wp-content\\\/uploads\\\/2025\\\/11\\\/photo-invest-Education.jpg\",\"datePublished\":\"2025-11-12T12:48:39+00:00\",\"breadcrumb\":{\"@id\":\"https:\\\/\\\/lequotidien.mr\\\/?p=32288&lang=fr#breadcrumb\"},\"inLanguage\":\"ar\",\"potentialAction\":[{\"@type\":\"ReadAction\",\"target\":[\"https:\\\/\\\/lequotidien.mr\\\/?p=32288&lang=fr\"]}]},{\"@type\":\"ImageObject\",\"inLanguage\":\"ar\",\"@id\":\"https:\\\/\\\/lequotidien.mr\\\/?p=32288&lang=fr#primaryimage\",\"url\":\"https:\\\/\\\/lequotidien.mr\\\/wp-content\\\/uploads\\\/2025\\\/11\\\/photo-invest-Education.jpg\",\"contentUrl\":\"https:\\\/\\\/lequotidien.mr\\\/wp-content\\\/uploads\\\/2025\\\/11\\\/photo-invest-Education.jpg\",\"width\":750,\"height\":351},{\"@type\":\"BreadcrumbList\",\"@id\":\"https:\\\/\\\/lequotidien.mr\\\/?p=32288&lang=fr#breadcrumb\",\"itemListElement\":[{\"@type\":\"ListItem\",\"position\":1,\"name\":\"Home\",\"item\":\"https:\\\/\\\/lequotidien.mr\\\/\"},{\"@type\":\"ListItem\",\"position\":2,\"name\":\"Le Pr\u00e9sident El Ghazouani \u00e0 Adel Bagrou : \u00ab L&rsquo;\u00e9ducation, pilier du d\u00e9veloppement et rempart contre les divisions \u00bb\"}]},{\"@type\":\"WebSite\",\"@id\":\"https:\\\/\\\/lequotidien.mr\\\/#website\",\"url\":\"https:\\\/\\\/lequotidien.mr\\\/\",\"name\":\"Le Quotidien de Nouakchott\",\"description\":\"\u0625\u062e\u0628\u0627\u0631\u064a\u0629 \u0645\u0633\u062a\u0642\u0644\u0629 \u0644\u0644\u0623\u0646\u0628\u0627\u0621 \u0627\u0644\u0639\u0627\u0645\u0629\",\"publisher\":{\"@id\":\"https:\\\/\\\/lequotidien.mr\\\/#organization\"},\"potentialAction\":[{\"@type\":\"SearchAction\",\"target\":{\"@type\":\"EntryPoint\",\"urlTemplate\":\"https:\\\/\\\/lequotidien.mr\\\/?s={search_term_string}\"},\"query-input\":{\"@type\":\"PropertyValueSpecification\",\"valueRequired\":true,\"valueName\":\"search_term_string\"}}],\"inLanguage\":\"ar\"},{\"@type\":\"Organization\",\"@id\":\"https:\\\/\\\/lequotidien.mr\\\/#organization\",\"name\":\"Le Quotidien de Nouakchott\",\"url\":\"https:\\\/\\\/lequotidien.mr\\\/\",\"logo\":{\"@type\":\"ImageObject\",\"inLanguage\":\"ar\",\"@id\":\"https:\\\/\\\/lequotidien.mr\\\/#\\\/schema\\\/logo\\\/image\\\/\",\"url\":\"https:\\\/\\\/lequotidien.mr\\\/wp-content\\\/uploads\\\/2022\\\/11\\\/logolequotidien.jpg\",\"contentUrl\":\"https:\\\/\\\/lequotidien.mr\\\/wp-content\\\/uploads\\\/2022\\\/11\\\/logolequotidien.jpg\",\"width\":290,\"height\":65,\"caption\":\"Le Quotidien de Nouakchott\"},\"image\":{\"@id\":\"https:\\\/\\\/lequotidien.mr\\\/#\\\/schema\\\/logo\\\/image\\\/\"},\"sameAs\":[\"https:\\\/\\\/web.facebook.com\\\/lequotidienmr\",\"https:\\\/\\\/x.com\\\/lequotidienmr\"]},{\"@type\":\"Person\",\"@id\":\"https:\\\/\\\/lequotidien.mr\\\/#\\\/schema\\\/person\\\/d2d350202a4d599685ed8abc25f97596\",\"name\":\"Med Ahmed\",\"image\":{\"@type\":\"ImageObject\",\"inLanguage\":\"ar\",\"@id\":\"https:\\\/\\\/secure.gravatar.com\\\/avatar\\\/fd2acc62ed50732923d1d39c17172c9b04149f142be92310ecc69e1358f94b52?s=96&d=mm&r=g\",\"url\":\"https:\\\/\\\/secure.gravatar.com\\\/avatar\\\/fd2acc62ed50732923d1d39c17172c9b04149f142be92310ecc69e1358f94b52?s=96&d=mm&r=g\",\"contentUrl\":\"https:\\\/\\\/secure.gravatar.com\\\/avatar\\\/fd2acc62ed50732923d1d39c17172c9b04149f142be92310ecc69e1358f94b52?s=96&d=mm&r=g\",\"caption\":\"Med Ahmed\"},\"url\":\"https:\\\/\\\/lequotidien.mr\\\/?author=12\"}]}<\/script>\n<!-- \/ Yoast SEO plugin. -->","yoast_head_json":{"title":"Le Pr\u00e9sident El Ghazouani \u00e0 Adel Bagrou : \u00ab L'\u00e9ducation, pilier du d\u00e9veloppement et rempart contre les divisions \u00bb - Le Quotidien de Nouakchott","robots":{"index":"index","follow":"follow","max-snippet":"max-snippet:-1","max-image-preview":"max-image-preview:large","max-video-preview":"max-video-preview:-1"},"canonical":"https:\/\/lequotidien.mr\/?p=32288&lang=fr","og_locale":"ar_AR","og_type":"article","og_title":"Le Pr\u00e9sident El Ghazouani \u00e0 Adel Bagrou : \u00ab L'\u00e9ducation, pilier du d\u00e9veloppement et rempart contre les divisions \u00bb - Le Quotidien de Nouakchott","og_description":"Lors d&#8217;une r\u00e9union avec les cadres de la moughataa d&#8217;Adel Bagrou, le Pr\u00e9sident de la R\u00e9publique, M. Mohamed Cheikh El Ghazouani, a prononc\u00e9 un discours fondateur, pla\u00e7ant l&#8217;\u00e9ducation au c\u0153ur du projet de soci\u00e9t\u00e9 mauritanien. Il a pr\u00e9sent\u00e9 la connaissance comme le socle indispensable de tout d\u00e9veloppement durable et le meilleur antidote aux fl\u00e9aux qui.....","og_url":"https:\/\/lequotidien.mr\/?p=32288&lang=fr","og_site_name":"Le Quotidien de Nouakchott","article_publisher":"https:\/\/web.facebook.com\/lequotidienmr","article_published_time":"2025-11-12T12:48:39+00:00","og_image":[{"width":750,"height":351,"url":"https:\/\/lequotidien.mr\/wp-content\/uploads\/2025\/11\/photo-invest-Education.jpg","type":"image\/jpeg"}],"author":"Med Ahmed","twitter_card":"summary_large_image","twitter_creator":"@lequotidienmr","twitter_site":"@lequotidienmr","twitter_misc":{"\u0643\u064f\u062a\u0628 \u0628\u0648\u0627\u0633\u0637\u0629":"Med Ahmed","\u0648\u0642\u062a \u0627\u0644\u0642\u0631\u0627\u0621\u0629 \u0627\u0644\u0645\u064f\u0642\u062f\u0651\u0631":"5 \u062f\u0642\u0627\u0626\u0642"},"schema":{"@context":"https:\/\/schema.org","@graph":[{"@type":"Article","@id":"https:\/\/lequotidien.mr\/?p=32288&lang=fr#article","isPartOf":{"@id":"https:\/\/lequotidien.mr\/?p=32288&lang=fr"},"author":{"name":"Med Ahmed","@id":"https:\/\/lequotidien.mr\/#\/schema\/person\/d2d350202a4d599685ed8abc25f97596"},"headline":"Le Pr\u00e9sident El Ghazouani \u00e0 Adel Bagrou : \u00ab L&#8217;\u00e9ducation, pilier du d\u00e9veloppement et rempart contre les divisions \u00bb","datePublished":"2025-11-12T12:48:39+00:00","mainEntityOfPage":{"@id":"https:\/\/lequotidien.mr\/?p=32288&lang=fr"},"wordCount":790,"commentCount":0,"publisher":{"@id":"https:\/\/lequotidien.mr\/#organization"},"image":{"@id":"https:\/\/lequotidien.mr\/?p=32288&lang=fr#primaryimage"},"thumbnailUrl":"https:\/\/lequotidien.mr\/wp-content\/uploads\/2025\/11\/photo-invest-Education.jpg","articleSection":["ACTUALIT\u00c9","Culture"],"inLanguage":"ar","potentialAction":[{"@type":"CommentAction","name":"Comment","target":["https:\/\/lequotidien.mr\/?p=32288&lang=fr#respond"]}]},{"@type":"WebPage","@id":"https:\/\/lequotidien.mr\/?p=32288&lang=fr","url":"https:\/\/lequotidien.mr\/?p=32288&lang=fr","name":"Le Pr\u00e9sident El Ghazouani \u00e0 Adel Bagrou : \u00ab L'\u00e9ducation, pilier du d\u00e9veloppement et rempart contre les divisions \u00bb - Le Quotidien de Nouakchott","isPartOf":{"@id":"https:\/\/lequotidien.mr\/#website"},"primaryImageOfPage":{"@id":"https:\/\/lequotidien.mr\/?p=32288&lang=fr#primaryimage"},"image":{"@id":"https:\/\/lequotidien.mr\/?p=32288&lang=fr#primaryimage"},"thumbnailUrl":"https:\/\/lequotidien.mr\/wp-content\/uploads\/2025\/11\/photo-invest-Education.jpg","datePublished":"2025-11-12T12:48:39+00:00","breadcrumb":{"@id":"https:\/\/lequotidien.mr\/?p=32288&lang=fr#breadcrumb"},"inLanguage":"ar","potentialAction":[{"@type":"ReadAction","target":["https:\/\/lequotidien.mr\/?p=32288&lang=fr"]}]},{"@type":"ImageObject","inLanguage":"ar","@id":"https:\/\/lequotidien.mr\/?p=32288&lang=fr#primaryimage","url":"https:\/\/lequotidien.mr\/wp-content\/uploads\/2025\/11\/photo-invest-Education.jpg","contentUrl":"https:\/\/lequotidien.mr\/wp-content\/uploads\/2025\/11\/photo-invest-Education.jpg","width":750,"height":351},{"@type":"BreadcrumbList","@id":"https:\/\/lequotidien.mr\/?p=32288&lang=fr#breadcrumb","itemListElement":[{"@type":"ListItem","position":1,"name":"Home","item":"https:\/\/lequotidien.mr\/"},{"@type":"ListItem","position":2,"name":"Le Pr\u00e9sident El Ghazouani \u00e0 Adel Bagrou : \u00ab L&rsquo;\u00e9ducation, pilier du d\u00e9veloppement et rempart contre les divisions \u00bb"}]},{"@type":"WebSite","@id":"https:\/\/lequotidien.mr\/#website","url":"https:\/\/lequotidien.mr\/","name":"Le Quotidien de Nouakchott","description":"\u0625\u062e\u0628\u0627\u0631\u064a\u0629 \u0645\u0633\u062a\u0642\u0644\u0629 \u0644\u0644\u0623\u0646\u0628\u0627\u0621 \u0627\u0644\u0639\u0627\u0645\u0629","publisher":{"@id":"https:\/\/lequotidien.mr\/#organization"},"potentialAction":[{"@type":"SearchAction","target":{"@type":"EntryPoint","urlTemplate":"https:\/\/lequotidien.mr\/?s={search_term_string}"},"query-input":{"@type":"PropertyValueSpecification","valueRequired":true,"valueName":"search_term_string"}}],"inLanguage":"ar"},{"@type":"Organization","@id":"https:\/\/lequotidien.mr\/#organization","name":"Le Quotidien de Nouakchott","url":"https:\/\/lequotidien.mr\/","logo":{"@type":"ImageObject","inLanguage":"ar","@id":"https:\/\/lequotidien.mr\/#\/schema\/logo\/image\/","url":"https:\/\/lequotidien.mr\/wp-content\/uploads\/2022\/11\/logolequotidien.jpg","contentUrl":"https:\/\/lequotidien.mr\/wp-content\/uploads\/2022\/11\/logolequotidien.jpg","width":290,"height":65,"caption":"Le Quotidien de Nouakchott"},"image":{"@id":"https:\/\/lequotidien.mr\/#\/schema\/logo\/image\/"},"sameAs":["https:\/\/web.facebook.com\/lequotidienmr","https:\/\/x.com\/lequotidienmr"]},{"@type":"Person","@id":"https:\/\/lequotidien.mr\/#\/schema\/person\/d2d350202a4d599685ed8abc25f97596","name":"Med Ahmed","image":{"@type":"ImageObject","inLanguage":"ar","@id":"https:\/\/secure.gravatar.com\/avatar\/fd2acc62ed50732923d1d39c17172c9b04149f142be92310ecc69e1358f94b52?s=96&d=mm&r=g","url":"https:\/\/secure.gravatar.com\/avatar\/fd2acc62ed50732923d1d39c17172c9b04149f142be92310ecc69e1358f94b52?s=96&d=mm&r=g","contentUrl":"https:\/\/secure.gravatar.com\/avatar\/fd2acc62ed50732923d1d39c17172c9b04149f142be92310ecc69e1358f94b52?s=96&d=mm&r=g","caption":"Med Ahmed"},"url":"https:\/\/lequotidien.mr\/?author=12"}]}},"_links":{"self":[{"href":"https:\/\/lequotidien.mr\/index.php?rest_route=\/wp\/v2\/posts\/32288","targetHints":{"allow":["GET"]}}],"collection":[{"href":"https:\/\/lequotidien.mr\/index.php?rest_route=\/wp\/v2\/posts"}],"about":[{"href":"https:\/\/lequotidien.mr\/index.php?rest_route=\/wp\/v2\/types\/post"}],"author":[{"embeddable":true,"href":"https:\/\/lequotidien.mr\/index.php?rest_route=\/wp\/v2\/users\/12"}],"replies":[{"embeddable":true,"href":"https:\/\/lequotidien.mr\/index.php?rest_route=%2Fwp%2Fv2%2Fcomments&post=32288"}],"version-history":[{"count":1,"href":"https:\/\/lequotidien.mr\/index.php?rest_route=\/wp\/v2\/posts\/32288\/revisions"}],"predecessor-version":[{"id":32290,"href":"https:\/\/lequotidien.mr\/index.php?rest_route=\/wp\/v2\/posts\/32288\/revisions\/32290"}],"wp:featuredmedia":[{"embeddable":true,"href":"https:\/\/lequotidien.mr\/index.php?rest_route=\/wp\/v2\/media\/32289"}],"wp:attachment":[{"href":"https:\/\/lequotidien.mr\/index.php?rest_route=%2Fwp%2Fv2%2Fmedia&parent=32288"}],"wp:term":[{"taxonomy":"category","embeddable":true,"href":"https:\/\/lequotidien.mr\/index.php?rest_route=%2Fwp%2Fv2%2Fcategories&post=32288"},{"taxonomy":"post_tag","embeddable":true,"href":"https:\/\/lequotidien.mr\/index.php?rest_route=%2Fwp%2Fv2%2Ftags&post=32288"}],"curies":[{"name":"wp","href":"https:\/\/api.w.org\/{rel}","templated":true}]}}