{"id":32248,"date":"2025-11-10T20:53:19","date_gmt":"2025-11-10T20:53:19","guid":{"rendered":"https:\/\/lequotidien.mr\/?p=32248"},"modified":"2025-11-10T20:53:19","modified_gmt":"2025-11-10T20:53:19","slug":"la-mauritanie-a-lheure-de-lia-touristique-lors-de-la-26e-assemblee-generale-de-lomt-a-riyad","status":"publish","type":"post","link":"https:\/\/lequotidien.mr\/?p=32248&lang=fr","title":{"rendered":"La Mauritanie \u00e0 l&#8217;heure de l&#8217;IA touristique lors de la 26e Assembl\u00e9e g\u00e9n\u00e9rale de l&#8217;OMT \u00e0 Riyad"},"content":{"rendered":"<p>Le secteur du tourisme mondial a rendez-vous avec son avenir. La 26e session de l&#8217;Assembl\u00e9e g\u00e9n\u00e9rale de l&#8217;Organisation mondiale du tourisme (OMT) a officiellement ouvert ses portes vendredi dernier \u00e0 Riyad, en Arabie Saoudite. Se d\u00e9roulant jusqu&#8217;au 11 novembre, cet \u00e9v\u00e9nement historique, le plus important depuis la cr\u00e9ation de l&#8217;organisation il y a 50 ans, r\u00e9unit environ 160 d\u00e9l\u00e9gations de ministres, de hauts fonctionnaires et de dirigeants du secteur priv\u00e9 et de la soci\u00e9t\u00e9 civile autour du th\u00e8me <strong><em>\u00ab Le tourisme soutenu par l\u2019intelligence artificielle : red\u00e9finir l\u2019avenir \u00bb.<\/em><\/strong><\/p>\n<p>La Mauritanie est repr\u00e9sent\u00e9e \u00e0 ce rassemblement international de premier plan par une d\u00e9l\u00e9gation conduite par\u00a0<strong>Mme Zinebou Ahmednah, ministre du Commerce et du Tourisme<\/strong>, et comprenant\u00a0<strong>M. Moctar Dahi, ambassadeur de la Mauritanie aupr\u00e8s du Royaume d\u2019Arabie saoudite<\/strong>, ainsi que\u00a0<strong>Mme Zinebou Ely Salem, repr\u00e9sentante de la Mauritanie aupr\u00e8s de l\u2019OMT<\/strong>. Cette participation t\u00e9moigne de la volont\u00e9 du pays de s&#8217;inscrire r\u00e9solument dans les mutations mondiales du tourisme durable et num\u00e9rique.<\/p>\n<p><strong style=\"font-weight: inherit;\">Une vision strat\u00e9gique align\u00e9e sur l&#8217;innovation<\/strong><\/p>\n<p>La pr\u00e9sence mauritanienne \u00e0 ce forum mondial confirme l&#8217;engagement des autorit\u00e9s \u00e0 d\u00e9velopper le secteur touristique en tant que levier de d\u00e9veloppement \u00e9conomique et social. Cette d\u00e9marche s&#8217;inscrit en parfaite conformit\u00e9 avec la vision strat\u00e9gique du <strong>Pr\u00e9sident de la R\u00e9publique,\u00a0Monsieur Mohamed Cheikh El Ghazouani<\/strong>, qui place l&#8217;innovation et la diversification \u00e9conomique au c\u0153ur des priorit\u00e9s nationales.<\/p>\n<p>En participant aux d\u00e9bats, la d\u00e9l\u00e9gation mauritanienne exprime sa volont\u00e9 de saisir les opportunit\u00e9s offertes par l&#8217;intelligence artificielle pour moderniser son offre touristique, am\u00e9liorer l&#8217;exp\u00e9rience des visiteurs et renforcer la comp\u00e9titivit\u00e9 du secteur, tout en veillant \u00e0 une croissance inclusive et durable.<\/p>\n<p><strong style=\"font-weight: inherit;\">L&#8217;IA au service des personnes et des lieux<\/strong><\/p>\n<p>La c\u00e9r\u00e9monie d&#8217;ouverture a \u00e9t\u00e9 marqu\u00e9e par des discours officiels qui ont soulign\u00e9 l&#8217;importance de l&#8217;innovation et de la transformation num\u00e9rique pour l&#8217;avenir du tourisme mondial.\u00a0<strong>Monsieur Ahmed Al Khateeb, ministre du Tourisme d&#8217;Arabie Saoudite<\/strong>, a d\u00e9clar\u00e9 <strong><em>: \u00ab\u00a0<\/em><em>Cette semaine marque un moment d\u00e9cisif pour notre secteur \u2014 une opportunit\u00e9 de fa\u00e7onner la croissance du tourisme gr\u00e2ce \u00e0 une connectivit\u00e9 accrue, \u00e0 la durabilit\u00e9, \u00e0 l&#8217;investissement dans le capital humain et \u00e0 l&#8217;innovation pilot\u00e9e par l&#8217;IA<\/em><em>\u00a0\u00bb.<\/em><\/strong><\/p>\n<p>De son c\u00f4t\u00e9, le <strong>Secr\u00e9taire g\u00e9n\u00e9ral de l&#8217;OMT,\u00a0<\/strong><strong>M. Zurab Pololikashvili<\/strong>, a rappel\u00e9 que l&#8217;objectif est de <strong><em>\u00ab\u00a0<\/em><em>construire un secteur plus innovant et plus inclusif<\/em><em>\u00a0\u00bb<\/em><\/strong> et d&#8217;<strong><em>\u00ab\u00a0<\/em><em>utiliser la puissance de la technologie pour impulser un changement positif, diversifier nos \u00e9conomies et cr\u00e9er des emplois pour des millions de personnes<\/em><em>\u00a0\u00bb. <\/em><\/strong>Les discussions de l&#8217;Assembl\u00e9e sont ax\u00e9es sur la mani\u00e8re dont l&#8217;IA peut soutenir les emplois, les petites entreprises, la gestion des destinations et les Objectifs de d\u00e9veloppement durable (ODD).<\/p>\n<p><strong>Cinq tendances de l&#8217;IA qui fa\u00e7onneront le tourisme de demain<\/strong><\/p>\n<p>Les travaux de l&#8217;Assembl\u00e9e s&#8217;articulent autour des transformations concr\u00e8tes que l&#8217;intelligence artificielle apporte au secteur. Voici cinq tendances majeures identifi\u00e9es pour 2025 qui red\u00e9finissent l&#8217;exp\u00e9rience touristique\u00a0:<\/p>\n<p><strong>-IA G\u00e9n\u00e9rative et Personnalisation :<\/strong> Cr\u00e9ation d&#8217;itin\u00e9raires et de guides sur mesure, g\u00e9n\u00e9ration d&#8217;immersifs pour pr\u00e9visualiser les destinations. Assistance conversationnelle instantan\u00e9e et naturelle\u00a0;<\/p>\n<p><strong>-Agents IA (Assistants Num\u00e9riques) :<\/strong> V\u00e9ritables concierges virtuels qui apprennent les pr\u00e9f\u00e9rences des voyageurs, planifient, r\u00e9servent et assistent en temps r\u00e9el, partout et \u00e0 tout moment\u00a0;<\/p>\n<p><strong>-IA et Contenu Vid\u00e9o :<\/strong> Outils de g\u00e9n\u00e9ration vid\u00e9o (comme Sora, Veo2) permettant aux destinations et aux attractions de cr\u00e9er du contenu promotionnel captivant, m\u00eame avec des budgets limit\u00e9s\u00a0;<\/p>\n<p><strong>-Automatisation et Fluidit\u00e9 :<\/strong> Gestion en temps r\u00e9el de multiples t\u00e2ches : r\u00e9servations complexes, r\u00e9ponse automatis\u00e9e aux e-mails, service client multilingue 24h\/24, am\u00e9liorant ainsi la satisfaction et r\u00e9duisant les co\u00fbts\u00a0;<\/p>\n<p><strong>-Transformation des Ressources Humaines :<\/strong> Collaboration humain-IA o\u00f9 l&#8217;automatisation des t\u00e2ches r\u00e9p\u00e9titives (r\u00e9daction, traduction) lib\u00e8re jusqu&#8217;\u00e0 175 heures par an et par employ\u00e9 pour des missions plus strat\u00e9giques et cr\u00e9atives.<\/p>\n<p><strong>Un \u00e9quilibre entre innovation et responsabilit\u00e9<\/strong><\/p>\n<p>Au-del\u00e0 de l&#8217;enthousiasme technologique, les d\u00e9bats de l&#8217;Assembl\u00e9e abordent des questions cruciales de responsabilit\u00e9. L&#8217;impact environnemental de l&#8217;IA, qui consomme de grandes quantit\u00e9s d&#8217;\u00e9nergie, est un enjeu central, poussant les acteurs technologiques \u00e0 optimiser les algorithmes et \u00e0 investir dans des centres de donn\u00e9es durables. Parall\u00e8lement, les consid\u00e9rations \u00e9thiques, telles que la protection des donn\u00e9es et une utilisation \u00e9quitable de la technologie, demeurent au premier plan des discussions.<\/p>\n<p>Comme le souligne un article li\u00e9 \u00e0 l&#8217;\u00e9v\u00e9nement, <strong><em>\u00ab\u00a0<\/em><em>l&#8217;innovation doit rester au service des voyages<\/em><em>\u00a0\u00bb<\/em><\/strong>, en respectant l&#8217;authenticit\u00e9 culturelle, l&#8217;inclusivit\u00e9 et l&#8217;identit\u00e9 locale. Il s&#8217;agit de trouver un \u00e9quilibre o\u00f9 l&#8217;IA devient un outil d&#8217;assistance qui permet aux communaut\u00e9s et aux voyageurs de faire des choix durables sans d\u00e9naturer l&#8217;exp\u00e9rience humaine du voyage.<\/p>\n<p><strong style=\"font-weight: inherit;\">Perspectives pour la Mauritanie<\/strong><\/p>\n<p>Pour la Mauritanie, dont la d\u00e9l\u00e9gation assiste \u00e9galement aux nombreuses s\u00e9ances pl\u00e9ni\u00e8res et r\u00e9unions de commissions sp\u00e9cialis\u00e9es, cet \u00e9v\u00e9nement est une opportunit\u00e9 unique de capitaliser sur l&#8217;expertise mondiale. Il s&#8217;agit d&#8217;un tremplin pour int\u00e9grer les meilleures pratiques en mati\u00e8re de gouvernance num\u00e9rique, de marketing touristique avanc\u00e9 et de d\u00e9veloppement durable, afin de positionner la destination Mauritanie sur la carte du tourisme international de demain.<\/p>\n<p>Alors que l&#8217;Assembl\u00e9e se poursuit jusqu&#8217;\u00e0 mardi, Riyad, en tant que ville h\u00f4te, symbolise l&#8217;influence croissante de la r\u00e9gion du Golfe dans le tourisme durable et la transformation num\u00e9rique, deux piliers essentiels de la Vision 2030 de l&#8217;Arabie Saoudite. La 26e Assembl\u00e9e g\u00e9n\u00e9rale de l&#8217;OMT n&#8217;est pas seulement une c\u00e9l\u00e9bration du pass\u00e9, mais une feuille de route collective pour un avenir o\u00f9 la technologie et la durabilit\u00e9 marcheront main dans la main.<\/p>\n","protected":false},"excerpt":{"rendered":"<p>Le secteur du tourisme mondial a rendez-vous avec son avenir. La 26e session de l&#8217;Assembl\u00e9e g\u00e9n\u00e9rale de l&#8217;Organisation mondiale du tourisme (OMT) a officiellement ouvert ses portes vendredi dernier \u00e0 Riyad, en Arabie Saoudite. Se d\u00e9roulant jusqu&#8217;au 11 novembre, cet \u00e9v\u00e9nement historique, le plus important depuis la cr\u00e9ation de l&#8217;organisation il y a 50 ans,&#8230;..<\/p>\n","protected":false},"author":12,"featured_media":32249,"comment_status":"open","ping_status":"open","sticky":false,"template":"","format":"standard","meta":{"footnotes":""},"categories":[23,49],"tags":[],"class_list":["post-32248","post","type-post","status-publish","format-standard","has-post-thumbnail","hentry","category-actualite","category-economie"],"yoast_head":"<!-- This site is optimized with the Yoast SEO plugin v27.5 - https:\/\/yoast.com\/product\/yoast-seo-wordpress\/ -->\n<title>La Mauritanie \u00e0 l&#039;heure de l&#039;IA touristique lors de la 26e Assembl\u00e9e g\u00e9n\u00e9rale de l&#039;OMT \u00e0 Riyad - Le Quotidien de Nouakchott<\/title>\n<meta name=\"robots\" content=\"index, follow, max-snippet:-1, max-image-preview:large, max-video-preview:-1\" \/>\n<link rel=\"canonical\" href=\"https:\/\/lequotidien.mr\/?p=32248&lang=fr\" \/>\n<meta property=\"og:locale\" content=\"ar_AR\" \/>\n<meta property=\"og:type\" content=\"article\" \/>\n<meta property=\"og:title\" content=\"La Mauritanie \u00e0 l&#039;heure de l&#039;IA touristique lors de la 26e Assembl\u00e9e g\u00e9n\u00e9rale de l&#039;OMT \u00e0 Riyad - Le Quotidien de Nouakchott\" \/>\n<meta property=\"og:description\" content=\"Le secteur du tourisme mondial a rendez-vous avec son avenir. La 26e session de l&#8217;Assembl\u00e9e g\u00e9n\u00e9rale de l&#8217;Organisation mondiale du tourisme (OMT) a officiellement ouvert ses portes vendredi dernier \u00e0 Riyad, en Arabie Saoudite. Se d\u00e9roulant jusqu&#8217;au 11 novembre, cet \u00e9v\u00e9nement historique, le plus important depuis la cr\u00e9ation de l&#8217;organisation il y a 50 ans,.....\" \/>\n<meta property=\"og:url\" content=\"https:\/\/lequotidien.mr\/?p=32248&amp;lang=fr\" \/>\n<meta property=\"og:site_name\" content=\"Le Quotidien de Nouakchott\" \/>\n<meta property=\"article:publisher\" content=\"https:\/\/web.facebook.com\/lequotidienmr\" \/>\n<meta property=\"article:published_time\" content=\"2025-11-10T20:53:19+00:00\" \/>\n<meta property=\"og:image\" content=\"https:\/\/lequotidien.mr\/wp-content\/uploads\/2025\/11\/photo-AG-trsme-Ryad.jpg\" \/>\n\t<meta property=\"og:image:width\" content=\"750\" \/>\n\t<meta property=\"og:image:height\" content=\"373\" \/>\n\t<meta property=\"og:image:type\" content=\"image\/jpeg\" \/>\n<meta name=\"author\" content=\"Med Ahmed\" \/>\n<meta name=\"twitter:card\" content=\"summary_large_image\" \/>\n<meta name=\"twitter:creator\" content=\"@lequotidienmr\" \/>\n<meta name=\"twitter:site\" content=\"@lequotidienmr\" \/>\n<meta name=\"twitter:label1\" content=\"\u0643\u064f\u062a\u0628 \u0628\u0648\u0627\u0633\u0637\u0629\" \/>\n\t<meta name=\"twitter:data1\" content=\"Med Ahmed\" \/>\n\t<meta name=\"twitter:label2\" content=\"\u0648\u0642\u062a \u0627\u0644\u0642\u0631\u0627\u0621\u0629 \u0627\u0644\u0645\u064f\u0642\u062f\u0651\u0631\" \/>\n\t<meta name=\"twitter:data2\" content=\"7 \u062f\u0642\u0627\u0626\u0642\" \/>\n<script type=\"application\/ld+json\" class=\"yoast-schema-graph\">{\"@context\":\"https:\\\/\\\/schema.org\",\"@graph\":[{\"@type\":\"Article\",\"@id\":\"https:\\\/\\\/lequotidien.mr\\\/?p=32248&lang=fr#article\",\"isPartOf\":{\"@id\":\"https:\\\/\\\/lequotidien.mr\\\/?p=32248&lang=fr\"},\"author\":{\"name\":\"Med Ahmed\",\"@id\":\"https:\\\/\\\/lequotidien.mr\\\/#\\\/schema\\\/person\\\/d2d350202a4d599685ed8abc25f97596\"},\"headline\":\"La Mauritanie \u00e0 l&#8217;heure de l&#8217;IA touristique lors de la 26e Assembl\u00e9e g\u00e9n\u00e9rale de l&#8217;OMT \u00e0 Riyad\",\"datePublished\":\"2025-11-10T20:53:19+00:00\",\"mainEntityOfPage\":{\"@id\":\"https:\\\/\\\/lequotidien.mr\\\/?p=32248&lang=fr\"},\"wordCount\":1053,\"commentCount\":0,\"publisher\":{\"@id\":\"https:\\\/\\\/lequotidien.mr\\\/#organization\"},\"image\":{\"@id\":\"https:\\\/\\\/lequotidien.mr\\\/?p=32248&lang=fr#primaryimage\"},\"thumbnailUrl\":\"https:\\\/\\\/lequotidien.mr\\\/wp-content\\\/uploads\\\/2025\\\/11\\\/photo-AG-trsme-Ryad.jpg\",\"articleSection\":[\"ACTUALIT\u00c9\",\"Economie\"],\"inLanguage\":\"ar\",\"potentialAction\":[{\"@type\":\"CommentAction\",\"name\":\"Comment\",\"target\":[\"https:\\\/\\\/lequotidien.mr\\\/?p=32248&lang=fr#respond\"]}]},{\"@type\":\"WebPage\",\"@id\":\"https:\\\/\\\/lequotidien.mr\\\/?p=32248&lang=fr\",\"url\":\"https:\\\/\\\/lequotidien.mr\\\/?p=32248&lang=fr\",\"name\":\"La Mauritanie \u00e0 l'heure de l'IA touristique lors de la 26e Assembl\u00e9e g\u00e9n\u00e9rale de l'OMT \u00e0 Riyad - Le Quotidien de Nouakchott\",\"isPartOf\":{\"@id\":\"https:\\\/\\\/lequotidien.mr\\\/#website\"},\"primaryImageOfPage\":{\"@id\":\"https:\\\/\\\/lequotidien.mr\\\/?p=32248&lang=fr#primaryimage\"},\"image\":{\"@id\":\"https:\\\/\\\/lequotidien.mr\\\/?p=32248&lang=fr#primaryimage\"},\"thumbnailUrl\":\"https:\\\/\\\/lequotidien.mr\\\/wp-content\\\/uploads\\\/2025\\\/11\\\/photo-AG-trsme-Ryad.jpg\",\"datePublished\":\"2025-11-10T20:53:19+00:00\",\"breadcrumb\":{\"@id\":\"https:\\\/\\\/lequotidien.mr\\\/?p=32248&lang=fr#breadcrumb\"},\"inLanguage\":\"ar\",\"potentialAction\":[{\"@type\":\"ReadAction\",\"target\":[\"https:\\\/\\\/lequotidien.mr\\\/?p=32248&lang=fr\"]}]},{\"@type\":\"ImageObject\",\"inLanguage\":\"ar\",\"@id\":\"https:\\\/\\\/lequotidien.mr\\\/?p=32248&lang=fr#primaryimage\",\"url\":\"https:\\\/\\\/lequotidien.mr\\\/wp-content\\\/uploads\\\/2025\\\/11\\\/photo-AG-trsme-Ryad.jpg\",\"contentUrl\":\"https:\\\/\\\/lequotidien.mr\\\/wp-content\\\/uploads\\\/2025\\\/11\\\/photo-AG-trsme-Ryad.jpg\",\"width\":750,\"height\":373},{\"@type\":\"BreadcrumbList\",\"@id\":\"https:\\\/\\\/lequotidien.mr\\\/?p=32248&lang=fr#breadcrumb\",\"itemListElement\":[{\"@type\":\"ListItem\",\"position\":1,\"name\":\"Home\",\"item\":\"https:\\\/\\\/lequotidien.mr\\\/\"},{\"@type\":\"ListItem\",\"position\":2,\"name\":\"La Mauritanie \u00e0 l&rsquo;heure de l&rsquo;IA touristique lors de la 26e Assembl\u00e9e g\u00e9n\u00e9rale de l&rsquo;OMT \u00e0 Riyad\"}]},{\"@type\":\"WebSite\",\"@id\":\"https:\\\/\\\/lequotidien.mr\\\/#website\",\"url\":\"https:\\\/\\\/lequotidien.mr\\\/\",\"name\":\"Le Quotidien de Nouakchott\",\"description\":\"\u0625\u062e\u0628\u0627\u0631\u064a\u0629 \u0645\u0633\u062a\u0642\u0644\u0629 \u0644\u0644\u0623\u0646\u0628\u0627\u0621 \u0627\u0644\u0639\u0627\u0645\u0629\",\"publisher\":{\"@id\":\"https:\\\/\\\/lequotidien.mr\\\/#organization\"},\"potentialAction\":[{\"@type\":\"SearchAction\",\"target\":{\"@type\":\"EntryPoint\",\"urlTemplate\":\"https:\\\/\\\/lequotidien.mr\\\/?s={search_term_string}\"},\"query-input\":{\"@type\":\"PropertyValueSpecification\",\"valueRequired\":true,\"valueName\":\"search_term_string\"}}],\"inLanguage\":\"ar\"},{\"@type\":\"Organization\",\"@id\":\"https:\\\/\\\/lequotidien.mr\\\/#organization\",\"name\":\"Le Quotidien de Nouakchott\",\"url\":\"https:\\\/\\\/lequotidien.mr\\\/\",\"logo\":{\"@type\":\"ImageObject\",\"inLanguage\":\"ar\",\"@id\":\"https:\\\/\\\/lequotidien.mr\\\/#\\\/schema\\\/logo\\\/image\\\/\",\"url\":\"https:\\\/\\\/lequotidien.mr\\\/wp-content\\\/uploads\\\/2022\\\/11\\\/logolequotidien.jpg\",\"contentUrl\":\"https:\\\/\\\/lequotidien.mr\\\/wp-content\\\/uploads\\\/2022\\\/11\\\/logolequotidien.jpg\",\"width\":290,\"height\":65,\"caption\":\"Le Quotidien de Nouakchott\"},\"image\":{\"@id\":\"https:\\\/\\\/lequotidien.mr\\\/#\\\/schema\\\/logo\\\/image\\\/\"},\"sameAs\":[\"https:\\\/\\\/web.facebook.com\\\/lequotidienmr\",\"https:\\\/\\\/x.com\\\/lequotidienmr\"]},{\"@type\":\"Person\",\"@id\":\"https:\\\/\\\/lequotidien.mr\\\/#\\\/schema\\\/person\\\/d2d350202a4d599685ed8abc25f97596\",\"name\":\"Med Ahmed\",\"image\":{\"@type\":\"ImageObject\",\"inLanguage\":\"ar\",\"@id\":\"https:\\\/\\\/secure.gravatar.com\\\/avatar\\\/fd2acc62ed50732923d1d39c17172c9b04149f142be92310ecc69e1358f94b52?s=96&d=mm&r=g\",\"url\":\"https:\\\/\\\/secure.gravatar.com\\\/avatar\\\/fd2acc62ed50732923d1d39c17172c9b04149f142be92310ecc69e1358f94b52?s=96&d=mm&r=g\",\"contentUrl\":\"https:\\\/\\\/secure.gravatar.com\\\/avatar\\\/fd2acc62ed50732923d1d39c17172c9b04149f142be92310ecc69e1358f94b52?s=96&d=mm&r=g\",\"caption\":\"Med Ahmed\"},\"url\":\"https:\\\/\\\/lequotidien.mr\\\/?author=12\"}]}<\/script>\n<!-- \/ Yoast SEO plugin. -->","yoast_head_json":{"title":"La Mauritanie \u00e0 l'heure de l'IA touristique lors de la 26e Assembl\u00e9e g\u00e9n\u00e9rale de l'OMT \u00e0 Riyad - Le Quotidien de Nouakchott","robots":{"index":"index","follow":"follow","max-snippet":"max-snippet:-1","max-image-preview":"max-image-preview:large","max-video-preview":"max-video-preview:-1"},"canonical":"https:\/\/lequotidien.mr\/?p=32248&lang=fr","og_locale":"ar_AR","og_type":"article","og_title":"La Mauritanie \u00e0 l'heure de l'IA touristique lors de la 26e Assembl\u00e9e g\u00e9n\u00e9rale de l'OMT \u00e0 Riyad - Le Quotidien de Nouakchott","og_description":"Le secteur du tourisme mondial a rendez-vous avec son avenir. La 26e session de l&#8217;Assembl\u00e9e g\u00e9n\u00e9rale de l&#8217;Organisation mondiale du tourisme (OMT) a officiellement ouvert ses portes vendredi dernier \u00e0 Riyad, en Arabie Saoudite. Se d\u00e9roulant jusqu&#8217;au 11 novembre, cet \u00e9v\u00e9nement historique, le plus important depuis la cr\u00e9ation de l&#8217;organisation il y a 50 ans,.....","og_url":"https:\/\/lequotidien.mr\/?p=32248&lang=fr","og_site_name":"Le Quotidien de Nouakchott","article_publisher":"https:\/\/web.facebook.com\/lequotidienmr","article_published_time":"2025-11-10T20:53:19+00:00","og_image":[{"width":750,"height":373,"url":"https:\/\/lequotidien.mr\/wp-content\/uploads\/2025\/11\/photo-AG-trsme-Ryad.jpg","type":"image\/jpeg"}],"author":"Med Ahmed","twitter_card":"summary_large_image","twitter_creator":"@lequotidienmr","twitter_site":"@lequotidienmr","twitter_misc":{"\u0643\u064f\u062a\u0628 \u0628\u0648\u0627\u0633\u0637\u0629":"Med Ahmed","\u0648\u0642\u062a \u0627\u0644\u0642\u0631\u0627\u0621\u0629 \u0627\u0644\u0645\u064f\u0642\u062f\u0651\u0631":"7 \u062f\u0642\u0627\u0626\u0642"},"schema":{"@context":"https:\/\/schema.org","@graph":[{"@type":"Article","@id":"https:\/\/lequotidien.mr\/?p=32248&lang=fr#article","isPartOf":{"@id":"https:\/\/lequotidien.mr\/?p=32248&lang=fr"},"author":{"name":"Med Ahmed","@id":"https:\/\/lequotidien.mr\/#\/schema\/person\/d2d350202a4d599685ed8abc25f97596"},"headline":"La Mauritanie \u00e0 l&#8217;heure de l&#8217;IA touristique lors de la 26e Assembl\u00e9e g\u00e9n\u00e9rale de l&#8217;OMT \u00e0 Riyad","datePublished":"2025-11-10T20:53:19+00:00","mainEntityOfPage":{"@id":"https:\/\/lequotidien.mr\/?p=32248&lang=fr"},"wordCount":1053,"commentCount":0,"publisher":{"@id":"https:\/\/lequotidien.mr\/#organization"},"image":{"@id":"https:\/\/lequotidien.mr\/?p=32248&lang=fr#primaryimage"},"thumbnailUrl":"https:\/\/lequotidien.mr\/wp-content\/uploads\/2025\/11\/photo-AG-trsme-Ryad.jpg","articleSection":["ACTUALIT\u00c9","Economie"],"inLanguage":"ar","potentialAction":[{"@type":"CommentAction","name":"Comment","target":["https:\/\/lequotidien.mr\/?p=32248&lang=fr#respond"]}]},{"@type":"WebPage","@id":"https:\/\/lequotidien.mr\/?p=32248&lang=fr","url":"https:\/\/lequotidien.mr\/?p=32248&lang=fr","name":"La Mauritanie \u00e0 l'heure de l'IA touristique lors de la 26e Assembl\u00e9e g\u00e9n\u00e9rale de l'OMT \u00e0 Riyad - Le Quotidien de Nouakchott","isPartOf":{"@id":"https:\/\/lequotidien.mr\/#website"},"primaryImageOfPage":{"@id":"https:\/\/lequotidien.mr\/?p=32248&lang=fr#primaryimage"},"image":{"@id":"https:\/\/lequotidien.mr\/?p=32248&lang=fr#primaryimage"},"thumbnailUrl":"https:\/\/lequotidien.mr\/wp-content\/uploads\/2025\/11\/photo-AG-trsme-Ryad.jpg","datePublished":"2025-11-10T20:53:19+00:00","breadcrumb":{"@id":"https:\/\/lequotidien.mr\/?p=32248&lang=fr#breadcrumb"},"inLanguage":"ar","potentialAction":[{"@type":"ReadAction","target":["https:\/\/lequotidien.mr\/?p=32248&lang=fr"]}]},{"@type":"ImageObject","inLanguage":"ar","@id":"https:\/\/lequotidien.mr\/?p=32248&lang=fr#primaryimage","url":"https:\/\/lequotidien.mr\/wp-content\/uploads\/2025\/11\/photo-AG-trsme-Ryad.jpg","contentUrl":"https:\/\/lequotidien.mr\/wp-content\/uploads\/2025\/11\/photo-AG-trsme-Ryad.jpg","width":750,"height":373},{"@type":"BreadcrumbList","@id":"https:\/\/lequotidien.mr\/?p=32248&lang=fr#breadcrumb","itemListElement":[{"@type":"ListItem","position":1,"name":"Home","item":"https:\/\/lequotidien.mr\/"},{"@type":"ListItem","position":2,"name":"La Mauritanie \u00e0 l&rsquo;heure de l&rsquo;IA touristique lors de la 26e Assembl\u00e9e g\u00e9n\u00e9rale de l&rsquo;OMT \u00e0 Riyad"}]},{"@type":"WebSite","@id":"https:\/\/lequotidien.mr\/#website","url":"https:\/\/lequotidien.mr\/","name":"Le Quotidien de Nouakchott","description":"\u0625\u062e\u0628\u0627\u0631\u064a\u0629 \u0645\u0633\u062a\u0642\u0644\u0629 \u0644\u0644\u0623\u0646\u0628\u0627\u0621 \u0627\u0644\u0639\u0627\u0645\u0629","publisher":{"@id":"https:\/\/lequotidien.mr\/#organization"},"potentialAction":[{"@type":"SearchAction","target":{"@type":"EntryPoint","urlTemplate":"https:\/\/lequotidien.mr\/?s={search_term_string}"},"query-input":{"@type":"PropertyValueSpecification","valueRequired":true,"valueName":"search_term_string"}}],"inLanguage":"ar"},{"@type":"Organization","@id":"https:\/\/lequotidien.mr\/#organization","name":"Le Quotidien de Nouakchott","url":"https:\/\/lequotidien.mr\/","logo":{"@type":"ImageObject","inLanguage":"ar","@id":"https:\/\/lequotidien.mr\/#\/schema\/logo\/image\/","url":"https:\/\/lequotidien.mr\/wp-content\/uploads\/2022\/11\/logolequotidien.jpg","contentUrl":"https:\/\/lequotidien.mr\/wp-content\/uploads\/2022\/11\/logolequotidien.jpg","width":290,"height":65,"caption":"Le Quotidien de Nouakchott"},"image":{"@id":"https:\/\/lequotidien.mr\/#\/schema\/logo\/image\/"},"sameAs":["https:\/\/web.facebook.com\/lequotidienmr","https:\/\/x.com\/lequotidienmr"]},{"@type":"Person","@id":"https:\/\/lequotidien.mr\/#\/schema\/person\/d2d350202a4d599685ed8abc25f97596","name":"Med Ahmed","image":{"@type":"ImageObject","inLanguage":"ar","@id":"https:\/\/secure.gravatar.com\/avatar\/fd2acc62ed50732923d1d39c17172c9b04149f142be92310ecc69e1358f94b52?s=96&d=mm&r=g","url":"https:\/\/secure.gravatar.com\/avatar\/fd2acc62ed50732923d1d39c17172c9b04149f142be92310ecc69e1358f94b52?s=96&d=mm&r=g","contentUrl":"https:\/\/secure.gravatar.com\/avatar\/fd2acc62ed50732923d1d39c17172c9b04149f142be92310ecc69e1358f94b52?s=96&d=mm&r=g","caption":"Med Ahmed"},"url":"https:\/\/lequotidien.mr\/?author=12"}]}},"_links":{"self":[{"href":"https:\/\/lequotidien.mr\/index.php?rest_route=\/wp\/v2\/posts\/32248","targetHints":{"allow":["GET"]}}],"collection":[{"href":"https:\/\/lequotidien.mr\/index.php?rest_route=\/wp\/v2\/posts"}],"about":[{"href":"https:\/\/lequotidien.mr\/index.php?rest_route=\/wp\/v2\/types\/post"}],"author":[{"embeddable":true,"href":"https:\/\/lequotidien.mr\/index.php?rest_route=\/wp\/v2\/users\/12"}],"replies":[{"embeddable":true,"href":"https:\/\/lequotidien.mr\/index.php?rest_route=%2Fwp%2Fv2%2Fcomments&post=32248"}],"version-history":[{"count":1,"href":"https:\/\/lequotidien.mr\/index.php?rest_route=\/wp\/v2\/posts\/32248\/revisions"}],"predecessor-version":[{"id":32250,"href":"https:\/\/lequotidien.mr\/index.php?rest_route=\/wp\/v2\/posts\/32248\/revisions\/32250"}],"wp:featuredmedia":[{"embeddable":true,"href":"https:\/\/lequotidien.mr\/index.php?rest_route=\/wp\/v2\/media\/32249"}],"wp:attachment":[{"href":"https:\/\/lequotidien.mr\/index.php?rest_route=%2Fwp%2Fv2%2Fmedia&parent=32248"}],"wp:term":[{"taxonomy":"category","embeddable":true,"href":"https:\/\/lequotidien.mr\/index.php?rest_route=%2Fwp%2Fv2%2Fcategories&post=32248"},{"taxonomy":"post_tag","embeddable":true,"href":"https:\/\/lequotidien.mr\/index.php?rest_route=%2Fwp%2Fv2%2Ftags&post=32248"}],"curies":[{"name":"wp","href":"https:\/\/api.w.org\/{rel}","templated":true}]}}