{"id":32245,"date":"2025-11-10T20:28:17","date_gmt":"2025-11-10T20:28:17","guid":{"rendered":"https:\/\/lequotidien.mr\/?p=32245"},"modified":"2025-11-10T20:28:17","modified_gmt":"2025-11-10T20:28:17","slug":"accord-avec-le-fmi-la-mauritanie-renforce-ses-fondamentaux-economiques-et-sa-resilience","status":"publish","type":"post","link":"https:\/\/lequotidien.mr\/?p=32245&lang=fr","title":{"rendered":"Accord avec le FMI : la Mauritanie renforce ses fondamentaux \u00e9conomiques et sa r\u00e9silience"},"content":{"rendered":"<p>Le <strong>ministre des Affaires \u00c9conomiques et du D\u00e9veloppement, M. Abdallahi Souleymane Cheikh Sidiya, et le gouverneur de la Banque Centrale de Mauritanie (BCM), M. Mohamed Lemine Ould Dhehby<\/strong>, ont coanim\u00e9 une conf\u00e9rence de presse vendredi \u00e0 Nouakchott avec une mission du Fonds Mon\u00e9taire International (FMI) dirig\u00e9e par M. Felix Fischer. Cet \u00e9v\u00e9nement marque l&#8217;aboutissement de deux semaines de travail intensif et consacre un accord au niveau des experts pour le cinqui\u00e8me examen des programmes appuy\u00e9s par la <strong>\u00ab Facilit\u00e9 \u00c9largie de Cr\u00e9dit \u00bb (FEC)<\/strong> et la <strong>\u00ab Facilit\u00e9 de Cr\u00e9dit \u00c9largie \u00bb (FCE)<\/strong>, ainsi que le quatri\u00e8me examen de la \u00ab Facilit\u00e9 pour la R\u00e9silience et la Durabilit\u00e9 \u00bb (FRD).<\/p>\n<p><strong>Un succ\u00e8s pour les r\u00e9formes \u00e9conomiques nationales\u00a0\u00a0\u00a0\u00a0\u00a0\u00a0\u00a0\u00a0\u00a0\u00a0\u00a0\u00a0\u00a0\u00a0\u00a0\u00a0\u00a0\u00a0 <\/strong><\/p>\n<p>L&#8217;accord conclu couronne des efforts soutenus en mati\u00e8re de discipline budg\u00e9taire, de gouvernance et de r\u00e9silience climatique. Le ministre Sidiya a salu\u00e9 le soutien technique et financier du FMI, soulignant que cet accord refl\u00e8te\u00a0<strong>l&#8217;efficacit\u00e9 des politiques \u00e9conomiques et mon\u00e9taires<\/strong>\u00a0adopt\u00e9es par le gouvernement. Il a pr\u00e9cis\u00e9 que ces politiques visent \u00e0 mobiliser les ressources n\u00e9cessaires \u00e0 l&#8217;investissement et \u00e0 la cr\u00e9ation d&#8217;emplois, tout en renfor\u00e7ant la capacit\u00e9 de l&#8217;\u00e9conomie \u00e0 absorber les chocs externes.<\/p>\n<p>De son c\u00f4t\u00e9, le gouverneur de la BCM, M. Dhehby, a affirm\u00e9 que la mise en \u0153uvre des programmes avance de mani\u00e8re positive :\u00a0<strong>les objectifs li\u00e9s \u00e0 la discipline budg\u00e9taire ont \u00e9t\u00e9 atteints<\/strong>, et le cadre des politiques mon\u00e9taires et de change s&#8217;est notablement am\u00e9lior\u00e9. Il a \u00e9galement indiqu\u00e9 qu&#8217;apr\u00e8s l&#8217;approbation du Conseil d&#8217;administration du FMI, la Mauritanie recevra\u00a0<strong>un <\/strong><strong>d\u00e9caissement de 6,44 millions de droits de tirage sp\u00e9ciaux (DTS), soit environ 8,7 millions de dollars<\/strong>, au titre des programmes FEC\/FCE, et\u00a0<strong>jusqu&#8217;\u00e0 <\/strong><strong>59,44 millions de DTS (environ 80,6 millions de dollars)<\/strong>\u00a0dans le cadre de la FRD.<\/p>\n<p><strong>Performances \u00e9conomiques : une croissance robuste malgr\u00e9 les d\u00e9fis<\/strong><\/p>\n<p>Les discussions ont mis en lumi\u00e8re les performances \u00e9conomiques remarquables de la Mauritanie :<\/p>\n<p><strong>-Croissance \u00e9conomique<\/strong>\u00a0: Le produit int\u00e9rieur brut (PIB) a enregistr\u00e9 une croissance de\u00a0<strong>6,3 % en 2024<\/strong>, et devrait se stabiliser \u00e0\u00a0<strong>4,2 % en 2025<\/strong>, port\u00e9 par la reprise dans les secteurs minier (or et fer), agricole et halieutique\u00a0;<\/p>\n<p><strong>-Inflation ma\u00eetris\u00e9e<\/strong>\u00a0: Gr\u00e2ce \u00e0 une politique mon\u00e9taire prudente, l&#8217;inflation devrait rester\u00a0<strong>inf\u00e9rieure \u00e0 2 % en 2025\u00a0<\/strong>;<\/p>\n<p><strong>-R\u00e9serves internationales<\/strong>\u00a0: Les r\u00e9serves ont d\u00e9pass\u00e9\u00a0<strong>1,46 milliard de dollars<\/strong>, d\u00e9passant les objectifs du programme et offrant une marge de man\u0153uvre cons\u00e9quente\u00a0;<\/p>\n<p><strong>R\u00e9formes structurelles : gouvernance, climat et inclusion financi\u00e8re<\/strong><\/p>\n<p>Les r\u00e9formes structurelles ont \u00e9t\u00e9 au c\u0153ur des \u00e9changes. Le ministre Sidiya et le gouverneur Dhehby ont insist\u00e9 sur les avanc\u00e9es suivantes :<\/p>\n<p><strong>-Gouvernance et lutte contre la corruption<\/strong>\u00a0: Les autorit\u00e9s ont \u00e9t\u00e9 invit\u00e9es \u00e0 op\u00e9rationnaliser rapidement l&#8217;Autorit\u00e9 de lutte contre la corruption et \u00e0 appliquer la loi sur la d\u00e9claration des biens et int\u00e9r\u00eats\u00a0;<\/p>\n<p><strong>-Adaptation au changement climatique<\/strong>\u00a0: Le programme FRD vise \u00e0 renforcer la r\u00e9silience face aux chocs climatiques, avec l&#8217;introduction prochaine d&#8217;un m\u00e9canisme de tarification automatique des carburants et d&#8217;une contribution climat\u00a0;<\/p>\n<p><strong>-Inclusion financi\u00e8re<\/strong>\u00a0: La BCM a mis en place une strat\u00e9gie nationale d&#8217;inclusion financi\u00e8re, favorisant l&#8217;innovation via des solutions de paiement \u00e9lectronique et l&#8217;interop\u00e9rabilit\u00e9 des syst\u00e8mes.<\/p>\n<p>M. Felix Fischer, chef de mission du FMI, a salu\u00e9 <strong>l&#8217;engagement des autorit\u00e9s mauritaniennes<\/strong>et les progr\u00e8s accomplis dans l&#8217;am\u00e9lioration des finances publiques, la flexibilit\u00e9 du taux de change et la gouvernance. Il a r\u00e9it\u00e9r\u00e9 le soutien du FMI pour consolider ces acquis.<\/p>\n<p><strong>Perspectives : une vision tourn\u00e9e vers la diversification et la durabilit\u00e9<\/strong><\/p>\n<p>Les perspectives \u00e0 moyen terme restent positives, avec une croissance projet\u00e9e \u00e0\u00a0<strong>5 % en moyenne sur la p\u00e9riode 2026-2029<\/strong>. Pour maintenir cette dynamique, les parties prennent acte de la n\u00e9cessit\u00e9 de :<\/p>\n<p><strong>-Poursuivre la transition vers un r\u00e9gime de change flexible<\/strong>\u00a0pour mieux absorber les chocs externes\u00a0;<\/p>\n<p><strong>-Institutionnaliser la r\u00e8gle budg\u00e9taire<\/strong>\u00a0dans la loi (LOLF) pour garantir une discipline fiscale durable\u00a0;<\/p>\n<p><strong>-Acc\u00e9l\u00e9rer la diversification \u00e9conomique<\/strong>\u00a0en s&#8217;appuyant sur les secteurs non extractifs.<\/p>\n<p>Cette conf\u00e9rence de presse, \u00e0 laquelle assistaient \u00e9galement le directeur g\u00e9n\u00e9ral des douanes, le directeur g\u00e9n\u00e9ral du budget et le directeur g\u00e9n\u00e9ral des imp\u00f4ts, ainsi que des cadres de la BCM et du d\u00e9partement des Affaires \u00c9conomiques et du D\u00e9veloppement, souligne\u00a0<strong>la solidit\u00e9 du dialogue entre la Mauritanie et le FMI<\/strong>. Les r\u00e9formes engag\u00e9es ouvrent la voie \u00e0 une croissance inclusive et r\u00e9siliente, renfor\u00e7ant la position de la Mauritanie sur la sc\u00e8ne \u00e9conomique r\u00e9gionale.<\/p>\n<p>Avec le soutien continu du FMI et la d\u00e9termination des autorit\u00e9s mauritaniennes, le pays est sur la bonne voie pour relever les d\u00e9fis du d\u00e9veloppement durable et de la r\u00e9duction des in\u00e9galit\u00e9s.<\/p>\n","protected":false},"excerpt":{"rendered":"<p>Le ministre des Affaires \u00c9conomiques et du D\u00e9veloppement, M. Abdallahi Souleymane Cheikh Sidiya, et le gouverneur de la Banque Centrale de Mauritanie (BCM), M. Mohamed Lemine Ould Dhehby, ont coanim\u00e9 une conf\u00e9rence de presse vendredi \u00e0 Nouakchott avec une mission du Fonds Mon\u00e9taire International (FMI) dirig\u00e9e par M. Felix Fischer. Cet \u00e9v\u00e9nement marque l&#8217;aboutissement de&#8230;..<\/p>\n","protected":false},"author":12,"featured_media":32246,"comment_status":"open","ping_status":"open","sticky":false,"template":"","format":"standard","meta":{"footnotes":""},"categories":[23,49],"tags":[],"class_list":["post-32245","post","type-post","status-publish","format-standard","has-post-thumbnail","hentry","category-actualite","category-economie"],"yoast_head":"<!-- This site is optimized with the Yoast SEO plugin v27.5 - https:\/\/yoast.com\/product\/yoast-seo-wordpress\/ -->\n<title>Accord avec le FMI : la Mauritanie renforce ses fondamentaux \u00e9conomiques et sa r\u00e9silience - Le Quotidien de Nouakchott<\/title>\n<meta name=\"robots\" content=\"index, follow, max-snippet:-1, max-image-preview:large, max-video-preview:-1\" \/>\n<link rel=\"canonical\" href=\"https:\/\/lequotidien.mr\/?p=32245&lang=fr\" \/>\n<meta property=\"og:locale\" content=\"ar_AR\" \/>\n<meta property=\"og:type\" content=\"article\" \/>\n<meta property=\"og:title\" content=\"Accord avec le FMI : la Mauritanie renforce ses fondamentaux \u00e9conomiques et sa r\u00e9silience - Le Quotidien de Nouakchott\" \/>\n<meta property=\"og:description\" content=\"Le ministre des Affaires \u00c9conomiques et du D\u00e9veloppement, M. Abdallahi Souleymane Cheikh Sidiya, et le gouverneur de la Banque Centrale de Mauritanie (BCM), M. Mohamed Lemine Ould Dhehby, ont coanim\u00e9 une conf\u00e9rence de presse vendredi \u00e0 Nouakchott avec une mission du Fonds Mon\u00e9taire International (FMI) dirig\u00e9e par M. Felix Fischer. Cet \u00e9v\u00e9nement marque l&#8217;aboutissement de.....\" \/>\n<meta property=\"og:url\" content=\"https:\/\/lequotidien.mr\/?p=32245&amp;lang=fr\" \/>\n<meta property=\"og:site_name\" content=\"Le Quotidien de Nouakchott\" \/>\n<meta property=\"article:publisher\" content=\"https:\/\/web.facebook.com\/lequotidienmr\" \/>\n<meta property=\"article:published_time\" content=\"2025-11-10T20:28:17+00:00\" \/>\n<meta property=\"og:image\" content=\"https:\/\/lequotidien.mr\/wp-content\/uploads\/2025\/11\/photo-reunion-BM.jpg\" \/>\n\t<meta property=\"og:image:width\" content=\"750\" \/>\n\t<meta property=\"og:image:height\" content=\"430\" \/>\n\t<meta property=\"og:image:type\" content=\"image\/jpeg\" \/>\n<meta name=\"author\" content=\"Med Ahmed\" \/>\n<meta name=\"twitter:card\" content=\"summary_large_image\" \/>\n<meta name=\"twitter:creator\" content=\"@lequotidienmr\" \/>\n<meta name=\"twitter:site\" content=\"@lequotidienmr\" \/>\n<meta name=\"twitter:label1\" content=\"\u0643\u064f\u062a\u0628 \u0628\u0648\u0627\u0633\u0637\u0629\" \/>\n\t<meta name=\"twitter:data1\" content=\"Med Ahmed\" \/>\n\t<meta name=\"twitter:label2\" content=\"\u0648\u0642\u062a \u0627\u0644\u0642\u0631\u0627\u0621\u0629 \u0627\u0644\u0645\u064f\u0642\u062f\u0651\u0631\" \/>\n\t<meta name=\"twitter:data2\" content=\"6 \u062f\u0642\u0627\u0626\u0642\" \/>\n<script type=\"application\/ld+json\" class=\"yoast-schema-graph\">{\"@context\":\"https:\\\/\\\/schema.org\",\"@graph\":[{\"@type\":\"Article\",\"@id\":\"https:\\\/\\\/lequotidien.mr\\\/?p=32245&lang=fr#article\",\"isPartOf\":{\"@id\":\"https:\\\/\\\/lequotidien.mr\\\/?p=32245&lang=fr\"},\"author\":{\"name\":\"Med Ahmed\",\"@id\":\"https:\\\/\\\/lequotidien.mr\\\/#\\\/schema\\\/person\\\/d2d350202a4d599685ed8abc25f97596\"},\"headline\":\"Accord avec le FMI : la Mauritanie renforce ses fondamentaux \u00e9conomiques et sa r\u00e9silience\",\"datePublished\":\"2025-11-10T20:28:17+00:00\",\"mainEntityOfPage\":{\"@id\":\"https:\\\/\\\/lequotidien.mr\\\/?p=32245&lang=fr\"},\"wordCount\":834,\"commentCount\":0,\"publisher\":{\"@id\":\"https:\\\/\\\/lequotidien.mr\\\/#organization\"},\"image\":{\"@id\":\"https:\\\/\\\/lequotidien.mr\\\/?p=32245&lang=fr#primaryimage\"},\"thumbnailUrl\":\"https:\\\/\\\/lequotidien.mr\\\/wp-content\\\/uploads\\\/2025\\\/11\\\/photo-reunion-BM.jpg\",\"articleSection\":[\"ACTUALIT\u00c9\",\"Economie\"],\"inLanguage\":\"ar\",\"potentialAction\":[{\"@type\":\"CommentAction\",\"name\":\"Comment\",\"target\":[\"https:\\\/\\\/lequotidien.mr\\\/?p=32245&lang=fr#respond\"]}]},{\"@type\":\"WebPage\",\"@id\":\"https:\\\/\\\/lequotidien.mr\\\/?p=32245&lang=fr\",\"url\":\"https:\\\/\\\/lequotidien.mr\\\/?p=32245&lang=fr\",\"name\":\"Accord avec le FMI : la Mauritanie renforce ses fondamentaux \u00e9conomiques et sa r\u00e9silience - Le Quotidien de Nouakchott\",\"isPartOf\":{\"@id\":\"https:\\\/\\\/lequotidien.mr\\\/#website\"},\"primaryImageOfPage\":{\"@id\":\"https:\\\/\\\/lequotidien.mr\\\/?p=32245&lang=fr#primaryimage\"},\"image\":{\"@id\":\"https:\\\/\\\/lequotidien.mr\\\/?p=32245&lang=fr#primaryimage\"},\"thumbnailUrl\":\"https:\\\/\\\/lequotidien.mr\\\/wp-content\\\/uploads\\\/2025\\\/11\\\/photo-reunion-BM.jpg\",\"datePublished\":\"2025-11-10T20:28:17+00:00\",\"breadcrumb\":{\"@id\":\"https:\\\/\\\/lequotidien.mr\\\/?p=32245&lang=fr#breadcrumb\"},\"inLanguage\":\"ar\",\"potentialAction\":[{\"@type\":\"ReadAction\",\"target\":[\"https:\\\/\\\/lequotidien.mr\\\/?p=32245&lang=fr\"]}]},{\"@type\":\"ImageObject\",\"inLanguage\":\"ar\",\"@id\":\"https:\\\/\\\/lequotidien.mr\\\/?p=32245&lang=fr#primaryimage\",\"url\":\"https:\\\/\\\/lequotidien.mr\\\/wp-content\\\/uploads\\\/2025\\\/11\\\/photo-reunion-BM.jpg\",\"contentUrl\":\"https:\\\/\\\/lequotidien.mr\\\/wp-content\\\/uploads\\\/2025\\\/11\\\/photo-reunion-BM.jpg\",\"width\":750,\"height\":430},{\"@type\":\"BreadcrumbList\",\"@id\":\"https:\\\/\\\/lequotidien.mr\\\/?p=32245&lang=fr#breadcrumb\",\"itemListElement\":[{\"@type\":\"ListItem\",\"position\":1,\"name\":\"Home\",\"item\":\"https:\\\/\\\/lequotidien.mr\\\/\"},{\"@type\":\"ListItem\",\"position\":2,\"name\":\"Accord avec le FMI : la Mauritanie renforce ses fondamentaux \u00e9conomiques et sa r\u00e9silience\"}]},{\"@type\":\"WebSite\",\"@id\":\"https:\\\/\\\/lequotidien.mr\\\/#website\",\"url\":\"https:\\\/\\\/lequotidien.mr\\\/\",\"name\":\"Le Quotidien de Nouakchott\",\"description\":\"\u0625\u062e\u0628\u0627\u0631\u064a\u0629 \u0645\u0633\u062a\u0642\u0644\u0629 \u0644\u0644\u0623\u0646\u0628\u0627\u0621 \u0627\u0644\u0639\u0627\u0645\u0629\",\"publisher\":{\"@id\":\"https:\\\/\\\/lequotidien.mr\\\/#organization\"},\"potentialAction\":[{\"@type\":\"SearchAction\",\"target\":{\"@type\":\"EntryPoint\",\"urlTemplate\":\"https:\\\/\\\/lequotidien.mr\\\/?s={search_term_string}\"},\"query-input\":{\"@type\":\"PropertyValueSpecification\",\"valueRequired\":true,\"valueName\":\"search_term_string\"}}],\"inLanguage\":\"ar\"},{\"@type\":\"Organization\",\"@id\":\"https:\\\/\\\/lequotidien.mr\\\/#organization\",\"name\":\"Le Quotidien de Nouakchott\",\"url\":\"https:\\\/\\\/lequotidien.mr\\\/\",\"logo\":{\"@type\":\"ImageObject\",\"inLanguage\":\"ar\",\"@id\":\"https:\\\/\\\/lequotidien.mr\\\/#\\\/schema\\\/logo\\\/image\\\/\",\"url\":\"https:\\\/\\\/lequotidien.mr\\\/wp-content\\\/uploads\\\/2022\\\/11\\\/logolequotidien.jpg\",\"contentUrl\":\"https:\\\/\\\/lequotidien.mr\\\/wp-content\\\/uploads\\\/2022\\\/11\\\/logolequotidien.jpg\",\"width\":290,\"height\":65,\"caption\":\"Le Quotidien de Nouakchott\"},\"image\":{\"@id\":\"https:\\\/\\\/lequotidien.mr\\\/#\\\/schema\\\/logo\\\/image\\\/\"},\"sameAs\":[\"https:\\\/\\\/web.facebook.com\\\/lequotidienmr\",\"https:\\\/\\\/x.com\\\/lequotidienmr\"]},{\"@type\":\"Person\",\"@id\":\"https:\\\/\\\/lequotidien.mr\\\/#\\\/schema\\\/person\\\/d2d350202a4d599685ed8abc25f97596\",\"name\":\"Med Ahmed\",\"image\":{\"@type\":\"ImageObject\",\"inLanguage\":\"ar\",\"@id\":\"https:\\\/\\\/secure.gravatar.com\\\/avatar\\\/fd2acc62ed50732923d1d39c17172c9b04149f142be92310ecc69e1358f94b52?s=96&d=mm&r=g\",\"url\":\"https:\\\/\\\/secure.gravatar.com\\\/avatar\\\/fd2acc62ed50732923d1d39c17172c9b04149f142be92310ecc69e1358f94b52?s=96&d=mm&r=g\",\"contentUrl\":\"https:\\\/\\\/secure.gravatar.com\\\/avatar\\\/fd2acc62ed50732923d1d39c17172c9b04149f142be92310ecc69e1358f94b52?s=96&d=mm&r=g\",\"caption\":\"Med Ahmed\"},\"url\":\"https:\\\/\\\/lequotidien.mr\\\/?author=12\"}]}<\/script>\n<!-- \/ Yoast SEO plugin. -->","yoast_head_json":{"title":"Accord avec le FMI : la Mauritanie renforce ses fondamentaux \u00e9conomiques et sa r\u00e9silience - Le Quotidien de Nouakchott","robots":{"index":"index","follow":"follow","max-snippet":"max-snippet:-1","max-image-preview":"max-image-preview:large","max-video-preview":"max-video-preview:-1"},"canonical":"https:\/\/lequotidien.mr\/?p=32245&lang=fr","og_locale":"ar_AR","og_type":"article","og_title":"Accord avec le FMI : la Mauritanie renforce ses fondamentaux \u00e9conomiques et sa r\u00e9silience - Le Quotidien de Nouakchott","og_description":"Le ministre des Affaires \u00c9conomiques et du D\u00e9veloppement, M. Abdallahi Souleymane Cheikh Sidiya, et le gouverneur de la Banque Centrale de Mauritanie (BCM), M. Mohamed Lemine Ould Dhehby, ont coanim\u00e9 une conf\u00e9rence de presse vendredi \u00e0 Nouakchott avec une mission du Fonds Mon\u00e9taire International (FMI) dirig\u00e9e par M. Felix Fischer. Cet \u00e9v\u00e9nement marque l&#8217;aboutissement de.....","og_url":"https:\/\/lequotidien.mr\/?p=32245&lang=fr","og_site_name":"Le Quotidien de Nouakchott","article_publisher":"https:\/\/web.facebook.com\/lequotidienmr","article_published_time":"2025-11-10T20:28:17+00:00","og_image":[{"width":750,"height":430,"url":"https:\/\/lequotidien.mr\/wp-content\/uploads\/2025\/11\/photo-reunion-BM.jpg","type":"image\/jpeg"}],"author":"Med Ahmed","twitter_card":"summary_large_image","twitter_creator":"@lequotidienmr","twitter_site":"@lequotidienmr","twitter_misc":{"\u0643\u064f\u062a\u0628 \u0628\u0648\u0627\u0633\u0637\u0629":"Med Ahmed","\u0648\u0642\u062a \u0627\u0644\u0642\u0631\u0627\u0621\u0629 \u0627\u0644\u0645\u064f\u0642\u062f\u0651\u0631":"6 \u062f\u0642\u0627\u0626\u0642"},"schema":{"@context":"https:\/\/schema.org","@graph":[{"@type":"Article","@id":"https:\/\/lequotidien.mr\/?p=32245&lang=fr#article","isPartOf":{"@id":"https:\/\/lequotidien.mr\/?p=32245&lang=fr"},"author":{"name":"Med Ahmed","@id":"https:\/\/lequotidien.mr\/#\/schema\/person\/d2d350202a4d599685ed8abc25f97596"},"headline":"Accord avec le FMI : la Mauritanie renforce ses fondamentaux \u00e9conomiques et sa r\u00e9silience","datePublished":"2025-11-10T20:28:17+00:00","mainEntityOfPage":{"@id":"https:\/\/lequotidien.mr\/?p=32245&lang=fr"},"wordCount":834,"commentCount":0,"publisher":{"@id":"https:\/\/lequotidien.mr\/#organization"},"image":{"@id":"https:\/\/lequotidien.mr\/?p=32245&lang=fr#primaryimage"},"thumbnailUrl":"https:\/\/lequotidien.mr\/wp-content\/uploads\/2025\/11\/photo-reunion-BM.jpg","articleSection":["ACTUALIT\u00c9","Economie"],"inLanguage":"ar","potentialAction":[{"@type":"CommentAction","name":"Comment","target":["https:\/\/lequotidien.mr\/?p=32245&lang=fr#respond"]}]},{"@type":"WebPage","@id":"https:\/\/lequotidien.mr\/?p=32245&lang=fr","url":"https:\/\/lequotidien.mr\/?p=32245&lang=fr","name":"Accord avec le FMI : la Mauritanie renforce ses fondamentaux \u00e9conomiques et sa r\u00e9silience - Le Quotidien de Nouakchott","isPartOf":{"@id":"https:\/\/lequotidien.mr\/#website"},"primaryImageOfPage":{"@id":"https:\/\/lequotidien.mr\/?p=32245&lang=fr#primaryimage"},"image":{"@id":"https:\/\/lequotidien.mr\/?p=32245&lang=fr#primaryimage"},"thumbnailUrl":"https:\/\/lequotidien.mr\/wp-content\/uploads\/2025\/11\/photo-reunion-BM.jpg","datePublished":"2025-11-10T20:28:17+00:00","breadcrumb":{"@id":"https:\/\/lequotidien.mr\/?p=32245&lang=fr#breadcrumb"},"inLanguage":"ar","potentialAction":[{"@type":"ReadAction","target":["https:\/\/lequotidien.mr\/?p=32245&lang=fr"]}]},{"@type":"ImageObject","inLanguage":"ar","@id":"https:\/\/lequotidien.mr\/?p=32245&lang=fr#primaryimage","url":"https:\/\/lequotidien.mr\/wp-content\/uploads\/2025\/11\/photo-reunion-BM.jpg","contentUrl":"https:\/\/lequotidien.mr\/wp-content\/uploads\/2025\/11\/photo-reunion-BM.jpg","width":750,"height":430},{"@type":"BreadcrumbList","@id":"https:\/\/lequotidien.mr\/?p=32245&lang=fr#breadcrumb","itemListElement":[{"@type":"ListItem","position":1,"name":"Home","item":"https:\/\/lequotidien.mr\/"},{"@type":"ListItem","position":2,"name":"Accord avec le FMI : la Mauritanie renforce ses fondamentaux \u00e9conomiques et sa r\u00e9silience"}]},{"@type":"WebSite","@id":"https:\/\/lequotidien.mr\/#website","url":"https:\/\/lequotidien.mr\/","name":"Le Quotidien de Nouakchott","description":"\u0625\u062e\u0628\u0627\u0631\u064a\u0629 \u0645\u0633\u062a\u0642\u0644\u0629 \u0644\u0644\u0623\u0646\u0628\u0627\u0621 \u0627\u0644\u0639\u0627\u0645\u0629","publisher":{"@id":"https:\/\/lequotidien.mr\/#organization"},"potentialAction":[{"@type":"SearchAction","target":{"@type":"EntryPoint","urlTemplate":"https:\/\/lequotidien.mr\/?s={search_term_string}"},"query-input":{"@type":"PropertyValueSpecification","valueRequired":true,"valueName":"search_term_string"}}],"inLanguage":"ar"},{"@type":"Organization","@id":"https:\/\/lequotidien.mr\/#organization","name":"Le Quotidien de Nouakchott","url":"https:\/\/lequotidien.mr\/","logo":{"@type":"ImageObject","inLanguage":"ar","@id":"https:\/\/lequotidien.mr\/#\/schema\/logo\/image\/","url":"https:\/\/lequotidien.mr\/wp-content\/uploads\/2022\/11\/logolequotidien.jpg","contentUrl":"https:\/\/lequotidien.mr\/wp-content\/uploads\/2022\/11\/logolequotidien.jpg","width":290,"height":65,"caption":"Le Quotidien de Nouakchott"},"image":{"@id":"https:\/\/lequotidien.mr\/#\/schema\/logo\/image\/"},"sameAs":["https:\/\/web.facebook.com\/lequotidienmr","https:\/\/x.com\/lequotidienmr"]},{"@type":"Person","@id":"https:\/\/lequotidien.mr\/#\/schema\/person\/d2d350202a4d599685ed8abc25f97596","name":"Med Ahmed","image":{"@type":"ImageObject","inLanguage":"ar","@id":"https:\/\/secure.gravatar.com\/avatar\/fd2acc62ed50732923d1d39c17172c9b04149f142be92310ecc69e1358f94b52?s=96&d=mm&r=g","url":"https:\/\/secure.gravatar.com\/avatar\/fd2acc62ed50732923d1d39c17172c9b04149f142be92310ecc69e1358f94b52?s=96&d=mm&r=g","contentUrl":"https:\/\/secure.gravatar.com\/avatar\/fd2acc62ed50732923d1d39c17172c9b04149f142be92310ecc69e1358f94b52?s=96&d=mm&r=g","caption":"Med Ahmed"},"url":"https:\/\/lequotidien.mr\/?author=12"}]}},"_links":{"self":[{"href":"https:\/\/lequotidien.mr\/index.php?rest_route=\/wp\/v2\/posts\/32245","targetHints":{"allow":["GET"]}}],"collection":[{"href":"https:\/\/lequotidien.mr\/index.php?rest_route=\/wp\/v2\/posts"}],"about":[{"href":"https:\/\/lequotidien.mr\/index.php?rest_route=\/wp\/v2\/types\/post"}],"author":[{"embeddable":true,"href":"https:\/\/lequotidien.mr\/index.php?rest_route=\/wp\/v2\/users\/12"}],"replies":[{"embeddable":true,"href":"https:\/\/lequotidien.mr\/index.php?rest_route=%2Fwp%2Fv2%2Fcomments&post=32245"}],"version-history":[{"count":1,"href":"https:\/\/lequotidien.mr\/index.php?rest_route=\/wp\/v2\/posts\/32245\/revisions"}],"predecessor-version":[{"id":32247,"href":"https:\/\/lequotidien.mr\/index.php?rest_route=\/wp\/v2\/posts\/32245\/revisions\/32247"}],"wp:featuredmedia":[{"embeddable":true,"href":"https:\/\/lequotidien.mr\/index.php?rest_route=\/wp\/v2\/media\/32246"}],"wp:attachment":[{"href":"https:\/\/lequotidien.mr\/index.php?rest_route=%2Fwp%2Fv2%2Fmedia&parent=32245"}],"wp:term":[{"taxonomy":"category","embeddable":true,"href":"https:\/\/lequotidien.mr\/index.php?rest_route=%2Fwp%2Fv2%2Fcategories&post=32245"},{"taxonomy":"post_tag","embeddable":true,"href":"https:\/\/lequotidien.mr\/index.php?rest_route=%2Fwp%2Fv2%2Ftags&post=32245"}],"curies":[{"name":"wp","href":"https:\/\/api.w.org\/{rel}","templated":true}]}}