{"id":32129,"date":"2025-11-05T11:45:13","date_gmt":"2025-11-05T11:45:13","guid":{"rendered":"https:\/\/lequotidien.mr\/?p=32129"},"modified":"2025-11-05T11:45:13","modified_gmt":"2025-11-05T11:45:13","slug":"la-mauritanie-participe-au-deuxieme-sommet-mondial-pour-le-developpement-social-a-doha","status":"publish","type":"post","link":"https:\/\/lequotidien.mr\/?p=32129&lang=fr","title":{"rendered":"La Mauritanie participe au Deuxi\u00e8me Sommet mondial pour le d\u00e9veloppement social \u00e0 Doha"},"content":{"rendered":"<p><strong>Le Deuxi\u00e8me Sommet mondial pour le d\u00e9veloppement social (WSSD2)<\/strong> s&#8217;est ouvert mardi dernier \u00e0 Doha, au Qatar, marquant un temps fort de la coop\u00e9ration internationale. Une d\u00e9l\u00e9gation mauritanienne de haut niveau, conduite par la <strong>ministre des Affaires sociales, de l&#8217;Enfance et de la Famille, Mme\u00a0<\/strong><strong>Savia Ntahah<\/strong>, participe activement \u00e0 cette grand-messe diplomatique qui se poursuivra jusqu&#8217;au 6 novembre\u00a0courant.<\/p>\n<p><strong style=\"font-weight: inherit;\">Une mobilisation internationale de haut niveau<\/strong><\/p>\n<p>La c\u00e9r\u00e9monie d&#8217;ouverture s&#8217;est d\u00e9roul\u00e9e sous le patronage <strong>de Son Altesse Cheikh\u00a0<\/strong><strong>Tamim bin Hamad Al Thani<\/strong><strong>, l&#8217;\u00c9mir de l&#8217;\u00c9tat du Qatar<\/strong>, en pr\u00e9sence de chefs d&#8217;\u00c9tat, de chefs de gouvernement et de personnalit\u00e9s du monde entier. Convoqu\u00e9 par l&#8217;Assembl\u00e9e g\u00e9n\u00e9rale des Nations Unies, ce sommet a pour objectif principal de\u00a0<strong>r\u00e9affirmer l&#8217;engagement mondial en faveur du d\u00e9veloppement social<\/strong>\u00a0et de donner un nouvel \u00e9lan \u00e0 la r\u00e9alisation du <strong>Programme de d\u00e9veloppement durable \u00e0 l&#8217;horizon 2030.<\/strong><\/p>\n<p>Dans un monde confront\u00e9 \u00e0 l&#8217;aggravation des in\u00e9galit\u00e9s et \u00e0 des mutations rapides, le sommet de Doha sert de plateforme essentielle pour un dialogue mondial et une action collective, visant \u00e0 garantir que personne ne soit laiss\u00e9 de c\u00f4t\u00e9.<\/p>\n<p><strong style=\"font-weight: inherit;\">Les objectifs du Sommet : justice sociale, lutte contre la pauvret\u00e9 et emploi<\/strong><\/p>\n<p>Les travaux du sommet, qui s&#8217;\u00e9talent sur trois jours, sont consacr\u00e9s \u00e0 l&#8217;examen des moyens de\u00a0<strong>renforcer la justice sociale<\/strong>, de\u00a0<strong>lutter contre la pauvret\u00e9<\/strong>\u00a0et d&#8217;<strong>\u00e9largir les possibilit\u00e9s d&#8217;emploi et l&#8217;inclusion sociale<\/strong>. Il s&#8217;agit d&#8217;une occasion unique de rallier la communaut\u00e9 internationale autour de l&#8217;objectif commun de faire avancer le progr\u00e8s social et la justice sociale, per\u00e7us comme une contribution fondamentale \u00e0 la r\u00e9alisation du d\u00e9veloppement durable, de la paix et de la s\u00e9curit\u00e9\u00a0.<\/p>\n<p>Les discussions s&#8217;articulent autour de th\u00e8mes universels, dont l&#8217;\u00e9radication de la pauvret\u00e9, la promotion du plein emploi et du travail d\u00e9cent, et le renforcement de la coh\u00e9sion sociale\u00a0. Le Sommet doit aboutir \u00e0 l&#8217;adoption d&#8217;une\u00a0<strong>D\u00e9claration politique de Doha<\/strong>, un texte ambitieux convenu au pr\u00e9alable par consensus lors de n\u00e9gociations intergouvernementales \u00e0 New York.<\/p>\n<p>La participation mauritanienne \u00e0 cet \u00e9v\u00e9nement plan\u00e9taire t\u00e9moigne de l&#8217;importance que le pays accorde aux questions de d\u00e9veloppement social. La ministre\u00a0<strong>Savia Ntahah<\/strong>, qui avait quitt\u00e9 Nouakchott lundi pour se rendre au Qatar, est accompagn\u00e9e d&#8217;une d\u00e9l\u00e9gation compos\u00e9e de plusieurs responsables de diff\u00e9rents secteurs gouvernementaux, ainsi que de partenaires techniques et financiers.<\/p>\n<p>Son agenda \u00e0 Doha ne se limite pas aux s\u00e9ances pl\u00e9ni\u00e8res. En marge du sommet, la ministre prendra part \u00e0 un\u00a0<strong>\u00e9v\u00e9nement parall\u00e8le consacr\u00e9 \u00e0 l&#8217;int\u00e9gration des personnes handicap\u00e9es<\/strong>. Elle assistera \u00e9galement \u00e0 la\u00a0<strong>r\u00e9union pr\u00e9paratoire de la prochaine session du Conseil des ministres arabes des affaires sociales<\/strong>, soulignant ainsi l&#8217;engagement de la Mauritanie au niveau r\u00e9gional.<\/p>\n<p><strong style=\"font-weight: inherit;\">Un contexte multilat\u00e9ral revitalis\u00e9<\/strong><\/p>\n<p>Ce sommet d\u00e9montre qu&#8217;un consensus reste possible autour des valeurs communes de justice sociale, d&#8217;inclusion et de dignit\u00e9, et ce malgr\u00e9 un contexte mondial marqu\u00e9 par les tensions. Des pays de toutes les r\u00e9gions, comme la Belgique et les Comores, y pr\u00e9sentent leurs initiatives et r\u00e9affirment leur attachement au multilat\u00e9ralisme comme vecteur de progr\u00e8s social.<\/p>\n<p>Des agences onusiennes sp\u00e9cialis\u00e9es, comme <strong>l&#8217;Organisation Internationale du Travail (OIT)<\/strong>, sont \u00e9galement au c\u0153ur des d\u00e9bats, appelant \u00e0 un nouveau multilat\u00e9ralisme fond\u00e9 sur le travail d\u00e9cent et la justice sociale.<\/p>\n<p><strong style=\"font-weight: inherit;\">Vers un nouvel \u00e9lan pour le d\u00e9veloppement social<\/strong><\/p>\n<p>Alors que le sommet se poursuit jusqu&#8217;au 6 novembre, la communaut\u00e9 internationale esp\u00e8re que les engagements pris \u00e0 Doha se traduiront par des actions concr\u00e8tes dans les pays membres. La pr\u00e9sence active de la d\u00e9l\u00e9gation mauritanienne, \u00e0 travers sa ministre Savia Ntahah, confirme la volont\u00e9 de la Mauritanie de contribuer \u00e0 cet effort collectif et de s&#8217;inspirer des meilleures pratiques pour renforcer sa politique sociale nationale, en coh\u00e9rence avec les directives du <strong>Pr\u00e9sident de la R\u00e9publique, Monsieur Mohamed Cheikh El Ghazouani.<\/strong><\/p>\n<p>L&#8217;adoption de la d\u00e9claration politique finale sera suivie avec attention, car elle est destin\u00e9e \u00e0 servir de cadre pour guider les gouvernements nationaux, les agences de l&#8217;ONU et les autres parties prenantes dans l&#8217;alignement de leurs politiques et programmes sur les objectifs de d\u00e9veloppement social renouvel\u00e9s<\/p>\n","protected":false},"excerpt":{"rendered":"<p>Le Deuxi\u00e8me Sommet mondial pour le d\u00e9veloppement social (WSSD2) s&#8217;est ouvert mardi dernier \u00e0 Doha, au Qatar, marquant un temps fort de la coop\u00e9ration internationale. Une d\u00e9l\u00e9gation mauritanienne de haut niveau, conduite par la ministre des Affaires sociales, de l&#8217;Enfance et de la Famille, Mme\u00a0Savia Ntahah, participe activement \u00e0 cette grand-messe diplomatique qui se poursuivra&#8230;..<\/p>\n","protected":false},"author":12,"featured_media":32130,"comment_status":"open","ping_status":"open","sticky":false,"template":"","format":"standard","meta":{"footnotes":""},"categories":[23,49],"tags":[],"class_list":["post-32129","post","type-post","status-publish","format-standard","has-post-thumbnail","hentry","category-actualite","category-economie"],"yoast_head":"<!-- This site is optimized with the Yoast SEO plugin v27.5 - https:\/\/yoast.com\/product\/yoast-seo-wordpress\/ -->\n<title>La Mauritanie participe au Deuxi\u00e8me Sommet mondial pour le d\u00e9veloppement social \u00e0 Doha - Le Quotidien de Nouakchott<\/title>\n<meta name=\"robots\" content=\"index, follow, max-snippet:-1, max-image-preview:large, max-video-preview:-1\" \/>\n<link rel=\"canonical\" href=\"https:\/\/lequotidien.mr\/?p=32129&lang=fr\" \/>\n<meta property=\"og:locale\" content=\"ar_AR\" \/>\n<meta property=\"og:type\" content=\"article\" \/>\n<meta property=\"og:title\" content=\"La Mauritanie participe au Deuxi\u00e8me Sommet mondial pour le d\u00e9veloppement social \u00e0 Doha - Le Quotidien de Nouakchott\" \/>\n<meta property=\"og:description\" content=\"Le Deuxi\u00e8me Sommet mondial pour le d\u00e9veloppement social (WSSD2) s&#8217;est ouvert mardi dernier \u00e0 Doha, au Qatar, marquant un temps fort de la coop\u00e9ration internationale. Une d\u00e9l\u00e9gation mauritanienne de haut niveau, conduite par la ministre des Affaires sociales, de l&#8217;Enfance et de la Famille, Mme\u00a0Savia Ntahah, participe activement \u00e0 cette grand-messe diplomatique qui se poursuivra.....\" \/>\n<meta property=\"og:url\" content=\"https:\/\/lequotidien.mr\/?p=32129&amp;lang=fr\" \/>\n<meta property=\"og:site_name\" content=\"Le Quotidien de Nouakchott\" \/>\n<meta property=\"article:publisher\" content=\"https:\/\/web.facebook.com\/lequotidienmr\" \/>\n<meta property=\"article:published_time\" content=\"2025-11-05T11:45:13+00:00\" \/>\n<meta property=\"og:image\" content=\"https:\/\/lequotidien.mr\/wp-content\/uploads\/2025\/11\/photo-sommet-dev-mdial-scial-Doha.jpg\" \/>\n\t<meta property=\"og:image:width\" content=\"750\" \/>\n\t<meta property=\"og:image:height\" content=\"430\" \/>\n\t<meta property=\"og:image:type\" content=\"image\/jpeg\" \/>\n<meta name=\"author\" content=\"Med Ahmed\" \/>\n<meta name=\"twitter:card\" content=\"summary_large_image\" \/>\n<meta name=\"twitter:creator\" content=\"@lequotidienmr\" \/>\n<meta name=\"twitter:site\" content=\"@lequotidienmr\" \/>\n<meta name=\"twitter:label1\" content=\"\u0643\u064f\u062a\u0628 \u0628\u0648\u0627\u0633\u0637\u0629\" \/>\n\t<meta name=\"twitter:data1\" content=\"Med Ahmed\" \/>\n\t<meta name=\"twitter:label2\" content=\"\u0648\u0642\u062a \u0627\u0644\u0642\u0631\u0627\u0621\u0629 \u0627\u0644\u0645\u064f\u0642\u062f\u0651\u0631\" \/>\n\t<meta name=\"twitter:data2\" content=\"5 \u062f\u0642\u0627\u0626\u0642\" \/>\n<script type=\"application\/ld+json\" class=\"yoast-schema-graph\">{\"@context\":\"https:\\\/\\\/schema.org\",\"@graph\":[{\"@type\":\"Article\",\"@id\":\"https:\\\/\\\/lequotidien.mr\\\/?p=32129&lang=fr#article\",\"isPartOf\":{\"@id\":\"https:\\\/\\\/lequotidien.mr\\\/?p=32129&lang=fr\"},\"author\":{\"name\":\"Med Ahmed\",\"@id\":\"https:\\\/\\\/lequotidien.mr\\\/#\\\/schema\\\/person\\\/d2d350202a4d599685ed8abc25f97596\"},\"headline\":\"La Mauritanie participe au Deuxi\u00e8me Sommet mondial pour le d\u00e9veloppement social \u00e0 Doha\",\"datePublished\":\"2025-11-05T11:45:13+00:00\",\"mainEntityOfPage\":{\"@id\":\"https:\\\/\\\/lequotidien.mr\\\/?p=32129&lang=fr\"},\"wordCount\":760,\"commentCount\":0,\"publisher\":{\"@id\":\"https:\\\/\\\/lequotidien.mr\\\/#organization\"},\"image\":{\"@id\":\"https:\\\/\\\/lequotidien.mr\\\/?p=32129&lang=fr#primaryimage\"},\"thumbnailUrl\":\"https:\\\/\\\/lequotidien.mr\\\/wp-content\\\/uploads\\\/2025\\\/11\\\/photo-sommet-dev-mdial-scial-Doha.jpg\",\"articleSection\":[\"ACTUALIT\u00c9\",\"Economie\"],\"inLanguage\":\"ar\",\"potentialAction\":[{\"@type\":\"CommentAction\",\"name\":\"Comment\",\"target\":[\"https:\\\/\\\/lequotidien.mr\\\/?p=32129&lang=fr#respond\"]}]},{\"@type\":\"WebPage\",\"@id\":\"https:\\\/\\\/lequotidien.mr\\\/?p=32129&lang=fr\",\"url\":\"https:\\\/\\\/lequotidien.mr\\\/?p=32129&lang=fr\",\"name\":\"La Mauritanie participe au Deuxi\u00e8me Sommet mondial pour le d\u00e9veloppement social \u00e0 Doha - Le Quotidien de Nouakchott\",\"isPartOf\":{\"@id\":\"https:\\\/\\\/lequotidien.mr\\\/#website\"},\"primaryImageOfPage\":{\"@id\":\"https:\\\/\\\/lequotidien.mr\\\/?p=32129&lang=fr#primaryimage\"},\"image\":{\"@id\":\"https:\\\/\\\/lequotidien.mr\\\/?p=32129&lang=fr#primaryimage\"},\"thumbnailUrl\":\"https:\\\/\\\/lequotidien.mr\\\/wp-content\\\/uploads\\\/2025\\\/11\\\/photo-sommet-dev-mdial-scial-Doha.jpg\",\"datePublished\":\"2025-11-05T11:45:13+00:00\",\"breadcrumb\":{\"@id\":\"https:\\\/\\\/lequotidien.mr\\\/?p=32129&lang=fr#breadcrumb\"},\"inLanguage\":\"ar\",\"potentialAction\":[{\"@type\":\"ReadAction\",\"target\":[\"https:\\\/\\\/lequotidien.mr\\\/?p=32129&lang=fr\"]}]},{\"@type\":\"ImageObject\",\"inLanguage\":\"ar\",\"@id\":\"https:\\\/\\\/lequotidien.mr\\\/?p=32129&lang=fr#primaryimage\",\"url\":\"https:\\\/\\\/lequotidien.mr\\\/wp-content\\\/uploads\\\/2025\\\/11\\\/photo-sommet-dev-mdial-scial-Doha.jpg\",\"contentUrl\":\"https:\\\/\\\/lequotidien.mr\\\/wp-content\\\/uploads\\\/2025\\\/11\\\/photo-sommet-dev-mdial-scial-Doha.jpg\",\"width\":750,\"height\":430},{\"@type\":\"BreadcrumbList\",\"@id\":\"https:\\\/\\\/lequotidien.mr\\\/?p=32129&lang=fr#breadcrumb\",\"itemListElement\":[{\"@type\":\"ListItem\",\"position\":1,\"name\":\"Home\",\"item\":\"https:\\\/\\\/lequotidien.mr\\\/\"},{\"@type\":\"ListItem\",\"position\":2,\"name\":\"La Mauritanie participe au Deuxi\u00e8me Sommet mondial pour le d\u00e9veloppement social \u00e0 Doha\"}]},{\"@type\":\"WebSite\",\"@id\":\"https:\\\/\\\/lequotidien.mr\\\/#website\",\"url\":\"https:\\\/\\\/lequotidien.mr\\\/\",\"name\":\"Le Quotidien de Nouakchott\",\"description\":\"\u0625\u062e\u0628\u0627\u0631\u064a\u0629 \u0645\u0633\u062a\u0642\u0644\u0629 \u0644\u0644\u0623\u0646\u0628\u0627\u0621 \u0627\u0644\u0639\u0627\u0645\u0629\",\"publisher\":{\"@id\":\"https:\\\/\\\/lequotidien.mr\\\/#organization\"},\"potentialAction\":[{\"@type\":\"SearchAction\",\"target\":{\"@type\":\"EntryPoint\",\"urlTemplate\":\"https:\\\/\\\/lequotidien.mr\\\/?s={search_term_string}\"},\"query-input\":{\"@type\":\"PropertyValueSpecification\",\"valueRequired\":true,\"valueName\":\"search_term_string\"}}],\"inLanguage\":\"ar\"},{\"@type\":\"Organization\",\"@id\":\"https:\\\/\\\/lequotidien.mr\\\/#organization\",\"name\":\"Le Quotidien de Nouakchott\",\"url\":\"https:\\\/\\\/lequotidien.mr\\\/\",\"logo\":{\"@type\":\"ImageObject\",\"inLanguage\":\"ar\",\"@id\":\"https:\\\/\\\/lequotidien.mr\\\/#\\\/schema\\\/logo\\\/image\\\/\",\"url\":\"https:\\\/\\\/lequotidien.mr\\\/wp-content\\\/uploads\\\/2022\\\/11\\\/logolequotidien.jpg\",\"contentUrl\":\"https:\\\/\\\/lequotidien.mr\\\/wp-content\\\/uploads\\\/2022\\\/11\\\/logolequotidien.jpg\",\"width\":290,\"height\":65,\"caption\":\"Le Quotidien de Nouakchott\"},\"image\":{\"@id\":\"https:\\\/\\\/lequotidien.mr\\\/#\\\/schema\\\/logo\\\/image\\\/\"},\"sameAs\":[\"https:\\\/\\\/web.facebook.com\\\/lequotidienmr\",\"https:\\\/\\\/x.com\\\/lequotidienmr\"]},{\"@type\":\"Person\",\"@id\":\"https:\\\/\\\/lequotidien.mr\\\/#\\\/schema\\\/person\\\/d2d350202a4d599685ed8abc25f97596\",\"name\":\"Med Ahmed\",\"image\":{\"@type\":\"ImageObject\",\"inLanguage\":\"ar\",\"@id\":\"https:\\\/\\\/secure.gravatar.com\\\/avatar\\\/fd2acc62ed50732923d1d39c17172c9b04149f142be92310ecc69e1358f94b52?s=96&d=mm&r=g\",\"url\":\"https:\\\/\\\/secure.gravatar.com\\\/avatar\\\/fd2acc62ed50732923d1d39c17172c9b04149f142be92310ecc69e1358f94b52?s=96&d=mm&r=g\",\"contentUrl\":\"https:\\\/\\\/secure.gravatar.com\\\/avatar\\\/fd2acc62ed50732923d1d39c17172c9b04149f142be92310ecc69e1358f94b52?s=96&d=mm&r=g\",\"caption\":\"Med Ahmed\"},\"url\":\"https:\\\/\\\/lequotidien.mr\\\/?author=12\"}]}<\/script>\n<!-- \/ Yoast SEO plugin. -->","yoast_head_json":{"title":"La Mauritanie participe au Deuxi\u00e8me Sommet mondial pour le d\u00e9veloppement social \u00e0 Doha - Le Quotidien de Nouakchott","robots":{"index":"index","follow":"follow","max-snippet":"max-snippet:-1","max-image-preview":"max-image-preview:large","max-video-preview":"max-video-preview:-1"},"canonical":"https:\/\/lequotidien.mr\/?p=32129&lang=fr","og_locale":"ar_AR","og_type":"article","og_title":"La Mauritanie participe au Deuxi\u00e8me Sommet mondial pour le d\u00e9veloppement social \u00e0 Doha - Le Quotidien de Nouakchott","og_description":"Le Deuxi\u00e8me Sommet mondial pour le d\u00e9veloppement social (WSSD2) s&#8217;est ouvert mardi dernier \u00e0 Doha, au Qatar, marquant un temps fort de la coop\u00e9ration internationale. Une d\u00e9l\u00e9gation mauritanienne de haut niveau, conduite par la ministre des Affaires sociales, de l&#8217;Enfance et de la Famille, Mme\u00a0Savia Ntahah, participe activement \u00e0 cette grand-messe diplomatique qui se poursuivra.....","og_url":"https:\/\/lequotidien.mr\/?p=32129&lang=fr","og_site_name":"Le Quotidien de Nouakchott","article_publisher":"https:\/\/web.facebook.com\/lequotidienmr","article_published_time":"2025-11-05T11:45:13+00:00","og_image":[{"width":750,"height":430,"url":"https:\/\/lequotidien.mr\/wp-content\/uploads\/2025\/11\/photo-sommet-dev-mdial-scial-Doha.jpg","type":"image\/jpeg"}],"author":"Med Ahmed","twitter_card":"summary_large_image","twitter_creator":"@lequotidienmr","twitter_site":"@lequotidienmr","twitter_misc":{"\u0643\u064f\u062a\u0628 \u0628\u0648\u0627\u0633\u0637\u0629":"Med Ahmed","\u0648\u0642\u062a \u0627\u0644\u0642\u0631\u0627\u0621\u0629 \u0627\u0644\u0645\u064f\u0642\u062f\u0651\u0631":"5 \u062f\u0642\u0627\u0626\u0642"},"schema":{"@context":"https:\/\/schema.org","@graph":[{"@type":"Article","@id":"https:\/\/lequotidien.mr\/?p=32129&lang=fr#article","isPartOf":{"@id":"https:\/\/lequotidien.mr\/?p=32129&lang=fr"},"author":{"name":"Med Ahmed","@id":"https:\/\/lequotidien.mr\/#\/schema\/person\/d2d350202a4d599685ed8abc25f97596"},"headline":"La Mauritanie participe au Deuxi\u00e8me Sommet mondial pour le d\u00e9veloppement social \u00e0 Doha","datePublished":"2025-11-05T11:45:13+00:00","mainEntityOfPage":{"@id":"https:\/\/lequotidien.mr\/?p=32129&lang=fr"},"wordCount":760,"commentCount":0,"publisher":{"@id":"https:\/\/lequotidien.mr\/#organization"},"image":{"@id":"https:\/\/lequotidien.mr\/?p=32129&lang=fr#primaryimage"},"thumbnailUrl":"https:\/\/lequotidien.mr\/wp-content\/uploads\/2025\/11\/photo-sommet-dev-mdial-scial-Doha.jpg","articleSection":["ACTUALIT\u00c9","Economie"],"inLanguage":"ar","potentialAction":[{"@type":"CommentAction","name":"Comment","target":["https:\/\/lequotidien.mr\/?p=32129&lang=fr#respond"]}]},{"@type":"WebPage","@id":"https:\/\/lequotidien.mr\/?p=32129&lang=fr","url":"https:\/\/lequotidien.mr\/?p=32129&lang=fr","name":"La Mauritanie participe au Deuxi\u00e8me Sommet mondial pour le d\u00e9veloppement social \u00e0 Doha - Le Quotidien de Nouakchott","isPartOf":{"@id":"https:\/\/lequotidien.mr\/#website"},"primaryImageOfPage":{"@id":"https:\/\/lequotidien.mr\/?p=32129&lang=fr#primaryimage"},"image":{"@id":"https:\/\/lequotidien.mr\/?p=32129&lang=fr#primaryimage"},"thumbnailUrl":"https:\/\/lequotidien.mr\/wp-content\/uploads\/2025\/11\/photo-sommet-dev-mdial-scial-Doha.jpg","datePublished":"2025-11-05T11:45:13+00:00","breadcrumb":{"@id":"https:\/\/lequotidien.mr\/?p=32129&lang=fr#breadcrumb"},"inLanguage":"ar","potentialAction":[{"@type":"ReadAction","target":["https:\/\/lequotidien.mr\/?p=32129&lang=fr"]}]},{"@type":"ImageObject","inLanguage":"ar","@id":"https:\/\/lequotidien.mr\/?p=32129&lang=fr#primaryimage","url":"https:\/\/lequotidien.mr\/wp-content\/uploads\/2025\/11\/photo-sommet-dev-mdial-scial-Doha.jpg","contentUrl":"https:\/\/lequotidien.mr\/wp-content\/uploads\/2025\/11\/photo-sommet-dev-mdial-scial-Doha.jpg","width":750,"height":430},{"@type":"BreadcrumbList","@id":"https:\/\/lequotidien.mr\/?p=32129&lang=fr#breadcrumb","itemListElement":[{"@type":"ListItem","position":1,"name":"Home","item":"https:\/\/lequotidien.mr\/"},{"@type":"ListItem","position":2,"name":"La Mauritanie participe au Deuxi\u00e8me Sommet mondial pour le d\u00e9veloppement social \u00e0 Doha"}]},{"@type":"WebSite","@id":"https:\/\/lequotidien.mr\/#website","url":"https:\/\/lequotidien.mr\/","name":"Le Quotidien de Nouakchott","description":"\u0625\u062e\u0628\u0627\u0631\u064a\u0629 \u0645\u0633\u062a\u0642\u0644\u0629 \u0644\u0644\u0623\u0646\u0628\u0627\u0621 \u0627\u0644\u0639\u0627\u0645\u0629","publisher":{"@id":"https:\/\/lequotidien.mr\/#organization"},"potentialAction":[{"@type":"SearchAction","target":{"@type":"EntryPoint","urlTemplate":"https:\/\/lequotidien.mr\/?s={search_term_string}"},"query-input":{"@type":"PropertyValueSpecification","valueRequired":true,"valueName":"search_term_string"}}],"inLanguage":"ar"},{"@type":"Organization","@id":"https:\/\/lequotidien.mr\/#organization","name":"Le Quotidien de Nouakchott","url":"https:\/\/lequotidien.mr\/","logo":{"@type":"ImageObject","inLanguage":"ar","@id":"https:\/\/lequotidien.mr\/#\/schema\/logo\/image\/","url":"https:\/\/lequotidien.mr\/wp-content\/uploads\/2022\/11\/logolequotidien.jpg","contentUrl":"https:\/\/lequotidien.mr\/wp-content\/uploads\/2022\/11\/logolequotidien.jpg","width":290,"height":65,"caption":"Le Quotidien de Nouakchott"},"image":{"@id":"https:\/\/lequotidien.mr\/#\/schema\/logo\/image\/"},"sameAs":["https:\/\/web.facebook.com\/lequotidienmr","https:\/\/x.com\/lequotidienmr"]},{"@type":"Person","@id":"https:\/\/lequotidien.mr\/#\/schema\/person\/d2d350202a4d599685ed8abc25f97596","name":"Med Ahmed","image":{"@type":"ImageObject","inLanguage":"ar","@id":"https:\/\/secure.gravatar.com\/avatar\/fd2acc62ed50732923d1d39c17172c9b04149f142be92310ecc69e1358f94b52?s=96&d=mm&r=g","url":"https:\/\/secure.gravatar.com\/avatar\/fd2acc62ed50732923d1d39c17172c9b04149f142be92310ecc69e1358f94b52?s=96&d=mm&r=g","contentUrl":"https:\/\/secure.gravatar.com\/avatar\/fd2acc62ed50732923d1d39c17172c9b04149f142be92310ecc69e1358f94b52?s=96&d=mm&r=g","caption":"Med Ahmed"},"url":"https:\/\/lequotidien.mr\/?author=12"}]}},"_links":{"self":[{"href":"https:\/\/lequotidien.mr\/index.php?rest_route=\/wp\/v2\/posts\/32129","targetHints":{"allow":["GET"]}}],"collection":[{"href":"https:\/\/lequotidien.mr\/index.php?rest_route=\/wp\/v2\/posts"}],"about":[{"href":"https:\/\/lequotidien.mr\/index.php?rest_route=\/wp\/v2\/types\/post"}],"author":[{"embeddable":true,"href":"https:\/\/lequotidien.mr\/index.php?rest_route=\/wp\/v2\/users\/12"}],"replies":[{"embeddable":true,"href":"https:\/\/lequotidien.mr\/index.php?rest_route=%2Fwp%2Fv2%2Fcomments&post=32129"}],"version-history":[{"count":1,"href":"https:\/\/lequotidien.mr\/index.php?rest_route=\/wp\/v2\/posts\/32129\/revisions"}],"predecessor-version":[{"id":32131,"href":"https:\/\/lequotidien.mr\/index.php?rest_route=\/wp\/v2\/posts\/32129\/revisions\/32131"}],"wp:featuredmedia":[{"embeddable":true,"href":"https:\/\/lequotidien.mr\/index.php?rest_route=\/wp\/v2\/media\/32130"}],"wp:attachment":[{"href":"https:\/\/lequotidien.mr\/index.php?rest_route=%2Fwp%2Fv2%2Fmedia&parent=32129"}],"wp:term":[{"taxonomy":"category","embeddable":true,"href":"https:\/\/lequotidien.mr\/index.php?rest_route=%2Fwp%2Fv2%2Fcategories&post=32129"},{"taxonomy":"post_tag","embeddable":true,"href":"https:\/\/lequotidien.mr\/index.php?rest_route=%2Fwp%2Fv2%2Ftags&post=32129"}],"curies":[{"name":"wp","href":"https:\/\/api.w.org\/{rel}","templated":true}]}}