{"id":32126,"date":"2025-11-05T11:31:20","date_gmt":"2025-11-05T11:31:20","guid":{"rendered":"https:\/\/lequotidien.mr\/?p=32126"},"modified":"2025-11-05T11:31:20","modified_gmt":"2025-11-05T11:31:20","slug":"nouakchott-le-premier-ministre-supervise-lavancement-des-grands-projets-gouvernementaux","status":"publish","type":"post","link":"https:\/\/lequotidien.mr\/?p=32126&lang=fr","title":{"rendered":"Nouakchott : Le Premier ministre supervise l\u2019avancement des grands projets gouvernementaux"},"content":{"rendered":"<p>Le <strong>Premier ministre, M. Moctar Djay<\/strong>, a pr\u00e9sid\u00e9, lundi dernier, la r\u00e9union p\u00e9riodique du <strong>Comit\u00e9 minist\u00e9riel charg\u00e9 du Suivi des Grands Projets<\/strong>. Cette session de travail a permis de faire un point d\u00e9taill\u00e9 sur l\u2019\u00e9tat d\u2019avancement des chantiers structurants du gouvernement.<\/p>\n<p>L\u2019ordre du jour de cette r\u00e9union \u00e9tait consacr\u00e9 \u00e0 l\u2019examen minutieux de l\u2019avancement des travaux des projets gouvernementaux au cours des mois de septembre et octobre. Les diff\u00e9rents rapports pr\u00e9sent\u00e9s aux membres du comit\u00e9 ont r\u00e9v\u00e9l\u00e9 une am\u00e9lioration g\u00e9n\u00e9rale du rythme d\u2019ex\u00e9cution. Cette dynamique positive a \u00e9t\u00e9 observ\u00e9e en d\u00e9pit des impacts n\u00e9gatifs g\u00e9n\u00e9r\u00e9s par les pr\u00e9cipitations de la saison d&#8217;hivernage, qui ont naturellement ralenti certains chantiers.<\/p>\n<p>Un point d\u2019attention particulier a \u00e9t\u00e9 port\u00e9 sur le programme de d\u00e9veloppement de la ville de Nouakchott. Les indicateurs pr\u00e9sent\u00e9s sont encourageants : le <strong>taux de r\u00e9alisation physique<\/strong> des travaux a d\u00e9j\u00e0 atteint <strong>66%<\/strong>, d\u00e9passant le taux d\u2019\u00e9coulement des d\u00e9lais, qui n\u2019est que de <strong>56%<\/strong>. Cet \u00e9cart positif d\u00e9montre une r\u00e9elle efficacit\u00e9 et une performance notable dans la conduite des op\u00e9rations sur le terrain.<\/p>\n<p>Face \u00e0 ce bilan, le Premier ministre, M. Moctar Djay, a n\u00e9anmoins appel\u00e9 \u00e0 une vigilance accrue. Il a exhort\u00e9 les d\u00e9partements minist\u00e9riels impliqu\u00e9s \u00e0 acc\u00e9l\u00e9rer le traitement des observations concernant les entreprises ex\u00e9cutantes. Le chef du gouvernement a insist\u00e9 sur la n\u00e9cessit\u00e9 de trouver des solutions urgentes pour garantir la continuit\u00e9 des travaux dans les d\u00e9lais impartis. Il a \u00e9galement soulign\u00e9 qu\u2019\u00e0 d\u00e9faut, des mesures l\u00e9gales devraient \u00eatre prises pour r\u00e9silier les contrats, afin d\u2019\u00e9viter tout retard pr\u00e9judiciable \u00e0 la bonne fin des projets.<\/p>\n<p>En conclusion de la r\u00e9union, le Premier ministre a mis en exergue l\u2019imp\u00e9rieuse n\u00e9cessit\u00e9 de renforcer les m\u00e9canismes de suivi et de contr\u00f4le sur le terrain. Cette orientation s\u2019inscrit en parfaite conformit\u00e9 avec les directives du <strong>Pr\u00e9sident de la R\u00e9publique, Monsieur Mohamed Cheikh El Ghazouani<\/strong>. L\u2019objectif ultime est de garantir non seulement l\u2019am\u00e9lioration continue des performances, mais aussi le strict respect des normes techniques et de qualit\u00e9 requises pour ces projets d\u2019envergure, au b\u00e9n\u00e9fice direct des populations.<\/p>\n","protected":false},"excerpt":{"rendered":"<p>Le Premier ministre, M. Moctar Djay, a pr\u00e9sid\u00e9, lundi dernier, la r\u00e9union p\u00e9riodique du Comit\u00e9 minist\u00e9riel charg\u00e9 du Suivi des Grands Projets. Cette session de travail a permis de faire un point d\u00e9taill\u00e9 sur l\u2019\u00e9tat d\u2019avancement des chantiers structurants du gouvernement. L\u2019ordre du jour de cette r\u00e9union \u00e9tait consacr\u00e9 \u00e0 l\u2019examen minutieux de l\u2019avancement des&#8230;..<\/p>\n","protected":false},"author":12,"featured_media":32127,"comment_status":"open","ping_status":"open","sticky":false,"template":"","format":"standard","meta":{"footnotes":""},"categories":[23,49],"tags":[],"class_list":["post-32126","post","type-post","status-publish","format-standard","has-post-thumbnail","hentry","category-actualite","category-economie"],"yoast_head":"<!-- This site is optimized with the Yoast SEO plugin v27.5 - https:\/\/yoast.com\/product\/yoast-seo-wordpress\/ -->\n<title>Nouakchott : Le Premier ministre supervise l\u2019avancement des grands projets gouvernementaux - Le Quotidien de Nouakchott<\/title>\n<meta name=\"robots\" content=\"index, follow, max-snippet:-1, max-image-preview:large, max-video-preview:-1\" \/>\n<link rel=\"canonical\" href=\"https:\/\/lequotidien.mr\/?p=32126&lang=fr\" \/>\n<meta property=\"og:locale\" content=\"ar_AR\" \/>\n<meta property=\"og:type\" content=\"article\" \/>\n<meta property=\"og:title\" content=\"Nouakchott : Le Premier ministre supervise l\u2019avancement des grands projets gouvernementaux - Le Quotidien de Nouakchott\" \/>\n<meta property=\"og:description\" content=\"Le Premier ministre, M. Moctar Djay, a pr\u00e9sid\u00e9, lundi dernier, la r\u00e9union p\u00e9riodique du Comit\u00e9 minist\u00e9riel charg\u00e9 du Suivi des Grands Projets. Cette session de travail a permis de faire un point d\u00e9taill\u00e9 sur l\u2019\u00e9tat d\u2019avancement des chantiers structurants du gouvernement. L\u2019ordre du jour de cette r\u00e9union \u00e9tait consacr\u00e9 \u00e0 l\u2019examen minutieux de l\u2019avancement des.....\" \/>\n<meta property=\"og:url\" content=\"https:\/\/lequotidien.mr\/?p=32126&amp;lang=fr\" \/>\n<meta property=\"og:site_name\" content=\"Le Quotidien de Nouakchott\" \/>\n<meta property=\"article:publisher\" content=\"https:\/\/web.facebook.com\/lequotidienmr\" \/>\n<meta property=\"article:published_time\" content=\"2025-11-05T11:31:20+00:00\" \/>\n<meta property=\"og:image\" content=\"https:\/\/lequotidien.mr\/wp-content\/uploads\/2025\/11\/photo-P_grands-pjets.jpg\" \/>\n\t<meta property=\"og:image:width\" content=\"750\" \/>\n\t<meta property=\"og:image:height\" content=\"430\" \/>\n\t<meta property=\"og:image:type\" content=\"image\/jpeg\" \/>\n<meta name=\"author\" content=\"Med Ahmed\" \/>\n<meta name=\"twitter:card\" content=\"summary_large_image\" \/>\n<meta name=\"twitter:creator\" content=\"@lequotidienmr\" \/>\n<meta name=\"twitter:site\" content=\"@lequotidienmr\" \/>\n<meta name=\"twitter:label1\" content=\"\u0643\u064f\u062a\u0628 \u0628\u0648\u0627\u0633\u0637\u0629\" \/>\n\t<meta name=\"twitter:data1\" content=\"Med Ahmed\" \/>\n\t<meta name=\"twitter:label2\" content=\"\u0648\u0642\u062a \u0627\u0644\u0642\u0631\u0627\u0621\u0629 \u0627\u0644\u0645\u064f\u0642\u062f\u0651\u0631\" \/>\n\t<meta name=\"twitter:data2\" content=\"3 \u062f\u0642\u0627\u0626\u0642\" \/>\n<script type=\"application\/ld+json\" class=\"yoast-schema-graph\">{\"@context\":\"https:\\\/\\\/schema.org\",\"@graph\":[{\"@type\":\"Article\",\"@id\":\"https:\\\/\\\/lequotidien.mr\\\/?p=32126&lang=fr#article\",\"isPartOf\":{\"@id\":\"https:\\\/\\\/lequotidien.mr\\\/?p=32126&lang=fr\"},\"author\":{\"name\":\"Med Ahmed\",\"@id\":\"https:\\\/\\\/lequotidien.mr\\\/#\\\/schema\\\/person\\\/d2d350202a4d599685ed8abc25f97596\"},\"headline\":\"Nouakchott : Le Premier ministre supervise l\u2019avancement des grands projets gouvernementaux\",\"datePublished\":\"2025-11-05T11:31:20+00:00\",\"mainEntityOfPage\":{\"@id\":\"https:\\\/\\\/lequotidien.mr\\\/?p=32126&lang=fr\"},\"wordCount\":408,\"commentCount\":0,\"publisher\":{\"@id\":\"https:\\\/\\\/lequotidien.mr\\\/#organization\"},\"image\":{\"@id\":\"https:\\\/\\\/lequotidien.mr\\\/?p=32126&lang=fr#primaryimage\"},\"thumbnailUrl\":\"https:\\\/\\\/lequotidien.mr\\\/wp-content\\\/uploads\\\/2025\\\/11\\\/photo-P_grands-pjets.jpg\",\"articleSection\":[\"ACTUALIT\u00c9\",\"Economie\"],\"inLanguage\":\"ar\",\"potentialAction\":[{\"@type\":\"CommentAction\",\"name\":\"Comment\",\"target\":[\"https:\\\/\\\/lequotidien.mr\\\/?p=32126&lang=fr#respond\"]}]},{\"@type\":\"WebPage\",\"@id\":\"https:\\\/\\\/lequotidien.mr\\\/?p=32126&lang=fr\",\"url\":\"https:\\\/\\\/lequotidien.mr\\\/?p=32126&lang=fr\",\"name\":\"Nouakchott : Le Premier ministre supervise l\u2019avancement des grands projets gouvernementaux - Le Quotidien de Nouakchott\",\"isPartOf\":{\"@id\":\"https:\\\/\\\/lequotidien.mr\\\/#website\"},\"primaryImageOfPage\":{\"@id\":\"https:\\\/\\\/lequotidien.mr\\\/?p=32126&lang=fr#primaryimage\"},\"image\":{\"@id\":\"https:\\\/\\\/lequotidien.mr\\\/?p=32126&lang=fr#primaryimage\"},\"thumbnailUrl\":\"https:\\\/\\\/lequotidien.mr\\\/wp-content\\\/uploads\\\/2025\\\/11\\\/photo-P_grands-pjets.jpg\",\"datePublished\":\"2025-11-05T11:31:20+00:00\",\"breadcrumb\":{\"@id\":\"https:\\\/\\\/lequotidien.mr\\\/?p=32126&lang=fr#breadcrumb\"},\"inLanguage\":\"ar\",\"potentialAction\":[{\"@type\":\"ReadAction\",\"target\":[\"https:\\\/\\\/lequotidien.mr\\\/?p=32126&lang=fr\"]}]},{\"@type\":\"ImageObject\",\"inLanguage\":\"ar\",\"@id\":\"https:\\\/\\\/lequotidien.mr\\\/?p=32126&lang=fr#primaryimage\",\"url\":\"https:\\\/\\\/lequotidien.mr\\\/wp-content\\\/uploads\\\/2025\\\/11\\\/photo-P_grands-pjets.jpg\",\"contentUrl\":\"https:\\\/\\\/lequotidien.mr\\\/wp-content\\\/uploads\\\/2025\\\/11\\\/photo-P_grands-pjets.jpg\",\"width\":750,\"height\":430},{\"@type\":\"BreadcrumbList\",\"@id\":\"https:\\\/\\\/lequotidien.mr\\\/?p=32126&lang=fr#breadcrumb\",\"itemListElement\":[{\"@type\":\"ListItem\",\"position\":1,\"name\":\"Home\",\"item\":\"https:\\\/\\\/lequotidien.mr\\\/\"},{\"@type\":\"ListItem\",\"position\":2,\"name\":\"Nouakchott : Le Premier ministre supervise l\u2019avancement des grands projets gouvernementaux\"}]},{\"@type\":\"WebSite\",\"@id\":\"https:\\\/\\\/lequotidien.mr\\\/#website\",\"url\":\"https:\\\/\\\/lequotidien.mr\\\/\",\"name\":\"Le Quotidien de Nouakchott\",\"description\":\"\u0625\u062e\u0628\u0627\u0631\u064a\u0629 \u0645\u0633\u062a\u0642\u0644\u0629 \u0644\u0644\u0623\u0646\u0628\u0627\u0621 \u0627\u0644\u0639\u0627\u0645\u0629\",\"publisher\":{\"@id\":\"https:\\\/\\\/lequotidien.mr\\\/#organization\"},\"potentialAction\":[{\"@type\":\"SearchAction\",\"target\":{\"@type\":\"EntryPoint\",\"urlTemplate\":\"https:\\\/\\\/lequotidien.mr\\\/?s={search_term_string}\"},\"query-input\":{\"@type\":\"PropertyValueSpecification\",\"valueRequired\":true,\"valueName\":\"search_term_string\"}}],\"inLanguage\":\"ar\"},{\"@type\":\"Organization\",\"@id\":\"https:\\\/\\\/lequotidien.mr\\\/#organization\",\"name\":\"Le Quotidien de Nouakchott\",\"url\":\"https:\\\/\\\/lequotidien.mr\\\/\",\"logo\":{\"@type\":\"ImageObject\",\"inLanguage\":\"ar\",\"@id\":\"https:\\\/\\\/lequotidien.mr\\\/#\\\/schema\\\/logo\\\/image\\\/\",\"url\":\"https:\\\/\\\/lequotidien.mr\\\/wp-content\\\/uploads\\\/2022\\\/11\\\/logolequotidien.jpg\",\"contentUrl\":\"https:\\\/\\\/lequotidien.mr\\\/wp-content\\\/uploads\\\/2022\\\/11\\\/logolequotidien.jpg\",\"width\":290,\"height\":65,\"caption\":\"Le Quotidien de Nouakchott\"},\"image\":{\"@id\":\"https:\\\/\\\/lequotidien.mr\\\/#\\\/schema\\\/logo\\\/image\\\/\"},\"sameAs\":[\"https:\\\/\\\/web.facebook.com\\\/lequotidienmr\",\"https:\\\/\\\/x.com\\\/lequotidienmr\"]},{\"@type\":\"Person\",\"@id\":\"https:\\\/\\\/lequotidien.mr\\\/#\\\/schema\\\/person\\\/d2d350202a4d599685ed8abc25f97596\",\"name\":\"Med Ahmed\",\"image\":{\"@type\":\"ImageObject\",\"inLanguage\":\"ar\",\"@id\":\"https:\\\/\\\/secure.gravatar.com\\\/avatar\\\/fd2acc62ed50732923d1d39c17172c9b04149f142be92310ecc69e1358f94b52?s=96&d=mm&r=g\",\"url\":\"https:\\\/\\\/secure.gravatar.com\\\/avatar\\\/fd2acc62ed50732923d1d39c17172c9b04149f142be92310ecc69e1358f94b52?s=96&d=mm&r=g\",\"contentUrl\":\"https:\\\/\\\/secure.gravatar.com\\\/avatar\\\/fd2acc62ed50732923d1d39c17172c9b04149f142be92310ecc69e1358f94b52?s=96&d=mm&r=g\",\"caption\":\"Med Ahmed\"},\"url\":\"https:\\\/\\\/lequotidien.mr\\\/?author=12\"}]}<\/script>\n<!-- \/ Yoast SEO plugin. -->","yoast_head_json":{"title":"Nouakchott : Le Premier ministre supervise l\u2019avancement des grands projets gouvernementaux - Le Quotidien de Nouakchott","robots":{"index":"index","follow":"follow","max-snippet":"max-snippet:-1","max-image-preview":"max-image-preview:large","max-video-preview":"max-video-preview:-1"},"canonical":"https:\/\/lequotidien.mr\/?p=32126&lang=fr","og_locale":"ar_AR","og_type":"article","og_title":"Nouakchott : Le Premier ministre supervise l\u2019avancement des grands projets gouvernementaux - Le Quotidien de Nouakchott","og_description":"Le Premier ministre, M. Moctar Djay, a pr\u00e9sid\u00e9, lundi dernier, la r\u00e9union p\u00e9riodique du Comit\u00e9 minist\u00e9riel charg\u00e9 du Suivi des Grands Projets. Cette session de travail a permis de faire un point d\u00e9taill\u00e9 sur l\u2019\u00e9tat d\u2019avancement des chantiers structurants du gouvernement. L\u2019ordre du jour de cette r\u00e9union \u00e9tait consacr\u00e9 \u00e0 l\u2019examen minutieux de l\u2019avancement des.....","og_url":"https:\/\/lequotidien.mr\/?p=32126&lang=fr","og_site_name":"Le Quotidien de Nouakchott","article_publisher":"https:\/\/web.facebook.com\/lequotidienmr","article_published_time":"2025-11-05T11:31:20+00:00","og_image":[{"width":750,"height":430,"url":"https:\/\/lequotidien.mr\/wp-content\/uploads\/2025\/11\/photo-P_grands-pjets.jpg","type":"image\/jpeg"}],"author":"Med Ahmed","twitter_card":"summary_large_image","twitter_creator":"@lequotidienmr","twitter_site":"@lequotidienmr","twitter_misc":{"\u0643\u064f\u062a\u0628 \u0628\u0648\u0627\u0633\u0637\u0629":"Med Ahmed","\u0648\u0642\u062a \u0627\u0644\u0642\u0631\u0627\u0621\u0629 \u0627\u0644\u0645\u064f\u0642\u062f\u0651\u0631":"3 \u062f\u0642\u0627\u0626\u0642"},"schema":{"@context":"https:\/\/schema.org","@graph":[{"@type":"Article","@id":"https:\/\/lequotidien.mr\/?p=32126&lang=fr#article","isPartOf":{"@id":"https:\/\/lequotidien.mr\/?p=32126&lang=fr"},"author":{"name":"Med Ahmed","@id":"https:\/\/lequotidien.mr\/#\/schema\/person\/d2d350202a4d599685ed8abc25f97596"},"headline":"Nouakchott : Le Premier ministre supervise l\u2019avancement des grands projets gouvernementaux","datePublished":"2025-11-05T11:31:20+00:00","mainEntityOfPage":{"@id":"https:\/\/lequotidien.mr\/?p=32126&lang=fr"},"wordCount":408,"commentCount":0,"publisher":{"@id":"https:\/\/lequotidien.mr\/#organization"},"image":{"@id":"https:\/\/lequotidien.mr\/?p=32126&lang=fr#primaryimage"},"thumbnailUrl":"https:\/\/lequotidien.mr\/wp-content\/uploads\/2025\/11\/photo-P_grands-pjets.jpg","articleSection":["ACTUALIT\u00c9","Economie"],"inLanguage":"ar","potentialAction":[{"@type":"CommentAction","name":"Comment","target":["https:\/\/lequotidien.mr\/?p=32126&lang=fr#respond"]}]},{"@type":"WebPage","@id":"https:\/\/lequotidien.mr\/?p=32126&lang=fr","url":"https:\/\/lequotidien.mr\/?p=32126&lang=fr","name":"Nouakchott : Le Premier ministre supervise l\u2019avancement des grands projets gouvernementaux - Le Quotidien de Nouakchott","isPartOf":{"@id":"https:\/\/lequotidien.mr\/#website"},"primaryImageOfPage":{"@id":"https:\/\/lequotidien.mr\/?p=32126&lang=fr#primaryimage"},"image":{"@id":"https:\/\/lequotidien.mr\/?p=32126&lang=fr#primaryimage"},"thumbnailUrl":"https:\/\/lequotidien.mr\/wp-content\/uploads\/2025\/11\/photo-P_grands-pjets.jpg","datePublished":"2025-11-05T11:31:20+00:00","breadcrumb":{"@id":"https:\/\/lequotidien.mr\/?p=32126&lang=fr#breadcrumb"},"inLanguage":"ar","potentialAction":[{"@type":"ReadAction","target":["https:\/\/lequotidien.mr\/?p=32126&lang=fr"]}]},{"@type":"ImageObject","inLanguage":"ar","@id":"https:\/\/lequotidien.mr\/?p=32126&lang=fr#primaryimage","url":"https:\/\/lequotidien.mr\/wp-content\/uploads\/2025\/11\/photo-P_grands-pjets.jpg","contentUrl":"https:\/\/lequotidien.mr\/wp-content\/uploads\/2025\/11\/photo-P_grands-pjets.jpg","width":750,"height":430},{"@type":"BreadcrumbList","@id":"https:\/\/lequotidien.mr\/?p=32126&lang=fr#breadcrumb","itemListElement":[{"@type":"ListItem","position":1,"name":"Home","item":"https:\/\/lequotidien.mr\/"},{"@type":"ListItem","position":2,"name":"Nouakchott : Le Premier ministre supervise l\u2019avancement des grands projets gouvernementaux"}]},{"@type":"WebSite","@id":"https:\/\/lequotidien.mr\/#website","url":"https:\/\/lequotidien.mr\/","name":"Le Quotidien de Nouakchott","description":"\u0625\u062e\u0628\u0627\u0631\u064a\u0629 \u0645\u0633\u062a\u0642\u0644\u0629 \u0644\u0644\u0623\u0646\u0628\u0627\u0621 \u0627\u0644\u0639\u0627\u0645\u0629","publisher":{"@id":"https:\/\/lequotidien.mr\/#organization"},"potentialAction":[{"@type":"SearchAction","target":{"@type":"EntryPoint","urlTemplate":"https:\/\/lequotidien.mr\/?s={search_term_string}"},"query-input":{"@type":"PropertyValueSpecification","valueRequired":true,"valueName":"search_term_string"}}],"inLanguage":"ar"},{"@type":"Organization","@id":"https:\/\/lequotidien.mr\/#organization","name":"Le Quotidien de Nouakchott","url":"https:\/\/lequotidien.mr\/","logo":{"@type":"ImageObject","inLanguage":"ar","@id":"https:\/\/lequotidien.mr\/#\/schema\/logo\/image\/","url":"https:\/\/lequotidien.mr\/wp-content\/uploads\/2022\/11\/logolequotidien.jpg","contentUrl":"https:\/\/lequotidien.mr\/wp-content\/uploads\/2022\/11\/logolequotidien.jpg","width":290,"height":65,"caption":"Le Quotidien de Nouakchott"},"image":{"@id":"https:\/\/lequotidien.mr\/#\/schema\/logo\/image\/"},"sameAs":["https:\/\/web.facebook.com\/lequotidienmr","https:\/\/x.com\/lequotidienmr"]},{"@type":"Person","@id":"https:\/\/lequotidien.mr\/#\/schema\/person\/d2d350202a4d599685ed8abc25f97596","name":"Med Ahmed","image":{"@type":"ImageObject","inLanguage":"ar","@id":"https:\/\/secure.gravatar.com\/avatar\/fd2acc62ed50732923d1d39c17172c9b04149f142be92310ecc69e1358f94b52?s=96&d=mm&r=g","url":"https:\/\/secure.gravatar.com\/avatar\/fd2acc62ed50732923d1d39c17172c9b04149f142be92310ecc69e1358f94b52?s=96&d=mm&r=g","contentUrl":"https:\/\/secure.gravatar.com\/avatar\/fd2acc62ed50732923d1d39c17172c9b04149f142be92310ecc69e1358f94b52?s=96&d=mm&r=g","caption":"Med Ahmed"},"url":"https:\/\/lequotidien.mr\/?author=12"}]}},"_links":{"self":[{"href":"https:\/\/lequotidien.mr\/index.php?rest_route=\/wp\/v2\/posts\/32126","targetHints":{"allow":["GET"]}}],"collection":[{"href":"https:\/\/lequotidien.mr\/index.php?rest_route=\/wp\/v2\/posts"}],"about":[{"href":"https:\/\/lequotidien.mr\/index.php?rest_route=\/wp\/v2\/types\/post"}],"author":[{"embeddable":true,"href":"https:\/\/lequotidien.mr\/index.php?rest_route=\/wp\/v2\/users\/12"}],"replies":[{"embeddable":true,"href":"https:\/\/lequotidien.mr\/index.php?rest_route=%2Fwp%2Fv2%2Fcomments&post=32126"}],"version-history":[{"count":1,"href":"https:\/\/lequotidien.mr\/index.php?rest_route=\/wp\/v2\/posts\/32126\/revisions"}],"predecessor-version":[{"id":32128,"href":"https:\/\/lequotidien.mr\/index.php?rest_route=\/wp\/v2\/posts\/32126\/revisions\/32128"}],"wp:featuredmedia":[{"embeddable":true,"href":"https:\/\/lequotidien.mr\/index.php?rest_route=\/wp\/v2\/media\/32127"}],"wp:attachment":[{"href":"https:\/\/lequotidien.mr\/index.php?rest_route=%2Fwp%2Fv2%2Fmedia&parent=32126"}],"wp:term":[{"taxonomy":"category","embeddable":true,"href":"https:\/\/lequotidien.mr\/index.php?rest_route=%2Fwp%2Fv2%2Fcategories&post=32126"},{"taxonomy":"post_tag","embeddable":true,"href":"https:\/\/lequotidien.mr\/index.php?rest_route=%2Fwp%2Fv2%2Ftags&post=32126"}],"curies":[{"name":"wp","href":"https:\/\/api.w.org\/{rel}","templated":true}]}}