{"id":32106,"date":"2025-11-03T22:45:36","date_gmt":"2025-11-03T22:45:36","guid":{"rendered":"https:\/\/lequotidien.mr\/?p=32106"},"modified":"2025-11-03T22:45:36","modified_gmt":"2025-11-03T22:45:36","slug":"economie-renforcement-du-partenariat-strategique-entre-la-mauritanie-et-lunion-europeenne","status":"publish","type":"post","link":"https:\/\/lequotidien.mr\/?p=32106&lang=fr","title":{"rendered":"\u00c9conomie : Renforcement du partenariat strat\u00e9gique entre la Mauritanie et l&#8217;Union europ\u00e9enne"},"content":{"rendered":"<p>Le <strong>ministre des Affaires \u00e9conomiques et du D\u00e9veloppement, M. Abdallahi Souleymane Cheikh Sidiya<\/strong>, a re\u00e7u en audience, ce lundi \u00e0 Nouakchott, <strong>M. Tasso Vilallonga, chef de la mission de l&#8217;Union europ\u00e9enne en Mauritanie<\/strong>. Cette rencontre de haut niveau a permis d&#8217;\u00e9valuer et de consolider le cadre de coop\u00e9ration strat\u00e9gique liant les deux parties.<\/p>\n<p><strong>Examen et approfondissement d&#8217;un partenariat multidimensionnel<\/strong><\/p>\n<p>Les discussions ont principalement port\u00e9 sur l&#8217;examen du partenariat strat\u00e9gique unissant la Mauritanie et l&#8217;Union europ\u00e9enne, ainsi que sur les moyens de le renforcer et de l&#8217;approfondir. Cet \u00e9change s&#8217;inscrit dans le cadre des priorit\u00e9s de d\u00e9veloppement d\u00e9finies par le gouvernement mauritanien.<\/p>\n<p>La Mauritanie est consid\u00e9r\u00e9e par l&#8217;UE comme \u00ab un partenaire cl\u00e9 dans la r\u00e9gion du Sahel \u00bb. Cette coop\u00e9ration se manifeste \u00e0 travers plusieurs domaines d&#8217;intervention cruciaux, notamment un soutien \u00e9conomique et au d\u00e9veloppement substantiel. Ce soutien prend la forme d&#8217;un appui budg\u00e9taire direct \u00e0 l&#8217;\u00c9tat et du financement de projets de d\u00e9veloppement structurants.<\/p>\n<p><strong>Des domaines de coop\u00e9ration prioritaires<\/strong><\/p>\n<p>Les secteurs b\u00e9n\u00e9ficiaires de cette coop\u00e9ration sont vari\u00e9s et align\u00e9s sur les objectifs nationaux de d\u00e9veloppement. Ils incluent notamment :<\/p>\n<p>-Les infrastructures num\u00e9riques\u00a0;<\/p>\n<p>-La transition \u00e9nerg\u00e9tique\u00a0;<\/p>\n<p>-L&#8217;\u00e9ducation et la sant\u00e9\u00a0;<\/p>\n<p>-La s\u00e9curit\u00e9 alimentaire<\/p>\n<p><strong>Le d\u00e9veloppement des infrastructures routi\u00e8res<\/strong><\/p>\n<p>Au-del\u00e0 du volet \u00e9conomique, la coop\u00e9ration s\u00e9curitaire et la gestion des migrations constituent un autre axe majeur de cette collaboration. Les efforts conjoints dans ce domaine visent \u00e0 renforcer la s\u00e9curit\u00e9 et la stabilit\u00e9 dans la r\u00e9gion, tout en relevant les d\u00e9fis communs, en particulier ceux li\u00e9s \u00e0 la gestion des flux migratoires.<\/p>\n<p>La r\u00e9union s&#8217;est d\u00e9roul\u00e9e en pr\u00e9sence du secr\u00e9taire g\u00e9n\u00e9ral du minist\u00e8re, M. Yacoub Ahmed A\u00efcha, et du directeur g\u00e9n\u00e9ral des financements et de la coop\u00e9ration \u00e9conomique, M. Mohamed Salem Nani, soulignant l&#8217;importance accord\u00e9e par la partie mauritanienne \u00e0 ce partenariat.<\/p>\n<p>Cette audience renforce la dynamique de dialogue et de coop\u00e9ration entre la Mauritanie et l&#8217;Union europ\u00e9enne, confirmant la place centrale de ce partenariat dans l&#8217;architecture r\u00e9gionale et le d\u00e9veloppement du pays.<\/p>\n","protected":false},"excerpt":{"rendered":"<p>Le ministre des Affaires \u00e9conomiques et du D\u00e9veloppement, M. Abdallahi Souleymane Cheikh Sidiya, a re\u00e7u en audience, ce lundi \u00e0 Nouakchott, M. Tasso Vilallonga, chef de la mission de l&#8217;Union europ\u00e9enne en Mauritanie. Cette rencontre de haut niveau a permis d&#8217;\u00e9valuer et de consolider le cadre de coop\u00e9ration strat\u00e9gique liant les deux parties. Examen et&#8230;..<\/p>\n","protected":false},"author":12,"featured_media":32107,"comment_status":"open","ping_status":"open","sticky":false,"template":"","format":"standard","meta":{"footnotes":""},"categories":[23,49],"tags":[],"class_list":["post-32106","post","type-post","status-publish","format-standard","has-post-thumbnail","hentry","category-actualite","category-economie"],"yoast_head":"<!-- This site is optimized with the Yoast SEO plugin v27.5 - https:\/\/yoast.com\/product\/yoast-seo-wordpress\/ -->\n<title>\u00c9conomie : Renforcement du partenariat strat\u00e9gique entre la Mauritanie et l&#039;Union europ\u00e9enne - Le Quotidien de Nouakchott<\/title>\n<meta name=\"robots\" content=\"index, follow, max-snippet:-1, max-image-preview:large, max-video-preview:-1\" \/>\n<link rel=\"canonical\" href=\"https:\/\/lequotidien.mr\/?p=32106&lang=fr\" \/>\n<meta property=\"og:locale\" content=\"ar_AR\" \/>\n<meta property=\"og:type\" content=\"article\" \/>\n<meta property=\"og:title\" content=\"\u00c9conomie : Renforcement du partenariat strat\u00e9gique entre la Mauritanie et l&#039;Union europ\u00e9enne - Le Quotidien de Nouakchott\" \/>\n<meta property=\"og:description\" content=\"Le ministre des Affaires \u00e9conomiques et du D\u00e9veloppement, M. Abdallahi Souleymane Cheikh Sidiya, a re\u00e7u en audience, ce lundi \u00e0 Nouakchott, M. Tasso Vilallonga, chef de la mission de l&#8217;Union europ\u00e9enne en Mauritanie. Cette rencontre de haut niveau a permis d&#8217;\u00e9valuer et de consolider le cadre de coop\u00e9ration strat\u00e9gique liant les deux parties. Examen et.....\" \/>\n<meta property=\"og:url\" content=\"https:\/\/lequotidien.mr\/?p=32106&amp;lang=fr\" \/>\n<meta property=\"og:site_name\" content=\"Le Quotidien de Nouakchott\" \/>\n<meta property=\"article:publisher\" content=\"https:\/\/web.facebook.com\/lequotidienmr\" \/>\n<meta property=\"article:published_time\" content=\"2025-11-03T22:45:36+00:00\" \/>\n<meta property=\"og:image\" content=\"https:\/\/lequotidien.mr\/wp-content\/uploads\/2025\/11\/photo-Mstre-economie-delegt-UE.jpg\" \/>\n\t<meta property=\"og:image:width\" content=\"750\" \/>\n\t<meta property=\"og:image:height\" content=\"430\" \/>\n\t<meta property=\"og:image:type\" content=\"image\/jpeg\" \/>\n<meta name=\"author\" content=\"Med Ahmed\" \/>\n<meta name=\"twitter:card\" content=\"summary_large_image\" \/>\n<meta name=\"twitter:creator\" content=\"@lequotidienmr\" \/>\n<meta name=\"twitter:site\" content=\"@lequotidienmr\" \/>\n<meta name=\"twitter:label1\" content=\"\u0643\u064f\u062a\u0628 \u0628\u0648\u0627\u0633\u0637\u0629\" \/>\n\t<meta name=\"twitter:data1\" content=\"Med Ahmed\" \/>\n\t<meta name=\"twitter:label2\" content=\"\u0648\u0642\u062a \u0627\u0644\u0642\u0631\u0627\u0621\u0629 \u0627\u0644\u0645\u064f\u0642\u062f\u0651\u0631\" \/>\n\t<meta name=\"twitter:data2\" content=\"3 \u062f\u0642\u0627\u0626\u0642\" \/>\n<script type=\"application\/ld+json\" class=\"yoast-schema-graph\">{\"@context\":\"https:\\\/\\\/schema.org\",\"@graph\":[{\"@type\":\"Article\",\"@id\":\"https:\\\/\\\/lequotidien.mr\\\/?p=32106&lang=fr#article\",\"isPartOf\":{\"@id\":\"https:\\\/\\\/lequotidien.mr\\\/?p=32106&lang=fr\"},\"author\":{\"name\":\"Med Ahmed\",\"@id\":\"https:\\\/\\\/lequotidien.mr\\\/#\\\/schema\\\/person\\\/d2d350202a4d599685ed8abc25f97596\"},\"headline\":\"\u00c9conomie : Renforcement du partenariat strat\u00e9gique entre la Mauritanie et l&#8217;Union europ\u00e9enne\",\"datePublished\":\"2025-11-03T22:45:36+00:00\",\"mainEntityOfPage\":{\"@id\":\"https:\\\/\\\/lequotidien.mr\\\/?p=32106&lang=fr\"},\"wordCount\":395,\"commentCount\":0,\"publisher\":{\"@id\":\"https:\\\/\\\/lequotidien.mr\\\/#organization\"},\"image\":{\"@id\":\"https:\\\/\\\/lequotidien.mr\\\/?p=32106&lang=fr#primaryimage\"},\"thumbnailUrl\":\"https:\\\/\\\/lequotidien.mr\\\/wp-content\\\/uploads\\\/2025\\\/11\\\/photo-Mstre-economie-delegt-UE.jpg\",\"articleSection\":[\"ACTUALIT\u00c9\",\"Economie\"],\"inLanguage\":\"ar\",\"potentialAction\":[{\"@type\":\"CommentAction\",\"name\":\"Comment\",\"target\":[\"https:\\\/\\\/lequotidien.mr\\\/?p=32106&lang=fr#respond\"]}]},{\"@type\":\"WebPage\",\"@id\":\"https:\\\/\\\/lequotidien.mr\\\/?p=32106&lang=fr\",\"url\":\"https:\\\/\\\/lequotidien.mr\\\/?p=32106&lang=fr\",\"name\":\"\u00c9conomie : Renforcement du partenariat strat\u00e9gique entre la Mauritanie et l'Union europ\u00e9enne - Le Quotidien de Nouakchott\",\"isPartOf\":{\"@id\":\"https:\\\/\\\/lequotidien.mr\\\/#website\"},\"primaryImageOfPage\":{\"@id\":\"https:\\\/\\\/lequotidien.mr\\\/?p=32106&lang=fr#primaryimage\"},\"image\":{\"@id\":\"https:\\\/\\\/lequotidien.mr\\\/?p=32106&lang=fr#primaryimage\"},\"thumbnailUrl\":\"https:\\\/\\\/lequotidien.mr\\\/wp-content\\\/uploads\\\/2025\\\/11\\\/photo-Mstre-economie-delegt-UE.jpg\",\"datePublished\":\"2025-11-03T22:45:36+00:00\",\"breadcrumb\":{\"@id\":\"https:\\\/\\\/lequotidien.mr\\\/?p=32106&lang=fr#breadcrumb\"},\"inLanguage\":\"ar\",\"potentialAction\":[{\"@type\":\"ReadAction\",\"target\":[\"https:\\\/\\\/lequotidien.mr\\\/?p=32106&lang=fr\"]}]},{\"@type\":\"ImageObject\",\"inLanguage\":\"ar\",\"@id\":\"https:\\\/\\\/lequotidien.mr\\\/?p=32106&lang=fr#primaryimage\",\"url\":\"https:\\\/\\\/lequotidien.mr\\\/wp-content\\\/uploads\\\/2025\\\/11\\\/photo-Mstre-economie-delegt-UE.jpg\",\"contentUrl\":\"https:\\\/\\\/lequotidien.mr\\\/wp-content\\\/uploads\\\/2025\\\/11\\\/photo-Mstre-economie-delegt-UE.jpg\",\"width\":750,\"height\":430},{\"@type\":\"BreadcrumbList\",\"@id\":\"https:\\\/\\\/lequotidien.mr\\\/?p=32106&lang=fr#breadcrumb\",\"itemListElement\":[{\"@type\":\"ListItem\",\"position\":1,\"name\":\"Home\",\"item\":\"https:\\\/\\\/lequotidien.mr\\\/\"},{\"@type\":\"ListItem\",\"position\":2,\"name\":\"\u00c9conomie : Renforcement du partenariat strat\u00e9gique entre la Mauritanie et l&rsquo;Union europ\u00e9enne\"}]},{\"@type\":\"WebSite\",\"@id\":\"https:\\\/\\\/lequotidien.mr\\\/#website\",\"url\":\"https:\\\/\\\/lequotidien.mr\\\/\",\"name\":\"Le Quotidien de Nouakchott\",\"description\":\"\u0625\u062e\u0628\u0627\u0631\u064a\u0629 \u0645\u0633\u062a\u0642\u0644\u0629 \u0644\u0644\u0623\u0646\u0628\u0627\u0621 \u0627\u0644\u0639\u0627\u0645\u0629\",\"publisher\":{\"@id\":\"https:\\\/\\\/lequotidien.mr\\\/#organization\"},\"potentialAction\":[{\"@type\":\"SearchAction\",\"target\":{\"@type\":\"EntryPoint\",\"urlTemplate\":\"https:\\\/\\\/lequotidien.mr\\\/?s={search_term_string}\"},\"query-input\":{\"@type\":\"PropertyValueSpecification\",\"valueRequired\":true,\"valueName\":\"search_term_string\"}}],\"inLanguage\":\"ar\"},{\"@type\":\"Organization\",\"@id\":\"https:\\\/\\\/lequotidien.mr\\\/#organization\",\"name\":\"Le Quotidien de Nouakchott\",\"url\":\"https:\\\/\\\/lequotidien.mr\\\/\",\"logo\":{\"@type\":\"ImageObject\",\"inLanguage\":\"ar\",\"@id\":\"https:\\\/\\\/lequotidien.mr\\\/#\\\/schema\\\/logo\\\/image\\\/\",\"url\":\"https:\\\/\\\/lequotidien.mr\\\/wp-content\\\/uploads\\\/2022\\\/11\\\/logolequotidien.jpg\",\"contentUrl\":\"https:\\\/\\\/lequotidien.mr\\\/wp-content\\\/uploads\\\/2022\\\/11\\\/logolequotidien.jpg\",\"width\":290,\"height\":65,\"caption\":\"Le Quotidien de Nouakchott\"},\"image\":{\"@id\":\"https:\\\/\\\/lequotidien.mr\\\/#\\\/schema\\\/logo\\\/image\\\/\"},\"sameAs\":[\"https:\\\/\\\/web.facebook.com\\\/lequotidienmr\",\"https:\\\/\\\/x.com\\\/lequotidienmr\"]},{\"@type\":\"Person\",\"@id\":\"https:\\\/\\\/lequotidien.mr\\\/#\\\/schema\\\/person\\\/d2d350202a4d599685ed8abc25f97596\",\"name\":\"Med Ahmed\",\"image\":{\"@type\":\"ImageObject\",\"inLanguage\":\"ar\",\"@id\":\"https:\\\/\\\/secure.gravatar.com\\\/avatar\\\/fd2acc62ed50732923d1d39c17172c9b04149f142be92310ecc69e1358f94b52?s=96&d=mm&r=g\",\"url\":\"https:\\\/\\\/secure.gravatar.com\\\/avatar\\\/fd2acc62ed50732923d1d39c17172c9b04149f142be92310ecc69e1358f94b52?s=96&d=mm&r=g\",\"contentUrl\":\"https:\\\/\\\/secure.gravatar.com\\\/avatar\\\/fd2acc62ed50732923d1d39c17172c9b04149f142be92310ecc69e1358f94b52?s=96&d=mm&r=g\",\"caption\":\"Med Ahmed\"},\"url\":\"https:\\\/\\\/lequotidien.mr\\\/?author=12\"}]}<\/script>\n<!-- \/ Yoast SEO plugin. -->","yoast_head_json":{"title":"\u00c9conomie : Renforcement du partenariat strat\u00e9gique entre la Mauritanie et l'Union europ\u00e9enne - Le Quotidien de Nouakchott","robots":{"index":"index","follow":"follow","max-snippet":"max-snippet:-1","max-image-preview":"max-image-preview:large","max-video-preview":"max-video-preview:-1"},"canonical":"https:\/\/lequotidien.mr\/?p=32106&lang=fr","og_locale":"ar_AR","og_type":"article","og_title":"\u00c9conomie : Renforcement du partenariat strat\u00e9gique entre la Mauritanie et l'Union europ\u00e9enne - Le Quotidien de Nouakchott","og_description":"Le ministre des Affaires \u00e9conomiques et du D\u00e9veloppement, M. Abdallahi Souleymane Cheikh Sidiya, a re\u00e7u en audience, ce lundi \u00e0 Nouakchott, M. Tasso Vilallonga, chef de la mission de l&#8217;Union europ\u00e9enne en Mauritanie. Cette rencontre de haut niveau a permis d&#8217;\u00e9valuer et de consolider le cadre de coop\u00e9ration strat\u00e9gique liant les deux parties. Examen et.....","og_url":"https:\/\/lequotidien.mr\/?p=32106&lang=fr","og_site_name":"Le Quotidien de Nouakchott","article_publisher":"https:\/\/web.facebook.com\/lequotidienmr","article_published_time":"2025-11-03T22:45:36+00:00","og_image":[{"width":750,"height":430,"url":"https:\/\/lequotidien.mr\/wp-content\/uploads\/2025\/11\/photo-Mstre-economie-delegt-UE.jpg","type":"image\/jpeg"}],"author":"Med Ahmed","twitter_card":"summary_large_image","twitter_creator":"@lequotidienmr","twitter_site":"@lequotidienmr","twitter_misc":{"\u0643\u064f\u062a\u0628 \u0628\u0648\u0627\u0633\u0637\u0629":"Med Ahmed","\u0648\u0642\u062a \u0627\u0644\u0642\u0631\u0627\u0621\u0629 \u0627\u0644\u0645\u064f\u0642\u062f\u0651\u0631":"3 \u062f\u0642\u0627\u0626\u0642"},"schema":{"@context":"https:\/\/schema.org","@graph":[{"@type":"Article","@id":"https:\/\/lequotidien.mr\/?p=32106&lang=fr#article","isPartOf":{"@id":"https:\/\/lequotidien.mr\/?p=32106&lang=fr"},"author":{"name":"Med Ahmed","@id":"https:\/\/lequotidien.mr\/#\/schema\/person\/d2d350202a4d599685ed8abc25f97596"},"headline":"\u00c9conomie : Renforcement du partenariat strat\u00e9gique entre la Mauritanie et l&#8217;Union europ\u00e9enne","datePublished":"2025-11-03T22:45:36+00:00","mainEntityOfPage":{"@id":"https:\/\/lequotidien.mr\/?p=32106&lang=fr"},"wordCount":395,"commentCount":0,"publisher":{"@id":"https:\/\/lequotidien.mr\/#organization"},"image":{"@id":"https:\/\/lequotidien.mr\/?p=32106&lang=fr#primaryimage"},"thumbnailUrl":"https:\/\/lequotidien.mr\/wp-content\/uploads\/2025\/11\/photo-Mstre-economie-delegt-UE.jpg","articleSection":["ACTUALIT\u00c9","Economie"],"inLanguage":"ar","potentialAction":[{"@type":"CommentAction","name":"Comment","target":["https:\/\/lequotidien.mr\/?p=32106&lang=fr#respond"]}]},{"@type":"WebPage","@id":"https:\/\/lequotidien.mr\/?p=32106&lang=fr","url":"https:\/\/lequotidien.mr\/?p=32106&lang=fr","name":"\u00c9conomie : Renforcement du partenariat strat\u00e9gique entre la Mauritanie et l'Union europ\u00e9enne - Le Quotidien de Nouakchott","isPartOf":{"@id":"https:\/\/lequotidien.mr\/#website"},"primaryImageOfPage":{"@id":"https:\/\/lequotidien.mr\/?p=32106&lang=fr#primaryimage"},"image":{"@id":"https:\/\/lequotidien.mr\/?p=32106&lang=fr#primaryimage"},"thumbnailUrl":"https:\/\/lequotidien.mr\/wp-content\/uploads\/2025\/11\/photo-Mstre-economie-delegt-UE.jpg","datePublished":"2025-11-03T22:45:36+00:00","breadcrumb":{"@id":"https:\/\/lequotidien.mr\/?p=32106&lang=fr#breadcrumb"},"inLanguage":"ar","potentialAction":[{"@type":"ReadAction","target":["https:\/\/lequotidien.mr\/?p=32106&lang=fr"]}]},{"@type":"ImageObject","inLanguage":"ar","@id":"https:\/\/lequotidien.mr\/?p=32106&lang=fr#primaryimage","url":"https:\/\/lequotidien.mr\/wp-content\/uploads\/2025\/11\/photo-Mstre-economie-delegt-UE.jpg","contentUrl":"https:\/\/lequotidien.mr\/wp-content\/uploads\/2025\/11\/photo-Mstre-economie-delegt-UE.jpg","width":750,"height":430},{"@type":"BreadcrumbList","@id":"https:\/\/lequotidien.mr\/?p=32106&lang=fr#breadcrumb","itemListElement":[{"@type":"ListItem","position":1,"name":"Home","item":"https:\/\/lequotidien.mr\/"},{"@type":"ListItem","position":2,"name":"\u00c9conomie : Renforcement du partenariat strat\u00e9gique entre la Mauritanie et l&rsquo;Union europ\u00e9enne"}]},{"@type":"WebSite","@id":"https:\/\/lequotidien.mr\/#website","url":"https:\/\/lequotidien.mr\/","name":"Le Quotidien de Nouakchott","description":"\u0625\u062e\u0628\u0627\u0631\u064a\u0629 \u0645\u0633\u062a\u0642\u0644\u0629 \u0644\u0644\u0623\u0646\u0628\u0627\u0621 \u0627\u0644\u0639\u0627\u0645\u0629","publisher":{"@id":"https:\/\/lequotidien.mr\/#organization"},"potentialAction":[{"@type":"SearchAction","target":{"@type":"EntryPoint","urlTemplate":"https:\/\/lequotidien.mr\/?s={search_term_string}"},"query-input":{"@type":"PropertyValueSpecification","valueRequired":true,"valueName":"search_term_string"}}],"inLanguage":"ar"},{"@type":"Organization","@id":"https:\/\/lequotidien.mr\/#organization","name":"Le Quotidien de Nouakchott","url":"https:\/\/lequotidien.mr\/","logo":{"@type":"ImageObject","inLanguage":"ar","@id":"https:\/\/lequotidien.mr\/#\/schema\/logo\/image\/","url":"https:\/\/lequotidien.mr\/wp-content\/uploads\/2022\/11\/logolequotidien.jpg","contentUrl":"https:\/\/lequotidien.mr\/wp-content\/uploads\/2022\/11\/logolequotidien.jpg","width":290,"height":65,"caption":"Le Quotidien de Nouakchott"},"image":{"@id":"https:\/\/lequotidien.mr\/#\/schema\/logo\/image\/"},"sameAs":["https:\/\/web.facebook.com\/lequotidienmr","https:\/\/x.com\/lequotidienmr"]},{"@type":"Person","@id":"https:\/\/lequotidien.mr\/#\/schema\/person\/d2d350202a4d599685ed8abc25f97596","name":"Med Ahmed","image":{"@type":"ImageObject","inLanguage":"ar","@id":"https:\/\/secure.gravatar.com\/avatar\/fd2acc62ed50732923d1d39c17172c9b04149f142be92310ecc69e1358f94b52?s=96&d=mm&r=g","url":"https:\/\/secure.gravatar.com\/avatar\/fd2acc62ed50732923d1d39c17172c9b04149f142be92310ecc69e1358f94b52?s=96&d=mm&r=g","contentUrl":"https:\/\/secure.gravatar.com\/avatar\/fd2acc62ed50732923d1d39c17172c9b04149f142be92310ecc69e1358f94b52?s=96&d=mm&r=g","caption":"Med Ahmed"},"url":"https:\/\/lequotidien.mr\/?author=12"}]}},"_links":{"self":[{"href":"https:\/\/lequotidien.mr\/index.php?rest_route=\/wp\/v2\/posts\/32106","targetHints":{"allow":["GET"]}}],"collection":[{"href":"https:\/\/lequotidien.mr\/index.php?rest_route=\/wp\/v2\/posts"}],"about":[{"href":"https:\/\/lequotidien.mr\/index.php?rest_route=\/wp\/v2\/types\/post"}],"author":[{"embeddable":true,"href":"https:\/\/lequotidien.mr\/index.php?rest_route=\/wp\/v2\/users\/12"}],"replies":[{"embeddable":true,"href":"https:\/\/lequotidien.mr\/index.php?rest_route=%2Fwp%2Fv2%2Fcomments&post=32106"}],"version-history":[{"count":1,"href":"https:\/\/lequotidien.mr\/index.php?rest_route=\/wp\/v2\/posts\/32106\/revisions"}],"predecessor-version":[{"id":32108,"href":"https:\/\/lequotidien.mr\/index.php?rest_route=\/wp\/v2\/posts\/32106\/revisions\/32108"}],"wp:featuredmedia":[{"embeddable":true,"href":"https:\/\/lequotidien.mr\/index.php?rest_route=\/wp\/v2\/media\/32107"}],"wp:attachment":[{"href":"https:\/\/lequotidien.mr\/index.php?rest_route=%2Fwp%2Fv2%2Fmedia&parent=32106"}],"wp:term":[{"taxonomy":"category","embeddable":true,"href":"https:\/\/lequotidien.mr\/index.php?rest_route=%2Fwp%2Fv2%2Fcategories&post=32106"},{"taxonomy":"post_tag","embeddable":true,"href":"https:\/\/lequotidien.mr\/index.php?rest_route=%2Fwp%2Fv2%2Ftags&post=32106"}],"curies":[{"name":"wp","href":"https:\/\/api.w.org\/{rel}","templated":true}]}}