{"id":32076,"date":"2025-11-02T21:16:21","date_gmt":"2025-11-02T21:16:21","guid":{"rendered":"https:\/\/lequotidien.mr\/?p=32076"},"modified":"2025-11-02T21:16:21","modified_gmt":"2025-11-02T21:16:21","slug":"mauritanie-france-signature-dun-protocole-financier-de-39-millions-deuros-pour-la-construction-de-dix-centrales-solaires-hybrides-pour-une-transition-energetique-durable-du-pays","status":"publish","type":"post","link":"https:\/\/lequotidien.mr\/?p=32076&lang=fr","title":{"rendered":"Mauritanie\/France: Signature d&#8217;un protocole financier de 39 millions d&#8217;euros pour la construction de dix centrales solaires hybrides  pour une transition \u00e9nerg\u00e9tique durable du pays"},"content":{"rendered":"<p>Le <strong>ministre des Affaires \u00e9conomiques et du D\u00e9veloppement, M. Abdallahi Souleymane Cheikh Sidiya<\/strong>, et <strong>l&#8217;ambassadeur de France en Mauritanie, M. Emmanuel Besnier<\/strong>, ont sign\u00e9 un protocole financier historique portant sur le financement d&#8217;un projet de construction de <strong>dix centrales solaires hybrides \u00e9quip\u00e9es de syst\u00e8mes de stockage<\/strong>. D&#8217;un montant de <strong>39 223 671 euros<\/strong> (soit environ 1,8 milliards MRU), ce financement vise \u00e0 renforcer l&#8217;acc\u00e8s \u00e0 une \u00e9nergie propre et durable, en r\u00e9duisant les disparit\u00e9s entre zones rurales et urbaines.<\/p>\n<p><strong>Un partenariat franco-mauritanien au service de la transition \u00e9nerg\u00e9tique<\/strong><\/p>\n<p>La c\u00e9r\u00e9monie de signature, qui s&#8217;est d\u00e9roul\u00e9e au si\u00e8ge du minist\u00e8re des Affaires \u00e9conomiques et du D\u00e9veloppement \u00e0 Nouakchott, en pr\u00e9sence <strong>du ministre de l&#8217;\u00c9nergie et des Mines, M. Mohamed Khaled<\/strong>, et du<strong> secr\u00e9taire g\u00e9n\u00e9ral du minist\u00e8re, M. Yaacoub Ahmed Aicha<\/strong>, a marqu\u00e9 une nouvelle \u00e9tape dans la coop\u00e9ration entre les deux pays.<\/p>\n<p>Intervenant \u00e0 cette occasion, M. Cheikh Sidiya a rappel\u00e9 l&#8217;importance strat\u00e9gique de ce projet, qui s&#8217;inscrit dans le cadre des efforts d\u00e9ploy\u00e9s par la Mauritanie pour exploiter son\u00a0<strong>potentiel consid\u00e9rable en \u00e9nergies solaire et \u00e9olienne<\/strong>. Il a soulign\u00e9 que ces investissements, soutenus par des partenaires tels que <strong>l&#8217;Agence fran\u00e7aise de d\u00e9veloppement (AFD)<\/strong>, r\u00e9pondent \u00e0 la demande croissante en \u00e9lectricit\u00e9, essentielle \u00e0 la satisfaction des besoins des citoyens et au soutien de la croissance \u00e9conomique.<\/p>\n<p><strong>Objectifs et impacts du projet<\/strong><\/p>\n<p>Ce financement permettra la construction de\u00a0<strong>dix centrales solaires hybrides<\/strong>\u00a0int\u00e9grant des syst\u00e8mes de stockage par batteries, afin d&#8217;optimiser l&#8217;utilisation des \u00e9nergies renouvelables. Les localit\u00e9s concern\u00e9es par la premi\u00e8re phase du projet sont les communes de\u00a0<strong>Nouamghar, Oualata, Boumdeid, El Gha\u00efra, Chinguetti, Aoujeft, Maghria, Ouadane, Tamchekett et Tidjikja<\/strong>.<\/p>\n<p>Les principaux objectifs du projet incluent :<\/p>\n<p>-L&#8217;augmentation de la production d&#8217;\u00e9lectricit\u00e9 et la r\u00e9duction des co\u00fbts ;<\/p>\n<p>-L&#8217;am\u00e9lioration des performances du syst\u00e8me \u00e9nerg\u00e9tique national ;<\/p>\n<p>-La r\u00e9duction des \u00e9missions de carbone ;<\/p>\n<p>-Le renforcement des services essentiels tels que la communication, l&#8217;\u00e9ducation et la sant\u00e9.<\/p>\n<p>Le ministre a \u00e9galement soulign\u00e9 que ce projet s&#8217;inscrit dans la vision du <strong>Pr\u00e9sident de la R\u00e9publique, M. Mohamed Cheikh El Ghazouani<\/strong>, qui accorde une attention particuli\u00e8re \u00e0 la garantie de l&#8217;acc\u00e8s universel aux services essentiels. <strong><em>\u00ab Les efforts d\u00e9ploy\u00e9s ont permis de d\u00e9passer les 50 % de couverture \u00e9lectrique, une \u00e9tape importante vers la r\u00e9alisation de l&#8217;Objectif de d\u00e9veloppement durable n\u00b0 7 \u00bb<\/em><\/strong>, a-t-il d\u00e9clar\u00e9.<\/p>\n<p>Ce projet contribuera, en outre, \u00e0 soutenir l&#8217;activit\u00e9 \u00e9conomique, \u00e0 lutter contre la pauvret\u00e9, \u00e0 r\u00e9duire les migrations et \u00e0 renforcer les services de base dans les zones rurales.<\/p>\n<p><strong>Un engagement fran\u00e7ais renouvel\u00e9<\/strong><\/p>\n<p>Pour sa part, l&#8217;ambassadeur de France, M. Emmanuel Besnier, a r\u00e9affirm\u00e9 l&#8217;engagement de la France \u00e0 accompagner la Mauritanie dans sa transition \u00e9nerg\u00e9tique. Il a expliqu\u00e9 que ce financement s&#8217;inscrit dans le cadre d&#8217;une\u00a0<strong>nouvelle dynamique visant \u00e0 renforcer l&#8217;action de l&#8217;Agence fran\u00e7aise de d\u00e9veloppement (AFD)<\/strong>\u00a0dans des secteurs strat\u00e9giques prioritaires pour le d\u00e9veloppement du pays.<\/p>\n<p><strong><em>\u00ab Ce projet contribuera \u00e0 r\u00e9duire les \u00e9missions de carbone et \u00e0 soutenir la transition \u00e9nerg\u00e9tique de la Mauritanie \u00bb<\/em><\/strong>, a-t-il ajout\u00e9, soulignant la profondeur de la coop\u00e9ration entre les deux pays.<\/p>\n<p>La signature de ce protocole financier marque une avanc\u00e9e majeure dans la concr\u00e9tisation des ambitions \u00e9nerg\u00e9tiques de la Mauritanie. En associant innovation technologique, coop\u00e9ration internationale et vision de d\u00e9veloppement durable, ce projet ouvre la voie \u00e0 une transformation structurelle du secteur de l&#8217;\u00e9nergie, au service des populations et de la plan\u00e8te.<\/p>\n","protected":false},"excerpt":{"rendered":"<p>Le ministre des Affaires \u00e9conomiques et du D\u00e9veloppement, M. Abdallahi Souleymane Cheikh Sidiya, et l&#8217;ambassadeur de France en Mauritanie, M. Emmanuel Besnier, ont sign\u00e9 un protocole financier historique portant sur le financement d&#8217;un projet de construction de dix centrales solaires hybrides \u00e9quip\u00e9es de syst\u00e8mes de stockage. D&#8217;un montant de 39 223 671 euros (soit environ&#8230;..<\/p>\n","protected":false},"author":12,"featured_media":32077,"comment_status":"open","ping_status":"open","sticky":false,"template":"","format":"standard","meta":{"footnotes":""},"categories":[23,49],"tags":[],"class_list":["post-32076","post","type-post","status-publish","format-standard","has-post-thumbnail","hentry","category-actualite","category-economie"],"yoast_head":"<!-- This site is optimized with the Yoast SEO plugin v27.5 - https:\/\/yoast.com\/product\/yoast-seo-wordpress\/ -->\n<title>Mauritanie\/France: Signature d&#039;un protocole financier de 39 millions d&#039;euros pour la construction de dix centrales solaires hybrides pour une transition \u00e9nerg\u00e9tique durable du pays - Le Quotidien de Nouakchott<\/title>\n<meta name=\"robots\" content=\"index, follow, max-snippet:-1, max-image-preview:large, max-video-preview:-1\" \/>\n<link rel=\"canonical\" href=\"https:\/\/lequotidien.mr\/?p=32076&lang=fr\" \/>\n<meta property=\"og:locale\" content=\"ar_AR\" \/>\n<meta property=\"og:type\" content=\"article\" \/>\n<meta property=\"og:title\" content=\"Mauritanie\/France: Signature d&#039;un protocole financier de 39 millions d&#039;euros pour la construction de dix centrales solaires hybrides pour une transition \u00e9nerg\u00e9tique durable du pays - Le Quotidien de Nouakchott\" \/>\n<meta property=\"og:description\" content=\"Le ministre des Affaires \u00e9conomiques et du D\u00e9veloppement, M. Abdallahi Souleymane Cheikh Sidiya, et l&#8217;ambassadeur de France en Mauritanie, M. Emmanuel Besnier, ont sign\u00e9 un protocole financier historique portant sur le financement d&#8217;un projet de construction de dix centrales solaires hybrides \u00e9quip\u00e9es de syst\u00e8mes de stockage. D&#8217;un montant de 39 223 671 euros (soit environ.....\" \/>\n<meta property=\"og:url\" content=\"https:\/\/lequotidien.mr\/?p=32076&amp;lang=fr\" \/>\n<meta property=\"og:site_name\" content=\"Le Quotidien de Nouakchott\" \/>\n<meta property=\"article:publisher\" content=\"https:\/\/web.facebook.com\/lequotidienmr\" \/>\n<meta property=\"article:published_time\" content=\"2025-11-02T21:16:21+00:00\" \/>\n<meta property=\"og:image\" content=\"https:\/\/lequotidien.mr\/wp-content\/uploads\/2025\/11\/phto-accor-France-RIM.jpg\" \/>\n\t<meta property=\"og:image:width\" content=\"366\" \/>\n\t<meta property=\"og:image:height\" content=\"430\" \/>\n\t<meta property=\"og:image:type\" content=\"image\/jpeg\" \/>\n<meta name=\"author\" content=\"Med Ahmed\" \/>\n<meta name=\"twitter:card\" content=\"summary_large_image\" \/>\n<meta name=\"twitter:creator\" content=\"@lequotidienmr\" \/>\n<meta name=\"twitter:site\" content=\"@lequotidienmr\" \/>\n<meta name=\"twitter:label1\" content=\"\u0643\u064f\u062a\u0628 \u0628\u0648\u0627\u0633\u0637\u0629\" \/>\n\t<meta name=\"twitter:data1\" content=\"Med Ahmed\" \/>\n\t<meta name=\"twitter:label2\" content=\"\u0648\u0642\u062a \u0627\u0644\u0642\u0631\u0627\u0621\u0629 \u0627\u0644\u0645\u064f\u0642\u062f\u0651\u0631\" \/>\n\t<meta name=\"twitter:data2\" content=\"5 \u062f\u0642\u0627\u0626\u0642\" \/>\n<script type=\"application\/ld+json\" class=\"yoast-schema-graph\">{\"@context\":\"https:\\\/\\\/schema.org\",\"@graph\":[{\"@type\":\"Article\",\"@id\":\"https:\\\/\\\/lequotidien.mr\\\/?p=32076&lang=fr#article\",\"isPartOf\":{\"@id\":\"https:\\\/\\\/lequotidien.mr\\\/?p=32076&lang=fr\"},\"author\":{\"name\":\"Med Ahmed\",\"@id\":\"https:\\\/\\\/lequotidien.mr\\\/#\\\/schema\\\/person\\\/d2d350202a4d599685ed8abc25f97596\"},\"headline\":\"Mauritanie\\\/France: Signature d&#8217;un protocole financier de 39 millions d&#8217;euros pour la construction de dix centrales solaires hybrides pour une transition \u00e9nerg\u00e9tique durable du pays\",\"datePublished\":\"2025-11-02T21:16:21+00:00\",\"mainEntityOfPage\":{\"@id\":\"https:\\\/\\\/lequotidien.mr\\\/?p=32076&lang=fr\"},\"wordCount\":640,\"commentCount\":0,\"publisher\":{\"@id\":\"https:\\\/\\\/lequotidien.mr\\\/#organization\"},\"image\":{\"@id\":\"https:\\\/\\\/lequotidien.mr\\\/?p=32076&lang=fr#primaryimage\"},\"thumbnailUrl\":\"https:\\\/\\\/lequotidien.mr\\\/wp-content\\\/uploads\\\/2025\\\/11\\\/phto-accor-France-RIM.jpg\",\"articleSection\":[\"ACTUALIT\u00c9\",\"Economie\"],\"inLanguage\":\"ar\",\"potentialAction\":[{\"@type\":\"CommentAction\",\"name\":\"Comment\",\"target\":[\"https:\\\/\\\/lequotidien.mr\\\/?p=32076&lang=fr#respond\"]}]},{\"@type\":\"WebPage\",\"@id\":\"https:\\\/\\\/lequotidien.mr\\\/?p=32076&lang=fr\",\"url\":\"https:\\\/\\\/lequotidien.mr\\\/?p=32076&lang=fr\",\"name\":\"Mauritanie\\\/France: Signature d'un protocole financier de 39 millions d'euros pour la construction de dix centrales solaires hybrides pour une transition \u00e9nerg\u00e9tique durable du pays - Le Quotidien de Nouakchott\",\"isPartOf\":{\"@id\":\"https:\\\/\\\/lequotidien.mr\\\/#website\"},\"primaryImageOfPage\":{\"@id\":\"https:\\\/\\\/lequotidien.mr\\\/?p=32076&lang=fr#primaryimage\"},\"image\":{\"@id\":\"https:\\\/\\\/lequotidien.mr\\\/?p=32076&lang=fr#primaryimage\"},\"thumbnailUrl\":\"https:\\\/\\\/lequotidien.mr\\\/wp-content\\\/uploads\\\/2025\\\/11\\\/phto-accor-France-RIM.jpg\",\"datePublished\":\"2025-11-02T21:16:21+00:00\",\"breadcrumb\":{\"@id\":\"https:\\\/\\\/lequotidien.mr\\\/?p=32076&lang=fr#breadcrumb\"},\"inLanguage\":\"ar\",\"potentialAction\":[{\"@type\":\"ReadAction\",\"target\":[\"https:\\\/\\\/lequotidien.mr\\\/?p=32076&lang=fr\"]}]},{\"@type\":\"ImageObject\",\"inLanguage\":\"ar\",\"@id\":\"https:\\\/\\\/lequotidien.mr\\\/?p=32076&lang=fr#primaryimage\",\"url\":\"https:\\\/\\\/lequotidien.mr\\\/wp-content\\\/uploads\\\/2025\\\/11\\\/phto-accor-France-RIM.jpg\",\"contentUrl\":\"https:\\\/\\\/lequotidien.mr\\\/wp-content\\\/uploads\\\/2025\\\/11\\\/phto-accor-France-RIM.jpg\",\"width\":366,\"height\":430},{\"@type\":\"BreadcrumbList\",\"@id\":\"https:\\\/\\\/lequotidien.mr\\\/?p=32076&lang=fr#breadcrumb\",\"itemListElement\":[{\"@type\":\"ListItem\",\"position\":1,\"name\":\"Home\",\"item\":\"https:\\\/\\\/lequotidien.mr\\\/\"},{\"@type\":\"ListItem\",\"position\":2,\"name\":\"Mauritanie\\\/France: Signature d&rsquo;un protocole financier de 39 millions d&rsquo;euros pour la construction de dix centrales solaires hybrides pour une transition \u00e9nerg\u00e9tique durable du pays\"}]},{\"@type\":\"WebSite\",\"@id\":\"https:\\\/\\\/lequotidien.mr\\\/#website\",\"url\":\"https:\\\/\\\/lequotidien.mr\\\/\",\"name\":\"Le Quotidien de Nouakchott\",\"description\":\"\u0625\u062e\u0628\u0627\u0631\u064a\u0629 \u0645\u0633\u062a\u0642\u0644\u0629 \u0644\u0644\u0623\u0646\u0628\u0627\u0621 \u0627\u0644\u0639\u0627\u0645\u0629\",\"publisher\":{\"@id\":\"https:\\\/\\\/lequotidien.mr\\\/#organization\"},\"potentialAction\":[{\"@type\":\"SearchAction\",\"target\":{\"@type\":\"EntryPoint\",\"urlTemplate\":\"https:\\\/\\\/lequotidien.mr\\\/?s={search_term_string}\"},\"query-input\":{\"@type\":\"PropertyValueSpecification\",\"valueRequired\":true,\"valueName\":\"search_term_string\"}}],\"inLanguage\":\"ar\"},{\"@type\":\"Organization\",\"@id\":\"https:\\\/\\\/lequotidien.mr\\\/#organization\",\"name\":\"Le Quotidien de Nouakchott\",\"url\":\"https:\\\/\\\/lequotidien.mr\\\/\",\"logo\":{\"@type\":\"ImageObject\",\"inLanguage\":\"ar\",\"@id\":\"https:\\\/\\\/lequotidien.mr\\\/#\\\/schema\\\/logo\\\/image\\\/\",\"url\":\"https:\\\/\\\/lequotidien.mr\\\/wp-content\\\/uploads\\\/2022\\\/11\\\/logolequotidien.jpg\",\"contentUrl\":\"https:\\\/\\\/lequotidien.mr\\\/wp-content\\\/uploads\\\/2022\\\/11\\\/logolequotidien.jpg\",\"width\":290,\"height\":65,\"caption\":\"Le Quotidien de Nouakchott\"},\"image\":{\"@id\":\"https:\\\/\\\/lequotidien.mr\\\/#\\\/schema\\\/logo\\\/image\\\/\"},\"sameAs\":[\"https:\\\/\\\/web.facebook.com\\\/lequotidienmr\",\"https:\\\/\\\/x.com\\\/lequotidienmr\"]},{\"@type\":\"Person\",\"@id\":\"https:\\\/\\\/lequotidien.mr\\\/#\\\/schema\\\/person\\\/d2d350202a4d599685ed8abc25f97596\",\"name\":\"Med Ahmed\",\"image\":{\"@type\":\"ImageObject\",\"inLanguage\":\"ar\",\"@id\":\"https:\\\/\\\/secure.gravatar.com\\\/avatar\\\/fd2acc62ed50732923d1d39c17172c9b04149f142be92310ecc69e1358f94b52?s=96&d=mm&r=g\",\"url\":\"https:\\\/\\\/secure.gravatar.com\\\/avatar\\\/fd2acc62ed50732923d1d39c17172c9b04149f142be92310ecc69e1358f94b52?s=96&d=mm&r=g\",\"contentUrl\":\"https:\\\/\\\/secure.gravatar.com\\\/avatar\\\/fd2acc62ed50732923d1d39c17172c9b04149f142be92310ecc69e1358f94b52?s=96&d=mm&r=g\",\"caption\":\"Med Ahmed\"},\"url\":\"https:\\\/\\\/lequotidien.mr\\\/?author=12\"}]}<\/script>\n<!-- \/ Yoast SEO plugin. -->","yoast_head_json":{"title":"Mauritanie\/France: Signature d'un protocole financier de 39 millions d'euros pour la construction de dix centrales solaires hybrides pour une transition \u00e9nerg\u00e9tique durable du pays - Le Quotidien de Nouakchott","robots":{"index":"index","follow":"follow","max-snippet":"max-snippet:-1","max-image-preview":"max-image-preview:large","max-video-preview":"max-video-preview:-1"},"canonical":"https:\/\/lequotidien.mr\/?p=32076&lang=fr","og_locale":"ar_AR","og_type":"article","og_title":"Mauritanie\/France: Signature d'un protocole financier de 39 millions d'euros pour la construction de dix centrales solaires hybrides pour une transition \u00e9nerg\u00e9tique durable du pays - Le Quotidien de Nouakchott","og_description":"Le ministre des Affaires \u00e9conomiques et du D\u00e9veloppement, M. Abdallahi Souleymane Cheikh Sidiya, et l&#8217;ambassadeur de France en Mauritanie, M. Emmanuel Besnier, ont sign\u00e9 un protocole financier historique portant sur le financement d&#8217;un projet de construction de dix centrales solaires hybrides \u00e9quip\u00e9es de syst\u00e8mes de stockage. D&#8217;un montant de 39 223 671 euros (soit environ.....","og_url":"https:\/\/lequotidien.mr\/?p=32076&lang=fr","og_site_name":"Le Quotidien de Nouakchott","article_publisher":"https:\/\/web.facebook.com\/lequotidienmr","article_published_time":"2025-11-02T21:16:21+00:00","og_image":[{"width":366,"height":430,"url":"https:\/\/lequotidien.mr\/wp-content\/uploads\/2025\/11\/phto-accor-France-RIM.jpg","type":"image\/jpeg"}],"author":"Med Ahmed","twitter_card":"summary_large_image","twitter_creator":"@lequotidienmr","twitter_site":"@lequotidienmr","twitter_misc":{"\u0643\u064f\u062a\u0628 \u0628\u0648\u0627\u0633\u0637\u0629":"Med Ahmed","\u0648\u0642\u062a \u0627\u0644\u0642\u0631\u0627\u0621\u0629 \u0627\u0644\u0645\u064f\u0642\u062f\u0651\u0631":"5 \u062f\u0642\u0627\u0626\u0642"},"schema":{"@context":"https:\/\/schema.org","@graph":[{"@type":"Article","@id":"https:\/\/lequotidien.mr\/?p=32076&lang=fr#article","isPartOf":{"@id":"https:\/\/lequotidien.mr\/?p=32076&lang=fr"},"author":{"name":"Med Ahmed","@id":"https:\/\/lequotidien.mr\/#\/schema\/person\/d2d350202a4d599685ed8abc25f97596"},"headline":"Mauritanie\/France: Signature d&#8217;un protocole financier de 39 millions d&#8217;euros pour la construction de dix centrales solaires hybrides pour une transition \u00e9nerg\u00e9tique durable du pays","datePublished":"2025-11-02T21:16:21+00:00","mainEntityOfPage":{"@id":"https:\/\/lequotidien.mr\/?p=32076&lang=fr"},"wordCount":640,"commentCount":0,"publisher":{"@id":"https:\/\/lequotidien.mr\/#organization"},"image":{"@id":"https:\/\/lequotidien.mr\/?p=32076&lang=fr#primaryimage"},"thumbnailUrl":"https:\/\/lequotidien.mr\/wp-content\/uploads\/2025\/11\/phto-accor-France-RIM.jpg","articleSection":["ACTUALIT\u00c9","Economie"],"inLanguage":"ar","potentialAction":[{"@type":"CommentAction","name":"Comment","target":["https:\/\/lequotidien.mr\/?p=32076&lang=fr#respond"]}]},{"@type":"WebPage","@id":"https:\/\/lequotidien.mr\/?p=32076&lang=fr","url":"https:\/\/lequotidien.mr\/?p=32076&lang=fr","name":"Mauritanie\/France: Signature d'un protocole financier de 39 millions d'euros pour la construction de dix centrales solaires hybrides pour une transition \u00e9nerg\u00e9tique durable du pays - Le Quotidien de Nouakchott","isPartOf":{"@id":"https:\/\/lequotidien.mr\/#website"},"primaryImageOfPage":{"@id":"https:\/\/lequotidien.mr\/?p=32076&lang=fr#primaryimage"},"image":{"@id":"https:\/\/lequotidien.mr\/?p=32076&lang=fr#primaryimage"},"thumbnailUrl":"https:\/\/lequotidien.mr\/wp-content\/uploads\/2025\/11\/phto-accor-France-RIM.jpg","datePublished":"2025-11-02T21:16:21+00:00","breadcrumb":{"@id":"https:\/\/lequotidien.mr\/?p=32076&lang=fr#breadcrumb"},"inLanguage":"ar","potentialAction":[{"@type":"ReadAction","target":["https:\/\/lequotidien.mr\/?p=32076&lang=fr"]}]},{"@type":"ImageObject","inLanguage":"ar","@id":"https:\/\/lequotidien.mr\/?p=32076&lang=fr#primaryimage","url":"https:\/\/lequotidien.mr\/wp-content\/uploads\/2025\/11\/phto-accor-France-RIM.jpg","contentUrl":"https:\/\/lequotidien.mr\/wp-content\/uploads\/2025\/11\/phto-accor-France-RIM.jpg","width":366,"height":430},{"@type":"BreadcrumbList","@id":"https:\/\/lequotidien.mr\/?p=32076&lang=fr#breadcrumb","itemListElement":[{"@type":"ListItem","position":1,"name":"Home","item":"https:\/\/lequotidien.mr\/"},{"@type":"ListItem","position":2,"name":"Mauritanie\/France: Signature d&rsquo;un protocole financier de 39 millions d&rsquo;euros pour la construction de dix centrales solaires hybrides pour une transition \u00e9nerg\u00e9tique durable du pays"}]},{"@type":"WebSite","@id":"https:\/\/lequotidien.mr\/#website","url":"https:\/\/lequotidien.mr\/","name":"Le Quotidien de Nouakchott","description":"\u0625\u062e\u0628\u0627\u0631\u064a\u0629 \u0645\u0633\u062a\u0642\u0644\u0629 \u0644\u0644\u0623\u0646\u0628\u0627\u0621 \u0627\u0644\u0639\u0627\u0645\u0629","publisher":{"@id":"https:\/\/lequotidien.mr\/#organization"},"potentialAction":[{"@type":"SearchAction","target":{"@type":"EntryPoint","urlTemplate":"https:\/\/lequotidien.mr\/?s={search_term_string}"},"query-input":{"@type":"PropertyValueSpecification","valueRequired":true,"valueName":"search_term_string"}}],"inLanguage":"ar"},{"@type":"Organization","@id":"https:\/\/lequotidien.mr\/#organization","name":"Le Quotidien de Nouakchott","url":"https:\/\/lequotidien.mr\/","logo":{"@type":"ImageObject","inLanguage":"ar","@id":"https:\/\/lequotidien.mr\/#\/schema\/logo\/image\/","url":"https:\/\/lequotidien.mr\/wp-content\/uploads\/2022\/11\/logolequotidien.jpg","contentUrl":"https:\/\/lequotidien.mr\/wp-content\/uploads\/2022\/11\/logolequotidien.jpg","width":290,"height":65,"caption":"Le Quotidien de Nouakchott"},"image":{"@id":"https:\/\/lequotidien.mr\/#\/schema\/logo\/image\/"},"sameAs":["https:\/\/web.facebook.com\/lequotidienmr","https:\/\/x.com\/lequotidienmr"]},{"@type":"Person","@id":"https:\/\/lequotidien.mr\/#\/schema\/person\/d2d350202a4d599685ed8abc25f97596","name":"Med Ahmed","image":{"@type":"ImageObject","inLanguage":"ar","@id":"https:\/\/secure.gravatar.com\/avatar\/fd2acc62ed50732923d1d39c17172c9b04149f142be92310ecc69e1358f94b52?s=96&d=mm&r=g","url":"https:\/\/secure.gravatar.com\/avatar\/fd2acc62ed50732923d1d39c17172c9b04149f142be92310ecc69e1358f94b52?s=96&d=mm&r=g","contentUrl":"https:\/\/secure.gravatar.com\/avatar\/fd2acc62ed50732923d1d39c17172c9b04149f142be92310ecc69e1358f94b52?s=96&d=mm&r=g","caption":"Med Ahmed"},"url":"https:\/\/lequotidien.mr\/?author=12"}]}},"_links":{"self":[{"href":"https:\/\/lequotidien.mr\/index.php?rest_route=\/wp\/v2\/posts\/32076","targetHints":{"allow":["GET"]}}],"collection":[{"href":"https:\/\/lequotidien.mr\/index.php?rest_route=\/wp\/v2\/posts"}],"about":[{"href":"https:\/\/lequotidien.mr\/index.php?rest_route=\/wp\/v2\/types\/post"}],"author":[{"embeddable":true,"href":"https:\/\/lequotidien.mr\/index.php?rest_route=\/wp\/v2\/users\/12"}],"replies":[{"embeddable":true,"href":"https:\/\/lequotidien.mr\/index.php?rest_route=%2Fwp%2Fv2%2Fcomments&post=32076"}],"version-history":[{"count":1,"href":"https:\/\/lequotidien.mr\/index.php?rest_route=\/wp\/v2\/posts\/32076\/revisions"}],"predecessor-version":[{"id":32078,"href":"https:\/\/lequotidien.mr\/index.php?rest_route=\/wp\/v2\/posts\/32076\/revisions\/32078"}],"wp:featuredmedia":[{"embeddable":true,"href":"https:\/\/lequotidien.mr\/index.php?rest_route=\/wp\/v2\/media\/32077"}],"wp:attachment":[{"href":"https:\/\/lequotidien.mr\/index.php?rest_route=%2Fwp%2Fv2%2Fmedia&parent=32076"}],"wp:term":[{"taxonomy":"category","embeddable":true,"href":"https:\/\/lequotidien.mr\/index.php?rest_route=%2Fwp%2Fv2%2Fcategories&post=32076"},{"taxonomy":"post_tag","embeddable":true,"href":"https:\/\/lequotidien.mr\/index.php?rest_route=%2Fwp%2Fv2%2Ftags&post=32076"}],"curies":[{"name":"wp","href":"https:\/\/api.w.org\/{rel}","templated":true}]}}