{"id":3204,"date":"2023-01-14T16:08:56","date_gmt":"2023-01-14T16:08:56","guid":{"rendered":"https:\/\/lequotidien.mr\/?p=3204"},"modified":"2023-01-14T16:08:56","modified_gmt":"2023-01-14T16:08:56","slug":"zine-el-abidine-se-taille-la-part-du-lion-sur-le-marche-de-graviers-de-leter","status":"publish","type":"post","link":"https:\/\/lequotidien.mr\/?p=3204&lang=fr","title":{"rendered":"Zine El Abidine se taille la part du lion sur le march\u00e9 de graviers de l\u2019ETER"},"content":{"rendered":"<p>Le pr\u00e9sident du patronat mauritanien Zine Al Abdine Cheikh Ahmed poursuit son offensive sur les march\u00e9s publics mauritaniens.<\/p>\n<p>L\u2019homme d\u2019affaires qui s\u2019est fait connaitre gr\u00e2ce aux juteux contrats rafl\u00e9s sous le magist\u00e8re de Mohamed Ould Abdel Aziz (pr\u00e9sident de la R\u00e9publique de 2008 \u00e0 2019), attributaire en novembre dernier des travaux\u00a0 d\u2019extension de l\u2019Universit\u00e9 Nouakchott Al Aasriya pour 24 millions USD vient de se tailler la part du lion dans le march\u00e9 d\u2019acquisition de graviers concass\u00e9s de l\u2019Eter scind\u00e9s en 4 lots.<\/p>\n<p>La soci\u00e9t\u00e9 \u00e0 l\u2019activit\u00e9 prot\u00e9iforme BIS TP contr\u00f4l\u00e9e par Zine El Abidine rafle en effet les lots 1, 2 et 4 du contrat de fourniture de 60\u00a0339 m\u00e8tres cubes. Ce qui permet au pr\u00e9sident du patronat national d\u2019encaisser 951\u00a0387\u00a0500 mro.<\/p>\n<p>Il sera accompagn\u00e9 dans l\u2019ex\u00e9cution du contrat de livraison de graviers concass\u00e9s par Mauripe TP et Agrenor respectivement vainqueurs du lot 5\u00a0 et 3 du march\u00e9.<\/p>\n<p>Mauripe TP engrange 62\u00a0988\u00a0000 mro et Agrenor vient fermer la marche avec un pactole de 41\u00a0760\u00a0000.<\/p>\n","protected":false},"excerpt":{"rendered":"<p>Le pr\u00e9sident du patronat mauritanien Zine Al Abdine Cheikh Ahmed poursuit son offensive sur les march\u00e9s publics mauritaniens. L\u2019homme d\u2019affaires qui s\u2019est fait connaitre gr\u00e2ce aux juteux contrats rafl\u00e9s sous le magist\u00e8re de Mohamed Ould Abdel Aziz (pr\u00e9sident de la R\u00e9publique de 2008 \u00e0 2019), attributaire en novembre dernier des travaux\u00a0 d\u2019extension de l\u2019Universit\u00e9 Nouakchott&#8230;..<\/p>\n","protected":false},"author":5,"featured_media":3205,"comment_status":"open","ping_status":"open","sticky":false,"template":"","format":"standard","meta":{"footnotes":""},"categories":[23,49],"tags":[],"class_list":["post-3204","post","type-post","status-publish","format-standard","has-post-thumbnail","hentry","category-actualite","category-economie"],"yoast_head":"<!-- This site is optimized with the Yoast SEO plugin v27.5 - https:\/\/yoast.com\/product\/yoast-seo-wordpress\/ -->\n<title>Zine El Abidine se taille la part du lion sur le march\u00e9 de graviers de l\u2019ETER - Le Quotidien de Nouakchott<\/title>\n<meta name=\"robots\" content=\"index, follow, max-snippet:-1, max-image-preview:large, max-video-preview:-1\" \/>\n<link rel=\"canonical\" href=\"https:\/\/lequotidien.mr\/?p=3204&lang=fr\" \/>\n<meta property=\"og:locale\" content=\"ar_AR\" \/>\n<meta property=\"og:type\" content=\"article\" \/>\n<meta property=\"og:title\" content=\"Zine El Abidine se taille la part du lion sur le march\u00e9 de graviers de l\u2019ETER - Le Quotidien de Nouakchott\" \/>\n<meta property=\"og:description\" content=\"Le pr\u00e9sident du patronat mauritanien Zine Al Abdine Cheikh Ahmed poursuit son offensive sur les march\u00e9s publics mauritaniens. L\u2019homme d\u2019affaires qui s\u2019est fait connaitre gr\u00e2ce aux juteux contrats rafl\u00e9s sous le magist\u00e8re de Mohamed Ould Abdel Aziz (pr\u00e9sident de la R\u00e9publique de 2008 \u00e0 2019), attributaire en novembre dernier des travaux\u00a0 d\u2019extension de l\u2019Universit\u00e9 Nouakchott.....\" \/>\n<meta property=\"og:url\" content=\"https:\/\/lequotidien.mr\/?p=3204&amp;lang=fr\" \/>\n<meta property=\"og:site_name\" content=\"Le Quotidien de Nouakchott\" \/>\n<meta property=\"article:publisher\" content=\"https:\/\/web.facebook.com\/lequotidienmr\" \/>\n<meta property=\"article:published_time\" content=\"2023-01-14T16:08:56+00:00\" \/>\n<meta property=\"og:image\" content=\"https:\/\/lequotidien.mr\/wp-content\/uploads\/2023\/01\/telechargement.jpg\" \/>\n\t<meta property=\"og:image:width\" content=\"265\" \/>\n\t<meta property=\"og:image:height\" content=\"190\" \/>\n\t<meta property=\"og:image:type\" content=\"image\/jpeg\" \/>\n<meta name=\"author\" content=\"Gayi Diawara\" \/>\n<meta name=\"twitter:card\" content=\"summary_large_image\" \/>\n<meta name=\"twitter:creator\" content=\"@lequotidienmr\" \/>\n<meta name=\"twitter:site\" content=\"@lequotidienmr\" \/>\n<meta name=\"twitter:label1\" content=\"\u0643\u064f\u062a\u0628 \u0628\u0648\u0627\u0633\u0637\u0629\" \/>\n\t<meta name=\"twitter:data1\" content=\"Gayi Diawara\" \/>\n\t<meta name=\"twitter:label2\" content=\"\u0648\u0642\u062a \u0627\u0644\u0642\u0631\u0627\u0621\u0629 \u0627\u0644\u0645\u064f\u0642\u062f\u0651\u0631\" \/>\n\t<meta name=\"twitter:data2\" content=\"\u062f\u0642\u064a\u0642\u0629 \u0648\u0627\u062d\u062f\u0629\" \/>\n<script type=\"application\/ld+json\" class=\"yoast-schema-graph\">{\"@context\":\"https:\\\/\\\/schema.org\",\"@graph\":[{\"@type\":\"Article\",\"@id\":\"https:\\\/\\\/lequotidien.mr\\\/?p=3204&lang=fr#article\",\"isPartOf\":{\"@id\":\"https:\\\/\\\/lequotidien.mr\\\/?p=3204&lang=fr\"},\"author\":{\"name\":\"Gayi Diawara\",\"@id\":\"https:\\\/\\\/lequotidien.mr\\\/#\\\/schema\\\/person\\\/1077c8abd5640a6514b909318d271dee\"},\"headline\":\"Zine El Abidine se taille la part du lion sur le march\u00e9 de graviers de l\u2019ETER\",\"datePublished\":\"2023-01-14T16:08:56+00:00\",\"mainEntityOfPage\":{\"@id\":\"https:\\\/\\\/lequotidien.mr\\\/?p=3204&lang=fr\"},\"wordCount\":193,\"commentCount\":0,\"publisher\":{\"@id\":\"https:\\\/\\\/lequotidien.mr\\\/#organization\"},\"image\":{\"@id\":\"https:\\\/\\\/lequotidien.mr\\\/?p=3204&lang=fr#primaryimage\"},\"thumbnailUrl\":\"https:\\\/\\\/lequotidien.mr\\\/wp-content\\\/uploads\\\/2023\\\/01\\\/telechargement.jpg\",\"articleSection\":[\"ACTUALIT\u00c9\",\"Economie\"],\"inLanguage\":\"ar\",\"potentialAction\":[{\"@type\":\"CommentAction\",\"name\":\"Comment\",\"target\":[\"https:\\\/\\\/lequotidien.mr\\\/?p=3204&lang=fr#respond\"]}]},{\"@type\":\"WebPage\",\"@id\":\"https:\\\/\\\/lequotidien.mr\\\/?p=3204&lang=fr\",\"url\":\"https:\\\/\\\/lequotidien.mr\\\/?p=3204&lang=fr\",\"name\":\"Zine El Abidine se taille la part du lion sur le march\u00e9 de graviers de l\u2019ETER - Le Quotidien de Nouakchott\",\"isPartOf\":{\"@id\":\"https:\\\/\\\/lequotidien.mr\\\/#website\"},\"primaryImageOfPage\":{\"@id\":\"https:\\\/\\\/lequotidien.mr\\\/?p=3204&lang=fr#primaryimage\"},\"image\":{\"@id\":\"https:\\\/\\\/lequotidien.mr\\\/?p=3204&lang=fr#primaryimage\"},\"thumbnailUrl\":\"https:\\\/\\\/lequotidien.mr\\\/wp-content\\\/uploads\\\/2023\\\/01\\\/telechargement.jpg\",\"datePublished\":\"2023-01-14T16:08:56+00:00\",\"breadcrumb\":{\"@id\":\"https:\\\/\\\/lequotidien.mr\\\/?p=3204&lang=fr#breadcrumb\"},\"inLanguage\":\"ar\",\"potentialAction\":[{\"@type\":\"ReadAction\",\"target\":[\"https:\\\/\\\/lequotidien.mr\\\/?p=3204&lang=fr\"]}]},{\"@type\":\"ImageObject\",\"inLanguage\":\"ar\",\"@id\":\"https:\\\/\\\/lequotidien.mr\\\/?p=3204&lang=fr#primaryimage\",\"url\":\"https:\\\/\\\/lequotidien.mr\\\/wp-content\\\/uploads\\\/2023\\\/01\\\/telechargement.jpg\",\"contentUrl\":\"https:\\\/\\\/lequotidien.mr\\\/wp-content\\\/uploads\\\/2023\\\/01\\\/telechargement.jpg\",\"width\":265,\"height\":190},{\"@type\":\"BreadcrumbList\",\"@id\":\"https:\\\/\\\/lequotidien.mr\\\/?p=3204&lang=fr#breadcrumb\",\"itemListElement\":[{\"@type\":\"ListItem\",\"position\":1,\"name\":\"Home\",\"item\":\"https:\\\/\\\/lequotidien.mr\\\/\"},{\"@type\":\"ListItem\",\"position\":2,\"name\":\"Zine El Abidine se taille la part du lion sur le march\u00e9 de graviers de l\u2019ETER\"}]},{\"@type\":\"WebSite\",\"@id\":\"https:\\\/\\\/lequotidien.mr\\\/#website\",\"url\":\"https:\\\/\\\/lequotidien.mr\\\/\",\"name\":\"Le Quotidien de Nouakchott\",\"description\":\"\u0625\u062e\u0628\u0627\u0631\u064a\u0629 \u0645\u0633\u062a\u0642\u0644\u0629 \u0644\u0644\u0623\u0646\u0628\u0627\u0621 \u0627\u0644\u0639\u0627\u0645\u0629\",\"publisher\":{\"@id\":\"https:\\\/\\\/lequotidien.mr\\\/#organization\"},\"potentialAction\":[{\"@type\":\"SearchAction\",\"target\":{\"@type\":\"EntryPoint\",\"urlTemplate\":\"https:\\\/\\\/lequotidien.mr\\\/?s={search_term_string}\"},\"query-input\":{\"@type\":\"PropertyValueSpecification\",\"valueRequired\":true,\"valueName\":\"search_term_string\"}}],\"inLanguage\":\"ar\"},{\"@type\":\"Organization\",\"@id\":\"https:\\\/\\\/lequotidien.mr\\\/#organization\",\"name\":\"Le Quotidien de Nouakchott\",\"url\":\"https:\\\/\\\/lequotidien.mr\\\/\",\"logo\":{\"@type\":\"ImageObject\",\"inLanguage\":\"ar\",\"@id\":\"https:\\\/\\\/lequotidien.mr\\\/#\\\/schema\\\/logo\\\/image\\\/\",\"url\":\"https:\\\/\\\/lequotidien.mr\\\/wp-content\\\/uploads\\\/2022\\\/11\\\/logolequotidien.jpg\",\"contentUrl\":\"https:\\\/\\\/lequotidien.mr\\\/wp-content\\\/uploads\\\/2022\\\/11\\\/logolequotidien.jpg\",\"width\":290,\"height\":65,\"caption\":\"Le Quotidien de Nouakchott\"},\"image\":{\"@id\":\"https:\\\/\\\/lequotidien.mr\\\/#\\\/schema\\\/logo\\\/image\\\/\"},\"sameAs\":[\"https:\\\/\\\/web.facebook.com\\\/lequotidienmr\",\"https:\\\/\\\/x.com\\\/lequotidienmr\"]},{\"@type\":\"Person\",\"@id\":\"https:\\\/\\\/lequotidien.mr\\\/#\\\/schema\\\/person\\\/1077c8abd5640a6514b909318d271dee\",\"name\":\"Gayi Diawara\",\"image\":{\"@type\":\"ImageObject\",\"inLanguage\":\"ar\",\"@id\":\"https:\\\/\\\/secure.gravatar.com\\\/avatar\\\/63ea8db1e19a6d2d608b24c0f78b5f3a7d6e0bc11959fec273410af333e4d0ac?s=96&d=mm&r=g\",\"url\":\"https:\\\/\\\/secure.gravatar.com\\\/avatar\\\/63ea8db1e19a6d2d608b24c0f78b5f3a7d6e0bc11959fec273410af333e4d0ac?s=96&d=mm&r=g\",\"contentUrl\":\"https:\\\/\\\/secure.gravatar.com\\\/avatar\\\/63ea8db1e19a6d2d608b24c0f78b5f3a7d6e0bc11959fec273410af333e4d0ac?s=96&d=mm&r=g\",\"caption\":\"Gayi Diawara\"},\"sameAs\":[\"http:\\\/\\\/lequotidien.mr\"],\"url\":\"https:\\\/\\\/lequotidien.mr\\\/?author=5\"}]}<\/script>\n<!-- \/ Yoast SEO plugin. -->","yoast_head_json":{"title":"Zine El Abidine se taille la part du lion sur le march\u00e9 de graviers de l\u2019ETER - Le Quotidien de Nouakchott","robots":{"index":"index","follow":"follow","max-snippet":"max-snippet:-1","max-image-preview":"max-image-preview:large","max-video-preview":"max-video-preview:-1"},"canonical":"https:\/\/lequotidien.mr\/?p=3204&lang=fr","og_locale":"ar_AR","og_type":"article","og_title":"Zine El Abidine se taille la part du lion sur le march\u00e9 de graviers de l\u2019ETER - Le Quotidien de Nouakchott","og_description":"Le pr\u00e9sident du patronat mauritanien Zine Al Abdine Cheikh Ahmed poursuit son offensive sur les march\u00e9s publics mauritaniens. L\u2019homme d\u2019affaires qui s\u2019est fait connaitre gr\u00e2ce aux juteux contrats rafl\u00e9s sous le magist\u00e8re de Mohamed Ould Abdel Aziz (pr\u00e9sident de la R\u00e9publique de 2008 \u00e0 2019), attributaire en novembre dernier des travaux\u00a0 d\u2019extension de l\u2019Universit\u00e9 Nouakchott.....","og_url":"https:\/\/lequotidien.mr\/?p=3204&lang=fr","og_site_name":"Le Quotidien de Nouakchott","article_publisher":"https:\/\/web.facebook.com\/lequotidienmr","article_published_time":"2023-01-14T16:08:56+00:00","og_image":[{"width":265,"height":190,"url":"https:\/\/lequotidien.mr\/wp-content\/uploads\/2023\/01\/telechargement.jpg","type":"image\/jpeg"}],"author":"Gayi Diawara","twitter_card":"summary_large_image","twitter_creator":"@lequotidienmr","twitter_site":"@lequotidienmr","twitter_misc":{"\u0643\u064f\u062a\u0628 \u0628\u0648\u0627\u0633\u0637\u0629":"Gayi Diawara","\u0648\u0642\u062a \u0627\u0644\u0642\u0631\u0627\u0621\u0629 \u0627\u0644\u0645\u064f\u0642\u062f\u0651\u0631":"\u062f\u0642\u064a\u0642\u0629 \u0648\u0627\u062d\u062f\u0629"},"schema":{"@context":"https:\/\/schema.org","@graph":[{"@type":"Article","@id":"https:\/\/lequotidien.mr\/?p=3204&lang=fr#article","isPartOf":{"@id":"https:\/\/lequotidien.mr\/?p=3204&lang=fr"},"author":{"name":"Gayi Diawara","@id":"https:\/\/lequotidien.mr\/#\/schema\/person\/1077c8abd5640a6514b909318d271dee"},"headline":"Zine El Abidine se taille la part du lion sur le march\u00e9 de graviers de l\u2019ETER","datePublished":"2023-01-14T16:08:56+00:00","mainEntityOfPage":{"@id":"https:\/\/lequotidien.mr\/?p=3204&lang=fr"},"wordCount":193,"commentCount":0,"publisher":{"@id":"https:\/\/lequotidien.mr\/#organization"},"image":{"@id":"https:\/\/lequotidien.mr\/?p=3204&lang=fr#primaryimage"},"thumbnailUrl":"https:\/\/lequotidien.mr\/wp-content\/uploads\/2023\/01\/telechargement.jpg","articleSection":["ACTUALIT\u00c9","Economie"],"inLanguage":"ar","potentialAction":[{"@type":"CommentAction","name":"Comment","target":["https:\/\/lequotidien.mr\/?p=3204&lang=fr#respond"]}]},{"@type":"WebPage","@id":"https:\/\/lequotidien.mr\/?p=3204&lang=fr","url":"https:\/\/lequotidien.mr\/?p=3204&lang=fr","name":"Zine El Abidine se taille la part du lion sur le march\u00e9 de graviers de l\u2019ETER - Le Quotidien de Nouakchott","isPartOf":{"@id":"https:\/\/lequotidien.mr\/#website"},"primaryImageOfPage":{"@id":"https:\/\/lequotidien.mr\/?p=3204&lang=fr#primaryimage"},"image":{"@id":"https:\/\/lequotidien.mr\/?p=3204&lang=fr#primaryimage"},"thumbnailUrl":"https:\/\/lequotidien.mr\/wp-content\/uploads\/2023\/01\/telechargement.jpg","datePublished":"2023-01-14T16:08:56+00:00","breadcrumb":{"@id":"https:\/\/lequotidien.mr\/?p=3204&lang=fr#breadcrumb"},"inLanguage":"ar","potentialAction":[{"@type":"ReadAction","target":["https:\/\/lequotidien.mr\/?p=3204&lang=fr"]}]},{"@type":"ImageObject","inLanguage":"ar","@id":"https:\/\/lequotidien.mr\/?p=3204&lang=fr#primaryimage","url":"https:\/\/lequotidien.mr\/wp-content\/uploads\/2023\/01\/telechargement.jpg","contentUrl":"https:\/\/lequotidien.mr\/wp-content\/uploads\/2023\/01\/telechargement.jpg","width":265,"height":190},{"@type":"BreadcrumbList","@id":"https:\/\/lequotidien.mr\/?p=3204&lang=fr#breadcrumb","itemListElement":[{"@type":"ListItem","position":1,"name":"Home","item":"https:\/\/lequotidien.mr\/"},{"@type":"ListItem","position":2,"name":"Zine El Abidine se taille la part du lion sur le march\u00e9 de graviers de l\u2019ETER"}]},{"@type":"WebSite","@id":"https:\/\/lequotidien.mr\/#website","url":"https:\/\/lequotidien.mr\/","name":"Le Quotidien de Nouakchott","description":"\u0625\u062e\u0628\u0627\u0631\u064a\u0629 \u0645\u0633\u062a\u0642\u0644\u0629 \u0644\u0644\u0623\u0646\u0628\u0627\u0621 \u0627\u0644\u0639\u0627\u0645\u0629","publisher":{"@id":"https:\/\/lequotidien.mr\/#organization"},"potentialAction":[{"@type":"SearchAction","target":{"@type":"EntryPoint","urlTemplate":"https:\/\/lequotidien.mr\/?s={search_term_string}"},"query-input":{"@type":"PropertyValueSpecification","valueRequired":true,"valueName":"search_term_string"}}],"inLanguage":"ar"},{"@type":"Organization","@id":"https:\/\/lequotidien.mr\/#organization","name":"Le Quotidien de Nouakchott","url":"https:\/\/lequotidien.mr\/","logo":{"@type":"ImageObject","inLanguage":"ar","@id":"https:\/\/lequotidien.mr\/#\/schema\/logo\/image\/","url":"https:\/\/lequotidien.mr\/wp-content\/uploads\/2022\/11\/logolequotidien.jpg","contentUrl":"https:\/\/lequotidien.mr\/wp-content\/uploads\/2022\/11\/logolequotidien.jpg","width":290,"height":65,"caption":"Le Quotidien de Nouakchott"},"image":{"@id":"https:\/\/lequotidien.mr\/#\/schema\/logo\/image\/"},"sameAs":["https:\/\/web.facebook.com\/lequotidienmr","https:\/\/x.com\/lequotidienmr"]},{"@type":"Person","@id":"https:\/\/lequotidien.mr\/#\/schema\/person\/1077c8abd5640a6514b909318d271dee","name":"Gayi Diawara","image":{"@type":"ImageObject","inLanguage":"ar","@id":"https:\/\/secure.gravatar.com\/avatar\/63ea8db1e19a6d2d608b24c0f78b5f3a7d6e0bc11959fec273410af333e4d0ac?s=96&d=mm&r=g","url":"https:\/\/secure.gravatar.com\/avatar\/63ea8db1e19a6d2d608b24c0f78b5f3a7d6e0bc11959fec273410af333e4d0ac?s=96&d=mm&r=g","contentUrl":"https:\/\/secure.gravatar.com\/avatar\/63ea8db1e19a6d2d608b24c0f78b5f3a7d6e0bc11959fec273410af333e4d0ac?s=96&d=mm&r=g","caption":"Gayi Diawara"},"sameAs":["http:\/\/lequotidien.mr"],"url":"https:\/\/lequotidien.mr\/?author=5"}]}},"_links":{"self":[{"href":"https:\/\/lequotidien.mr\/index.php?rest_route=\/wp\/v2\/posts\/3204","targetHints":{"allow":["GET"]}}],"collection":[{"href":"https:\/\/lequotidien.mr\/index.php?rest_route=\/wp\/v2\/posts"}],"about":[{"href":"https:\/\/lequotidien.mr\/index.php?rest_route=\/wp\/v2\/types\/post"}],"author":[{"embeddable":true,"href":"https:\/\/lequotidien.mr\/index.php?rest_route=\/wp\/v2\/users\/5"}],"replies":[{"embeddable":true,"href":"https:\/\/lequotidien.mr\/index.php?rest_route=%2Fwp%2Fv2%2Fcomments&post=3204"}],"version-history":[{"count":1,"href":"https:\/\/lequotidien.mr\/index.php?rest_route=\/wp\/v2\/posts\/3204\/revisions"}],"predecessor-version":[{"id":3206,"href":"https:\/\/lequotidien.mr\/index.php?rest_route=\/wp\/v2\/posts\/3204\/revisions\/3206"}],"wp:featuredmedia":[{"embeddable":true,"href":"https:\/\/lequotidien.mr\/index.php?rest_route=\/wp\/v2\/media\/3205"}],"wp:attachment":[{"href":"https:\/\/lequotidien.mr\/index.php?rest_route=%2Fwp%2Fv2%2Fmedia&parent=3204"}],"wp:term":[{"taxonomy":"category","embeddable":true,"href":"https:\/\/lequotidien.mr\/index.php?rest_route=%2Fwp%2Fv2%2Fcategories&post=3204"},{"taxonomy":"post_tag","embeddable":true,"href":"https:\/\/lequotidien.mr\/index.php?rest_route=%2Fwp%2Fv2%2Ftags&post=3204"}],"curies":[{"name":"wp","href":"https:\/\/api.w.org\/{rel}","templated":true}]}}