{"id":31987,"date":"2025-10-29T20:43:53","date_gmt":"2025-10-29T20:43:53","guid":{"rendered":"https:\/\/lequotidien.mr\/?p=31987"},"modified":"2025-10-29T20:43:53","modified_gmt":"2025-10-29T20:43:53","slug":"salon-international-du-livre-dalger-sila-2025-renforcement-de-la-cooperation-culturelle-mauritano-algerienne","status":"publish","type":"post","link":"https:\/\/lequotidien.mr\/?p=31987&lang=fr","title":{"rendered":"Salon international du livre d\u2019Alger (SILA 2025) : Renforcement de la coop\u00e9ration culturelle mauritano-alg\u00e9rienne"},"content":{"rendered":"<p>En marge de sa participation \u00e0 l\u2019ouverture du <strong data-start=\"368\" data-end=\"420\">Salon international du livre d\u2019Alger (SILA 2025)<\/strong>, dont la <strong data-start=\"430\" data-end=\"467\">Mauritanie est l\u2019invit\u00e9 d\u2019honneur<\/strong>, le <strong>ministre de la Culture, des Arts, de la Communication et des Relations avec le Parlement, <\/strong><strong data-start=\"562\" data-end=\"594\">porte-parole du gouvernement<\/strong><strong>, <\/strong><strong data-start=\"596\" data-end=\"617\">M. Houssein Medou<\/strong>, a tenu, mardi \u00e0 Alger, une <strong data-start=\"646\" data-end=\"668\">r\u00e9union de travail<\/strong> avec la <strong>ministre alg\u00e9rienne de la Culture, <\/strong><strong data-start=\"712\" data-end=\"735\">Mme Malika Bendouda<\/strong>.<\/p>\n<p data-start=\"740\" data-end=\"948\">Cette rencontre s\u2019inscrit dans le cadre du <strong data-start=\"783\" data-end=\"828\">renforcement de la coop\u00e9ration culturelle<\/strong> entre la Mauritanie et l\u2019Alg\u00e9rie, deux pays unis par des liens historiques, linguistiques et civilisationnels profonds.<\/p>\n<p>Au cours des discussions, les deux ministres ont pass\u00e9 en revue <strong data-start=\"1089\" data-end=\"1156\">les projets communs dans les domaines de la culture et des arts<\/strong>, \u00e9voquant notamment les perspectives d\u2019\u00e9changes artistiques, la valorisation du patrimoine culturel immat\u00e9riel partag\u00e9, et la promotion de la production litt\u00e9raire et cin\u00e9matographique.<\/p>\n<p data-start=\"1346\" data-end=\"1583\">Les deux parties ont convenu de <strong data-start=\"1378\" data-end=\"1427\">poursuivre la coordination et la concertation<\/strong> afin d\u2019\u00e9largir les domaines de coop\u00e9ration, de favoriser les initiatives conjointes et de consolider les passerelles culturelles entre Nouakchott et Alger.<\/p>\n<p>Les ministres ont soulign\u00e9 que cette dynamique s\u2019inscrit dans le cadre des <strong data-start=\"1733\" data-end=\"1811\">orientations du <\/strong><strong>Pr\u00e9sident de la R\u00e9publique, M. Mohamed Cheikh El Ghazouani<\/strong>, et de son fr\u00e8re, <strong data-start=\"1830\" data-end=\"1880\">le <\/strong><strong>Pr\u00e9sident alg\u00e9rien, M. Abdelmadjid Tebboune<\/strong>, qui accordent une grande importance au <strong data-start=\"1921\" data-end=\"1967\">d\u00e9veloppement de la coop\u00e9ration culturelle<\/strong> comme vecteur de rapprochement et de compr\u00e9hension mutuelle entre les peuples mauritanien et alg\u00e9rien.<\/p>\n<p data-start=\"2072\" data-end=\"2342\">Les deux responsables ont \u00e9galement exprim\u00e9 leur <strong data-start=\"2121\" data-end=\"2186\">satisfaction quant au niveau actuel des relations culturelles<\/strong> entre les deux pays, tout en appelant \u00e0 renforcer davantage les \u00e9changes dans les domaines du livre, de la musique, du th\u00e9\u00e2tre, du cin\u00e9ma et du patrimoine.<\/p>\n<p>Cette r\u00e9union s\u2019est tenue \u00e0 la veille de l\u2019ouverture officielle du <strong data-start=\"2475\" data-end=\"2520\">Salon international du livre d\u2019Alger 2025<\/strong>, grand rendez-vous culturel annuel plac\u00e9 cette ann\u00e9e sous le signe de l\u2019amiti\u00e9 entre la Mauritanie et l\u2019Alg\u00e9rie.<\/p>\n<p>La Mauritanie, <strong data-start=\"2651\" data-end=\"2680\">invit\u00e9 d\u2019honneur du salon<\/strong>, y pr\u00e9sente une <strong data-start=\"2697\" data-end=\"2745\">riche programmation litt\u00e9raire et artistique<\/strong>, illustrant la vitalit\u00e9 de sa cr\u00e9ation culturelle et son ouverture sur le monde arabe et africain.<\/p>\n<p data-start=\"2846\" data-end=\"3078\"><strong>L\u2019ambassadeur de Mauritanie en Alg\u00e9rie,<\/strong> <strong data-start=\"2886\" data-end=\"2914\">M. Sidi Mohamed Abdallah<\/strong>, a assist\u00e9 \u00e0 la rencontre, aux c\u00f4t\u00e9s de responsables des deux minist\u00e8res, t\u00e9moignant de la profondeur et de la continuit\u00e9 de la coop\u00e9ration entre les deux nations.<\/p>\n<p>&nbsp;<\/p>\n","protected":false},"excerpt":{"rendered":"<p>En marge de sa participation \u00e0 l\u2019ouverture du Salon international du livre d\u2019Alger (SILA 2025), dont la Mauritanie est l\u2019invit\u00e9 d\u2019honneur, le ministre de la Culture, des Arts, de la Communication et des Relations avec le Parlement, porte-parole du gouvernement, M. Houssein Medou, a tenu, mardi \u00e0 Alger, une r\u00e9union de travail avec la ministre&#8230;..<\/p>\n","protected":false},"author":12,"featured_media":31988,"comment_status":"open","ping_status":"open","sticky":false,"template":"","format":"standard","meta":{"footnotes":""},"categories":[23,55],"tags":[],"class_list":["post-31987","post","type-post","status-publish","format-standard","has-post-thumbnail","hentry","category-actualite","category-culture"],"yoast_head":"<!-- This site is optimized with the Yoast SEO plugin v27.5 - https:\/\/yoast.com\/product\/yoast-seo-wordpress\/ -->\n<title>Salon international du livre d\u2019Alger (SILA 2025) : Renforcement de la coop\u00e9ration culturelle mauritano-alg\u00e9rienne - Le Quotidien de Nouakchott<\/title>\n<meta name=\"robots\" content=\"index, follow, max-snippet:-1, max-image-preview:large, max-video-preview:-1\" \/>\n<link rel=\"canonical\" href=\"https:\/\/lequotidien.mr\/?p=31987&lang=fr\" \/>\n<meta property=\"og:locale\" content=\"ar_AR\" \/>\n<meta property=\"og:type\" content=\"article\" \/>\n<meta property=\"og:title\" content=\"Salon international du livre d\u2019Alger (SILA 2025) : Renforcement de la coop\u00e9ration culturelle mauritano-alg\u00e9rienne - Le Quotidien de Nouakchott\" \/>\n<meta property=\"og:description\" content=\"En marge de sa participation \u00e0 l\u2019ouverture du Salon international du livre d\u2019Alger (SILA 2025), dont la Mauritanie est l\u2019invit\u00e9 d\u2019honneur, le ministre de la Culture, des Arts, de la Communication et des Relations avec le Parlement, porte-parole du gouvernement, M. Houssein Medou, a tenu, mardi \u00e0 Alger, une r\u00e9union de travail avec la ministre.....\" \/>\n<meta property=\"og:url\" content=\"https:\/\/lequotidien.mr\/?p=31987&amp;lang=fr\" \/>\n<meta property=\"og:site_name\" content=\"Le Quotidien de Nouakchott\" \/>\n<meta property=\"article:publisher\" content=\"https:\/\/web.facebook.com\/lequotidienmr\" \/>\n<meta property=\"article:published_time\" content=\"2025-10-29T20:43:53+00:00\" \/>\n<meta property=\"og:image\" content=\"https:\/\/lequotidien.mr\/wp-content\/uploads\/2025\/10\/photo-Medou-_-Alger.jpg\" \/>\n\t<meta property=\"og:image:width\" content=\"750\" \/>\n\t<meta property=\"og:image:height\" content=\"430\" \/>\n\t<meta property=\"og:image:type\" content=\"image\/jpeg\" \/>\n<meta name=\"author\" content=\"Med Ahmed\" \/>\n<meta name=\"twitter:card\" content=\"summary_large_image\" \/>\n<meta name=\"twitter:creator\" content=\"@lequotidienmr\" \/>\n<meta name=\"twitter:site\" content=\"@lequotidienmr\" \/>\n<meta name=\"twitter:label1\" content=\"\u0643\u064f\u062a\u0628 \u0628\u0648\u0627\u0633\u0637\u0629\" \/>\n\t<meta name=\"twitter:data1\" content=\"Med Ahmed\" \/>\n\t<meta name=\"twitter:label2\" content=\"\u0648\u0642\u062a \u0627\u0644\u0642\u0631\u0627\u0621\u0629 \u0627\u0644\u0645\u064f\u0642\u062f\u0651\u0631\" \/>\n\t<meta name=\"twitter:data2\" content=\"3 \u062f\u0642\u0627\u0626\u0642\" \/>\n<script type=\"application\/ld+json\" class=\"yoast-schema-graph\">{\"@context\":\"https:\\\/\\\/schema.org\",\"@graph\":[{\"@type\":\"Article\",\"@id\":\"https:\\\/\\\/lequotidien.mr\\\/?p=31987&lang=fr#article\",\"isPartOf\":{\"@id\":\"https:\\\/\\\/lequotidien.mr\\\/?p=31987&lang=fr\"},\"author\":{\"name\":\"Med Ahmed\",\"@id\":\"https:\\\/\\\/lequotidien.mr\\\/#\\\/schema\\\/person\\\/d2d350202a4d599685ed8abc25f97596\"},\"headline\":\"Salon international du livre d\u2019Alger (SILA 2025) : Renforcement de la coop\u00e9ration culturelle mauritano-alg\u00e9rienne\",\"datePublished\":\"2025-10-29T20:43:53+00:00\",\"mainEntityOfPage\":{\"@id\":\"https:\\\/\\\/lequotidien.mr\\\/?p=31987&lang=fr\"},\"wordCount\":424,\"commentCount\":0,\"publisher\":{\"@id\":\"https:\\\/\\\/lequotidien.mr\\\/#organization\"},\"image\":{\"@id\":\"https:\\\/\\\/lequotidien.mr\\\/?p=31987&lang=fr#primaryimage\"},\"thumbnailUrl\":\"https:\\\/\\\/lequotidien.mr\\\/wp-content\\\/uploads\\\/2025\\\/10\\\/photo-Medou-_-Alger.jpg\",\"articleSection\":[\"ACTUALIT\u00c9\",\"Culture\"],\"inLanguage\":\"ar\",\"potentialAction\":[{\"@type\":\"CommentAction\",\"name\":\"Comment\",\"target\":[\"https:\\\/\\\/lequotidien.mr\\\/?p=31987&lang=fr#respond\"]}]},{\"@type\":\"WebPage\",\"@id\":\"https:\\\/\\\/lequotidien.mr\\\/?p=31987&lang=fr\",\"url\":\"https:\\\/\\\/lequotidien.mr\\\/?p=31987&lang=fr\",\"name\":\"Salon international du livre d\u2019Alger (SILA 2025) : Renforcement de la coop\u00e9ration culturelle mauritano-alg\u00e9rienne - Le Quotidien de Nouakchott\",\"isPartOf\":{\"@id\":\"https:\\\/\\\/lequotidien.mr\\\/#website\"},\"primaryImageOfPage\":{\"@id\":\"https:\\\/\\\/lequotidien.mr\\\/?p=31987&lang=fr#primaryimage\"},\"image\":{\"@id\":\"https:\\\/\\\/lequotidien.mr\\\/?p=31987&lang=fr#primaryimage\"},\"thumbnailUrl\":\"https:\\\/\\\/lequotidien.mr\\\/wp-content\\\/uploads\\\/2025\\\/10\\\/photo-Medou-_-Alger.jpg\",\"datePublished\":\"2025-10-29T20:43:53+00:00\",\"breadcrumb\":{\"@id\":\"https:\\\/\\\/lequotidien.mr\\\/?p=31987&lang=fr#breadcrumb\"},\"inLanguage\":\"ar\",\"potentialAction\":[{\"@type\":\"ReadAction\",\"target\":[\"https:\\\/\\\/lequotidien.mr\\\/?p=31987&lang=fr\"]}]},{\"@type\":\"ImageObject\",\"inLanguage\":\"ar\",\"@id\":\"https:\\\/\\\/lequotidien.mr\\\/?p=31987&lang=fr#primaryimage\",\"url\":\"https:\\\/\\\/lequotidien.mr\\\/wp-content\\\/uploads\\\/2025\\\/10\\\/photo-Medou-_-Alger.jpg\",\"contentUrl\":\"https:\\\/\\\/lequotidien.mr\\\/wp-content\\\/uploads\\\/2025\\\/10\\\/photo-Medou-_-Alger.jpg\",\"width\":750,\"height\":430},{\"@type\":\"BreadcrumbList\",\"@id\":\"https:\\\/\\\/lequotidien.mr\\\/?p=31987&lang=fr#breadcrumb\",\"itemListElement\":[{\"@type\":\"ListItem\",\"position\":1,\"name\":\"Home\",\"item\":\"https:\\\/\\\/lequotidien.mr\\\/\"},{\"@type\":\"ListItem\",\"position\":2,\"name\":\"Salon international du livre d\u2019Alger (SILA 2025) : Renforcement de la coop\u00e9ration culturelle mauritano-alg\u00e9rienne\"}]},{\"@type\":\"WebSite\",\"@id\":\"https:\\\/\\\/lequotidien.mr\\\/#website\",\"url\":\"https:\\\/\\\/lequotidien.mr\\\/\",\"name\":\"Le Quotidien de Nouakchott\",\"description\":\"\u0625\u062e\u0628\u0627\u0631\u064a\u0629 \u0645\u0633\u062a\u0642\u0644\u0629 \u0644\u0644\u0623\u0646\u0628\u0627\u0621 \u0627\u0644\u0639\u0627\u0645\u0629\",\"publisher\":{\"@id\":\"https:\\\/\\\/lequotidien.mr\\\/#organization\"},\"potentialAction\":[{\"@type\":\"SearchAction\",\"target\":{\"@type\":\"EntryPoint\",\"urlTemplate\":\"https:\\\/\\\/lequotidien.mr\\\/?s={search_term_string}\"},\"query-input\":{\"@type\":\"PropertyValueSpecification\",\"valueRequired\":true,\"valueName\":\"search_term_string\"}}],\"inLanguage\":\"ar\"},{\"@type\":\"Organization\",\"@id\":\"https:\\\/\\\/lequotidien.mr\\\/#organization\",\"name\":\"Le Quotidien de Nouakchott\",\"url\":\"https:\\\/\\\/lequotidien.mr\\\/\",\"logo\":{\"@type\":\"ImageObject\",\"inLanguage\":\"ar\",\"@id\":\"https:\\\/\\\/lequotidien.mr\\\/#\\\/schema\\\/logo\\\/image\\\/\",\"url\":\"https:\\\/\\\/lequotidien.mr\\\/wp-content\\\/uploads\\\/2022\\\/11\\\/logolequotidien.jpg\",\"contentUrl\":\"https:\\\/\\\/lequotidien.mr\\\/wp-content\\\/uploads\\\/2022\\\/11\\\/logolequotidien.jpg\",\"width\":290,\"height\":65,\"caption\":\"Le Quotidien de Nouakchott\"},\"image\":{\"@id\":\"https:\\\/\\\/lequotidien.mr\\\/#\\\/schema\\\/logo\\\/image\\\/\"},\"sameAs\":[\"https:\\\/\\\/web.facebook.com\\\/lequotidienmr\",\"https:\\\/\\\/x.com\\\/lequotidienmr\"]},{\"@type\":\"Person\",\"@id\":\"https:\\\/\\\/lequotidien.mr\\\/#\\\/schema\\\/person\\\/d2d350202a4d599685ed8abc25f97596\",\"name\":\"Med Ahmed\",\"image\":{\"@type\":\"ImageObject\",\"inLanguage\":\"ar\",\"@id\":\"https:\\\/\\\/secure.gravatar.com\\\/avatar\\\/fd2acc62ed50732923d1d39c17172c9b04149f142be92310ecc69e1358f94b52?s=96&d=mm&r=g\",\"url\":\"https:\\\/\\\/secure.gravatar.com\\\/avatar\\\/fd2acc62ed50732923d1d39c17172c9b04149f142be92310ecc69e1358f94b52?s=96&d=mm&r=g\",\"contentUrl\":\"https:\\\/\\\/secure.gravatar.com\\\/avatar\\\/fd2acc62ed50732923d1d39c17172c9b04149f142be92310ecc69e1358f94b52?s=96&d=mm&r=g\",\"caption\":\"Med Ahmed\"},\"url\":\"https:\\\/\\\/lequotidien.mr\\\/?author=12\"}]}<\/script>\n<!-- \/ Yoast SEO plugin. -->","yoast_head_json":{"title":"Salon international du livre d\u2019Alger (SILA 2025) : Renforcement de la coop\u00e9ration culturelle mauritano-alg\u00e9rienne - Le Quotidien de Nouakchott","robots":{"index":"index","follow":"follow","max-snippet":"max-snippet:-1","max-image-preview":"max-image-preview:large","max-video-preview":"max-video-preview:-1"},"canonical":"https:\/\/lequotidien.mr\/?p=31987&lang=fr","og_locale":"ar_AR","og_type":"article","og_title":"Salon international du livre d\u2019Alger (SILA 2025) : Renforcement de la coop\u00e9ration culturelle mauritano-alg\u00e9rienne - Le Quotidien de Nouakchott","og_description":"En marge de sa participation \u00e0 l\u2019ouverture du Salon international du livre d\u2019Alger (SILA 2025), dont la Mauritanie est l\u2019invit\u00e9 d\u2019honneur, le ministre de la Culture, des Arts, de la Communication et des Relations avec le Parlement, porte-parole du gouvernement, M. Houssein Medou, a tenu, mardi \u00e0 Alger, une r\u00e9union de travail avec la ministre.....","og_url":"https:\/\/lequotidien.mr\/?p=31987&lang=fr","og_site_name":"Le Quotidien de Nouakchott","article_publisher":"https:\/\/web.facebook.com\/lequotidienmr","article_published_time":"2025-10-29T20:43:53+00:00","og_image":[{"width":750,"height":430,"url":"https:\/\/lequotidien.mr\/wp-content\/uploads\/2025\/10\/photo-Medou-_-Alger.jpg","type":"image\/jpeg"}],"author":"Med Ahmed","twitter_card":"summary_large_image","twitter_creator":"@lequotidienmr","twitter_site":"@lequotidienmr","twitter_misc":{"\u0643\u064f\u062a\u0628 \u0628\u0648\u0627\u0633\u0637\u0629":"Med Ahmed","\u0648\u0642\u062a \u0627\u0644\u0642\u0631\u0627\u0621\u0629 \u0627\u0644\u0645\u064f\u0642\u062f\u0651\u0631":"3 \u062f\u0642\u0627\u0626\u0642"},"schema":{"@context":"https:\/\/schema.org","@graph":[{"@type":"Article","@id":"https:\/\/lequotidien.mr\/?p=31987&lang=fr#article","isPartOf":{"@id":"https:\/\/lequotidien.mr\/?p=31987&lang=fr"},"author":{"name":"Med Ahmed","@id":"https:\/\/lequotidien.mr\/#\/schema\/person\/d2d350202a4d599685ed8abc25f97596"},"headline":"Salon international du livre d\u2019Alger (SILA 2025) : Renforcement de la coop\u00e9ration culturelle mauritano-alg\u00e9rienne","datePublished":"2025-10-29T20:43:53+00:00","mainEntityOfPage":{"@id":"https:\/\/lequotidien.mr\/?p=31987&lang=fr"},"wordCount":424,"commentCount":0,"publisher":{"@id":"https:\/\/lequotidien.mr\/#organization"},"image":{"@id":"https:\/\/lequotidien.mr\/?p=31987&lang=fr#primaryimage"},"thumbnailUrl":"https:\/\/lequotidien.mr\/wp-content\/uploads\/2025\/10\/photo-Medou-_-Alger.jpg","articleSection":["ACTUALIT\u00c9","Culture"],"inLanguage":"ar","potentialAction":[{"@type":"CommentAction","name":"Comment","target":["https:\/\/lequotidien.mr\/?p=31987&lang=fr#respond"]}]},{"@type":"WebPage","@id":"https:\/\/lequotidien.mr\/?p=31987&lang=fr","url":"https:\/\/lequotidien.mr\/?p=31987&lang=fr","name":"Salon international du livre d\u2019Alger (SILA 2025) : Renforcement de la coop\u00e9ration culturelle mauritano-alg\u00e9rienne - Le Quotidien de Nouakchott","isPartOf":{"@id":"https:\/\/lequotidien.mr\/#website"},"primaryImageOfPage":{"@id":"https:\/\/lequotidien.mr\/?p=31987&lang=fr#primaryimage"},"image":{"@id":"https:\/\/lequotidien.mr\/?p=31987&lang=fr#primaryimage"},"thumbnailUrl":"https:\/\/lequotidien.mr\/wp-content\/uploads\/2025\/10\/photo-Medou-_-Alger.jpg","datePublished":"2025-10-29T20:43:53+00:00","breadcrumb":{"@id":"https:\/\/lequotidien.mr\/?p=31987&lang=fr#breadcrumb"},"inLanguage":"ar","potentialAction":[{"@type":"ReadAction","target":["https:\/\/lequotidien.mr\/?p=31987&lang=fr"]}]},{"@type":"ImageObject","inLanguage":"ar","@id":"https:\/\/lequotidien.mr\/?p=31987&lang=fr#primaryimage","url":"https:\/\/lequotidien.mr\/wp-content\/uploads\/2025\/10\/photo-Medou-_-Alger.jpg","contentUrl":"https:\/\/lequotidien.mr\/wp-content\/uploads\/2025\/10\/photo-Medou-_-Alger.jpg","width":750,"height":430},{"@type":"BreadcrumbList","@id":"https:\/\/lequotidien.mr\/?p=31987&lang=fr#breadcrumb","itemListElement":[{"@type":"ListItem","position":1,"name":"Home","item":"https:\/\/lequotidien.mr\/"},{"@type":"ListItem","position":2,"name":"Salon international du livre d\u2019Alger (SILA 2025) : Renforcement de la coop\u00e9ration culturelle mauritano-alg\u00e9rienne"}]},{"@type":"WebSite","@id":"https:\/\/lequotidien.mr\/#website","url":"https:\/\/lequotidien.mr\/","name":"Le Quotidien de Nouakchott","description":"\u0625\u062e\u0628\u0627\u0631\u064a\u0629 \u0645\u0633\u062a\u0642\u0644\u0629 \u0644\u0644\u0623\u0646\u0628\u0627\u0621 \u0627\u0644\u0639\u0627\u0645\u0629","publisher":{"@id":"https:\/\/lequotidien.mr\/#organization"},"potentialAction":[{"@type":"SearchAction","target":{"@type":"EntryPoint","urlTemplate":"https:\/\/lequotidien.mr\/?s={search_term_string}"},"query-input":{"@type":"PropertyValueSpecification","valueRequired":true,"valueName":"search_term_string"}}],"inLanguage":"ar"},{"@type":"Organization","@id":"https:\/\/lequotidien.mr\/#organization","name":"Le Quotidien de Nouakchott","url":"https:\/\/lequotidien.mr\/","logo":{"@type":"ImageObject","inLanguage":"ar","@id":"https:\/\/lequotidien.mr\/#\/schema\/logo\/image\/","url":"https:\/\/lequotidien.mr\/wp-content\/uploads\/2022\/11\/logolequotidien.jpg","contentUrl":"https:\/\/lequotidien.mr\/wp-content\/uploads\/2022\/11\/logolequotidien.jpg","width":290,"height":65,"caption":"Le Quotidien de Nouakchott"},"image":{"@id":"https:\/\/lequotidien.mr\/#\/schema\/logo\/image\/"},"sameAs":["https:\/\/web.facebook.com\/lequotidienmr","https:\/\/x.com\/lequotidienmr"]},{"@type":"Person","@id":"https:\/\/lequotidien.mr\/#\/schema\/person\/d2d350202a4d599685ed8abc25f97596","name":"Med Ahmed","image":{"@type":"ImageObject","inLanguage":"ar","@id":"https:\/\/secure.gravatar.com\/avatar\/fd2acc62ed50732923d1d39c17172c9b04149f142be92310ecc69e1358f94b52?s=96&d=mm&r=g","url":"https:\/\/secure.gravatar.com\/avatar\/fd2acc62ed50732923d1d39c17172c9b04149f142be92310ecc69e1358f94b52?s=96&d=mm&r=g","contentUrl":"https:\/\/secure.gravatar.com\/avatar\/fd2acc62ed50732923d1d39c17172c9b04149f142be92310ecc69e1358f94b52?s=96&d=mm&r=g","caption":"Med Ahmed"},"url":"https:\/\/lequotidien.mr\/?author=12"}]}},"_links":{"self":[{"href":"https:\/\/lequotidien.mr\/index.php?rest_route=\/wp\/v2\/posts\/31987","targetHints":{"allow":["GET"]}}],"collection":[{"href":"https:\/\/lequotidien.mr\/index.php?rest_route=\/wp\/v2\/posts"}],"about":[{"href":"https:\/\/lequotidien.mr\/index.php?rest_route=\/wp\/v2\/types\/post"}],"author":[{"embeddable":true,"href":"https:\/\/lequotidien.mr\/index.php?rest_route=\/wp\/v2\/users\/12"}],"replies":[{"embeddable":true,"href":"https:\/\/lequotidien.mr\/index.php?rest_route=%2Fwp%2Fv2%2Fcomments&post=31987"}],"version-history":[{"count":1,"href":"https:\/\/lequotidien.mr\/index.php?rest_route=\/wp\/v2\/posts\/31987\/revisions"}],"predecessor-version":[{"id":31989,"href":"https:\/\/lequotidien.mr\/index.php?rest_route=\/wp\/v2\/posts\/31987\/revisions\/31989"}],"wp:featuredmedia":[{"embeddable":true,"href":"https:\/\/lequotidien.mr\/index.php?rest_route=\/wp\/v2\/media\/31988"}],"wp:attachment":[{"href":"https:\/\/lequotidien.mr\/index.php?rest_route=%2Fwp%2Fv2%2Fmedia&parent=31987"}],"wp:term":[{"taxonomy":"category","embeddable":true,"href":"https:\/\/lequotidien.mr\/index.php?rest_route=%2Fwp%2Fv2%2Fcategories&post=31987"},{"taxonomy":"post_tag","embeddable":true,"href":"https:\/\/lequotidien.mr\/index.php?rest_route=%2Fwp%2Fv2%2Ftags&post=31987"}],"curies":[{"name":"wp","href":"https:\/\/api.w.org\/{rel}","templated":true}]}}