{"id":31984,"date":"2025-10-29T20:12:56","date_gmt":"2025-10-29T20:12:56","guid":{"rendered":"https:\/\/lequotidien.mr\/?p=31984"},"modified":"2025-10-29T20:12:56","modified_gmt":"2025-10-29T20:12:56","slug":"journee-de-reflexion-a-akjoujt-rapport-2024-du-comite-national-de-litie-un-engagement-renouvele-pour-la-transparence-et-la-bonne-gouvernance","status":"publish","type":"post","link":"https:\/\/lequotidien.mr\/?p=31984&lang=fr","title":{"rendered":"Journ\u00e9e de r\u00e9flexion \u00e0 Akjoujt : Rapport 2024 du Comit\u00e9 national de l\u2019ITIE, un engagement renouvel\u00e9 pour la transparence et la bonne gouvernance"},"content":{"rendered":"<p>Le <strong>Comit\u00e9 national de l\u2019Initiative pour la Transparence dans les Industries Extractives (ITIE)<\/strong> a organis\u00e9, mercredi \u00e0 Akjoujt, une journ\u00e9e de r\u00e9flexion consacr\u00e9e \u00e0 la pr\u00e9sentation et \u00e0 l\u2019\u00e9tude de son <strong data-start=\"491\" data-end=\"507\">rapport 2024<\/strong>. Ce document dresse un \u00e9tat des lieux complet du secteur extractif en Mauritanie, en mettant en lumi\u00e8re ses impacts \u00e9conomiques, sociaux et environnementaux, ainsi que les avanc\u00e9es r\u00e9alis\u00e9es en mati\u00e8re de transparence et de gouvernance.<\/p>\n<p data-start=\"746\" data-end=\"1036\">Le rapport, fruit d\u2019un travail collaboratif entre le Comit\u00e9, les entreprises du secteur, les organisations de la soci\u00e9t\u00e9 civile et les partenaires techniques, vise \u00e0 renforcer la confiance entre les diff\u00e9rents acteurs et \u00e0 promouvoir une gestion \u00e9quitable des ressources naturelles du pays.<\/p>\n<p>Dans son allocution d\u2019ouverture, le <strong>wali de l\u2019Inchiri, M. Idriss Demba Korera<\/strong>, a rappel\u00e9 l\u2019importance de l\u2019ITIE comme <strong data-start=\"1256\" data-end=\"1320\">outil essentiel pour la transparence et la bonne gouvernance<\/strong>. Il a soulign\u00e9 que cette initiative permet de b\u00e2tir des ponts de confiance entre le gouvernement, les citoyens et les entreprises, en diffusant des informations pr\u00e9cises sur les revenus et paiements du secteur extractif.<\/p>\n<p data-start=\"1543\" data-end=\"2018\"><strong><em>\u00ab L\u2019ITIE contribue \u00e0 la r\u00e9alisation de la justice sociale, \u00e0 la lutte contre la corruption et \u00e0 l\u2019am\u00e9lioration du climat d\u2019investissement \u00bb<\/em><\/strong>, a-t-il d\u00e9clar\u00e9, rappelant que <strong data-start=\"1714\" data-end=\"1767\">la Mauritanie a adh\u00e9r\u00e9 \u00e0 l\u2019initiative depuis 2005<\/strong>. Il a \u00e9galement mis en avant les progr\u00e8s r\u00e9cents accomplis, en coh\u00e9rence avec la vision du <strong>Pr\u00e9sident de la R\u00e9publique, M. Mohamed Cheikh El Ghazouani<\/strong>, ax\u00e9e sur la transparence, la justice et l\u2019\u00e9quit\u00e9 dans la distribution des richesses nationales.<\/p>\n<p data-start=\"2020\" data-end=\"2319\">Le wali a par ailleurs \u00e9voqu\u00e9 la <strong data-start=\"2053\" data-end=\"2086\">reconnaissance internationale<\/strong> obtenue par la Mauritanie : honor\u00e9e lors de la conf\u00e9rence ITIE de Dakar en 2023, elle a obtenu <strong data-start=\"2182\" data-end=\"2203\">81 points sur 100<\/strong> lors de l\u2019\u00e9valuation de 2024, un score jug\u00e9 <em><strong>\u00ab honorable \u00bb<\/strong> <\/em>par le conseil d\u2019administration de l\u2019initiative mondiale.<\/p>\n<p><strong>Des r\u00e9sultats concrets salu\u00e9s par le Comit\u00e9 national<\/strong><\/p>\n<p data-start=\"2388\" data-end=\"2606\">Le <strong>pr\u00e9sident du Comit\u00e9 national et conseiller du Premier ministre, <\/strong><strong data-start=\"2455\" data-end=\"2484\">M. Mohamed Lemine Ahmedou<\/strong>, a mis en avant le caract\u00e8re collectif des succ\u00e8s enregistr\u00e9s par la Mauritanie dans la mise en \u0153uvre de la norme ITIE.<\/p>\n<p data-start=\"2608\" data-end=\"2855\"><strong><em>\u00ab Les progr\u00e8s r\u00e9alis\u00e9s sont le fruit d\u2019un travail int\u00e9gr\u00e9 entre le Comit\u00e9 et les partenaires du secteur, sous l\u2019\u00e9gide d\u2019une volont\u00e9 politique forte de transparence \u00bb<\/em><\/strong>, a-t-il soulign\u00e9, insistant sur la <strong data-start=\"2809\" data-end=\"2854\">tol\u00e9rance z\u00e9ro vis-\u00e0-vis de la corruption<\/strong>.<\/p>\n<p>M. Ahmedou a expliqu\u00e9 que le <strong data-start=\"2886\" data-end=\"2902\">rapport 2024<\/strong> pr\u00e9sente des <strong data-start=\"2916\" data-end=\"2949\">donn\u00e9es fiables et d\u00e9taill\u00e9es<\/strong> sur les paiements effectu\u00e9s par les entreprises extractives, ainsi que sur leur contribution \u00e0 l\u2019\u00e9conomie nationale et au d\u00e9veloppement local. Il revient \u00e9galement sur les <strong data-start=\"3122\" data-end=\"3222\">principales r\u00e9alisations en mati\u00e8re de transparence, de justice et de lutte contre la corruption<\/strong>, tout en proposant des pistes d\u2019am\u00e9lioration pour les ann\u00e9es \u00e0 venir.<\/p>\n<p><strong>Les autorit\u00e9s locales et les partenaires techniques saluent une initiative exemplaire<\/strong><\/p>\n<p data-start=\"3394\" data-end=\"3761\">Le <strong>maire d\u2019Akjoujt, M. Dahi El Mami<\/strong>, a pour sa part salu\u00e9 la tenue de cette journ\u00e9e de r\u00e9flexion, qu\u2019il a qualifi\u00e9e de <em>\u00ab <strong data-start=\"3519\" data-end=\"3583\">preuve de l\u2019importance strat\u00e9gique de la wilaya de<\/strong> <strong>l\u2019Inchiri<\/strong><strong> dans le domaine des industries extractives \u00bb<\/strong><\/em>. Il a remerci\u00e9 les autorit\u00e9s nationales pour leur engagement continu en faveur de la transparence et du d\u00e9veloppement local durable.<\/p>\n<p data-start=\"3763\" data-end=\"4164\">La <strong>repr\u00e9sentante du programme de coop\u00e9ration allemande, <\/strong><strong data-start=\"3819\" data-end=\"3836\">Mme Fanta Sow<\/strong>, a \u00e9galement pris la parole pour f\u00e9liciter le Comit\u00e9 et ses partenaires. Selon elle, la publication du rapport 2024 constitue <strong><em>\u00ab <\/em><\/strong><strong data-start=\"3965\" data-end=\"4040\"><em>une avanc\u00e9e significative au-del\u00e0 de la simple pr\u00e9sentation de chiffres<\/em><\/strong><strong><em> \u00bb<\/em><\/strong>, car elle offre une <strong data-start=\"4063\" data-end=\"4163\">analyse claire des flux financiers et des d\u00e9fis \u00e0 relever pour renforcer la reddition de comptes<\/strong>.<\/p>\n<p>La c\u00e9r\u00e9monie d\u2019ouverture s\u2019est d\u00e9roul\u00e9e en pr\u00e9sence du <strong data-start=\"4277\" data-end=\"4357\">conseiller du wali charg\u00e9 des affaires \u00e9conomiques et du d\u00e9veloppement local<\/strong>, du <strong data-start=\"4362\" data-end=\"4397\">Hakem de la moughataa d\u2019Akjoujt<\/strong>, des <strong data-start=\"4403\" data-end=\"4437\">chefs des services de s\u00e9curit\u00e9<\/strong> de la wilaya, ainsi que des <strong data-start=\"4466\" data-end=\"4522\">repr\u00e9sentants des organisations de la soci\u00e9t\u00e9 civile<\/strong>.<\/p>\n<p data-start=\"4527\" data-end=\"4753\">Tous ont salu\u00e9 cette initiative qui s\u2019inscrit dans une dynamique nationale de transparence, de participation citoyenne et de gestion responsable des ressources naturelles, au service d\u2019un <strong data-start=\"4715\" data-end=\"4752\">d\u00e9veloppement durable et inclusif<\/strong>.<\/p>\n","protected":false},"excerpt":{"rendered":"<p>Le Comit\u00e9 national de l\u2019Initiative pour la Transparence dans les Industries Extractives (ITIE) a organis\u00e9, mercredi \u00e0 Akjoujt, une journ\u00e9e de r\u00e9flexion consacr\u00e9e \u00e0 la pr\u00e9sentation et \u00e0 l\u2019\u00e9tude de son rapport 2024. Ce document dresse un \u00e9tat des lieux complet du secteur extractif en Mauritanie, en mettant en lumi\u00e8re ses impacts \u00e9conomiques, sociaux et&#8230;..<\/p>\n","protected":false},"author":12,"featured_media":31985,"comment_status":"open","ping_status":"open","sticky":false,"template":"","format":"standard","meta":{"footnotes":""},"categories":[23,49],"tags":[],"class_list":["post-31984","post","type-post","status-publish","format-standard","has-post-thumbnail","hentry","category-actualite","category-economie"],"yoast_head":"<!-- This site is optimized with the Yoast SEO plugin v27.5 - https:\/\/yoast.com\/product\/yoast-seo-wordpress\/ -->\n<title>Journ\u00e9e de r\u00e9flexion \u00e0 Akjoujt : Rapport 2024 du Comit\u00e9 national de l\u2019ITIE, un engagement renouvel\u00e9 pour la transparence et la bonne gouvernance - Le Quotidien de Nouakchott<\/title>\n<meta name=\"robots\" content=\"index, follow, max-snippet:-1, max-image-preview:large, max-video-preview:-1\" \/>\n<link rel=\"canonical\" href=\"https:\/\/lequotidien.mr\/?p=31984&lang=fr\" \/>\n<meta property=\"og:locale\" content=\"ar_AR\" \/>\n<meta property=\"og:type\" content=\"article\" \/>\n<meta property=\"og:title\" content=\"Journ\u00e9e de r\u00e9flexion \u00e0 Akjoujt : Rapport 2024 du Comit\u00e9 national de l\u2019ITIE, un engagement renouvel\u00e9 pour la transparence et la bonne gouvernance - Le Quotidien de Nouakchott\" \/>\n<meta property=\"og:description\" content=\"Le Comit\u00e9 national de l\u2019Initiative pour la Transparence dans les Industries Extractives (ITIE) a organis\u00e9, mercredi \u00e0 Akjoujt, une journ\u00e9e de r\u00e9flexion consacr\u00e9e \u00e0 la pr\u00e9sentation et \u00e0 l\u2019\u00e9tude de son rapport 2024. Ce document dresse un \u00e9tat des lieux complet du secteur extractif en Mauritanie, en mettant en lumi\u00e8re ses impacts \u00e9conomiques, sociaux et.....\" \/>\n<meta property=\"og:url\" content=\"https:\/\/lequotidien.mr\/?p=31984&amp;lang=fr\" \/>\n<meta property=\"og:site_name\" content=\"Le Quotidien de Nouakchott\" \/>\n<meta property=\"article:publisher\" content=\"https:\/\/web.facebook.com\/lequotidienmr\" \/>\n<meta property=\"article:published_time\" content=\"2025-10-29T20:12:56+00:00\" \/>\n<meta property=\"og:image\" content=\"https:\/\/lequotidien.mr\/wp-content\/uploads\/2025\/10\/photo-Rapport-ITIE.jpg\" \/>\n\t<meta property=\"og:image:width\" content=\"750\" \/>\n\t<meta property=\"og:image:height\" content=\"395\" \/>\n\t<meta property=\"og:image:type\" content=\"image\/jpeg\" \/>\n<meta name=\"author\" content=\"Med Ahmed\" \/>\n<meta name=\"twitter:card\" content=\"summary_large_image\" \/>\n<meta name=\"twitter:creator\" content=\"@lequotidienmr\" \/>\n<meta name=\"twitter:site\" content=\"@lequotidienmr\" \/>\n<meta name=\"twitter:label1\" content=\"\u0643\u064f\u062a\u0628 \u0628\u0648\u0627\u0633\u0637\u0629\" \/>\n\t<meta name=\"twitter:data1\" content=\"Med Ahmed\" \/>\n\t<meta name=\"twitter:label2\" content=\"\u0648\u0642\u062a \u0627\u0644\u0642\u0631\u0627\u0621\u0629 \u0627\u0644\u0645\u064f\u0642\u062f\u0651\u0631\" \/>\n\t<meta name=\"twitter:data2\" content=\"5 \u062f\u0642\u0627\u0626\u0642\" \/>\n<script type=\"application\/ld+json\" class=\"yoast-schema-graph\">{\"@context\":\"https:\\\/\\\/schema.org\",\"@graph\":[{\"@type\":\"Article\",\"@id\":\"https:\\\/\\\/lequotidien.mr\\\/?p=31984&lang=fr#article\",\"isPartOf\":{\"@id\":\"https:\\\/\\\/lequotidien.mr\\\/?p=31984&lang=fr\"},\"author\":{\"name\":\"Med Ahmed\",\"@id\":\"https:\\\/\\\/lequotidien.mr\\\/#\\\/schema\\\/person\\\/d2d350202a4d599685ed8abc25f97596\"},\"headline\":\"Journ\u00e9e de r\u00e9flexion \u00e0 Akjoujt : Rapport 2024 du Comit\u00e9 national de l\u2019ITIE, un engagement renouvel\u00e9 pour la transparence et la bonne gouvernance\",\"datePublished\":\"2025-10-29T20:12:56+00:00\",\"mainEntityOfPage\":{\"@id\":\"https:\\\/\\\/lequotidien.mr\\\/?p=31984&lang=fr\"},\"wordCount\":740,\"commentCount\":0,\"publisher\":{\"@id\":\"https:\\\/\\\/lequotidien.mr\\\/#organization\"},\"image\":{\"@id\":\"https:\\\/\\\/lequotidien.mr\\\/?p=31984&lang=fr#primaryimage\"},\"thumbnailUrl\":\"https:\\\/\\\/lequotidien.mr\\\/wp-content\\\/uploads\\\/2025\\\/10\\\/photo-Rapport-ITIE.jpg\",\"articleSection\":[\"ACTUALIT\u00c9\",\"Economie\"],\"inLanguage\":\"ar\",\"potentialAction\":[{\"@type\":\"CommentAction\",\"name\":\"Comment\",\"target\":[\"https:\\\/\\\/lequotidien.mr\\\/?p=31984&lang=fr#respond\"]}]},{\"@type\":\"WebPage\",\"@id\":\"https:\\\/\\\/lequotidien.mr\\\/?p=31984&lang=fr\",\"url\":\"https:\\\/\\\/lequotidien.mr\\\/?p=31984&lang=fr\",\"name\":\"Journ\u00e9e de r\u00e9flexion \u00e0 Akjoujt : Rapport 2024 du Comit\u00e9 national de l\u2019ITIE, un engagement renouvel\u00e9 pour la transparence et la bonne gouvernance - Le Quotidien de Nouakchott\",\"isPartOf\":{\"@id\":\"https:\\\/\\\/lequotidien.mr\\\/#website\"},\"primaryImageOfPage\":{\"@id\":\"https:\\\/\\\/lequotidien.mr\\\/?p=31984&lang=fr#primaryimage\"},\"image\":{\"@id\":\"https:\\\/\\\/lequotidien.mr\\\/?p=31984&lang=fr#primaryimage\"},\"thumbnailUrl\":\"https:\\\/\\\/lequotidien.mr\\\/wp-content\\\/uploads\\\/2025\\\/10\\\/photo-Rapport-ITIE.jpg\",\"datePublished\":\"2025-10-29T20:12:56+00:00\",\"breadcrumb\":{\"@id\":\"https:\\\/\\\/lequotidien.mr\\\/?p=31984&lang=fr#breadcrumb\"},\"inLanguage\":\"ar\",\"potentialAction\":[{\"@type\":\"ReadAction\",\"target\":[\"https:\\\/\\\/lequotidien.mr\\\/?p=31984&lang=fr\"]}]},{\"@type\":\"ImageObject\",\"inLanguage\":\"ar\",\"@id\":\"https:\\\/\\\/lequotidien.mr\\\/?p=31984&lang=fr#primaryimage\",\"url\":\"https:\\\/\\\/lequotidien.mr\\\/wp-content\\\/uploads\\\/2025\\\/10\\\/photo-Rapport-ITIE.jpg\",\"contentUrl\":\"https:\\\/\\\/lequotidien.mr\\\/wp-content\\\/uploads\\\/2025\\\/10\\\/photo-Rapport-ITIE.jpg\",\"width\":750,\"height\":395},{\"@type\":\"BreadcrumbList\",\"@id\":\"https:\\\/\\\/lequotidien.mr\\\/?p=31984&lang=fr#breadcrumb\",\"itemListElement\":[{\"@type\":\"ListItem\",\"position\":1,\"name\":\"Home\",\"item\":\"https:\\\/\\\/lequotidien.mr\\\/\"},{\"@type\":\"ListItem\",\"position\":2,\"name\":\"Journ\u00e9e de r\u00e9flexion \u00e0 Akjoujt : Rapport 2024 du Comit\u00e9 national de l\u2019ITIE, un engagement renouvel\u00e9 pour la transparence et la bonne gouvernance\"}]},{\"@type\":\"WebSite\",\"@id\":\"https:\\\/\\\/lequotidien.mr\\\/#website\",\"url\":\"https:\\\/\\\/lequotidien.mr\\\/\",\"name\":\"Le Quotidien de Nouakchott\",\"description\":\"\u0625\u062e\u0628\u0627\u0631\u064a\u0629 \u0645\u0633\u062a\u0642\u0644\u0629 \u0644\u0644\u0623\u0646\u0628\u0627\u0621 \u0627\u0644\u0639\u0627\u0645\u0629\",\"publisher\":{\"@id\":\"https:\\\/\\\/lequotidien.mr\\\/#organization\"},\"potentialAction\":[{\"@type\":\"SearchAction\",\"target\":{\"@type\":\"EntryPoint\",\"urlTemplate\":\"https:\\\/\\\/lequotidien.mr\\\/?s={search_term_string}\"},\"query-input\":{\"@type\":\"PropertyValueSpecification\",\"valueRequired\":true,\"valueName\":\"search_term_string\"}}],\"inLanguage\":\"ar\"},{\"@type\":\"Organization\",\"@id\":\"https:\\\/\\\/lequotidien.mr\\\/#organization\",\"name\":\"Le Quotidien de Nouakchott\",\"url\":\"https:\\\/\\\/lequotidien.mr\\\/\",\"logo\":{\"@type\":\"ImageObject\",\"inLanguage\":\"ar\",\"@id\":\"https:\\\/\\\/lequotidien.mr\\\/#\\\/schema\\\/logo\\\/image\\\/\",\"url\":\"https:\\\/\\\/lequotidien.mr\\\/wp-content\\\/uploads\\\/2022\\\/11\\\/logolequotidien.jpg\",\"contentUrl\":\"https:\\\/\\\/lequotidien.mr\\\/wp-content\\\/uploads\\\/2022\\\/11\\\/logolequotidien.jpg\",\"width\":290,\"height\":65,\"caption\":\"Le Quotidien de Nouakchott\"},\"image\":{\"@id\":\"https:\\\/\\\/lequotidien.mr\\\/#\\\/schema\\\/logo\\\/image\\\/\"},\"sameAs\":[\"https:\\\/\\\/web.facebook.com\\\/lequotidienmr\",\"https:\\\/\\\/x.com\\\/lequotidienmr\"]},{\"@type\":\"Person\",\"@id\":\"https:\\\/\\\/lequotidien.mr\\\/#\\\/schema\\\/person\\\/d2d350202a4d599685ed8abc25f97596\",\"name\":\"Med Ahmed\",\"image\":{\"@type\":\"ImageObject\",\"inLanguage\":\"ar\",\"@id\":\"https:\\\/\\\/secure.gravatar.com\\\/avatar\\\/fd2acc62ed50732923d1d39c17172c9b04149f142be92310ecc69e1358f94b52?s=96&d=mm&r=g\",\"url\":\"https:\\\/\\\/secure.gravatar.com\\\/avatar\\\/fd2acc62ed50732923d1d39c17172c9b04149f142be92310ecc69e1358f94b52?s=96&d=mm&r=g\",\"contentUrl\":\"https:\\\/\\\/secure.gravatar.com\\\/avatar\\\/fd2acc62ed50732923d1d39c17172c9b04149f142be92310ecc69e1358f94b52?s=96&d=mm&r=g\",\"caption\":\"Med Ahmed\"},\"url\":\"https:\\\/\\\/lequotidien.mr\\\/?author=12\"}]}<\/script>\n<!-- \/ Yoast SEO plugin. -->","yoast_head_json":{"title":"Journ\u00e9e de r\u00e9flexion \u00e0 Akjoujt : Rapport 2024 du Comit\u00e9 national de l\u2019ITIE, un engagement renouvel\u00e9 pour la transparence et la bonne gouvernance - Le Quotidien de Nouakchott","robots":{"index":"index","follow":"follow","max-snippet":"max-snippet:-1","max-image-preview":"max-image-preview:large","max-video-preview":"max-video-preview:-1"},"canonical":"https:\/\/lequotidien.mr\/?p=31984&lang=fr","og_locale":"ar_AR","og_type":"article","og_title":"Journ\u00e9e de r\u00e9flexion \u00e0 Akjoujt : Rapport 2024 du Comit\u00e9 national de l\u2019ITIE, un engagement renouvel\u00e9 pour la transparence et la bonne gouvernance - Le Quotidien de Nouakchott","og_description":"Le Comit\u00e9 national de l\u2019Initiative pour la Transparence dans les Industries Extractives (ITIE) a organis\u00e9, mercredi \u00e0 Akjoujt, une journ\u00e9e de r\u00e9flexion consacr\u00e9e \u00e0 la pr\u00e9sentation et \u00e0 l\u2019\u00e9tude de son rapport 2024. Ce document dresse un \u00e9tat des lieux complet du secteur extractif en Mauritanie, en mettant en lumi\u00e8re ses impacts \u00e9conomiques, sociaux et.....","og_url":"https:\/\/lequotidien.mr\/?p=31984&lang=fr","og_site_name":"Le Quotidien de Nouakchott","article_publisher":"https:\/\/web.facebook.com\/lequotidienmr","article_published_time":"2025-10-29T20:12:56+00:00","og_image":[{"width":750,"height":395,"url":"https:\/\/lequotidien.mr\/wp-content\/uploads\/2025\/10\/photo-Rapport-ITIE.jpg","type":"image\/jpeg"}],"author":"Med Ahmed","twitter_card":"summary_large_image","twitter_creator":"@lequotidienmr","twitter_site":"@lequotidienmr","twitter_misc":{"\u0643\u064f\u062a\u0628 \u0628\u0648\u0627\u0633\u0637\u0629":"Med Ahmed","\u0648\u0642\u062a \u0627\u0644\u0642\u0631\u0627\u0621\u0629 \u0627\u0644\u0645\u064f\u0642\u062f\u0651\u0631":"5 \u062f\u0642\u0627\u0626\u0642"},"schema":{"@context":"https:\/\/schema.org","@graph":[{"@type":"Article","@id":"https:\/\/lequotidien.mr\/?p=31984&lang=fr#article","isPartOf":{"@id":"https:\/\/lequotidien.mr\/?p=31984&lang=fr"},"author":{"name":"Med Ahmed","@id":"https:\/\/lequotidien.mr\/#\/schema\/person\/d2d350202a4d599685ed8abc25f97596"},"headline":"Journ\u00e9e de r\u00e9flexion \u00e0 Akjoujt : Rapport 2024 du Comit\u00e9 national de l\u2019ITIE, un engagement renouvel\u00e9 pour la transparence et la bonne gouvernance","datePublished":"2025-10-29T20:12:56+00:00","mainEntityOfPage":{"@id":"https:\/\/lequotidien.mr\/?p=31984&lang=fr"},"wordCount":740,"commentCount":0,"publisher":{"@id":"https:\/\/lequotidien.mr\/#organization"},"image":{"@id":"https:\/\/lequotidien.mr\/?p=31984&lang=fr#primaryimage"},"thumbnailUrl":"https:\/\/lequotidien.mr\/wp-content\/uploads\/2025\/10\/photo-Rapport-ITIE.jpg","articleSection":["ACTUALIT\u00c9","Economie"],"inLanguage":"ar","potentialAction":[{"@type":"CommentAction","name":"Comment","target":["https:\/\/lequotidien.mr\/?p=31984&lang=fr#respond"]}]},{"@type":"WebPage","@id":"https:\/\/lequotidien.mr\/?p=31984&lang=fr","url":"https:\/\/lequotidien.mr\/?p=31984&lang=fr","name":"Journ\u00e9e de r\u00e9flexion \u00e0 Akjoujt : Rapport 2024 du Comit\u00e9 national de l\u2019ITIE, un engagement renouvel\u00e9 pour la transparence et la bonne gouvernance - Le Quotidien de Nouakchott","isPartOf":{"@id":"https:\/\/lequotidien.mr\/#website"},"primaryImageOfPage":{"@id":"https:\/\/lequotidien.mr\/?p=31984&lang=fr#primaryimage"},"image":{"@id":"https:\/\/lequotidien.mr\/?p=31984&lang=fr#primaryimage"},"thumbnailUrl":"https:\/\/lequotidien.mr\/wp-content\/uploads\/2025\/10\/photo-Rapport-ITIE.jpg","datePublished":"2025-10-29T20:12:56+00:00","breadcrumb":{"@id":"https:\/\/lequotidien.mr\/?p=31984&lang=fr#breadcrumb"},"inLanguage":"ar","potentialAction":[{"@type":"ReadAction","target":["https:\/\/lequotidien.mr\/?p=31984&lang=fr"]}]},{"@type":"ImageObject","inLanguage":"ar","@id":"https:\/\/lequotidien.mr\/?p=31984&lang=fr#primaryimage","url":"https:\/\/lequotidien.mr\/wp-content\/uploads\/2025\/10\/photo-Rapport-ITIE.jpg","contentUrl":"https:\/\/lequotidien.mr\/wp-content\/uploads\/2025\/10\/photo-Rapport-ITIE.jpg","width":750,"height":395},{"@type":"BreadcrumbList","@id":"https:\/\/lequotidien.mr\/?p=31984&lang=fr#breadcrumb","itemListElement":[{"@type":"ListItem","position":1,"name":"Home","item":"https:\/\/lequotidien.mr\/"},{"@type":"ListItem","position":2,"name":"Journ\u00e9e de r\u00e9flexion \u00e0 Akjoujt : Rapport 2024 du Comit\u00e9 national de l\u2019ITIE, un engagement renouvel\u00e9 pour la transparence et la bonne gouvernance"}]},{"@type":"WebSite","@id":"https:\/\/lequotidien.mr\/#website","url":"https:\/\/lequotidien.mr\/","name":"Le Quotidien de Nouakchott","description":"\u0625\u062e\u0628\u0627\u0631\u064a\u0629 \u0645\u0633\u062a\u0642\u0644\u0629 \u0644\u0644\u0623\u0646\u0628\u0627\u0621 \u0627\u0644\u0639\u0627\u0645\u0629","publisher":{"@id":"https:\/\/lequotidien.mr\/#organization"},"potentialAction":[{"@type":"SearchAction","target":{"@type":"EntryPoint","urlTemplate":"https:\/\/lequotidien.mr\/?s={search_term_string}"},"query-input":{"@type":"PropertyValueSpecification","valueRequired":true,"valueName":"search_term_string"}}],"inLanguage":"ar"},{"@type":"Organization","@id":"https:\/\/lequotidien.mr\/#organization","name":"Le Quotidien de Nouakchott","url":"https:\/\/lequotidien.mr\/","logo":{"@type":"ImageObject","inLanguage":"ar","@id":"https:\/\/lequotidien.mr\/#\/schema\/logo\/image\/","url":"https:\/\/lequotidien.mr\/wp-content\/uploads\/2022\/11\/logolequotidien.jpg","contentUrl":"https:\/\/lequotidien.mr\/wp-content\/uploads\/2022\/11\/logolequotidien.jpg","width":290,"height":65,"caption":"Le Quotidien de Nouakchott"},"image":{"@id":"https:\/\/lequotidien.mr\/#\/schema\/logo\/image\/"},"sameAs":["https:\/\/web.facebook.com\/lequotidienmr","https:\/\/x.com\/lequotidienmr"]},{"@type":"Person","@id":"https:\/\/lequotidien.mr\/#\/schema\/person\/d2d350202a4d599685ed8abc25f97596","name":"Med Ahmed","image":{"@type":"ImageObject","inLanguage":"ar","@id":"https:\/\/secure.gravatar.com\/avatar\/fd2acc62ed50732923d1d39c17172c9b04149f142be92310ecc69e1358f94b52?s=96&d=mm&r=g","url":"https:\/\/secure.gravatar.com\/avatar\/fd2acc62ed50732923d1d39c17172c9b04149f142be92310ecc69e1358f94b52?s=96&d=mm&r=g","contentUrl":"https:\/\/secure.gravatar.com\/avatar\/fd2acc62ed50732923d1d39c17172c9b04149f142be92310ecc69e1358f94b52?s=96&d=mm&r=g","caption":"Med Ahmed"},"url":"https:\/\/lequotidien.mr\/?author=12"}]}},"_links":{"self":[{"href":"https:\/\/lequotidien.mr\/index.php?rest_route=\/wp\/v2\/posts\/31984","targetHints":{"allow":["GET"]}}],"collection":[{"href":"https:\/\/lequotidien.mr\/index.php?rest_route=\/wp\/v2\/posts"}],"about":[{"href":"https:\/\/lequotidien.mr\/index.php?rest_route=\/wp\/v2\/types\/post"}],"author":[{"embeddable":true,"href":"https:\/\/lequotidien.mr\/index.php?rest_route=\/wp\/v2\/users\/12"}],"replies":[{"embeddable":true,"href":"https:\/\/lequotidien.mr\/index.php?rest_route=%2Fwp%2Fv2%2Fcomments&post=31984"}],"version-history":[{"count":1,"href":"https:\/\/lequotidien.mr\/index.php?rest_route=\/wp\/v2\/posts\/31984\/revisions"}],"predecessor-version":[{"id":31986,"href":"https:\/\/lequotidien.mr\/index.php?rest_route=\/wp\/v2\/posts\/31984\/revisions\/31986"}],"wp:featuredmedia":[{"embeddable":true,"href":"https:\/\/lequotidien.mr\/index.php?rest_route=\/wp\/v2\/media\/31985"}],"wp:attachment":[{"href":"https:\/\/lequotidien.mr\/index.php?rest_route=%2Fwp%2Fv2%2Fmedia&parent=31984"}],"wp:term":[{"taxonomy":"category","embeddable":true,"href":"https:\/\/lequotidien.mr\/index.php?rest_route=%2Fwp%2Fv2%2Fcategories&post=31984"},{"taxonomy":"post_tag","embeddable":true,"href":"https:\/\/lequotidien.mr\/index.php?rest_route=%2Fwp%2Fv2%2Ftags&post=31984"}],"curies":[{"name":"wp","href":"https:\/\/api.w.org\/{rel}","templated":true}]}}