{"id":31969,"date":"2025-10-29T16:56:32","date_gmt":"2025-10-29T16:56:32","guid":{"rendered":"https:\/\/lequotidien.mr\/?p=31969"},"modified":"2025-10-29T17:02:27","modified_gmt":"2025-10-29T17:02:27","slug":"air-france-renforce-sa-presence-en-mauritanie-et-annonce-larrivee-de-lairbus-a350-sur-la-ligne-nouakchott-paris","status":"publish","type":"post","link":"https:\/\/lequotidien.mr\/?p=31969&lang=fr","title":{"rendered":"Air France renforce sa pr\u00e9sence en Mauritanie et annonce l\u2019arriv\u00e9e de l\u2019Airbus A350 sur la ligne Nouakchott\u2013Paris"},"content":{"rendered":"<h3><strong>Air France renforce sa pr\u00e9sence en Mauritanie et annonce l\u2019arriv\u00e9e de l\u2019Airbus A350 sur la ligne Nouakchott\u2013Paris<\/strong><\/h3>\n<p><strong>\u00a0<\/strong>\u00a0Dans le cadre du renforcement des liens historiques entre Air France et la Mauritanie, la Directrice G\u00e9n\u00e9rale du groupe pour la d\u00e9l\u00e9gation Afrique du Nord, Sahel et C\u00f4te Ouest, <strong>Mme Nadia Azal\u00e9<\/strong>, a effectu\u00e9 une visite officielle \u00e0 Nouakchott les <strong>20 et 21 octobre 2025<\/strong>, accompagn\u00e9e de <strong>Mme Antoinette Zullo<\/strong>, D\u00e9l\u00e9gu\u00e9e locale Mauritanie\u2013S\u00e9n\u00e9gal.<\/p>\n<p>Pr\u00e9sente depuis plusieurs d\u00e9cennies en Mauritanie, <strong>Air France<\/strong> demeure un acteur majeur de la connectivit\u00e9 a\u00e9rienne du pays. Cette visite de haut niveau s\u2019inscrit dans une volont\u00e9 commune de <strong>consolider la coop\u00e9ration<\/strong> entre la compagnie fran\u00e7aise et ses partenaires institutionnels et \u00e9conomiques.<\/p>\n<h3><strong>Renforcement des relations et rencontres strat\u00e9giques<\/strong><\/h3>\n<p>Durant leur s\u00e9jour, Mme Azal\u00e9 et Mme Zullo ont rencontr\u00e9 les <strong>principaux partenaires locaux<\/strong> d\u2019Air France, notamment <strong>GSA Prestair<\/strong>, ainsi que <strong>l\u2019Ambassadeur de France<\/strong> en Mauritanie. Ces \u00e9changes ont permis de <strong>r\u00e9affirmer l\u2019engagement de la compagnie<\/strong> \u00e0 soutenir la mobilit\u00e9 des voyageurs mauritaniens et \u00e0 renforcer le r\u00f4le de Nouakchott comme point d\u2019ancrage du r\u00e9seau d\u2019Air France en Afrique de l\u2019Ouest.<\/p>\n<p>\u00ab Cette visite en Mauritanie t\u00e9moigne de la relation solide et dynamique qui unit Air France \u00e0 ses partenaires locaux. L\u2019arriv\u00e9e de l\u2019Airbus A350 et le renforcement de notre programme de vols traduisent notre volont\u00e9 d\u2019offrir \u00e0 nos clients mauritaniens toujours plus de confort, de choix et d\u2019innovation \u00bb, a d\u00e9clar\u00e9 <strong>Mme Nadia Azal\u00e9<\/strong>. Elle a \u00e9galement salu\u00e9 <strong>l\u2019engagement d\u2019Antoinette Zullo<\/strong>, d\u00e9l\u00e9gu\u00e9e locale, \u00ab au service de la client\u00e8le en Mauritanie et au S\u00e9n\u00e9gal \u00bb.<\/p>\n<h3><strong>Un programme de vols \u00e9largi et une flotte modernis\u00e9e<\/strong><\/h3>\n<p>\u00c0 l\u2019occasion de cette visite, Air France a annonc\u00e9 une <strong>augmentation de 30 % des capacit\u00e9s<\/strong> sur la ligne <strong>Nouakchott\u2013Paris<\/strong> pour la saison hivernale 2025\u20132026. La compagnie proposera d\u00e9sormais <strong>quatre vols hebdomadaires<\/strong> op\u00e9r\u00e9s en <strong>Airbus A350<\/strong>, un appareil de derni\u00e8re g\u00e9n\u00e9ration qui combine confort, efficacit\u00e9 \u00e9nerg\u00e9tique et performance environnementale.<\/p>\n<p>Les passagers b\u00e9n\u00e9ficieront de <strong>cabines plus spacieuses<\/strong>, d\u2019un <strong>niveau sonore r\u00e9duit<\/strong>, d\u2019un <strong>Wi-Fi gratuit \u00e0 bord<\/strong> et d\u2019un service am\u00e9lior\u00e9 dans toutes les classes de voyage.<\/p>\n<h3><strong>L\u2019innovation au c\u0153ur de la strat\u00e9gie Air France<\/strong><\/h3>\n<p>Cette annonce s\u2019inscrit dans la strat\u00e9gie d\u2019innovation de la compagnie, qui d\u00e9ploie progressivement le <strong>Wi-Fi gratuit et haut d\u00e9bit<\/strong> sur l\u2019ensemble de sa flotte. Air France devient ainsi <strong>la premi\u00e8re grande compagnie europ\u00e9enne<\/strong> \u00e0 offrir cette connectivit\u00e9 d\u00e8s 2025.<br \/>\nD\u2019ici la fin de l\u2019ann\u00e9e, <strong>30 % des avions<\/strong> seront \u00e9quip\u00e9s, avec un <strong>objectif de couverture totale d\u2019ici 2026<\/strong>.<\/p>\n<h3><strong>Une relation durable avec la Mauritanie<\/strong><\/h3>\n<p>Pr\u00e9sente \u00e0 Nouakchott depuis plusieurs ann\u00e9es, Air France a accompagn\u00e9 le d\u00e9veloppement du transport a\u00e9rien mauritanien et le d\u00e9senclavement du territoire. L\u2019arriv\u00e9e de l\u2019Airbus A350 symbolise une <strong>nouvelle \u00e9tape de cette coop\u00e9ration<\/strong>, orient\u00e9e vers la <strong>modernit\u00e9, la durabilit\u00e9 et le service client<\/strong><strong>.<\/strong><\/p>\n<p>Avec ce renforcement de son offre et la consolidation de ses partenariats locaux, Air France confirme sa volont\u00e9 d\u2019\u00eatre <strong>un acteur cl\u00e9 de la connectivit\u00e9 et du rayonnement international de la Mauritanie<\/strong><strong>.<\/strong><\/p>\n<p>&nbsp;<\/p>\n<p>&nbsp;<\/p>\n","protected":false},"excerpt":{"rendered":"<p>Air France renforce sa pr\u00e9sence en Mauritanie et annonce l\u2019arriv\u00e9e de l\u2019Airbus A350 sur la ligne Nouakchott\u2013Paris \u00a0\u00a0Dans le cadre du renforcement des liens historiques entre Air France et la Mauritanie, la Directrice G\u00e9n\u00e9rale du groupe pour la d\u00e9l\u00e9gation Afrique du Nord, Sahel et C\u00f4te Ouest, Mme Nadia Azal\u00e9, a effectu\u00e9 une visite officielle \u00e0&#8230;..<\/p>\n","protected":false},"author":4,"featured_media":31972,"comment_status":"open","ping_status":"open","sticky":false,"template":"","format":"standard","meta":{"footnotes":""},"categories":[23,49,57],"tags":[],"class_list":["post-31969","post","type-post","status-publish","format-standard","has-post-thumbnail","hentry","category-actualite","category-economie","category-couverture-specilale"],"yoast_head":"<!-- This site is optimized with the Yoast SEO plugin v27.5 - https:\/\/yoast.com\/product\/yoast-seo-wordpress\/ -->\n<title>Air France renforce sa pr\u00e9sence en Mauritanie et annonce l\u2019arriv\u00e9e de l\u2019Airbus A350 sur la ligne Nouakchott\u2013Paris - Le Quotidien de Nouakchott<\/title>\n<meta name=\"robots\" content=\"index, follow, max-snippet:-1, max-image-preview:large, max-video-preview:-1\" \/>\n<link rel=\"canonical\" href=\"https:\/\/lequotidien.mr\/?p=31969&lang=fr\" \/>\n<meta property=\"og:locale\" content=\"ar_AR\" \/>\n<meta property=\"og:type\" content=\"article\" \/>\n<meta property=\"og:title\" content=\"Air France renforce sa pr\u00e9sence en Mauritanie et annonce l\u2019arriv\u00e9e de l\u2019Airbus A350 sur la ligne Nouakchott\u2013Paris - Le Quotidien de Nouakchott\" \/>\n<meta property=\"og:description\" content=\"Air France renforce sa pr\u00e9sence en Mauritanie et annonce l\u2019arriv\u00e9e de l\u2019Airbus A350 sur la ligne Nouakchott\u2013Paris \u00a0\u00a0Dans le cadre du renforcement des liens historiques entre Air France et la Mauritanie, la Directrice G\u00e9n\u00e9rale du groupe pour la d\u00e9l\u00e9gation Afrique du Nord, Sahel et C\u00f4te Ouest, Mme Nadia Azal\u00e9, a effectu\u00e9 une visite officielle \u00e0.....\" \/>\n<meta property=\"og:url\" content=\"https:\/\/lequotidien.mr\/?p=31969&amp;lang=fr\" \/>\n<meta property=\"og:site_name\" content=\"Le Quotidien de Nouakchott\" \/>\n<meta property=\"article:publisher\" content=\"https:\/\/web.facebook.com\/lequotidienmr\" \/>\n<meta property=\"article:published_time\" content=\"2025-10-29T16:56:32+00:00\" \/>\n<meta property=\"article:modified_time\" content=\"2025-10-29T17:02:27+00:00\" \/>\n<meta property=\"og:image\" content=\"https:\/\/lequotidien.mr\/wp-content\/uploads\/2025\/10\/Sans-titre.png\" \/>\n\t<meta property=\"og:image:width\" content=\"441\" \/>\n\t<meta property=\"og:image:height\" content=\"363\" \/>\n\t<meta property=\"og:image:type\" content=\"image\/png\" \/>\n<meta name=\"author\" content=\"Le Quotidien\" \/>\n<meta name=\"twitter:card\" content=\"summary_large_image\" \/>\n<meta name=\"twitter:creator\" content=\"@lequotidienmr\" \/>\n<meta name=\"twitter:site\" content=\"@lequotidienmr\" \/>\n<meta name=\"twitter:label1\" content=\"\u0643\u064f\u062a\u0628 \u0628\u0648\u0627\u0633\u0637\u0629\" \/>\n\t<meta name=\"twitter:data1\" content=\"Le Quotidien\" \/>\n\t<meta name=\"twitter:label2\" content=\"\u0648\u0642\u062a \u0627\u0644\u0642\u0631\u0627\u0621\u0629 \u0627\u0644\u0645\u064f\u0642\u062f\u0651\u0631\" \/>\n\t<meta name=\"twitter:data2\" content=\"4 \u062f\u0642\u0627\u0626\u0642\" \/>\n<script type=\"application\/ld+json\" class=\"yoast-schema-graph\">{\"@context\":\"https:\\\/\\\/schema.org\",\"@graph\":[{\"@type\":\"Article\",\"@id\":\"https:\\\/\\\/lequotidien.mr\\\/?p=31969&lang=fr#article\",\"isPartOf\":{\"@id\":\"https:\\\/\\\/lequotidien.mr\\\/?p=31969&lang=fr\"},\"author\":{\"name\":\"Le Quotidien\",\"@id\":\"https:\\\/\\\/lequotidien.mr\\\/#\\\/schema\\\/person\\\/f90fcdaa970c60288de4ed2e64a56472\"},\"headline\":\"Air France renforce sa pr\u00e9sence en Mauritanie et annonce l\u2019arriv\u00e9e de l\u2019Airbus A350 sur la ligne Nouakchott\u2013Paris\",\"datePublished\":\"2025-10-29T16:56:32+00:00\",\"dateModified\":\"2025-10-29T17:02:27+00:00\",\"mainEntityOfPage\":{\"@id\":\"https:\\\/\\\/lequotidien.mr\\\/?p=31969&lang=fr\"},\"wordCount\":580,\"commentCount\":0,\"publisher\":{\"@id\":\"https:\\\/\\\/lequotidien.mr\\\/#organization\"},\"image\":{\"@id\":\"https:\\\/\\\/lequotidien.mr\\\/?p=31969&lang=fr#primaryimage\"},\"thumbnailUrl\":\"https:\\\/\\\/lequotidien.mr\\\/wp-content\\\/uploads\\\/2025\\\/10\\\/Sans-titre.png\",\"articleSection\":[\"ACTUALIT\u00c9\",\"Economie\",\"Couverture sp\u00e9cilale\"],\"inLanguage\":\"ar\",\"potentialAction\":[{\"@type\":\"CommentAction\",\"name\":\"Comment\",\"target\":[\"https:\\\/\\\/lequotidien.mr\\\/?p=31969&lang=fr#respond\"]}]},{\"@type\":\"WebPage\",\"@id\":\"https:\\\/\\\/lequotidien.mr\\\/?p=31969&lang=fr\",\"url\":\"https:\\\/\\\/lequotidien.mr\\\/?p=31969&lang=fr\",\"name\":\"Air France renforce sa pr\u00e9sence en Mauritanie et annonce l\u2019arriv\u00e9e de l\u2019Airbus A350 sur la ligne Nouakchott\u2013Paris - Le Quotidien de Nouakchott\",\"isPartOf\":{\"@id\":\"https:\\\/\\\/lequotidien.mr\\\/#website\"},\"primaryImageOfPage\":{\"@id\":\"https:\\\/\\\/lequotidien.mr\\\/?p=31969&lang=fr#primaryimage\"},\"image\":{\"@id\":\"https:\\\/\\\/lequotidien.mr\\\/?p=31969&lang=fr#primaryimage\"},\"thumbnailUrl\":\"https:\\\/\\\/lequotidien.mr\\\/wp-content\\\/uploads\\\/2025\\\/10\\\/Sans-titre.png\",\"datePublished\":\"2025-10-29T16:56:32+00:00\",\"dateModified\":\"2025-10-29T17:02:27+00:00\",\"breadcrumb\":{\"@id\":\"https:\\\/\\\/lequotidien.mr\\\/?p=31969&lang=fr#breadcrumb\"},\"inLanguage\":\"ar\",\"potentialAction\":[{\"@type\":\"ReadAction\",\"target\":[\"https:\\\/\\\/lequotidien.mr\\\/?p=31969&lang=fr\"]}]},{\"@type\":\"ImageObject\",\"inLanguage\":\"ar\",\"@id\":\"https:\\\/\\\/lequotidien.mr\\\/?p=31969&lang=fr#primaryimage\",\"url\":\"https:\\\/\\\/lequotidien.mr\\\/wp-content\\\/uploads\\\/2025\\\/10\\\/Sans-titre.png\",\"contentUrl\":\"https:\\\/\\\/lequotidien.mr\\\/wp-content\\\/uploads\\\/2025\\\/10\\\/Sans-titre.png\",\"width\":441,\"height\":363},{\"@type\":\"BreadcrumbList\",\"@id\":\"https:\\\/\\\/lequotidien.mr\\\/?p=31969&lang=fr#breadcrumb\",\"itemListElement\":[{\"@type\":\"ListItem\",\"position\":1,\"name\":\"Home\",\"item\":\"https:\\\/\\\/lequotidien.mr\\\/\"},{\"@type\":\"ListItem\",\"position\":2,\"name\":\"Air France renforce sa pr\u00e9sence en Mauritanie et annonce l\u2019arriv\u00e9e de l\u2019Airbus A350 sur la ligne Nouakchott\u2013Paris\"}]},{\"@type\":\"WebSite\",\"@id\":\"https:\\\/\\\/lequotidien.mr\\\/#website\",\"url\":\"https:\\\/\\\/lequotidien.mr\\\/\",\"name\":\"Le Quotidien de Nouakchott\",\"description\":\"\u0625\u062e\u0628\u0627\u0631\u064a\u0629 \u0645\u0633\u062a\u0642\u0644\u0629 \u0644\u0644\u0623\u0646\u0628\u0627\u0621 \u0627\u0644\u0639\u0627\u0645\u0629\",\"publisher\":{\"@id\":\"https:\\\/\\\/lequotidien.mr\\\/#organization\"},\"potentialAction\":[{\"@type\":\"SearchAction\",\"target\":{\"@type\":\"EntryPoint\",\"urlTemplate\":\"https:\\\/\\\/lequotidien.mr\\\/?s={search_term_string}\"},\"query-input\":{\"@type\":\"PropertyValueSpecification\",\"valueRequired\":true,\"valueName\":\"search_term_string\"}}],\"inLanguage\":\"ar\"},{\"@type\":\"Organization\",\"@id\":\"https:\\\/\\\/lequotidien.mr\\\/#organization\",\"name\":\"Le Quotidien de Nouakchott\",\"url\":\"https:\\\/\\\/lequotidien.mr\\\/\",\"logo\":{\"@type\":\"ImageObject\",\"inLanguage\":\"ar\",\"@id\":\"https:\\\/\\\/lequotidien.mr\\\/#\\\/schema\\\/logo\\\/image\\\/\",\"url\":\"https:\\\/\\\/lequotidien.mr\\\/wp-content\\\/uploads\\\/2022\\\/11\\\/logolequotidien.jpg\",\"contentUrl\":\"https:\\\/\\\/lequotidien.mr\\\/wp-content\\\/uploads\\\/2022\\\/11\\\/logolequotidien.jpg\",\"width\":290,\"height\":65,\"caption\":\"Le Quotidien de Nouakchott\"},\"image\":{\"@id\":\"https:\\\/\\\/lequotidien.mr\\\/#\\\/schema\\\/logo\\\/image\\\/\"},\"sameAs\":[\"https:\\\/\\\/web.facebook.com\\\/lequotidienmr\",\"https:\\\/\\\/x.com\\\/lequotidienmr\"]},{\"@type\":\"Person\",\"@id\":\"https:\\\/\\\/lequotidien.mr\\\/#\\\/schema\\\/person\\\/f90fcdaa970c60288de4ed2e64a56472\",\"name\":\"Le Quotidien\",\"image\":{\"@type\":\"ImageObject\",\"inLanguage\":\"ar\",\"@id\":\"https:\\\/\\\/secure.gravatar.com\\\/avatar\\\/374cb39a1a458a912465a93e5a3ce6546886fc3da809a1f10c63e4e8fcbca30f?s=96&d=mm&r=g\",\"url\":\"https:\\\/\\\/secure.gravatar.com\\\/avatar\\\/374cb39a1a458a912465a93e5a3ce6546886fc3da809a1f10c63e4e8fcbca30f?s=96&d=mm&r=g\",\"contentUrl\":\"https:\\\/\\\/secure.gravatar.com\\\/avatar\\\/374cb39a1a458a912465a93e5a3ce6546886fc3da809a1f10c63e4e8fcbca30f?s=96&d=mm&r=g\",\"caption\":\"Le Quotidien\"},\"sameAs\":[\"https:\\\/\\\/lequotidien.mr\\\/\"],\"url\":\"https:\\\/\\\/lequotidien.mr\\\/?author=4\"}]}<\/script>\n<!-- \/ Yoast SEO plugin. -->","yoast_head_json":{"title":"Air France renforce sa pr\u00e9sence en Mauritanie et annonce l\u2019arriv\u00e9e de l\u2019Airbus A350 sur la ligne Nouakchott\u2013Paris - Le Quotidien de Nouakchott","robots":{"index":"index","follow":"follow","max-snippet":"max-snippet:-1","max-image-preview":"max-image-preview:large","max-video-preview":"max-video-preview:-1"},"canonical":"https:\/\/lequotidien.mr\/?p=31969&lang=fr","og_locale":"ar_AR","og_type":"article","og_title":"Air France renforce sa pr\u00e9sence en Mauritanie et annonce l\u2019arriv\u00e9e de l\u2019Airbus A350 sur la ligne Nouakchott\u2013Paris - Le Quotidien de Nouakchott","og_description":"Air France renforce sa pr\u00e9sence en Mauritanie et annonce l\u2019arriv\u00e9e de l\u2019Airbus A350 sur la ligne Nouakchott\u2013Paris \u00a0\u00a0Dans le cadre du renforcement des liens historiques entre Air France et la Mauritanie, la Directrice G\u00e9n\u00e9rale du groupe pour la d\u00e9l\u00e9gation Afrique du Nord, Sahel et C\u00f4te Ouest, Mme Nadia Azal\u00e9, a effectu\u00e9 une visite officielle \u00e0.....","og_url":"https:\/\/lequotidien.mr\/?p=31969&lang=fr","og_site_name":"Le Quotidien de Nouakchott","article_publisher":"https:\/\/web.facebook.com\/lequotidienmr","article_published_time":"2025-10-29T16:56:32+00:00","article_modified_time":"2025-10-29T17:02:27+00:00","og_image":[{"width":441,"height":363,"url":"https:\/\/lequotidien.mr\/wp-content\/uploads\/2025\/10\/Sans-titre.png","type":"image\/png"}],"author":"Le Quotidien","twitter_card":"summary_large_image","twitter_creator":"@lequotidienmr","twitter_site":"@lequotidienmr","twitter_misc":{"\u0643\u064f\u062a\u0628 \u0628\u0648\u0627\u0633\u0637\u0629":"Le Quotidien","\u0648\u0642\u062a \u0627\u0644\u0642\u0631\u0627\u0621\u0629 \u0627\u0644\u0645\u064f\u0642\u062f\u0651\u0631":"4 \u062f\u0642\u0627\u0626\u0642"},"schema":{"@context":"https:\/\/schema.org","@graph":[{"@type":"Article","@id":"https:\/\/lequotidien.mr\/?p=31969&lang=fr#article","isPartOf":{"@id":"https:\/\/lequotidien.mr\/?p=31969&lang=fr"},"author":{"name":"Le Quotidien","@id":"https:\/\/lequotidien.mr\/#\/schema\/person\/f90fcdaa970c60288de4ed2e64a56472"},"headline":"Air France renforce sa pr\u00e9sence en Mauritanie et annonce l\u2019arriv\u00e9e de l\u2019Airbus A350 sur la ligne Nouakchott\u2013Paris","datePublished":"2025-10-29T16:56:32+00:00","dateModified":"2025-10-29T17:02:27+00:00","mainEntityOfPage":{"@id":"https:\/\/lequotidien.mr\/?p=31969&lang=fr"},"wordCount":580,"commentCount":0,"publisher":{"@id":"https:\/\/lequotidien.mr\/#organization"},"image":{"@id":"https:\/\/lequotidien.mr\/?p=31969&lang=fr#primaryimage"},"thumbnailUrl":"https:\/\/lequotidien.mr\/wp-content\/uploads\/2025\/10\/Sans-titre.png","articleSection":["ACTUALIT\u00c9","Economie","Couverture sp\u00e9cilale"],"inLanguage":"ar","potentialAction":[{"@type":"CommentAction","name":"Comment","target":["https:\/\/lequotidien.mr\/?p=31969&lang=fr#respond"]}]},{"@type":"WebPage","@id":"https:\/\/lequotidien.mr\/?p=31969&lang=fr","url":"https:\/\/lequotidien.mr\/?p=31969&lang=fr","name":"Air France renforce sa pr\u00e9sence en Mauritanie et annonce l\u2019arriv\u00e9e de l\u2019Airbus A350 sur la ligne Nouakchott\u2013Paris - Le Quotidien de Nouakchott","isPartOf":{"@id":"https:\/\/lequotidien.mr\/#website"},"primaryImageOfPage":{"@id":"https:\/\/lequotidien.mr\/?p=31969&lang=fr#primaryimage"},"image":{"@id":"https:\/\/lequotidien.mr\/?p=31969&lang=fr#primaryimage"},"thumbnailUrl":"https:\/\/lequotidien.mr\/wp-content\/uploads\/2025\/10\/Sans-titre.png","datePublished":"2025-10-29T16:56:32+00:00","dateModified":"2025-10-29T17:02:27+00:00","breadcrumb":{"@id":"https:\/\/lequotidien.mr\/?p=31969&lang=fr#breadcrumb"},"inLanguage":"ar","potentialAction":[{"@type":"ReadAction","target":["https:\/\/lequotidien.mr\/?p=31969&lang=fr"]}]},{"@type":"ImageObject","inLanguage":"ar","@id":"https:\/\/lequotidien.mr\/?p=31969&lang=fr#primaryimage","url":"https:\/\/lequotidien.mr\/wp-content\/uploads\/2025\/10\/Sans-titre.png","contentUrl":"https:\/\/lequotidien.mr\/wp-content\/uploads\/2025\/10\/Sans-titre.png","width":441,"height":363},{"@type":"BreadcrumbList","@id":"https:\/\/lequotidien.mr\/?p=31969&lang=fr#breadcrumb","itemListElement":[{"@type":"ListItem","position":1,"name":"Home","item":"https:\/\/lequotidien.mr\/"},{"@type":"ListItem","position":2,"name":"Air France renforce sa pr\u00e9sence en Mauritanie et annonce l\u2019arriv\u00e9e de l\u2019Airbus A350 sur la ligne Nouakchott\u2013Paris"}]},{"@type":"WebSite","@id":"https:\/\/lequotidien.mr\/#website","url":"https:\/\/lequotidien.mr\/","name":"Le Quotidien de Nouakchott","description":"\u0625\u062e\u0628\u0627\u0631\u064a\u0629 \u0645\u0633\u062a\u0642\u0644\u0629 \u0644\u0644\u0623\u0646\u0628\u0627\u0621 \u0627\u0644\u0639\u0627\u0645\u0629","publisher":{"@id":"https:\/\/lequotidien.mr\/#organization"},"potentialAction":[{"@type":"SearchAction","target":{"@type":"EntryPoint","urlTemplate":"https:\/\/lequotidien.mr\/?s={search_term_string}"},"query-input":{"@type":"PropertyValueSpecification","valueRequired":true,"valueName":"search_term_string"}}],"inLanguage":"ar"},{"@type":"Organization","@id":"https:\/\/lequotidien.mr\/#organization","name":"Le Quotidien de Nouakchott","url":"https:\/\/lequotidien.mr\/","logo":{"@type":"ImageObject","inLanguage":"ar","@id":"https:\/\/lequotidien.mr\/#\/schema\/logo\/image\/","url":"https:\/\/lequotidien.mr\/wp-content\/uploads\/2022\/11\/logolequotidien.jpg","contentUrl":"https:\/\/lequotidien.mr\/wp-content\/uploads\/2022\/11\/logolequotidien.jpg","width":290,"height":65,"caption":"Le Quotidien de Nouakchott"},"image":{"@id":"https:\/\/lequotidien.mr\/#\/schema\/logo\/image\/"},"sameAs":["https:\/\/web.facebook.com\/lequotidienmr","https:\/\/x.com\/lequotidienmr"]},{"@type":"Person","@id":"https:\/\/lequotidien.mr\/#\/schema\/person\/f90fcdaa970c60288de4ed2e64a56472","name":"Le Quotidien","image":{"@type":"ImageObject","inLanguage":"ar","@id":"https:\/\/secure.gravatar.com\/avatar\/374cb39a1a458a912465a93e5a3ce6546886fc3da809a1f10c63e4e8fcbca30f?s=96&d=mm&r=g","url":"https:\/\/secure.gravatar.com\/avatar\/374cb39a1a458a912465a93e5a3ce6546886fc3da809a1f10c63e4e8fcbca30f?s=96&d=mm&r=g","contentUrl":"https:\/\/secure.gravatar.com\/avatar\/374cb39a1a458a912465a93e5a3ce6546886fc3da809a1f10c63e4e8fcbca30f?s=96&d=mm&r=g","caption":"Le Quotidien"},"sameAs":["https:\/\/lequotidien.mr\/"],"url":"https:\/\/lequotidien.mr\/?author=4"}]}},"_links":{"self":[{"href":"https:\/\/lequotidien.mr\/index.php?rest_route=\/wp\/v2\/posts\/31969","targetHints":{"allow":["GET"]}}],"collection":[{"href":"https:\/\/lequotidien.mr\/index.php?rest_route=\/wp\/v2\/posts"}],"about":[{"href":"https:\/\/lequotidien.mr\/index.php?rest_route=\/wp\/v2\/types\/post"}],"author":[{"embeddable":true,"href":"https:\/\/lequotidien.mr\/index.php?rest_route=\/wp\/v2\/users\/4"}],"replies":[{"embeddable":true,"href":"https:\/\/lequotidien.mr\/index.php?rest_route=%2Fwp%2Fv2%2Fcomments&post=31969"}],"version-history":[{"count":1,"href":"https:\/\/lequotidien.mr\/index.php?rest_route=\/wp\/v2\/posts\/31969\/revisions"}],"predecessor-version":[{"id":31971,"href":"https:\/\/lequotidien.mr\/index.php?rest_route=\/wp\/v2\/posts\/31969\/revisions\/31971"}],"wp:featuredmedia":[{"embeddable":true,"href":"https:\/\/lequotidien.mr\/index.php?rest_route=\/wp\/v2\/media\/31972"}],"wp:attachment":[{"href":"https:\/\/lequotidien.mr\/index.php?rest_route=%2Fwp%2Fv2%2Fmedia&parent=31969"}],"wp:term":[{"taxonomy":"category","embeddable":true,"href":"https:\/\/lequotidien.mr\/index.php?rest_route=%2Fwp%2Fv2%2Fcategories&post=31969"},{"taxonomy":"post_tag","embeddable":true,"href":"https:\/\/lequotidien.mr\/index.php?rest_route=%2Fwp%2Fv2%2Ftags&post=31969"}],"curies":[{"name":"wp","href":"https:\/\/api.w.org\/{rel}","templated":true}]}}