{"id":31943,"date":"2025-10-28T22:19:22","date_gmt":"2025-10-28T22:19:22","guid":{"rendered":"https:\/\/lequotidien.mr\/?p=31943"},"modified":"2025-10-28T22:19:22","modified_gmt":"2025-10-28T22:19:22","slug":"neuvieme-edition-de-future-investment-initiative-riyad-un-forum-mondial-pour-debloquer-les-cles-de-la-prosperite","status":"publish","type":"post","link":"https:\/\/lequotidien.mr\/?p=31943&lang=fr","title":{"rendered":"Neuvi\u00e8me \u00e9dition de \u00ab Future Investment Initiative \u00bb\/Riyad : Un forum mondial pour d\u00e9bloquer les cl\u00e9s de la prosp\u00e9rit\u00e9"},"content":{"rendered":"<p>Le <strong>Pr\u00e9sident de la R\u00e9publique, M. Mohamed Ould Cheikh El Ghazouani<\/strong>, a pris part ce mardi \u00e0 la c\u00e9r\u00e9monie d&#8217;ouverture de la <strong>neuvi\u00e8me \u00e9dition du Future Investment Initiative (FII9) \u00e0 Riyad<\/strong>, capitale du Royaume d&#8217;Arabie Saoudite. Ce sommet \u00e9conomique mondial, qui se d\u00e9roulera jusqu&#8217;au 30 octobre, r\u00e9unit des chefs d&#8217;\u00c9tat, des ministres, des responsables de fonds souverains et des dirigeants d&#8217;entreprises pour explorer des solutions aux d\u00e9fis globaux sous le th\u00e8me <strong><em>\u00ab La cl\u00e9 de la prosp\u00e9rit\u00e9 : ouvrir de nouvelles perspectives de croissance \u00bb.<\/em><\/strong><\/p>\n<p><strong style=\"font-weight: inherit;\">Un rendez-vous mondial pour l&#8217;investissement et l&#8217;innovation<\/strong><\/p>\n<p>Le FII9 est bien plus qu&#8217;une conf\u00e9rence ; il s&#8217;agit d&#8217;une plateforme strat\u00e9gique o\u00f9 se cristallisent les dialogues sur l&#8217;avenir de l&#8217;\u00e9conomie mondiale. Avec plus de <strong>8 000 participants<\/strong>, dont <strong>20 chefs d&#8217;\u00c9tat et 600 intervenants<\/strong>, l&#8217;\u00e9v\u00e9nement est structur\u00e9 autour de <strong>250 sessions<\/strong> couvrant des domaines critiques comme l&#8217;intelligence artificielle, la durabilit\u00e9, et la g\u00e9opolitique. Le programme se d\u00e9cline en trois \u00e9tapes :<\/p>\n<p><strong>-27 octobre (Jour 0)<\/strong>\u00a0: Des conclaves exclusifs r\u00e9serv\u00e9s aux d\u00e9cideurs pour des discussions confidentielles afin de jeter les bases des agendas\u00a0;<\/p>\n<p><strong>-28-29 octobre<\/strong>\u00a0: Des dialogues publics sur les politiques d&#8217;investissement, les technologies \u00e9mergentes et les paradoxes de la croissance\u00a0;<\/p>\n<p><strong>-30 octobre<\/strong>\u00a0: Une journ\u00e9e consacr\u00e9e aux opportunit\u00e9s d&#8217;investissement concret, o\u00f9 des deals estim\u00e9s \u00e0 plus de 60 milliards de dollars sont attendus.<\/p>\n<p>Pour la Mauritanie, repr\u00e9sent\u00e9e par le Pr\u00e9sident El Ghazouani, ce sommet est une opportunit\u00e9 de positionner le pays comme une destination d&#8217;investissement prometteuse, notamment dans des secteurs comme les infrastructures, l&#8217;\u00e9nergie et la num\u00e9risation.<\/p>\n<p><strong>Les paradoxes de l&#8217;innovation : Au c\u0153ur des d\u00e9bats<\/strong><\/p>\n<p>Le FII9 se distingue par son approche centr\u00e9e sur les <strong><em>\u00ab paradoxes \u00bb<\/em><\/strong> qui d\u00e9finissent l&#8217;\u00e8re contemporaine. Ces th\u00e8mes structurent les r\u00e9flexions des participants :<\/p>\n<p><strong>-Le paradoxe du progr\u00e8s<\/strong>\u00a0: La croissance \u00e9conomique g\u00e9n\u00e8re des in\u00e9galit\u00e9s et une pression sur les ressources, mena\u00e7ant la stabilit\u00e9 \u00e0 long terme. Les discussions porteront sur la conciliation entre d\u00e9veloppement et \u00e9quit\u00e9, un enjeu align\u00e9 sur l&#8217;Objectif de D\u00e9veloppement Durable (ODD) 10 des Nations Unies, qui souligne l&#8217;urgence de r\u00e9duire les \u00e9carts de revenus et d&#8217;acc\u00e8s aux services de base.<\/p>\n<p><strong>-Le paradoxe de l&#8217;innovation<\/strong>\u00a0: Les avanc\u00e9es technologiques, comme l&#8217;IA, cr\u00e9ent autant de contraintes que d&#8217;opportunit\u00e9s. Par exemple, l&#8217;IA pourrait contribuer \u00e0 15 000 milliards de dollars \u00e0 l&#8217;\u00e9conomie mondiale d&#8217;ici 2030, mais son d\u00e9ploiement exige une r\u00e9gulation pour \u00e9viter des disruptions sociales. Les sessions aborderont son impact sur la productivit\u00e9 et la cr\u00e9ation de richesses dans un monde fractur\u00e9.<\/p>\n<p><strong>-Le paradoxe de la fragmentation<\/strong>\u00a0: Alors que la mondialisation int\u00e8gre les \u00e9conomies, les tensions g\u00e9opolitiques menacent les r\u00e9seaux vitaux, comme les c\u00e2bles sous-marins qui transportent 95 % des donn\u00e9es mondiales. Des incidents r\u00e9cents en mer Rouge et en Baltique ont expos\u00e9 la vuln\u00e9rabilit\u00e9 des communications, avec des impacts sur les march\u00e9s financiers et la s\u00e9curit\u00e9 nationale.<\/p>\n<p><strong>Des sujets cruciaux pour la Mauritanie et le Sahel<\/strong><\/p>\n<p>Les sessions du FII9 abordent des d\u00e9fis directement li\u00e9s aux priorit\u00e9s mauritaniennes :<\/p>\n<p><strong>-In\u00e9galit\u00e9s et d\u00e9veloppement<\/strong>\u00a0: La r\u00e9duction des in\u00e9galit\u00e9s est un imp\u00e9ratif pour la stabilit\u00e9, comme le rappelle l&#8217;ONU : 4 milliards de personnes manquent de protection sociale, et 214 millions de travailleurs vivent avec moins de 1,90 dollar par jour. Le Pr\u00e9sident El Ghazouani pourrait y partager les r\u00e9formes mauritaniennes dans l&#8217;\u00e9ducation et l&#8217;emploi des jeunes.<\/p>\n<p><strong>-G\u00e9opolitique et communication<\/strong>\u00a0: Les tensions r\u00e9gionales, comme celles au Sahel, affectent les infrastructures critiques. Les discussions sur la s\u00e9curit\u00e9 des r\u00e9seaux num\u00e9riques seront essentielles pour des pays comme la Mauritanie, qui cherchent \u00e0 renforcer leur r\u00e9silience.<\/p>\n<p><strong>-Durabilit\u00e9 et ressources<\/strong>\u00a0: Les strat\u00e9gies pour \u00e9quilibrer croissance \u00e9conomique et limites environnementales seront explor\u00e9es, un enjeu cl\u00e9 pour la Mauritanie, riche en ressources naturelles mais confront\u00e9e \u00e0 des d\u00e9fis climatiques.<\/p>\n<p><strong>Vers des actions concr\u00e8tes<\/strong><\/p>\n<p>Le FII9 d\u00e9passe le cadre des discours pour favoriser des engagements tangibles. Le FII Institute, organisateur de l&#8217;\u00e9v\u00e9nement, s&#8217;engage \u00e0 traduire les id\u00e9es en projets via ses piliers <strong><em>\u00ab THINK, XCHANGE, ACT \u00bb<\/em><\/strong>. Pour la Mauritanie, cette participation est l&#8217;occasion de :<\/p>\n<p>-Attirer des investissements dans des secteurs prioritaires comme les \u00e9nergies renouvelables et l&#8217;agriculture\u00a0;<\/p>\n<p>-Renforcer les partenariats avec des acteurs comme l&#8217;Arabie Saoudite, d\u00e9j\u00e0 unie \u00e0 la Mauritanie par des <strong><em>\u00ab liens de fraternit\u00e9 et d&#8217;amiti\u00e9 anciens \u00bb<\/em><\/strong>\u00a0;<\/p>\n<p>-S&#8217;inscrire dans une dynamique de r\u00e9solution collective des crises, qu&#8217;elles soient s\u00e9curitaires, \u00e9conomiques ou environnementales.<\/p>\n<p>Alors que les travaux se poursuivent \u00e0 Riyad, le monde observe comment des initiatives, comme le FII9, peuvent fa\u00e7onner un avenir plus prosp\u00e8re et inclusif. Pour le Pr\u00e9sident El Ghazouani et la Mauritanie, ce sommet repr\u00e9sente un pas de plus vers l&#8217;int\u00e9gration dans l&#8217;\u00e9chiquier \u00e9conomique global.<\/p>\n","protected":false},"excerpt":{"rendered":"<p>Le Pr\u00e9sident de la R\u00e9publique, M. Mohamed Ould Cheikh El Ghazouani, a pris part ce mardi \u00e0 la c\u00e9r\u00e9monie d&#8217;ouverture de la neuvi\u00e8me \u00e9dition du Future Investment Initiative (FII9) \u00e0 Riyad, capitale du Royaume d&#8217;Arabie Saoudite. Ce sommet \u00e9conomique mondial, qui se d\u00e9roulera jusqu&#8217;au 30 octobre, r\u00e9unit des chefs d&#8217;\u00c9tat, des ministres, des responsables de&#8230;..<\/p>\n","protected":false},"author":12,"featured_media":31944,"comment_status":"open","ping_status":"open","sticky":false,"template":"","format":"standard","meta":{"footnotes":""},"categories":[23,49],"tags":[],"class_list":["post-31943","post","type-post","status-publish","format-standard","has-post-thumbnail","hentry","category-actualite","category-economie"],"yoast_head":"<!-- This site is optimized with the Yoast SEO plugin v27.5 - https:\/\/yoast.com\/product\/yoast-seo-wordpress\/ -->\n<title>Neuvi\u00e8me \u00e9dition de \u00ab Future Investment Initiative \u00bb\/Riyad : Un forum mondial pour d\u00e9bloquer les cl\u00e9s de la prosp\u00e9rit\u00e9 - Le Quotidien de Nouakchott<\/title>\n<meta name=\"robots\" content=\"index, follow, max-snippet:-1, max-image-preview:large, max-video-preview:-1\" \/>\n<link rel=\"canonical\" href=\"https:\/\/lequotidien.mr\/?p=31943&lang=fr\" \/>\n<meta property=\"og:locale\" content=\"ar_AR\" \/>\n<meta property=\"og:type\" content=\"article\" \/>\n<meta property=\"og:title\" content=\"Neuvi\u00e8me \u00e9dition de \u00ab Future Investment Initiative \u00bb\/Riyad : Un forum mondial pour d\u00e9bloquer les cl\u00e9s de la prosp\u00e9rit\u00e9 - Le Quotidien de Nouakchott\" \/>\n<meta property=\"og:description\" content=\"Le Pr\u00e9sident de la R\u00e9publique, M. Mohamed Ould Cheikh El Ghazouani, a pris part ce mardi \u00e0 la c\u00e9r\u00e9monie d&#8217;ouverture de la neuvi\u00e8me \u00e9dition du Future Investment Initiative (FII9) \u00e0 Riyad, capitale du Royaume d&#8217;Arabie Saoudite. Ce sommet \u00e9conomique mondial, qui se d\u00e9roulera jusqu&#8217;au 30 octobre, r\u00e9unit des chefs d&#8217;\u00c9tat, des ministres, des responsables de.....\" \/>\n<meta property=\"og:url\" content=\"https:\/\/lequotidien.mr\/?p=31943&amp;lang=fr\" \/>\n<meta property=\"og:site_name\" content=\"Le Quotidien de Nouakchott\" \/>\n<meta property=\"article:publisher\" content=\"https:\/\/web.facebook.com\/lequotidienmr\" \/>\n<meta property=\"article:published_time\" content=\"2025-10-28T22:19:22+00:00\" \/>\n<meta property=\"og:image\" content=\"https:\/\/lequotidien.mr\/wp-content\/uploads\/2025\/10\/photo-future-invest-initiative.jpg\" \/>\n\t<meta property=\"og:image:width\" content=\"750\" \/>\n\t<meta property=\"og:image:height\" content=\"430\" \/>\n\t<meta property=\"og:image:type\" content=\"image\/jpeg\" \/>\n<meta name=\"author\" content=\"Med Ahmed\" \/>\n<meta name=\"twitter:card\" content=\"summary_large_image\" \/>\n<meta name=\"twitter:creator\" content=\"@lequotidienmr\" \/>\n<meta name=\"twitter:site\" content=\"@lequotidienmr\" \/>\n<meta name=\"twitter:label1\" content=\"\u0643\u064f\u062a\u0628 \u0628\u0648\u0627\u0633\u0637\u0629\" \/>\n\t<meta name=\"twitter:data1\" content=\"Med Ahmed\" \/>\n\t<meta name=\"twitter:label2\" content=\"\u0648\u0642\u062a \u0627\u0644\u0642\u0631\u0627\u0621\u0629 \u0627\u0644\u0645\u064f\u0642\u062f\u0651\u0631\" \/>\n\t<meta name=\"twitter:data2\" content=\"6 \u062f\u0642\u0627\u0626\u0642\" \/>\n<script type=\"application\/ld+json\" class=\"yoast-schema-graph\">{\"@context\":\"https:\\\/\\\/schema.org\",\"@graph\":[{\"@type\":\"Article\",\"@id\":\"https:\\\/\\\/lequotidien.mr\\\/?p=31943&lang=fr#article\",\"isPartOf\":{\"@id\":\"https:\\\/\\\/lequotidien.mr\\\/?p=31943&lang=fr\"},\"author\":{\"name\":\"Med Ahmed\",\"@id\":\"https:\\\/\\\/lequotidien.mr\\\/#\\\/schema\\\/person\\\/d2d350202a4d599685ed8abc25f97596\"},\"headline\":\"Neuvi\u00e8me \u00e9dition de \u00ab Future Investment Initiative \u00bb\\\/Riyad : Un forum mondial pour d\u00e9bloquer les cl\u00e9s de la prosp\u00e9rit\u00e9\",\"datePublished\":\"2025-10-28T22:19:22+00:00\",\"mainEntityOfPage\":{\"@id\":\"https:\\\/\\\/lequotidien.mr\\\/?p=31943&lang=fr\"},\"wordCount\":858,\"commentCount\":0,\"publisher\":{\"@id\":\"https:\\\/\\\/lequotidien.mr\\\/#organization\"},\"image\":{\"@id\":\"https:\\\/\\\/lequotidien.mr\\\/?p=31943&lang=fr#primaryimage\"},\"thumbnailUrl\":\"https:\\\/\\\/lequotidien.mr\\\/wp-content\\\/uploads\\\/2025\\\/10\\\/photo-future-invest-initiative.jpg\",\"articleSection\":[\"ACTUALIT\u00c9\",\"Economie\"],\"inLanguage\":\"ar\",\"potentialAction\":[{\"@type\":\"CommentAction\",\"name\":\"Comment\",\"target\":[\"https:\\\/\\\/lequotidien.mr\\\/?p=31943&lang=fr#respond\"]}]},{\"@type\":\"WebPage\",\"@id\":\"https:\\\/\\\/lequotidien.mr\\\/?p=31943&lang=fr\",\"url\":\"https:\\\/\\\/lequotidien.mr\\\/?p=31943&lang=fr\",\"name\":\"Neuvi\u00e8me \u00e9dition de \u00ab Future Investment Initiative \u00bb\\\/Riyad : Un forum mondial pour d\u00e9bloquer les cl\u00e9s de la prosp\u00e9rit\u00e9 - Le Quotidien de Nouakchott\",\"isPartOf\":{\"@id\":\"https:\\\/\\\/lequotidien.mr\\\/#website\"},\"primaryImageOfPage\":{\"@id\":\"https:\\\/\\\/lequotidien.mr\\\/?p=31943&lang=fr#primaryimage\"},\"image\":{\"@id\":\"https:\\\/\\\/lequotidien.mr\\\/?p=31943&lang=fr#primaryimage\"},\"thumbnailUrl\":\"https:\\\/\\\/lequotidien.mr\\\/wp-content\\\/uploads\\\/2025\\\/10\\\/photo-future-invest-initiative.jpg\",\"datePublished\":\"2025-10-28T22:19:22+00:00\",\"breadcrumb\":{\"@id\":\"https:\\\/\\\/lequotidien.mr\\\/?p=31943&lang=fr#breadcrumb\"},\"inLanguage\":\"ar\",\"potentialAction\":[{\"@type\":\"ReadAction\",\"target\":[\"https:\\\/\\\/lequotidien.mr\\\/?p=31943&lang=fr\"]}]},{\"@type\":\"ImageObject\",\"inLanguage\":\"ar\",\"@id\":\"https:\\\/\\\/lequotidien.mr\\\/?p=31943&lang=fr#primaryimage\",\"url\":\"https:\\\/\\\/lequotidien.mr\\\/wp-content\\\/uploads\\\/2025\\\/10\\\/photo-future-invest-initiative.jpg\",\"contentUrl\":\"https:\\\/\\\/lequotidien.mr\\\/wp-content\\\/uploads\\\/2025\\\/10\\\/photo-future-invest-initiative.jpg\",\"width\":750,\"height\":430},{\"@type\":\"BreadcrumbList\",\"@id\":\"https:\\\/\\\/lequotidien.mr\\\/?p=31943&lang=fr#breadcrumb\",\"itemListElement\":[{\"@type\":\"ListItem\",\"position\":1,\"name\":\"Home\",\"item\":\"https:\\\/\\\/lequotidien.mr\\\/\"},{\"@type\":\"ListItem\",\"position\":2,\"name\":\"Neuvi\u00e8me \u00e9dition de \u00ab Future Investment Initiative \u00bb\\\/Riyad : Un forum mondial pour d\u00e9bloquer les cl\u00e9s de la prosp\u00e9rit\u00e9\"}]},{\"@type\":\"WebSite\",\"@id\":\"https:\\\/\\\/lequotidien.mr\\\/#website\",\"url\":\"https:\\\/\\\/lequotidien.mr\\\/\",\"name\":\"Le Quotidien de Nouakchott\",\"description\":\"\u0625\u062e\u0628\u0627\u0631\u064a\u0629 \u0645\u0633\u062a\u0642\u0644\u0629 \u0644\u0644\u0623\u0646\u0628\u0627\u0621 \u0627\u0644\u0639\u0627\u0645\u0629\",\"publisher\":{\"@id\":\"https:\\\/\\\/lequotidien.mr\\\/#organization\"},\"potentialAction\":[{\"@type\":\"SearchAction\",\"target\":{\"@type\":\"EntryPoint\",\"urlTemplate\":\"https:\\\/\\\/lequotidien.mr\\\/?s={search_term_string}\"},\"query-input\":{\"@type\":\"PropertyValueSpecification\",\"valueRequired\":true,\"valueName\":\"search_term_string\"}}],\"inLanguage\":\"ar\"},{\"@type\":\"Organization\",\"@id\":\"https:\\\/\\\/lequotidien.mr\\\/#organization\",\"name\":\"Le Quotidien de Nouakchott\",\"url\":\"https:\\\/\\\/lequotidien.mr\\\/\",\"logo\":{\"@type\":\"ImageObject\",\"inLanguage\":\"ar\",\"@id\":\"https:\\\/\\\/lequotidien.mr\\\/#\\\/schema\\\/logo\\\/image\\\/\",\"url\":\"https:\\\/\\\/lequotidien.mr\\\/wp-content\\\/uploads\\\/2022\\\/11\\\/logolequotidien.jpg\",\"contentUrl\":\"https:\\\/\\\/lequotidien.mr\\\/wp-content\\\/uploads\\\/2022\\\/11\\\/logolequotidien.jpg\",\"width\":290,\"height\":65,\"caption\":\"Le Quotidien de Nouakchott\"},\"image\":{\"@id\":\"https:\\\/\\\/lequotidien.mr\\\/#\\\/schema\\\/logo\\\/image\\\/\"},\"sameAs\":[\"https:\\\/\\\/web.facebook.com\\\/lequotidienmr\",\"https:\\\/\\\/x.com\\\/lequotidienmr\"]},{\"@type\":\"Person\",\"@id\":\"https:\\\/\\\/lequotidien.mr\\\/#\\\/schema\\\/person\\\/d2d350202a4d599685ed8abc25f97596\",\"name\":\"Med Ahmed\",\"image\":{\"@type\":\"ImageObject\",\"inLanguage\":\"ar\",\"@id\":\"https:\\\/\\\/secure.gravatar.com\\\/avatar\\\/fd2acc62ed50732923d1d39c17172c9b04149f142be92310ecc69e1358f94b52?s=96&d=mm&r=g\",\"url\":\"https:\\\/\\\/secure.gravatar.com\\\/avatar\\\/fd2acc62ed50732923d1d39c17172c9b04149f142be92310ecc69e1358f94b52?s=96&d=mm&r=g\",\"contentUrl\":\"https:\\\/\\\/secure.gravatar.com\\\/avatar\\\/fd2acc62ed50732923d1d39c17172c9b04149f142be92310ecc69e1358f94b52?s=96&d=mm&r=g\",\"caption\":\"Med Ahmed\"},\"url\":\"https:\\\/\\\/lequotidien.mr\\\/?author=12\"}]}<\/script>\n<!-- \/ Yoast SEO plugin. -->","yoast_head_json":{"title":"Neuvi\u00e8me \u00e9dition de \u00ab Future Investment Initiative \u00bb\/Riyad : Un forum mondial pour d\u00e9bloquer les cl\u00e9s de la prosp\u00e9rit\u00e9 - Le Quotidien de Nouakchott","robots":{"index":"index","follow":"follow","max-snippet":"max-snippet:-1","max-image-preview":"max-image-preview:large","max-video-preview":"max-video-preview:-1"},"canonical":"https:\/\/lequotidien.mr\/?p=31943&lang=fr","og_locale":"ar_AR","og_type":"article","og_title":"Neuvi\u00e8me \u00e9dition de \u00ab Future Investment Initiative \u00bb\/Riyad : Un forum mondial pour d\u00e9bloquer les cl\u00e9s de la prosp\u00e9rit\u00e9 - Le Quotidien de Nouakchott","og_description":"Le Pr\u00e9sident de la R\u00e9publique, M. Mohamed Ould Cheikh El Ghazouani, a pris part ce mardi \u00e0 la c\u00e9r\u00e9monie d&#8217;ouverture de la neuvi\u00e8me \u00e9dition du Future Investment Initiative (FII9) \u00e0 Riyad, capitale du Royaume d&#8217;Arabie Saoudite. Ce sommet \u00e9conomique mondial, qui se d\u00e9roulera jusqu&#8217;au 30 octobre, r\u00e9unit des chefs d&#8217;\u00c9tat, des ministres, des responsables de.....","og_url":"https:\/\/lequotidien.mr\/?p=31943&lang=fr","og_site_name":"Le Quotidien de Nouakchott","article_publisher":"https:\/\/web.facebook.com\/lequotidienmr","article_published_time":"2025-10-28T22:19:22+00:00","og_image":[{"width":750,"height":430,"url":"https:\/\/lequotidien.mr\/wp-content\/uploads\/2025\/10\/photo-future-invest-initiative.jpg","type":"image\/jpeg"}],"author":"Med Ahmed","twitter_card":"summary_large_image","twitter_creator":"@lequotidienmr","twitter_site":"@lequotidienmr","twitter_misc":{"\u0643\u064f\u062a\u0628 \u0628\u0648\u0627\u0633\u0637\u0629":"Med Ahmed","\u0648\u0642\u062a \u0627\u0644\u0642\u0631\u0627\u0621\u0629 \u0627\u0644\u0645\u064f\u0642\u062f\u0651\u0631":"6 \u062f\u0642\u0627\u0626\u0642"},"schema":{"@context":"https:\/\/schema.org","@graph":[{"@type":"Article","@id":"https:\/\/lequotidien.mr\/?p=31943&lang=fr#article","isPartOf":{"@id":"https:\/\/lequotidien.mr\/?p=31943&lang=fr"},"author":{"name":"Med Ahmed","@id":"https:\/\/lequotidien.mr\/#\/schema\/person\/d2d350202a4d599685ed8abc25f97596"},"headline":"Neuvi\u00e8me \u00e9dition de \u00ab Future Investment Initiative \u00bb\/Riyad : Un forum mondial pour d\u00e9bloquer les cl\u00e9s de la prosp\u00e9rit\u00e9","datePublished":"2025-10-28T22:19:22+00:00","mainEntityOfPage":{"@id":"https:\/\/lequotidien.mr\/?p=31943&lang=fr"},"wordCount":858,"commentCount":0,"publisher":{"@id":"https:\/\/lequotidien.mr\/#organization"},"image":{"@id":"https:\/\/lequotidien.mr\/?p=31943&lang=fr#primaryimage"},"thumbnailUrl":"https:\/\/lequotidien.mr\/wp-content\/uploads\/2025\/10\/photo-future-invest-initiative.jpg","articleSection":["ACTUALIT\u00c9","Economie"],"inLanguage":"ar","potentialAction":[{"@type":"CommentAction","name":"Comment","target":["https:\/\/lequotidien.mr\/?p=31943&lang=fr#respond"]}]},{"@type":"WebPage","@id":"https:\/\/lequotidien.mr\/?p=31943&lang=fr","url":"https:\/\/lequotidien.mr\/?p=31943&lang=fr","name":"Neuvi\u00e8me \u00e9dition de \u00ab Future Investment Initiative \u00bb\/Riyad : Un forum mondial pour d\u00e9bloquer les cl\u00e9s de la prosp\u00e9rit\u00e9 - Le Quotidien de Nouakchott","isPartOf":{"@id":"https:\/\/lequotidien.mr\/#website"},"primaryImageOfPage":{"@id":"https:\/\/lequotidien.mr\/?p=31943&lang=fr#primaryimage"},"image":{"@id":"https:\/\/lequotidien.mr\/?p=31943&lang=fr#primaryimage"},"thumbnailUrl":"https:\/\/lequotidien.mr\/wp-content\/uploads\/2025\/10\/photo-future-invest-initiative.jpg","datePublished":"2025-10-28T22:19:22+00:00","breadcrumb":{"@id":"https:\/\/lequotidien.mr\/?p=31943&lang=fr#breadcrumb"},"inLanguage":"ar","potentialAction":[{"@type":"ReadAction","target":["https:\/\/lequotidien.mr\/?p=31943&lang=fr"]}]},{"@type":"ImageObject","inLanguage":"ar","@id":"https:\/\/lequotidien.mr\/?p=31943&lang=fr#primaryimage","url":"https:\/\/lequotidien.mr\/wp-content\/uploads\/2025\/10\/photo-future-invest-initiative.jpg","contentUrl":"https:\/\/lequotidien.mr\/wp-content\/uploads\/2025\/10\/photo-future-invest-initiative.jpg","width":750,"height":430},{"@type":"BreadcrumbList","@id":"https:\/\/lequotidien.mr\/?p=31943&lang=fr#breadcrumb","itemListElement":[{"@type":"ListItem","position":1,"name":"Home","item":"https:\/\/lequotidien.mr\/"},{"@type":"ListItem","position":2,"name":"Neuvi\u00e8me \u00e9dition de \u00ab Future Investment Initiative \u00bb\/Riyad : Un forum mondial pour d\u00e9bloquer les cl\u00e9s de la prosp\u00e9rit\u00e9"}]},{"@type":"WebSite","@id":"https:\/\/lequotidien.mr\/#website","url":"https:\/\/lequotidien.mr\/","name":"Le Quotidien de Nouakchott","description":"\u0625\u062e\u0628\u0627\u0631\u064a\u0629 \u0645\u0633\u062a\u0642\u0644\u0629 \u0644\u0644\u0623\u0646\u0628\u0627\u0621 \u0627\u0644\u0639\u0627\u0645\u0629","publisher":{"@id":"https:\/\/lequotidien.mr\/#organization"},"potentialAction":[{"@type":"SearchAction","target":{"@type":"EntryPoint","urlTemplate":"https:\/\/lequotidien.mr\/?s={search_term_string}"},"query-input":{"@type":"PropertyValueSpecification","valueRequired":true,"valueName":"search_term_string"}}],"inLanguage":"ar"},{"@type":"Organization","@id":"https:\/\/lequotidien.mr\/#organization","name":"Le Quotidien de Nouakchott","url":"https:\/\/lequotidien.mr\/","logo":{"@type":"ImageObject","inLanguage":"ar","@id":"https:\/\/lequotidien.mr\/#\/schema\/logo\/image\/","url":"https:\/\/lequotidien.mr\/wp-content\/uploads\/2022\/11\/logolequotidien.jpg","contentUrl":"https:\/\/lequotidien.mr\/wp-content\/uploads\/2022\/11\/logolequotidien.jpg","width":290,"height":65,"caption":"Le Quotidien de Nouakchott"},"image":{"@id":"https:\/\/lequotidien.mr\/#\/schema\/logo\/image\/"},"sameAs":["https:\/\/web.facebook.com\/lequotidienmr","https:\/\/x.com\/lequotidienmr"]},{"@type":"Person","@id":"https:\/\/lequotidien.mr\/#\/schema\/person\/d2d350202a4d599685ed8abc25f97596","name":"Med Ahmed","image":{"@type":"ImageObject","inLanguage":"ar","@id":"https:\/\/secure.gravatar.com\/avatar\/fd2acc62ed50732923d1d39c17172c9b04149f142be92310ecc69e1358f94b52?s=96&d=mm&r=g","url":"https:\/\/secure.gravatar.com\/avatar\/fd2acc62ed50732923d1d39c17172c9b04149f142be92310ecc69e1358f94b52?s=96&d=mm&r=g","contentUrl":"https:\/\/secure.gravatar.com\/avatar\/fd2acc62ed50732923d1d39c17172c9b04149f142be92310ecc69e1358f94b52?s=96&d=mm&r=g","caption":"Med Ahmed"},"url":"https:\/\/lequotidien.mr\/?author=12"}]}},"_links":{"self":[{"href":"https:\/\/lequotidien.mr\/index.php?rest_route=\/wp\/v2\/posts\/31943","targetHints":{"allow":["GET"]}}],"collection":[{"href":"https:\/\/lequotidien.mr\/index.php?rest_route=\/wp\/v2\/posts"}],"about":[{"href":"https:\/\/lequotidien.mr\/index.php?rest_route=\/wp\/v2\/types\/post"}],"author":[{"embeddable":true,"href":"https:\/\/lequotidien.mr\/index.php?rest_route=\/wp\/v2\/users\/12"}],"replies":[{"embeddable":true,"href":"https:\/\/lequotidien.mr\/index.php?rest_route=%2Fwp%2Fv2%2Fcomments&post=31943"}],"version-history":[{"count":1,"href":"https:\/\/lequotidien.mr\/index.php?rest_route=\/wp\/v2\/posts\/31943\/revisions"}],"predecessor-version":[{"id":31945,"href":"https:\/\/lequotidien.mr\/index.php?rest_route=\/wp\/v2\/posts\/31943\/revisions\/31945"}],"wp:featuredmedia":[{"embeddable":true,"href":"https:\/\/lequotidien.mr\/index.php?rest_route=\/wp\/v2\/media\/31944"}],"wp:attachment":[{"href":"https:\/\/lequotidien.mr\/index.php?rest_route=%2Fwp%2Fv2%2Fmedia&parent=31943"}],"wp:term":[{"taxonomy":"category","embeddable":true,"href":"https:\/\/lequotidien.mr\/index.php?rest_route=%2Fwp%2Fv2%2Fcategories&post=31943"},{"taxonomy":"post_tag","embeddable":true,"href":"https:\/\/lequotidien.mr\/index.php?rest_route=%2Fwp%2Fv2%2Ftags&post=31943"}],"curies":[{"name":"wp","href":"https:\/\/api.w.org\/{rel}","templated":true}]}}