{"id":31893,"date":"2025-10-25T16:22:41","date_gmt":"2025-10-25T16:22:41","guid":{"rendered":"https:\/\/lequotidien.mr\/?p=31893"},"modified":"2025-10-25T16:22:41","modified_gmt":"2025-10-25T16:22:41","slug":"souverainete-alimentaire-lancement-de-la-campagne-maraichere-2025-2026-et-amenagement-du-canal-de-soukam","status":"publish","type":"post","link":"https:\/\/lequotidien.mr\/?p=31893&lang=fr","title":{"rendered":"Souverainet\u00e9 alimentaire : Lancement de la campagne mara\u00eech\u00e8re 2025-2026 et am\u00e9nagement du canal de Soukam"},"content":{"rendered":"<p>Rosso, capitale de la wilaya du Trarza, a \u00e9t\u00e9 le th\u00e9\u00e2tre d&#8217;un \u00e9v\u00e9nement majeur pour l&#8217;avenir agricole de la Mauritanie. Le <strong>Pr\u00e9sident de la R\u00e9publique, M. Mohamed Cheikh El Ghazouani<\/strong>, a personnellement supervis\u00e9 le lancement solennel de la <strong>campagne nationale de culture mara\u00eech\u00e8re pour la saison 2025-2026<\/strong>. Lors de cette c\u00e9r\u00e9monie, il a \u00e9galement pos\u00e9 la premi\u00e8re pierre du <strong>projet strat\u00e9gique d&#8217;am\u00e9nagement du canal de Soukam<\/strong>, une infrastructure destin\u00e9e \u00e0 transformer durablement l&#8217;agriculture dans la r\u00e9gion. Ces initiatives concr\u00e9tisent la vision pr\u00e9sidentielle et placent le secteur agricole au c\u0153ur des priorit\u00e9s nationales pour atteindre l&#8217;autosuffisance alimentaire.<\/p>\n<p><strong>Une ambition nationale pour l&#8217;agriculture<\/strong><\/p>\n<p>La campagne mara\u00eech\u00e8re 2025-2026 affiche des objectifs ambitieux. Elle vise la mise en culture de 12 000 hectares, r\u00e9partis entre 8 000 hectares pour la campagne d&#8217;hiver et 4 000 hectares pour la campagne d&#8217;\u00e9t\u00e9. La production totale escompt\u00e9e est de 240 000 tonnes de l\u00e9gumes, un chiffre qui t\u00e9moigne de la volont\u00e9 des autorit\u00e9s de booster significativement la production locale.<\/p>\n<p>Dans son discours, le <strong>ministre de l&#8217;Agriculture et de la Souverainet\u00e9 alimentaire, M. Sid\u2019Ahmed Bouh<\/strong>, a soulign\u00e9 que cet \u00e9lan s&#8217;inscrit dans la droite ligne de la vision prospective du Pr\u00e9sident Ghazouani, <strong><em>\u00ab Mon ambition pour la Nation \u00bb<\/em><\/strong>. Il a rappel\u00e9 les excellents r\u00e9sultats de la campagne pr\u00e9c\u00e9dente (2024-2025), qui a vu une production de 134 025 tonnes sur 8 935 hectares, soit une augmentation de 34% par rapport \u00e0 la moyenne triennale. <strong><em>\u00ab L&#8217;honneur fait par Son Excellence le Pr\u00e9sident de la R\u00e9publique de pr\u00e9sider ces activit\u00e9s est une preuve que l&#8217;agriculture est une priorit\u00e9 absolue dans les politiques publiques \u00bb<\/em><\/strong>, a-t-il d\u00e9clar\u00e9.<\/p>\n<p><strong>Le projet structurant du Canal de Soukam<\/strong><\/p>\n<p>Pilier de cette nouvelle strat\u00e9gie, le projet d&#8217;am\u00e9nagement de l&#8217;affluent de Soukam est pr\u00e9sent\u00e9 comme l&#8217;un des plus importants pour la transformation des infrastructures agricoles. Ce projet consiste en le creusement, la r\u00e9habilitation et le nettoyage d&#8217;un canal de 34 kilom\u00e8tres, depuis le fleuve S\u00e9n\u00e9gal. \u00c0 terme, apr\u00e8s huit mois de travaux, il permettra d&#8217;irriguer environ 16 000 hectares de terres fertiles.<\/p>\n<p>Les retomb\u00e9es attendues sont multiples :<\/p>\n<p><strong>-Expansion des zones agricoles r\u00e9cup\u00e9r\u00e9es\u00a0;<\/strong><\/p>\n<p><strong>-Renforcement de la production locale de l\u00e9gumes et de c\u00e9r\u00e9ales\u00a0;<\/strong><\/p>\n<p><strong>-Am\u00e9lioration de la gestion des ressources en eau.<\/strong><\/p>\n<p>Le ministre a pr\u00e9cis\u00e9 que le projet comprendra la construction de 4 stations de pompage, assurant une irrigation p\u00e9renne et moderne pour les agriculteurs de la r\u00e9gion.<\/p>\n<p><strong>Mobilisation des moyens et des acteurs<\/strong><\/p>\n<p>Pour garantir le succ\u00e8s de cette ambitieuse campagne, l&#8217;\u00c9tat a proc\u00e9d\u00e9 \u00e0 d&#8217;importants investissements. Le ministre Bouh a d\u00e9taill\u00e9 les moyens d\u00e9ploy\u00e9s : l&#8217;acquisition de 800 tonnes de semences de pommes de terre, 8 tonnes d&#8217;autres semences, 70 km de cl\u00f4tures, 35 serres, des pompes agricoles et solaires, et l&#8217;\u00e9quipement de 40 sites agricoles. Par ailleurs, deux stations de r\u00e9frig\u00e9ration (1000 et 2400 tonnes) sont en construction, et une troisi\u00e8me de grande capacit\u00e9 est pr\u00e9vue \u00e0 Nouakchott, afin d&#8217;am\u00e9liorer la conservation et la valorisation des productions.<\/p>\n<p>Cette dynamique est soutenue par une forte implication du secteur priv\u00e9. <strong>M. Mohamed Zeine El Abidine Cheikh Ahmed, pr\u00e9sident de l\u2019Union nationale des employeurs mauritaniens<\/strong>, a salu\u00e9 la vision strat\u00e9gique du Pr\u00e9sident qui, d\u00e8s 2022, avait appel\u00e9 les acteurs \u00e9conomiques \u00e0 investir dans l&#8217;agriculture.<strong><em> \u00ab<\/em><\/strong> <strong><em>Ces directives ont rencontr\u00e9 une large et imm\u00e9diate r\u00e9ponse \u00bb<\/em><\/strong>, a-t-il affirm\u00e9, citant l&#8217;entr\u00e9e de plus de 30 entreprises nationales, l&#8217;injection de <strong><em>\u00ab dizaines de milliards \u00bb<\/em><\/strong> et la cr\u00e9ation de milliers d&#8217;emplois. L&#8217;importation de 880 tracteurs et 759 moissonneuses a \u00e9galement contribu\u00e9 \u00e0 une m\u00e9canisation accrue, faisant baisser le co\u00fbt de la r\u00e9colte.<\/p>\n<p><strong>Une dynamique r\u00e9gionale salu\u00e9e<\/strong><\/p>\n<p>Les autorit\u00e9s locales ont exprim\u00e9 leur fiert\u00e9 et leur soutien \u00e0 cette initiative. Le <strong>Pr\u00e9sident de la r\u00e9gion du Trarza, M. Mohamed Cheikh<\/strong>, a rappel\u00e9 la position de leader de sa wilaya dans le domaine agricole et s&#8217;est f\u00e9licit\u00e9 de l&#8217;int\u00e9r\u00eat constant du Chef de l&#8217;\u00c9tat pour le d\u00e9veloppement local. Le <strong>maire de Rosso, M. Bamba Deramane<\/strong>, a pour sa part souhait\u00e9 la bienvenue au Pr\u00e9sident sur <strong><em>\u00ab le sol fertile de la r\u00e9gion de Chemama \u00bb<\/em><\/strong>, estimant que ces r\u00e9alisations permettront de <strong><em>\u00ab g\u00e9n\u00e9rer une valeur ajout\u00e9e et un surplus pour l&#8217;exportation \u00bb.<\/em><\/strong><\/p>\n<p>M. Dia Adama Oumar, pr\u00e9sident de la F\u00e9d\u00e9ration nationale de l\u2019agriculture, a salu\u00e9 la supervision pr\u00e9sidentielle, un gage de l&#8217;importance accord\u00e9e \u00e0 la fili\u00e8re. Il a not\u00e9 les progr\u00e8s constants, notamment l&#8217;approche de l&#8217;autosuffisance en riz, tout en appelant \u00e0 un soutien renforc\u00e9 pour l&#8217;acc\u00e8s aux techniques modernes.<\/p>\n<p>Apr\u00e8s la c\u00e9r\u00e9monie officielle, qui s&#8217;est d\u00e9roul\u00e9e en pr\u00e9sence du <strong>wali du Trarza, M. Ahmedna Sidebba<\/strong>, des \u00e9lus locaux et des autorit\u00e9s civiles et militaires, le Pr\u00e9sident Ghazouani a visit\u00e9 les stands d&#8217;une exposition agricole. Il s&#8217;est longuement entretenu avec les exposants sur leurs activit\u00e9s et les d\u00e9fis rencontr\u00e9s, avant d&#8217;inspecter les machines et \u00e9quipements agricoles qui seront mis \u00e0 contribution pour cette nouvelle campagne, d\u00e9montrant ainsi son int\u00e9r\u00eat direct pour le travail des acteurs de terrain.<\/p>\n<p>Le lancement de la campagne mara\u00eech\u00e8re 2025-2026 et le d\u00e9marrage des travaux du canal de Soukam marquent un tournant d\u00e9cisif pour l&#8217;agriculture mauritanienne. Sous l&#8217;impulsion du Pr\u00e9sident Ghazouani, et gr\u00e2ce \u00e0 une mobilisation concert\u00e9e de l&#8217;\u00c9tat, du secteur priv\u00e9 et des agriculteurs, le pays s&#8217;engage avec d\u00e9termination sur la voie de la souverainet\u00e9 alimentaire et de la transformation structurelle de son \u00e9conomie.<\/p>\n","protected":false},"excerpt":{"rendered":"<p>Rosso, capitale de la wilaya du Trarza, a \u00e9t\u00e9 le th\u00e9\u00e2tre d&#8217;un \u00e9v\u00e9nement majeur pour l&#8217;avenir agricole de la Mauritanie. Le Pr\u00e9sident de la R\u00e9publique, M. Mohamed Cheikh El Ghazouani, a personnellement supervis\u00e9 le lancement solennel de la campagne nationale de culture mara\u00eech\u00e8re pour la saison 2025-2026. Lors de cette c\u00e9r\u00e9monie, il a \u00e9galement pos\u00e9&#8230;..<\/p>\n","protected":false},"author":12,"featured_media":31894,"comment_status":"open","ping_status":"open","sticky":false,"template":"","format":"standard","meta":{"footnotes":""},"categories":[23,49],"tags":[],"class_list":["post-31893","post","type-post","status-publish","format-standard","has-post-thumbnail","hentry","category-actualite","category-economie"],"yoast_head":"<!-- This site is optimized with the Yoast SEO plugin v27.5 - https:\/\/yoast.com\/product\/yoast-seo-wordpress\/ -->\n<title>Souverainet\u00e9 alimentaire : Lancement de la campagne mara\u00eech\u00e8re 2025-2026 et am\u00e9nagement du canal de Soukam - Le Quotidien de Nouakchott<\/title>\n<meta name=\"robots\" content=\"index, follow, max-snippet:-1, max-image-preview:large, max-video-preview:-1\" \/>\n<link rel=\"canonical\" href=\"https:\/\/lequotidien.mr\/?p=31893&lang=fr\" \/>\n<meta property=\"og:locale\" content=\"ar_AR\" \/>\n<meta property=\"og:type\" content=\"article\" \/>\n<meta property=\"og:title\" content=\"Souverainet\u00e9 alimentaire : Lancement de la campagne mara\u00eech\u00e8re 2025-2026 et am\u00e9nagement du canal de Soukam - Le Quotidien de Nouakchott\" \/>\n<meta property=\"og:description\" content=\"Rosso, capitale de la wilaya du Trarza, a \u00e9t\u00e9 le th\u00e9\u00e2tre d&#8217;un \u00e9v\u00e9nement majeur pour l&#8217;avenir agricole de la Mauritanie. Le Pr\u00e9sident de la R\u00e9publique, M. Mohamed Cheikh El Ghazouani, a personnellement supervis\u00e9 le lancement solennel de la campagne nationale de culture mara\u00eech\u00e8re pour la saison 2025-2026. Lors de cette c\u00e9r\u00e9monie, il a \u00e9galement pos\u00e9.....\" \/>\n<meta property=\"og:url\" content=\"https:\/\/lequotidien.mr\/?p=31893&amp;lang=fr\" \/>\n<meta property=\"og:site_name\" content=\"Le Quotidien de Nouakchott\" \/>\n<meta property=\"article:publisher\" content=\"https:\/\/web.facebook.com\/lequotidienmr\" \/>\n<meta property=\"article:published_time\" content=\"2025-10-25T16:22:41+00:00\" \/>\n<meta property=\"og:image\" content=\"https:\/\/lequotidien.mr\/wp-content\/uploads\/2025\/10\/photo-maraichage.jpg\" \/>\n\t<meta property=\"og:image:width\" content=\"750\" \/>\n\t<meta property=\"og:image:height\" content=\"430\" \/>\n\t<meta property=\"og:image:type\" content=\"image\/jpeg\" \/>\n<meta name=\"author\" content=\"Med Ahmed\" \/>\n<meta name=\"twitter:card\" content=\"summary_large_image\" \/>\n<meta name=\"twitter:creator\" content=\"@lequotidienmr\" \/>\n<meta name=\"twitter:site\" content=\"@lequotidienmr\" \/>\n<meta name=\"twitter:label1\" content=\"\u0643\u064f\u062a\u0628 \u0628\u0648\u0627\u0633\u0637\u0629\" \/>\n\t<meta name=\"twitter:data1\" content=\"Med Ahmed\" \/>\n\t<meta name=\"twitter:label2\" content=\"\u0648\u0642\u062a \u0627\u0644\u0642\u0631\u0627\u0621\u0629 \u0627\u0644\u0645\u064f\u0642\u062f\u0651\u0631\" \/>\n\t<meta name=\"twitter:data2\" content=\"7 \u062f\u0642\u0627\u0626\u0642\" \/>\n<script type=\"application\/ld+json\" class=\"yoast-schema-graph\">{\"@context\":\"https:\\\/\\\/schema.org\",\"@graph\":[{\"@type\":\"Article\",\"@id\":\"https:\\\/\\\/lequotidien.mr\\\/?p=31893&lang=fr#article\",\"isPartOf\":{\"@id\":\"https:\\\/\\\/lequotidien.mr\\\/?p=31893&lang=fr\"},\"author\":{\"name\":\"Med Ahmed\",\"@id\":\"https:\\\/\\\/lequotidien.mr\\\/#\\\/schema\\\/person\\\/d2d350202a4d599685ed8abc25f97596\"},\"headline\":\"Souverainet\u00e9 alimentaire : Lancement de la campagne mara\u00eech\u00e8re 2025-2026 et am\u00e9nagement du canal de Soukam\",\"datePublished\":\"2025-10-25T16:22:41+00:00\",\"mainEntityOfPage\":{\"@id\":\"https:\\\/\\\/lequotidien.mr\\\/?p=31893&lang=fr\"},\"wordCount\":997,\"commentCount\":0,\"publisher\":{\"@id\":\"https:\\\/\\\/lequotidien.mr\\\/#organization\"},\"image\":{\"@id\":\"https:\\\/\\\/lequotidien.mr\\\/?p=31893&lang=fr#primaryimage\"},\"thumbnailUrl\":\"https:\\\/\\\/lequotidien.mr\\\/wp-content\\\/uploads\\\/2025\\\/10\\\/photo-maraichage.jpg\",\"articleSection\":[\"ACTUALIT\u00c9\",\"Economie\"],\"inLanguage\":\"ar\",\"potentialAction\":[{\"@type\":\"CommentAction\",\"name\":\"Comment\",\"target\":[\"https:\\\/\\\/lequotidien.mr\\\/?p=31893&lang=fr#respond\"]}]},{\"@type\":\"WebPage\",\"@id\":\"https:\\\/\\\/lequotidien.mr\\\/?p=31893&lang=fr\",\"url\":\"https:\\\/\\\/lequotidien.mr\\\/?p=31893&lang=fr\",\"name\":\"Souverainet\u00e9 alimentaire : Lancement de la campagne mara\u00eech\u00e8re 2025-2026 et am\u00e9nagement du canal de Soukam - Le Quotidien de Nouakchott\",\"isPartOf\":{\"@id\":\"https:\\\/\\\/lequotidien.mr\\\/#website\"},\"primaryImageOfPage\":{\"@id\":\"https:\\\/\\\/lequotidien.mr\\\/?p=31893&lang=fr#primaryimage\"},\"image\":{\"@id\":\"https:\\\/\\\/lequotidien.mr\\\/?p=31893&lang=fr#primaryimage\"},\"thumbnailUrl\":\"https:\\\/\\\/lequotidien.mr\\\/wp-content\\\/uploads\\\/2025\\\/10\\\/photo-maraichage.jpg\",\"datePublished\":\"2025-10-25T16:22:41+00:00\",\"breadcrumb\":{\"@id\":\"https:\\\/\\\/lequotidien.mr\\\/?p=31893&lang=fr#breadcrumb\"},\"inLanguage\":\"ar\",\"potentialAction\":[{\"@type\":\"ReadAction\",\"target\":[\"https:\\\/\\\/lequotidien.mr\\\/?p=31893&lang=fr\"]}]},{\"@type\":\"ImageObject\",\"inLanguage\":\"ar\",\"@id\":\"https:\\\/\\\/lequotidien.mr\\\/?p=31893&lang=fr#primaryimage\",\"url\":\"https:\\\/\\\/lequotidien.mr\\\/wp-content\\\/uploads\\\/2025\\\/10\\\/photo-maraichage.jpg\",\"contentUrl\":\"https:\\\/\\\/lequotidien.mr\\\/wp-content\\\/uploads\\\/2025\\\/10\\\/photo-maraichage.jpg\",\"width\":750,\"height\":430},{\"@type\":\"BreadcrumbList\",\"@id\":\"https:\\\/\\\/lequotidien.mr\\\/?p=31893&lang=fr#breadcrumb\",\"itemListElement\":[{\"@type\":\"ListItem\",\"position\":1,\"name\":\"Home\",\"item\":\"https:\\\/\\\/lequotidien.mr\\\/\"},{\"@type\":\"ListItem\",\"position\":2,\"name\":\"Souverainet\u00e9 alimentaire : Lancement de la campagne mara\u00eech\u00e8re 2025-2026 et am\u00e9nagement du canal de Soukam\"}]},{\"@type\":\"WebSite\",\"@id\":\"https:\\\/\\\/lequotidien.mr\\\/#website\",\"url\":\"https:\\\/\\\/lequotidien.mr\\\/\",\"name\":\"Le Quotidien de Nouakchott\",\"description\":\"\u0625\u062e\u0628\u0627\u0631\u064a\u0629 \u0645\u0633\u062a\u0642\u0644\u0629 \u0644\u0644\u0623\u0646\u0628\u0627\u0621 \u0627\u0644\u0639\u0627\u0645\u0629\",\"publisher\":{\"@id\":\"https:\\\/\\\/lequotidien.mr\\\/#organization\"},\"potentialAction\":[{\"@type\":\"SearchAction\",\"target\":{\"@type\":\"EntryPoint\",\"urlTemplate\":\"https:\\\/\\\/lequotidien.mr\\\/?s={search_term_string}\"},\"query-input\":{\"@type\":\"PropertyValueSpecification\",\"valueRequired\":true,\"valueName\":\"search_term_string\"}}],\"inLanguage\":\"ar\"},{\"@type\":\"Organization\",\"@id\":\"https:\\\/\\\/lequotidien.mr\\\/#organization\",\"name\":\"Le Quotidien de Nouakchott\",\"url\":\"https:\\\/\\\/lequotidien.mr\\\/\",\"logo\":{\"@type\":\"ImageObject\",\"inLanguage\":\"ar\",\"@id\":\"https:\\\/\\\/lequotidien.mr\\\/#\\\/schema\\\/logo\\\/image\\\/\",\"url\":\"https:\\\/\\\/lequotidien.mr\\\/wp-content\\\/uploads\\\/2022\\\/11\\\/logolequotidien.jpg\",\"contentUrl\":\"https:\\\/\\\/lequotidien.mr\\\/wp-content\\\/uploads\\\/2022\\\/11\\\/logolequotidien.jpg\",\"width\":290,\"height\":65,\"caption\":\"Le Quotidien de Nouakchott\"},\"image\":{\"@id\":\"https:\\\/\\\/lequotidien.mr\\\/#\\\/schema\\\/logo\\\/image\\\/\"},\"sameAs\":[\"https:\\\/\\\/web.facebook.com\\\/lequotidienmr\",\"https:\\\/\\\/x.com\\\/lequotidienmr\"]},{\"@type\":\"Person\",\"@id\":\"https:\\\/\\\/lequotidien.mr\\\/#\\\/schema\\\/person\\\/d2d350202a4d599685ed8abc25f97596\",\"name\":\"Med Ahmed\",\"image\":{\"@type\":\"ImageObject\",\"inLanguage\":\"ar\",\"@id\":\"https:\\\/\\\/secure.gravatar.com\\\/avatar\\\/fd2acc62ed50732923d1d39c17172c9b04149f142be92310ecc69e1358f94b52?s=96&d=mm&r=g\",\"url\":\"https:\\\/\\\/secure.gravatar.com\\\/avatar\\\/fd2acc62ed50732923d1d39c17172c9b04149f142be92310ecc69e1358f94b52?s=96&d=mm&r=g\",\"contentUrl\":\"https:\\\/\\\/secure.gravatar.com\\\/avatar\\\/fd2acc62ed50732923d1d39c17172c9b04149f142be92310ecc69e1358f94b52?s=96&d=mm&r=g\",\"caption\":\"Med Ahmed\"},\"url\":\"https:\\\/\\\/lequotidien.mr\\\/?author=12\"}]}<\/script>\n<!-- \/ Yoast SEO plugin. -->","yoast_head_json":{"title":"Souverainet\u00e9 alimentaire : Lancement de la campagne mara\u00eech\u00e8re 2025-2026 et am\u00e9nagement du canal de Soukam - Le Quotidien de Nouakchott","robots":{"index":"index","follow":"follow","max-snippet":"max-snippet:-1","max-image-preview":"max-image-preview:large","max-video-preview":"max-video-preview:-1"},"canonical":"https:\/\/lequotidien.mr\/?p=31893&lang=fr","og_locale":"ar_AR","og_type":"article","og_title":"Souverainet\u00e9 alimentaire : Lancement de la campagne mara\u00eech\u00e8re 2025-2026 et am\u00e9nagement du canal de Soukam - Le Quotidien de Nouakchott","og_description":"Rosso, capitale de la wilaya du Trarza, a \u00e9t\u00e9 le th\u00e9\u00e2tre d&#8217;un \u00e9v\u00e9nement majeur pour l&#8217;avenir agricole de la Mauritanie. Le Pr\u00e9sident de la R\u00e9publique, M. Mohamed Cheikh El Ghazouani, a personnellement supervis\u00e9 le lancement solennel de la campagne nationale de culture mara\u00eech\u00e8re pour la saison 2025-2026. Lors de cette c\u00e9r\u00e9monie, il a \u00e9galement pos\u00e9.....","og_url":"https:\/\/lequotidien.mr\/?p=31893&lang=fr","og_site_name":"Le Quotidien de Nouakchott","article_publisher":"https:\/\/web.facebook.com\/lequotidienmr","article_published_time":"2025-10-25T16:22:41+00:00","og_image":[{"width":750,"height":430,"url":"https:\/\/lequotidien.mr\/wp-content\/uploads\/2025\/10\/photo-maraichage.jpg","type":"image\/jpeg"}],"author":"Med Ahmed","twitter_card":"summary_large_image","twitter_creator":"@lequotidienmr","twitter_site":"@lequotidienmr","twitter_misc":{"\u0643\u064f\u062a\u0628 \u0628\u0648\u0627\u0633\u0637\u0629":"Med Ahmed","\u0648\u0642\u062a \u0627\u0644\u0642\u0631\u0627\u0621\u0629 \u0627\u0644\u0645\u064f\u0642\u062f\u0651\u0631":"7 \u062f\u0642\u0627\u0626\u0642"},"schema":{"@context":"https:\/\/schema.org","@graph":[{"@type":"Article","@id":"https:\/\/lequotidien.mr\/?p=31893&lang=fr#article","isPartOf":{"@id":"https:\/\/lequotidien.mr\/?p=31893&lang=fr"},"author":{"name":"Med Ahmed","@id":"https:\/\/lequotidien.mr\/#\/schema\/person\/d2d350202a4d599685ed8abc25f97596"},"headline":"Souverainet\u00e9 alimentaire : Lancement de la campagne mara\u00eech\u00e8re 2025-2026 et am\u00e9nagement du canal de Soukam","datePublished":"2025-10-25T16:22:41+00:00","mainEntityOfPage":{"@id":"https:\/\/lequotidien.mr\/?p=31893&lang=fr"},"wordCount":997,"commentCount":0,"publisher":{"@id":"https:\/\/lequotidien.mr\/#organization"},"image":{"@id":"https:\/\/lequotidien.mr\/?p=31893&lang=fr#primaryimage"},"thumbnailUrl":"https:\/\/lequotidien.mr\/wp-content\/uploads\/2025\/10\/photo-maraichage.jpg","articleSection":["ACTUALIT\u00c9","Economie"],"inLanguage":"ar","potentialAction":[{"@type":"CommentAction","name":"Comment","target":["https:\/\/lequotidien.mr\/?p=31893&lang=fr#respond"]}]},{"@type":"WebPage","@id":"https:\/\/lequotidien.mr\/?p=31893&lang=fr","url":"https:\/\/lequotidien.mr\/?p=31893&lang=fr","name":"Souverainet\u00e9 alimentaire : Lancement de la campagne mara\u00eech\u00e8re 2025-2026 et am\u00e9nagement du canal de Soukam - Le Quotidien de Nouakchott","isPartOf":{"@id":"https:\/\/lequotidien.mr\/#website"},"primaryImageOfPage":{"@id":"https:\/\/lequotidien.mr\/?p=31893&lang=fr#primaryimage"},"image":{"@id":"https:\/\/lequotidien.mr\/?p=31893&lang=fr#primaryimage"},"thumbnailUrl":"https:\/\/lequotidien.mr\/wp-content\/uploads\/2025\/10\/photo-maraichage.jpg","datePublished":"2025-10-25T16:22:41+00:00","breadcrumb":{"@id":"https:\/\/lequotidien.mr\/?p=31893&lang=fr#breadcrumb"},"inLanguage":"ar","potentialAction":[{"@type":"ReadAction","target":["https:\/\/lequotidien.mr\/?p=31893&lang=fr"]}]},{"@type":"ImageObject","inLanguage":"ar","@id":"https:\/\/lequotidien.mr\/?p=31893&lang=fr#primaryimage","url":"https:\/\/lequotidien.mr\/wp-content\/uploads\/2025\/10\/photo-maraichage.jpg","contentUrl":"https:\/\/lequotidien.mr\/wp-content\/uploads\/2025\/10\/photo-maraichage.jpg","width":750,"height":430},{"@type":"BreadcrumbList","@id":"https:\/\/lequotidien.mr\/?p=31893&lang=fr#breadcrumb","itemListElement":[{"@type":"ListItem","position":1,"name":"Home","item":"https:\/\/lequotidien.mr\/"},{"@type":"ListItem","position":2,"name":"Souverainet\u00e9 alimentaire : Lancement de la campagne mara\u00eech\u00e8re 2025-2026 et am\u00e9nagement du canal de Soukam"}]},{"@type":"WebSite","@id":"https:\/\/lequotidien.mr\/#website","url":"https:\/\/lequotidien.mr\/","name":"Le Quotidien de Nouakchott","description":"\u0625\u062e\u0628\u0627\u0631\u064a\u0629 \u0645\u0633\u062a\u0642\u0644\u0629 \u0644\u0644\u0623\u0646\u0628\u0627\u0621 \u0627\u0644\u0639\u0627\u0645\u0629","publisher":{"@id":"https:\/\/lequotidien.mr\/#organization"},"potentialAction":[{"@type":"SearchAction","target":{"@type":"EntryPoint","urlTemplate":"https:\/\/lequotidien.mr\/?s={search_term_string}"},"query-input":{"@type":"PropertyValueSpecification","valueRequired":true,"valueName":"search_term_string"}}],"inLanguage":"ar"},{"@type":"Organization","@id":"https:\/\/lequotidien.mr\/#organization","name":"Le Quotidien de Nouakchott","url":"https:\/\/lequotidien.mr\/","logo":{"@type":"ImageObject","inLanguage":"ar","@id":"https:\/\/lequotidien.mr\/#\/schema\/logo\/image\/","url":"https:\/\/lequotidien.mr\/wp-content\/uploads\/2022\/11\/logolequotidien.jpg","contentUrl":"https:\/\/lequotidien.mr\/wp-content\/uploads\/2022\/11\/logolequotidien.jpg","width":290,"height":65,"caption":"Le Quotidien de Nouakchott"},"image":{"@id":"https:\/\/lequotidien.mr\/#\/schema\/logo\/image\/"},"sameAs":["https:\/\/web.facebook.com\/lequotidienmr","https:\/\/x.com\/lequotidienmr"]},{"@type":"Person","@id":"https:\/\/lequotidien.mr\/#\/schema\/person\/d2d350202a4d599685ed8abc25f97596","name":"Med Ahmed","image":{"@type":"ImageObject","inLanguage":"ar","@id":"https:\/\/secure.gravatar.com\/avatar\/fd2acc62ed50732923d1d39c17172c9b04149f142be92310ecc69e1358f94b52?s=96&d=mm&r=g","url":"https:\/\/secure.gravatar.com\/avatar\/fd2acc62ed50732923d1d39c17172c9b04149f142be92310ecc69e1358f94b52?s=96&d=mm&r=g","contentUrl":"https:\/\/secure.gravatar.com\/avatar\/fd2acc62ed50732923d1d39c17172c9b04149f142be92310ecc69e1358f94b52?s=96&d=mm&r=g","caption":"Med Ahmed"},"url":"https:\/\/lequotidien.mr\/?author=12"}]}},"_links":{"self":[{"href":"https:\/\/lequotidien.mr\/index.php?rest_route=\/wp\/v2\/posts\/31893","targetHints":{"allow":["GET"]}}],"collection":[{"href":"https:\/\/lequotidien.mr\/index.php?rest_route=\/wp\/v2\/posts"}],"about":[{"href":"https:\/\/lequotidien.mr\/index.php?rest_route=\/wp\/v2\/types\/post"}],"author":[{"embeddable":true,"href":"https:\/\/lequotidien.mr\/index.php?rest_route=\/wp\/v2\/users\/12"}],"replies":[{"embeddable":true,"href":"https:\/\/lequotidien.mr\/index.php?rest_route=%2Fwp%2Fv2%2Fcomments&post=31893"}],"version-history":[{"count":1,"href":"https:\/\/lequotidien.mr\/index.php?rest_route=\/wp\/v2\/posts\/31893\/revisions"}],"predecessor-version":[{"id":31895,"href":"https:\/\/lequotidien.mr\/index.php?rest_route=\/wp\/v2\/posts\/31893\/revisions\/31895"}],"wp:featuredmedia":[{"embeddable":true,"href":"https:\/\/lequotidien.mr\/index.php?rest_route=\/wp\/v2\/media\/31894"}],"wp:attachment":[{"href":"https:\/\/lequotidien.mr\/index.php?rest_route=%2Fwp%2Fv2%2Fmedia&parent=31893"}],"wp:term":[{"taxonomy":"category","embeddable":true,"href":"https:\/\/lequotidien.mr\/index.php?rest_route=%2Fwp%2Fv2%2Fcategories&post=31893"},{"taxonomy":"post_tag","embeddable":true,"href":"https:\/\/lequotidien.mr\/index.php?rest_route=%2Fwp%2Fv2%2Ftags&post=31893"}],"curies":[{"name":"wp","href":"https:\/\/api.w.org\/{rel}","templated":true}]}}