{"id":31873,"date":"2025-10-24T08:57:49","date_gmt":"2025-10-24T08:57:49","guid":{"rendered":"https:\/\/lequotidien.mr\/?p=31873"},"modified":"2025-10-24T08:57:49","modified_gmt":"2025-10-24T08:57:49","slug":"djeddah-arabie-saoudite-la-mauritanie-participe-activement-a-la-conference-des-ministres-de-leau-de-loci","status":"publish","type":"post","link":"https:\/\/lequotidien.mr\/?p=31873&lang=fr","title":{"rendered":"Djeddah\/Arabie Saoudite : La Mauritanie participe activement \u00e0 la Conf\u00e9rence des ministres de l\u2019Eau de l\u2019OCI"},"content":{"rendered":"<p>La <strong>ministre de l\u2019Hydraulique et de l\u2019Assainissement, Mme Amal Mouloud<\/strong>, a pris une part active aux travaux de la cinqui\u00e8me session de la <strong>Conf\u00e9rence des ministres de l\u2019Organisation de la Coop\u00e9ration Islamique (OCI)<\/strong> responsables du secteur de l\u2019hydraulique, ce mercredi \u00e0 Djeddah. Cette participation s\u2019inscrit dans le cadre des efforts du pays pour renforcer la coop\u00e9ration internationale face aux d\u00e9fis hydriques mondiaux.<\/p>\n<p><strong style=\"font-weight: inherit;\">Un contexte mondial marqu\u00e9 par des d\u00e9fis hydriques croissants<\/strong><\/p>\n<p>Dans son discours lors de la s\u00e9ance d\u2019ouverture, Mme la Ministre a d\u2019embl\u00e9e situ\u00e9 le cadre de cette rencontre internationale. Elle a soulign\u00e9 que la conf\u00e9rence se tenait dans <strong><em>\u00ab un contexte mondial d\u00e9licat o\u00f9 les d\u00e9fis li\u00e9s \u00e0 l\u2019eau s\u2019intensifient en raison du changement climatique, de la croissance d\u00e9mographique et des pressions croissantes sur les ressources naturelles \u00bb.<\/em><\/strong><\/p>\n<p>Face \u00e0 cette situation, la Ministre Mouloud a appel\u00e9 \u00e0 l\u2019adoption de <strong><em>\u00ab politiques int\u00e9gr\u00e9es qui \u00e9quilibrent la satisfaction des besoins actuels et la garantie de la durabilit\u00e9 des ressources pour les g\u00e9n\u00e9rations futures \u00bb.<\/em><\/strong> Cet appel refl\u00e8te la n\u00e9cessit\u00e9 d\u2019une approche coordonn\u00e9e et prospective pour une gestion durable de l\u2019or bleu.<\/p>\n<p><strong style=\"font-weight: inherit;\">Les piliers de la strat\u00e9gie nationale mauritanienne de l\u2019eau<\/strong><\/p>\n<p>Au c\u0153ur de son intervention, Mme Amal Mouloud a pr\u00e9sent\u00e9 les grandes orientations de la strat\u00e9gie nationale globale de l\u2019eau, mise en \u0153uvre par le gouvernement. Cette feuille de route ambitieuse s\u2019articule autour de plusieurs objectifs prioritaires :<\/p>\n<p><strong>-Am\u00e9liorer l\u2019acc\u00e8s \u00e0 l\u2019eau<\/strong>\u00a0pour les diverses utilisations, qu\u2019elles soient domestiques, agricoles ou industrielles\u00a0;<\/p>\n<p><strong>-Renforcer l\u2019efficacit\u00e9 de la gestion des ressources<\/strong>\u00a0en eau pour une optimisation de leur utilisation\u00a0;<\/p>\n<p><strong>-Encourager l\u2019investissement<\/strong>\u00a0dans le secteur de l&#8217;hydraulique pour moderniser les infrastructures et soutenir l&#8217;innovation.<\/p>\n<p>Un accent particulier a \u00e9t\u00e9 mis sur\u00a0<strong>l\u2019utilisation optimale des eaux de surface<\/strong>\u00a0et la\u00a0<strong>pr\u00e9servation des eaux souterraines<\/strong>, ces derni\u00e8res \u00e9tant consid\u00e9r\u00e9es comme une <strong><em>\u00ab r\u00e9serve strat\u00e9gique \u00bb<\/em><\/strong> vitale pour la nation, qu&#8217;il convient de prot\u00e9ger contre toute surexploitation.<\/p>\n<p><strong style=\"font-weight: inherit;\">Soutien aux initiatives internationales et partage d\u2019expertise r\u00e9gionale<\/strong><\/p>\n<p>En conclusion de son allocution, la Ministre a exprim\u00e9 la pleine appr\u00e9ciation et le soutien de notre pays \u00e0 l\u2019initiative du Royaume d\u2019Arabie Saoudite visant \u00e0 cr\u00e9er une\u00a0<strong>Organisation Mondiale de l\u2019Eau<\/strong>. Elle y a vu l&#8217;incarnation d&#8217;une <strong><em>\u00ab vision \u00e0 long terme de la coop\u00e9ration internationale dans ce domaine vital \u00bb.<\/em><\/strong><\/p>\n<p>Mme Mouloud a \u00e9galement profit\u00e9 de cette tribune pour partager l&#8217;expertise r\u00e9gionale du pays, en citant son\u00a0<strong>exp\u00e9rience pionni\u00e8re au sein de l\u2019Organisation pour la Mise en Valeur du fleuve S\u00e9n\u00e9gal (OMVS)<\/strong>. Cette coop\u00e9ration transfrontali\u00e8re r\u00e9ussie sert de mod\u00e8le pour une gestion concert\u00e9e des ressources partag\u00e9es. Elle a enfin \u00e9voqu\u00e9 les\u00a0<strong>efforts en cours pour lancer un nouveau m\u00e9canisme r\u00e9gional de gestion des eaux souterraines partag\u00e9es<\/strong>, d\u00e9montrant ainsi l&#8217;engagement actif du pays \u00e0 construire des partenariats durables pour la s\u00e9curit\u00e9 hydrique.<\/p>\n<p>Outre Mme la Ministre, la d\u00e9l\u00e9gation mauritanienne pr\u00e9sente \u00e0 Djeddah \u00e9tait compos\u00e9e de M. Mokhtar Dahi, ambassadeur de notre pays accr\u00e9dit\u00e9 aupr\u00e8s du Royaume d\u2019Arabie Saoudite, de Mme Fatimetou Cheikhna, charg\u00e9e d\u2019affaires du consulat \u00e0 Djeddah, et de Mme Khadi Mohamed Mahmoud, directrice de la planification et de la coop\u00e9ration au minist\u00e8re de l\u2019Hydraulique et de l\u2019Assainissement. Cette repr\u00e9sentation de haut niveau souligne l&#8217;importance que le pays accorde au dialogue et \u00e0 la coop\u00e9ration internationale dans le secteur strat\u00e9gique de l&#8217;eau.<\/p>\n<p>&nbsp;<\/p>\n","protected":false},"excerpt":{"rendered":"<p>La ministre de l\u2019Hydraulique et de l\u2019Assainissement, Mme Amal Mouloud, a pris une part active aux travaux de la cinqui\u00e8me session de la Conf\u00e9rence des ministres de l\u2019Organisation de la Coop\u00e9ration Islamique (OCI) responsables du secteur de l\u2019hydraulique, ce mercredi \u00e0 Djeddah. Cette participation s\u2019inscrit dans le cadre des efforts du pays pour renforcer la&#8230;..<\/p>\n","protected":false},"author":12,"featured_media":31874,"comment_status":"open","ping_status":"open","sticky":false,"template":"","format":"standard","meta":{"footnotes":""},"categories":[23,49],"tags":[],"class_list":["post-31873","post","type-post","status-publish","format-standard","has-post-thumbnail","hentry","category-actualite","category-economie"],"yoast_head":"<!-- This site is optimized with the Yoast SEO plugin v27.5 - https:\/\/yoast.com\/product\/yoast-seo-wordpress\/ -->\n<title>Djeddah\/Arabie Saoudite : La Mauritanie participe activement \u00e0 la Conf\u00e9rence des ministres de l\u2019Eau de l\u2019OCI - Le Quotidien de Nouakchott<\/title>\n<meta name=\"robots\" content=\"index, follow, max-snippet:-1, max-image-preview:large, max-video-preview:-1\" \/>\n<link rel=\"canonical\" href=\"https:\/\/lequotidien.mr\/?p=31873&lang=fr\" \/>\n<meta property=\"og:locale\" content=\"ar_AR\" \/>\n<meta property=\"og:type\" content=\"article\" \/>\n<meta property=\"og:title\" content=\"Djeddah\/Arabie Saoudite : La Mauritanie participe activement \u00e0 la Conf\u00e9rence des ministres de l\u2019Eau de l\u2019OCI - Le Quotidien de Nouakchott\" \/>\n<meta property=\"og:description\" content=\"La ministre de l\u2019Hydraulique et de l\u2019Assainissement, Mme Amal Mouloud, a pris une part active aux travaux de la cinqui\u00e8me session de la Conf\u00e9rence des ministres de l\u2019Organisation de la Coop\u00e9ration Islamique (OCI) responsables du secteur de l\u2019hydraulique, ce mercredi \u00e0 Djeddah. Cette participation s\u2019inscrit dans le cadre des efforts du pays pour renforcer la.....\" \/>\n<meta property=\"og:url\" content=\"https:\/\/lequotidien.mr\/?p=31873&amp;lang=fr\" \/>\n<meta property=\"og:site_name\" content=\"Le Quotidien de Nouakchott\" \/>\n<meta property=\"article:publisher\" content=\"https:\/\/web.facebook.com\/lequotidienmr\" \/>\n<meta property=\"article:published_time\" content=\"2025-10-24T08:57:49+00:00\" \/>\n<meta property=\"og:image\" content=\"https:\/\/lequotidien.mr\/wp-content\/uploads\/2025\/10\/photo-hydrolique-OCI.jpg\" \/>\n\t<meta property=\"og:image:width\" content=\"750\" \/>\n\t<meta property=\"og:image:height\" content=\"430\" \/>\n\t<meta property=\"og:image:type\" content=\"image\/jpeg\" \/>\n<meta name=\"author\" content=\"Med Ahmed\" \/>\n<meta name=\"twitter:card\" content=\"summary_large_image\" \/>\n<meta name=\"twitter:creator\" content=\"@lequotidienmr\" \/>\n<meta name=\"twitter:site\" content=\"@lequotidienmr\" \/>\n<meta name=\"twitter:label1\" content=\"\u0643\u064f\u062a\u0628 \u0628\u0648\u0627\u0633\u0637\u0629\" \/>\n\t<meta name=\"twitter:data1\" content=\"Med Ahmed\" \/>\n\t<meta name=\"twitter:label2\" content=\"\u0648\u0642\u062a \u0627\u0644\u0642\u0631\u0627\u0621\u0629 \u0627\u0644\u0645\u064f\u0642\u062f\u0651\u0631\" \/>\n\t<meta name=\"twitter:data2\" content=\"5 \u062f\u0642\u0627\u0626\u0642\" \/>\n<script type=\"application\/ld+json\" class=\"yoast-schema-graph\">{\"@context\":\"https:\\\/\\\/schema.org\",\"@graph\":[{\"@type\":\"Article\",\"@id\":\"https:\\\/\\\/lequotidien.mr\\\/?p=31873&lang=fr#article\",\"isPartOf\":{\"@id\":\"https:\\\/\\\/lequotidien.mr\\\/?p=31873&lang=fr\"},\"author\":{\"name\":\"Med Ahmed\",\"@id\":\"https:\\\/\\\/lequotidien.mr\\\/#\\\/schema\\\/person\\\/d2d350202a4d599685ed8abc25f97596\"},\"headline\":\"Djeddah\\\/Arabie Saoudite : La Mauritanie participe activement \u00e0 la Conf\u00e9rence des ministres de l\u2019Eau de l\u2019OCI\",\"datePublished\":\"2025-10-24T08:57:49+00:00\",\"mainEntityOfPage\":{\"@id\":\"https:\\\/\\\/lequotidien.mr\\\/?p=31873&lang=fr\"},\"wordCount\":636,\"commentCount\":0,\"publisher\":{\"@id\":\"https:\\\/\\\/lequotidien.mr\\\/#organization\"},\"image\":{\"@id\":\"https:\\\/\\\/lequotidien.mr\\\/?p=31873&lang=fr#primaryimage\"},\"thumbnailUrl\":\"https:\\\/\\\/lequotidien.mr\\\/wp-content\\\/uploads\\\/2025\\\/10\\\/photo-hydrolique-OCI.jpg\",\"articleSection\":[\"ACTUALIT\u00c9\",\"Economie\"],\"inLanguage\":\"ar\",\"potentialAction\":[{\"@type\":\"CommentAction\",\"name\":\"Comment\",\"target\":[\"https:\\\/\\\/lequotidien.mr\\\/?p=31873&lang=fr#respond\"]}]},{\"@type\":\"WebPage\",\"@id\":\"https:\\\/\\\/lequotidien.mr\\\/?p=31873&lang=fr\",\"url\":\"https:\\\/\\\/lequotidien.mr\\\/?p=31873&lang=fr\",\"name\":\"Djeddah\\\/Arabie Saoudite : La Mauritanie participe activement \u00e0 la Conf\u00e9rence des ministres de l\u2019Eau de l\u2019OCI - Le Quotidien de Nouakchott\",\"isPartOf\":{\"@id\":\"https:\\\/\\\/lequotidien.mr\\\/#website\"},\"primaryImageOfPage\":{\"@id\":\"https:\\\/\\\/lequotidien.mr\\\/?p=31873&lang=fr#primaryimage\"},\"image\":{\"@id\":\"https:\\\/\\\/lequotidien.mr\\\/?p=31873&lang=fr#primaryimage\"},\"thumbnailUrl\":\"https:\\\/\\\/lequotidien.mr\\\/wp-content\\\/uploads\\\/2025\\\/10\\\/photo-hydrolique-OCI.jpg\",\"datePublished\":\"2025-10-24T08:57:49+00:00\",\"breadcrumb\":{\"@id\":\"https:\\\/\\\/lequotidien.mr\\\/?p=31873&lang=fr#breadcrumb\"},\"inLanguage\":\"ar\",\"potentialAction\":[{\"@type\":\"ReadAction\",\"target\":[\"https:\\\/\\\/lequotidien.mr\\\/?p=31873&lang=fr\"]}]},{\"@type\":\"ImageObject\",\"inLanguage\":\"ar\",\"@id\":\"https:\\\/\\\/lequotidien.mr\\\/?p=31873&lang=fr#primaryimage\",\"url\":\"https:\\\/\\\/lequotidien.mr\\\/wp-content\\\/uploads\\\/2025\\\/10\\\/photo-hydrolique-OCI.jpg\",\"contentUrl\":\"https:\\\/\\\/lequotidien.mr\\\/wp-content\\\/uploads\\\/2025\\\/10\\\/photo-hydrolique-OCI.jpg\",\"width\":750,\"height\":430},{\"@type\":\"BreadcrumbList\",\"@id\":\"https:\\\/\\\/lequotidien.mr\\\/?p=31873&lang=fr#breadcrumb\",\"itemListElement\":[{\"@type\":\"ListItem\",\"position\":1,\"name\":\"Home\",\"item\":\"https:\\\/\\\/lequotidien.mr\\\/\"},{\"@type\":\"ListItem\",\"position\":2,\"name\":\"Djeddah\\\/Arabie Saoudite : La Mauritanie participe activement \u00e0 la Conf\u00e9rence des ministres de l\u2019Eau de l\u2019OCI\"}]},{\"@type\":\"WebSite\",\"@id\":\"https:\\\/\\\/lequotidien.mr\\\/#website\",\"url\":\"https:\\\/\\\/lequotidien.mr\\\/\",\"name\":\"Le Quotidien de Nouakchott\",\"description\":\"\u0625\u062e\u0628\u0627\u0631\u064a\u0629 \u0645\u0633\u062a\u0642\u0644\u0629 \u0644\u0644\u0623\u0646\u0628\u0627\u0621 \u0627\u0644\u0639\u0627\u0645\u0629\",\"publisher\":{\"@id\":\"https:\\\/\\\/lequotidien.mr\\\/#organization\"},\"potentialAction\":[{\"@type\":\"SearchAction\",\"target\":{\"@type\":\"EntryPoint\",\"urlTemplate\":\"https:\\\/\\\/lequotidien.mr\\\/?s={search_term_string}\"},\"query-input\":{\"@type\":\"PropertyValueSpecification\",\"valueRequired\":true,\"valueName\":\"search_term_string\"}}],\"inLanguage\":\"ar\"},{\"@type\":\"Organization\",\"@id\":\"https:\\\/\\\/lequotidien.mr\\\/#organization\",\"name\":\"Le Quotidien de Nouakchott\",\"url\":\"https:\\\/\\\/lequotidien.mr\\\/\",\"logo\":{\"@type\":\"ImageObject\",\"inLanguage\":\"ar\",\"@id\":\"https:\\\/\\\/lequotidien.mr\\\/#\\\/schema\\\/logo\\\/image\\\/\",\"url\":\"https:\\\/\\\/lequotidien.mr\\\/wp-content\\\/uploads\\\/2022\\\/11\\\/logolequotidien.jpg\",\"contentUrl\":\"https:\\\/\\\/lequotidien.mr\\\/wp-content\\\/uploads\\\/2022\\\/11\\\/logolequotidien.jpg\",\"width\":290,\"height\":65,\"caption\":\"Le Quotidien de Nouakchott\"},\"image\":{\"@id\":\"https:\\\/\\\/lequotidien.mr\\\/#\\\/schema\\\/logo\\\/image\\\/\"},\"sameAs\":[\"https:\\\/\\\/web.facebook.com\\\/lequotidienmr\",\"https:\\\/\\\/x.com\\\/lequotidienmr\"]},{\"@type\":\"Person\",\"@id\":\"https:\\\/\\\/lequotidien.mr\\\/#\\\/schema\\\/person\\\/d2d350202a4d599685ed8abc25f97596\",\"name\":\"Med Ahmed\",\"image\":{\"@type\":\"ImageObject\",\"inLanguage\":\"ar\",\"@id\":\"https:\\\/\\\/secure.gravatar.com\\\/avatar\\\/fd2acc62ed50732923d1d39c17172c9b04149f142be92310ecc69e1358f94b52?s=96&d=mm&r=g\",\"url\":\"https:\\\/\\\/secure.gravatar.com\\\/avatar\\\/fd2acc62ed50732923d1d39c17172c9b04149f142be92310ecc69e1358f94b52?s=96&d=mm&r=g\",\"contentUrl\":\"https:\\\/\\\/secure.gravatar.com\\\/avatar\\\/fd2acc62ed50732923d1d39c17172c9b04149f142be92310ecc69e1358f94b52?s=96&d=mm&r=g\",\"caption\":\"Med Ahmed\"},\"url\":\"https:\\\/\\\/lequotidien.mr\\\/?author=12\"}]}<\/script>\n<!-- \/ Yoast SEO plugin. -->","yoast_head_json":{"title":"Djeddah\/Arabie Saoudite : La Mauritanie participe activement \u00e0 la Conf\u00e9rence des ministres de l\u2019Eau de l\u2019OCI - Le Quotidien de Nouakchott","robots":{"index":"index","follow":"follow","max-snippet":"max-snippet:-1","max-image-preview":"max-image-preview:large","max-video-preview":"max-video-preview:-1"},"canonical":"https:\/\/lequotidien.mr\/?p=31873&lang=fr","og_locale":"ar_AR","og_type":"article","og_title":"Djeddah\/Arabie Saoudite : La Mauritanie participe activement \u00e0 la Conf\u00e9rence des ministres de l\u2019Eau de l\u2019OCI - Le Quotidien de Nouakchott","og_description":"La ministre de l\u2019Hydraulique et de l\u2019Assainissement, Mme Amal Mouloud, a pris une part active aux travaux de la cinqui\u00e8me session de la Conf\u00e9rence des ministres de l\u2019Organisation de la Coop\u00e9ration Islamique (OCI) responsables du secteur de l\u2019hydraulique, ce mercredi \u00e0 Djeddah. Cette participation s\u2019inscrit dans le cadre des efforts du pays pour renforcer la.....","og_url":"https:\/\/lequotidien.mr\/?p=31873&lang=fr","og_site_name":"Le Quotidien de Nouakchott","article_publisher":"https:\/\/web.facebook.com\/lequotidienmr","article_published_time":"2025-10-24T08:57:49+00:00","og_image":[{"width":750,"height":430,"url":"https:\/\/lequotidien.mr\/wp-content\/uploads\/2025\/10\/photo-hydrolique-OCI.jpg","type":"image\/jpeg"}],"author":"Med Ahmed","twitter_card":"summary_large_image","twitter_creator":"@lequotidienmr","twitter_site":"@lequotidienmr","twitter_misc":{"\u0643\u064f\u062a\u0628 \u0628\u0648\u0627\u0633\u0637\u0629":"Med Ahmed","\u0648\u0642\u062a \u0627\u0644\u0642\u0631\u0627\u0621\u0629 \u0627\u0644\u0645\u064f\u0642\u062f\u0651\u0631":"5 \u062f\u0642\u0627\u0626\u0642"},"schema":{"@context":"https:\/\/schema.org","@graph":[{"@type":"Article","@id":"https:\/\/lequotidien.mr\/?p=31873&lang=fr#article","isPartOf":{"@id":"https:\/\/lequotidien.mr\/?p=31873&lang=fr"},"author":{"name":"Med Ahmed","@id":"https:\/\/lequotidien.mr\/#\/schema\/person\/d2d350202a4d599685ed8abc25f97596"},"headline":"Djeddah\/Arabie Saoudite : La Mauritanie participe activement \u00e0 la Conf\u00e9rence des ministres de l\u2019Eau de l\u2019OCI","datePublished":"2025-10-24T08:57:49+00:00","mainEntityOfPage":{"@id":"https:\/\/lequotidien.mr\/?p=31873&lang=fr"},"wordCount":636,"commentCount":0,"publisher":{"@id":"https:\/\/lequotidien.mr\/#organization"},"image":{"@id":"https:\/\/lequotidien.mr\/?p=31873&lang=fr#primaryimage"},"thumbnailUrl":"https:\/\/lequotidien.mr\/wp-content\/uploads\/2025\/10\/photo-hydrolique-OCI.jpg","articleSection":["ACTUALIT\u00c9","Economie"],"inLanguage":"ar","potentialAction":[{"@type":"CommentAction","name":"Comment","target":["https:\/\/lequotidien.mr\/?p=31873&lang=fr#respond"]}]},{"@type":"WebPage","@id":"https:\/\/lequotidien.mr\/?p=31873&lang=fr","url":"https:\/\/lequotidien.mr\/?p=31873&lang=fr","name":"Djeddah\/Arabie Saoudite : La Mauritanie participe activement \u00e0 la Conf\u00e9rence des ministres de l\u2019Eau de l\u2019OCI - Le Quotidien de Nouakchott","isPartOf":{"@id":"https:\/\/lequotidien.mr\/#website"},"primaryImageOfPage":{"@id":"https:\/\/lequotidien.mr\/?p=31873&lang=fr#primaryimage"},"image":{"@id":"https:\/\/lequotidien.mr\/?p=31873&lang=fr#primaryimage"},"thumbnailUrl":"https:\/\/lequotidien.mr\/wp-content\/uploads\/2025\/10\/photo-hydrolique-OCI.jpg","datePublished":"2025-10-24T08:57:49+00:00","breadcrumb":{"@id":"https:\/\/lequotidien.mr\/?p=31873&lang=fr#breadcrumb"},"inLanguage":"ar","potentialAction":[{"@type":"ReadAction","target":["https:\/\/lequotidien.mr\/?p=31873&lang=fr"]}]},{"@type":"ImageObject","inLanguage":"ar","@id":"https:\/\/lequotidien.mr\/?p=31873&lang=fr#primaryimage","url":"https:\/\/lequotidien.mr\/wp-content\/uploads\/2025\/10\/photo-hydrolique-OCI.jpg","contentUrl":"https:\/\/lequotidien.mr\/wp-content\/uploads\/2025\/10\/photo-hydrolique-OCI.jpg","width":750,"height":430},{"@type":"BreadcrumbList","@id":"https:\/\/lequotidien.mr\/?p=31873&lang=fr#breadcrumb","itemListElement":[{"@type":"ListItem","position":1,"name":"Home","item":"https:\/\/lequotidien.mr\/"},{"@type":"ListItem","position":2,"name":"Djeddah\/Arabie Saoudite : La Mauritanie participe activement \u00e0 la Conf\u00e9rence des ministres de l\u2019Eau de l\u2019OCI"}]},{"@type":"WebSite","@id":"https:\/\/lequotidien.mr\/#website","url":"https:\/\/lequotidien.mr\/","name":"Le Quotidien de Nouakchott","description":"\u0625\u062e\u0628\u0627\u0631\u064a\u0629 \u0645\u0633\u062a\u0642\u0644\u0629 \u0644\u0644\u0623\u0646\u0628\u0627\u0621 \u0627\u0644\u0639\u0627\u0645\u0629","publisher":{"@id":"https:\/\/lequotidien.mr\/#organization"},"potentialAction":[{"@type":"SearchAction","target":{"@type":"EntryPoint","urlTemplate":"https:\/\/lequotidien.mr\/?s={search_term_string}"},"query-input":{"@type":"PropertyValueSpecification","valueRequired":true,"valueName":"search_term_string"}}],"inLanguage":"ar"},{"@type":"Organization","@id":"https:\/\/lequotidien.mr\/#organization","name":"Le Quotidien de Nouakchott","url":"https:\/\/lequotidien.mr\/","logo":{"@type":"ImageObject","inLanguage":"ar","@id":"https:\/\/lequotidien.mr\/#\/schema\/logo\/image\/","url":"https:\/\/lequotidien.mr\/wp-content\/uploads\/2022\/11\/logolequotidien.jpg","contentUrl":"https:\/\/lequotidien.mr\/wp-content\/uploads\/2022\/11\/logolequotidien.jpg","width":290,"height":65,"caption":"Le Quotidien de Nouakchott"},"image":{"@id":"https:\/\/lequotidien.mr\/#\/schema\/logo\/image\/"},"sameAs":["https:\/\/web.facebook.com\/lequotidienmr","https:\/\/x.com\/lequotidienmr"]},{"@type":"Person","@id":"https:\/\/lequotidien.mr\/#\/schema\/person\/d2d350202a4d599685ed8abc25f97596","name":"Med Ahmed","image":{"@type":"ImageObject","inLanguage":"ar","@id":"https:\/\/secure.gravatar.com\/avatar\/fd2acc62ed50732923d1d39c17172c9b04149f142be92310ecc69e1358f94b52?s=96&d=mm&r=g","url":"https:\/\/secure.gravatar.com\/avatar\/fd2acc62ed50732923d1d39c17172c9b04149f142be92310ecc69e1358f94b52?s=96&d=mm&r=g","contentUrl":"https:\/\/secure.gravatar.com\/avatar\/fd2acc62ed50732923d1d39c17172c9b04149f142be92310ecc69e1358f94b52?s=96&d=mm&r=g","caption":"Med Ahmed"},"url":"https:\/\/lequotidien.mr\/?author=12"}]}},"_links":{"self":[{"href":"https:\/\/lequotidien.mr\/index.php?rest_route=\/wp\/v2\/posts\/31873","targetHints":{"allow":["GET"]}}],"collection":[{"href":"https:\/\/lequotidien.mr\/index.php?rest_route=\/wp\/v2\/posts"}],"about":[{"href":"https:\/\/lequotidien.mr\/index.php?rest_route=\/wp\/v2\/types\/post"}],"author":[{"embeddable":true,"href":"https:\/\/lequotidien.mr\/index.php?rest_route=\/wp\/v2\/users\/12"}],"replies":[{"embeddable":true,"href":"https:\/\/lequotidien.mr\/index.php?rest_route=%2Fwp%2Fv2%2Fcomments&post=31873"}],"version-history":[{"count":1,"href":"https:\/\/lequotidien.mr\/index.php?rest_route=\/wp\/v2\/posts\/31873\/revisions"}],"predecessor-version":[{"id":31875,"href":"https:\/\/lequotidien.mr\/index.php?rest_route=\/wp\/v2\/posts\/31873\/revisions\/31875"}],"wp:featuredmedia":[{"embeddable":true,"href":"https:\/\/lequotidien.mr\/index.php?rest_route=\/wp\/v2\/media\/31874"}],"wp:attachment":[{"href":"https:\/\/lequotidien.mr\/index.php?rest_route=%2Fwp%2Fv2%2Fmedia&parent=31873"}],"wp:term":[{"taxonomy":"category","embeddable":true,"href":"https:\/\/lequotidien.mr\/index.php?rest_route=%2Fwp%2Fv2%2Fcategories&post=31873"},{"taxonomy":"post_tag","embeddable":true,"href":"https:\/\/lequotidien.mr\/index.php?rest_route=%2Fwp%2Fv2%2Ftags&post=31873"}],"curies":[{"name":"wp","href":"https:\/\/api.w.org\/{rel}","templated":true}]}}