{"id":31870,"date":"2025-10-23T23:49:41","date_gmt":"2025-10-23T23:49:41","guid":{"rendered":"https:\/\/lequotidien.mr\/?p=31870"},"modified":"2025-10-23T23:49:41","modified_gmt":"2025-10-23T23:49:41","slug":"orpaillage-atelier-national-sur-la-gestion-environnementale-des-activites-de-ce-secteur","status":"publish","type":"post","link":"https:\/\/lequotidien.mr\/?p=31870&lang=fr","title":{"rendered":"Orpaillage : Atelier national sur la gestion environnementale des activit\u00e9s de ce secteur"},"content":{"rendered":"<p>En pr\u00e9sence d&#8217;un large \u00e9ventail d&#8217;acteurs du secteur,\u00a0<strong>Mme Massaouda Baham Mohamed Laghdaf<\/strong>, Ministre de l&#8217;Environnement et du D\u00e9veloppement Durable, a lanc\u00e9 ce mercredi \u00e0 Nouakchott un atelier consultatif national de deux jours. Plac\u00e9 sous le th\u00e8me \u00ab Les meilleures pratiques pour la gestion environnementale des activit\u00e9s d\u2019orpaillage et la gestion des produits chimiques et d\u00e9chets associ\u00e9s \u00bb, cet atelier vise \u00e0 \u00e9laborer une approche nationale pour une exploitation mini\u00e8re artisanale durable.<\/p>\n<p><strong>Objectifs de l&#8217;atelier<\/strong><\/p>\n<p>Dans son discours d&#8217;ouverture, la ministre a insist\u00e9 sur la volont\u00e9 du gouvernement de\u00a0<strong>trouver des solutions efficaces et durables<\/strong>\u00a0pour encadrer l&#8217;exploitation traditionnelle de l&#8217;or. Elle a soulign\u00e9 que cet atelier vise sp\u00e9cifiquement \u00e0 :<\/p>\n<p><strong>-Diagnostiquer<\/strong>\u00a0les pratiques et impacts n\u00e9gatifs de l&#8217;extraction artisanale\u00a0;<\/p>\n<p><strong>-D\u00e9finir<\/strong>\u00a0des priorit\u00e9s d&#8217;action \u00e0 court et moyen termes pour r\u00e9duire les risques\u00a0;<\/p>\n<p><strong>-Proposer<\/strong>\u00a0un cadre r\u00e9glementaire et un accompagnement technique\u00a0;<\/p>\n<p><strong>-Mettre \u00e0 disposition<\/strong>\u00a0des technologies alternatives et durables.<\/p>\n<p><strong>D\u00e9fis et opportunit\u00e9s du secteur<\/strong><\/p>\n<p>La ministre a rappel\u00e9 que le secteur minier traditionnel est devenu un\u00a0<strong>levier \u00e9conomique important<\/strong>, contribuant \u00e0 la croissance, \u00e0 la cr\u00e9ation d&#8217;emplois et \u00e0 l&#8217;augmentation du revenu national. Cependant, son d\u00e9veloppement rapide et non r\u00e9glement\u00e9 pose des d\u00e9fis majeurs. Il est entr\u00e9 au pays \u00ab de mani\u00e8re al\u00e9atoire et rapide, sans tenir suffisamment compte des exigences environnementales et sanitaires \u00bb, a-t-elle d\u00e9clar\u00e9.<\/p>\n<p>Mme\u00a0<strong>Khadija Sneiha<\/strong>, Directrice g\u00e9n\u00e9rale de l&#8217;\u00c9valuation et du Contr\u00f4le Environnemental, a abond\u00e9 dans ce sens. Elle a confirm\u00e9 que depuis son apparition en 2016, l&#8217;orpaillage est devenu une source de revenus pour des milliers de familles, mais que ce d\u00e9veloppement \u00ab a entra\u00een\u00e9 des d\u00e9fis environnementaux et sanitaires majeurs \u00bb. Elle a point\u00e9 du doigt l&#8217;utilisation non contr\u00f4l\u00e9e de produits chimiques toxiques, la d\u00e9gradation des sols, la pollution de l&#8217;eau et les risques pour la s\u00e9curit\u00e9 humaine.<\/p>\n<p><strong>\u00a0Mesures gouvernementales et engagements<\/strong><\/p>\n<p>Face \u00e0 cette situation, le minist\u00e8re a d\u00e9j\u00e0 pris plusieurs mesures importantes\u00a0:<\/p>\n<p><strong>-L&#8217;obligation<\/strong>\u00a0pour les entreprises de r\u00e9aliser des \u00e9tudes d&#8217;impact environnemental et social\u00a0;<\/p>\n<p><strong>-La cr\u00e9ation<\/strong>\u00a0d&#8217;une police environnementale pour surveiller le respect des plans de gestion\u00a0;<\/p>\n<p><strong>-La mise en \u0153uvre<\/strong> de campagnes de sensibilisation sur les dangers du mercure ;<\/p>\n<p><strong>-La fermeture<\/strong>\u00a0des installations non conformes.<\/p>\n<p>La ministre a r\u00e9it\u00e9r\u00e9 l&#8217;engagement de la Mauritanie, sous l&#8217;impulsion du\u00a0<strong>Pr\u00e9sident de la R\u00e9publique<\/strong>,<strong> M. Mohamed Cheikh El Ghazouani<\/strong>, \u00e0 consolider les principes de bonne gouvernance et de durabilit\u00e9. Cet atelier s&#8217;inscrit dans une vision plus large du gouvernement, qui a r\u00e9cemment \u00e9t\u00e9 salu\u00e9e au niveau international, comme en t\u00e9moigne l&#8217;\u00e9valuation de 81\/100 obtenue par la Mauritanie pour sa transparence dans la gestion des industries extractives.<\/p>\n<p>Cet atelier marque une \u00e9tape cruciale dans la recherche d&#8217;un \u00e9quilibre entre l&#8217;exploitation des ressources min\u00e9rales, la protection de l&#8217;environnement et la sant\u00e9 des citoyens, comme l&#8217;a exig\u00e9 le Chef de l&#8217;\u00c9tat dans son discours du 2 novembre 2020. Les conclusions de ces travaux sont attendues pour jeter les bases d&#8217;une feuille de route nationale et op\u00e9rationnelle.<\/p>\n","protected":false},"excerpt":{"rendered":"<p>En pr\u00e9sence d&#8217;un large \u00e9ventail d&#8217;acteurs du secteur,\u00a0Mme Massaouda Baham Mohamed Laghdaf, Ministre de l&#8217;Environnement et du D\u00e9veloppement Durable, a lanc\u00e9 ce mercredi \u00e0 Nouakchott un atelier consultatif national de deux jours. Plac\u00e9 sous le th\u00e8me \u00ab Les meilleures pratiques pour la gestion environnementale des activit\u00e9s d\u2019orpaillage et la gestion des produits chimiques et d\u00e9chets&#8230;..<\/p>\n","protected":false},"author":12,"featured_media":31871,"comment_status":"open","ping_status":"open","sticky":false,"template":"","format":"standard","meta":{"footnotes":""},"categories":[23,49],"tags":[],"class_list":["post-31870","post","type-post","status-publish","format-standard","has-post-thumbnail","hentry","category-actualite","category-economie"],"yoast_head":"<!-- This site is optimized with the Yoast SEO plugin v27.5 - https:\/\/yoast.com\/product\/yoast-seo-wordpress\/ -->\n<title>Orpaillage : Atelier national sur la gestion environnementale des activit\u00e9s de ce secteur - Le Quotidien de Nouakchott<\/title>\n<meta name=\"robots\" content=\"index, follow, max-snippet:-1, max-image-preview:large, max-video-preview:-1\" \/>\n<link rel=\"canonical\" href=\"https:\/\/lequotidien.mr\/?p=31870&lang=fr\" \/>\n<meta property=\"og:locale\" content=\"ar_AR\" \/>\n<meta property=\"og:type\" content=\"article\" \/>\n<meta property=\"og:title\" content=\"Orpaillage : Atelier national sur la gestion environnementale des activit\u00e9s de ce secteur - Le Quotidien de Nouakchott\" \/>\n<meta property=\"og:description\" content=\"En pr\u00e9sence d&#8217;un large \u00e9ventail d&#8217;acteurs du secteur,\u00a0Mme Massaouda Baham Mohamed Laghdaf, Ministre de l&#8217;Environnement et du D\u00e9veloppement Durable, a lanc\u00e9 ce mercredi \u00e0 Nouakchott un atelier consultatif national de deux jours. Plac\u00e9 sous le th\u00e8me \u00ab Les meilleures pratiques pour la gestion environnementale des activit\u00e9s d\u2019orpaillage et la gestion des produits chimiques et d\u00e9chets.....\" \/>\n<meta property=\"og:url\" content=\"https:\/\/lequotidien.mr\/?p=31870&amp;lang=fr\" \/>\n<meta property=\"og:site_name\" content=\"Le Quotidien de Nouakchott\" \/>\n<meta property=\"article:publisher\" content=\"https:\/\/web.facebook.com\/lequotidienmr\" \/>\n<meta property=\"article:published_time\" content=\"2025-10-23T23:49:41+00:00\" \/>\n<meta property=\"og:image\" content=\"https:\/\/lequotidien.mr\/wp-content\/uploads\/2025\/10\/photo-orpaillage.jpg\" \/>\n\t<meta property=\"og:image:width\" content=\"750\" \/>\n\t<meta property=\"og:image:height\" content=\"430\" \/>\n\t<meta property=\"og:image:type\" content=\"image\/jpeg\" \/>\n<meta name=\"author\" content=\"Med Ahmed\" \/>\n<meta name=\"twitter:card\" content=\"summary_large_image\" \/>\n<meta name=\"twitter:creator\" content=\"@lequotidienmr\" \/>\n<meta name=\"twitter:site\" content=\"@lequotidienmr\" \/>\n<meta name=\"twitter:label1\" content=\"\u0643\u064f\u062a\u0628 \u0628\u0648\u0627\u0633\u0637\u0629\" \/>\n\t<meta name=\"twitter:data1\" content=\"Med Ahmed\" \/>\n\t<meta name=\"twitter:label2\" content=\"\u0648\u0642\u062a \u0627\u0644\u0642\u0631\u0627\u0621\u0629 \u0627\u0644\u0645\u064f\u0642\u062f\u0651\u0631\" \/>\n\t<meta name=\"twitter:data2\" content=\"4 \u062f\u0642\u0627\u0626\u0642\" \/>\n<script type=\"application\/ld+json\" class=\"yoast-schema-graph\">{\"@context\":\"https:\\\/\\\/schema.org\",\"@graph\":[{\"@type\":\"Article\",\"@id\":\"https:\\\/\\\/lequotidien.mr\\\/?p=31870&lang=fr#article\",\"isPartOf\":{\"@id\":\"https:\\\/\\\/lequotidien.mr\\\/?p=31870&lang=fr\"},\"author\":{\"name\":\"Med Ahmed\",\"@id\":\"https:\\\/\\\/lequotidien.mr\\\/#\\\/schema\\\/person\\\/d2d350202a4d599685ed8abc25f97596\"},\"headline\":\"Orpaillage : Atelier national sur la gestion environnementale des activit\u00e9s de ce secteur\",\"datePublished\":\"2025-10-23T23:49:41+00:00\",\"mainEntityOfPage\":{\"@id\":\"https:\\\/\\\/lequotidien.mr\\\/?p=31870&lang=fr\"},\"wordCount\":545,\"commentCount\":0,\"publisher\":{\"@id\":\"https:\\\/\\\/lequotidien.mr\\\/#organization\"},\"image\":{\"@id\":\"https:\\\/\\\/lequotidien.mr\\\/?p=31870&lang=fr#primaryimage\"},\"thumbnailUrl\":\"https:\\\/\\\/lequotidien.mr\\\/wp-content\\\/uploads\\\/2025\\\/10\\\/photo-orpaillage.jpg\",\"articleSection\":[\"ACTUALIT\u00c9\",\"Economie\"],\"inLanguage\":\"ar\",\"potentialAction\":[{\"@type\":\"CommentAction\",\"name\":\"Comment\",\"target\":[\"https:\\\/\\\/lequotidien.mr\\\/?p=31870&lang=fr#respond\"]}]},{\"@type\":\"WebPage\",\"@id\":\"https:\\\/\\\/lequotidien.mr\\\/?p=31870&lang=fr\",\"url\":\"https:\\\/\\\/lequotidien.mr\\\/?p=31870&lang=fr\",\"name\":\"Orpaillage : Atelier national sur la gestion environnementale des activit\u00e9s de ce secteur - Le Quotidien de Nouakchott\",\"isPartOf\":{\"@id\":\"https:\\\/\\\/lequotidien.mr\\\/#website\"},\"primaryImageOfPage\":{\"@id\":\"https:\\\/\\\/lequotidien.mr\\\/?p=31870&lang=fr#primaryimage\"},\"image\":{\"@id\":\"https:\\\/\\\/lequotidien.mr\\\/?p=31870&lang=fr#primaryimage\"},\"thumbnailUrl\":\"https:\\\/\\\/lequotidien.mr\\\/wp-content\\\/uploads\\\/2025\\\/10\\\/photo-orpaillage.jpg\",\"datePublished\":\"2025-10-23T23:49:41+00:00\",\"breadcrumb\":{\"@id\":\"https:\\\/\\\/lequotidien.mr\\\/?p=31870&lang=fr#breadcrumb\"},\"inLanguage\":\"ar\",\"potentialAction\":[{\"@type\":\"ReadAction\",\"target\":[\"https:\\\/\\\/lequotidien.mr\\\/?p=31870&lang=fr\"]}]},{\"@type\":\"ImageObject\",\"inLanguage\":\"ar\",\"@id\":\"https:\\\/\\\/lequotidien.mr\\\/?p=31870&lang=fr#primaryimage\",\"url\":\"https:\\\/\\\/lequotidien.mr\\\/wp-content\\\/uploads\\\/2025\\\/10\\\/photo-orpaillage.jpg\",\"contentUrl\":\"https:\\\/\\\/lequotidien.mr\\\/wp-content\\\/uploads\\\/2025\\\/10\\\/photo-orpaillage.jpg\",\"width\":750,\"height\":430},{\"@type\":\"BreadcrumbList\",\"@id\":\"https:\\\/\\\/lequotidien.mr\\\/?p=31870&lang=fr#breadcrumb\",\"itemListElement\":[{\"@type\":\"ListItem\",\"position\":1,\"name\":\"Home\",\"item\":\"https:\\\/\\\/lequotidien.mr\\\/\"},{\"@type\":\"ListItem\",\"position\":2,\"name\":\"Orpaillage : Atelier national sur la gestion environnementale des activit\u00e9s de ce secteur\"}]},{\"@type\":\"WebSite\",\"@id\":\"https:\\\/\\\/lequotidien.mr\\\/#website\",\"url\":\"https:\\\/\\\/lequotidien.mr\\\/\",\"name\":\"Le Quotidien de Nouakchott\",\"description\":\"\u0625\u062e\u0628\u0627\u0631\u064a\u0629 \u0645\u0633\u062a\u0642\u0644\u0629 \u0644\u0644\u0623\u0646\u0628\u0627\u0621 \u0627\u0644\u0639\u0627\u0645\u0629\",\"publisher\":{\"@id\":\"https:\\\/\\\/lequotidien.mr\\\/#organization\"},\"potentialAction\":[{\"@type\":\"SearchAction\",\"target\":{\"@type\":\"EntryPoint\",\"urlTemplate\":\"https:\\\/\\\/lequotidien.mr\\\/?s={search_term_string}\"},\"query-input\":{\"@type\":\"PropertyValueSpecification\",\"valueRequired\":true,\"valueName\":\"search_term_string\"}}],\"inLanguage\":\"ar\"},{\"@type\":\"Organization\",\"@id\":\"https:\\\/\\\/lequotidien.mr\\\/#organization\",\"name\":\"Le Quotidien de Nouakchott\",\"url\":\"https:\\\/\\\/lequotidien.mr\\\/\",\"logo\":{\"@type\":\"ImageObject\",\"inLanguage\":\"ar\",\"@id\":\"https:\\\/\\\/lequotidien.mr\\\/#\\\/schema\\\/logo\\\/image\\\/\",\"url\":\"https:\\\/\\\/lequotidien.mr\\\/wp-content\\\/uploads\\\/2022\\\/11\\\/logolequotidien.jpg\",\"contentUrl\":\"https:\\\/\\\/lequotidien.mr\\\/wp-content\\\/uploads\\\/2022\\\/11\\\/logolequotidien.jpg\",\"width\":290,\"height\":65,\"caption\":\"Le Quotidien de Nouakchott\"},\"image\":{\"@id\":\"https:\\\/\\\/lequotidien.mr\\\/#\\\/schema\\\/logo\\\/image\\\/\"},\"sameAs\":[\"https:\\\/\\\/web.facebook.com\\\/lequotidienmr\",\"https:\\\/\\\/x.com\\\/lequotidienmr\"]},{\"@type\":\"Person\",\"@id\":\"https:\\\/\\\/lequotidien.mr\\\/#\\\/schema\\\/person\\\/d2d350202a4d599685ed8abc25f97596\",\"name\":\"Med Ahmed\",\"image\":{\"@type\":\"ImageObject\",\"inLanguage\":\"ar\",\"@id\":\"https:\\\/\\\/secure.gravatar.com\\\/avatar\\\/fd2acc62ed50732923d1d39c17172c9b04149f142be92310ecc69e1358f94b52?s=96&d=mm&r=g\",\"url\":\"https:\\\/\\\/secure.gravatar.com\\\/avatar\\\/fd2acc62ed50732923d1d39c17172c9b04149f142be92310ecc69e1358f94b52?s=96&d=mm&r=g\",\"contentUrl\":\"https:\\\/\\\/secure.gravatar.com\\\/avatar\\\/fd2acc62ed50732923d1d39c17172c9b04149f142be92310ecc69e1358f94b52?s=96&d=mm&r=g\",\"caption\":\"Med Ahmed\"},\"url\":\"https:\\\/\\\/lequotidien.mr\\\/?author=12\"}]}<\/script>\n<!-- \/ Yoast SEO plugin. -->","yoast_head_json":{"title":"Orpaillage : Atelier national sur la gestion environnementale des activit\u00e9s de ce secteur - Le Quotidien de Nouakchott","robots":{"index":"index","follow":"follow","max-snippet":"max-snippet:-1","max-image-preview":"max-image-preview:large","max-video-preview":"max-video-preview:-1"},"canonical":"https:\/\/lequotidien.mr\/?p=31870&lang=fr","og_locale":"ar_AR","og_type":"article","og_title":"Orpaillage : Atelier national sur la gestion environnementale des activit\u00e9s de ce secteur - Le Quotidien de Nouakchott","og_description":"En pr\u00e9sence d&#8217;un large \u00e9ventail d&#8217;acteurs du secteur,\u00a0Mme Massaouda Baham Mohamed Laghdaf, Ministre de l&#8217;Environnement et du D\u00e9veloppement Durable, a lanc\u00e9 ce mercredi \u00e0 Nouakchott un atelier consultatif national de deux jours. Plac\u00e9 sous le th\u00e8me \u00ab Les meilleures pratiques pour la gestion environnementale des activit\u00e9s d\u2019orpaillage et la gestion des produits chimiques et d\u00e9chets.....","og_url":"https:\/\/lequotidien.mr\/?p=31870&lang=fr","og_site_name":"Le Quotidien de Nouakchott","article_publisher":"https:\/\/web.facebook.com\/lequotidienmr","article_published_time":"2025-10-23T23:49:41+00:00","og_image":[{"width":750,"height":430,"url":"https:\/\/lequotidien.mr\/wp-content\/uploads\/2025\/10\/photo-orpaillage.jpg","type":"image\/jpeg"}],"author":"Med Ahmed","twitter_card":"summary_large_image","twitter_creator":"@lequotidienmr","twitter_site":"@lequotidienmr","twitter_misc":{"\u0643\u064f\u062a\u0628 \u0628\u0648\u0627\u0633\u0637\u0629":"Med Ahmed","\u0648\u0642\u062a \u0627\u0644\u0642\u0631\u0627\u0621\u0629 \u0627\u0644\u0645\u064f\u0642\u062f\u0651\u0631":"4 \u062f\u0642\u0627\u0626\u0642"},"schema":{"@context":"https:\/\/schema.org","@graph":[{"@type":"Article","@id":"https:\/\/lequotidien.mr\/?p=31870&lang=fr#article","isPartOf":{"@id":"https:\/\/lequotidien.mr\/?p=31870&lang=fr"},"author":{"name":"Med Ahmed","@id":"https:\/\/lequotidien.mr\/#\/schema\/person\/d2d350202a4d599685ed8abc25f97596"},"headline":"Orpaillage : Atelier national sur la gestion environnementale des activit\u00e9s de ce secteur","datePublished":"2025-10-23T23:49:41+00:00","mainEntityOfPage":{"@id":"https:\/\/lequotidien.mr\/?p=31870&lang=fr"},"wordCount":545,"commentCount":0,"publisher":{"@id":"https:\/\/lequotidien.mr\/#organization"},"image":{"@id":"https:\/\/lequotidien.mr\/?p=31870&lang=fr#primaryimage"},"thumbnailUrl":"https:\/\/lequotidien.mr\/wp-content\/uploads\/2025\/10\/photo-orpaillage.jpg","articleSection":["ACTUALIT\u00c9","Economie"],"inLanguage":"ar","potentialAction":[{"@type":"CommentAction","name":"Comment","target":["https:\/\/lequotidien.mr\/?p=31870&lang=fr#respond"]}]},{"@type":"WebPage","@id":"https:\/\/lequotidien.mr\/?p=31870&lang=fr","url":"https:\/\/lequotidien.mr\/?p=31870&lang=fr","name":"Orpaillage : Atelier national sur la gestion environnementale des activit\u00e9s de ce secteur - Le Quotidien de Nouakchott","isPartOf":{"@id":"https:\/\/lequotidien.mr\/#website"},"primaryImageOfPage":{"@id":"https:\/\/lequotidien.mr\/?p=31870&lang=fr#primaryimage"},"image":{"@id":"https:\/\/lequotidien.mr\/?p=31870&lang=fr#primaryimage"},"thumbnailUrl":"https:\/\/lequotidien.mr\/wp-content\/uploads\/2025\/10\/photo-orpaillage.jpg","datePublished":"2025-10-23T23:49:41+00:00","breadcrumb":{"@id":"https:\/\/lequotidien.mr\/?p=31870&lang=fr#breadcrumb"},"inLanguage":"ar","potentialAction":[{"@type":"ReadAction","target":["https:\/\/lequotidien.mr\/?p=31870&lang=fr"]}]},{"@type":"ImageObject","inLanguage":"ar","@id":"https:\/\/lequotidien.mr\/?p=31870&lang=fr#primaryimage","url":"https:\/\/lequotidien.mr\/wp-content\/uploads\/2025\/10\/photo-orpaillage.jpg","contentUrl":"https:\/\/lequotidien.mr\/wp-content\/uploads\/2025\/10\/photo-orpaillage.jpg","width":750,"height":430},{"@type":"BreadcrumbList","@id":"https:\/\/lequotidien.mr\/?p=31870&lang=fr#breadcrumb","itemListElement":[{"@type":"ListItem","position":1,"name":"Home","item":"https:\/\/lequotidien.mr\/"},{"@type":"ListItem","position":2,"name":"Orpaillage : Atelier national sur la gestion environnementale des activit\u00e9s de ce secteur"}]},{"@type":"WebSite","@id":"https:\/\/lequotidien.mr\/#website","url":"https:\/\/lequotidien.mr\/","name":"Le Quotidien de Nouakchott","description":"\u0625\u062e\u0628\u0627\u0631\u064a\u0629 \u0645\u0633\u062a\u0642\u0644\u0629 \u0644\u0644\u0623\u0646\u0628\u0627\u0621 \u0627\u0644\u0639\u0627\u0645\u0629","publisher":{"@id":"https:\/\/lequotidien.mr\/#organization"},"potentialAction":[{"@type":"SearchAction","target":{"@type":"EntryPoint","urlTemplate":"https:\/\/lequotidien.mr\/?s={search_term_string}"},"query-input":{"@type":"PropertyValueSpecification","valueRequired":true,"valueName":"search_term_string"}}],"inLanguage":"ar"},{"@type":"Organization","@id":"https:\/\/lequotidien.mr\/#organization","name":"Le Quotidien de Nouakchott","url":"https:\/\/lequotidien.mr\/","logo":{"@type":"ImageObject","inLanguage":"ar","@id":"https:\/\/lequotidien.mr\/#\/schema\/logo\/image\/","url":"https:\/\/lequotidien.mr\/wp-content\/uploads\/2022\/11\/logolequotidien.jpg","contentUrl":"https:\/\/lequotidien.mr\/wp-content\/uploads\/2022\/11\/logolequotidien.jpg","width":290,"height":65,"caption":"Le Quotidien de Nouakchott"},"image":{"@id":"https:\/\/lequotidien.mr\/#\/schema\/logo\/image\/"},"sameAs":["https:\/\/web.facebook.com\/lequotidienmr","https:\/\/x.com\/lequotidienmr"]},{"@type":"Person","@id":"https:\/\/lequotidien.mr\/#\/schema\/person\/d2d350202a4d599685ed8abc25f97596","name":"Med Ahmed","image":{"@type":"ImageObject","inLanguage":"ar","@id":"https:\/\/secure.gravatar.com\/avatar\/fd2acc62ed50732923d1d39c17172c9b04149f142be92310ecc69e1358f94b52?s=96&d=mm&r=g","url":"https:\/\/secure.gravatar.com\/avatar\/fd2acc62ed50732923d1d39c17172c9b04149f142be92310ecc69e1358f94b52?s=96&d=mm&r=g","contentUrl":"https:\/\/secure.gravatar.com\/avatar\/fd2acc62ed50732923d1d39c17172c9b04149f142be92310ecc69e1358f94b52?s=96&d=mm&r=g","caption":"Med Ahmed"},"url":"https:\/\/lequotidien.mr\/?author=12"}]}},"_links":{"self":[{"href":"https:\/\/lequotidien.mr\/index.php?rest_route=\/wp\/v2\/posts\/31870","targetHints":{"allow":["GET"]}}],"collection":[{"href":"https:\/\/lequotidien.mr\/index.php?rest_route=\/wp\/v2\/posts"}],"about":[{"href":"https:\/\/lequotidien.mr\/index.php?rest_route=\/wp\/v2\/types\/post"}],"author":[{"embeddable":true,"href":"https:\/\/lequotidien.mr\/index.php?rest_route=\/wp\/v2\/users\/12"}],"replies":[{"embeddable":true,"href":"https:\/\/lequotidien.mr\/index.php?rest_route=%2Fwp%2Fv2%2Fcomments&post=31870"}],"version-history":[{"count":1,"href":"https:\/\/lequotidien.mr\/index.php?rest_route=\/wp\/v2\/posts\/31870\/revisions"}],"predecessor-version":[{"id":31872,"href":"https:\/\/lequotidien.mr\/index.php?rest_route=\/wp\/v2\/posts\/31870\/revisions\/31872"}],"wp:featuredmedia":[{"embeddable":true,"href":"https:\/\/lequotidien.mr\/index.php?rest_route=\/wp\/v2\/media\/31871"}],"wp:attachment":[{"href":"https:\/\/lequotidien.mr\/index.php?rest_route=%2Fwp%2Fv2%2Fmedia&parent=31870"}],"wp:term":[{"taxonomy":"category","embeddable":true,"href":"https:\/\/lequotidien.mr\/index.php?rest_route=%2Fwp%2Fv2%2Fcategories&post=31870"},{"taxonomy":"post_tag","embeddable":true,"href":"https:\/\/lequotidien.mr\/index.php?rest_route=%2Fwp%2Fv2%2Ftags&post=31870"}],"curies":[{"name":"wp","href":"https:\/\/api.w.org\/{rel}","templated":true}]}}