{"id":31857,"date":"2025-10-23T12:38:36","date_gmt":"2025-10-23T12:38:36","guid":{"rendered":"https:\/\/lequotidien.mr\/?p=31857"},"modified":"2025-10-23T12:41:44","modified_gmt":"2025-10-23T12:41:44","slug":"un-rapport-de-la-cour-des-comptes-qui-appelle-a-la-nuance","status":"publish","type":"post","link":"https:\/\/lequotidien.mr\/?p=31857&lang=fr","title":{"rendered":"Un rapport de la Cour des Comptes qui appelle \u00e0 la nuance"},"content":{"rendered":"<p><img loading=\"lazy\" decoding=\"async\" class=\"alignnone size-medium wp-image-31861\" src=\"https:\/\/lequotidien.mr\/wp-content\/uploads\/2025\/10\/571031900_864940682626689_276894747425475410_n-293x300.jpg\" alt=\"\" width=\"293\" height=\"300\" srcset=\"https:\/\/lequotidien.mr\/wp-content\/uploads\/2025\/10\/571031900_864940682626689_276894747425475410_n-293x300.jpg 293w, https:\/\/lequotidien.mr\/wp-content\/uploads\/2025\/10\/571031900_864940682626689_276894747425475410_n.jpg 526w\" sizes=\"auto, (max-width: 293px) 100vw, 293px\" \/>La publication du rapport g\u00e9n\u00e9ral annuel 2022-2023 de la Cour des Comptes a suscit\u00e9 une vague de commentaires souvent h\u00e2tifs sur les r\u00e9seaux sociaux. Plusieurs blogueurs ont interpr\u00e9t\u00e9 certaines observations techniques comme la mise en cause directe du ministre <strong>Abdesellam Mohamed Saleh<\/strong> et de son secr\u00e9taire g\u00e9n\u00e9ral <strong>Mohamed Salem Behedd\u00e9<\/strong>.<br \/>\nPourtant, une lecture attentive du document montre qu\u2019aucun passage ne les accuse de mauvaise gestion, de malversations ou d\u2019enrichissement personnel. Le rapport se borne \u00e0 relever des <strong>insuffisances structurelles et administratives<\/strong> dans un minist\u00e8re \u00e0 la fois tentaculaire et complexe, charg\u00e9 du p\u00e9trole, des mines et de l\u2019\u00e9nergie.<\/p>\n<p><strong>Des constats techniques, non des fautes personnelles<\/strong><\/p>\n<p>La <strong>Section 1<\/strong> du rapport \u2014 consacr\u00e9e au <strong>Minist\u00e8re du P\u00e9trole, des Mines et de l\u2019\u00c9nergie<\/strong> \u2014 d\u00e9crit d\u2019abord le cadre g\u00e9n\u00e9ral de la mission du minist\u00e8re, d\u00e9fini par le d\u00e9cret 199-2013, qui lui confie la planification, la r\u00e9gulation et la supervision des secteurs strat\u00e9giques du p\u00e9trole, des mines et de l\u2019\u00e9nergie.<\/p>\n<p>Les observations de la Cour portent surtout sur des <strong>insuffisances administratives<\/strong> : lenteurs dans le suivi des op\u00e9rateurs, faiblesse du contr\u00f4le interne, ou manque de moyens humains et mat\u00e9riels dans certaines directions techniques. Ces remarques s\u2019appliquent \u00e0 l\u2019appareil administratif global, pas \u00e0 la conduite politique du ministre ni \u00e0 celle du secr\u00e9taire g\u00e9n\u00e9ral.<\/p>\n<p>Il est utile de rappeler que la Cour des Comptes, dans sa m\u00e9thodologie, ne juge pas les personnes mais les <strong>proc\u00e9dures de gestion<\/strong>, afin de recommander des am\u00e9liorations institutionnelles.<\/p>\n<p><strong>Le cas du compte de soutien aux hydrocarbures raffin\u00e9s : un malentendu<\/strong><\/p>\n<p>Le passage du rapport le plus comment\u00e9 concerne la <strong>gestion du compte de soutien au secteur des hydrocarbures raffin\u00e9s<\/strong>. La Cour y rel\u00e8ve l\u2019absence de contr\u00f4le interne suffisant et le paiement de certaines d\u00e9penses jug\u00e9es \u00ab non \u00e9ligibles \u00bb. Cependant, la m\u00eame section pr\u00e9cise que ce compte \u2014 cr\u00e9\u00e9 par le d\u00e9cret n\u00b0 227-2012 \u2014 fonctionne selon des textes ant\u00e9rieurs \u00e0 l\u2019arriv\u00e9e du ministre et que <strong>les anomalies signal\u00e9es sont d\u2019ordre comptable<\/strong>, li\u00e9es \u00e0 la tenue des \u00e9critures et non \u00e0 une quelconque utilisation frauduleuse des fonds. Le transfert du solde de ce compte \u00e0 la Banque centrale, mentionn\u00e9 par la Cour, s\u2019est d\u2019ailleurs effectu\u00e9 <strong>conform\u00e9ment \u00e0 une lettre officielle du minist\u00e8re des Finances<\/strong>, preuve de transparence et de coordination interinstitutionnelle.<\/p>\n<p><strong>Des r\u00e9ponses minist\u00e9rielles claires et constructives<\/strong><\/p>\n<p>Dans le <strong>Titre 4<\/strong> du rapport, la Cour publie les <strong>r\u00e9ponses officielles des ministres<\/strong> concern\u00e9s. Le ministre du P\u00e9trole et de l\u2019\u00c9nergie y fournit des explications d\u00e9taill\u00e9es sur les observations relatives \u00e0 la p\u00e9riode 2021-2023 et pr\u00e9sente un plan d\u2019action pour corriger les faiblesses identifi\u00e9es. Cette d\u00e9marche d\u00e9montre la <strong>volont\u00e9 de collaboration et de transparence<\/strong> du ministre Abdesellam Mohamed Saleh et de son \u00e9quipe. Loin de toute posture d\u00e9fensive, ils ont r\u00e9pondu point par point, proposant des r\u00e9formes structurelles : renforcement du contr\u00f4le interne, rationalisation des r\u00e9gies d\u2019avance, activation du Fonds d\u2019\u00e9lectrification rurale et meilleure maitrise des contrats de distribution d\u2019hydrocarbures.<\/p>\n<p><strong>Une r\u00e9putation de probit\u00e9 intacte<\/strong><\/p>\n<p>Les deux responsables publics mis en cause par certains commentaires, <strong>Abdesellam Mohamed Saleh<\/strong> et <strong>Mohamed Salem Behedd\u00e9<\/strong>, jouissent d\u2019une r\u00e9putation solidement \u00e9tablie : rigueur dans la gestion, transparence dans les proc\u00e9dures et attachement au service public.<br \/>\nSous leur direction, le minist\u00e8re a lanc\u00e9 plusieurs r\u00e9formes structurantes :<\/p>\n<ul>\n<li>red\u00e9finition du cadre de la politique \u00e9nerg\u00e9tique ;<\/li>\n<li>coordination accrue avec la Soci\u00e9t\u00e9 Mauritanienne des Hydrocarbures et la SMH ;<\/li>\n<li>mise en \u0153uvre des engagements internationaux de la Mauritanie en mati\u00e8re d\u2019\u00e9nergie durable.<\/li>\n<\/ul>\n<p>Ces initiatives contredisent l\u2019image d\u2019un minist\u00e8re en d\u00e9rive administrative. Les irr\u00e9gularit\u00e9s \u00e9voqu\u00e9es par la Cour r\u00e9sultent essentiellement de la transition vers de nouveaux m\u00e9canismes de gouvernance financi\u00e8re impos\u00e9s \u00e0 l\u2019ensemble de l\u2019administration.<\/p>\n<p><strong>\u00a0Ne pas confondre diagnostic et accusation<\/strong><\/p>\n<p>L\u2019objectif de la Cour des Comptes est de renforcer la transparence, non de stigmatiser des serviteurs de l\u2019\u00c9tat. Les constats qu\u2019elle formule doivent \u00eatre interpr\u00e9t\u00e9s comme un <strong>outil de progr\u00e8s institutionnel<\/strong>, non comme un r\u00e9quisitoire. En s\u2019appuyant sur des textes clairs, en transf\u00e9rant les fonds selon la r\u00e9glementation, et en r\u00e9pondant officiellement \u00e0 la Cour avec des mesures correctives, <strong>le ministre Abdesellam Mohamed Saleh<\/strong> et <strong>son secr\u00e9taire g\u00e9n\u00e9ral Mohamed Salem Behedd\u00e9<\/strong> ont fait preuve d\u2019un sens \u00e9lev\u00e9 de la responsabilit\u00e9 publique. Il est donc injuste de transformer un rapport technique en proc\u00e8s d\u2019intention : la v\u00e9rit\u00e9 des faits, telle que consign\u00e9e dans le rapport lui-m\u00eame, plaide en faveur de leur <strong>droiture et de leur professionnalisme<\/strong>.<\/p>\n<p>&nbsp;<\/p>\n<p>&nbsp;<\/p>\n","protected":false},"excerpt":{"rendered":"<p>La publication du rapport g\u00e9n\u00e9ral annuel 2022-2023 de la Cour des Comptes a suscit\u00e9 une vague de commentaires souvent h\u00e2tifs sur les r\u00e9seaux sociaux. Plusieurs blogueurs ont interpr\u00e9t\u00e9 certaines observations techniques comme la mise en cause directe du ministre Abdesellam Mohamed Saleh et de son secr\u00e9taire g\u00e9n\u00e9ral Mohamed Salem Behedd\u00e9. Pourtant, une lecture attentive du&#8230;..<\/p>\n","protected":false},"author":4,"featured_media":31859,"comment_status":"open","ping_status":"open","sticky":false,"template":"","format":"standard","meta":{"footnotes":""},"categories":[23,59,57],"tags":[],"class_list":["post-31857","post","type-post","status-publish","format-standard","has-post-thumbnail","hentry","category-actualite","category-opinion","category-couverture-specilale"],"yoast_head":"<!-- This site is optimized with the Yoast SEO plugin v27.5 - https:\/\/yoast.com\/product\/yoast-seo-wordpress\/ -->\n<title>Un rapport de la Cour des Comptes qui appelle \u00e0 la nuance - Le Quotidien de Nouakchott<\/title>\n<meta name=\"robots\" content=\"index, follow, max-snippet:-1, max-image-preview:large, max-video-preview:-1\" \/>\n<link rel=\"canonical\" href=\"https:\/\/lequotidien.mr\/?p=31857&lang=fr\" \/>\n<meta property=\"og:locale\" content=\"ar_AR\" \/>\n<meta property=\"og:type\" content=\"article\" \/>\n<meta property=\"og:title\" content=\"Un rapport de la Cour des Comptes qui appelle \u00e0 la nuance - Le Quotidien de Nouakchott\" \/>\n<meta property=\"og:description\" content=\"La publication du rapport g\u00e9n\u00e9ral annuel 2022-2023 de la Cour des Comptes a suscit\u00e9 une vague de commentaires souvent h\u00e2tifs sur les r\u00e9seaux sociaux. Plusieurs blogueurs ont interpr\u00e9t\u00e9 certaines observations techniques comme la mise en cause directe du ministre Abdesellam Mohamed Saleh et de son secr\u00e9taire g\u00e9n\u00e9ral Mohamed Salem Behedd\u00e9. Pourtant, une lecture attentive du.....\" \/>\n<meta property=\"og:url\" content=\"https:\/\/lequotidien.mr\/?p=31857&amp;lang=fr\" \/>\n<meta property=\"og:site_name\" content=\"Le Quotidien de Nouakchott\" \/>\n<meta property=\"article:publisher\" content=\"https:\/\/web.facebook.com\/lequotidienmr\" \/>\n<meta property=\"article:published_time\" content=\"2025-10-23T12:38:36+00:00\" \/>\n<meta property=\"article:modified_time\" content=\"2025-10-23T12:41:44+00:00\" \/>\n<meta property=\"og:image\" content=\"https:\/\/lequotidien.mr\/wp-content\/uploads\/2025\/10\/Abdessalam-Ould-Mohamed-Saleh-1.jpg\" \/>\n\t<meta property=\"og:image:width\" content=\"800\" \/>\n\t<meta property=\"og:image:height\" content=\"533\" \/>\n\t<meta property=\"og:image:type\" content=\"image\/jpeg\" \/>\n<meta name=\"author\" content=\"Le Quotidien\" \/>\n<meta name=\"twitter:card\" content=\"summary_large_image\" \/>\n<meta name=\"twitter:creator\" content=\"@lequotidienmr\" \/>\n<meta name=\"twitter:site\" content=\"@lequotidienmr\" \/>\n<meta name=\"twitter:label1\" content=\"\u0643\u064f\u062a\u0628 \u0628\u0648\u0627\u0633\u0637\u0629\" \/>\n\t<meta name=\"twitter:data1\" content=\"Le Quotidien\" \/>\n\t<meta name=\"twitter:label2\" content=\"\u0648\u0642\u062a \u0627\u0644\u0642\u0631\u0627\u0621\u0629 \u0627\u0644\u0645\u064f\u0642\u062f\u0651\u0631\" \/>\n\t<meta name=\"twitter:data2\" content=\"6 \u062f\u0642\u0627\u0626\u0642\" \/>\n<script type=\"application\/ld+json\" class=\"yoast-schema-graph\">{\"@context\":\"https:\\\/\\\/schema.org\",\"@graph\":[{\"@type\":\"Article\",\"@id\":\"https:\\\/\\\/lequotidien.mr\\\/?p=31857&lang=fr#article\",\"isPartOf\":{\"@id\":\"https:\\\/\\\/lequotidien.mr\\\/?p=31857&lang=fr\"},\"author\":{\"name\":\"Le Quotidien\",\"@id\":\"https:\\\/\\\/lequotidien.mr\\\/#\\\/schema\\\/person\\\/f90fcdaa970c60288de4ed2e64a56472\"},\"headline\":\"Un rapport de la Cour des Comptes qui appelle \u00e0 la nuance\",\"datePublished\":\"2025-10-23T12:38:36+00:00\",\"dateModified\":\"2025-10-23T12:41:44+00:00\",\"mainEntityOfPage\":{\"@id\":\"https:\\\/\\\/lequotidien.mr\\\/?p=31857&lang=fr\"},\"wordCount\":826,\"commentCount\":0,\"publisher\":{\"@id\":\"https:\\\/\\\/lequotidien.mr\\\/#organization\"},\"image\":{\"@id\":\"https:\\\/\\\/lequotidien.mr\\\/?p=31857&lang=fr#primaryimage\"},\"thumbnailUrl\":\"https:\\\/\\\/lequotidien.mr\\\/wp-content\\\/uploads\\\/2025\\\/10\\\/Abdessalam-Ould-Mohamed-Saleh-1.jpg\",\"articleSection\":[\"ACTUALIT\u00c9\",\"Opinion\",\"Couverture sp\u00e9cilale\"],\"inLanguage\":\"ar\",\"potentialAction\":[{\"@type\":\"CommentAction\",\"name\":\"Comment\",\"target\":[\"https:\\\/\\\/lequotidien.mr\\\/?p=31857&lang=fr#respond\"]}]},{\"@type\":\"WebPage\",\"@id\":\"https:\\\/\\\/lequotidien.mr\\\/?p=31857&lang=fr\",\"url\":\"https:\\\/\\\/lequotidien.mr\\\/?p=31857&lang=fr\",\"name\":\"Un rapport de la Cour des Comptes qui appelle \u00e0 la nuance - Le Quotidien de Nouakchott\",\"isPartOf\":{\"@id\":\"https:\\\/\\\/lequotidien.mr\\\/#website\"},\"primaryImageOfPage\":{\"@id\":\"https:\\\/\\\/lequotidien.mr\\\/?p=31857&lang=fr#primaryimage\"},\"image\":{\"@id\":\"https:\\\/\\\/lequotidien.mr\\\/?p=31857&lang=fr#primaryimage\"},\"thumbnailUrl\":\"https:\\\/\\\/lequotidien.mr\\\/wp-content\\\/uploads\\\/2025\\\/10\\\/Abdessalam-Ould-Mohamed-Saleh-1.jpg\",\"datePublished\":\"2025-10-23T12:38:36+00:00\",\"dateModified\":\"2025-10-23T12:41:44+00:00\",\"breadcrumb\":{\"@id\":\"https:\\\/\\\/lequotidien.mr\\\/?p=31857&lang=fr#breadcrumb\"},\"inLanguage\":\"ar\",\"potentialAction\":[{\"@type\":\"ReadAction\",\"target\":[\"https:\\\/\\\/lequotidien.mr\\\/?p=31857&lang=fr\"]}]},{\"@type\":\"ImageObject\",\"inLanguage\":\"ar\",\"@id\":\"https:\\\/\\\/lequotidien.mr\\\/?p=31857&lang=fr#primaryimage\",\"url\":\"https:\\\/\\\/lequotidien.mr\\\/wp-content\\\/uploads\\\/2025\\\/10\\\/Abdessalam-Ould-Mohamed-Saleh-1.jpg\",\"contentUrl\":\"https:\\\/\\\/lequotidien.mr\\\/wp-content\\\/uploads\\\/2025\\\/10\\\/Abdessalam-Ould-Mohamed-Saleh-1.jpg\",\"width\":800,\"height\":533},{\"@type\":\"BreadcrumbList\",\"@id\":\"https:\\\/\\\/lequotidien.mr\\\/?p=31857&lang=fr#breadcrumb\",\"itemListElement\":[{\"@type\":\"ListItem\",\"position\":1,\"name\":\"Home\",\"item\":\"https:\\\/\\\/lequotidien.mr\\\/\"},{\"@type\":\"ListItem\",\"position\":2,\"name\":\"Un rapport de la Cour des Comptes qui appelle \u00e0 la nuance\"}]},{\"@type\":\"WebSite\",\"@id\":\"https:\\\/\\\/lequotidien.mr\\\/#website\",\"url\":\"https:\\\/\\\/lequotidien.mr\\\/\",\"name\":\"Le Quotidien de Nouakchott\",\"description\":\"\u0625\u062e\u0628\u0627\u0631\u064a\u0629 \u0645\u0633\u062a\u0642\u0644\u0629 \u0644\u0644\u0623\u0646\u0628\u0627\u0621 \u0627\u0644\u0639\u0627\u0645\u0629\",\"publisher\":{\"@id\":\"https:\\\/\\\/lequotidien.mr\\\/#organization\"},\"potentialAction\":[{\"@type\":\"SearchAction\",\"target\":{\"@type\":\"EntryPoint\",\"urlTemplate\":\"https:\\\/\\\/lequotidien.mr\\\/?s={search_term_string}\"},\"query-input\":{\"@type\":\"PropertyValueSpecification\",\"valueRequired\":true,\"valueName\":\"search_term_string\"}}],\"inLanguage\":\"ar\"},{\"@type\":\"Organization\",\"@id\":\"https:\\\/\\\/lequotidien.mr\\\/#organization\",\"name\":\"Le Quotidien de Nouakchott\",\"url\":\"https:\\\/\\\/lequotidien.mr\\\/\",\"logo\":{\"@type\":\"ImageObject\",\"inLanguage\":\"ar\",\"@id\":\"https:\\\/\\\/lequotidien.mr\\\/#\\\/schema\\\/logo\\\/image\\\/\",\"url\":\"https:\\\/\\\/lequotidien.mr\\\/wp-content\\\/uploads\\\/2022\\\/11\\\/logolequotidien.jpg\",\"contentUrl\":\"https:\\\/\\\/lequotidien.mr\\\/wp-content\\\/uploads\\\/2022\\\/11\\\/logolequotidien.jpg\",\"width\":290,\"height\":65,\"caption\":\"Le Quotidien de Nouakchott\"},\"image\":{\"@id\":\"https:\\\/\\\/lequotidien.mr\\\/#\\\/schema\\\/logo\\\/image\\\/\"},\"sameAs\":[\"https:\\\/\\\/web.facebook.com\\\/lequotidienmr\",\"https:\\\/\\\/x.com\\\/lequotidienmr\"]},{\"@type\":\"Person\",\"@id\":\"https:\\\/\\\/lequotidien.mr\\\/#\\\/schema\\\/person\\\/f90fcdaa970c60288de4ed2e64a56472\",\"name\":\"Le Quotidien\",\"image\":{\"@type\":\"ImageObject\",\"inLanguage\":\"ar\",\"@id\":\"https:\\\/\\\/secure.gravatar.com\\\/avatar\\\/374cb39a1a458a912465a93e5a3ce6546886fc3da809a1f10c63e4e8fcbca30f?s=96&d=mm&r=g\",\"url\":\"https:\\\/\\\/secure.gravatar.com\\\/avatar\\\/374cb39a1a458a912465a93e5a3ce6546886fc3da809a1f10c63e4e8fcbca30f?s=96&d=mm&r=g\",\"contentUrl\":\"https:\\\/\\\/secure.gravatar.com\\\/avatar\\\/374cb39a1a458a912465a93e5a3ce6546886fc3da809a1f10c63e4e8fcbca30f?s=96&d=mm&r=g\",\"caption\":\"Le Quotidien\"},\"sameAs\":[\"https:\\\/\\\/lequotidien.mr\\\/\"],\"url\":\"https:\\\/\\\/lequotidien.mr\\\/?author=4\"}]}<\/script>\n<!-- \/ Yoast SEO plugin. -->","yoast_head_json":{"title":"Un rapport de la Cour des Comptes qui appelle \u00e0 la nuance - Le Quotidien de Nouakchott","robots":{"index":"index","follow":"follow","max-snippet":"max-snippet:-1","max-image-preview":"max-image-preview:large","max-video-preview":"max-video-preview:-1"},"canonical":"https:\/\/lequotidien.mr\/?p=31857&lang=fr","og_locale":"ar_AR","og_type":"article","og_title":"Un rapport de la Cour des Comptes qui appelle \u00e0 la nuance - Le Quotidien de Nouakchott","og_description":"La publication du rapport g\u00e9n\u00e9ral annuel 2022-2023 de la Cour des Comptes a suscit\u00e9 une vague de commentaires souvent h\u00e2tifs sur les r\u00e9seaux sociaux. Plusieurs blogueurs ont interpr\u00e9t\u00e9 certaines observations techniques comme la mise en cause directe du ministre Abdesellam Mohamed Saleh et de son secr\u00e9taire g\u00e9n\u00e9ral Mohamed Salem Behedd\u00e9. Pourtant, une lecture attentive du.....","og_url":"https:\/\/lequotidien.mr\/?p=31857&lang=fr","og_site_name":"Le Quotidien de Nouakchott","article_publisher":"https:\/\/web.facebook.com\/lequotidienmr","article_published_time":"2025-10-23T12:38:36+00:00","article_modified_time":"2025-10-23T12:41:44+00:00","og_image":[{"width":800,"height":533,"url":"https:\/\/lequotidien.mr\/wp-content\/uploads\/2025\/10\/Abdessalam-Ould-Mohamed-Saleh-1.jpg","type":"image\/jpeg"}],"author":"Le Quotidien","twitter_card":"summary_large_image","twitter_creator":"@lequotidienmr","twitter_site":"@lequotidienmr","twitter_misc":{"\u0643\u064f\u062a\u0628 \u0628\u0648\u0627\u0633\u0637\u0629":"Le Quotidien","\u0648\u0642\u062a \u0627\u0644\u0642\u0631\u0627\u0621\u0629 \u0627\u0644\u0645\u064f\u0642\u062f\u0651\u0631":"6 \u062f\u0642\u0627\u0626\u0642"},"schema":{"@context":"https:\/\/schema.org","@graph":[{"@type":"Article","@id":"https:\/\/lequotidien.mr\/?p=31857&lang=fr#article","isPartOf":{"@id":"https:\/\/lequotidien.mr\/?p=31857&lang=fr"},"author":{"name":"Le Quotidien","@id":"https:\/\/lequotidien.mr\/#\/schema\/person\/f90fcdaa970c60288de4ed2e64a56472"},"headline":"Un rapport de la Cour des Comptes qui appelle \u00e0 la nuance","datePublished":"2025-10-23T12:38:36+00:00","dateModified":"2025-10-23T12:41:44+00:00","mainEntityOfPage":{"@id":"https:\/\/lequotidien.mr\/?p=31857&lang=fr"},"wordCount":826,"commentCount":0,"publisher":{"@id":"https:\/\/lequotidien.mr\/#organization"},"image":{"@id":"https:\/\/lequotidien.mr\/?p=31857&lang=fr#primaryimage"},"thumbnailUrl":"https:\/\/lequotidien.mr\/wp-content\/uploads\/2025\/10\/Abdessalam-Ould-Mohamed-Saleh-1.jpg","articleSection":["ACTUALIT\u00c9","Opinion","Couverture sp\u00e9cilale"],"inLanguage":"ar","potentialAction":[{"@type":"CommentAction","name":"Comment","target":["https:\/\/lequotidien.mr\/?p=31857&lang=fr#respond"]}]},{"@type":"WebPage","@id":"https:\/\/lequotidien.mr\/?p=31857&lang=fr","url":"https:\/\/lequotidien.mr\/?p=31857&lang=fr","name":"Un rapport de la Cour des Comptes qui appelle \u00e0 la nuance - Le Quotidien de Nouakchott","isPartOf":{"@id":"https:\/\/lequotidien.mr\/#website"},"primaryImageOfPage":{"@id":"https:\/\/lequotidien.mr\/?p=31857&lang=fr#primaryimage"},"image":{"@id":"https:\/\/lequotidien.mr\/?p=31857&lang=fr#primaryimage"},"thumbnailUrl":"https:\/\/lequotidien.mr\/wp-content\/uploads\/2025\/10\/Abdessalam-Ould-Mohamed-Saleh-1.jpg","datePublished":"2025-10-23T12:38:36+00:00","dateModified":"2025-10-23T12:41:44+00:00","breadcrumb":{"@id":"https:\/\/lequotidien.mr\/?p=31857&lang=fr#breadcrumb"},"inLanguage":"ar","potentialAction":[{"@type":"ReadAction","target":["https:\/\/lequotidien.mr\/?p=31857&lang=fr"]}]},{"@type":"ImageObject","inLanguage":"ar","@id":"https:\/\/lequotidien.mr\/?p=31857&lang=fr#primaryimage","url":"https:\/\/lequotidien.mr\/wp-content\/uploads\/2025\/10\/Abdessalam-Ould-Mohamed-Saleh-1.jpg","contentUrl":"https:\/\/lequotidien.mr\/wp-content\/uploads\/2025\/10\/Abdessalam-Ould-Mohamed-Saleh-1.jpg","width":800,"height":533},{"@type":"BreadcrumbList","@id":"https:\/\/lequotidien.mr\/?p=31857&lang=fr#breadcrumb","itemListElement":[{"@type":"ListItem","position":1,"name":"Home","item":"https:\/\/lequotidien.mr\/"},{"@type":"ListItem","position":2,"name":"Un rapport de la Cour des Comptes qui appelle \u00e0 la nuance"}]},{"@type":"WebSite","@id":"https:\/\/lequotidien.mr\/#website","url":"https:\/\/lequotidien.mr\/","name":"Le Quotidien de Nouakchott","description":"\u0625\u062e\u0628\u0627\u0631\u064a\u0629 \u0645\u0633\u062a\u0642\u0644\u0629 \u0644\u0644\u0623\u0646\u0628\u0627\u0621 \u0627\u0644\u0639\u0627\u0645\u0629","publisher":{"@id":"https:\/\/lequotidien.mr\/#organization"},"potentialAction":[{"@type":"SearchAction","target":{"@type":"EntryPoint","urlTemplate":"https:\/\/lequotidien.mr\/?s={search_term_string}"},"query-input":{"@type":"PropertyValueSpecification","valueRequired":true,"valueName":"search_term_string"}}],"inLanguage":"ar"},{"@type":"Organization","@id":"https:\/\/lequotidien.mr\/#organization","name":"Le Quotidien de Nouakchott","url":"https:\/\/lequotidien.mr\/","logo":{"@type":"ImageObject","inLanguage":"ar","@id":"https:\/\/lequotidien.mr\/#\/schema\/logo\/image\/","url":"https:\/\/lequotidien.mr\/wp-content\/uploads\/2022\/11\/logolequotidien.jpg","contentUrl":"https:\/\/lequotidien.mr\/wp-content\/uploads\/2022\/11\/logolequotidien.jpg","width":290,"height":65,"caption":"Le Quotidien de Nouakchott"},"image":{"@id":"https:\/\/lequotidien.mr\/#\/schema\/logo\/image\/"},"sameAs":["https:\/\/web.facebook.com\/lequotidienmr","https:\/\/x.com\/lequotidienmr"]},{"@type":"Person","@id":"https:\/\/lequotidien.mr\/#\/schema\/person\/f90fcdaa970c60288de4ed2e64a56472","name":"Le Quotidien","image":{"@type":"ImageObject","inLanguage":"ar","@id":"https:\/\/secure.gravatar.com\/avatar\/374cb39a1a458a912465a93e5a3ce6546886fc3da809a1f10c63e4e8fcbca30f?s=96&d=mm&r=g","url":"https:\/\/secure.gravatar.com\/avatar\/374cb39a1a458a912465a93e5a3ce6546886fc3da809a1f10c63e4e8fcbca30f?s=96&d=mm&r=g","contentUrl":"https:\/\/secure.gravatar.com\/avatar\/374cb39a1a458a912465a93e5a3ce6546886fc3da809a1f10c63e4e8fcbca30f?s=96&d=mm&r=g","caption":"Le Quotidien"},"sameAs":["https:\/\/lequotidien.mr\/"],"url":"https:\/\/lequotidien.mr\/?author=4"}]}},"_links":{"self":[{"href":"https:\/\/lequotidien.mr\/index.php?rest_route=\/wp\/v2\/posts\/31857","targetHints":{"allow":["GET"]}}],"collection":[{"href":"https:\/\/lequotidien.mr\/index.php?rest_route=\/wp\/v2\/posts"}],"about":[{"href":"https:\/\/lequotidien.mr\/index.php?rest_route=\/wp\/v2\/types\/post"}],"author":[{"embeddable":true,"href":"https:\/\/lequotidien.mr\/index.php?rest_route=\/wp\/v2\/users\/4"}],"replies":[{"embeddable":true,"href":"https:\/\/lequotidien.mr\/index.php?rest_route=%2Fwp%2Fv2%2Fcomments&post=31857"}],"version-history":[{"count":3,"href":"https:\/\/lequotidien.mr\/index.php?rest_route=\/wp\/v2\/posts\/31857\/revisions"}],"predecessor-version":[{"id":31863,"href":"https:\/\/lequotidien.mr\/index.php?rest_route=\/wp\/v2\/posts\/31857\/revisions\/31863"}],"wp:featuredmedia":[{"embeddable":true,"href":"https:\/\/lequotidien.mr\/index.php?rest_route=\/wp\/v2\/media\/31859"}],"wp:attachment":[{"href":"https:\/\/lequotidien.mr\/index.php?rest_route=%2Fwp%2Fv2%2Fmedia&parent=31857"}],"wp:term":[{"taxonomy":"category","embeddable":true,"href":"https:\/\/lequotidien.mr\/index.php?rest_route=%2Fwp%2Fv2%2Fcategories&post=31857"},{"taxonomy":"post_tag","embeddable":true,"href":"https:\/\/lequotidien.mr\/index.php?rest_route=%2Fwp%2Fv2%2Ftags&post=31857"}],"curies":[{"name":"wp","href":"https:\/\/api.w.org\/{rel}","templated":true}]}}