{"id":31816,"date":"2025-10-21T23:40:52","date_gmt":"2025-10-21T23:40:52","guid":{"rendered":"https:\/\/lequotidien.mr\/?p=31816"},"modified":"2025-10-21T23:44:20","modified_gmt":"2025-10-21T23:44:20","slug":"promotion-de-lagriculture-et-lelevage-lancement-de-programmes-de-formation-pour-les-ecoles-dagriculture-et-de-medecine-veterinaire-en-mauritanie","status":"publish","type":"post","link":"https:\/\/lequotidien.mr\/?p=31816&lang=fr","title":{"rendered":"Promotion de l\u2019agriculture et l\u2019\u00e9levage : Lancement de programmes de formation pour les \u00e9coles d&#8217;agriculture et de m\u00e9decine v\u00e9t\u00e9rinaire en Mauritanie"},"content":{"rendered":"<p>Un atelier crucial d\u00e9di\u00e9 \u00e0 l&#8217;\u00e9laboration des programmes de formation pour l&#8217;\u00c9cole Sup\u00e9rieure d&#8217;Agriculture de Ka\u00e9di et l&#8217;\u00c9cole de M\u00e9decine V\u00e9t\u00e9rinaire de N\u00e9ma s&#8217;est ouvert ce lundi dans la capitale mauritanienne. Cet \u00e9v\u00e9nement, organis\u00e9 par le\u00a0<strong>Minist\u00e8re de l&#8217;Enseignement Sup\u00e9rieur et de la Recherche Scientifique<\/strong>\u00a0en collaboration avec l&#8217;<strong>Institut Agronomique et V\u00e9t\u00e9rinaire Hassan II du Royaume du Maroc<\/strong>, marque le lancement effectif d&#8217;un projet ambitieux financ\u00e9 par la\u00a0<strong>Banque Islamique de D\u00e9veloppement<\/strong>.<\/p>\n<p>Ce projet strat\u00e9gique vise \u00e0 doter la Mauritanie de structures modernes d&#8217;enseignement sup\u00e9rieur et de recherche scientifique capables de combler le d\u00e9ficit de formation qualitative dans deux domaines vitaux pour son d\u00e9veloppement \u00e9conomique et social : l&#8217;agriculture et l&#8217;\u00e9levage. Ces secteurs traditionnels constituent des piliers essentiels de l&#8217;\u00e9conomie nationale et leur modernisation appara\u00eet indispensable pour assurer la s\u00e9curit\u00e9 alimentaire et la croissance durable du pays.<\/p>\n<p><strong>Les r\u00e9formes structurelles de l&#8217;enseignement sup\u00e9rieur<\/strong><\/p>\n<p>L&#8217;initiative s&#8217;inscrit dans la mise en \u0153uvre du programme\u00a0<strong><em>&#8220;Mon ambition pour la patrie&#8221;<\/em><\/strong>\u00a0du <strong>Pr\u00e9sident de la R\u00e9publique,\u00a0Monsieur Mohamed Cheikh El Ghazouani<\/strong>, qui a \u00e9rig\u00e9 l&#8217;enseignement sup\u00e9rieur et la recherche scientifique en\u00a0<strong>levier fondamental<\/strong>\u00a0des priorit\u00e9s de l&#8217;\u00c9tat. Elle incarne \u00e9galement les orientations strat\u00e9giques du gouvernement de <strong>Monsieur Moctar Djay<\/strong>, Premier Ministre, qui s&#8217;articulent autour du renforcement des capacit\u00e9s d&#8217;accueil des \u00e9tablissements universitaires, de la diversification de l&#8217;offre de formation et de la d\u00e9centralisation de la structure universitaire au service du d\u00e9veloppement local et r\u00e9gional.<\/p>\n<p>Comme l&#8217;a rappel\u00e9 le\u00a0<strong>Secr\u00e9taire g\u00e9n\u00e9ral du Minist\u00e8re de l&#8217;Enseignement Sup\u00e9rieur et de la Recherche Scientifique, Monsieur Enouey Cheikh<\/strong>, lors de son discours d&#8217;ouverture, <strong><em>&#8220;le syst\u00e8me d&#8217;enseignement sup\u00e9rieur de notre pays est aujourd&#8217;hui confront\u00e9 \u00e0 des d\u00e9fis majeurs, notamment l&#8217;augmentation rapide du nombre d&#8217;\u00e9tudiants, la n\u00e9cessit\u00e9 d&#8217;adapter les formations aux exigences du march\u00e9 du travail, et de garantir la qualit\u00e9 des programmes et leur adaptation aux transformations scientifiques et technologiques successives.&#8221;<\/em><\/strong><\/p>\n<p><strong>Les r\u00e9alisations r\u00e9centes dans le secteur<\/strong><\/p>\n<p>Les derni\u00e8res ann\u00e9es ont \u00e9t\u00e9 marqu\u00e9es par la mise en \u0153uvre de\u00a0<strong>r\u00e9formes structurelles importantes<\/strong>\u00a0qui t\u00e9moignent de la dynamique de transformation engag\u00e9e :<\/p>\n<p>-Cr\u00e9ation de l&#8217;extension de l&#8217;Universit\u00e9 de Nouakchott et de l&#8217;Institut Sup\u00e9rieur d&#8217;Enseignement Technologique de Rosso\u00a0;<\/p>\n<p>-Construction des si\u00e8ges de l&#8217;Institut Sup\u00e9rieur du Num\u00e9rique et de l&#8217;\u00c9cole de Commerce de Nouakchott\u00a0;<\/p>\n<p>-Fondation de l&#8217;Universit\u00e9 de Nouadhibou et de l&#8217;\u00c9cole Nationale d&#8217;Architecture\u00a0;<\/p>\n<p>-Transformation de l&#8217;Institut Universitaire Professionnel en Institut Sup\u00e9rieur de G\u00e9nie Civil.<\/p>\n<p>Ces r\u00e9alisations s&#8217;accompagnent de\u00a0<strong>nombreux autres projets<\/strong>\u00a0qui renforceront la d\u00e9centralisation de l&#8217;enseignement sup\u00e9rieur, diversifieront ses offres de formation et soutiendront le d\u00e9veloppement local, selon les d\u00e9clarations du Secr\u00e9taire g\u00e9n\u00e9ral.<\/p>\n<p><strong>Pr\u00e9sentation des deux \u00e9tablissements<\/strong><\/p>\n<p>L&#8217;<strong>\u00c9cole Sup\u00e9rieure d&#8217;Agriculture de Ka\u00e9di<\/strong>\u00a0et l&#8217;<strong>\u00c9cole de M\u00e9decine V\u00e9t\u00e9rinaire de N\u00e9ma<\/strong>\u00a0repr\u00e9sentent un investissement \u00e9ducatif sans pr\u00e9c\u00e9dent dans les r\u00e9gions mauritaniennes. Leur implantation \u00e0 Ka\u00e9di et N\u00e9ma, hors de la capitale, t\u00e9moigne de la volont\u00e9 gouvernementale de\u00a0<strong>d\u00e9centraliser l&#8217;excellence acad\u00e9mique<\/strong>\u00a0et de cr\u00e9er des p\u00f4les de comp\u00e9tence r\u00e9gionaux directement connect\u00e9s aux bassins \u00e9conomiques locaux.<\/p>\n<p>L&#8217;agriculture et l&#8217;\u00e9levage repr\u00e9sentent\u00a0<strong>des piliers essentiels de l&#8217;\u00e9conomie nationale<\/strong>\u00a0mauritanienne. Pourtant, ces secteurs n&#8217;ont jusqu&#8217;\u00e0 pr\u00e9sent pas b\u00e9n\u00e9fici\u00e9 d&#8217;institutions d&#8217;enseignement sup\u00e9rieur sp\u00e9cialis\u00e9es sur le territoire national, obligeant les \u00e9tudiants \u00e0 se former \u00e0 l&#8217;\u00e9tranger et privant le pays d&#8217;une expertise locale adapt\u00e9e \u00e0 ses sp\u00e9cificit\u00e9s \u00e9cologiques et climatiques.<\/p>\n<p><strong>M\u00e9thodologie de conception des curricula<\/strong><\/p>\n<p>L&#8217;atelier qui s&#8217;ouvre \u00e0 Nouakchott r\u00e9unit des\u00a0<strong>experts nationaux et internationaux<\/strong>\u00a0pendant plusieurs jours avec pour mandat pr\u00e9cis d&#8217;\u00e9laborer les programmes de formation des deux futures \u00e9coles. Les travaux s&#8217;articuleront autour de plusieurs axes fondamentaux :<\/p>\n<p>-L&#8217;analyse des besoins du march\u00e9 du travail national en comp\u00e9tences agricoles et v\u00e9t\u00e9rinaires\u00a0;<\/p>\n<p>-L&#8217;adaptation des contenus p\u00e9dagogiques aux sp\u00e9cificit\u00e9s \u00e9cologiques et \u00e9conomiques des r\u00e9gions de Ka\u00e9di et N\u00e9ma\u00a0;<\/p>\n<p>-L&#8217;int\u00e9gration des\u00a0<strong>normes internationales<\/strong>\u00a0d&#8217;\u00e9ducation dans ces domaines sp\u00e9cialis\u00e9s\u00a0;<\/p>\n<p>-La prise en compte des\u00a0<strong>innovations technologiques<\/strong>\u00a0et des d\u00e9fis environnementaux\u00a0;<\/p>\n<p>-L&#8217;\u00e9tablissement de passerelles avec les autres institutions d&#8217;enseignement sup\u00e9rieur nationales et internationales.<\/p>\n<p>Les programmes en cours d&#8217;\u00e9laboration devraient s&#8217;inspirer des meilleures pratiques internationales en mati\u00e8re de\u00a0<strong>formation agronomique et v\u00e9t\u00e9rinaire<\/strong>, tout en les adaptant aux r\u00e9alit\u00e9s mauritaniennes. Comme le souligne le<strong>\u00a0directeur de la Planification, des Strat\u00e9gies et de l&#8217;\u00c9valuation, Monsieur Sidi Mohamed Mouloud<\/strong>, <strong><em>&#8220;ce processus d&#8217;\u00e9laboration des programmes de formation renforcerait notre syst\u00e8me d&#8217;enseignement sup\u00e9rieur et r\u00e9pondrait aux priorit\u00e9s du d\u00e9veloppement agricole et pastoral national dans le pays.&#8221;<\/em><\/strong><\/p>\n<p><strong>Perspectives nationales et vision de d\u00e9veloppement<\/strong><\/p>\n<p>Dans son allocution d&#8217;ouverture,\u00a0<strong>Monsieur Enouey Cheikh<\/strong>\u00a0a situ\u00e9 l&#8217;importance strat\u00e9gique de cet atelier : <strong><em>&#8220;nous consid\u00e9rons cette activit\u00e9 comme la\u00a0<\/em><\/strong><strong><em>premi\u00e8re pierre<\/em><\/strong><strong><em>\u00a0de cet \u00e9difice \u00e9conomique national li\u00e9 aux domaines \u00e9conomiques et vitaux les plus importants du pays, en particulier dans les secteurs agricole et v\u00e9t\u00e9rinaire.&#8221;<\/em><\/strong> Il a en outre pr\u00e9cis\u00e9 que cette initiative s&#8217;inscrit dans le cadre de l&#8217;accord de partenariat sign\u00e9 avec l&#8217;Institut Agronomique et V\u00e9t\u00e9rinaire Hassan II de Rabat, <strong><em>&#8220;qui contribuera par son\u00a0expertise technique\u00a0et son accompagnement sur le terrain \u00e0 l&#8217;\u00e9laboration des programmes de formation et au renforcement des capacit\u00e9s institutionnelles de ces deux \u00e9tablissements.&#8221;<\/em><\/strong><\/p>\n<p><strong>Monsieur Sidi Mohamed Ould Mouloud<\/strong>\u00a0a pour sa part mis en lumi\u00e8re la dimension strat\u00e9gique du projet, qui <strong><em>&#8220;s&#8217;inscrit dans la\u00a0vision<\/em><\/strong> <strong><em>du Pr\u00e9sident de la R\u00e9publique, incarn\u00e9e dans les programmes du gouvernement et visant \u00e0 moderniser notre syst\u00e8me d&#8217;enseignement sup\u00e9rieur, \u00e0 diversifier ses offres de formation et \u00e0 assurer sa d\u00e9centralisation au service du d\u00e9veloppement global et \u00e9quilibr\u00e9 de notre pays.&#8221;<\/em><\/strong> Il a exprim\u00e9 ses <strong><em>&#8220;sinc\u00e8res remerciements et sa gratitude aux coll\u00e8gues de l&#8217;Institut Agronomique et V\u00e9t\u00e9rinaire Hassan II du Royaume fr\u00e8re du Maroc pour leur\u00a0coop\u00e9ration sinc\u00e8re\u00a0et leur grand int\u00e9r\u00eat pour ce projet national.&#8221;<\/em><\/strong><\/p>\n<p><strong>Coop\u00e9ration internationale et partenariat marocain<\/strong><\/p>\n<p>La collaboration avec l&#8217;<strong>Institut Agronomique et V\u00e9t\u00e9rinaire Hassan II<\/strong>\u00a0rev\u00eat une importance capitale pour la r\u00e9ussite du projet. Cet institut marocain b\u00e9n\u00e9ficie d&#8217;une\u00a0<strong>reconnaissance internationale<\/strong>\u00a0dans les domaines agronomiques et v\u00e9t\u00e9rinaires et dispose d&#8217;une expertise \u00e9prouv\u00e9e en mati\u00e8re de conception de programmes de formation adapt\u00e9s aux contextes africains.<\/p>\n<p><strong>Monsieur Mohamed Youssef<\/strong>, vice-pr\u00e9sident de l&#8217;Institut Agronomique et V\u00e9t\u00e9rinaire Hassan II, a expliqu\u00e9 que <strong><em>&#8220;ce projet est le fruit d&#8217;une\u00a0<\/em><\/strong><strong><em>coop\u00e9ration fraternelle<\/em><\/strong><strong><em>\u00a0profond\u00e9ment enracin\u00e9e dans la civilisation et l&#8217;histoire entre la Mauritanie et le Royaume du Maroc dans divers domaines, ajoutant que cette coop\u00e9ration n&#8217;a cess\u00e9 de cro\u00eetre et de se renforcer sous la direction des deux pays fr\u00e8res.&#8221; <\/em><\/strong>Il a pr\u00e9cis\u00e9 que<strong><em> &#8220;ce projet refl\u00e8te la\u00a0<\/em>vision <em>de promouvoir le syst\u00e8me d&#8217;enseignement sup\u00e9rieur et de recherche scientifique, d&#8217;am\u00e9liorer sa qualit\u00e9 et d&#8217;\u00e9lever son niveau scientifique pour r\u00e9pondre aux exigences de d\u00e9veloppement du pays.&#8221;<\/em><\/strong><\/p>\n<p><strong>Impacts attendus et perspectives d&#8217;avenir<\/strong><\/p>\n<p>La cr\u00e9ation de ces deux \u00e9tablissements dans des r\u00e9gions \u00e9loign\u00e9es de la capitale constitue une avanc\u00e9e majeure dans la politique de\u00a0<strong>d\u00e9centralisation de l&#8217;enseignement sup\u00e9rieur<\/strong>\u00a0en Mauritanie. Elle devrait permettre une meilleure r\u00e9partition g\u00e9ographique des institutions universitaires et un\u00a0<strong>d\u00e9sengorgement<\/strong>\u00a0des campus de Nouakchott, tout en offrant aux jeunes des r\u00e9gions de Ka\u00e9di et N\u00e9ma la possibilit\u00e9 de poursuivre des \u00e9tudes sup\u00e9rieures de qualit\u00e9 pr\u00e8s de leur lieu de r\u00e9sidence.<\/p>\n<p>\u00c0 plus long terme, ces deux \u00e9coles sont appel\u00e9es \u00e0 devenir des\u00a0<strong>leviers de d\u00e9veloppement r\u00e9gional<\/strong>\u00a0en formant une nouvelle g\u00e9n\u00e9ration de cadres agricoles et v\u00e9t\u00e9rinaires imm\u00e9diatement op\u00e9rationnels et familiaris\u00e9s avec les sp\u00e9cificit\u00e9s des terroirs locaux. Leurs activit\u00e9s de recherche devraient \u00e9galement contribuer \u00e0 l&#8217;innovation dans des secteurs productifs essentiels pour l&#8217;\u00e9conomie nationale.<\/p>\n<p>Ce projet s&#8217;aligne parfaitement avec les priorit\u00e9s continentales africaines, notamment la\u00a0<strong>Zone de libre-\u00e9change continentale africaine (ZLECA)<\/strong>\u00a0qui encourage une plus grande mobilit\u00e9 acad\u00e9mique et l&#8217;harmonisation des normes \u00e9ducatives \u00e0 l&#8217;\u00e9chelle du continent. Comme le soulignent les travaux de l&#8217;ADEA, <strong><em>&#8220;la ZLECA offre une occasion historique de repositionner l&#8217;enseignement sup\u00e9rieur africain : il doit devenir plus innovant, mieux financ\u00e9, plus r\u00e9actif aux besoins du march\u00e9 du travail et plus profond\u00e9ment int\u00e9gr\u00e9 au-del\u00e0 des fronti\u00e8res&#8221;.<\/em><\/strong><\/p>\n<p>L&#8217;atelier qui s&#8217;ouvre \u00e0 Nouakchott marque le\u00a0<strong>d\u00e9part effectif<\/strong>\u00a0d&#8217;un projet \u00e9ducatif dont les retomb\u00e9es sont attendues bien au-del\u00e0 du seul secteur de l&#8217;enseignement sup\u00e9rieur. En cr\u00e9ant des formations sp\u00e9cialis\u00e9es d&#8217;excellence dans les domaines agricole et v\u00e9t\u00e9rinaire, la Mauritanie investit dans son\u00a0<strong>autonomie alimentaire<\/strong>\u00a0et dans la modernisation de secteurs \u00e9conomiques traditionnels qui emploient une part importante de sa population.<\/p>\n<p>La\u00a0<strong>coop\u00e9ration mauritano-marocaine<\/strong>, concr\u00e9tis\u00e9e par l&#8217;implication technique de l&#8217;Institut Agronomique et V\u00e9t\u00e9rinaire Hassan II, t\u00e9moigne de la dynamique de\u00a0<strong>partenariat Sud-Sud<\/strong>\u00a0et de l&#8217;\u00e9mergence d&#8217;une expertise africaine capable de r\u00e9pondre aux d\u00e9fis du d\u00e9veloppement du continent.<\/p>\n<p>Le chemin reste long jusqu&#8217;\u00e0 l&#8217;ouverture effective des deux \u00e9coles, mais la premi\u00e8re pierre \u2013 celle de la r\u00e9flexion p\u00e9dagogique et de la conception des curricula \u2013 est d\u00e9sormais pos\u00e9e. Elle ouvre la voie \u00e0 une transformation durable du paysage de l&#8217;enseignement sup\u00e9rieur mauritanien et \u00e0 un renforcement significatif de ses capacit\u00e9s productives dans des secteurs vitaux pour sa population et son \u00e9conomie.<\/p>\n<p>&nbsp;<\/p>\n","protected":false},"excerpt":{"rendered":"<p>Un atelier crucial d\u00e9di\u00e9 \u00e0 l&#8217;\u00e9laboration des programmes de formation pour l&#8217;\u00c9cole Sup\u00e9rieure d&#8217;Agriculture de Ka\u00e9di et l&#8217;\u00c9cole de M\u00e9decine V\u00e9t\u00e9rinaire de N\u00e9ma s&#8217;est ouvert ce lundi dans la capitale mauritanienne. Cet \u00e9v\u00e9nement, organis\u00e9 par le\u00a0Minist\u00e8re de l&#8217;Enseignement Sup\u00e9rieur et de la Recherche Scientifique\u00a0en collaboration avec l&#8217;Institut Agronomique et V\u00e9t\u00e9rinaire Hassan II du Royaume du&#8230;..<\/p>\n","protected":false},"author":12,"featured_media":31817,"comment_status":"open","ping_status":"open","sticky":false,"template":"","format":"standard","meta":{"footnotes":""},"categories":[23,49],"tags":[],"class_list":["post-31816","post","type-post","status-publish","format-standard","has-post-thumbnail","hentry","category-actualite","category-economie"],"yoast_head":"<!-- This site is optimized with the Yoast SEO plugin v27.5 - https:\/\/yoast.com\/product\/yoast-seo-wordpress\/ -->\n<title>Promotion de l\u2019agriculture et l\u2019\u00e9levage : Lancement de programmes de formation pour les \u00e9coles d&#039;agriculture et de m\u00e9decine v\u00e9t\u00e9rinaire en Mauritanie - Le Quotidien de Nouakchott<\/title>\n<meta name=\"robots\" content=\"index, follow, max-snippet:-1, max-image-preview:large, max-video-preview:-1\" \/>\n<link rel=\"canonical\" href=\"https:\/\/lequotidien.mr\/?p=31816&lang=fr\" \/>\n<meta property=\"og:locale\" content=\"ar_AR\" \/>\n<meta property=\"og:type\" content=\"article\" \/>\n<meta property=\"og:title\" content=\"Promotion de l\u2019agriculture et l\u2019\u00e9levage : Lancement de programmes de formation pour les \u00e9coles d&#039;agriculture et de m\u00e9decine v\u00e9t\u00e9rinaire en Mauritanie - Le Quotidien de Nouakchott\" \/>\n<meta property=\"og:description\" content=\"Un atelier crucial d\u00e9di\u00e9 \u00e0 l&#8217;\u00e9laboration des programmes de formation pour l&#8217;\u00c9cole Sup\u00e9rieure d&#8217;Agriculture de Ka\u00e9di et l&#8217;\u00c9cole de M\u00e9decine V\u00e9t\u00e9rinaire de N\u00e9ma s&#8217;est ouvert ce lundi dans la capitale mauritanienne. Cet \u00e9v\u00e9nement, organis\u00e9 par le\u00a0Minist\u00e8re de l&#8217;Enseignement Sup\u00e9rieur et de la Recherche Scientifique\u00a0en collaboration avec l&#8217;Institut Agronomique et V\u00e9t\u00e9rinaire Hassan II du Royaume du.....\" \/>\n<meta property=\"og:url\" content=\"https:\/\/lequotidien.mr\/?p=31816&amp;lang=fr\" \/>\n<meta property=\"og:site_name\" content=\"Le Quotidien de Nouakchott\" \/>\n<meta property=\"article:publisher\" content=\"https:\/\/web.facebook.com\/lequotidienmr\" \/>\n<meta property=\"article:published_time\" content=\"2025-10-21T23:40:52+00:00\" \/>\n<meta property=\"article:modified_time\" content=\"2025-10-21T23:44:20+00:00\" \/>\n<meta property=\"og:image\" content=\"https:\/\/lequotidien.mr\/wp-content\/uploads\/2025\/10\/photo-agture-veterinaire.jpg\" \/>\n\t<meta property=\"og:image:width\" content=\"593\" \/>\n\t<meta property=\"og:image:height\" content=\"375\" \/>\n\t<meta property=\"og:image:type\" content=\"image\/jpeg\" \/>\n<meta name=\"author\" content=\"Med Ahmed\" \/>\n<meta name=\"twitter:card\" content=\"summary_large_image\" \/>\n<meta name=\"twitter:creator\" content=\"@lequotidienmr\" \/>\n<meta name=\"twitter:site\" content=\"@lequotidienmr\" \/>\n<meta name=\"twitter:label1\" content=\"\u0643\u064f\u062a\u0628 \u0628\u0648\u0627\u0633\u0637\u0629\" \/>\n\t<meta name=\"twitter:data1\" content=\"Med Ahmed\" \/>\n\t<meta name=\"twitter:label2\" content=\"\u0648\u0642\u062a \u0627\u0644\u0642\u0631\u0627\u0621\u0629 \u0627\u0644\u0645\u064f\u0642\u062f\u0651\u0631\" \/>\n\t<meta name=\"twitter:data2\" content=\"11 \u062f\u0642\u064a\u0642\u0629\" \/>\n<script type=\"application\/ld+json\" class=\"yoast-schema-graph\">{\"@context\":\"https:\\\/\\\/schema.org\",\"@graph\":[{\"@type\":\"Article\",\"@id\":\"https:\\\/\\\/lequotidien.mr\\\/?p=31816&lang=fr#article\",\"isPartOf\":{\"@id\":\"https:\\\/\\\/lequotidien.mr\\\/?p=31816&lang=fr\"},\"author\":{\"name\":\"Med Ahmed\",\"@id\":\"https:\\\/\\\/lequotidien.mr\\\/#\\\/schema\\\/person\\\/d2d350202a4d599685ed8abc25f97596\"},\"headline\":\"Promotion de l\u2019agriculture et l\u2019\u00e9levage : Lancement de programmes de formation pour les \u00e9coles d&#8217;agriculture et de m\u00e9decine v\u00e9t\u00e9rinaire en Mauritanie\",\"datePublished\":\"2025-10-21T23:40:52+00:00\",\"dateModified\":\"2025-10-21T23:44:20+00:00\",\"mainEntityOfPage\":{\"@id\":\"https:\\\/\\\/lequotidien.mr\\\/?p=31816&lang=fr\"},\"wordCount\":1744,\"commentCount\":0,\"publisher\":{\"@id\":\"https:\\\/\\\/lequotidien.mr\\\/#organization\"},\"image\":{\"@id\":\"https:\\\/\\\/lequotidien.mr\\\/?p=31816&lang=fr#primaryimage\"},\"thumbnailUrl\":\"https:\\\/\\\/lequotidien.mr\\\/wp-content\\\/uploads\\\/2025\\\/10\\\/photo-agture-veterinaire.jpg\",\"articleSection\":[\"ACTUALIT\u00c9\",\"Economie\"],\"inLanguage\":\"ar\",\"potentialAction\":[{\"@type\":\"CommentAction\",\"name\":\"Comment\",\"target\":[\"https:\\\/\\\/lequotidien.mr\\\/?p=31816&lang=fr#respond\"]}]},{\"@type\":\"WebPage\",\"@id\":\"https:\\\/\\\/lequotidien.mr\\\/?p=31816&lang=fr\",\"url\":\"https:\\\/\\\/lequotidien.mr\\\/?p=31816&lang=fr\",\"name\":\"Promotion de l\u2019agriculture et l\u2019\u00e9levage : Lancement de programmes de formation pour les \u00e9coles d'agriculture et de m\u00e9decine v\u00e9t\u00e9rinaire en Mauritanie - Le Quotidien de Nouakchott\",\"isPartOf\":{\"@id\":\"https:\\\/\\\/lequotidien.mr\\\/#website\"},\"primaryImageOfPage\":{\"@id\":\"https:\\\/\\\/lequotidien.mr\\\/?p=31816&lang=fr#primaryimage\"},\"image\":{\"@id\":\"https:\\\/\\\/lequotidien.mr\\\/?p=31816&lang=fr#primaryimage\"},\"thumbnailUrl\":\"https:\\\/\\\/lequotidien.mr\\\/wp-content\\\/uploads\\\/2025\\\/10\\\/photo-agture-veterinaire.jpg\",\"datePublished\":\"2025-10-21T23:40:52+00:00\",\"dateModified\":\"2025-10-21T23:44:20+00:00\",\"breadcrumb\":{\"@id\":\"https:\\\/\\\/lequotidien.mr\\\/?p=31816&lang=fr#breadcrumb\"},\"inLanguage\":\"ar\",\"potentialAction\":[{\"@type\":\"ReadAction\",\"target\":[\"https:\\\/\\\/lequotidien.mr\\\/?p=31816&lang=fr\"]}]},{\"@type\":\"ImageObject\",\"inLanguage\":\"ar\",\"@id\":\"https:\\\/\\\/lequotidien.mr\\\/?p=31816&lang=fr#primaryimage\",\"url\":\"https:\\\/\\\/lequotidien.mr\\\/wp-content\\\/uploads\\\/2025\\\/10\\\/photo-agture-veterinaire.jpg\",\"contentUrl\":\"https:\\\/\\\/lequotidien.mr\\\/wp-content\\\/uploads\\\/2025\\\/10\\\/photo-agture-veterinaire.jpg\",\"width\":593,\"height\":375},{\"@type\":\"BreadcrumbList\",\"@id\":\"https:\\\/\\\/lequotidien.mr\\\/?p=31816&lang=fr#breadcrumb\",\"itemListElement\":[{\"@type\":\"ListItem\",\"position\":1,\"name\":\"Home\",\"item\":\"https:\\\/\\\/lequotidien.mr\\\/\"},{\"@type\":\"ListItem\",\"position\":2,\"name\":\"Promotion de l\u2019agriculture et l\u2019\u00e9levage : Lancement de programmes de formation pour les \u00e9coles d&rsquo;agriculture et de m\u00e9decine v\u00e9t\u00e9rinaire en Mauritanie\"}]},{\"@type\":\"WebSite\",\"@id\":\"https:\\\/\\\/lequotidien.mr\\\/#website\",\"url\":\"https:\\\/\\\/lequotidien.mr\\\/\",\"name\":\"Le Quotidien de Nouakchott\",\"description\":\"\u0625\u062e\u0628\u0627\u0631\u064a\u0629 \u0645\u0633\u062a\u0642\u0644\u0629 \u0644\u0644\u0623\u0646\u0628\u0627\u0621 \u0627\u0644\u0639\u0627\u0645\u0629\",\"publisher\":{\"@id\":\"https:\\\/\\\/lequotidien.mr\\\/#organization\"},\"potentialAction\":[{\"@type\":\"SearchAction\",\"target\":{\"@type\":\"EntryPoint\",\"urlTemplate\":\"https:\\\/\\\/lequotidien.mr\\\/?s={search_term_string}\"},\"query-input\":{\"@type\":\"PropertyValueSpecification\",\"valueRequired\":true,\"valueName\":\"search_term_string\"}}],\"inLanguage\":\"ar\"},{\"@type\":\"Organization\",\"@id\":\"https:\\\/\\\/lequotidien.mr\\\/#organization\",\"name\":\"Le Quotidien de Nouakchott\",\"url\":\"https:\\\/\\\/lequotidien.mr\\\/\",\"logo\":{\"@type\":\"ImageObject\",\"inLanguage\":\"ar\",\"@id\":\"https:\\\/\\\/lequotidien.mr\\\/#\\\/schema\\\/logo\\\/image\\\/\",\"url\":\"https:\\\/\\\/lequotidien.mr\\\/wp-content\\\/uploads\\\/2022\\\/11\\\/logolequotidien.jpg\",\"contentUrl\":\"https:\\\/\\\/lequotidien.mr\\\/wp-content\\\/uploads\\\/2022\\\/11\\\/logolequotidien.jpg\",\"width\":290,\"height\":65,\"caption\":\"Le Quotidien de Nouakchott\"},\"image\":{\"@id\":\"https:\\\/\\\/lequotidien.mr\\\/#\\\/schema\\\/logo\\\/image\\\/\"},\"sameAs\":[\"https:\\\/\\\/web.facebook.com\\\/lequotidienmr\",\"https:\\\/\\\/x.com\\\/lequotidienmr\"]},{\"@type\":\"Person\",\"@id\":\"https:\\\/\\\/lequotidien.mr\\\/#\\\/schema\\\/person\\\/d2d350202a4d599685ed8abc25f97596\",\"name\":\"Med Ahmed\",\"image\":{\"@type\":\"ImageObject\",\"inLanguage\":\"ar\",\"@id\":\"https:\\\/\\\/secure.gravatar.com\\\/avatar\\\/fd2acc62ed50732923d1d39c17172c9b04149f142be92310ecc69e1358f94b52?s=96&d=mm&r=g\",\"url\":\"https:\\\/\\\/secure.gravatar.com\\\/avatar\\\/fd2acc62ed50732923d1d39c17172c9b04149f142be92310ecc69e1358f94b52?s=96&d=mm&r=g\",\"contentUrl\":\"https:\\\/\\\/secure.gravatar.com\\\/avatar\\\/fd2acc62ed50732923d1d39c17172c9b04149f142be92310ecc69e1358f94b52?s=96&d=mm&r=g\",\"caption\":\"Med Ahmed\"},\"url\":\"https:\\\/\\\/lequotidien.mr\\\/?author=12\"}]}<\/script>\n<!-- \/ Yoast SEO plugin. -->","yoast_head_json":{"title":"Promotion de l\u2019agriculture et l\u2019\u00e9levage : Lancement de programmes de formation pour les \u00e9coles d'agriculture et de m\u00e9decine v\u00e9t\u00e9rinaire en Mauritanie - Le Quotidien de Nouakchott","robots":{"index":"index","follow":"follow","max-snippet":"max-snippet:-1","max-image-preview":"max-image-preview:large","max-video-preview":"max-video-preview:-1"},"canonical":"https:\/\/lequotidien.mr\/?p=31816&lang=fr","og_locale":"ar_AR","og_type":"article","og_title":"Promotion de l\u2019agriculture et l\u2019\u00e9levage : Lancement de programmes de formation pour les \u00e9coles d'agriculture et de m\u00e9decine v\u00e9t\u00e9rinaire en Mauritanie - Le Quotidien de Nouakchott","og_description":"Un atelier crucial d\u00e9di\u00e9 \u00e0 l&#8217;\u00e9laboration des programmes de formation pour l&#8217;\u00c9cole Sup\u00e9rieure d&#8217;Agriculture de Ka\u00e9di et l&#8217;\u00c9cole de M\u00e9decine V\u00e9t\u00e9rinaire de N\u00e9ma s&#8217;est ouvert ce lundi dans la capitale mauritanienne. Cet \u00e9v\u00e9nement, organis\u00e9 par le\u00a0Minist\u00e8re de l&#8217;Enseignement Sup\u00e9rieur et de la Recherche Scientifique\u00a0en collaboration avec l&#8217;Institut Agronomique et V\u00e9t\u00e9rinaire Hassan II du Royaume du.....","og_url":"https:\/\/lequotidien.mr\/?p=31816&lang=fr","og_site_name":"Le Quotidien de Nouakchott","article_publisher":"https:\/\/web.facebook.com\/lequotidienmr","article_published_time":"2025-10-21T23:40:52+00:00","article_modified_time":"2025-10-21T23:44:20+00:00","og_image":[{"width":593,"height":375,"url":"https:\/\/lequotidien.mr\/wp-content\/uploads\/2025\/10\/photo-agture-veterinaire.jpg","type":"image\/jpeg"}],"author":"Med Ahmed","twitter_card":"summary_large_image","twitter_creator":"@lequotidienmr","twitter_site":"@lequotidienmr","twitter_misc":{"\u0643\u064f\u062a\u0628 \u0628\u0648\u0627\u0633\u0637\u0629":"Med Ahmed","\u0648\u0642\u062a \u0627\u0644\u0642\u0631\u0627\u0621\u0629 \u0627\u0644\u0645\u064f\u0642\u062f\u0651\u0631":"11 \u062f\u0642\u064a\u0642\u0629"},"schema":{"@context":"https:\/\/schema.org","@graph":[{"@type":"Article","@id":"https:\/\/lequotidien.mr\/?p=31816&lang=fr#article","isPartOf":{"@id":"https:\/\/lequotidien.mr\/?p=31816&lang=fr"},"author":{"name":"Med Ahmed","@id":"https:\/\/lequotidien.mr\/#\/schema\/person\/d2d350202a4d599685ed8abc25f97596"},"headline":"Promotion de l\u2019agriculture et l\u2019\u00e9levage : Lancement de programmes de formation pour les \u00e9coles d&#8217;agriculture et de m\u00e9decine v\u00e9t\u00e9rinaire en Mauritanie","datePublished":"2025-10-21T23:40:52+00:00","dateModified":"2025-10-21T23:44:20+00:00","mainEntityOfPage":{"@id":"https:\/\/lequotidien.mr\/?p=31816&lang=fr"},"wordCount":1744,"commentCount":0,"publisher":{"@id":"https:\/\/lequotidien.mr\/#organization"},"image":{"@id":"https:\/\/lequotidien.mr\/?p=31816&lang=fr#primaryimage"},"thumbnailUrl":"https:\/\/lequotidien.mr\/wp-content\/uploads\/2025\/10\/photo-agture-veterinaire.jpg","articleSection":["ACTUALIT\u00c9","Economie"],"inLanguage":"ar","potentialAction":[{"@type":"CommentAction","name":"Comment","target":["https:\/\/lequotidien.mr\/?p=31816&lang=fr#respond"]}]},{"@type":"WebPage","@id":"https:\/\/lequotidien.mr\/?p=31816&lang=fr","url":"https:\/\/lequotidien.mr\/?p=31816&lang=fr","name":"Promotion de l\u2019agriculture et l\u2019\u00e9levage : Lancement de programmes de formation pour les \u00e9coles d'agriculture et de m\u00e9decine v\u00e9t\u00e9rinaire en Mauritanie - Le Quotidien de Nouakchott","isPartOf":{"@id":"https:\/\/lequotidien.mr\/#website"},"primaryImageOfPage":{"@id":"https:\/\/lequotidien.mr\/?p=31816&lang=fr#primaryimage"},"image":{"@id":"https:\/\/lequotidien.mr\/?p=31816&lang=fr#primaryimage"},"thumbnailUrl":"https:\/\/lequotidien.mr\/wp-content\/uploads\/2025\/10\/photo-agture-veterinaire.jpg","datePublished":"2025-10-21T23:40:52+00:00","dateModified":"2025-10-21T23:44:20+00:00","breadcrumb":{"@id":"https:\/\/lequotidien.mr\/?p=31816&lang=fr#breadcrumb"},"inLanguage":"ar","potentialAction":[{"@type":"ReadAction","target":["https:\/\/lequotidien.mr\/?p=31816&lang=fr"]}]},{"@type":"ImageObject","inLanguage":"ar","@id":"https:\/\/lequotidien.mr\/?p=31816&lang=fr#primaryimage","url":"https:\/\/lequotidien.mr\/wp-content\/uploads\/2025\/10\/photo-agture-veterinaire.jpg","contentUrl":"https:\/\/lequotidien.mr\/wp-content\/uploads\/2025\/10\/photo-agture-veterinaire.jpg","width":593,"height":375},{"@type":"BreadcrumbList","@id":"https:\/\/lequotidien.mr\/?p=31816&lang=fr#breadcrumb","itemListElement":[{"@type":"ListItem","position":1,"name":"Home","item":"https:\/\/lequotidien.mr\/"},{"@type":"ListItem","position":2,"name":"Promotion de l\u2019agriculture et l\u2019\u00e9levage : Lancement de programmes de formation pour les \u00e9coles d&rsquo;agriculture et de m\u00e9decine v\u00e9t\u00e9rinaire en Mauritanie"}]},{"@type":"WebSite","@id":"https:\/\/lequotidien.mr\/#website","url":"https:\/\/lequotidien.mr\/","name":"Le Quotidien de Nouakchott","description":"\u0625\u062e\u0628\u0627\u0631\u064a\u0629 \u0645\u0633\u062a\u0642\u0644\u0629 \u0644\u0644\u0623\u0646\u0628\u0627\u0621 \u0627\u0644\u0639\u0627\u0645\u0629","publisher":{"@id":"https:\/\/lequotidien.mr\/#organization"},"potentialAction":[{"@type":"SearchAction","target":{"@type":"EntryPoint","urlTemplate":"https:\/\/lequotidien.mr\/?s={search_term_string}"},"query-input":{"@type":"PropertyValueSpecification","valueRequired":true,"valueName":"search_term_string"}}],"inLanguage":"ar"},{"@type":"Organization","@id":"https:\/\/lequotidien.mr\/#organization","name":"Le Quotidien de Nouakchott","url":"https:\/\/lequotidien.mr\/","logo":{"@type":"ImageObject","inLanguage":"ar","@id":"https:\/\/lequotidien.mr\/#\/schema\/logo\/image\/","url":"https:\/\/lequotidien.mr\/wp-content\/uploads\/2022\/11\/logolequotidien.jpg","contentUrl":"https:\/\/lequotidien.mr\/wp-content\/uploads\/2022\/11\/logolequotidien.jpg","width":290,"height":65,"caption":"Le Quotidien de Nouakchott"},"image":{"@id":"https:\/\/lequotidien.mr\/#\/schema\/logo\/image\/"},"sameAs":["https:\/\/web.facebook.com\/lequotidienmr","https:\/\/x.com\/lequotidienmr"]},{"@type":"Person","@id":"https:\/\/lequotidien.mr\/#\/schema\/person\/d2d350202a4d599685ed8abc25f97596","name":"Med Ahmed","image":{"@type":"ImageObject","inLanguage":"ar","@id":"https:\/\/secure.gravatar.com\/avatar\/fd2acc62ed50732923d1d39c17172c9b04149f142be92310ecc69e1358f94b52?s=96&d=mm&r=g","url":"https:\/\/secure.gravatar.com\/avatar\/fd2acc62ed50732923d1d39c17172c9b04149f142be92310ecc69e1358f94b52?s=96&d=mm&r=g","contentUrl":"https:\/\/secure.gravatar.com\/avatar\/fd2acc62ed50732923d1d39c17172c9b04149f142be92310ecc69e1358f94b52?s=96&d=mm&r=g","caption":"Med Ahmed"},"url":"https:\/\/lequotidien.mr\/?author=12"}]}},"_links":{"self":[{"href":"https:\/\/lequotidien.mr\/index.php?rest_route=\/wp\/v2\/posts\/31816","targetHints":{"allow":["GET"]}}],"collection":[{"href":"https:\/\/lequotidien.mr\/index.php?rest_route=\/wp\/v2\/posts"}],"about":[{"href":"https:\/\/lequotidien.mr\/index.php?rest_route=\/wp\/v2\/types\/post"}],"author":[{"embeddable":true,"href":"https:\/\/lequotidien.mr\/index.php?rest_route=\/wp\/v2\/users\/12"}],"replies":[{"embeddable":true,"href":"https:\/\/lequotidien.mr\/index.php?rest_route=%2Fwp%2Fv2%2Fcomments&post=31816"}],"version-history":[{"count":2,"href":"https:\/\/lequotidien.mr\/index.php?rest_route=\/wp\/v2\/posts\/31816\/revisions"}],"predecessor-version":[{"id":31819,"href":"https:\/\/lequotidien.mr\/index.php?rest_route=\/wp\/v2\/posts\/31816\/revisions\/31819"}],"wp:featuredmedia":[{"embeddable":true,"href":"https:\/\/lequotidien.mr\/index.php?rest_route=\/wp\/v2\/media\/31817"}],"wp:attachment":[{"href":"https:\/\/lequotidien.mr\/index.php?rest_route=%2Fwp%2Fv2%2Fmedia&parent=31816"}],"wp:term":[{"taxonomy":"category","embeddable":true,"href":"https:\/\/lequotidien.mr\/index.php?rest_route=%2Fwp%2Fv2%2Fcategories&post=31816"},{"taxonomy":"post_tag","embeddable":true,"href":"https:\/\/lequotidien.mr\/index.php?rest_route=%2Fwp%2Fv2%2Ftags&post=31816"}],"curies":[{"name":"wp","href":"https:\/\/api.w.org\/{rel}","templated":true}]}}