{"id":31804,"date":"2025-10-21T12:45:51","date_gmt":"2025-10-21T12:45:51","guid":{"rendered":"https:\/\/lequotidien.mr\/?p=31804"},"modified":"2025-10-21T12:45:51","modified_gmt":"2025-10-21T12:45:51","slug":"geneve-suisse-la-mauritanie-participe-a-la-cnuced-16-faconner-lavenir-piloter-la-transformation-economique-pour-un-developpement-juste-inclusif-et-durable","status":"publish","type":"post","link":"https:\/\/lequotidien.mr\/?p=31804&lang=fr","title":{"rendered":"Gen\u00e8ve\/Suisse : La Mauritanie participe \u00e0 la CNUCED 16, \u00ab fa\u00e7onner l\u2019avenir : piloter la transformation \u00e9conomique pour un d\u00e9veloppement juste, inclusif et durable \u00bb"},"content":{"rendered":"<p>La <strong>ministre mauritanienne du Commerce et du Tourisme, Madame Zeinebou Ahmednah<\/strong>, a pris part, ce lundi, \u00e0 la s\u00e9ance d&#8217;ouverture de la <strong>seizi\u00e8me session de la Conf\u00e9rence des Nations Unies sur le commerce et le d\u00e9veloppement (CNUCED 16)<\/strong>. Cet \u00e9v\u00e9nement plan\u00e9taire, qui se tient au Palais des Nations \u00e0 Gen\u00e8ve, vise \u00e0 <strong><em>\u00ab fa\u00e7onner l\u2019avenir : piloter la transformation \u00e9conomique pour un d\u00e9veloppement juste, inclusif et durable \u00bb.<\/em><\/strong><\/p>\n<p>La ministre \u00e9tait accompagn\u00e9e d&#8217;une d\u00e9l\u00e9gation compos\u00e9e de Madame A\u00efcha Vall Verg\u00e8s, Ambassadrice de la Mauritanie \u00e0 Gen\u00e8ve, de Madame Rabab Kaber Hachem, charg\u00e9e de mission, et de Monsieur Guiss\u00e9 Djellal, directeur des \u00e9tudes, de la programmation et de la coop\u00e9ration au minist\u00e8re. Une pr\u00e9sence qui souligne l&#8217;importance formelle accord\u00e9e par la Mauritanie \u00e0 cette rencontre internationale.<\/p>\n<p><strong style=\"font-weight: inherit;\">Au-del\u00e0 de la pr\u00e9sence, la question de l&#8217;impact<\/strong><\/p>\n<p>Si la participation \u00e0 de tels sommets est essentielle pour le rayonnement international d&#8217;un pays et pour le r\u00e9seautage, elle soul\u00e8ve une question fondamentale : comment s&#8217;assurer que ces d\u00e9placements se traduisent par des b\u00e9n\u00e9fices concrets pour le pays ?<\/p>\n<p>Historiquement, la participation \u00e0 des conf\u00e9rences internationales n&#8217;a pas toujours \u00e9t\u00e9 synonyme de retomb\u00e9es positives pour la Mauritanie. Un constat s\u00e9v\u00e8re, mais n\u00e9cessaire, pointe du doigt le fait que l&#8217;essentiel n&#8217;est pas seulement de participer, mais de capitaliser sur ces forums pour en rapporter des bonnes pratiques, des partenariats strat\u00e9giques et des financements innovants.<\/p>\n<p>Par le pass\u00e9, des d\u00e9l\u00e9gations mauritaniennes, parfois compos\u00e9es de personnes insuffisamment motiv\u00e9es ou manquant d&#8217;expertise pointue sur les dossiers complexes trait\u00e9s dans ces ar\u00e8nes, ont pu passer \u00e0 c\u00f4t\u00e9 d&#8217;opportunit\u00e9s cruciales. La technicit\u00e9 des n\u00e9gociations commerciales, les m\u00e9canismes de financement du d\u00e9veloppement durable ou les strat\u00e9gies de transition num\u00e9rique exigent une pr\u00e9paration solide et une ma\u00eetrise des enjeux que toutes les d\u00e9l\u00e9gations ne poss\u00e8dent pas n\u00e9cessairement.<\/p>\n<p><strong style=\"font-weight: inherit;\">Une attente de r\u00e9sultats concrets<\/strong><\/p>\n<p>Le th\u00e8me de cette CNUCED 16, ax\u00e9 sur une transformation \u00e9conomique <strong><em>&#8220;juste, inclusive et durable&#8221;<\/em><\/strong>, correspond pourtant aux d\u00e9fis que rel\u00e8ve la Mauritanie. Les attentes sont donc grandes. La population et les acteurs \u00e9conomiques sont en droit d&#8217;attendre que cette participation genevoise d\u00e9bouche sur des avanc\u00e9es mesurables.<\/p>\n<p>Sous la direction de Madame Ahmednah, la d\u00e9l\u00e9gation a pour mission de ne pas \u00eatre seulement spectatrice, mais actrice de ces n\u00e9gociations. Il s&#8217;agit de d\u00e9fendre les int\u00e9r\u00eats commerciaux du pays, d&#8217;identifier des sources de financement pour des projets structurants, et de nouer des alliances qui profiteront directement \u00e0 l&#8217;\u00e9conomie mauritanienne, notamment dans les secteurs du tourisme et du commerce.<\/p>\n<p><strong><em>\u00ab Nous sommes ici pour affirmer la voix de la Mauritanie et pour tirer parti de cette plateforme unique afin de servir les objectifs de d\u00e9veloppement de notre nation \u00bb<\/em><\/strong>, a d\u00e9clar\u00e9 la ministre en marge de la conf\u00e9rence.<\/p>\n<p><strong style=\"font-weight: inherit;\">Vers une nouvelle approche des relations internationales<\/strong><\/p>\n<p>La pr\u00e9sence \u00e0 Gen\u00e8ve doit ainsi marquer un tournant. Elle doit incarner une nouvelle approche, o\u00f9 chaque mission internationale est rigoureusement pr\u00e9par\u00e9e, avec des objectifs clairs et une feuille de route pour la mise en \u0153uvre des engagements pris.<\/p>\n<p>Le v\u00e9ritable succ\u00e8s de cette participation ne se jugera pas \u00e0 la couverture m\u00e9diatique de l&#8217;\u00e9v\u00e9nement, mais aux comptes rendus qui seront faits au retour, aux projets concrets qui \u00e9mergeront et aux r\u00e9formes inspir\u00e9es par les bonnes pratiques partag\u00e9es. Il est imp\u00e9ratif que les comp\u00e9tences et la motivation des repr\u00e9sentants nationaux soient \u00e0 la hauteur des enjeux vitaux pour l&#8217;avenir du pays.<\/p>\n<p>La balle est d\u00e9sormais dans le camp de la d\u00e9l\u00e9gation pour transformer cette pr\u00e9sence en r\u00e9sultats tangibles, et prouver que la diplomatie \u00e9conomique mauritanienne peut \u00eatre un levier efficace de prosp\u00e9rit\u00e9 pour tous.<\/p>\n","protected":false},"excerpt":{"rendered":"<p>La ministre mauritanienne du Commerce et du Tourisme, Madame Zeinebou Ahmednah, a pris part, ce lundi, \u00e0 la s\u00e9ance d&#8217;ouverture de la seizi\u00e8me session de la Conf\u00e9rence des Nations Unies sur le commerce et le d\u00e9veloppement (CNUCED 16). Cet \u00e9v\u00e9nement plan\u00e9taire, qui se tient au Palais des Nations \u00e0 Gen\u00e8ve, vise \u00e0 \u00ab fa\u00e7onner l\u2019avenir&#8230;..<\/p>\n","protected":false},"author":12,"featured_media":31805,"comment_status":"open","ping_status":"open","sticky":false,"template":"","format":"standard","meta":{"footnotes":""},"categories":[23,49],"tags":[],"class_list":["post-31804","post","type-post","status-publish","format-standard","has-post-thumbnail","hentry","category-actualite","category-economie"],"yoast_head":"<!-- This site is optimized with the Yoast SEO plugin v27.5 - https:\/\/yoast.com\/product\/yoast-seo-wordpress\/ -->\n<title>Gen\u00e8ve\/Suisse : La Mauritanie participe \u00e0 la CNUCED 16, \u00ab fa\u00e7onner l\u2019avenir : piloter la transformation \u00e9conomique pour un d\u00e9veloppement juste, inclusif et durable \u00bb - Le Quotidien de Nouakchott<\/title>\n<meta name=\"robots\" content=\"index, follow, max-snippet:-1, max-image-preview:large, max-video-preview:-1\" \/>\n<link rel=\"canonical\" href=\"https:\/\/lequotidien.mr\/?p=31804&lang=fr\" \/>\n<meta property=\"og:locale\" content=\"ar_AR\" \/>\n<meta property=\"og:type\" content=\"article\" \/>\n<meta property=\"og:title\" content=\"Gen\u00e8ve\/Suisse : La Mauritanie participe \u00e0 la CNUCED 16, \u00ab fa\u00e7onner l\u2019avenir : piloter la transformation \u00e9conomique pour un d\u00e9veloppement juste, inclusif et durable \u00bb - Le Quotidien de Nouakchott\" \/>\n<meta property=\"og:description\" content=\"La ministre mauritanienne du Commerce et du Tourisme, Madame Zeinebou Ahmednah, a pris part, ce lundi, \u00e0 la s\u00e9ance d&#8217;ouverture de la seizi\u00e8me session de la Conf\u00e9rence des Nations Unies sur le commerce et le d\u00e9veloppement (CNUCED 16). Cet \u00e9v\u00e9nement plan\u00e9taire, qui se tient au Palais des Nations \u00e0 Gen\u00e8ve, vise \u00e0 \u00ab fa\u00e7onner l\u2019avenir.....\" \/>\n<meta property=\"og:url\" content=\"https:\/\/lequotidien.mr\/?p=31804&amp;lang=fr\" \/>\n<meta property=\"og:site_name\" content=\"Le Quotidien de Nouakchott\" \/>\n<meta property=\"article:publisher\" content=\"https:\/\/web.facebook.com\/lequotidienmr\" \/>\n<meta property=\"article:published_time\" content=\"2025-10-21T12:45:51+00:00\" \/>\n<meta property=\"og:image\" content=\"https:\/\/lequotidien.mr\/wp-content\/uploads\/2025\/10\/photo-commerce.jpeg\" \/>\n\t<meta property=\"og:image:width\" content=\"400\" \/>\n\t<meta property=\"og:image:height\" content=\"430\" \/>\n\t<meta property=\"og:image:type\" content=\"image\/jpeg\" \/>\n<meta name=\"author\" content=\"Med Ahmed\" \/>\n<meta name=\"twitter:card\" content=\"summary_large_image\" \/>\n<meta name=\"twitter:creator\" content=\"@lequotidienmr\" \/>\n<meta name=\"twitter:site\" content=\"@lequotidienmr\" \/>\n<meta name=\"twitter:label1\" content=\"\u0643\u064f\u062a\u0628 \u0628\u0648\u0627\u0633\u0637\u0629\" \/>\n\t<meta name=\"twitter:data1\" content=\"Med Ahmed\" \/>\n\t<meta name=\"twitter:label2\" content=\"\u0648\u0642\u062a \u0627\u0644\u0642\u0631\u0627\u0621\u0629 \u0627\u0644\u0645\u064f\u0642\u062f\u0651\u0631\" \/>\n\t<meta name=\"twitter:data2\" content=\"5 \u062f\u0642\u0627\u0626\u0642\" \/>\n<script type=\"application\/ld+json\" class=\"yoast-schema-graph\">{\"@context\":\"https:\\\/\\\/schema.org\",\"@graph\":[{\"@type\":\"Article\",\"@id\":\"https:\\\/\\\/lequotidien.mr\\\/?p=31804&lang=fr#article\",\"isPartOf\":{\"@id\":\"https:\\\/\\\/lequotidien.mr\\\/?p=31804&lang=fr\"},\"author\":{\"name\":\"Med Ahmed\",\"@id\":\"https:\\\/\\\/lequotidien.mr\\\/#\\\/schema\\\/person\\\/d2d350202a4d599685ed8abc25f97596\"},\"headline\":\"Gen\u00e8ve\\\/Suisse : La Mauritanie participe \u00e0 la CNUCED 16, \u00ab fa\u00e7onner l\u2019avenir : piloter la transformation \u00e9conomique pour un d\u00e9veloppement juste, inclusif et durable \u00bb\",\"datePublished\":\"2025-10-21T12:45:51+00:00\",\"mainEntityOfPage\":{\"@id\":\"https:\\\/\\\/lequotidien.mr\\\/?p=31804&lang=fr\"},\"wordCount\":693,\"commentCount\":0,\"publisher\":{\"@id\":\"https:\\\/\\\/lequotidien.mr\\\/#organization\"},\"image\":{\"@id\":\"https:\\\/\\\/lequotidien.mr\\\/?p=31804&lang=fr#primaryimage\"},\"thumbnailUrl\":\"https:\\\/\\\/lequotidien.mr\\\/wp-content\\\/uploads\\\/2025\\\/10\\\/photo-commerce.jpeg\",\"articleSection\":[\"ACTUALIT\u00c9\",\"Economie\"],\"inLanguage\":\"ar\",\"potentialAction\":[{\"@type\":\"CommentAction\",\"name\":\"Comment\",\"target\":[\"https:\\\/\\\/lequotidien.mr\\\/?p=31804&lang=fr#respond\"]}]},{\"@type\":\"WebPage\",\"@id\":\"https:\\\/\\\/lequotidien.mr\\\/?p=31804&lang=fr\",\"url\":\"https:\\\/\\\/lequotidien.mr\\\/?p=31804&lang=fr\",\"name\":\"Gen\u00e8ve\\\/Suisse : La Mauritanie participe \u00e0 la CNUCED 16, \u00ab fa\u00e7onner l\u2019avenir : piloter la transformation \u00e9conomique pour un d\u00e9veloppement juste, inclusif et durable \u00bb - Le Quotidien de Nouakchott\",\"isPartOf\":{\"@id\":\"https:\\\/\\\/lequotidien.mr\\\/#website\"},\"primaryImageOfPage\":{\"@id\":\"https:\\\/\\\/lequotidien.mr\\\/?p=31804&lang=fr#primaryimage\"},\"image\":{\"@id\":\"https:\\\/\\\/lequotidien.mr\\\/?p=31804&lang=fr#primaryimage\"},\"thumbnailUrl\":\"https:\\\/\\\/lequotidien.mr\\\/wp-content\\\/uploads\\\/2025\\\/10\\\/photo-commerce.jpeg\",\"datePublished\":\"2025-10-21T12:45:51+00:00\",\"breadcrumb\":{\"@id\":\"https:\\\/\\\/lequotidien.mr\\\/?p=31804&lang=fr#breadcrumb\"},\"inLanguage\":\"ar\",\"potentialAction\":[{\"@type\":\"ReadAction\",\"target\":[\"https:\\\/\\\/lequotidien.mr\\\/?p=31804&lang=fr\"]}]},{\"@type\":\"ImageObject\",\"inLanguage\":\"ar\",\"@id\":\"https:\\\/\\\/lequotidien.mr\\\/?p=31804&lang=fr#primaryimage\",\"url\":\"https:\\\/\\\/lequotidien.mr\\\/wp-content\\\/uploads\\\/2025\\\/10\\\/photo-commerce.jpeg\",\"contentUrl\":\"https:\\\/\\\/lequotidien.mr\\\/wp-content\\\/uploads\\\/2025\\\/10\\\/photo-commerce.jpeg\",\"width\":400,\"height\":430},{\"@type\":\"BreadcrumbList\",\"@id\":\"https:\\\/\\\/lequotidien.mr\\\/?p=31804&lang=fr#breadcrumb\",\"itemListElement\":[{\"@type\":\"ListItem\",\"position\":1,\"name\":\"Home\",\"item\":\"https:\\\/\\\/lequotidien.mr\\\/\"},{\"@type\":\"ListItem\",\"position\":2,\"name\":\"Gen\u00e8ve\\\/Suisse : La Mauritanie participe \u00e0 la CNUCED 16, \u00ab fa\u00e7onner l\u2019avenir : piloter la transformation \u00e9conomique pour un d\u00e9veloppement juste, inclusif et durable \u00bb\"}]},{\"@type\":\"WebSite\",\"@id\":\"https:\\\/\\\/lequotidien.mr\\\/#website\",\"url\":\"https:\\\/\\\/lequotidien.mr\\\/\",\"name\":\"Le Quotidien de Nouakchott\",\"description\":\"\u0625\u062e\u0628\u0627\u0631\u064a\u0629 \u0645\u0633\u062a\u0642\u0644\u0629 \u0644\u0644\u0623\u0646\u0628\u0627\u0621 \u0627\u0644\u0639\u0627\u0645\u0629\",\"publisher\":{\"@id\":\"https:\\\/\\\/lequotidien.mr\\\/#organization\"},\"potentialAction\":[{\"@type\":\"SearchAction\",\"target\":{\"@type\":\"EntryPoint\",\"urlTemplate\":\"https:\\\/\\\/lequotidien.mr\\\/?s={search_term_string}\"},\"query-input\":{\"@type\":\"PropertyValueSpecification\",\"valueRequired\":true,\"valueName\":\"search_term_string\"}}],\"inLanguage\":\"ar\"},{\"@type\":\"Organization\",\"@id\":\"https:\\\/\\\/lequotidien.mr\\\/#organization\",\"name\":\"Le Quotidien de Nouakchott\",\"url\":\"https:\\\/\\\/lequotidien.mr\\\/\",\"logo\":{\"@type\":\"ImageObject\",\"inLanguage\":\"ar\",\"@id\":\"https:\\\/\\\/lequotidien.mr\\\/#\\\/schema\\\/logo\\\/image\\\/\",\"url\":\"https:\\\/\\\/lequotidien.mr\\\/wp-content\\\/uploads\\\/2022\\\/11\\\/logolequotidien.jpg\",\"contentUrl\":\"https:\\\/\\\/lequotidien.mr\\\/wp-content\\\/uploads\\\/2022\\\/11\\\/logolequotidien.jpg\",\"width\":290,\"height\":65,\"caption\":\"Le Quotidien de Nouakchott\"},\"image\":{\"@id\":\"https:\\\/\\\/lequotidien.mr\\\/#\\\/schema\\\/logo\\\/image\\\/\"},\"sameAs\":[\"https:\\\/\\\/web.facebook.com\\\/lequotidienmr\",\"https:\\\/\\\/x.com\\\/lequotidienmr\"]},{\"@type\":\"Person\",\"@id\":\"https:\\\/\\\/lequotidien.mr\\\/#\\\/schema\\\/person\\\/d2d350202a4d599685ed8abc25f97596\",\"name\":\"Med Ahmed\",\"image\":{\"@type\":\"ImageObject\",\"inLanguage\":\"ar\",\"@id\":\"https:\\\/\\\/secure.gravatar.com\\\/avatar\\\/fd2acc62ed50732923d1d39c17172c9b04149f142be92310ecc69e1358f94b52?s=96&d=mm&r=g\",\"url\":\"https:\\\/\\\/secure.gravatar.com\\\/avatar\\\/fd2acc62ed50732923d1d39c17172c9b04149f142be92310ecc69e1358f94b52?s=96&d=mm&r=g\",\"contentUrl\":\"https:\\\/\\\/secure.gravatar.com\\\/avatar\\\/fd2acc62ed50732923d1d39c17172c9b04149f142be92310ecc69e1358f94b52?s=96&d=mm&r=g\",\"caption\":\"Med Ahmed\"},\"url\":\"https:\\\/\\\/lequotidien.mr\\\/?author=12\"}]}<\/script>\n<!-- \/ Yoast SEO plugin. -->","yoast_head_json":{"title":"Gen\u00e8ve\/Suisse : La Mauritanie participe \u00e0 la CNUCED 16, \u00ab fa\u00e7onner l\u2019avenir : piloter la transformation \u00e9conomique pour un d\u00e9veloppement juste, inclusif et durable \u00bb - Le Quotidien de Nouakchott","robots":{"index":"index","follow":"follow","max-snippet":"max-snippet:-1","max-image-preview":"max-image-preview:large","max-video-preview":"max-video-preview:-1"},"canonical":"https:\/\/lequotidien.mr\/?p=31804&lang=fr","og_locale":"ar_AR","og_type":"article","og_title":"Gen\u00e8ve\/Suisse : La Mauritanie participe \u00e0 la CNUCED 16, \u00ab fa\u00e7onner l\u2019avenir : piloter la transformation \u00e9conomique pour un d\u00e9veloppement juste, inclusif et durable \u00bb - Le Quotidien de Nouakchott","og_description":"La ministre mauritanienne du Commerce et du Tourisme, Madame Zeinebou Ahmednah, a pris part, ce lundi, \u00e0 la s\u00e9ance d&#8217;ouverture de la seizi\u00e8me session de la Conf\u00e9rence des Nations Unies sur le commerce et le d\u00e9veloppement (CNUCED 16). Cet \u00e9v\u00e9nement plan\u00e9taire, qui se tient au Palais des Nations \u00e0 Gen\u00e8ve, vise \u00e0 \u00ab fa\u00e7onner l\u2019avenir.....","og_url":"https:\/\/lequotidien.mr\/?p=31804&lang=fr","og_site_name":"Le Quotidien de Nouakchott","article_publisher":"https:\/\/web.facebook.com\/lequotidienmr","article_published_time":"2025-10-21T12:45:51+00:00","og_image":[{"width":400,"height":430,"url":"https:\/\/lequotidien.mr\/wp-content\/uploads\/2025\/10\/photo-commerce.jpeg","type":"image\/jpeg"}],"author":"Med Ahmed","twitter_card":"summary_large_image","twitter_creator":"@lequotidienmr","twitter_site":"@lequotidienmr","twitter_misc":{"\u0643\u064f\u062a\u0628 \u0628\u0648\u0627\u0633\u0637\u0629":"Med Ahmed","\u0648\u0642\u062a \u0627\u0644\u0642\u0631\u0627\u0621\u0629 \u0627\u0644\u0645\u064f\u0642\u062f\u0651\u0631":"5 \u062f\u0642\u0627\u0626\u0642"},"schema":{"@context":"https:\/\/schema.org","@graph":[{"@type":"Article","@id":"https:\/\/lequotidien.mr\/?p=31804&lang=fr#article","isPartOf":{"@id":"https:\/\/lequotidien.mr\/?p=31804&lang=fr"},"author":{"name":"Med Ahmed","@id":"https:\/\/lequotidien.mr\/#\/schema\/person\/d2d350202a4d599685ed8abc25f97596"},"headline":"Gen\u00e8ve\/Suisse : La Mauritanie participe \u00e0 la CNUCED 16, \u00ab fa\u00e7onner l\u2019avenir : piloter la transformation \u00e9conomique pour un d\u00e9veloppement juste, inclusif et durable \u00bb","datePublished":"2025-10-21T12:45:51+00:00","mainEntityOfPage":{"@id":"https:\/\/lequotidien.mr\/?p=31804&lang=fr"},"wordCount":693,"commentCount":0,"publisher":{"@id":"https:\/\/lequotidien.mr\/#organization"},"image":{"@id":"https:\/\/lequotidien.mr\/?p=31804&lang=fr#primaryimage"},"thumbnailUrl":"https:\/\/lequotidien.mr\/wp-content\/uploads\/2025\/10\/photo-commerce.jpeg","articleSection":["ACTUALIT\u00c9","Economie"],"inLanguage":"ar","potentialAction":[{"@type":"CommentAction","name":"Comment","target":["https:\/\/lequotidien.mr\/?p=31804&lang=fr#respond"]}]},{"@type":"WebPage","@id":"https:\/\/lequotidien.mr\/?p=31804&lang=fr","url":"https:\/\/lequotidien.mr\/?p=31804&lang=fr","name":"Gen\u00e8ve\/Suisse : La Mauritanie participe \u00e0 la CNUCED 16, \u00ab fa\u00e7onner l\u2019avenir : piloter la transformation \u00e9conomique pour un d\u00e9veloppement juste, inclusif et durable \u00bb - Le Quotidien de Nouakchott","isPartOf":{"@id":"https:\/\/lequotidien.mr\/#website"},"primaryImageOfPage":{"@id":"https:\/\/lequotidien.mr\/?p=31804&lang=fr#primaryimage"},"image":{"@id":"https:\/\/lequotidien.mr\/?p=31804&lang=fr#primaryimage"},"thumbnailUrl":"https:\/\/lequotidien.mr\/wp-content\/uploads\/2025\/10\/photo-commerce.jpeg","datePublished":"2025-10-21T12:45:51+00:00","breadcrumb":{"@id":"https:\/\/lequotidien.mr\/?p=31804&lang=fr#breadcrumb"},"inLanguage":"ar","potentialAction":[{"@type":"ReadAction","target":["https:\/\/lequotidien.mr\/?p=31804&lang=fr"]}]},{"@type":"ImageObject","inLanguage":"ar","@id":"https:\/\/lequotidien.mr\/?p=31804&lang=fr#primaryimage","url":"https:\/\/lequotidien.mr\/wp-content\/uploads\/2025\/10\/photo-commerce.jpeg","contentUrl":"https:\/\/lequotidien.mr\/wp-content\/uploads\/2025\/10\/photo-commerce.jpeg","width":400,"height":430},{"@type":"BreadcrumbList","@id":"https:\/\/lequotidien.mr\/?p=31804&lang=fr#breadcrumb","itemListElement":[{"@type":"ListItem","position":1,"name":"Home","item":"https:\/\/lequotidien.mr\/"},{"@type":"ListItem","position":2,"name":"Gen\u00e8ve\/Suisse : La Mauritanie participe \u00e0 la CNUCED 16, \u00ab fa\u00e7onner l\u2019avenir : piloter la transformation \u00e9conomique pour un d\u00e9veloppement juste, inclusif et durable \u00bb"}]},{"@type":"WebSite","@id":"https:\/\/lequotidien.mr\/#website","url":"https:\/\/lequotidien.mr\/","name":"Le Quotidien de Nouakchott","description":"\u0625\u062e\u0628\u0627\u0631\u064a\u0629 \u0645\u0633\u062a\u0642\u0644\u0629 \u0644\u0644\u0623\u0646\u0628\u0627\u0621 \u0627\u0644\u0639\u0627\u0645\u0629","publisher":{"@id":"https:\/\/lequotidien.mr\/#organization"},"potentialAction":[{"@type":"SearchAction","target":{"@type":"EntryPoint","urlTemplate":"https:\/\/lequotidien.mr\/?s={search_term_string}"},"query-input":{"@type":"PropertyValueSpecification","valueRequired":true,"valueName":"search_term_string"}}],"inLanguage":"ar"},{"@type":"Organization","@id":"https:\/\/lequotidien.mr\/#organization","name":"Le Quotidien de Nouakchott","url":"https:\/\/lequotidien.mr\/","logo":{"@type":"ImageObject","inLanguage":"ar","@id":"https:\/\/lequotidien.mr\/#\/schema\/logo\/image\/","url":"https:\/\/lequotidien.mr\/wp-content\/uploads\/2022\/11\/logolequotidien.jpg","contentUrl":"https:\/\/lequotidien.mr\/wp-content\/uploads\/2022\/11\/logolequotidien.jpg","width":290,"height":65,"caption":"Le Quotidien de Nouakchott"},"image":{"@id":"https:\/\/lequotidien.mr\/#\/schema\/logo\/image\/"},"sameAs":["https:\/\/web.facebook.com\/lequotidienmr","https:\/\/x.com\/lequotidienmr"]},{"@type":"Person","@id":"https:\/\/lequotidien.mr\/#\/schema\/person\/d2d350202a4d599685ed8abc25f97596","name":"Med Ahmed","image":{"@type":"ImageObject","inLanguage":"ar","@id":"https:\/\/secure.gravatar.com\/avatar\/fd2acc62ed50732923d1d39c17172c9b04149f142be92310ecc69e1358f94b52?s=96&d=mm&r=g","url":"https:\/\/secure.gravatar.com\/avatar\/fd2acc62ed50732923d1d39c17172c9b04149f142be92310ecc69e1358f94b52?s=96&d=mm&r=g","contentUrl":"https:\/\/secure.gravatar.com\/avatar\/fd2acc62ed50732923d1d39c17172c9b04149f142be92310ecc69e1358f94b52?s=96&d=mm&r=g","caption":"Med Ahmed"},"url":"https:\/\/lequotidien.mr\/?author=12"}]}},"_links":{"self":[{"href":"https:\/\/lequotidien.mr\/index.php?rest_route=\/wp\/v2\/posts\/31804","targetHints":{"allow":["GET"]}}],"collection":[{"href":"https:\/\/lequotidien.mr\/index.php?rest_route=\/wp\/v2\/posts"}],"about":[{"href":"https:\/\/lequotidien.mr\/index.php?rest_route=\/wp\/v2\/types\/post"}],"author":[{"embeddable":true,"href":"https:\/\/lequotidien.mr\/index.php?rest_route=\/wp\/v2\/users\/12"}],"replies":[{"embeddable":true,"href":"https:\/\/lequotidien.mr\/index.php?rest_route=%2Fwp%2Fv2%2Fcomments&post=31804"}],"version-history":[{"count":1,"href":"https:\/\/lequotidien.mr\/index.php?rest_route=\/wp\/v2\/posts\/31804\/revisions"}],"predecessor-version":[{"id":31806,"href":"https:\/\/lequotidien.mr\/index.php?rest_route=\/wp\/v2\/posts\/31804\/revisions\/31806"}],"wp:featuredmedia":[{"embeddable":true,"href":"https:\/\/lequotidien.mr\/index.php?rest_route=\/wp\/v2\/media\/31805"}],"wp:attachment":[{"href":"https:\/\/lequotidien.mr\/index.php?rest_route=%2Fwp%2Fv2%2Fmedia&parent=31804"}],"wp:term":[{"taxonomy":"category","embeddable":true,"href":"https:\/\/lequotidien.mr\/index.php?rest_route=%2Fwp%2Fv2%2Fcategories&post=31804"},{"taxonomy":"post_tag","embeddable":true,"href":"https:\/\/lequotidien.mr\/index.php?rest_route=%2Fwp%2Fv2%2Ftags&post=31804"}],"curies":[{"name":"wp","href":"https:\/\/api.w.org\/{rel}","templated":true}]}}