{"id":31796,"date":"2025-10-21T11:57:41","date_gmt":"2025-10-21T11:57:41","guid":{"rendered":"https:\/\/lequotidien.mr\/?p=31796"},"modified":"2025-10-21T11:57:41","modified_gmt":"2025-10-21T11:57:41","slug":"le-qatar-prend-la-presidence-de-la-conference-des-ministres-du-travail-de-loci-un-engagement-renouvele-pour-lemploi-et-la-protection-sociale","status":"publish","type":"post","link":"https:\/\/lequotidien.mr\/?p=31796&lang=fr","title":{"rendered":"Le Qatar prend la pr\u00e9sidence de la Conf\u00e9rence des Ministres du Travail de l\u2019OCI : Un engagement renouvel\u00e9 pour l&#8217;emploi et la protection sociale"},"content":{"rendered":"<p>La <strong>Conf\u00e9rence des Ministres du Travail des pays de l\u2019Organisation de la Coop\u00e9ration Islamique (OCI)<\/strong> a entam\u00e9 jeudi sa sixi\u00e8me session \u00e0 <strong>Doha<\/strong>, marqu\u00e9e par un \u00e9v\u00e9nement significatif : la passation de pr\u00e9sidence de la R\u00e9publique d\u2019Azerba\u00efdjan \u00e0 l\u2019\u00c9tat du Qatar. Plac\u00e9e sous le patronage de <strong>Monsieur Cheikh Mohammed bin Abdulrahman bin Jassim Al Thani, Premier ministre et ministre des Affaires \u00e9trang\u00e8res <\/strong>du <strong>Qatar<\/strong>, et organis\u00e9e sous le th\u00e8me <strong><em>\u00ab Exp\u00e9riences locales, r\u00e9alisations mondiales : histoires de succ\u00e8s dans le monde islamique \u00bb<\/em><\/strong>, cette rencontre de haut niveau a rassembl\u00e9 ministres, experts et repr\u00e9sentants de la soci\u00e9t\u00e9 civile autour des d\u00e9fis cruciaux de l&#8217;emploi.<\/p>\n<p><strong style=\"font-weight: inherit;\">Une plateforme de dialogue et de coop\u00e9ration<\/strong><\/p>\n<p>La conf\u00e9rence a servi de cadre de discussion privil\u00e9gi\u00e9 pour les strat\u00e9gies de l\u2019OCI visant \u00e0 dynamiser les march\u00e9s du travail et \u00e0 consolider les syst\u00e8mes de protection sociale dans ses \u00c9tats membres. Dans son discours, le <strong>Secr\u00e9taire g\u00e9n\u00e9ral de l&#8217;OCI, M. Houssein Taha Ibrahim<\/strong>, repr\u00e9sent\u00e9 par le <strong>Dr Ahmad Kawesa Sengendo<\/strong>, a exprim\u00e9 sa gratitude envers le Qatar pour son hospitalit\u00e9 et a salu\u00e9 l&#8217;engagement de l&#8217;Azerba\u00efdjan durant sa pr\u00e9sidence de la cinqui\u00e8me session.<\/p>\n<p>Dans ce conteste, M. Taha a soulign\u00e9 que la conf\u00e9rence intervenait \u00e0 un <strong><em>\u00ab moment charni\u00e8re \u00bb<\/em><\/strong>, \u00e9voquant l&#8217;espoir d&#8217;une paix durable \u00e0 Gaza et remerciant les pays m\u00e9diateurs, dont le Qatar, pour leurs efforts. Il a \u00e9galement pr\u00e9sent\u00e9 ses condol\u00e9ances au Qatar pour le d\u00e9c\u00e8s tragique de trois fonctionnaires en \u00c9gypte.<\/p>\n<p><strong style=\"font-weight: inherit;\">Les d\u00e9fis du march\u00e9 du travail : ch\u00f4mage et r\u00e9volution technologique<\/strong><\/p>\n<p>Le c\u0153ur des d\u00e9bats a port\u00e9 sur les d\u00e9fis structurels auxquels sont confront\u00e9s les pays membres. Le Secr\u00e9taire g\u00e9n\u00e9ral a point\u00e9 du doigt un taux de ch\u00f4mage, particuli\u00e8rement juv\u00e9nile, sup\u00e9rieur \u00e0 la moyenne mondiale. Les causes identifi\u00e9es sont multiples : inad\u00e9quation entre les comp\u00e9tences et les besoins des employeurs, faible productivit\u00e9, instabilit\u00e9 politique et cons\u00e9quences des conflits.<\/p>\n<p>Face \u00e0 ces d\u00e9fis, une nouvelle menace \u2013 et opportunit\u00e9 \u2013 \u00e9merge : la r\u00e9volution de l&#8217;intelligence artificielle. M. Taha a pr\u00e9dit que l&#8217;IA <strong><em>\u00ab transformerait radicalement la nature du travail \u00bb<\/em><\/strong>, cr\u00e9ant de nouveaux emplois mais posant aussi <strong><em>\u00ab de s\u00e9rieux d\u00e9fis \u00bb<\/em><\/strong>. Il a ainsi appel\u00e9 les \u00c9tats membres \u00e0 \u00e9laborer une strat\u00e9gie efficace pour exploiter ces opportunit\u00e9s tout en en att\u00e9nuant les effets n\u00e9gatifs.<\/p>\n<p>Une attention particuli\u00e8re a \u00e9t\u00e9 port\u00e9e \u00e0 la situation palestinienne, avec un appel urgent \u00e0 une strat\u00e9gie pour aider les Palestiniens \u00e0 retrouver des emplois et \u00e0 reconstruire leur vie.<\/p>\n<p><strong style=\"font-weight: inherit;\">Des solutions communes : formation, coop\u00e9ration et nouveau Centre du Travail<\/strong><\/p>\n<p>Pour r\u00e9pondre \u00e0 ces enjeux, les intervenants ont unanimement plaid\u00e9 pour un renforcement de la coop\u00e9ration. Le th\u00e8me de la conf\u00e9rence, <strong><em>\u00ab Exp\u00e9riences locales, r\u00e9alisations mondiales \u00bb<\/em><\/strong>, refl\u00e8te cette volont\u00e9 de partager les meilleures pratiques pour promouvoir le travail d\u00e9cent et une croissance durable.<\/p>\n<p>L&#8217;imp\u00e9ratif de r\u00e9former les syst\u00e8mes \u00e9ducatifs et de formation a \u00e9t\u00e9 au centre des discussions. <strong><em>\u00ab Il est n\u00e9cessaire de r\u00e9viser les programmes scolaires (\u2026) pour les emplois d\u2019aujourd\u2019hui et de demain \u00bb<\/em><\/strong>, a insist\u00e9 le Secr\u00e9taire g\u00e9n\u00e9ral. Le <strong>Directeur g\u00e9n\u00e9ral de l&#8217;Organisation internationale du Travail (OIT), Gilbert Houngbo<\/strong>, participant en ligne, a abond\u00e9 en soulignant la n\u00e9cessit\u00e9 de <strong><em>\u00ab renforcer la formation professionnelle chez les jeunes \u00bb<\/em><\/strong> et de faire face aux d\u00e9fis de l&#8217;\u00e8re num\u00e9rique.<\/p>\n<p>Le nouveau\u00a0<strong>Centre du Travail de l\u2019OCI<\/strong>, inaugur\u00e9 r\u00e9cemment \u00e0 Bakou, a \u00e9t\u00e9 pr\u00e9sent\u00e9 comme un instrument cl\u00e9 pour cette coop\u00e9ration future. Le ministre az\u00e9ri du Travail, Anar Aliyev, s&#8217;est f\u00e9licit\u00e9 de son r\u00f4le, tandis que M. Houngbo a encourag\u00e9 tous les \u00c9tats membres \u00e0 le rejoindre pour renforcer son action.<\/p>\n<p><strong style=\"font-weight: inherit;\">Passation de pr\u00e9sidence et engagements pour l&#8217;avenir<\/strong><\/p>\n<p>La c\u00e9r\u00e9monie de passation de pr\u00e9sidence a symbolis\u00e9 cet \u00e9lan de collaboration continue. <strong>M. Aliyev<\/strong> a remis le flambeau au <strong>ministre qatari du Travail, Ali bin Saeed bin Smaikh Al Marri<\/strong>. Ce dernier a soulign\u00e9 que la tenue de la conf\u00e9rence \u00e0 Doha intervenait dans un contexte de \u00ab d\u00e9fis \u00e9conomiques et politiques affectant la s\u00e9curit\u00e9 humaine \u00bb. Il a pr\u00e9sent\u00e9 les r\u00e9formes mises en \u0153uvre par le Qatar comme un mod\u00e8le de \u00ab march\u00e9 du travail flexible bas\u00e9 sur la justice et le d\u00e9veloppement \u00bb.<\/p>\n<p>M. Al Marri a \u00e9galement r\u00e9affirm\u00e9 le soutien ind\u00e9fectible de l&#8217;OCI \u00e0 la cause palestinienne, soulignant la n\u00e9cessit\u00e9 pour le peuple palestinien de <strong><em>\u00ab jouir de son droit au travail loin de l\u2019occupation \u00bb.<\/em><\/strong><\/p>\n<p>En cl\u00f4ture de la conf\u00e9rence, les participants ont adopt\u00e9 la r\u00e9solution de la sixi\u00e8me session et le rapport final, scellant ainsi deux jours de travaux intenses. Ces d\u00e9lib\u00e9rations ont port\u00e9 sur des projets concrets pour r\u00e9duire le ch\u00f4mage, d\u00e9velopper les comp\u00e9tences et soutenir le d\u00e9veloppement socio-\u00e9conomique, avec la ferme conviction, exprim\u00e9e par le Secr\u00e9taire g\u00e9n\u00e9ral de l&#8217;OCI, que la pr\u00e9sidence qatarie saura guider les travaux avec sagesse pour <strong><em>\u00ab cr\u00e9er un environnement propice au travail d\u00e9cent et \u00e0 l\u2019\u00e9galit\u00e9 des chances pour tous \u00bb.<\/em><\/strong><\/p>\n<p>&nbsp;<\/p>\n","protected":false},"excerpt":{"rendered":"<p>La Conf\u00e9rence des Ministres du Travail des pays de l\u2019Organisation de la Coop\u00e9ration Islamique (OCI) a entam\u00e9 jeudi sa sixi\u00e8me session \u00e0 Doha, marqu\u00e9e par un \u00e9v\u00e9nement significatif : la passation de pr\u00e9sidence de la R\u00e9publique d\u2019Azerba\u00efdjan \u00e0 l\u2019\u00c9tat du Qatar. Plac\u00e9e sous le patronage de Monsieur Cheikh Mohammed bin Abdulrahman bin Jassim Al Thani,&#8230;..<\/p>\n","protected":false},"author":12,"featured_media":31798,"comment_status":"open","ping_status":"open","sticky":false,"template":"","format":"standard","meta":{"footnotes":""},"categories":[23,49],"tags":[],"class_list":["post-31796","post","type-post","status-publish","format-standard","has-post-thumbnail","hentry","category-actualite","category-economie"],"yoast_head":"<!-- This site is optimized with the Yoast SEO plugin v27.5 - https:\/\/yoast.com\/product\/yoast-seo-wordpress\/ -->\n<title>Le Qatar prend la pr\u00e9sidence de la Conf\u00e9rence des Ministres du Travail de l\u2019OCI : Un engagement renouvel\u00e9 pour l&#039;emploi et la protection sociale - Le Quotidien de Nouakchott<\/title>\n<meta name=\"robots\" content=\"index, follow, max-snippet:-1, max-image-preview:large, max-video-preview:-1\" \/>\n<link rel=\"canonical\" href=\"https:\/\/lequotidien.mr\/?p=31796&lang=fr\" \/>\n<meta property=\"og:locale\" content=\"ar_AR\" \/>\n<meta property=\"og:type\" content=\"article\" \/>\n<meta property=\"og:title\" content=\"Le Qatar prend la pr\u00e9sidence de la Conf\u00e9rence des Ministres du Travail de l\u2019OCI : Un engagement renouvel\u00e9 pour l&#039;emploi et la protection sociale - Le Quotidien de Nouakchott\" \/>\n<meta property=\"og:description\" content=\"La Conf\u00e9rence des Ministres du Travail des pays de l\u2019Organisation de la Coop\u00e9ration Islamique (OCI) a entam\u00e9 jeudi sa sixi\u00e8me session \u00e0 Doha, marqu\u00e9e par un \u00e9v\u00e9nement significatif : la passation de pr\u00e9sidence de la R\u00e9publique d\u2019Azerba\u00efdjan \u00e0 l\u2019\u00c9tat du Qatar. Plac\u00e9e sous le patronage de Monsieur Cheikh Mohammed bin Abdulrahman bin Jassim Al Thani,.....\" \/>\n<meta property=\"og:url\" content=\"https:\/\/lequotidien.mr\/?p=31796&amp;lang=fr\" \/>\n<meta property=\"og:site_name\" content=\"Le Quotidien de Nouakchott\" \/>\n<meta property=\"article:publisher\" content=\"https:\/\/web.facebook.com\/lequotidienmr\" \/>\n<meta property=\"article:published_time\" content=\"2025-10-21T11:57:41+00:00\" \/>\n<meta property=\"og:image\" content=\"https:\/\/lequotidien.mr\/wp-content\/uploads\/2025\/10\/photo-OIT.jpg\" \/>\n\t<meta property=\"og:image:width\" content=\"750\" \/>\n\t<meta property=\"og:image:height\" content=\"332\" \/>\n\t<meta property=\"og:image:type\" content=\"image\/jpeg\" \/>\n<meta name=\"author\" content=\"Med Ahmed\" \/>\n<meta name=\"twitter:card\" content=\"summary_large_image\" \/>\n<meta name=\"twitter:creator\" content=\"@lequotidienmr\" \/>\n<meta name=\"twitter:site\" content=\"@lequotidienmr\" \/>\n<meta name=\"twitter:label1\" content=\"\u0643\u064f\u062a\u0628 \u0628\u0648\u0627\u0633\u0637\u0629\" \/>\n\t<meta name=\"twitter:data1\" content=\"Med Ahmed\" \/>\n\t<meta name=\"twitter:label2\" content=\"\u0648\u0642\u062a \u0627\u0644\u0642\u0631\u0627\u0621\u0629 \u0627\u0644\u0645\u064f\u0642\u062f\u0651\u0631\" \/>\n\t<meta name=\"twitter:data2\" content=\"6 \u062f\u0642\u0627\u0626\u0642\" \/>\n<script type=\"application\/ld+json\" class=\"yoast-schema-graph\">{\"@context\":\"https:\\\/\\\/schema.org\",\"@graph\":[{\"@type\":\"Article\",\"@id\":\"https:\\\/\\\/lequotidien.mr\\\/?p=31796&lang=fr#article\",\"isPartOf\":{\"@id\":\"https:\\\/\\\/lequotidien.mr\\\/?p=31796&lang=fr\"},\"author\":{\"name\":\"Med Ahmed\",\"@id\":\"https:\\\/\\\/lequotidien.mr\\\/#\\\/schema\\\/person\\\/d2d350202a4d599685ed8abc25f97596\"},\"headline\":\"Le Qatar prend la pr\u00e9sidence de la Conf\u00e9rence des Ministres du Travail de l\u2019OCI : Un engagement renouvel\u00e9 pour l&#8217;emploi et la protection sociale\",\"datePublished\":\"2025-10-21T11:57:41+00:00\",\"mainEntityOfPage\":{\"@id\":\"https:\\\/\\\/lequotidien.mr\\\/?p=31796&lang=fr\"},\"wordCount\":929,\"commentCount\":0,\"publisher\":{\"@id\":\"https:\\\/\\\/lequotidien.mr\\\/#organization\"},\"image\":{\"@id\":\"https:\\\/\\\/lequotidien.mr\\\/?p=31796&lang=fr#primaryimage\"},\"thumbnailUrl\":\"https:\\\/\\\/lequotidien.mr\\\/wp-content\\\/uploads\\\/2025\\\/10\\\/photo-OIT.jpg\",\"articleSection\":[\"ACTUALIT\u00c9\",\"Economie\"],\"inLanguage\":\"ar\",\"potentialAction\":[{\"@type\":\"CommentAction\",\"name\":\"Comment\",\"target\":[\"https:\\\/\\\/lequotidien.mr\\\/?p=31796&lang=fr#respond\"]}]},{\"@type\":\"WebPage\",\"@id\":\"https:\\\/\\\/lequotidien.mr\\\/?p=31796&lang=fr\",\"url\":\"https:\\\/\\\/lequotidien.mr\\\/?p=31796&lang=fr\",\"name\":\"Le Qatar prend la pr\u00e9sidence de la Conf\u00e9rence des Ministres du Travail de l\u2019OCI : Un engagement renouvel\u00e9 pour l'emploi et la protection sociale - Le Quotidien de Nouakchott\",\"isPartOf\":{\"@id\":\"https:\\\/\\\/lequotidien.mr\\\/#website\"},\"primaryImageOfPage\":{\"@id\":\"https:\\\/\\\/lequotidien.mr\\\/?p=31796&lang=fr#primaryimage\"},\"image\":{\"@id\":\"https:\\\/\\\/lequotidien.mr\\\/?p=31796&lang=fr#primaryimage\"},\"thumbnailUrl\":\"https:\\\/\\\/lequotidien.mr\\\/wp-content\\\/uploads\\\/2025\\\/10\\\/photo-OIT.jpg\",\"datePublished\":\"2025-10-21T11:57:41+00:00\",\"breadcrumb\":{\"@id\":\"https:\\\/\\\/lequotidien.mr\\\/?p=31796&lang=fr#breadcrumb\"},\"inLanguage\":\"ar\",\"potentialAction\":[{\"@type\":\"ReadAction\",\"target\":[\"https:\\\/\\\/lequotidien.mr\\\/?p=31796&lang=fr\"]}]},{\"@type\":\"ImageObject\",\"inLanguage\":\"ar\",\"@id\":\"https:\\\/\\\/lequotidien.mr\\\/?p=31796&lang=fr#primaryimage\",\"url\":\"https:\\\/\\\/lequotidien.mr\\\/wp-content\\\/uploads\\\/2025\\\/10\\\/photo-OIT.jpg\",\"contentUrl\":\"https:\\\/\\\/lequotidien.mr\\\/wp-content\\\/uploads\\\/2025\\\/10\\\/photo-OIT.jpg\",\"width\":750,\"height\":332},{\"@type\":\"BreadcrumbList\",\"@id\":\"https:\\\/\\\/lequotidien.mr\\\/?p=31796&lang=fr#breadcrumb\",\"itemListElement\":[{\"@type\":\"ListItem\",\"position\":1,\"name\":\"Home\",\"item\":\"https:\\\/\\\/lequotidien.mr\\\/\"},{\"@type\":\"ListItem\",\"position\":2,\"name\":\"Le Qatar prend la pr\u00e9sidence de la Conf\u00e9rence des Ministres du Travail de l\u2019OCI : Un engagement renouvel\u00e9 pour l&#8217;emploi et la protection sociale\"}]},{\"@type\":\"WebSite\",\"@id\":\"https:\\\/\\\/lequotidien.mr\\\/#website\",\"url\":\"https:\\\/\\\/lequotidien.mr\\\/\",\"name\":\"Le Quotidien de Nouakchott\",\"description\":\"\u0625\u062e\u0628\u0627\u0631\u064a\u0629 \u0645\u0633\u062a\u0642\u0644\u0629 \u0644\u0644\u0623\u0646\u0628\u0627\u0621 \u0627\u0644\u0639\u0627\u0645\u0629\",\"publisher\":{\"@id\":\"https:\\\/\\\/lequotidien.mr\\\/#organization\"},\"potentialAction\":[{\"@type\":\"SearchAction\",\"target\":{\"@type\":\"EntryPoint\",\"urlTemplate\":\"https:\\\/\\\/lequotidien.mr\\\/?s={search_term_string}\"},\"query-input\":{\"@type\":\"PropertyValueSpecification\",\"valueRequired\":true,\"valueName\":\"search_term_string\"}}],\"inLanguage\":\"ar\"},{\"@type\":\"Organization\",\"@id\":\"https:\\\/\\\/lequotidien.mr\\\/#organization\",\"name\":\"Le Quotidien de Nouakchott\",\"url\":\"https:\\\/\\\/lequotidien.mr\\\/\",\"logo\":{\"@type\":\"ImageObject\",\"inLanguage\":\"ar\",\"@id\":\"https:\\\/\\\/lequotidien.mr\\\/#\\\/schema\\\/logo\\\/image\\\/\",\"url\":\"https:\\\/\\\/lequotidien.mr\\\/wp-content\\\/uploads\\\/2022\\\/11\\\/logolequotidien.jpg\",\"contentUrl\":\"https:\\\/\\\/lequotidien.mr\\\/wp-content\\\/uploads\\\/2022\\\/11\\\/logolequotidien.jpg\",\"width\":290,\"height\":65,\"caption\":\"Le Quotidien de Nouakchott\"},\"image\":{\"@id\":\"https:\\\/\\\/lequotidien.mr\\\/#\\\/schema\\\/logo\\\/image\\\/\"},\"sameAs\":[\"https:\\\/\\\/web.facebook.com\\\/lequotidienmr\",\"https:\\\/\\\/x.com\\\/lequotidienmr\"]},{\"@type\":\"Person\",\"@id\":\"https:\\\/\\\/lequotidien.mr\\\/#\\\/schema\\\/person\\\/d2d350202a4d599685ed8abc25f97596\",\"name\":\"Med Ahmed\",\"image\":{\"@type\":\"ImageObject\",\"inLanguage\":\"ar\",\"@id\":\"https:\\\/\\\/secure.gravatar.com\\\/avatar\\\/fd2acc62ed50732923d1d39c17172c9b04149f142be92310ecc69e1358f94b52?s=96&d=mm&r=g\",\"url\":\"https:\\\/\\\/secure.gravatar.com\\\/avatar\\\/fd2acc62ed50732923d1d39c17172c9b04149f142be92310ecc69e1358f94b52?s=96&d=mm&r=g\",\"contentUrl\":\"https:\\\/\\\/secure.gravatar.com\\\/avatar\\\/fd2acc62ed50732923d1d39c17172c9b04149f142be92310ecc69e1358f94b52?s=96&d=mm&r=g\",\"caption\":\"Med Ahmed\"},\"url\":\"https:\\\/\\\/lequotidien.mr\\\/?author=12\"}]}<\/script>\n<!-- \/ Yoast SEO plugin. -->","yoast_head_json":{"title":"Le Qatar prend la pr\u00e9sidence de la Conf\u00e9rence des Ministres du Travail de l\u2019OCI : Un engagement renouvel\u00e9 pour l'emploi et la protection sociale - Le Quotidien de Nouakchott","robots":{"index":"index","follow":"follow","max-snippet":"max-snippet:-1","max-image-preview":"max-image-preview:large","max-video-preview":"max-video-preview:-1"},"canonical":"https:\/\/lequotidien.mr\/?p=31796&lang=fr","og_locale":"ar_AR","og_type":"article","og_title":"Le Qatar prend la pr\u00e9sidence de la Conf\u00e9rence des Ministres du Travail de l\u2019OCI : Un engagement renouvel\u00e9 pour l'emploi et la protection sociale - Le Quotidien de Nouakchott","og_description":"La Conf\u00e9rence des Ministres du Travail des pays de l\u2019Organisation de la Coop\u00e9ration Islamique (OCI) a entam\u00e9 jeudi sa sixi\u00e8me session \u00e0 Doha, marqu\u00e9e par un \u00e9v\u00e9nement significatif : la passation de pr\u00e9sidence de la R\u00e9publique d\u2019Azerba\u00efdjan \u00e0 l\u2019\u00c9tat du Qatar. Plac\u00e9e sous le patronage de Monsieur Cheikh Mohammed bin Abdulrahman bin Jassim Al Thani,.....","og_url":"https:\/\/lequotidien.mr\/?p=31796&lang=fr","og_site_name":"Le Quotidien de Nouakchott","article_publisher":"https:\/\/web.facebook.com\/lequotidienmr","article_published_time":"2025-10-21T11:57:41+00:00","og_image":[{"width":750,"height":332,"url":"https:\/\/lequotidien.mr\/wp-content\/uploads\/2025\/10\/photo-OIT.jpg","type":"image\/jpeg"}],"author":"Med Ahmed","twitter_card":"summary_large_image","twitter_creator":"@lequotidienmr","twitter_site":"@lequotidienmr","twitter_misc":{"\u0643\u064f\u062a\u0628 \u0628\u0648\u0627\u0633\u0637\u0629":"Med Ahmed","\u0648\u0642\u062a \u0627\u0644\u0642\u0631\u0627\u0621\u0629 \u0627\u0644\u0645\u064f\u0642\u062f\u0651\u0631":"6 \u062f\u0642\u0627\u0626\u0642"},"schema":{"@context":"https:\/\/schema.org","@graph":[{"@type":"Article","@id":"https:\/\/lequotidien.mr\/?p=31796&lang=fr#article","isPartOf":{"@id":"https:\/\/lequotidien.mr\/?p=31796&lang=fr"},"author":{"name":"Med Ahmed","@id":"https:\/\/lequotidien.mr\/#\/schema\/person\/d2d350202a4d599685ed8abc25f97596"},"headline":"Le Qatar prend la pr\u00e9sidence de la Conf\u00e9rence des Ministres du Travail de l\u2019OCI : Un engagement renouvel\u00e9 pour l&#8217;emploi et la protection sociale","datePublished":"2025-10-21T11:57:41+00:00","mainEntityOfPage":{"@id":"https:\/\/lequotidien.mr\/?p=31796&lang=fr"},"wordCount":929,"commentCount":0,"publisher":{"@id":"https:\/\/lequotidien.mr\/#organization"},"image":{"@id":"https:\/\/lequotidien.mr\/?p=31796&lang=fr#primaryimage"},"thumbnailUrl":"https:\/\/lequotidien.mr\/wp-content\/uploads\/2025\/10\/photo-OIT.jpg","articleSection":["ACTUALIT\u00c9","Economie"],"inLanguage":"ar","potentialAction":[{"@type":"CommentAction","name":"Comment","target":["https:\/\/lequotidien.mr\/?p=31796&lang=fr#respond"]}]},{"@type":"WebPage","@id":"https:\/\/lequotidien.mr\/?p=31796&lang=fr","url":"https:\/\/lequotidien.mr\/?p=31796&lang=fr","name":"Le Qatar prend la pr\u00e9sidence de la Conf\u00e9rence des Ministres du Travail de l\u2019OCI : Un engagement renouvel\u00e9 pour l'emploi et la protection sociale - Le Quotidien de Nouakchott","isPartOf":{"@id":"https:\/\/lequotidien.mr\/#website"},"primaryImageOfPage":{"@id":"https:\/\/lequotidien.mr\/?p=31796&lang=fr#primaryimage"},"image":{"@id":"https:\/\/lequotidien.mr\/?p=31796&lang=fr#primaryimage"},"thumbnailUrl":"https:\/\/lequotidien.mr\/wp-content\/uploads\/2025\/10\/photo-OIT.jpg","datePublished":"2025-10-21T11:57:41+00:00","breadcrumb":{"@id":"https:\/\/lequotidien.mr\/?p=31796&lang=fr#breadcrumb"},"inLanguage":"ar","potentialAction":[{"@type":"ReadAction","target":["https:\/\/lequotidien.mr\/?p=31796&lang=fr"]}]},{"@type":"ImageObject","inLanguage":"ar","@id":"https:\/\/lequotidien.mr\/?p=31796&lang=fr#primaryimage","url":"https:\/\/lequotidien.mr\/wp-content\/uploads\/2025\/10\/photo-OIT.jpg","contentUrl":"https:\/\/lequotidien.mr\/wp-content\/uploads\/2025\/10\/photo-OIT.jpg","width":750,"height":332},{"@type":"BreadcrumbList","@id":"https:\/\/lequotidien.mr\/?p=31796&lang=fr#breadcrumb","itemListElement":[{"@type":"ListItem","position":1,"name":"Home","item":"https:\/\/lequotidien.mr\/"},{"@type":"ListItem","position":2,"name":"Le Qatar prend la pr\u00e9sidence de la Conf\u00e9rence des Ministres du Travail de l\u2019OCI : Un engagement renouvel\u00e9 pour l&#8217;emploi et la protection sociale"}]},{"@type":"WebSite","@id":"https:\/\/lequotidien.mr\/#website","url":"https:\/\/lequotidien.mr\/","name":"Le Quotidien de Nouakchott","description":"\u0625\u062e\u0628\u0627\u0631\u064a\u0629 \u0645\u0633\u062a\u0642\u0644\u0629 \u0644\u0644\u0623\u0646\u0628\u0627\u0621 \u0627\u0644\u0639\u0627\u0645\u0629","publisher":{"@id":"https:\/\/lequotidien.mr\/#organization"},"potentialAction":[{"@type":"SearchAction","target":{"@type":"EntryPoint","urlTemplate":"https:\/\/lequotidien.mr\/?s={search_term_string}"},"query-input":{"@type":"PropertyValueSpecification","valueRequired":true,"valueName":"search_term_string"}}],"inLanguage":"ar"},{"@type":"Organization","@id":"https:\/\/lequotidien.mr\/#organization","name":"Le Quotidien de Nouakchott","url":"https:\/\/lequotidien.mr\/","logo":{"@type":"ImageObject","inLanguage":"ar","@id":"https:\/\/lequotidien.mr\/#\/schema\/logo\/image\/","url":"https:\/\/lequotidien.mr\/wp-content\/uploads\/2022\/11\/logolequotidien.jpg","contentUrl":"https:\/\/lequotidien.mr\/wp-content\/uploads\/2022\/11\/logolequotidien.jpg","width":290,"height":65,"caption":"Le Quotidien de Nouakchott"},"image":{"@id":"https:\/\/lequotidien.mr\/#\/schema\/logo\/image\/"},"sameAs":["https:\/\/web.facebook.com\/lequotidienmr","https:\/\/x.com\/lequotidienmr"]},{"@type":"Person","@id":"https:\/\/lequotidien.mr\/#\/schema\/person\/d2d350202a4d599685ed8abc25f97596","name":"Med Ahmed","image":{"@type":"ImageObject","inLanguage":"ar","@id":"https:\/\/secure.gravatar.com\/avatar\/fd2acc62ed50732923d1d39c17172c9b04149f142be92310ecc69e1358f94b52?s=96&d=mm&r=g","url":"https:\/\/secure.gravatar.com\/avatar\/fd2acc62ed50732923d1d39c17172c9b04149f142be92310ecc69e1358f94b52?s=96&d=mm&r=g","contentUrl":"https:\/\/secure.gravatar.com\/avatar\/fd2acc62ed50732923d1d39c17172c9b04149f142be92310ecc69e1358f94b52?s=96&d=mm&r=g","caption":"Med Ahmed"},"url":"https:\/\/lequotidien.mr\/?author=12"}]}},"_links":{"self":[{"href":"https:\/\/lequotidien.mr\/index.php?rest_route=\/wp\/v2\/posts\/31796","targetHints":{"allow":["GET"]}}],"collection":[{"href":"https:\/\/lequotidien.mr\/index.php?rest_route=\/wp\/v2\/posts"}],"about":[{"href":"https:\/\/lequotidien.mr\/index.php?rest_route=\/wp\/v2\/types\/post"}],"author":[{"embeddable":true,"href":"https:\/\/lequotidien.mr\/index.php?rest_route=\/wp\/v2\/users\/12"}],"replies":[{"embeddable":true,"href":"https:\/\/lequotidien.mr\/index.php?rest_route=%2Fwp%2Fv2%2Fcomments&post=31796"}],"version-history":[{"count":1,"href":"https:\/\/lequotidien.mr\/index.php?rest_route=\/wp\/v2\/posts\/31796\/revisions"}],"predecessor-version":[{"id":31799,"href":"https:\/\/lequotidien.mr\/index.php?rest_route=\/wp\/v2\/posts\/31796\/revisions\/31799"}],"wp:featuredmedia":[{"embeddable":true,"href":"https:\/\/lequotidien.mr\/index.php?rest_route=\/wp\/v2\/media\/31798"}],"wp:attachment":[{"href":"https:\/\/lequotidien.mr\/index.php?rest_route=%2Fwp%2Fv2%2Fmedia&parent=31796"}],"wp:term":[{"taxonomy":"category","embeddable":true,"href":"https:\/\/lequotidien.mr\/index.php?rest_route=%2Fwp%2Fv2%2Fcategories&post=31796"},{"taxonomy":"post_tag","embeddable":true,"href":"https:\/\/lequotidien.mr\/index.php?rest_route=%2Fwp%2Fv2%2Ftags&post=31796"}],"curies":[{"name":"wp","href":"https:\/\/api.w.org\/{rel}","templated":true}]}}