{"id":31759,"date":"2025-10-18T09:07:40","date_gmt":"2025-10-18T09:07:40","guid":{"rendered":"https:\/\/lequotidien.mr\/?p=31759"},"modified":"2025-10-20T09:10:12","modified_gmt":"2025-10-20T09:10:12","slug":"tasiast-illumine-akjoujt-un-partenaire-en-or-pour-le-festival-des-villes-minieres-et-le-developpement-durable-de-linchiri","status":"publish","type":"post","link":"https:\/\/lequotidien.mr\/?p=31759&lang=fr","title":{"rendered":"Tasiast illumine Akjoujt : un partenaire en or pour le Festival des villes mini\u00e8res et le d\u00e9veloppement durable de l\u2019Inchiri"},"content":{"rendered":"<p data-start=\"132\" data-end=\"526\"><strong data-start=\"132\" data-end=\"173\">Akjoujt, Mauritanie \u2013 17 octobre 2025<\/strong> \u2013 La soci\u00e9t\u00e9 <strong data-start=\"187\" data-end=\"232\">Tasiast Mauritanie Limited S.A. (Tasiast)<\/strong>, filiale du groupe Kinross, a pris part en tant que <strong data-start=\"285\" data-end=\"301\">sponsor Gold<\/strong> \u00e0 la deuxi\u00e8me \u00e9dition du <em data-start=\"327\" data-end=\"393\">Festival des villes mini\u00e8res pour la culture et le d\u00e9veloppement<\/em>, organis\u00e9e pour la premi\u00e8re fois \u00e0 Akjoujt du 17 au 19 octobre 2025, sous le haut patronage des autorit\u00e9s r\u00e9gionales de l\u2019Inchiri.<\/p>\n<p data-start=\"528\" data-end=\"771\">Apr\u00e8s une premi\u00e8re \u00e9dition r\u00e9ussie \u00e0 Zouerate en d\u00e9cembre 2024, cet \u00e9v\u00e9nement s\u2019impose d\u00e9sormais comme un <strong data-start=\"634\" data-end=\"667\">espace de dialogue privil\u00e9gi\u00e9<\/strong> sur le r\u00f4le du secteur extractif et ses retomb\u00e9es socio-\u00e9conomiques aux niveaux r\u00e9gional et national.<\/p>\n<p data-start=\"773\" data-end=\"1188\">En tant que partenaire de l\u2019\u00e9v\u00e9nement, <strong data-start=\"812\" data-end=\"848\">Tasiast r\u00e9affirme son engagement<\/strong> aupr\u00e8s des autorit\u00e9s locales et des communaut\u00e9s d\u2019Akjoujt pour accompagner le d\u00e9veloppement durable de la r\u00e9gion. Cette participation s\u2019inscrit dans la <strong data-start=\"1001\" data-end=\"1040\">strat\u00e9gie de responsabilit\u00e9 sociale<\/strong> de l\u2019entreprise, qui vise \u00e0 faire du secteur minier un moteur de croissance inclusive et de cr\u00e9ation d\u2019opportunit\u00e9s pour les populations locales.<\/p>\n<p data-start=\"1190\" data-end=\"1709\">La c\u00e9r\u00e9monie d\u2019ouverture s\u2019est d\u00e9roul\u00e9e en pr\u00e9sence du <strong data-start=\"1245\" data-end=\"1360\">Secr\u00e9taire g\u00e9n\u00e9ral du Minist\u00e8re de la Culture, des Arts, de la Communication et des Relations avec le Parlement<\/strong>, du <strong data-start=\"1365\" data-end=\"1428\">Secr\u00e9taire g\u00e9n\u00e9ral du Minist\u00e8re des Mines et de l\u2019Industrie<\/strong>, du <strong data-start=\"1433\" data-end=\"1454\">Wali de l\u2019Inchiri<\/strong>, du <strong data-start=\"1459\" data-end=\"1492\">Pr\u00e9sident du Conseil r\u00e9gional<\/strong>, ainsi que du <strong data-start=\"1507\" data-end=\"1538\">Hakem et du Maire d\u2019Akjoujt<\/strong>.<br data-start=\"1539\" data-end=\"1542\" \/>La d\u00e9l\u00e9gation de Tasiast \u00e9tait conduite par <strong data-start=\"1586\" data-end=\"1604\">M. Baba Salihi<\/strong>, Vice-pr\u00e9sident charg\u00e9 des Relations ext\u00e9rieures, accompagn\u00e9 de plusieurs repr\u00e9sentants de la soci\u00e9t\u00e9.<\/p>\n<p data-start=\"1711\" data-end=\"1948\">Cette forte pr\u00e9sence institutionnelle traduit une <strong data-start=\"1761\" data-end=\"1805\">volont\u00e9 commune de renforcer le dialogue<\/strong> entre les acteurs publics et priv\u00e9s, tout en soutenant les initiatives locales ax\u00e9es sur l\u2019emploi, la formation et le d\u00e9veloppement durable.<\/p>\n<p data-start=\"1950\" data-end=\"2408\">\u00c0 travers sa participation au festival, Tasiast souhaite <strong data-start=\"2007\" data-end=\"2069\">mettre en avant ses investissements sociaux et \u00e9conomiques<\/strong> dans la r\u00e9gion de l\u2019Inchiri, notamment dans les domaines de l\u2019\u00e9ducation, de la sant\u00e9, de la formation professionnelle et de l\u2019appui aux initiatives communautaires. Ces actions contribuent au <strong data-start=\"2261\" data-end=\"2312\">renforcement du tissu socio-\u00e9conomique r\u00e9gional<\/strong> et consolident la position de Tasiast comme <strong data-start=\"2357\" data-end=\"2405\">partenaire durable du d\u00e9veloppement national<\/strong>.<\/p>\n<p data-start=\"2410\" data-end=\"2463\">Dans son allocution, <strong data-start=\"2431\" data-end=\"2449\">M. Baba Salihi<\/strong> a d\u00e9clar\u00e9 :<\/p>\n<blockquote data-start=\"2464\" data-end=\"2780\">\n<p data-start=\"2466\" data-end=\"2780\">\u00ab Le Festival des villes mini\u00e8res repr\u00e9sente une occasion pr\u00e9cieuse pour renforcer le dialogue entre les acteurs du secteur et les communaut\u00e9s. En tant qu\u2019entreprise implant\u00e9e dans la r\u00e9gion, Tasiast est fi\u00e8re de soutenir cette initiative, qui valorise le potentiel de l\u2019Inchiri et contribue \u00e0 son rayonnement. \u00bb<\/p>\n<\/blockquote>\n<p data-start=\"2782\" data-end=\"3256\">Pr\u00e9sente en Mauritanie depuis plus de quinze ans, <strong data-start=\"2832\" data-end=\"2897\">Tasiast est aujourd\u2019hui un acteur cl\u00e9 de l\u2019\u00e9conomie nationale<\/strong> et le <strong data-start=\"2904\" data-end=\"2939\">premier employeur priv\u00e9 du pays<\/strong>, avec plus de <strong data-start=\"2954\" data-end=\"2992\">4 000 emplois directs et indirects<\/strong>, dont <strong data-start=\"2999\" data-end=\"3038\">97,8 % occup\u00e9s par des Mauritaniens<\/strong>. L\u2019entreprise s\u2019appuie sur un mod\u00e8le de <strong data-start=\"3079\" data-end=\"3102\">croissance partag\u00e9e<\/strong>, fond\u00e9 sur le d\u00e9veloppement des comp\u00e9tences nationales, la transparence de ses op\u00e9rations et une collaboration constructive avec les autorit\u00e9s locales.<\/p>\n<p data-start=\"3258\" data-end=\"3489\" data-is-last-node=\"\" data-is-only-node=\"\">En s\u2019associant au <em data-start=\"3276\" data-end=\"3306\">Festival des villes mini\u00e8res<\/em>, <strong data-start=\"3308\" data-end=\"3400\">Tasiast confirme son r\u00f4le de moteur dans la promotion d\u2019un secteur extractif responsable<\/strong>, au service du d\u00e9veloppement durable de l\u2019Inchiri et de la Mauritanie dans son ensemble.<\/p>\n<p data-start=\"3258\" data-end=\"3489\" data-is-last-node=\"\" data-is-only-node=\"\">\n<p style=\"text-align: center;\" data-start=\"3258\" data-end=\"3489\" data-is-last-node=\"\" data-is-only-node=\"\"><img loading=\"lazy\" decoding=\"async\" class=\"alignnone size-medium wp-image-31767\" src=\"https:\/\/lequotidien.mr\/wp-content\/uploads\/2025\/10\/7de3eda4-f2bc-4dc9-8a2b-a80ff7c05d03-2-300x225.jpeg\" alt=\"\" width=\"300\" height=\"225\" srcset=\"https:\/\/lequotidien.mr\/wp-content\/uploads\/2025\/10\/7de3eda4-f2bc-4dc9-8a2b-a80ff7c05d03-2-300x225.jpeg 300w, https:\/\/lequotidien.mr\/wp-content\/uploads\/2025\/10\/7de3eda4-f2bc-4dc9-8a2b-a80ff7c05d03-2-768x576.jpeg 768w, https:\/\/lequotidien.mr\/wp-content\/uploads\/2025\/10\/7de3eda4-f2bc-4dc9-8a2b-a80ff7c05d03-2.jpeg 893w\" sizes=\"auto, (max-width: 300px) 100vw, 300px\" \/> <img loading=\"lazy\" decoding=\"async\" class=\"alignnone size-medium wp-image-31766\" src=\"https:\/\/lequotidien.mr\/wp-content\/uploads\/2025\/10\/a0371628-5a75-4732-b68b-50e82c3068c5-2-300x200.jpeg\" alt=\"\" width=\"300\" height=\"200\" srcset=\"https:\/\/lequotidien.mr\/wp-content\/uploads\/2025\/10\/a0371628-5a75-4732-b68b-50e82c3068c5-2-300x200.jpeg 300w, https:\/\/lequotidien.mr\/wp-content\/uploads\/2025\/10\/a0371628-5a75-4732-b68b-50e82c3068c5-2-1024x683.jpeg 1024w, https:\/\/lequotidien.mr\/wp-content\/uploads\/2025\/10\/a0371628-5a75-4732-b68b-50e82c3068c5-2-768x512.jpeg 768w, https:\/\/lequotidien.mr\/wp-content\/uploads\/2025\/10\/a0371628-5a75-4732-b68b-50e82c3068c5-2-237x159.jpeg 237w, https:\/\/lequotidien.mr\/wp-content\/uploads\/2025\/10\/a0371628-5a75-4732-b68b-50e82c3068c5-2.jpeg 1080w\" sizes=\"auto, (max-width: 300px) 100vw, 300px\" \/> <img loading=\"lazy\" decoding=\"async\" class=\"alignnone size-medium wp-image-31765\" src=\"https:\/\/lequotidien.mr\/wp-content\/uploads\/2025\/10\/62a482f9-8e2f-4393-8919-d8321b8cf3ff-2-300x232.jpeg\" alt=\"\" width=\"300\" height=\"232\" srcset=\"https:\/\/lequotidien.mr\/wp-content\/uploads\/2025\/10\/62a482f9-8e2f-4393-8919-d8321b8cf3ff-2-300x232.jpeg 300w, https:\/\/lequotidien.mr\/wp-content\/uploads\/2025\/10\/62a482f9-8e2f-4393-8919-d8321b8cf3ff-2-1024x793.jpeg 1024w, https:\/\/lequotidien.mr\/wp-content\/uploads\/2025\/10\/62a482f9-8e2f-4393-8919-d8321b8cf3ff-2-768x595.jpeg 768w, https:\/\/lequotidien.mr\/wp-content\/uploads\/2025\/10\/62a482f9-8e2f-4393-8919-d8321b8cf3ff-2-1536x1189.jpeg 1536w, https:\/\/lequotidien.mr\/wp-content\/uploads\/2025\/10\/62a482f9-8e2f-4393-8919-d8321b8cf3ff-2.jpeg 1696w\" sizes=\"auto, (max-width: 300px) 100vw, 300px\" \/> <img loading=\"lazy\" decoding=\"async\" class=\"alignnone size-medium wp-image-31763\" src=\"https:\/\/lequotidien.mr\/wp-content\/uploads\/2025\/10\/5ecad19f-e663-46b9-b0ca-33e91c2e6416-2-300x200.jpeg\" alt=\"\" width=\"300\" height=\"200\" srcset=\"https:\/\/lequotidien.mr\/wp-content\/uploads\/2025\/10\/5ecad19f-e663-46b9-b0ca-33e91c2e6416-2-300x200.jpeg 300w, https:\/\/lequotidien.mr\/wp-content\/uploads\/2025\/10\/5ecad19f-e663-46b9-b0ca-33e91c2e6416-2-1024x683.jpeg 1024w, https:\/\/lequotidien.mr\/wp-content\/uploads\/2025\/10\/5ecad19f-e663-46b9-b0ca-33e91c2e6416-2-768x512.jpeg 768w, https:\/\/lequotidien.mr\/wp-content\/uploads\/2025\/10\/5ecad19f-e663-46b9-b0ca-33e91c2e6416-2-237x159.jpeg 237w, https:\/\/lequotidien.mr\/wp-content\/uploads\/2025\/10\/5ecad19f-e663-46b9-b0ca-33e91c2e6416-2.jpeg 1080w\" sizes=\"auto, (max-width: 300px) 100vw, 300px\" \/> <img loading=\"lazy\" decoding=\"async\" class=\"alignnone size-medium wp-image-31762\" src=\"https:\/\/lequotidien.mr\/wp-content\/uploads\/2025\/10\/0ed9137b-8987-4f20-935d-7c3640908c8b-2-300x216.jpeg\" alt=\"\" width=\"300\" height=\"216\" srcset=\"https:\/\/lequotidien.mr\/wp-content\/uploads\/2025\/10\/0ed9137b-8987-4f20-935d-7c3640908c8b-2-300x216.jpeg 300w, https:\/\/lequotidien.mr\/wp-content\/uploads\/2025\/10\/0ed9137b-8987-4f20-935d-7c3640908c8b-2-1024x736.jpeg 1024w, https:\/\/lequotidien.mr\/wp-content\/uploads\/2025\/10\/0ed9137b-8987-4f20-935d-7c3640908c8b-2-768x552.jpeg 768w, https:\/\/lequotidien.mr\/wp-content\/uploads\/2025\/10\/0ed9137b-8987-4f20-935d-7c3640908c8b-2-1536x1105.jpeg 1536w, https:\/\/lequotidien.mr\/wp-content\/uploads\/2025\/10\/0ed9137b-8987-4f20-935d-7c3640908c8b-2-2048x1473.jpeg 2048w\" sizes=\"auto, (max-width: 300px) 100vw, 300px\" \/> <img loading=\"lazy\" decoding=\"async\" class=\"alignnone size-medium wp-image-31761\" src=\"https:\/\/lequotidien.mr\/wp-content\/uploads\/2025\/10\/IMG_4949-2-300x200.jpeg\" alt=\"\" width=\"300\" height=\"200\" srcset=\"https:\/\/lequotidien.mr\/wp-content\/uploads\/2025\/10\/IMG_4949-2-300x200.jpeg 300w, https:\/\/lequotidien.mr\/wp-content\/uploads\/2025\/10\/IMG_4949-2-1024x682.jpeg 1024w, https:\/\/lequotidien.mr\/wp-content\/uploads\/2025\/10\/IMG_4949-2-768x512.jpeg 768w, https:\/\/lequotidien.mr\/wp-content\/uploads\/2025\/10\/IMG_4949-2-1536x1024.jpeg 1536w, https:\/\/lequotidien.mr\/wp-content\/uploads\/2025\/10\/IMG_4949-2-237x159.jpeg 237w, https:\/\/lequotidien.mr\/wp-content\/uploads\/2025\/10\/IMG_4949-2.jpeg 2000w\" sizes=\"auto, (max-width: 300px) 100vw, 300px\" \/> <img loading=\"lazy\" decoding=\"async\" class=\"alignnone size-medium wp-image-31760\" src=\"https:\/\/lequotidien.mr\/wp-content\/uploads\/2025\/10\/IMG_4947-2-300x200.jpeg\" alt=\"\" width=\"300\" height=\"200\" srcset=\"https:\/\/lequotidien.mr\/wp-content\/uploads\/2025\/10\/IMG_4947-2-300x200.jpeg 300w, https:\/\/lequotidien.mr\/wp-content\/uploads\/2025\/10\/IMG_4947-2-1024x682.jpeg 1024w, https:\/\/lequotidien.mr\/wp-content\/uploads\/2025\/10\/IMG_4947-2-768x512.jpeg 768w, https:\/\/lequotidien.mr\/wp-content\/uploads\/2025\/10\/IMG_4947-2-1536x1024.jpeg 1536w, https:\/\/lequotidien.mr\/wp-content\/uploads\/2025\/10\/IMG_4947-2-237x159.jpeg 237w, https:\/\/lequotidien.mr\/wp-content\/uploads\/2025\/10\/IMG_4947-2.jpeg 2000w\" sizes=\"auto, (max-width: 300px) 100vw, 300px\" \/> <img loading=\"lazy\" decoding=\"async\" class=\"alignnone size-medium wp-image-31735\" src=\"https:\/\/lequotidien.mr\/wp-content\/uploads\/2025\/10\/photo-SFI-secteur-prive-300x205.jpg\" alt=\"\" width=\"300\" height=\"205\" srcset=\"https:\/\/lequotidien.mr\/wp-content\/uploads\/2025\/10\/photo-SFI-secteur-prive-300x205.jpg 300w, https:\/\/lequotidien.mr\/wp-content\/uploads\/2025\/10\/photo-SFI-secteur-prive.jpg 768w\" sizes=\"auto, (max-width: 300px) 100vw, 300px\" \/><\/p>\n","protected":false},"excerpt":{"rendered":"<p>Akjoujt, Mauritanie \u2013 17 octobre 2025 \u2013 La soci\u00e9t\u00e9 Tasiast Mauritanie Limited S.A. (Tasiast), filiale du groupe Kinross, a pris part en tant que sponsor Gold \u00e0 la deuxi\u00e8me \u00e9dition du Festival des villes mini\u00e8res pour la culture et le d\u00e9veloppement, organis\u00e9e pour la premi\u00e8re fois \u00e0 Akjoujt du 17 au 19 octobre 2025, sous&#8230;..<\/p>\n","protected":false},"author":13,"featured_media":31764,"comment_status":"open","ping_status":"open","sticky":false,"template":"","format":"standard","meta":{"footnotes":""},"categories":[23,55],"tags":[],"class_list":["post-31759","post","type-post","status-publish","format-standard","has-post-thumbnail","hentry","category-actualite","category-culture"],"yoast_head":"<!-- This site is optimized with the Yoast SEO plugin v27.5 - https:\/\/yoast.com\/product\/yoast-seo-wordpress\/ -->\n<title>Tasiast illumine Akjoujt : un partenaire en or pour le Festival des villes mini\u00e8res et le d\u00e9veloppement durable de l\u2019Inchiri - Le Quotidien de Nouakchott<\/title>\n<meta name=\"robots\" content=\"index, follow, max-snippet:-1, max-image-preview:large, max-video-preview:-1\" \/>\n<link rel=\"canonical\" href=\"https:\/\/lequotidien.mr\/?p=31759&lang=fr\" \/>\n<meta property=\"og:locale\" content=\"ar_AR\" \/>\n<meta property=\"og:type\" content=\"article\" \/>\n<meta property=\"og:title\" content=\"Tasiast illumine Akjoujt : un partenaire en or pour le Festival des villes mini\u00e8res et le d\u00e9veloppement durable de l\u2019Inchiri - Le Quotidien de Nouakchott\" \/>\n<meta property=\"og:description\" content=\"Akjoujt, Mauritanie \u2013 17 octobre 2025 \u2013 La soci\u00e9t\u00e9 Tasiast Mauritanie Limited S.A. (Tasiast), filiale du groupe Kinross, a pris part en tant que sponsor Gold \u00e0 la deuxi\u00e8me \u00e9dition du Festival des villes mini\u00e8res pour la culture et le d\u00e9veloppement, organis\u00e9e pour la premi\u00e8re fois \u00e0 Akjoujt du 17 au 19 octobre 2025, sous.....\" \/>\n<meta property=\"og:url\" content=\"https:\/\/lequotidien.mr\/?p=31759&amp;lang=fr\" \/>\n<meta property=\"og:site_name\" content=\"Le Quotidien de Nouakchott\" \/>\n<meta property=\"article:publisher\" content=\"https:\/\/web.facebook.com\/lequotidienmr\" \/>\n<meta property=\"article:published_time\" content=\"2025-10-18T09:07:40+00:00\" \/>\n<meta property=\"article:modified_time\" content=\"2025-10-20T09:10:12+00:00\" \/>\n<meta property=\"og:image\" content=\"https:\/\/lequotidien.mr\/wp-content\/uploads\/2025\/10\/17ca0050-fd36-4ec1-afa1-4ede745310cd-2.jpeg\" \/>\n\t<meta property=\"og:image:width\" content=\"1080\" \/>\n\t<meta property=\"og:image:height\" content=\"720\" \/>\n\t<meta property=\"og:image:type\" content=\"image\/jpeg\" \/>\n<meta name=\"author\" content=\"Fatimetou Ethemane\" \/>\n<meta name=\"twitter:card\" content=\"summary_large_image\" \/>\n<meta name=\"twitter:creator\" content=\"@lequotidienmr\" \/>\n<meta name=\"twitter:site\" content=\"@lequotidienmr\" \/>\n<meta name=\"twitter:label1\" content=\"\u0643\u064f\u062a\u0628 \u0628\u0648\u0627\u0633\u0637\u0629\" \/>\n\t<meta name=\"twitter:data1\" content=\"Fatimetou Ethemane\" \/>\n\t<meta name=\"twitter:label2\" content=\"\u0648\u0642\u062a \u0627\u0644\u0642\u0631\u0627\u0621\u0629 \u0627\u0644\u0645\u064f\u0642\u062f\u0651\u0631\" \/>\n\t<meta name=\"twitter:data2\" content=\"5 \u062f\u0642\u0627\u0626\u0642\" \/>\n<script type=\"application\/ld+json\" class=\"yoast-schema-graph\">{\"@context\":\"https:\\\/\\\/schema.org\",\"@graph\":[{\"@type\":\"Article\",\"@id\":\"https:\\\/\\\/lequotidien.mr\\\/?p=31759&lang=fr#article\",\"isPartOf\":{\"@id\":\"https:\\\/\\\/lequotidien.mr\\\/?p=31759&lang=fr\"},\"author\":{\"name\":\"Fatimetou Ethemane\",\"@id\":\"https:\\\/\\\/lequotidien.mr\\\/#\\\/schema\\\/person\\\/0926dbaf41ffa88b64cf66855b9b2826\"},\"headline\":\"Tasiast illumine Akjoujt : un partenaire en or pour le Festival des villes mini\u00e8res et le d\u00e9veloppement durable de l\u2019Inchiri\",\"datePublished\":\"2025-10-18T09:07:40+00:00\",\"dateModified\":\"2025-10-20T09:10:12+00:00\",\"mainEntityOfPage\":{\"@id\":\"https:\\\/\\\/lequotidien.mr\\\/?p=31759&lang=fr\"},\"wordCount\":587,\"commentCount\":0,\"publisher\":{\"@id\":\"https:\\\/\\\/lequotidien.mr\\\/#organization\"},\"image\":{\"@id\":\"https:\\\/\\\/lequotidien.mr\\\/?p=31759&lang=fr#primaryimage\"},\"thumbnailUrl\":\"https:\\\/\\\/lequotidien.mr\\\/wp-content\\\/uploads\\\/2025\\\/10\\\/17ca0050-fd36-4ec1-afa1-4ede745310cd-2.jpeg\",\"articleSection\":[\"ACTUALIT\u00c9\",\"Culture\"],\"inLanguage\":\"ar\",\"potentialAction\":[{\"@type\":\"CommentAction\",\"name\":\"Comment\",\"target\":[\"https:\\\/\\\/lequotidien.mr\\\/?p=31759&lang=fr#respond\"]}]},{\"@type\":\"WebPage\",\"@id\":\"https:\\\/\\\/lequotidien.mr\\\/?p=31759&lang=fr\",\"url\":\"https:\\\/\\\/lequotidien.mr\\\/?p=31759&lang=fr\",\"name\":\"Tasiast illumine Akjoujt : un partenaire en or pour le Festival des villes mini\u00e8res et le d\u00e9veloppement durable de l\u2019Inchiri - Le Quotidien de Nouakchott\",\"isPartOf\":{\"@id\":\"https:\\\/\\\/lequotidien.mr\\\/#website\"},\"primaryImageOfPage\":{\"@id\":\"https:\\\/\\\/lequotidien.mr\\\/?p=31759&lang=fr#primaryimage\"},\"image\":{\"@id\":\"https:\\\/\\\/lequotidien.mr\\\/?p=31759&lang=fr#primaryimage\"},\"thumbnailUrl\":\"https:\\\/\\\/lequotidien.mr\\\/wp-content\\\/uploads\\\/2025\\\/10\\\/17ca0050-fd36-4ec1-afa1-4ede745310cd-2.jpeg\",\"datePublished\":\"2025-10-18T09:07:40+00:00\",\"dateModified\":\"2025-10-20T09:10:12+00:00\",\"breadcrumb\":{\"@id\":\"https:\\\/\\\/lequotidien.mr\\\/?p=31759&lang=fr#breadcrumb\"},\"inLanguage\":\"ar\",\"potentialAction\":[{\"@type\":\"ReadAction\",\"target\":[\"https:\\\/\\\/lequotidien.mr\\\/?p=31759&lang=fr\"]}]},{\"@type\":\"ImageObject\",\"inLanguage\":\"ar\",\"@id\":\"https:\\\/\\\/lequotidien.mr\\\/?p=31759&lang=fr#primaryimage\",\"url\":\"https:\\\/\\\/lequotidien.mr\\\/wp-content\\\/uploads\\\/2025\\\/10\\\/17ca0050-fd36-4ec1-afa1-4ede745310cd-2.jpeg\",\"contentUrl\":\"https:\\\/\\\/lequotidien.mr\\\/wp-content\\\/uploads\\\/2025\\\/10\\\/17ca0050-fd36-4ec1-afa1-4ede745310cd-2.jpeg\",\"width\":1080,\"height\":720},{\"@type\":\"BreadcrumbList\",\"@id\":\"https:\\\/\\\/lequotidien.mr\\\/?p=31759&lang=fr#breadcrumb\",\"itemListElement\":[{\"@type\":\"ListItem\",\"position\":1,\"name\":\"Home\",\"item\":\"https:\\\/\\\/lequotidien.mr\\\/\"},{\"@type\":\"ListItem\",\"position\":2,\"name\":\"Tasiast illumine Akjoujt : un partenaire en or pour le Festival des villes mini\u00e8res et le d\u00e9veloppement durable de l\u2019Inchiri\"}]},{\"@type\":\"WebSite\",\"@id\":\"https:\\\/\\\/lequotidien.mr\\\/#website\",\"url\":\"https:\\\/\\\/lequotidien.mr\\\/\",\"name\":\"Le Quotidien de Nouakchott\",\"description\":\"\u0625\u062e\u0628\u0627\u0631\u064a\u0629 \u0645\u0633\u062a\u0642\u0644\u0629 \u0644\u0644\u0623\u0646\u0628\u0627\u0621 \u0627\u0644\u0639\u0627\u0645\u0629\",\"publisher\":{\"@id\":\"https:\\\/\\\/lequotidien.mr\\\/#organization\"},\"potentialAction\":[{\"@type\":\"SearchAction\",\"target\":{\"@type\":\"EntryPoint\",\"urlTemplate\":\"https:\\\/\\\/lequotidien.mr\\\/?s={search_term_string}\"},\"query-input\":{\"@type\":\"PropertyValueSpecification\",\"valueRequired\":true,\"valueName\":\"search_term_string\"}}],\"inLanguage\":\"ar\"},{\"@type\":\"Organization\",\"@id\":\"https:\\\/\\\/lequotidien.mr\\\/#organization\",\"name\":\"Le Quotidien de Nouakchott\",\"url\":\"https:\\\/\\\/lequotidien.mr\\\/\",\"logo\":{\"@type\":\"ImageObject\",\"inLanguage\":\"ar\",\"@id\":\"https:\\\/\\\/lequotidien.mr\\\/#\\\/schema\\\/logo\\\/image\\\/\",\"url\":\"https:\\\/\\\/lequotidien.mr\\\/wp-content\\\/uploads\\\/2022\\\/11\\\/logolequotidien.jpg\",\"contentUrl\":\"https:\\\/\\\/lequotidien.mr\\\/wp-content\\\/uploads\\\/2022\\\/11\\\/logolequotidien.jpg\",\"width\":290,\"height\":65,\"caption\":\"Le Quotidien de Nouakchott\"},\"image\":{\"@id\":\"https:\\\/\\\/lequotidien.mr\\\/#\\\/schema\\\/logo\\\/image\\\/\"},\"sameAs\":[\"https:\\\/\\\/web.facebook.com\\\/lequotidienmr\",\"https:\\\/\\\/x.com\\\/lequotidienmr\"]},{\"@type\":\"Person\",\"@id\":\"https:\\\/\\\/lequotidien.mr\\\/#\\\/schema\\\/person\\\/0926dbaf41ffa88b64cf66855b9b2826\",\"name\":\"Fatimetou Ethemane\",\"image\":{\"@type\":\"ImageObject\",\"inLanguage\":\"ar\",\"@id\":\"https:\\\/\\\/secure.gravatar.com\\\/avatar\\\/38fea9097a5e574debe9801202088f6f4429fdac0912587175811aad50d9706e?s=96&d=mm&r=g\",\"url\":\"https:\\\/\\\/secure.gravatar.com\\\/avatar\\\/38fea9097a5e574debe9801202088f6f4429fdac0912587175811aad50d9706e?s=96&d=mm&r=g\",\"contentUrl\":\"https:\\\/\\\/secure.gravatar.com\\\/avatar\\\/38fea9097a5e574debe9801202088f6f4429fdac0912587175811aad50d9706e?s=96&d=mm&r=g\",\"caption\":\"Fatimetou Ethemane\"},\"sameAs\":[\"http:\\\/\\\/lequotidien.mr\"],\"url\":\"https:\\\/\\\/lequotidien.mr\\\/?author=13\"}]}<\/script>\n<!-- \/ Yoast SEO plugin. -->","yoast_head_json":{"title":"Tasiast illumine Akjoujt : un partenaire en or pour le Festival des villes mini\u00e8res et le d\u00e9veloppement durable de l\u2019Inchiri - Le Quotidien de Nouakchott","robots":{"index":"index","follow":"follow","max-snippet":"max-snippet:-1","max-image-preview":"max-image-preview:large","max-video-preview":"max-video-preview:-1"},"canonical":"https:\/\/lequotidien.mr\/?p=31759&lang=fr","og_locale":"ar_AR","og_type":"article","og_title":"Tasiast illumine Akjoujt : un partenaire en or pour le Festival des villes mini\u00e8res et le d\u00e9veloppement durable de l\u2019Inchiri - Le Quotidien de Nouakchott","og_description":"Akjoujt, Mauritanie \u2013 17 octobre 2025 \u2013 La soci\u00e9t\u00e9 Tasiast Mauritanie Limited S.A. (Tasiast), filiale du groupe Kinross, a pris part en tant que sponsor Gold \u00e0 la deuxi\u00e8me \u00e9dition du Festival des villes mini\u00e8res pour la culture et le d\u00e9veloppement, organis\u00e9e pour la premi\u00e8re fois \u00e0 Akjoujt du 17 au 19 octobre 2025, sous.....","og_url":"https:\/\/lequotidien.mr\/?p=31759&lang=fr","og_site_name":"Le Quotidien de Nouakchott","article_publisher":"https:\/\/web.facebook.com\/lequotidienmr","article_published_time":"2025-10-18T09:07:40+00:00","article_modified_time":"2025-10-20T09:10:12+00:00","og_image":[{"width":1080,"height":720,"url":"https:\/\/lequotidien.mr\/wp-content\/uploads\/2025\/10\/17ca0050-fd36-4ec1-afa1-4ede745310cd-2.jpeg","type":"image\/jpeg"}],"author":"Fatimetou Ethemane","twitter_card":"summary_large_image","twitter_creator":"@lequotidienmr","twitter_site":"@lequotidienmr","twitter_misc":{"\u0643\u064f\u062a\u0628 \u0628\u0648\u0627\u0633\u0637\u0629":"Fatimetou Ethemane","\u0648\u0642\u062a \u0627\u0644\u0642\u0631\u0627\u0621\u0629 \u0627\u0644\u0645\u064f\u0642\u062f\u0651\u0631":"5 \u062f\u0642\u0627\u0626\u0642"},"schema":{"@context":"https:\/\/schema.org","@graph":[{"@type":"Article","@id":"https:\/\/lequotidien.mr\/?p=31759&lang=fr#article","isPartOf":{"@id":"https:\/\/lequotidien.mr\/?p=31759&lang=fr"},"author":{"name":"Fatimetou Ethemane","@id":"https:\/\/lequotidien.mr\/#\/schema\/person\/0926dbaf41ffa88b64cf66855b9b2826"},"headline":"Tasiast illumine Akjoujt : un partenaire en or pour le Festival des villes mini\u00e8res et le d\u00e9veloppement durable de l\u2019Inchiri","datePublished":"2025-10-18T09:07:40+00:00","dateModified":"2025-10-20T09:10:12+00:00","mainEntityOfPage":{"@id":"https:\/\/lequotidien.mr\/?p=31759&lang=fr"},"wordCount":587,"commentCount":0,"publisher":{"@id":"https:\/\/lequotidien.mr\/#organization"},"image":{"@id":"https:\/\/lequotidien.mr\/?p=31759&lang=fr#primaryimage"},"thumbnailUrl":"https:\/\/lequotidien.mr\/wp-content\/uploads\/2025\/10\/17ca0050-fd36-4ec1-afa1-4ede745310cd-2.jpeg","articleSection":["ACTUALIT\u00c9","Culture"],"inLanguage":"ar","potentialAction":[{"@type":"CommentAction","name":"Comment","target":["https:\/\/lequotidien.mr\/?p=31759&lang=fr#respond"]}]},{"@type":"WebPage","@id":"https:\/\/lequotidien.mr\/?p=31759&lang=fr","url":"https:\/\/lequotidien.mr\/?p=31759&lang=fr","name":"Tasiast illumine Akjoujt : un partenaire en or pour le Festival des villes mini\u00e8res et le d\u00e9veloppement durable de l\u2019Inchiri - Le Quotidien de Nouakchott","isPartOf":{"@id":"https:\/\/lequotidien.mr\/#website"},"primaryImageOfPage":{"@id":"https:\/\/lequotidien.mr\/?p=31759&lang=fr#primaryimage"},"image":{"@id":"https:\/\/lequotidien.mr\/?p=31759&lang=fr#primaryimage"},"thumbnailUrl":"https:\/\/lequotidien.mr\/wp-content\/uploads\/2025\/10\/17ca0050-fd36-4ec1-afa1-4ede745310cd-2.jpeg","datePublished":"2025-10-18T09:07:40+00:00","dateModified":"2025-10-20T09:10:12+00:00","breadcrumb":{"@id":"https:\/\/lequotidien.mr\/?p=31759&lang=fr#breadcrumb"},"inLanguage":"ar","potentialAction":[{"@type":"ReadAction","target":["https:\/\/lequotidien.mr\/?p=31759&lang=fr"]}]},{"@type":"ImageObject","inLanguage":"ar","@id":"https:\/\/lequotidien.mr\/?p=31759&lang=fr#primaryimage","url":"https:\/\/lequotidien.mr\/wp-content\/uploads\/2025\/10\/17ca0050-fd36-4ec1-afa1-4ede745310cd-2.jpeg","contentUrl":"https:\/\/lequotidien.mr\/wp-content\/uploads\/2025\/10\/17ca0050-fd36-4ec1-afa1-4ede745310cd-2.jpeg","width":1080,"height":720},{"@type":"BreadcrumbList","@id":"https:\/\/lequotidien.mr\/?p=31759&lang=fr#breadcrumb","itemListElement":[{"@type":"ListItem","position":1,"name":"Home","item":"https:\/\/lequotidien.mr\/"},{"@type":"ListItem","position":2,"name":"Tasiast illumine Akjoujt : un partenaire en or pour le Festival des villes mini\u00e8res et le d\u00e9veloppement durable de l\u2019Inchiri"}]},{"@type":"WebSite","@id":"https:\/\/lequotidien.mr\/#website","url":"https:\/\/lequotidien.mr\/","name":"Le Quotidien de Nouakchott","description":"\u0625\u062e\u0628\u0627\u0631\u064a\u0629 \u0645\u0633\u062a\u0642\u0644\u0629 \u0644\u0644\u0623\u0646\u0628\u0627\u0621 \u0627\u0644\u0639\u0627\u0645\u0629","publisher":{"@id":"https:\/\/lequotidien.mr\/#organization"},"potentialAction":[{"@type":"SearchAction","target":{"@type":"EntryPoint","urlTemplate":"https:\/\/lequotidien.mr\/?s={search_term_string}"},"query-input":{"@type":"PropertyValueSpecification","valueRequired":true,"valueName":"search_term_string"}}],"inLanguage":"ar"},{"@type":"Organization","@id":"https:\/\/lequotidien.mr\/#organization","name":"Le Quotidien de Nouakchott","url":"https:\/\/lequotidien.mr\/","logo":{"@type":"ImageObject","inLanguage":"ar","@id":"https:\/\/lequotidien.mr\/#\/schema\/logo\/image\/","url":"https:\/\/lequotidien.mr\/wp-content\/uploads\/2022\/11\/logolequotidien.jpg","contentUrl":"https:\/\/lequotidien.mr\/wp-content\/uploads\/2022\/11\/logolequotidien.jpg","width":290,"height":65,"caption":"Le Quotidien de Nouakchott"},"image":{"@id":"https:\/\/lequotidien.mr\/#\/schema\/logo\/image\/"},"sameAs":["https:\/\/web.facebook.com\/lequotidienmr","https:\/\/x.com\/lequotidienmr"]},{"@type":"Person","@id":"https:\/\/lequotidien.mr\/#\/schema\/person\/0926dbaf41ffa88b64cf66855b9b2826","name":"Fatimetou Ethemane","image":{"@type":"ImageObject","inLanguage":"ar","@id":"https:\/\/secure.gravatar.com\/avatar\/38fea9097a5e574debe9801202088f6f4429fdac0912587175811aad50d9706e?s=96&d=mm&r=g","url":"https:\/\/secure.gravatar.com\/avatar\/38fea9097a5e574debe9801202088f6f4429fdac0912587175811aad50d9706e?s=96&d=mm&r=g","contentUrl":"https:\/\/secure.gravatar.com\/avatar\/38fea9097a5e574debe9801202088f6f4429fdac0912587175811aad50d9706e?s=96&d=mm&r=g","caption":"Fatimetou Ethemane"},"sameAs":["http:\/\/lequotidien.mr"],"url":"https:\/\/lequotidien.mr\/?author=13"}]}},"_links":{"self":[{"href":"https:\/\/lequotidien.mr\/index.php?rest_route=\/wp\/v2\/posts\/31759","targetHints":{"allow":["GET"]}}],"collection":[{"href":"https:\/\/lequotidien.mr\/index.php?rest_route=\/wp\/v2\/posts"}],"about":[{"href":"https:\/\/lequotidien.mr\/index.php?rest_route=\/wp\/v2\/types\/post"}],"author":[{"embeddable":true,"href":"https:\/\/lequotidien.mr\/index.php?rest_route=\/wp\/v2\/users\/13"}],"replies":[{"embeddable":true,"href":"https:\/\/lequotidien.mr\/index.php?rest_route=%2Fwp%2Fv2%2Fcomments&post=31759"}],"version-history":[{"count":1,"href":"https:\/\/lequotidien.mr\/index.php?rest_route=\/wp\/v2\/posts\/31759\/revisions"}],"predecessor-version":[{"id":31768,"href":"https:\/\/lequotidien.mr\/index.php?rest_route=\/wp\/v2\/posts\/31759\/revisions\/31768"}],"wp:featuredmedia":[{"embeddable":true,"href":"https:\/\/lequotidien.mr\/index.php?rest_route=\/wp\/v2\/media\/31764"}],"wp:attachment":[{"href":"https:\/\/lequotidien.mr\/index.php?rest_route=%2Fwp%2Fv2%2Fmedia&parent=31759"}],"wp:term":[{"taxonomy":"category","embeddable":true,"href":"https:\/\/lequotidien.mr\/index.php?rest_route=%2Fwp%2Fv2%2Fcategories&post=31759"},{"taxonomy":"post_tag","embeddable":true,"href":"https:\/\/lequotidien.mr\/index.php?rest_route=%2Fwp%2Fv2%2Ftags&post=31759"}],"curies":[{"name":"wp","href":"https:\/\/api.w.org\/{rel}","templated":true}]}}