{"id":31734,"date":"2025-10-19T20:49:24","date_gmt":"2025-10-19T20:49:24","guid":{"rendered":"https:\/\/lequotidien.mr\/?p=31734"},"modified":"2025-10-19T20:49:24","modified_gmt":"2025-10-19T20:49:24","slug":"mauritanie-sfi-vers-une-cooperation-renforcee-pour-la-promotion-du-secteur-prive","status":"publish","type":"post","link":"https:\/\/lequotidien.mr\/?p=31734&lang=fr","title":{"rendered":"Mauritanie\/SFI : Vers une coop\u00e9ration renforc\u00e9e pour la promotion du secteur priv\u00e9"},"content":{"rendered":"<p>Dans le cadre des Assembl\u00e9es annuelles du <strong>Groupe de la Banque mondiale (BM)<\/strong> et du <strong>Fonds mon\u00e9taire international (FMI)<\/strong>, une d\u00e9l\u00e9gation mauritanienne de haut niveau, pr\u00e9sid\u00e9e par le <strong>ministre des Affaires \u00e9conomiques et du D\u00e9veloppement, M. Abdallahi Souleymane Cheikh Sidiya<\/strong>, a engag\u00e9 une s\u00e9rie de discussions strat\u00e9giques avec ses partenaires internationaux. Vendredi, elle a tenu une s\u00e9ance de travail \u00e9largie avec <strong>le vice-pr\u00e9sident pour l\u2019Afrique de la Soci\u00e9t\u00e9 financi\u00e8re internationale (IFC), M. \u00c9tiobes Tafara<\/strong>, afin de consolider le partenariat en faveur du d\u00e9veloppement du secteur priv\u00e9 mauritanien.<\/p>\n<p>Cette rencontre s\u2019inscrit dans une dynamique plus large d\u2019engagement de la Mauritanie avec les institutions financi\u00e8res multilat\u00e9rales. Plus t\u00f4t dans la semaine, le <strong>ministre des Affaires \u00e9conomiques et du D\u00e9veloppement et le gouverneur de la Banque centrale de Mauritanie (BCM), M. Mohamed Lemine Dhehbi<\/strong>, s\u2019\u00e9taient entretenus avec le <strong>directeur g\u00e9n\u00e9ral adjoint du FMI, M. Kenji Okamura<\/strong>. Leurs discussions avaient port\u00e9 sur les performances \u00e9conomiques du pays dans le cadre du programme soutenu par le FMI et sur les perspectives des r\u00e9formes structurelles, soulignant l\u2019importance du renforcement de la gouvernance et de la transparence pour une croissance durable et inclusive.<\/p>\n<p>La r\u00e9union avec l\u2019IFC, l\u2019institution s\u0153ur de la Banque mondiale d\u00e9di\u00e9e au secteur priv\u00e9, avait un agenda pr\u00e9cis : dynamiser le partenariat existant en se concentrant sur le financement du secteur priv\u00e9, l\u2019\u00e9largissement de la base d\u2019investissement et le renforcement des capacit\u00e9s du secteur bancaire national \u00e0 mobiliser des ressources pour les\u00a0<strong>petites et moyennes entreprises (PME)<\/strong>.<\/p>\n<p>Les deux parties ont \u00e9galement explor\u00e9 les possibilit\u00e9s de cr\u00e9ation de nouvelles lignes de financement. L\u2019objectif est double : am\u00e9liorer l\u2019acc\u00e8s \u00e0 des financements durables et stimuler les secteurs productifs \u00e0 forte valeur ajout\u00e9e, afin de soutenir la transformation \u00e9conomique du pays.<\/p>\n<p><strong style=\"font-weight: inherit;\">Le contexte \u00e9conomique mauritanien et le r\u00f4le crucial des PME<\/strong><\/p>\n<p>Pour comprendre les enjeux de cette collaboration, il est essentiel de saisir la place centrale qu\u2019occupent les PME en Mauritanie. Celles-ci constituent l\u2019\u00e9pine dorsale de l\u2019\u00e9conomie nationale, repr\u00e9sentant pr\u00e8s de\u00a0<strong>80% du tissu \u00e9conomique<\/strong>.<\/p>\n<p>Malgr\u00e9 cette importance, ces entreprises font face \u00e0 un d\u00e9ficit de financement chronique. Selon des donn\u00e9es cit\u00e9es par la Commission \u00e9conomique des Nations Unies pour l&#8217;Afrique (CEA), seulement 20% de la population mauritanienne de plus de 15 ans poss\u00e8de un compte financier, un chiffre encore plus faible pour les femmes. Combler ce gap est une priorit\u00e9 pour le gouvernement et ses partenaires.<\/p>\n<p>La rencontre avec l\u2019IFC n\u2019est pas un fait isol\u00e9, mais s\u2019inscrit dans un effort national soutenu pour attirer les investissements et moderniser l\u2019\u00e9conomie. Plusieurs institutions financi\u00e8res internationales ont r\u00e9cemment renforc\u00e9 leur engagement en Mauritanie, comme en t\u00e9moignent les initiatives suivantes :<\/p>\n<p><strong>Les d\u00e9fis de la transformation \u00e9conomique<\/strong><\/p>\n<p>La Mauritanie affiche des performances \u00e9conomiques solides, avec une croissance du PIB de 6,3% en 2024 et une inflation ma\u00eetris\u00e9e \u00e0 2,5%. Le gouvernement a entam\u00e9 une transition d&#8217;un programme de r\u00e9formes baptis\u00e9 <strong><em>\u00ab Mes engagements \u00bb<\/em><\/strong> vers un cadre strat\u00e9gique plus large, <strong><em>\u00ab Mon ambition pour la nation \u00bb<\/em><\/strong>, articul\u00e9 autour de cinq piliers : la gouvernance institutionnelle, la r\u00e9silience \u00e9conomique, le d\u00e9veloppement du capital humain, l&#8217;inclusion sociale et la s\u00e9curit\u00e9.<\/p>\n<p>Cependant, des d\u00e9fis structurels persistent. Selon la Banque mondiale, le capital humain reste sous-d\u00e9velopp\u00e9 : un enfant n\u00e9 aujourd&#8217;hui en Mauritanie n&#8217;atteindra que 38% de sa productivit\u00e9 potentielle \u00e0 l&#8217;\u00e2ge adulte, et un quart des enfants souffrent d&#8217;un retard de croissance. Par ailleurs, le pays doit composer avec son statut de pays d\u00e9sertique, dont seulement 0,5% des terres sont arables, et g\u00e8re des flux migratoires r\u00e9gionaux importants, accueillant plus de 169 000 r\u00e9fugi\u00e9s principalement maliens.<\/p>\n<p><strong style=\"font-weight: inherit;\">Vers une \u00e9conomie diversifi\u00e9e et inclusive<\/strong><\/p>\n<p>La collaboration avec l\u2019IFC et d\u2019autres partenaires vise donc \u00e0 adresser ces d\u00e9fis en profondeur. Les discussions de la d\u00e9l\u00e9gation mauritanienne \u00e0 Washington refl\u00e8tent une ambition claire : tirer parti des financements internationaux non seulement pour des projets ponctuels, mais pour op\u00e9rer une transformation structurelle.<\/p>\n<p>L&#8217;accent mis sur le soutien aux PME, l&#8217;inclusion financi\u00e8re des femmes et des jeunes, et le d\u00e9veloppement de secteurs productifs \u00e0 forte valeur ajout\u00e9e comme l&#8217;\u00e9conomie bleue durable et les \u00e9nergies renouvelables, dessine les contours de la future \u00e9conomie mauritanienne. En renfor\u00e7ant sa coop\u00e9ration avec l\u2019IFC, la Mauritanie s\u2019assure d\u2019un levier essentiel pour am\u00e9liorer le climat des affaires, attirer les investissements et b\u00e2tir, \u00e0 terme, une \u00e9conomie plus r\u00e9siliente, diversifi\u00e9e et cr\u00e9atrice d\u2019opportunit\u00e9s pour toute sa population.<\/p>\n<p>La d\u00e9l\u00e9gation mauritanienne \u00e9tait \u00e9galement compos\u00e9e de l\u2019ambassadeur itin\u00e9rant, M. Samba Thiam ; du conseiller \u00e0 la pr\u00e9sidence de la R\u00e9publique, M. El Hassan Zein ; du conseiller du Premier ministre, M. Mohamed Lemine Raghani ; du directeur g\u00e9n\u00e9ral du financement et de la coop\u00e9ration \u00e9conomique, M. Mohamed Salem Nani ; et du directeur g\u00e9n\u00e9ral du budget, M. Ahmed Abeih.<\/p>\n","protected":false},"excerpt":{"rendered":"<p>Dans le cadre des Assembl\u00e9es annuelles du Groupe de la Banque mondiale (BM) et du Fonds mon\u00e9taire international (FMI), une d\u00e9l\u00e9gation mauritanienne de haut niveau, pr\u00e9sid\u00e9e par le ministre des Affaires \u00e9conomiques et du D\u00e9veloppement, M. Abdallahi Souleymane Cheikh Sidiya, a engag\u00e9 une s\u00e9rie de discussions strat\u00e9giques avec ses partenaires internationaux. Vendredi, elle a tenu&#8230;..<\/p>\n","protected":false},"author":12,"featured_media":31735,"comment_status":"open","ping_status":"open","sticky":false,"template":"","format":"standard","meta":{"footnotes":""},"categories":[23,49],"tags":[],"class_list":["post-31734","post","type-post","status-publish","format-standard","has-post-thumbnail","hentry","category-actualite","category-economie"],"yoast_head":"<!-- This site is optimized with the Yoast SEO plugin v27.5 - https:\/\/yoast.com\/product\/yoast-seo-wordpress\/ -->\n<title>Mauritanie\/SFI : Vers une coop\u00e9ration renforc\u00e9e pour la promotion du secteur priv\u00e9 - Le Quotidien de Nouakchott<\/title>\n<meta name=\"robots\" content=\"index, follow, max-snippet:-1, max-image-preview:large, max-video-preview:-1\" \/>\n<link rel=\"canonical\" href=\"https:\/\/lequotidien.mr\/?p=31734&lang=fr\" \/>\n<meta property=\"og:locale\" content=\"ar_AR\" \/>\n<meta property=\"og:type\" content=\"article\" \/>\n<meta property=\"og:title\" content=\"Mauritanie\/SFI : Vers une coop\u00e9ration renforc\u00e9e pour la promotion du secteur priv\u00e9 - Le Quotidien de Nouakchott\" \/>\n<meta property=\"og:description\" content=\"Dans le cadre des Assembl\u00e9es annuelles du Groupe de la Banque mondiale (BM) et du Fonds mon\u00e9taire international (FMI), une d\u00e9l\u00e9gation mauritanienne de haut niveau, pr\u00e9sid\u00e9e par le ministre des Affaires \u00e9conomiques et du D\u00e9veloppement, M. Abdallahi Souleymane Cheikh Sidiya, a engag\u00e9 une s\u00e9rie de discussions strat\u00e9giques avec ses partenaires internationaux. Vendredi, elle a tenu.....\" \/>\n<meta property=\"og:url\" content=\"https:\/\/lequotidien.mr\/?p=31734&amp;lang=fr\" \/>\n<meta property=\"og:site_name\" content=\"Le Quotidien de Nouakchott\" \/>\n<meta property=\"article:publisher\" content=\"https:\/\/web.facebook.com\/lequotidienmr\" \/>\n<meta property=\"article:published_time\" content=\"2025-10-19T20:49:24+00:00\" \/>\n<meta property=\"og:image\" content=\"https:\/\/lequotidien.mr\/wp-content\/uploads\/2025\/10\/photo-SFI-secteur-prive.jpg\" \/>\n\t<meta property=\"og:image:width\" content=\"768\" \/>\n\t<meta property=\"og:image:height\" content=\"525\" \/>\n\t<meta property=\"og:image:type\" content=\"image\/jpeg\" \/>\n<meta name=\"author\" content=\"Med Ahmed\" \/>\n<meta name=\"twitter:card\" content=\"summary_large_image\" \/>\n<meta name=\"twitter:creator\" content=\"@lequotidienmr\" \/>\n<meta name=\"twitter:site\" content=\"@lequotidienmr\" \/>\n<meta name=\"twitter:label1\" content=\"\u0643\u064f\u062a\u0628 \u0628\u0648\u0627\u0633\u0637\u0629\" \/>\n\t<meta name=\"twitter:data1\" content=\"Med Ahmed\" \/>\n\t<meta name=\"twitter:label2\" content=\"\u0648\u0642\u062a \u0627\u0644\u0642\u0631\u0627\u0621\u0629 \u0627\u0644\u0645\u064f\u0642\u062f\u0651\u0631\" \/>\n\t<meta name=\"twitter:data2\" content=\"6 \u062f\u0642\u0627\u0626\u0642\" \/>\n<script type=\"application\/ld+json\" class=\"yoast-schema-graph\">{\"@context\":\"https:\\\/\\\/schema.org\",\"@graph\":[{\"@type\":\"Article\",\"@id\":\"https:\\\/\\\/lequotidien.mr\\\/?p=31734&lang=fr#article\",\"isPartOf\":{\"@id\":\"https:\\\/\\\/lequotidien.mr\\\/?p=31734&lang=fr\"},\"author\":{\"name\":\"Med Ahmed\",\"@id\":\"https:\\\/\\\/lequotidien.mr\\\/#\\\/schema\\\/person\\\/d2d350202a4d599685ed8abc25f97596\"},\"headline\":\"Mauritanie\\\/SFI : Vers une coop\u00e9ration renforc\u00e9e pour la promotion du secteur priv\u00e9\",\"datePublished\":\"2025-10-19T20:49:24+00:00\",\"mainEntityOfPage\":{\"@id\":\"https:\\\/\\\/lequotidien.mr\\\/?p=31734&lang=fr\"},\"wordCount\":872,\"commentCount\":0,\"publisher\":{\"@id\":\"https:\\\/\\\/lequotidien.mr\\\/#organization\"},\"image\":{\"@id\":\"https:\\\/\\\/lequotidien.mr\\\/?p=31734&lang=fr#primaryimage\"},\"thumbnailUrl\":\"https:\\\/\\\/lequotidien.mr\\\/wp-content\\\/uploads\\\/2025\\\/10\\\/photo-SFI-secteur-prive.jpg\",\"articleSection\":[\"ACTUALIT\u00c9\",\"Economie\"],\"inLanguage\":\"ar\",\"potentialAction\":[{\"@type\":\"CommentAction\",\"name\":\"Comment\",\"target\":[\"https:\\\/\\\/lequotidien.mr\\\/?p=31734&lang=fr#respond\"]}]},{\"@type\":\"WebPage\",\"@id\":\"https:\\\/\\\/lequotidien.mr\\\/?p=31734&lang=fr\",\"url\":\"https:\\\/\\\/lequotidien.mr\\\/?p=31734&lang=fr\",\"name\":\"Mauritanie\\\/SFI : Vers une coop\u00e9ration renforc\u00e9e pour la promotion du secteur priv\u00e9 - Le Quotidien de Nouakchott\",\"isPartOf\":{\"@id\":\"https:\\\/\\\/lequotidien.mr\\\/#website\"},\"primaryImageOfPage\":{\"@id\":\"https:\\\/\\\/lequotidien.mr\\\/?p=31734&lang=fr#primaryimage\"},\"image\":{\"@id\":\"https:\\\/\\\/lequotidien.mr\\\/?p=31734&lang=fr#primaryimage\"},\"thumbnailUrl\":\"https:\\\/\\\/lequotidien.mr\\\/wp-content\\\/uploads\\\/2025\\\/10\\\/photo-SFI-secteur-prive.jpg\",\"datePublished\":\"2025-10-19T20:49:24+00:00\",\"breadcrumb\":{\"@id\":\"https:\\\/\\\/lequotidien.mr\\\/?p=31734&lang=fr#breadcrumb\"},\"inLanguage\":\"ar\",\"potentialAction\":[{\"@type\":\"ReadAction\",\"target\":[\"https:\\\/\\\/lequotidien.mr\\\/?p=31734&lang=fr\"]}]},{\"@type\":\"ImageObject\",\"inLanguage\":\"ar\",\"@id\":\"https:\\\/\\\/lequotidien.mr\\\/?p=31734&lang=fr#primaryimage\",\"url\":\"https:\\\/\\\/lequotidien.mr\\\/wp-content\\\/uploads\\\/2025\\\/10\\\/photo-SFI-secteur-prive.jpg\",\"contentUrl\":\"https:\\\/\\\/lequotidien.mr\\\/wp-content\\\/uploads\\\/2025\\\/10\\\/photo-SFI-secteur-prive.jpg\",\"width\":768,\"height\":525},{\"@type\":\"BreadcrumbList\",\"@id\":\"https:\\\/\\\/lequotidien.mr\\\/?p=31734&lang=fr#breadcrumb\",\"itemListElement\":[{\"@type\":\"ListItem\",\"position\":1,\"name\":\"Home\",\"item\":\"https:\\\/\\\/lequotidien.mr\\\/\"},{\"@type\":\"ListItem\",\"position\":2,\"name\":\"Mauritanie\\\/SFI : Vers une coop\u00e9ration renforc\u00e9e pour la promotion du secteur priv\u00e9\"}]},{\"@type\":\"WebSite\",\"@id\":\"https:\\\/\\\/lequotidien.mr\\\/#website\",\"url\":\"https:\\\/\\\/lequotidien.mr\\\/\",\"name\":\"Le Quotidien de Nouakchott\",\"description\":\"\u0625\u062e\u0628\u0627\u0631\u064a\u0629 \u0645\u0633\u062a\u0642\u0644\u0629 \u0644\u0644\u0623\u0646\u0628\u0627\u0621 \u0627\u0644\u0639\u0627\u0645\u0629\",\"publisher\":{\"@id\":\"https:\\\/\\\/lequotidien.mr\\\/#organization\"},\"potentialAction\":[{\"@type\":\"SearchAction\",\"target\":{\"@type\":\"EntryPoint\",\"urlTemplate\":\"https:\\\/\\\/lequotidien.mr\\\/?s={search_term_string}\"},\"query-input\":{\"@type\":\"PropertyValueSpecification\",\"valueRequired\":true,\"valueName\":\"search_term_string\"}}],\"inLanguage\":\"ar\"},{\"@type\":\"Organization\",\"@id\":\"https:\\\/\\\/lequotidien.mr\\\/#organization\",\"name\":\"Le Quotidien de Nouakchott\",\"url\":\"https:\\\/\\\/lequotidien.mr\\\/\",\"logo\":{\"@type\":\"ImageObject\",\"inLanguage\":\"ar\",\"@id\":\"https:\\\/\\\/lequotidien.mr\\\/#\\\/schema\\\/logo\\\/image\\\/\",\"url\":\"https:\\\/\\\/lequotidien.mr\\\/wp-content\\\/uploads\\\/2022\\\/11\\\/logolequotidien.jpg\",\"contentUrl\":\"https:\\\/\\\/lequotidien.mr\\\/wp-content\\\/uploads\\\/2022\\\/11\\\/logolequotidien.jpg\",\"width\":290,\"height\":65,\"caption\":\"Le Quotidien de Nouakchott\"},\"image\":{\"@id\":\"https:\\\/\\\/lequotidien.mr\\\/#\\\/schema\\\/logo\\\/image\\\/\"},\"sameAs\":[\"https:\\\/\\\/web.facebook.com\\\/lequotidienmr\",\"https:\\\/\\\/x.com\\\/lequotidienmr\"]},{\"@type\":\"Person\",\"@id\":\"https:\\\/\\\/lequotidien.mr\\\/#\\\/schema\\\/person\\\/d2d350202a4d599685ed8abc25f97596\",\"name\":\"Med Ahmed\",\"image\":{\"@type\":\"ImageObject\",\"inLanguage\":\"ar\",\"@id\":\"https:\\\/\\\/secure.gravatar.com\\\/avatar\\\/fd2acc62ed50732923d1d39c17172c9b04149f142be92310ecc69e1358f94b52?s=96&d=mm&r=g\",\"url\":\"https:\\\/\\\/secure.gravatar.com\\\/avatar\\\/fd2acc62ed50732923d1d39c17172c9b04149f142be92310ecc69e1358f94b52?s=96&d=mm&r=g\",\"contentUrl\":\"https:\\\/\\\/secure.gravatar.com\\\/avatar\\\/fd2acc62ed50732923d1d39c17172c9b04149f142be92310ecc69e1358f94b52?s=96&d=mm&r=g\",\"caption\":\"Med Ahmed\"},\"url\":\"https:\\\/\\\/lequotidien.mr\\\/?author=12\"}]}<\/script>\n<!-- \/ Yoast SEO plugin. -->","yoast_head_json":{"title":"Mauritanie\/SFI : Vers une coop\u00e9ration renforc\u00e9e pour la promotion du secteur priv\u00e9 - Le Quotidien de Nouakchott","robots":{"index":"index","follow":"follow","max-snippet":"max-snippet:-1","max-image-preview":"max-image-preview:large","max-video-preview":"max-video-preview:-1"},"canonical":"https:\/\/lequotidien.mr\/?p=31734&lang=fr","og_locale":"ar_AR","og_type":"article","og_title":"Mauritanie\/SFI : Vers une coop\u00e9ration renforc\u00e9e pour la promotion du secteur priv\u00e9 - Le Quotidien de Nouakchott","og_description":"Dans le cadre des Assembl\u00e9es annuelles du Groupe de la Banque mondiale (BM) et du Fonds mon\u00e9taire international (FMI), une d\u00e9l\u00e9gation mauritanienne de haut niveau, pr\u00e9sid\u00e9e par le ministre des Affaires \u00e9conomiques et du D\u00e9veloppement, M. Abdallahi Souleymane Cheikh Sidiya, a engag\u00e9 une s\u00e9rie de discussions strat\u00e9giques avec ses partenaires internationaux. Vendredi, elle a tenu.....","og_url":"https:\/\/lequotidien.mr\/?p=31734&lang=fr","og_site_name":"Le Quotidien de Nouakchott","article_publisher":"https:\/\/web.facebook.com\/lequotidienmr","article_published_time":"2025-10-19T20:49:24+00:00","og_image":[{"width":768,"height":525,"url":"https:\/\/lequotidien.mr\/wp-content\/uploads\/2025\/10\/photo-SFI-secteur-prive.jpg","type":"image\/jpeg"}],"author":"Med Ahmed","twitter_card":"summary_large_image","twitter_creator":"@lequotidienmr","twitter_site":"@lequotidienmr","twitter_misc":{"\u0643\u064f\u062a\u0628 \u0628\u0648\u0627\u0633\u0637\u0629":"Med Ahmed","\u0648\u0642\u062a \u0627\u0644\u0642\u0631\u0627\u0621\u0629 \u0627\u0644\u0645\u064f\u0642\u062f\u0651\u0631":"6 \u062f\u0642\u0627\u0626\u0642"},"schema":{"@context":"https:\/\/schema.org","@graph":[{"@type":"Article","@id":"https:\/\/lequotidien.mr\/?p=31734&lang=fr#article","isPartOf":{"@id":"https:\/\/lequotidien.mr\/?p=31734&lang=fr"},"author":{"name":"Med Ahmed","@id":"https:\/\/lequotidien.mr\/#\/schema\/person\/d2d350202a4d599685ed8abc25f97596"},"headline":"Mauritanie\/SFI : Vers une coop\u00e9ration renforc\u00e9e pour la promotion du secteur priv\u00e9","datePublished":"2025-10-19T20:49:24+00:00","mainEntityOfPage":{"@id":"https:\/\/lequotidien.mr\/?p=31734&lang=fr"},"wordCount":872,"commentCount":0,"publisher":{"@id":"https:\/\/lequotidien.mr\/#organization"},"image":{"@id":"https:\/\/lequotidien.mr\/?p=31734&lang=fr#primaryimage"},"thumbnailUrl":"https:\/\/lequotidien.mr\/wp-content\/uploads\/2025\/10\/photo-SFI-secteur-prive.jpg","articleSection":["ACTUALIT\u00c9","Economie"],"inLanguage":"ar","potentialAction":[{"@type":"CommentAction","name":"Comment","target":["https:\/\/lequotidien.mr\/?p=31734&lang=fr#respond"]}]},{"@type":"WebPage","@id":"https:\/\/lequotidien.mr\/?p=31734&lang=fr","url":"https:\/\/lequotidien.mr\/?p=31734&lang=fr","name":"Mauritanie\/SFI : Vers une coop\u00e9ration renforc\u00e9e pour la promotion du secteur priv\u00e9 - Le Quotidien de Nouakchott","isPartOf":{"@id":"https:\/\/lequotidien.mr\/#website"},"primaryImageOfPage":{"@id":"https:\/\/lequotidien.mr\/?p=31734&lang=fr#primaryimage"},"image":{"@id":"https:\/\/lequotidien.mr\/?p=31734&lang=fr#primaryimage"},"thumbnailUrl":"https:\/\/lequotidien.mr\/wp-content\/uploads\/2025\/10\/photo-SFI-secteur-prive.jpg","datePublished":"2025-10-19T20:49:24+00:00","breadcrumb":{"@id":"https:\/\/lequotidien.mr\/?p=31734&lang=fr#breadcrumb"},"inLanguage":"ar","potentialAction":[{"@type":"ReadAction","target":["https:\/\/lequotidien.mr\/?p=31734&lang=fr"]}]},{"@type":"ImageObject","inLanguage":"ar","@id":"https:\/\/lequotidien.mr\/?p=31734&lang=fr#primaryimage","url":"https:\/\/lequotidien.mr\/wp-content\/uploads\/2025\/10\/photo-SFI-secteur-prive.jpg","contentUrl":"https:\/\/lequotidien.mr\/wp-content\/uploads\/2025\/10\/photo-SFI-secteur-prive.jpg","width":768,"height":525},{"@type":"BreadcrumbList","@id":"https:\/\/lequotidien.mr\/?p=31734&lang=fr#breadcrumb","itemListElement":[{"@type":"ListItem","position":1,"name":"Home","item":"https:\/\/lequotidien.mr\/"},{"@type":"ListItem","position":2,"name":"Mauritanie\/SFI : Vers une coop\u00e9ration renforc\u00e9e pour la promotion du secteur priv\u00e9"}]},{"@type":"WebSite","@id":"https:\/\/lequotidien.mr\/#website","url":"https:\/\/lequotidien.mr\/","name":"Le Quotidien de Nouakchott","description":"\u0625\u062e\u0628\u0627\u0631\u064a\u0629 \u0645\u0633\u062a\u0642\u0644\u0629 \u0644\u0644\u0623\u0646\u0628\u0627\u0621 \u0627\u0644\u0639\u0627\u0645\u0629","publisher":{"@id":"https:\/\/lequotidien.mr\/#organization"},"potentialAction":[{"@type":"SearchAction","target":{"@type":"EntryPoint","urlTemplate":"https:\/\/lequotidien.mr\/?s={search_term_string}"},"query-input":{"@type":"PropertyValueSpecification","valueRequired":true,"valueName":"search_term_string"}}],"inLanguage":"ar"},{"@type":"Organization","@id":"https:\/\/lequotidien.mr\/#organization","name":"Le Quotidien de Nouakchott","url":"https:\/\/lequotidien.mr\/","logo":{"@type":"ImageObject","inLanguage":"ar","@id":"https:\/\/lequotidien.mr\/#\/schema\/logo\/image\/","url":"https:\/\/lequotidien.mr\/wp-content\/uploads\/2022\/11\/logolequotidien.jpg","contentUrl":"https:\/\/lequotidien.mr\/wp-content\/uploads\/2022\/11\/logolequotidien.jpg","width":290,"height":65,"caption":"Le Quotidien de Nouakchott"},"image":{"@id":"https:\/\/lequotidien.mr\/#\/schema\/logo\/image\/"},"sameAs":["https:\/\/web.facebook.com\/lequotidienmr","https:\/\/x.com\/lequotidienmr"]},{"@type":"Person","@id":"https:\/\/lequotidien.mr\/#\/schema\/person\/d2d350202a4d599685ed8abc25f97596","name":"Med Ahmed","image":{"@type":"ImageObject","inLanguage":"ar","@id":"https:\/\/secure.gravatar.com\/avatar\/fd2acc62ed50732923d1d39c17172c9b04149f142be92310ecc69e1358f94b52?s=96&d=mm&r=g","url":"https:\/\/secure.gravatar.com\/avatar\/fd2acc62ed50732923d1d39c17172c9b04149f142be92310ecc69e1358f94b52?s=96&d=mm&r=g","contentUrl":"https:\/\/secure.gravatar.com\/avatar\/fd2acc62ed50732923d1d39c17172c9b04149f142be92310ecc69e1358f94b52?s=96&d=mm&r=g","caption":"Med Ahmed"},"url":"https:\/\/lequotidien.mr\/?author=12"}]}},"_links":{"self":[{"href":"https:\/\/lequotidien.mr\/index.php?rest_route=\/wp\/v2\/posts\/31734","targetHints":{"allow":["GET"]}}],"collection":[{"href":"https:\/\/lequotidien.mr\/index.php?rest_route=\/wp\/v2\/posts"}],"about":[{"href":"https:\/\/lequotidien.mr\/index.php?rest_route=\/wp\/v2\/types\/post"}],"author":[{"embeddable":true,"href":"https:\/\/lequotidien.mr\/index.php?rest_route=\/wp\/v2\/users\/12"}],"replies":[{"embeddable":true,"href":"https:\/\/lequotidien.mr\/index.php?rest_route=%2Fwp%2Fv2%2Fcomments&post=31734"}],"version-history":[{"count":1,"href":"https:\/\/lequotidien.mr\/index.php?rest_route=\/wp\/v2\/posts\/31734\/revisions"}],"predecessor-version":[{"id":31736,"href":"https:\/\/lequotidien.mr\/index.php?rest_route=\/wp\/v2\/posts\/31734\/revisions\/31736"}],"wp:featuredmedia":[{"embeddable":true,"href":"https:\/\/lequotidien.mr\/index.php?rest_route=\/wp\/v2\/media\/31735"}],"wp:attachment":[{"href":"https:\/\/lequotidien.mr\/index.php?rest_route=%2Fwp%2Fv2%2Fmedia&parent=31734"}],"wp:term":[{"taxonomy":"category","embeddable":true,"href":"https:\/\/lequotidien.mr\/index.php?rest_route=%2Fwp%2Fv2%2Fcategories&post=31734"},{"taxonomy":"post_tag","embeddable":true,"href":"https:\/\/lequotidien.mr\/index.php?rest_route=%2Fwp%2Fv2%2Ftags&post=31734"}],"curies":[{"name":"wp","href":"https:\/\/api.w.org\/{rel}","templated":true}]}}