{"id":31731,"date":"2025-10-19T20:03:30","date_gmt":"2025-10-19T20:03:30","guid":{"rendered":"https:\/\/lequotidien.mr\/?p=31731"},"modified":"2025-10-19T20:03:30","modified_gmt":"2025-10-19T20:03:30","slug":"salon-international-du-livre-de-nouakchott-mise-ne-place-dun-espace-dedie-aux-auteurs-pour-les-dedicaces-de-leurs-ouvrages","status":"publish","type":"post","link":"https:\/\/lequotidien.mr\/?p=31731&lang=fr","title":{"rendered":"Salon international du livre de Nouakchott : Mise ne place d\u2019un espace d\u00e9di\u00e9 aux auteurs pour les d\u00e9dicaces de leurs ouvrages"},"content":{"rendered":"<p>\u00c0 l&#8217;approche du Salon international du livre de Nouakchott, le minist\u00e8re de la Culture, des Arts, de la Communication et des Relations avec le Parlement lance un appel aux auteurs nationaux. Le comit\u00e9 en charge du stand d\u00e9di\u00e9 aux s\u00e9ances de signatures invite les \u00e9crivains, po\u00e8tes et chercheurs ayant publi\u00e9 r\u00e9cemment \u00e0 proposer leurs ouvrages pour une inclusion au programme officiel des animations.<\/p>\n<p><strong style=\"font-weight: inherit;\">Une opportunit\u00e9 pour la sc\u00e8ne litt\u00e9raire mauritanienne<\/strong><\/p>\n<p>Ce stand, plac\u00e9 sous la supervision du minist\u00e8re, est con\u00e7u comme un espace de rencontre privil\u00e9gi\u00e9 entre les auteurs et le public. Pour cette \u00e9dition, les organisateurs souhaitent offrir une vitrine \u00e0 la production \u00e9ditoriale mauritanienne contemporaine, en permettant aux cr\u00e9ateurs de pr\u00e9senter et de d\u00e9dicacer leurs \u0153uvres dans le cadre prestigieux du Salon international du livre.<\/p>\n<p><strong style=\"font-weight: inherit;\">Comment soumettre sa candidature ?<\/strong><\/p>\n<p>Afin de centraliser les demandes et de constituer une programmation riche et vari\u00e9e, le comit\u00e9 a d\u00e9fini une proc\u00e9dure simple mais essentielle. Les auteurs int\u00e9ress\u00e9s sont invit\u00e9s \u00e0 envoyer un dossier de candidature comprenant les \u00e9l\u00e9ments suivants \u00e0 l&#8217;adresse e-mail\u00a0<strong><a href=\"https:\/\/mailto:contact@culture.gov.mr\/\">contact@culture.gov.mr<\/a><\/strong>\u00a0:<\/p>\n<p><strong>-Nom complet<\/strong><strong>\u00a0de l&#8217;auteur\u00a0;<\/strong><\/p>\n<p><strong>-Un\u00a0num\u00e9ro de t\u00e9l\u00e9phone\u00a0(avec WhatsApp) pour faciliter la communication\u00a0;<\/strong><\/p>\n<p><strong>-Le\u00a0nom de la maison d&#8217;\u00e9dition\u00a0ou de l&#8217;institution \u00e9ditrice\u00a0;<\/strong><\/p>\n<p><strong>-L&#8217;ann\u00e9e de publication<\/strong><strong>\u00a0de l&#8217;ouvrage\u00a0;<\/strong><\/p>\n<p><strong>-Un\u00a0r\u00e9sum\u00e9 succinct du livre\u00a0d&#8217;environ 50 mots, permettant d&#8217;en saisir l&#8217;essence et les th\u00e8mes principaux\u00a0;<\/strong><\/p>\n<p><strong>-Une\u00a0photo de la couverture du livre\u00a0en qualit\u00e9 suffisante pour une utilisation promotionnelle.<\/strong><\/p>\n<p><strong style=\"font-weight: inherit;\">Une s\u00e9lection pour une programmation optimis\u00e9e<\/strong><\/p>\n<p>Le comit\u00e9 a tenu \u00e0 pr\u00e9ciser que toutes les candidatures seront examin\u00e9es. Seuls les auteurs dont les livres auront \u00e9t\u00e9 retenus seront contact\u00e9s directement pour \u00eatre inform\u00e9s des d\u00e9tails de leur programmation, notamment la date et l&#8217;horaire de leur s\u00e9ance de signature.<\/p>\n<p>Cette initiative repr\u00e9sente une formidable opportunit\u00e9 pour les talents mauritaniens de gagner en visibilit\u00e9, de participer \u00e0 la dynamique culturelle du pays et de contribuer au succ\u00e8s de ce grand rendez-vous litt\u00e9raire que constitue le Salon international du livre de Nouakchott.<\/p>\n","protected":false},"excerpt":{"rendered":"<p>\u00c0 l&#8217;approche du Salon international du livre de Nouakchott, le minist\u00e8re de la Culture, des Arts, de la Communication et des Relations avec le Parlement lance un appel aux auteurs nationaux. Le comit\u00e9 en charge du stand d\u00e9di\u00e9 aux s\u00e9ances de signatures invite les \u00e9crivains, po\u00e8tes et chercheurs ayant publi\u00e9 r\u00e9cemment \u00e0 proposer leurs ouvrages&#8230;..<\/p>\n","protected":false},"author":12,"featured_media":31732,"comment_status":"open","ping_status":"open","sticky":false,"template":"","format":"standard","meta":{"footnotes":""},"categories":[23,55],"tags":[],"class_list":["post-31731","post","type-post","status-publish","format-standard","has-post-thumbnail","hentry","category-actualite","category-culture"],"yoast_head":"<!-- This site is optimized with the Yoast SEO plugin v27.5 - https:\/\/yoast.com\/product\/yoast-seo-wordpress\/ -->\n<title>Salon international du livre de Nouakchott : Mise ne place d\u2019un espace d\u00e9di\u00e9 aux auteurs pour les d\u00e9dicaces de leurs ouvrages - Le Quotidien de Nouakchott<\/title>\n<meta name=\"robots\" content=\"index, follow, max-snippet:-1, max-image-preview:large, max-video-preview:-1\" \/>\n<link rel=\"canonical\" href=\"https:\/\/lequotidien.mr\/?p=31731&lang=fr\" \/>\n<meta property=\"og:locale\" content=\"ar_AR\" \/>\n<meta property=\"og:type\" content=\"article\" \/>\n<meta property=\"og:title\" content=\"Salon international du livre de Nouakchott : Mise ne place d\u2019un espace d\u00e9di\u00e9 aux auteurs pour les d\u00e9dicaces de leurs ouvrages - Le Quotidien de Nouakchott\" \/>\n<meta property=\"og:description\" content=\"\u00c0 l&#8217;approche du Salon international du livre de Nouakchott, le minist\u00e8re de la Culture, des Arts, de la Communication et des Relations avec le Parlement lance un appel aux auteurs nationaux. Le comit\u00e9 en charge du stand d\u00e9di\u00e9 aux s\u00e9ances de signatures invite les \u00e9crivains, po\u00e8tes et chercheurs ayant publi\u00e9 r\u00e9cemment \u00e0 proposer leurs ouvrages.....\" \/>\n<meta property=\"og:url\" content=\"https:\/\/lequotidien.mr\/?p=31731&amp;lang=fr\" \/>\n<meta property=\"og:site_name\" content=\"Le Quotidien de Nouakchott\" \/>\n<meta property=\"article:publisher\" content=\"https:\/\/web.facebook.com\/lequotidienmr\" \/>\n<meta property=\"article:published_time\" content=\"2025-10-19T20:03:30+00:00\" \/>\n<meta property=\"og:image\" content=\"https:\/\/lequotidien.mr\/wp-content\/uploads\/2025\/10\/photo-espace-auteurs.jpg\" \/>\n\t<meta property=\"og:image:width\" content=\"750\" \/>\n\t<meta property=\"og:image:height\" content=\"430\" \/>\n\t<meta property=\"og:image:type\" content=\"image\/jpeg\" \/>\n<meta name=\"author\" content=\"Med Ahmed\" \/>\n<meta name=\"twitter:card\" content=\"summary_large_image\" \/>\n<meta name=\"twitter:creator\" content=\"@lequotidienmr\" \/>\n<meta name=\"twitter:site\" content=\"@lequotidienmr\" \/>\n<meta name=\"twitter:label1\" content=\"\u0643\u064f\u062a\u0628 \u0628\u0648\u0627\u0633\u0637\u0629\" \/>\n\t<meta name=\"twitter:data1\" content=\"Med Ahmed\" \/>\n\t<meta name=\"twitter:label2\" content=\"\u0648\u0642\u062a \u0627\u0644\u0642\u0631\u0627\u0621\u0629 \u0627\u0644\u0645\u064f\u0642\u062f\u0651\u0631\" \/>\n\t<meta name=\"twitter:data2\" content=\"3 \u062f\u0642\u0627\u0626\u0642\" \/>\n<script type=\"application\/ld+json\" class=\"yoast-schema-graph\">{\"@context\":\"https:\\\/\\\/schema.org\",\"@graph\":[{\"@type\":\"Article\",\"@id\":\"https:\\\/\\\/lequotidien.mr\\\/?p=31731&lang=fr#article\",\"isPartOf\":{\"@id\":\"https:\\\/\\\/lequotidien.mr\\\/?p=31731&lang=fr\"},\"author\":{\"name\":\"Med Ahmed\",\"@id\":\"https:\\\/\\\/lequotidien.mr\\\/#\\\/schema\\\/person\\\/d2d350202a4d599685ed8abc25f97596\"},\"headline\":\"Salon international du livre de Nouakchott : Mise ne place d\u2019un espace d\u00e9di\u00e9 aux auteurs pour les d\u00e9dicaces de leurs ouvrages\",\"datePublished\":\"2025-10-19T20:03:30+00:00\",\"mainEntityOfPage\":{\"@id\":\"https:\\\/\\\/lequotidien.mr\\\/?p=31731&lang=fr\"},\"wordCount\":386,\"commentCount\":0,\"publisher\":{\"@id\":\"https:\\\/\\\/lequotidien.mr\\\/#organization\"},\"image\":{\"@id\":\"https:\\\/\\\/lequotidien.mr\\\/?p=31731&lang=fr#primaryimage\"},\"thumbnailUrl\":\"https:\\\/\\\/lequotidien.mr\\\/wp-content\\\/uploads\\\/2025\\\/10\\\/photo-espace-auteurs.jpg\",\"articleSection\":[\"ACTUALIT\u00c9\",\"Culture\"],\"inLanguage\":\"ar\",\"potentialAction\":[{\"@type\":\"CommentAction\",\"name\":\"Comment\",\"target\":[\"https:\\\/\\\/lequotidien.mr\\\/?p=31731&lang=fr#respond\"]}]},{\"@type\":\"WebPage\",\"@id\":\"https:\\\/\\\/lequotidien.mr\\\/?p=31731&lang=fr\",\"url\":\"https:\\\/\\\/lequotidien.mr\\\/?p=31731&lang=fr\",\"name\":\"Salon international du livre de Nouakchott : Mise ne place d\u2019un espace d\u00e9di\u00e9 aux auteurs pour les d\u00e9dicaces de leurs ouvrages - Le Quotidien de Nouakchott\",\"isPartOf\":{\"@id\":\"https:\\\/\\\/lequotidien.mr\\\/#website\"},\"primaryImageOfPage\":{\"@id\":\"https:\\\/\\\/lequotidien.mr\\\/?p=31731&lang=fr#primaryimage\"},\"image\":{\"@id\":\"https:\\\/\\\/lequotidien.mr\\\/?p=31731&lang=fr#primaryimage\"},\"thumbnailUrl\":\"https:\\\/\\\/lequotidien.mr\\\/wp-content\\\/uploads\\\/2025\\\/10\\\/photo-espace-auteurs.jpg\",\"datePublished\":\"2025-10-19T20:03:30+00:00\",\"breadcrumb\":{\"@id\":\"https:\\\/\\\/lequotidien.mr\\\/?p=31731&lang=fr#breadcrumb\"},\"inLanguage\":\"ar\",\"potentialAction\":[{\"@type\":\"ReadAction\",\"target\":[\"https:\\\/\\\/lequotidien.mr\\\/?p=31731&lang=fr\"]}]},{\"@type\":\"ImageObject\",\"inLanguage\":\"ar\",\"@id\":\"https:\\\/\\\/lequotidien.mr\\\/?p=31731&lang=fr#primaryimage\",\"url\":\"https:\\\/\\\/lequotidien.mr\\\/wp-content\\\/uploads\\\/2025\\\/10\\\/photo-espace-auteurs.jpg\",\"contentUrl\":\"https:\\\/\\\/lequotidien.mr\\\/wp-content\\\/uploads\\\/2025\\\/10\\\/photo-espace-auteurs.jpg\",\"width\":750,\"height\":430},{\"@type\":\"BreadcrumbList\",\"@id\":\"https:\\\/\\\/lequotidien.mr\\\/?p=31731&lang=fr#breadcrumb\",\"itemListElement\":[{\"@type\":\"ListItem\",\"position\":1,\"name\":\"Home\",\"item\":\"https:\\\/\\\/lequotidien.mr\\\/\"},{\"@type\":\"ListItem\",\"position\":2,\"name\":\"Salon international du livre de Nouakchott : Mise ne place d\u2019un espace d\u00e9di\u00e9 aux auteurs pour les d\u00e9dicaces de leurs ouvrages\"}]},{\"@type\":\"WebSite\",\"@id\":\"https:\\\/\\\/lequotidien.mr\\\/#website\",\"url\":\"https:\\\/\\\/lequotidien.mr\\\/\",\"name\":\"Le Quotidien de Nouakchott\",\"description\":\"\u0625\u062e\u0628\u0627\u0631\u064a\u0629 \u0645\u0633\u062a\u0642\u0644\u0629 \u0644\u0644\u0623\u0646\u0628\u0627\u0621 \u0627\u0644\u0639\u0627\u0645\u0629\",\"publisher\":{\"@id\":\"https:\\\/\\\/lequotidien.mr\\\/#organization\"},\"potentialAction\":[{\"@type\":\"SearchAction\",\"target\":{\"@type\":\"EntryPoint\",\"urlTemplate\":\"https:\\\/\\\/lequotidien.mr\\\/?s={search_term_string}\"},\"query-input\":{\"@type\":\"PropertyValueSpecification\",\"valueRequired\":true,\"valueName\":\"search_term_string\"}}],\"inLanguage\":\"ar\"},{\"@type\":\"Organization\",\"@id\":\"https:\\\/\\\/lequotidien.mr\\\/#organization\",\"name\":\"Le Quotidien de Nouakchott\",\"url\":\"https:\\\/\\\/lequotidien.mr\\\/\",\"logo\":{\"@type\":\"ImageObject\",\"inLanguage\":\"ar\",\"@id\":\"https:\\\/\\\/lequotidien.mr\\\/#\\\/schema\\\/logo\\\/image\\\/\",\"url\":\"https:\\\/\\\/lequotidien.mr\\\/wp-content\\\/uploads\\\/2022\\\/11\\\/logolequotidien.jpg\",\"contentUrl\":\"https:\\\/\\\/lequotidien.mr\\\/wp-content\\\/uploads\\\/2022\\\/11\\\/logolequotidien.jpg\",\"width\":290,\"height\":65,\"caption\":\"Le Quotidien de Nouakchott\"},\"image\":{\"@id\":\"https:\\\/\\\/lequotidien.mr\\\/#\\\/schema\\\/logo\\\/image\\\/\"},\"sameAs\":[\"https:\\\/\\\/web.facebook.com\\\/lequotidienmr\",\"https:\\\/\\\/x.com\\\/lequotidienmr\"]},{\"@type\":\"Person\",\"@id\":\"https:\\\/\\\/lequotidien.mr\\\/#\\\/schema\\\/person\\\/d2d350202a4d599685ed8abc25f97596\",\"name\":\"Med Ahmed\",\"image\":{\"@type\":\"ImageObject\",\"inLanguage\":\"ar\",\"@id\":\"https:\\\/\\\/secure.gravatar.com\\\/avatar\\\/fd2acc62ed50732923d1d39c17172c9b04149f142be92310ecc69e1358f94b52?s=96&d=mm&r=g\",\"url\":\"https:\\\/\\\/secure.gravatar.com\\\/avatar\\\/fd2acc62ed50732923d1d39c17172c9b04149f142be92310ecc69e1358f94b52?s=96&d=mm&r=g\",\"contentUrl\":\"https:\\\/\\\/secure.gravatar.com\\\/avatar\\\/fd2acc62ed50732923d1d39c17172c9b04149f142be92310ecc69e1358f94b52?s=96&d=mm&r=g\",\"caption\":\"Med Ahmed\"},\"url\":\"https:\\\/\\\/lequotidien.mr\\\/?author=12\"}]}<\/script>\n<!-- \/ Yoast SEO plugin. -->","yoast_head_json":{"title":"Salon international du livre de Nouakchott : Mise ne place d\u2019un espace d\u00e9di\u00e9 aux auteurs pour les d\u00e9dicaces de leurs ouvrages - Le Quotidien de Nouakchott","robots":{"index":"index","follow":"follow","max-snippet":"max-snippet:-1","max-image-preview":"max-image-preview:large","max-video-preview":"max-video-preview:-1"},"canonical":"https:\/\/lequotidien.mr\/?p=31731&lang=fr","og_locale":"ar_AR","og_type":"article","og_title":"Salon international du livre de Nouakchott : Mise ne place d\u2019un espace d\u00e9di\u00e9 aux auteurs pour les d\u00e9dicaces de leurs ouvrages - Le Quotidien de Nouakchott","og_description":"\u00c0 l&#8217;approche du Salon international du livre de Nouakchott, le minist\u00e8re de la Culture, des Arts, de la Communication et des Relations avec le Parlement lance un appel aux auteurs nationaux. Le comit\u00e9 en charge du stand d\u00e9di\u00e9 aux s\u00e9ances de signatures invite les \u00e9crivains, po\u00e8tes et chercheurs ayant publi\u00e9 r\u00e9cemment \u00e0 proposer leurs ouvrages.....","og_url":"https:\/\/lequotidien.mr\/?p=31731&lang=fr","og_site_name":"Le Quotidien de Nouakchott","article_publisher":"https:\/\/web.facebook.com\/lequotidienmr","article_published_time":"2025-10-19T20:03:30+00:00","og_image":[{"width":750,"height":430,"url":"https:\/\/lequotidien.mr\/wp-content\/uploads\/2025\/10\/photo-espace-auteurs.jpg","type":"image\/jpeg"}],"author":"Med Ahmed","twitter_card":"summary_large_image","twitter_creator":"@lequotidienmr","twitter_site":"@lequotidienmr","twitter_misc":{"\u0643\u064f\u062a\u0628 \u0628\u0648\u0627\u0633\u0637\u0629":"Med Ahmed","\u0648\u0642\u062a \u0627\u0644\u0642\u0631\u0627\u0621\u0629 \u0627\u0644\u0645\u064f\u0642\u062f\u0651\u0631":"3 \u062f\u0642\u0627\u0626\u0642"},"schema":{"@context":"https:\/\/schema.org","@graph":[{"@type":"Article","@id":"https:\/\/lequotidien.mr\/?p=31731&lang=fr#article","isPartOf":{"@id":"https:\/\/lequotidien.mr\/?p=31731&lang=fr"},"author":{"name":"Med Ahmed","@id":"https:\/\/lequotidien.mr\/#\/schema\/person\/d2d350202a4d599685ed8abc25f97596"},"headline":"Salon international du livre de Nouakchott : Mise ne place d\u2019un espace d\u00e9di\u00e9 aux auteurs pour les d\u00e9dicaces de leurs ouvrages","datePublished":"2025-10-19T20:03:30+00:00","mainEntityOfPage":{"@id":"https:\/\/lequotidien.mr\/?p=31731&lang=fr"},"wordCount":386,"commentCount":0,"publisher":{"@id":"https:\/\/lequotidien.mr\/#organization"},"image":{"@id":"https:\/\/lequotidien.mr\/?p=31731&lang=fr#primaryimage"},"thumbnailUrl":"https:\/\/lequotidien.mr\/wp-content\/uploads\/2025\/10\/photo-espace-auteurs.jpg","articleSection":["ACTUALIT\u00c9","Culture"],"inLanguage":"ar","potentialAction":[{"@type":"CommentAction","name":"Comment","target":["https:\/\/lequotidien.mr\/?p=31731&lang=fr#respond"]}]},{"@type":"WebPage","@id":"https:\/\/lequotidien.mr\/?p=31731&lang=fr","url":"https:\/\/lequotidien.mr\/?p=31731&lang=fr","name":"Salon international du livre de Nouakchott : Mise ne place d\u2019un espace d\u00e9di\u00e9 aux auteurs pour les d\u00e9dicaces de leurs ouvrages - Le Quotidien de Nouakchott","isPartOf":{"@id":"https:\/\/lequotidien.mr\/#website"},"primaryImageOfPage":{"@id":"https:\/\/lequotidien.mr\/?p=31731&lang=fr#primaryimage"},"image":{"@id":"https:\/\/lequotidien.mr\/?p=31731&lang=fr#primaryimage"},"thumbnailUrl":"https:\/\/lequotidien.mr\/wp-content\/uploads\/2025\/10\/photo-espace-auteurs.jpg","datePublished":"2025-10-19T20:03:30+00:00","breadcrumb":{"@id":"https:\/\/lequotidien.mr\/?p=31731&lang=fr#breadcrumb"},"inLanguage":"ar","potentialAction":[{"@type":"ReadAction","target":["https:\/\/lequotidien.mr\/?p=31731&lang=fr"]}]},{"@type":"ImageObject","inLanguage":"ar","@id":"https:\/\/lequotidien.mr\/?p=31731&lang=fr#primaryimage","url":"https:\/\/lequotidien.mr\/wp-content\/uploads\/2025\/10\/photo-espace-auteurs.jpg","contentUrl":"https:\/\/lequotidien.mr\/wp-content\/uploads\/2025\/10\/photo-espace-auteurs.jpg","width":750,"height":430},{"@type":"BreadcrumbList","@id":"https:\/\/lequotidien.mr\/?p=31731&lang=fr#breadcrumb","itemListElement":[{"@type":"ListItem","position":1,"name":"Home","item":"https:\/\/lequotidien.mr\/"},{"@type":"ListItem","position":2,"name":"Salon international du livre de Nouakchott : Mise ne place d\u2019un espace d\u00e9di\u00e9 aux auteurs pour les d\u00e9dicaces de leurs ouvrages"}]},{"@type":"WebSite","@id":"https:\/\/lequotidien.mr\/#website","url":"https:\/\/lequotidien.mr\/","name":"Le Quotidien de Nouakchott","description":"\u0625\u062e\u0628\u0627\u0631\u064a\u0629 \u0645\u0633\u062a\u0642\u0644\u0629 \u0644\u0644\u0623\u0646\u0628\u0627\u0621 \u0627\u0644\u0639\u0627\u0645\u0629","publisher":{"@id":"https:\/\/lequotidien.mr\/#organization"},"potentialAction":[{"@type":"SearchAction","target":{"@type":"EntryPoint","urlTemplate":"https:\/\/lequotidien.mr\/?s={search_term_string}"},"query-input":{"@type":"PropertyValueSpecification","valueRequired":true,"valueName":"search_term_string"}}],"inLanguage":"ar"},{"@type":"Organization","@id":"https:\/\/lequotidien.mr\/#organization","name":"Le Quotidien de Nouakchott","url":"https:\/\/lequotidien.mr\/","logo":{"@type":"ImageObject","inLanguage":"ar","@id":"https:\/\/lequotidien.mr\/#\/schema\/logo\/image\/","url":"https:\/\/lequotidien.mr\/wp-content\/uploads\/2022\/11\/logolequotidien.jpg","contentUrl":"https:\/\/lequotidien.mr\/wp-content\/uploads\/2022\/11\/logolequotidien.jpg","width":290,"height":65,"caption":"Le Quotidien de Nouakchott"},"image":{"@id":"https:\/\/lequotidien.mr\/#\/schema\/logo\/image\/"},"sameAs":["https:\/\/web.facebook.com\/lequotidienmr","https:\/\/x.com\/lequotidienmr"]},{"@type":"Person","@id":"https:\/\/lequotidien.mr\/#\/schema\/person\/d2d350202a4d599685ed8abc25f97596","name":"Med Ahmed","image":{"@type":"ImageObject","inLanguage":"ar","@id":"https:\/\/secure.gravatar.com\/avatar\/fd2acc62ed50732923d1d39c17172c9b04149f142be92310ecc69e1358f94b52?s=96&d=mm&r=g","url":"https:\/\/secure.gravatar.com\/avatar\/fd2acc62ed50732923d1d39c17172c9b04149f142be92310ecc69e1358f94b52?s=96&d=mm&r=g","contentUrl":"https:\/\/secure.gravatar.com\/avatar\/fd2acc62ed50732923d1d39c17172c9b04149f142be92310ecc69e1358f94b52?s=96&d=mm&r=g","caption":"Med Ahmed"},"url":"https:\/\/lequotidien.mr\/?author=12"}]}},"_links":{"self":[{"href":"https:\/\/lequotidien.mr\/index.php?rest_route=\/wp\/v2\/posts\/31731","targetHints":{"allow":["GET"]}}],"collection":[{"href":"https:\/\/lequotidien.mr\/index.php?rest_route=\/wp\/v2\/posts"}],"about":[{"href":"https:\/\/lequotidien.mr\/index.php?rest_route=\/wp\/v2\/types\/post"}],"author":[{"embeddable":true,"href":"https:\/\/lequotidien.mr\/index.php?rest_route=\/wp\/v2\/users\/12"}],"replies":[{"embeddable":true,"href":"https:\/\/lequotidien.mr\/index.php?rest_route=%2Fwp%2Fv2%2Fcomments&post=31731"}],"version-history":[{"count":1,"href":"https:\/\/lequotidien.mr\/index.php?rest_route=\/wp\/v2\/posts\/31731\/revisions"}],"predecessor-version":[{"id":31733,"href":"https:\/\/lequotidien.mr\/index.php?rest_route=\/wp\/v2\/posts\/31731\/revisions\/31733"}],"wp:featuredmedia":[{"embeddable":true,"href":"https:\/\/lequotidien.mr\/index.php?rest_route=\/wp\/v2\/media\/31732"}],"wp:attachment":[{"href":"https:\/\/lequotidien.mr\/index.php?rest_route=%2Fwp%2Fv2%2Fmedia&parent=31731"}],"wp:term":[{"taxonomy":"category","embeddable":true,"href":"https:\/\/lequotidien.mr\/index.php?rest_route=%2Fwp%2Fv2%2Fcategories&post=31731"},{"taxonomy":"post_tag","embeddable":true,"href":"https:\/\/lequotidien.mr\/index.php?rest_route=%2Fwp%2Fv2%2Ftags&post=31731"}],"curies":[{"name":"wp","href":"https:\/\/api.w.org\/{rel}","templated":true}]}}