{"id":31723,"date":"2025-10-18T23:55:28","date_gmt":"2025-10-18T23:55:28","guid":{"rendered":"https:\/\/lequotidien.mr\/?p=31723"},"modified":"2025-10-18T23:55:28","modified_gmt":"2025-10-18T23:55:28","slug":"la-mauritanie-renforce-son-partenariat-avec-la-banque-mondiale-des-discussions-de-haut-niveau-a-washington","status":"publish","type":"post","link":"https:\/\/lequotidien.mr\/?p=31723&lang=fr","title":{"rendered":"La Mauritanie renforce son partenariat avec la Banque mondiale : Des discussions de haut niveau \u00e0 Washington"},"content":{"rendered":"<p>Dans le cadre de sa participation aux <strong data-start=\"152\" data-end=\"250\">assembl\u00e9es annuelles du Groupe de la Banque mondiale et du Fonds mon\u00e9taire international (FMI)<\/strong>, la <strong data-start=\"255\" data-end=\"283\">d\u00e9l\u00e9gation mauritanienne<\/strong>, conduite par le <strong data-start=\"301\" data-end=\"358\">Ministre des Affaires \u00c9conomiques et du D\u00e9veloppement<\/strong>, M. <strong data-start=\"363\" data-end=\"401\">Abdellahi Souleymane Cheikh Sidiya<\/strong>, a tenu jeudi \u00e0 Washington des <strong data-start=\"433\" data-end=\"461\">discussions strat\u00e9giques<\/strong> avec le <strong data-start=\"470\" data-end=\"530\">Vice-pr\u00e9sident de la Banque mondiale charg\u00e9 de l\u2019Afrique de l\u2019Ouest et du Centre<\/strong>, M. <strong data-start=\"535\" data-end=\"551\">Ousmane Diagana<\/strong>.<\/p>\n<p data-start=\"554\" data-end=\"811\">La rencontre s\u2019est d\u00e9roul\u00e9e en pr\u00e9sence de plusieurs hauts responsables mauritaniens, notamment le <strong data-start=\"653\" data-end=\"692\">ministre de l\u2019\u00c9nergie et du P\u00e9trole<\/strong>, M. <strong data-start=\"697\" data-end=\"715\">Mohamed Khaled<\/strong>, ainsi que le <strong data-start=\"730\" data-end=\"780\">gouverneur de la Banque Centrale de Mauritanie<\/strong>, M. <strong data-start=\"785\" data-end=\"810\">Mohamed Lemine Dhehbi<\/strong>.<\/p>\n<p><strong>Une coop\u00e9ration en \u00e9volution constante<\/strong><\/p>\n<p data-start=\"862\" data-end=\"1024\">Ces \u00e9changes ont port\u00e9 sur <strong data-start=\"889\" data-end=\"942\">les moyens de renforcer la coop\u00e9ration bilat\u00e9rale<\/strong> dans divers secteurs du d\u00e9veloppement, en mettant particuli\u00e8rement l\u2019accent sur :<\/p>\n<p data-start=\"1028\" data-end=\"1089\"><strong data-start=\"1028\" data-end=\"1087\">&#8211;<\/strong><strong>L\u2019acc\u00e9l\u00e9ration de la mise en \u0153uvre des projets en cours<\/strong> ;<\/p>\n<p data-start=\"1092\" data-end=\"1149\"><strong data-start=\"1092\" data-end=\"1147\">&#8211;<\/strong><strong>La r\u00e9vision du portefeuille de coop\u00e9ration existant<\/strong> ;<\/p>\n<p data-start=\"1152\" data-end=\"1215\"><strong data-start=\"1152\" data-end=\"1213\">&#8211;<\/strong><strong>L\u2019\u00e9largissement des domaines de financement concessionnel<\/strong> ;<\/p>\n<p data-start=\"1218\" data-end=\"1292\"><strong data-start=\"1218\" data-end=\"1263\">&#8211;<\/strong><strong>Le renforcement de l\u2019assistance technique<\/strong> aux institutions nationales.<\/p>\n<p data-start=\"1294\" data-end=\"1579\">Les discussions s\u2019inscrivent dans une dynamique de <strong data-start=\"1345\" data-end=\"1365\">dialogue continu<\/strong> entre la Mauritanie et la Banque mondiale, visant \u00e0 <strong data-start=\"1418\" data-end=\"1476\">am\u00e9liorer l\u2019efficacit\u00e9 des programmes de d\u00e9veloppement<\/strong> et \u00e0 <strong data-start=\"1482\" data-end=\"1534\">soutenir les r\u00e9formes \u00e9conomiques et financi\u00e8res<\/strong> entreprises par le gouvernement mauritanien.<\/p>\n<p><strong>Priorit\u00e9s nationales : infrastructures, \u00e9nergie, eau, \u00e9ducation et ruralit\u00e9<\/strong><\/p>\n<p data-start=\"1667\" data-end=\"1789\">La d\u00e9l\u00e9gation mauritanienne a mis en avant les <strong data-start=\"1714\" data-end=\"1740\">priorit\u00e9s strat\u00e9giques<\/strong> du pays en mati\u00e8re de d\u00e9veloppement, notamment :<\/p>\n<p data-start=\"1793\" data-end=\"1818\"><strong data-start=\"1793\" data-end=\"1816\">&#8211;<\/strong><strong>Les infrastructures<\/strong> ;<\/p>\n<p data-start=\"1821\" data-end=\"1866\"><strong data-start=\"1821\" data-end=\"1864\">&#8211;<\/strong><strong>Le d\u00e9veloppement du secteur \u00e9nerg\u00e9tique<\/strong> ;<\/p>\n<p data-start=\"1869\" data-end=\"1898\"><strong data-start=\"1869\" data-end=\"1896\">&#8211;<\/strong><strong>L\u2019acc\u00e8s \u00e0 l\u2019eau potable<\/strong> ;<\/p>\n<p data-start=\"1901\" data-end=\"1941\"><strong data-start=\"1901\" data-end=\"1939\">&#8211;<\/strong><strong>L\u2019am\u00e9lioration du syst\u00e8me \u00e9ducatif<\/strong> ;<\/p>\n<p data-start=\"1944\" data-end=\"1984\"><strong data-start=\"1944\" data-end=\"1983\">&#8211;<\/strong><strong>La promotion du d\u00e9veloppement rural<\/strong>.<\/p>\n<p data-start=\"1986\" data-end=\"2194\">Dans cette optique, les deux parties ont convenu de <strong data-start=\"2038\" data-end=\"2077\">renforcer la coordination conjointe<\/strong> afin de garantir un impact tangible sur le terrain, en particulier pour les projets financ\u00e9s par la Banque mondiale.<\/p>\n<p><strong>Une relation de confiance au service de la croissance inclusive<\/strong><\/p>\n<p data-start=\"2270\" data-end=\"2659\">La Banque mondiale demeure un <strong data-start=\"2300\" data-end=\"2347\">partenaire cl\u00e9 du d\u00e9veloppement mauritanien<\/strong>, soutenant des <strong data-start=\"2363\" data-end=\"2387\">projets structurants<\/strong> qui visent \u00e0 renforcer la croissance inclusive, am\u00e9liorer l\u2019acc\u00e8s aux services de base, et <strong data-start=\"2479\" data-end=\"2520\">lutter contre les in\u00e9galit\u00e9s sociales<\/strong>. Son appui couvre \u00e9galement des domaines essentiels comme la <strong data-start=\"2582\" data-end=\"2604\">protection sociale<\/strong>, l\u2019<strong data-start=\"2608\" data-end=\"2625\">\u00e9nergie verte<\/strong>, et la <strong data-start=\"2633\" data-end=\"2658\">r\u00e9silience climatique<\/strong>.<\/p>\n<p>Outre les ministres pr\u00e9sents, la d\u00e9l\u00e9gation comprenait \u00e9galement : Mme <strong data-start=\"2789\" data-end=\"2804\">Ciss\u00e9 Boida<\/strong>, ambassadrice de Mauritanie \u00e0 Washington ; M. <strong data-start=\"2853\" data-end=\"2868\">Samba Thiam<\/strong>, ambassadeur itin\u00e9rant ; M. <strong data-start=\"2899\" data-end=\"2917\">El Hassen Zein<\/strong>, conseiller \u00e0 la pr\u00e9sidence de la R\u00e9publique ; M. <strong data-start=\"2970\" data-end=\"2996\">Mohamed Lemine Raghani<\/strong>, conseiller au Premier Minist\u00e8re ; et M. <strong data-start=\"3037\" data-end=\"3059\">Mohamed Salem Nani<\/strong>, directeur g\u00e9n\u00e9ral des financements et de la coop\u00e9ration \u00e9conomique au minist\u00e8re des Affaires \u00e9conomiques et du D\u00e9veloppement.<\/p>\n<p>Du c\u00f4t\u00e9 de la Banque mondiale, M. Ousmane Diagana. \u00e9tait entour\u00e9 de <strong data-start=\"3252\" data-end=\"3282\">directeurs de d\u00e9partements<\/strong> ainsi que de repr\u00e9sentants de la <strong data-start=\"3316\" data-end=\"3359\">Soci\u00e9t\u00e9 Financi\u00e8re Internationale (IFC)<\/strong> et de l\u2019<strong data-start=\"3368\" data-end=\"3431\">Agence Multilat\u00e9rale de Garantie des Investissements (MIGA)<\/strong>.<\/p>\n<p><strong>Vers une intensification du partenariat<\/strong><\/p>\n<p data-start=\"3484\" data-end=\"3845\">Cette rencontre s\u2019inscrit dans une <strong data-start=\"3519\" data-end=\"3560\">s\u00e9rie de consultations de haut niveau<\/strong> que la d\u00e9l\u00e9gation mauritanienne m\u00e8ne en marge des assembl\u00e9es annuelles du FMI et de la Banque mondiale. Elle illustre la volont\u00e9 partag\u00e9e de faire \u00e9voluer le partenariat vers <strong data-start=\"3736\" data-end=\"3802\">plus de synergies, de r\u00e9sultats concrets et de soutien durable<\/strong> aux priorit\u00e9s nationales de d\u00e9veloppement.<\/p>\n<p data-start=\"3847\" data-end=\"4081\" data-is-last-node=\"\" data-is-only-node=\"\">\u00c0 travers ces \u00e9changes, la Mauritanie confirme son engagement \u00e0 consolider ses relations avec les institutions financi\u00e8res internationales, dans l\u2019objectif de b\u00e2tir une \u00e9conomie plus r\u00e9siliente, inclusive et tourn\u00e9e vers l\u2019avenir.<\/p>\n<p>&nbsp;<\/p>\n","protected":false},"excerpt":{"rendered":"<p>Dans le cadre de sa participation aux assembl\u00e9es annuelles du Groupe de la Banque mondiale et du Fonds mon\u00e9taire international (FMI), la d\u00e9l\u00e9gation mauritanienne, conduite par le Ministre des Affaires \u00c9conomiques et du D\u00e9veloppement, M. Abdellahi Souleymane Cheikh Sidiya, a tenu jeudi \u00e0 Washington des discussions strat\u00e9giques avec le Vice-pr\u00e9sident de la Banque mondiale charg\u00e9&#8230;..<\/p>\n","protected":false},"author":12,"featured_media":31725,"comment_status":"open","ping_status":"open","sticky":false,"template":"","format":"standard","meta":{"footnotes":""},"categories":[23,49],"tags":[],"class_list":["post-31723","post","type-post","status-publish","format-standard","has-post-thumbnail","hentry","category-actualite","category-economie"],"yoast_head":"<!-- This site is optimized with the Yoast SEO plugin v27.5 - https:\/\/yoast.com\/product\/yoast-seo-wordpress\/ -->\n<title>La Mauritanie renforce son partenariat avec la Banque mondiale : Des discussions de haut niveau \u00e0 Washington - Le Quotidien de Nouakchott<\/title>\n<meta name=\"robots\" content=\"index, follow, max-snippet:-1, max-image-preview:large, max-video-preview:-1\" \/>\n<link rel=\"canonical\" href=\"https:\/\/lequotidien.mr\/?p=31723&lang=fr\" \/>\n<meta property=\"og:locale\" content=\"ar_AR\" \/>\n<meta property=\"og:type\" content=\"article\" \/>\n<meta property=\"og:title\" content=\"La Mauritanie renforce son partenariat avec la Banque mondiale : Des discussions de haut niveau \u00e0 Washington - Le Quotidien de Nouakchott\" \/>\n<meta property=\"og:description\" content=\"Dans le cadre de sa participation aux assembl\u00e9es annuelles du Groupe de la Banque mondiale et du Fonds mon\u00e9taire international (FMI), la d\u00e9l\u00e9gation mauritanienne, conduite par le Ministre des Affaires \u00c9conomiques et du D\u00e9veloppement, M. Abdellahi Souleymane Cheikh Sidiya, a tenu jeudi \u00e0 Washington des discussions strat\u00e9giques avec le Vice-pr\u00e9sident de la Banque mondiale charg\u00e9.....\" \/>\n<meta property=\"og:url\" content=\"https:\/\/lequotidien.mr\/?p=31723&amp;lang=fr\" \/>\n<meta property=\"og:site_name\" content=\"Le Quotidien de Nouakchott\" \/>\n<meta property=\"article:publisher\" content=\"https:\/\/web.facebook.com\/lequotidienmr\" \/>\n<meta property=\"article:published_time\" content=\"2025-10-18T23:55:28+00:00\" \/>\n<meta property=\"og:image\" content=\"https:\/\/lequotidien.mr\/wp-content\/uploads\/2025\/10\/photo-delegation-RIM-BM.jpg\" \/>\n\t<meta property=\"og:image:width\" content=\"750\" \/>\n\t<meta property=\"og:image:height\" content=\"430\" \/>\n\t<meta property=\"og:image:type\" content=\"image\/jpeg\" \/>\n<meta name=\"author\" content=\"Med Ahmed\" \/>\n<meta name=\"twitter:card\" content=\"summary_large_image\" \/>\n<meta name=\"twitter:creator\" content=\"@lequotidienmr\" \/>\n<meta name=\"twitter:site\" content=\"@lequotidienmr\" \/>\n<meta name=\"twitter:label1\" content=\"\u0643\u064f\u062a\u0628 \u0628\u0648\u0627\u0633\u0637\u0629\" \/>\n\t<meta name=\"twitter:data1\" content=\"Med Ahmed\" \/>\n\t<meta name=\"twitter:label2\" content=\"\u0648\u0642\u062a \u0627\u0644\u0642\u0631\u0627\u0621\u0629 \u0627\u0644\u0645\u064f\u0642\u062f\u0651\u0631\" \/>\n\t<meta name=\"twitter:data2\" content=\"4 \u062f\u0642\u0627\u0626\u0642\" \/>\n<script type=\"application\/ld+json\" class=\"yoast-schema-graph\">{\"@context\":\"https:\\\/\\\/schema.org\",\"@graph\":[{\"@type\":\"Article\",\"@id\":\"https:\\\/\\\/lequotidien.mr\\\/?p=31723&lang=fr#article\",\"isPartOf\":{\"@id\":\"https:\\\/\\\/lequotidien.mr\\\/?p=31723&lang=fr\"},\"author\":{\"name\":\"Med Ahmed\",\"@id\":\"https:\\\/\\\/lequotidien.mr\\\/#\\\/schema\\\/person\\\/d2d350202a4d599685ed8abc25f97596\"},\"headline\":\"La Mauritanie renforce son partenariat avec la Banque mondiale : Des discussions de haut niveau \u00e0 Washington\",\"datePublished\":\"2025-10-18T23:55:28+00:00\",\"mainEntityOfPage\":{\"@id\":\"https:\\\/\\\/lequotidien.mr\\\/?p=31723&lang=fr\"},\"wordCount\":629,\"commentCount\":0,\"publisher\":{\"@id\":\"https:\\\/\\\/lequotidien.mr\\\/#organization\"},\"image\":{\"@id\":\"https:\\\/\\\/lequotidien.mr\\\/?p=31723&lang=fr#primaryimage\"},\"thumbnailUrl\":\"https:\\\/\\\/lequotidien.mr\\\/wp-content\\\/uploads\\\/2025\\\/10\\\/photo-delegation-RIM-BM.jpg\",\"articleSection\":[\"ACTUALIT\u00c9\",\"Economie\"],\"inLanguage\":\"ar\",\"potentialAction\":[{\"@type\":\"CommentAction\",\"name\":\"Comment\",\"target\":[\"https:\\\/\\\/lequotidien.mr\\\/?p=31723&lang=fr#respond\"]}]},{\"@type\":\"WebPage\",\"@id\":\"https:\\\/\\\/lequotidien.mr\\\/?p=31723&lang=fr\",\"url\":\"https:\\\/\\\/lequotidien.mr\\\/?p=31723&lang=fr\",\"name\":\"La Mauritanie renforce son partenariat avec la Banque mondiale : Des discussions de haut niveau \u00e0 Washington - Le Quotidien de Nouakchott\",\"isPartOf\":{\"@id\":\"https:\\\/\\\/lequotidien.mr\\\/#website\"},\"primaryImageOfPage\":{\"@id\":\"https:\\\/\\\/lequotidien.mr\\\/?p=31723&lang=fr#primaryimage\"},\"image\":{\"@id\":\"https:\\\/\\\/lequotidien.mr\\\/?p=31723&lang=fr#primaryimage\"},\"thumbnailUrl\":\"https:\\\/\\\/lequotidien.mr\\\/wp-content\\\/uploads\\\/2025\\\/10\\\/photo-delegation-RIM-BM.jpg\",\"datePublished\":\"2025-10-18T23:55:28+00:00\",\"breadcrumb\":{\"@id\":\"https:\\\/\\\/lequotidien.mr\\\/?p=31723&lang=fr#breadcrumb\"},\"inLanguage\":\"ar\",\"potentialAction\":[{\"@type\":\"ReadAction\",\"target\":[\"https:\\\/\\\/lequotidien.mr\\\/?p=31723&lang=fr\"]}]},{\"@type\":\"ImageObject\",\"inLanguage\":\"ar\",\"@id\":\"https:\\\/\\\/lequotidien.mr\\\/?p=31723&lang=fr#primaryimage\",\"url\":\"https:\\\/\\\/lequotidien.mr\\\/wp-content\\\/uploads\\\/2025\\\/10\\\/photo-delegation-RIM-BM.jpg\",\"contentUrl\":\"https:\\\/\\\/lequotidien.mr\\\/wp-content\\\/uploads\\\/2025\\\/10\\\/photo-delegation-RIM-BM.jpg\",\"width\":750,\"height\":430},{\"@type\":\"BreadcrumbList\",\"@id\":\"https:\\\/\\\/lequotidien.mr\\\/?p=31723&lang=fr#breadcrumb\",\"itemListElement\":[{\"@type\":\"ListItem\",\"position\":1,\"name\":\"Home\",\"item\":\"https:\\\/\\\/lequotidien.mr\\\/\"},{\"@type\":\"ListItem\",\"position\":2,\"name\":\"La Mauritanie renforce son partenariat avec la Banque mondiale : Des discussions de haut niveau \u00e0 Washington\"}]},{\"@type\":\"WebSite\",\"@id\":\"https:\\\/\\\/lequotidien.mr\\\/#website\",\"url\":\"https:\\\/\\\/lequotidien.mr\\\/\",\"name\":\"Le Quotidien de Nouakchott\",\"description\":\"\u0625\u062e\u0628\u0627\u0631\u064a\u0629 \u0645\u0633\u062a\u0642\u0644\u0629 \u0644\u0644\u0623\u0646\u0628\u0627\u0621 \u0627\u0644\u0639\u0627\u0645\u0629\",\"publisher\":{\"@id\":\"https:\\\/\\\/lequotidien.mr\\\/#organization\"},\"potentialAction\":[{\"@type\":\"SearchAction\",\"target\":{\"@type\":\"EntryPoint\",\"urlTemplate\":\"https:\\\/\\\/lequotidien.mr\\\/?s={search_term_string}\"},\"query-input\":{\"@type\":\"PropertyValueSpecification\",\"valueRequired\":true,\"valueName\":\"search_term_string\"}}],\"inLanguage\":\"ar\"},{\"@type\":\"Organization\",\"@id\":\"https:\\\/\\\/lequotidien.mr\\\/#organization\",\"name\":\"Le Quotidien de Nouakchott\",\"url\":\"https:\\\/\\\/lequotidien.mr\\\/\",\"logo\":{\"@type\":\"ImageObject\",\"inLanguage\":\"ar\",\"@id\":\"https:\\\/\\\/lequotidien.mr\\\/#\\\/schema\\\/logo\\\/image\\\/\",\"url\":\"https:\\\/\\\/lequotidien.mr\\\/wp-content\\\/uploads\\\/2022\\\/11\\\/logolequotidien.jpg\",\"contentUrl\":\"https:\\\/\\\/lequotidien.mr\\\/wp-content\\\/uploads\\\/2022\\\/11\\\/logolequotidien.jpg\",\"width\":290,\"height\":65,\"caption\":\"Le Quotidien de Nouakchott\"},\"image\":{\"@id\":\"https:\\\/\\\/lequotidien.mr\\\/#\\\/schema\\\/logo\\\/image\\\/\"},\"sameAs\":[\"https:\\\/\\\/web.facebook.com\\\/lequotidienmr\",\"https:\\\/\\\/x.com\\\/lequotidienmr\"]},{\"@type\":\"Person\",\"@id\":\"https:\\\/\\\/lequotidien.mr\\\/#\\\/schema\\\/person\\\/d2d350202a4d599685ed8abc25f97596\",\"name\":\"Med Ahmed\",\"image\":{\"@type\":\"ImageObject\",\"inLanguage\":\"ar\",\"@id\":\"https:\\\/\\\/secure.gravatar.com\\\/avatar\\\/fd2acc62ed50732923d1d39c17172c9b04149f142be92310ecc69e1358f94b52?s=96&d=mm&r=g\",\"url\":\"https:\\\/\\\/secure.gravatar.com\\\/avatar\\\/fd2acc62ed50732923d1d39c17172c9b04149f142be92310ecc69e1358f94b52?s=96&d=mm&r=g\",\"contentUrl\":\"https:\\\/\\\/secure.gravatar.com\\\/avatar\\\/fd2acc62ed50732923d1d39c17172c9b04149f142be92310ecc69e1358f94b52?s=96&d=mm&r=g\",\"caption\":\"Med Ahmed\"},\"url\":\"https:\\\/\\\/lequotidien.mr\\\/?author=12\"}]}<\/script>\n<!-- \/ Yoast SEO plugin. -->","yoast_head_json":{"title":"La Mauritanie renforce son partenariat avec la Banque mondiale : Des discussions de haut niveau \u00e0 Washington - Le Quotidien de Nouakchott","robots":{"index":"index","follow":"follow","max-snippet":"max-snippet:-1","max-image-preview":"max-image-preview:large","max-video-preview":"max-video-preview:-1"},"canonical":"https:\/\/lequotidien.mr\/?p=31723&lang=fr","og_locale":"ar_AR","og_type":"article","og_title":"La Mauritanie renforce son partenariat avec la Banque mondiale : Des discussions de haut niveau \u00e0 Washington - Le Quotidien de Nouakchott","og_description":"Dans le cadre de sa participation aux assembl\u00e9es annuelles du Groupe de la Banque mondiale et du Fonds mon\u00e9taire international (FMI), la d\u00e9l\u00e9gation mauritanienne, conduite par le Ministre des Affaires \u00c9conomiques et du D\u00e9veloppement, M. Abdellahi Souleymane Cheikh Sidiya, a tenu jeudi \u00e0 Washington des discussions strat\u00e9giques avec le Vice-pr\u00e9sident de la Banque mondiale charg\u00e9.....","og_url":"https:\/\/lequotidien.mr\/?p=31723&lang=fr","og_site_name":"Le Quotidien de Nouakchott","article_publisher":"https:\/\/web.facebook.com\/lequotidienmr","article_published_time":"2025-10-18T23:55:28+00:00","og_image":[{"width":750,"height":430,"url":"https:\/\/lequotidien.mr\/wp-content\/uploads\/2025\/10\/photo-delegation-RIM-BM.jpg","type":"image\/jpeg"}],"author":"Med Ahmed","twitter_card":"summary_large_image","twitter_creator":"@lequotidienmr","twitter_site":"@lequotidienmr","twitter_misc":{"\u0643\u064f\u062a\u0628 \u0628\u0648\u0627\u0633\u0637\u0629":"Med Ahmed","\u0648\u0642\u062a \u0627\u0644\u0642\u0631\u0627\u0621\u0629 \u0627\u0644\u0645\u064f\u0642\u062f\u0651\u0631":"4 \u062f\u0642\u0627\u0626\u0642"},"schema":{"@context":"https:\/\/schema.org","@graph":[{"@type":"Article","@id":"https:\/\/lequotidien.mr\/?p=31723&lang=fr#article","isPartOf":{"@id":"https:\/\/lequotidien.mr\/?p=31723&lang=fr"},"author":{"name":"Med Ahmed","@id":"https:\/\/lequotidien.mr\/#\/schema\/person\/d2d350202a4d599685ed8abc25f97596"},"headline":"La Mauritanie renforce son partenariat avec la Banque mondiale : Des discussions de haut niveau \u00e0 Washington","datePublished":"2025-10-18T23:55:28+00:00","mainEntityOfPage":{"@id":"https:\/\/lequotidien.mr\/?p=31723&lang=fr"},"wordCount":629,"commentCount":0,"publisher":{"@id":"https:\/\/lequotidien.mr\/#organization"},"image":{"@id":"https:\/\/lequotidien.mr\/?p=31723&lang=fr#primaryimage"},"thumbnailUrl":"https:\/\/lequotidien.mr\/wp-content\/uploads\/2025\/10\/photo-delegation-RIM-BM.jpg","articleSection":["ACTUALIT\u00c9","Economie"],"inLanguage":"ar","potentialAction":[{"@type":"CommentAction","name":"Comment","target":["https:\/\/lequotidien.mr\/?p=31723&lang=fr#respond"]}]},{"@type":"WebPage","@id":"https:\/\/lequotidien.mr\/?p=31723&lang=fr","url":"https:\/\/lequotidien.mr\/?p=31723&lang=fr","name":"La Mauritanie renforce son partenariat avec la Banque mondiale : Des discussions de haut niveau \u00e0 Washington - Le Quotidien de Nouakchott","isPartOf":{"@id":"https:\/\/lequotidien.mr\/#website"},"primaryImageOfPage":{"@id":"https:\/\/lequotidien.mr\/?p=31723&lang=fr#primaryimage"},"image":{"@id":"https:\/\/lequotidien.mr\/?p=31723&lang=fr#primaryimage"},"thumbnailUrl":"https:\/\/lequotidien.mr\/wp-content\/uploads\/2025\/10\/photo-delegation-RIM-BM.jpg","datePublished":"2025-10-18T23:55:28+00:00","breadcrumb":{"@id":"https:\/\/lequotidien.mr\/?p=31723&lang=fr#breadcrumb"},"inLanguage":"ar","potentialAction":[{"@type":"ReadAction","target":["https:\/\/lequotidien.mr\/?p=31723&lang=fr"]}]},{"@type":"ImageObject","inLanguage":"ar","@id":"https:\/\/lequotidien.mr\/?p=31723&lang=fr#primaryimage","url":"https:\/\/lequotidien.mr\/wp-content\/uploads\/2025\/10\/photo-delegation-RIM-BM.jpg","contentUrl":"https:\/\/lequotidien.mr\/wp-content\/uploads\/2025\/10\/photo-delegation-RIM-BM.jpg","width":750,"height":430},{"@type":"BreadcrumbList","@id":"https:\/\/lequotidien.mr\/?p=31723&lang=fr#breadcrumb","itemListElement":[{"@type":"ListItem","position":1,"name":"Home","item":"https:\/\/lequotidien.mr\/"},{"@type":"ListItem","position":2,"name":"La Mauritanie renforce son partenariat avec la Banque mondiale : Des discussions de haut niveau \u00e0 Washington"}]},{"@type":"WebSite","@id":"https:\/\/lequotidien.mr\/#website","url":"https:\/\/lequotidien.mr\/","name":"Le Quotidien de Nouakchott","description":"\u0625\u062e\u0628\u0627\u0631\u064a\u0629 \u0645\u0633\u062a\u0642\u0644\u0629 \u0644\u0644\u0623\u0646\u0628\u0627\u0621 \u0627\u0644\u0639\u0627\u0645\u0629","publisher":{"@id":"https:\/\/lequotidien.mr\/#organization"},"potentialAction":[{"@type":"SearchAction","target":{"@type":"EntryPoint","urlTemplate":"https:\/\/lequotidien.mr\/?s={search_term_string}"},"query-input":{"@type":"PropertyValueSpecification","valueRequired":true,"valueName":"search_term_string"}}],"inLanguage":"ar"},{"@type":"Organization","@id":"https:\/\/lequotidien.mr\/#organization","name":"Le Quotidien de Nouakchott","url":"https:\/\/lequotidien.mr\/","logo":{"@type":"ImageObject","inLanguage":"ar","@id":"https:\/\/lequotidien.mr\/#\/schema\/logo\/image\/","url":"https:\/\/lequotidien.mr\/wp-content\/uploads\/2022\/11\/logolequotidien.jpg","contentUrl":"https:\/\/lequotidien.mr\/wp-content\/uploads\/2022\/11\/logolequotidien.jpg","width":290,"height":65,"caption":"Le Quotidien de Nouakchott"},"image":{"@id":"https:\/\/lequotidien.mr\/#\/schema\/logo\/image\/"},"sameAs":["https:\/\/web.facebook.com\/lequotidienmr","https:\/\/x.com\/lequotidienmr"]},{"@type":"Person","@id":"https:\/\/lequotidien.mr\/#\/schema\/person\/d2d350202a4d599685ed8abc25f97596","name":"Med Ahmed","image":{"@type":"ImageObject","inLanguage":"ar","@id":"https:\/\/secure.gravatar.com\/avatar\/fd2acc62ed50732923d1d39c17172c9b04149f142be92310ecc69e1358f94b52?s=96&d=mm&r=g","url":"https:\/\/secure.gravatar.com\/avatar\/fd2acc62ed50732923d1d39c17172c9b04149f142be92310ecc69e1358f94b52?s=96&d=mm&r=g","contentUrl":"https:\/\/secure.gravatar.com\/avatar\/fd2acc62ed50732923d1d39c17172c9b04149f142be92310ecc69e1358f94b52?s=96&d=mm&r=g","caption":"Med Ahmed"},"url":"https:\/\/lequotidien.mr\/?author=12"}]}},"_links":{"self":[{"href":"https:\/\/lequotidien.mr\/index.php?rest_route=\/wp\/v2\/posts\/31723","targetHints":{"allow":["GET"]}}],"collection":[{"href":"https:\/\/lequotidien.mr\/index.php?rest_route=\/wp\/v2\/posts"}],"about":[{"href":"https:\/\/lequotidien.mr\/index.php?rest_route=\/wp\/v2\/types\/post"}],"author":[{"embeddable":true,"href":"https:\/\/lequotidien.mr\/index.php?rest_route=\/wp\/v2\/users\/12"}],"replies":[{"embeddable":true,"href":"https:\/\/lequotidien.mr\/index.php?rest_route=%2Fwp%2Fv2%2Fcomments&post=31723"}],"version-history":[{"count":1,"href":"https:\/\/lequotidien.mr\/index.php?rest_route=\/wp\/v2\/posts\/31723\/revisions"}],"predecessor-version":[{"id":31726,"href":"https:\/\/lequotidien.mr\/index.php?rest_route=\/wp\/v2\/posts\/31723\/revisions\/31726"}],"wp:featuredmedia":[{"embeddable":true,"href":"https:\/\/lequotidien.mr\/index.php?rest_route=\/wp\/v2\/media\/31725"}],"wp:attachment":[{"href":"https:\/\/lequotidien.mr\/index.php?rest_route=%2Fwp%2Fv2%2Fmedia&parent=31723"}],"wp:term":[{"taxonomy":"category","embeddable":true,"href":"https:\/\/lequotidien.mr\/index.php?rest_route=%2Fwp%2Fv2%2Fcategories&post=31723"},{"taxonomy":"post_tag","embeddable":true,"href":"https:\/\/lequotidien.mr\/index.php?rest_route=%2Fwp%2Fv2%2Ftags&post=31723"}],"curies":[{"name":"wp","href":"https:\/\/api.w.org\/{rel}","templated":true}]}}