{"id":31720,"date":"2025-10-18T23:30:35","date_gmt":"2025-10-18T23:30:35","guid":{"rendered":"https:\/\/lequotidien.mr\/?p=31720"},"modified":"2025-10-18T23:30:35","modified_gmt":"2025-10-18T23:30:35","slug":"nouakchott-sapprete-a-accueillir-la-premiere-edition-de-la-foire-internationale-du-livre-les-etageres-du-desert","status":"publish","type":"post","link":"https:\/\/lequotidien.mr\/?p=31720&lang=fr","title":{"rendered":"Nouakchott s\u2019appr\u00eate \u00e0 accueillir la premi\u00e8re \u00e9dition de la Foire internationale du livre: \u201cLes \u00e9tag\u00e8res du d\u00e9sert\u201d"},"content":{"rendered":"<p>Le <strong>ministre de la Culture, des Arts, de la Communication et des Relations avec le Parlement, porte-parole du gouvernement, M. El Houssein Meddou<\/strong>, a annonc\u00e9, lors d\u2019une conf\u00e9rence de presse tenue ce samedi \u00e0 Nouakchott, le lancement imminent de la <strong data-start=\"481\" data-end=\"551\">premi\u00e8re \u00e9dition de la Foire internationale du livre de Nouakchott<\/strong>, pr\u00e9vue du <strong data-start=\"563\" data-end=\"588\">20 au 26 octobre 2025<\/strong> sous le th\u00e8me \u00e9vocateur : <em data-start=\"615\" data-end=\"643\"><strong>\u00ab Les \u00e9tag\u00e8res du d\u00e9sert \u00bb<\/strong><\/em><strong><em>.<\/em><\/strong><\/p>\n<p data-start=\"646\" data-end=\"909\">Organis\u00e9e sous le haut patronage du <strong>Pr\u00e9sident de la R\u00e9publique, M. Mohamed Cheikh El Ghazouani<\/strong>, et plac\u00e9e sous la supervision directe du minist\u00e8re de la Culture, cette foire entend marquer une <strong data-start=\"851\" data-end=\"908\">\u00e9tape fondatrice dans le paysage culturel mauritanien<\/strong>.<\/p>\n<p><strong>Une participation internationale pour un \u00e9v\u00e9nement de grande ampleur<\/strong><\/p>\n<p data-start=\"990\" data-end=\"1237\">Le ministre a pr\u00e9cis\u00e9 que <strong data-start=\"1016\" data-end=\"1048\">plus de <\/strong><strong>80 maisons d\u2019\u00e9dition<\/strong> nationales, arabes, africaines et internationales participeront \u00e0 cette premi\u00e8re \u00e9dition, faisant de Nouakchott <strong data-start=\"1161\" data-end=\"1186\">un carrefour culturel<\/strong> entre les mondes arabe, africain et international.<\/p>\n<p data-start=\"1239\" data-end=\"1452\">L\u2019exposition, dont <strong data-start=\"1258\" data-end=\"1311\">le coup d\u2019envoi officiel sera donn\u00e9 <\/strong><strong>lundi \u00e0 16h00<\/strong> au <strong>Centre international de conf\u00e9rences \u2013 Moktar Ould Daddah<\/strong>, verra la pr\u00e9sence d\u2019une <strong data-start=\"1397\" data-end=\"1451\">d\u00e9l\u00e9gation officielle et culturelle de haut niveau<\/strong>.<\/p>\n<p><strong>Un programme riche pour c\u00e9l\u00e9brer le livre et la culture mauritanienne<\/strong><\/p>\n<p data-start=\"1534\" data-end=\"1929\">Cette foire, selon le ministre, proposera <strong data-start=\"1576\" data-end=\"1642\">des dizaines de colloques, de soir\u00e9es po\u00e9tiques et artistiques<\/strong>, mettant en lumi\u00e8re la <strong data-start=\"1666\" data-end=\"1703\">richesse du patrimoine litt\u00e9raire<\/strong> mauritanien. En parall\u00e8le, des <strong data-start=\"1735\" data-end=\"1789\">expositions d\u2019art plastique, de calligraphie arabe<\/strong>, ainsi qu\u2019un <strong data-start=\"1803\" data-end=\"1846\">pavillon sp\u00e9cialement d\u00e9di\u00e9 aux enfants<\/strong> seront am\u00e9nag\u00e9s, pour cultiver d\u00e8s le jeune \u00e2ge l\u2019amour du livre et de la lecture.<\/p>\n<p><strong>\u201cLes \u00e9tag\u00e8res du d\u00e9sert\u201d : un slogan porteur de sens<\/strong><\/p>\n<p data-start=\"1994\" data-end=\"2326\">Le choix du th\u00e8me <em data-start=\"2012\" data-end=\"2038\"><strong>\u201cLes \u00e9tag\u00e8res du d\u00e9sert\u201d<\/strong><\/em> incarne, selon M. Meddou, <strong data-start=\"2065\" data-end=\"2098\">l\u2019esprit m\u00eame de l\u2019initiative<\/strong>. Il \u00e9voque une Mauritanie qui, \u00e0 travers ses biblioth\u00e8ques historiques, a transform\u00e9 le d\u00e9sert en <strong data-start=\"2197\" data-end=\"2221\">sanctuaire du savoir<\/strong>, en <strong data-start=\"2226\" data-end=\"2256\">carrefour de civilisations<\/strong> reliant pass\u00e9 et pr\u00e9sent, Orient et Occident, Afrique et monde arabe.<\/p>\n<p data-start=\"2328\" data-end=\"2557\">L\u2019objectif d\u00e9clar\u00e9 : <strong data-start=\"2349\" data-end=\"2394\">raviver la place du livre dans la soci\u00e9t\u00e9<\/strong>, valoriser la <strong data-start=\"2409\" data-end=\"2448\">production intellectuelle nationale<\/strong>, et <strong data-start=\"2453\" data-end=\"2506\">cr\u00e9er un espace de dialogue et d\u2019\u00e9change culturel<\/strong> \u00e0 travers les g\u00e9n\u00e9rations et les \u00e9coles de pens\u00e9e.<\/p>\n<p><strong>Une politique culturelle ambitieuse<\/strong><\/p>\n<p>M. Meddou a soulign\u00e9 que cette initiative s\u2019inscrit pleinement dans <strong data-start=\"2713\" data-end=\"2767\">la vision culturelle du Pr\u00e9sident de la R\u00e9publique<\/strong>, qui consid\u00e8re la culture comme <strong data-start=\"2800\" data-end=\"2837\">un pilier du d\u00e9veloppement global<\/strong>, un levier d\u2019<strong data-start=\"2851\" data-end=\"2870\">unit\u00e9 nationale<\/strong>, et un socle pour <strong data-start=\"2889\" data-end=\"2917\">l\u2019identit\u00e9 mauritanienne<\/strong>.<\/p>\n<p data-start=\"2920\" data-end=\"3209\">La Foire internationale du livre, a-t-il d\u00e9clar\u00e9, sera <strong data-start=\"2975\" data-end=\"3005\">un rendez-vous annuel fixe<\/strong>, qui fera de Nouakchott une <strong data-start=\"3034\" data-end=\"3070\">capitale culturelle de r\u00e9f\u00e9rence<\/strong> dans les mondes arabe et africain, renouant avec le prestige historique des villes savantes comme Chinguetti, Ouadane, Tichitt et Oualata.<\/p>\n<p>Projets en cours : biblioth\u00e8ques, palais de la culture et mus\u00e9es<\/p>\n<p data-start=\"3286\" data-end=\"3408\">En r\u00e9ponse aux questions des journalistes, le ministre a \u00e9voqu\u00e9 plusieurs <strong data-start=\"3360\" data-end=\"3406\">projets structurants en mati\u00e8re culturelle<\/strong> :<\/p>\n<p data-start=\"3412\" data-end=\"3507\">-Un accord avec l\u2019\u00c9gypte pour <strong data-start=\"3441\" data-end=\"3506\">la r\u00e9cup\u00e9ration d\u2019une copie de la biblioth\u00e8que de Ould Tlamid<\/strong><\/p>\n<p data-start=\"3510\" data-end=\"3618\">-Le lancement imminent d\u2019un <strong data-start=\"3537\" data-end=\"3617\">r\u00e9seau d\u2019espaces culturels audiovisuels multilingues dans toutes les wilayas\u00a0<\/strong>;<\/p>\n<p data-start=\"3621\" data-end=\"3691\">-La <strong data-start=\"3624\" data-end=\"3653\">g\u00e9n\u00e9ralisation des mus\u00e9es<\/strong> dans toutes les capitales r\u00e9gionales\u00a0;<\/p>\n<p data-start=\"3694\" data-end=\"3911\">-Le lancement cette ann\u00e9e des <strong data-start=\"3723\" data-end=\"3774\">travaux de construction du Palais de la Culture<\/strong>, promis par le Pr\u00e9sident de la R\u00e9publique, qui fera partie int\u00e9grante du futur <strong data-start=\"3854\" data-end=\"3874\">village culturel<\/strong> situ\u00e9 \u00e0 proximit\u00e9 du Mus\u00e9e national\u00a0;<\/p>\n<p data-start=\"3913\" data-end=\"4104\">-Le ministre a \u00e9galement mentionn\u00e9 un programme de <strong data-start=\"3963\" data-end=\"4023\">r\u00e9habilitation et de promotion des biblioth\u00e8ques locales<\/strong>, notamment \u00e0 travers la <strong data-start=\"4048\" data-end=\"4074\">Biblioth\u00e8que nationale<\/strong>, qui verra son r\u00f4le renforc\u00e9.<\/p>\n<p><strong>Acc\u00e8s facilit\u00e9 et soutien aux m\u00e9dias<\/strong><\/p>\n<p data-start=\"4153\" data-end=\"4440\">Concernant l\u2019acc\u00e8s \u00e0 l\u2019\u00e9v\u00e9nement, M. Meddou a assur\u00e9 que toutes les <strong data-start=\"4221\" data-end=\"4260\">facilit\u00e9s techniques et logistiques<\/strong> seront mises \u00e0 la disposition du public et des journalistes. Un <strong data-start=\"4325\" data-end=\"4348\">centre m\u00e9dias d\u00e9di\u00e9<\/strong> sera install\u00e9 pour fournir toutes les informations et garantir une <strong data-start=\"4416\" data-end=\"4439\">couverture optimale<\/strong>.<\/p>\n<p>Enfin, le ministre a lanc\u00e9 un <strong data-start=\"4539\" data-end=\"4593\">appel solennel \u00e0 l\u2019ensemble des \u00e9lites culturelles<\/strong>, \u00e9crivains, universitaires, artistes et journalistes pour <strong data-start=\"4652\" data-end=\"4694\">accompagner cette grande f\u00eate du livre<\/strong>, qu\u2019il a qualifi\u00e9e de <strong data-start=\"4717\" data-end=\"4773\">tournant qualitatif dans la vie culturelle nationale<\/strong>. Il a soulign\u00e9 l\u2019importance d\u2019un suivi m\u00e9diatique cons\u00e9quent, \u00e0 la hauteur de l\u2019ambition de l\u2019\u00e9v\u00e9nement et de l\u2019h\u00e9ritage culturel mauritanien.<\/p>\n<p>Avec cette premi\u00e8re \u00e9dition de la Foire internationale du livre de Nouakchott, la Mauritanie fait un pas important vers la revalorisation de sa culture \u00e9crite et intellectuelle, dans une dynamique d\u2019ouverture, d\u2019\u00e9change et de rayonnement r\u00e9gional et international.<\/p>\n","protected":false},"excerpt":{"rendered":"<p>Le ministre de la Culture, des Arts, de la Communication et des Relations avec le Parlement, porte-parole du gouvernement, M. El Houssein Meddou, a annonc\u00e9, lors d\u2019une conf\u00e9rence de presse tenue ce samedi \u00e0 Nouakchott, le lancement imminent de la premi\u00e8re \u00e9dition de la Foire internationale du livre de Nouakchott, pr\u00e9vue du 20 au 26&#8230;..<\/p>\n","protected":false},"author":12,"featured_media":31721,"comment_status":"open","ping_status":"open","sticky":false,"template":"","format":"standard","meta":{"footnotes":""},"categories":[23,55],"tags":[],"class_list":["post-31720","post","type-post","status-publish","format-standard","has-post-thumbnail","hentry","category-actualite","category-culture"],"yoast_head":"<!-- This site is optimized with the Yoast SEO plugin v27.5 - https:\/\/yoast.com\/product\/yoast-seo-wordpress\/ -->\n<title>Nouakchott s\u2019appr\u00eate \u00e0 accueillir la premi\u00e8re \u00e9dition de la Foire internationale du livre: \u201cLes \u00e9tag\u00e8res du d\u00e9sert\u201d - Le Quotidien de Nouakchott<\/title>\n<meta name=\"robots\" content=\"index, follow, max-snippet:-1, max-image-preview:large, max-video-preview:-1\" \/>\n<link rel=\"canonical\" href=\"https:\/\/lequotidien.mr\/?p=31720&lang=fr\" \/>\n<meta property=\"og:locale\" content=\"ar_AR\" \/>\n<meta property=\"og:type\" content=\"article\" \/>\n<meta property=\"og:title\" content=\"Nouakchott s\u2019appr\u00eate \u00e0 accueillir la premi\u00e8re \u00e9dition de la Foire internationale du livre: \u201cLes \u00e9tag\u00e8res du d\u00e9sert\u201d - Le Quotidien de Nouakchott\" \/>\n<meta property=\"og:description\" content=\"Le ministre de la Culture, des Arts, de la Communication et des Relations avec le Parlement, porte-parole du gouvernement, M. El Houssein Meddou, a annonc\u00e9, lors d\u2019une conf\u00e9rence de presse tenue ce samedi \u00e0 Nouakchott, le lancement imminent de la premi\u00e8re \u00e9dition de la Foire internationale du livre de Nouakchott, pr\u00e9vue du 20 au 26.....\" \/>\n<meta property=\"og:url\" content=\"https:\/\/lequotidien.mr\/?p=31720&amp;lang=fr\" \/>\n<meta property=\"og:site_name\" content=\"Le Quotidien de Nouakchott\" \/>\n<meta property=\"article:publisher\" content=\"https:\/\/web.facebook.com\/lequotidienmr\" \/>\n<meta property=\"article:published_time\" content=\"2025-10-18T23:30:35+00:00\" \/>\n<meta property=\"og:image\" content=\"https:\/\/lequotidien.mr\/wp-content\/uploads\/2025\/10\/photo-foire-du-livre.jpg\" \/>\n\t<meta property=\"og:image:width\" content=\"750\" \/>\n\t<meta property=\"og:image:height\" content=\"430\" \/>\n\t<meta property=\"og:image:type\" content=\"image\/jpeg\" \/>\n<meta name=\"author\" content=\"Med Ahmed\" \/>\n<meta name=\"twitter:card\" content=\"summary_large_image\" \/>\n<meta name=\"twitter:creator\" content=\"@lequotidienmr\" \/>\n<meta name=\"twitter:site\" content=\"@lequotidienmr\" \/>\n<meta name=\"twitter:label1\" content=\"\u0643\u064f\u062a\u0628 \u0628\u0648\u0627\u0633\u0637\u0629\" \/>\n\t<meta name=\"twitter:data1\" content=\"Med Ahmed\" \/>\n\t<meta name=\"twitter:label2\" content=\"\u0648\u0642\u062a \u0627\u0644\u0642\u0631\u0627\u0621\u0629 \u0627\u0644\u0645\u064f\u0642\u062f\u0651\u0631\" \/>\n\t<meta name=\"twitter:data2\" content=\"6 \u062f\u0642\u0627\u0626\u0642\" \/>\n<script type=\"application\/ld+json\" class=\"yoast-schema-graph\">{\"@context\":\"https:\\\/\\\/schema.org\",\"@graph\":[{\"@type\":\"Article\",\"@id\":\"https:\\\/\\\/lequotidien.mr\\\/?p=31720&lang=fr#article\",\"isPartOf\":{\"@id\":\"https:\\\/\\\/lequotidien.mr\\\/?p=31720&lang=fr\"},\"author\":{\"name\":\"Med Ahmed\",\"@id\":\"https:\\\/\\\/lequotidien.mr\\\/#\\\/schema\\\/person\\\/d2d350202a4d599685ed8abc25f97596\"},\"headline\":\"Nouakchott s\u2019appr\u00eate \u00e0 accueillir la premi\u00e8re \u00e9dition de la Foire internationale du livre: \u201cLes \u00e9tag\u00e8res du d\u00e9sert\u201d\",\"datePublished\":\"2025-10-18T23:30:35+00:00\",\"mainEntityOfPage\":{\"@id\":\"https:\\\/\\\/lequotidien.mr\\\/?p=31720&lang=fr\"},\"wordCount\":803,\"commentCount\":0,\"publisher\":{\"@id\":\"https:\\\/\\\/lequotidien.mr\\\/#organization\"},\"image\":{\"@id\":\"https:\\\/\\\/lequotidien.mr\\\/?p=31720&lang=fr#primaryimage\"},\"thumbnailUrl\":\"https:\\\/\\\/lequotidien.mr\\\/wp-content\\\/uploads\\\/2025\\\/10\\\/photo-foire-du-livre.jpg\",\"articleSection\":[\"ACTUALIT\u00c9\",\"Culture\"],\"inLanguage\":\"ar\",\"potentialAction\":[{\"@type\":\"CommentAction\",\"name\":\"Comment\",\"target\":[\"https:\\\/\\\/lequotidien.mr\\\/?p=31720&lang=fr#respond\"]}]},{\"@type\":\"WebPage\",\"@id\":\"https:\\\/\\\/lequotidien.mr\\\/?p=31720&lang=fr\",\"url\":\"https:\\\/\\\/lequotidien.mr\\\/?p=31720&lang=fr\",\"name\":\"Nouakchott s\u2019appr\u00eate \u00e0 accueillir la premi\u00e8re \u00e9dition de la Foire internationale du livre: \u201cLes \u00e9tag\u00e8res du d\u00e9sert\u201d - Le Quotidien de Nouakchott\",\"isPartOf\":{\"@id\":\"https:\\\/\\\/lequotidien.mr\\\/#website\"},\"primaryImageOfPage\":{\"@id\":\"https:\\\/\\\/lequotidien.mr\\\/?p=31720&lang=fr#primaryimage\"},\"image\":{\"@id\":\"https:\\\/\\\/lequotidien.mr\\\/?p=31720&lang=fr#primaryimage\"},\"thumbnailUrl\":\"https:\\\/\\\/lequotidien.mr\\\/wp-content\\\/uploads\\\/2025\\\/10\\\/photo-foire-du-livre.jpg\",\"datePublished\":\"2025-10-18T23:30:35+00:00\",\"breadcrumb\":{\"@id\":\"https:\\\/\\\/lequotidien.mr\\\/?p=31720&lang=fr#breadcrumb\"},\"inLanguage\":\"ar\",\"potentialAction\":[{\"@type\":\"ReadAction\",\"target\":[\"https:\\\/\\\/lequotidien.mr\\\/?p=31720&lang=fr\"]}]},{\"@type\":\"ImageObject\",\"inLanguage\":\"ar\",\"@id\":\"https:\\\/\\\/lequotidien.mr\\\/?p=31720&lang=fr#primaryimage\",\"url\":\"https:\\\/\\\/lequotidien.mr\\\/wp-content\\\/uploads\\\/2025\\\/10\\\/photo-foire-du-livre.jpg\",\"contentUrl\":\"https:\\\/\\\/lequotidien.mr\\\/wp-content\\\/uploads\\\/2025\\\/10\\\/photo-foire-du-livre.jpg\",\"width\":750,\"height\":430},{\"@type\":\"BreadcrumbList\",\"@id\":\"https:\\\/\\\/lequotidien.mr\\\/?p=31720&lang=fr#breadcrumb\",\"itemListElement\":[{\"@type\":\"ListItem\",\"position\":1,\"name\":\"Home\",\"item\":\"https:\\\/\\\/lequotidien.mr\\\/\"},{\"@type\":\"ListItem\",\"position\":2,\"name\":\"Nouakchott s\u2019appr\u00eate \u00e0 accueillir la premi\u00e8re \u00e9dition de la Foire internationale du livre: \u201cLes \u00e9tag\u00e8res du d\u00e9sert\u201d\"}]},{\"@type\":\"WebSite\",\"@id\":\"https:\\\/\\\/lequotidien.mr\\\/#website\",\"url\":\"https:\\\/\\\/lequotidien.mr\\\/\",\"name\":\"Le Quotidien de Nouakchott\",\"description\":\"\u0625\u062e\u0628\u0627\u0631\u064a\u0629 \u0645\u0633\u062a\u0642\u0644\u0629 \u0644\u0644\u0623\u0646\u0628\u0627\u0621 \u0627\u0644\u0639\u0627\u0645\u0629\",\"publisher\":{\"@id\":\"https:\\\/\\\/lequotidien.mr\\\/#organization\"},\"potentialAction\":[{\"@type\":\"SearchAction\",\"target\":{\"@type\":\"EntryPoint\",\"urlTemplate\":\"https:\\\/\\\/lequotidien.mr\\\/?s={search_term_string}\"},\"query-input\":{\"@type\":\"PropertyValueSpecification\",\"valueRequired\":true,\"valueName\":\"search_term_string\"}}],\"inLanguage\":\"ar\"},{\"@type\":\"Organization\",\"@id\":\"https:\\\/\\\/lequotidien.mr\\\/#organization\",\"name\":\"Le Quotidien de Nouakchott\",\"url\":\"https:\\\/\\\/lequotidien.mr\\\/\",\"logo\":{\"@type\":\"ImageObject\",\"inLanguage\":\"ar\",\"@id\":\"https:\\\/\\\/lequotidien.mr\\\/#\\\/schema\\\/logo\\\/image\\\/\",\"url\":\"https:\\\/\\\/lequotidien.mr\\\/wp-content\\\/uploads\\\/2022\\\/11\\\/logolequotidien.jpg\",\"contentUrl\":\"https:\\\/\\\/lequotidien.mr\\\/wp-content\\\/uploads\\\/2022\\\/11\\\/logolequotidien.jpg\",\"width\":290,\"height\":65,\"caption\":\"Le Quotidien de Nouakchott\"},\"image\":{\"@id\":\"https:\\\/\\\/lequotidien.mr\\\/#\\\/schema\\\/logo\\\/image\\\/\"},\"sameAs\":[\"https:\\\/\\\/web.facebook.com\\\/lequotidienmr\",\"https:\\\/\\\/x.com\\\/lequotidienmr\"]},{\"@type\":\"Person\",\"@id\":\"https:\\\/\\\/lequotidien.mr\\\/#\\\/schema\\\/person\\\/d2d350202a4d599685ed8abc25f97596\",\"name\":\"Med Ahmed\",\"image\":{\"@type\":\"ImageObject\",\"inLanguage\":\"ar\",\"@id\":\"https:\\\/\\\/secure.gravatar.com\\\/avatar\\\/fd2acc62ed50732923d1d39c17172c9b04149f142be92310ecc69e1358f94b52?s=96&d=mm&r=g\",\"url\":\"https:\\\/\\\/secure.gravatar.com\\\/avatar\\\/fd2acc62ed50732923d1d39c17172c9b04149f142be92310ecc69e1358f94b52?s=96&d=mm&r=g\",\"contentUrl\":\"https:\\\/\\\/secure.gravatar.com\\\/avatar\\\/fd2acc62ed50732923d1d39c17172c9b04149f142be92310ecc69e1358f94b52?s=96&d=mm&r=g\",\"caption\":\"Med Ahmed\"},\"url\":\"https:\\\/\\\/lequotidien.mr\\\/?author=12\"}]}<\/script>\n<!-- \/ Yoast SEO plugin. -->","yoast_head_json":{"title":"Nouakchott s\u2019appr\u00eate \u00e0 accueillir la premi\u00e8re \u00e9dition de la Foire internationale du livre: \u201cLes \u00e9tag\u00e8res du d\u00e9sert\u201d - Le Quotidien de Nouakchott","robots":{"index":"index","follow":"follow","max-snippet":"max-snippet:-1","max-image-preview":"max-image-preview:large","max-video-preview":"max-video-preview:-1"},"canonical":"https:\/\/lequotidien.mr\/?p=31720&lang=fr","og_locale":"ar_AR","og_type":"article","og_title":"Nouakchott s\u2019appr\u00eate \u00e0 accueillir la premi\u00e8re \u00e9dition de la Foire internationale du livre: \u201cLes \u00e9tag\u00e8res du d\u00e9sert\u201d - Le Quotidien de Nouakchott","og_description":"Le ministre de la Culture, des Arts, de la Communication et des Relations avec le Parlement, porte-parole du gouvernement, M. El Houssein Meddou, a annonc\u00e9, lors d\u2019une conf\u00e9rence de presse tenue ce samedi \u00e0 Nouakchott, le lancement imminent de la premi\u00e8re \u00e9dition de la Foire internationale du livre de Nouakchott, pr\u00e9vue du 20 au 26.....","og_url":"https:\/\/lequotidien.mr\/?p=31720&lang=fr","og_site_name":"Le Quotidien de Nouakchott","article_publisher":"https:\/\/web.facebook.com\/lequotidienmr","article_published_time":"2025-10-18T23:30:35+00:00","og_image":[{"width":750,"height":430,"url":"https:\/\/lequotidien.mr\/wp-content\/uploads\/2025\/10\/photo-foire-du-livre.jpg","type":"image\/jpeg"}],"author":"Med Ahmed","twitter_card":"summary_large_image","twitter_creator":"@lequotidienmr","twitter_site":"@lequotidienmr","twitter_misc":{"\u0643\u064f\u062a\u0628 \u0628\u0648\u0627\u0633\u0637\u0629":"Med Ahmed","\u0648\u0642\u062a \u0627\u0644\u0642\u0631\u0627\u0621\u0629 \u0627\u0644\u0645\u064f\u0642\u062f\u0651\u0631":"6 \u062f\u0642\u0627\u0626\u0642"},"schema":{"@context":"https:\/\/schema.org","@graph":[{"@type":"Article","@id":"https:\/\/lequotidien.mr\/?p=31720&lang=fr#article","isPartOf":{"@id":"https:\/\/lequotidien.mr\/?p=31720&lang=fr"},"author":{"name":"Med Ahmed","@id":"https:\/\/lequotidien.mr\/#\/schema\/person\/d2d350202a4d599685ed8abc25f97596"},"headline":"Nouakchott s\u2019appr\u00eate \u00e0 accueillir la premi\u00e8re \u00e9dition de la Foire internationale du livre: \u201cLes \u00e9tag\u00e8res du d\u00e9sert\u201d","datePublished":"2025-10-18T23:30:35+00:00","mainEntityOfPage":{"@id":"https:\/\/lequotidien.mr\/?p=31720&lang=fr"},"wordCount":803,"commentCount":0,"publisher":{"@id":"https:\/\/lequotidien.mr\/#organization"},"image":{"@id":"https:\/\/lequotidien.mr\/?p=31720&lang=fr#primaryimage"},"thumbnailUrl":"https:\/\/lequotidien.mr\/wp-content\/uploads\/2025\/10\/photo-foire-du-livre.jpg","articleSection":["ACTUALIT\u00c9","Culture"],"inLanguage":"ar","potentialAction":[{"@type":"CommentAction","name":"Comment","target":["https:\/\/lequotidien.mr\/?p=31720&lang=fr#respond"]}]},{"@type":"WebPage","@id":"https:\/\/lequotidien.mr\/?p=31720&lang=fr","url":"https:\/\/lequotidien.mr\/?p=31720&lang=fr","name":"Nouakchott s\u2019appr\u00eate \u00e0 accueillir la premi\u00e8re \u00e9dition de la Foire internationale du livre: \u201cLes \u00e9tag\u00e8res du d\u00e9sert\u201d - Le Quotidien de Nouakchott","isPartOf":{"@id":"https:\/\/lequotidien.mr\/#website"},"primaryImageOfPage":{"@id":"https:\/\/lequotidien.mr\/?p=31720&lang=fr#primaryimage"},"image":{"@id":"https:\/\/lequotidien.mr\/?p=31720&lang=fr#primaryimage"},"thumbnailUrl":"https:\/\/lequotidien.mr\/wp-content\/uploads\/2025\/10\/photo-foire-du-livre.jpg","datePublished":"2025-10-18T23:30:35+00:00","breadcrumb":{"@id":"https:\/\/lequotidien.mr\/?p=31720&lang=fr#breadcrumb"},"inLanguage":"ar","potentialAction":[{"@type":"ReadAction","target":["https:\/\/lequotidien.mr\/?p=31720&lang=fr"]}]},{"@type":"ImageObject","inLanguage":"ar","@id":"https:\/\/lequotidien.mr\/?p=31720&lang=fr#primaryimage","url":"https:\/\/lequotidien.mr\/wp-content\/uploads\/2025\/10\/photo-foire-du-livre.jpg","contentUrl":"https:\/\/lequotidien.mr\/wp-content\/uploads\/2025\/10\/photo-foire-du-livre.jpg","width":750,"height":430},{"@type":"BreadcrumbList","@id":"https:\/\/lequotidien.mr\/?p=31720&lang=fr#breadcrumb","itemListElement":[{"@type":"ListItem","position":1,"name":"Home","item":"https:\/\/lequotidien.mr\/"},{"@type":"ListItem","position":2,"name":"Nouakchott s\u2019appr\u00eate \u00e0 accueillir la premi\u00e8re \u00e9dition de la Foire internationale du livre: \u201cLes \u00e9tag\u00e8res du d\u00e9sert\u201d"}]},{"@type":"WebSite","@id":"https:\/\/lequotidien.mr\/#website","url":"https:\/\/lequotidien.mr\/","name":"Le Quotidien de Nouakchott","description":"\u0625\u062e\u0628\u0627\u0631\u064a\u0629 \u0645\u0633\u062a\u0642\u0644\u0629 \u0644\u0644\u0623\u0646\u0628\u0627\u0621 \u0627\u0644\u0639\u0627\u0645\u0629","publisher":{"@id":"https:\/\/lequotidien.mr\/#organization"},"potentialAction":[{"@type":"SearchAction","target":{"@type":"EntryPoint","urlTemplate":"https:\/\/lequotidien.mr\/?s={search_term_string}"},"query-input":{"@type":"PropertyValueSpecification","valueRequired":true,"valueName":"search_term_string"}}],"inLanguage":"ar"},{"@type":"Organization","@id":"https:\/\/lequotidien.mr\/#organization","name":"Le Quotidien de Nouakchott","url":"https:\/\/lequotidien.mr\/","logo":{"@type":"ImageObject","inLanguage":"ar","@id":"https:\/\/lequotidien.mr\/#\/schema\/logo\/image\/","url":"https:\/\/lequotidien.mr\/wp-content\/uploads\/2022\/11\/logolequotidien.jpg","contentUrl":"https:\/\/lequotidien.mr\/wp-content\/uploads\/2022\/11\/logolequotidien.jpg","width":290,"height":65,"caption":"Le Quotidien de Nouakchott"},"image":{"@id":"https:\/\/lequotidien.mr\/#\/schema\/logo\/image\/"},"sameAs":["https:\/\/web.facebook.com\/lequotidienmr","https:\/\/x.com\/lequotidienmr"]},{"@type":"Person","@id":"https:\/\/lequotidien.mr\/#\/schema\/person\/d2d350202a4d599685ed8abc25f97596","name":"Med Ahmed","image":{"@type":"ImageObject","inLanguage":"ar","@id":"https:\/\/secure.gravatar.com\/avatar\/fd2acc62ed50732923d1d39c17172c9b04149f142be92310ecc69e1358f94b52?s=96&d=mm&r=g","url":"https:\/\/secure.gravatar.com\/avatar\/fd2acc62ed50732923d1d39c17172c9b04149f142be92310ecc69e1358f94b52?s=96&d=mm&r=g","contentUrl":"https:\/\/secure.gravatar.com\/avatar\/fd2acc62ed50732923d1d39c17172c9b04149f142be92310ecc69e1358f94b52?s=96&d=mm&r=g","caption":"Med Ahmed"},"url":"https:\/\/lequotidien.mr\/?author=12"}]}},"_links":{"self":[{"href":"https:\/\/lequotidien.mr\/index.php?rest_route=\/wp\/v2\/posts\/31720","targetHints":{"allow":["GET"]}}],"collection":[{"href":"https:\/\/lequotidien.mr\/index.php?rest_route=\/wp\/v2\/posts"}],"about":[{"href":"https:\/\/lequotidien.mr\/index.php?rest_route=\/wp\/v2\/types\/post"}],"author":[{"embeddable":true,"href":"https:\/\/lequotidien.mr\/index.php?rest_route=\/wp\/v2\/users\/12"}],"replies":[{"embeddable":true,"href":"https:\/\/lequotidien.mr\/index.php?rest_route=%2Fwp%2Fv2%2Fcomments&post=31720"}],"version-history":[{"count":1,"href":"https:\/\/lequotidien.mr\/index.php?rest_route=\/wp\/v2\/posts\/31720\/revisions"}],"predecessor-version":[{"id":31722,"href":"https:\/\/lequotidien.mr\/index.php?rest_route=\/wp\/v2\/posts\/31720\/revisions\/31722"}],"wp:featuredmedia":[{"embeddable":true,"href":"https:\/\/lequotidien.mr\/index.php?rest_route=\/wp\/v2\/media\/31721"}],"wp:attachment":[{"href":"https:\/\/lequotidien.mr\/index.php?rest_route=%2Fwp%2Fv2%2Fmedia&parent=31720"}],"wp:term":[{"taxonomy":"category","embeddable":true,"href":"https:\/\/lequotidien.mr\/index.php?rest_route=%2Fwp%2Fv2%2Fcategories&post=31720"},{"taxonomy":"post_tag","embeddable":true,"href":"https:\/\/lequotidien.mr\/index.php?rest_route=%2Fwp%2Fv2%2Ftags&post=31720"}],"curies":[{"name":"wp","href":"https:\/\/api.w.org\/{rel}","templated":true}]}}