{"id":31673,"date":"2025-10-15T21:57:35","date_gmt":"2025-10-15T21:57:35","guid":{"rendered":"https:\/\/lequotidien.mr\/?p=31673"},"modified":"2025-10-15T21:57:35","modified_gmt":"2025-10-15T21:57:35","slug":"washington-la-mauritanie-renforce-son-partenariat-avec-la-banque-mondiale-en-mettant-en-avant-ses-priorites-de-developpement","status":"publish","type":"post","link":"https:\/\/lequotidien.mr\/?p=31673&lang=fr","title":{"rendered":"Washington : La Mauritanie renforce son partenariat avec la Banque Mondiale en mettant en avant ses priorit\u00e9s de d\u00e9veloppement"},"content":{"rendered":"<p>En marge des Assembl\u00e9es annuelles du Groupe de la Banque mondiale (BM) et du Fonds mon\u00e9taire international (FMI), une d\u00e9l\u00e9gation mauritanienne de haut niveau, conduite par le <strong>ministre des Affaires \u00e9conomiques et du D\u00e9veloppement, M. Abdallahi Souleymane Cheikh Sidiya<\/strong>, et le <strong>gouverneur<\/strong> <strong>de la Banque centrale de Mauritanie (BCM), M. Mohamed Lemine Dhehbi<\/strong>, s\u2019est entretenue ce mardi avec <strong>M. Harold Tavares, l\u2019administrateur repr\u00e9sentant le Groupe africain II au Conseil d\u2019administration de la Banque mondiale.<\/strong><\/p>\n<p>Cette rencontre strat\u00e9gique, qui a rassembl\u00e9 un groupe influent de 23 pays dont la Mauritanie, visait \u00e0 consolider le partenariat de d\u00e9veloppement entre Nouakchott et l\u2019institution financi\u00e8re internationale.<\/p>\n<p><strong>Les priorit\u00e9s de d\u00e9veloppement national au c\u0153ur des discussions<\/strong><\/p>\n<p>Les \u00e9changes ont port\u00e9 sur l\u2019agenda \u00e9conomique et social de la Mauritanie, avec un focus sur les domaines prioritaires identifi\u00e9s par les autorit\u00e9s nationales. Les discussions ont ainsi approfondi plusieurs axes majeurs, notamment :<\/p>\n<p><strong>-La cr\u00e9ation d\u2019emplois<\/strong> et l\u2019ouverture de nouvelles perspectives pour la jeunesse\u00a0;<\/p>\n<p><strong>-La promotion et le soutien au secteur priv\u00e9<\/strong> en tant que moteur de croissance\u00a0;<\/p>\n<p><strong>-Le d\u00e9veloppement strat\u00e9gique des infrastructures<\/strong>\u00a0;<\/p>\n<p><strong>-La poursuite des programmes de d\u00e9veloppement du capital humain\u00a0;<\/strong><\/p>\n<p><strong>-La r\u00e9forme des finances publiques<\/strong> pour une gestion plus efficiente\u00a0;<\/p>\n<p><strong>-L\u2019\u00e9largissement de l\u2019inclusion financi\u00e8re<\/strong> pour une prosp\u00e9rit\u00e9 partag\u00e9e.<\/p>\n<p><strong>Acc\u00e9l\u00e9rer les r\u00e9formes et mobiliser les financements<\/strong><\/p>\n<p>Au-del\u00e0 de la revue des priorit\u00e9s, la r\u00e9union a \u00e9t\u00e9 l\u2019occasion d\u2019\u00e9voquer les moyens concrets pour donner une nouvelle impulsion \u00e0 la coop\u00e9ration. Les participants se sont pench\u00e9s sur les leviers pour\u00a0<strong>acc\u00e9l\u00e9rer les r\u00e9formes<\/strong>\u00a0visant \u00e0\u00a0<strong>am\u00e9liorer le climat des affaires<\/strong>, reconnu comme essentiel pour attirer les investissements.<\/p>\n<p>Un point crucial a \u00e9galement \u00e9t\u00e9 la\u00a0<strong>mobilisation de financements concessionnels<\/strong>\u00a0n\u00e9cessaires pour soutenir une croissance durable et g\u00e9n\u00e9ratrice d&#8217;emplois. Le renforcement de l\u2019appui technique et la mobilisation des outils et de l\u2019expertise de la Banque mondiale en faveur de la Mauritanie ont \u00e9galement figur\u00e9 en bonne place dans l\u2019ordre du jour.<\/p>\n<p>Aux c\u00f4t\u00e9s des deux chefs de d\u00e9l\u00e9gation, la repr\u00e9sentation mauritanienne comprenait des personnalit\u00e9s cl\u00e9s, refl\u00e9tant l&#8217;importance accord\u00e9e \u00e0 cette rencontre : M. Hassan Zein, conseiller \u00e0 la Pr\u00e9sidence de la R\u00e9publique ; M. Mohamed Lemine Raghani, conseiller \u00e9conomique du Premier ministre ; M. Samba Thiam, ambassadeur itin\u00e9rant ; et M. Mohamed Salem Nani, directeur g\u00e9n\u00e9ral du financement et de la coop\u00e9ration \u00e9conomique au minist\u00e8re de l\u2019\u00c9conomie.<\/p>\n<p>Cette rencontre \u00e0 Washington souligne la dynamique engag\u00e9e par la Mauritanie pour renforcer ses alliances strat\u00e9giques avec les partenaires financiers internationaux, en alignement avec ses objectifs nationaux de d\u00e9veloppement \u00e9conomique et social.<\/p>\n<h1><\/h1>\n<h1><\/h1>\n","protected":false},"excerpt":{"rendered":"<p>En marge des Assembl\u00e9es annuelles du Groupe de la Banque mondiale (BM) et du Fonds mon\u00e9taire international (FMI), une d\u00e9l\u00e9gation mauritanienne de haut niveau, conduite par le ministre des Affaires \u00e9conomiques et du D\u00e9veloppement, M. Abdallahi Souleymane Cheikh Sidiya, et le gouverneur de la Banque centrale de Mauritanie (BCM), M. Mohamed Lemine Dhehbi, s\u2019est entretenue&#8230;..<\/p>\n","protected":false},"author":12,"featured_media":31674,"comment_status":"open","ping_status":"open","sticky":false,"template":"","format":"standard","meta":{"footnotes":""},"categories":[23,49],"tags":[],"class_list":["post-31673","post","type-post","status-publish","format-standard","has-post-thumbnail","hentry","category-actualite","category-economie"],"yoast_head":"<!-- This site is optimized with the Yoast SEO plugin v27.5 - https:\/\/yoast.com\/product\/yoast-seo-wordpress\/ -->\n<title>Washington : La Mauritanie renforce son partenariat avec la Banque Mondiale en mettant en avant ses priorit\u00e9s de d\u00e9veloppement - Le Quotidien de Nouakchott<\/title>\n<meta name=\"robots\" content=\"index, follow, max-snippet:-1, max-image-preview:large, max-video-preview:-1\" \/>\n<link rel=\"canonical\" href=\"https:\/\/lequotidien.mr\/?p=31673&lang=fr\" \/>\n<meta property=\"og:locale\" content=\"ar_AR\" \/>\n<meta property=\"og:type\" content=\"article\" \/>\n<meta property=\"og:title\" content=\"Washington : La Mauritanie renforce son partenariat avec la Banque Mondiale en mettant en avant ses priorit\u00e9s de d\u00e9veloppement - Le Quotidien de Nouakchott\" \/>\n<meta property=\"og:description\" content=\"En marge des Assembl\u00e9es annuelles du Groupe de la Banque mondiale (BM) et du Fonds mon\u00e9taire international (FMI), une d\u00e9l\u00e9gation mauritanienne de haut niveau, conduite par le ministre des Affaires \u00e9conomiques et du D\u00e9veloppement, M. Abdallahi Souleymane Cheikh Sidiya, et le gouverneur de la Banque centrale de Mauritanie (BCM), M. Mohamed Lemine Dhehbi, s\u2019est entretenue.....\" \/>\n<meta property=\"og:url\" content=\"https:\/\/lequotidien.mr\/?p=31673&amp;lang=fr\" \/>\n<meta property=\"og:site_name\" content=\"Le Quotidien de Nouakchott\" \/>\n<meta property=\"article:publisher\" content=\"https:\/\/web.facebook.com\/lequotidienmr\" \/>\n<meta property=\"article:published_time\" content=\"2025-10-15T21:57:35+00:00\" \/>\n<meta property=\"og:image\" content=\"https:\/\/lequotidien.mr\/wp-content\/uploads\/2025\/10\/photo-groupe-BM.jpg\" \/>\n\t<meta property=\"og:image:width\" content=\"579\" \/>\n\t<meta property=\"og:image:height\" content=\"430\" \/>\n\t<meta property=\"og:image:type\" content=\"image\/jpeg\" \/>\n<meta name=\"author\" content=\"Med Ahmed\" \/>\n<meta name=\"twitter:card\" content=\"summary_large_image\" \/>\n<meta name=\"twitter:creator\" content=\"@lequotidienmr\" \/>\n<meta name=\"twitter:site\" content=\"@lequotidienmr\" \/>\n<meta name=\"twitter:label1\" content=\"\u0643\u064f\u062a\u0628 \u0628\u0648\u0627\u0633\u0637\u0629\" \/>\n\t<meta name=\"twitter:data1\" content=\"Med Ahmed\" \/>\n\t<meta name=\"twitter:label2\" content=\"\u0648\u0642\u062a \u0627\u0644\u0642\u0631\u0627\u0621\u0629 \u0627\u0644\u0645\u064f\u0642\u062f\u0651\u0631\" \/>\n\t<meta name=\"twitter:data2\" content=\"3 \u062f\u0642\u0627\u0626\u0642\" \/>\n<script type=\"application\/ld+json\" class=\"yoast-schema-graph\">{\"@context\":\"https:\\\/\\\/schema.org\",\"@graph\":[{\"@type\":\"Article\",\"@id\":\"https:\\\/\\\/lequotidien.mr\\\/?p=31673&lang=fr#article\",\"isPartOf\":{\"@id\":\"https:\\\/\\\/lequotidien.mr\\\/?p=31673&lang=fr\"},\"author\":{\"name\":\"Med Ahmed\",\"@id\":\"https:\\\/\\\/lequotidien.mr\\\/#\\\/schema\\\/person\\\/d2d350202a4d599685ed8abc25f97596\"},\"headline\":\"Washington : La Mauritanie renforce son partenariat avec la Banque Mondiale en mettant en avant ses priorit\u00e9s de d\u00e9veloppement\",\"datePublished\":\"2025-10-15T21:57:35+00:00\",\"mainEntityOfPage\":{\"@id\":\"https:\\\/\\\/lequotidien.mr\\\/?p=31673&lang=fr\"},\"wordCount\":488,\"commentCount\":0,\"publisher\":{\"@id\":\"https:\\\/\\\/lequotidien.mr\\\/#organization\"},\"image\":{\"@id\":\"https:\\\/\\\/lequotidien.mr\\\/?p=31673&lang=fr#primaryimage\"},\"thumbnailUrl\":\"https:\\\/\\\/lequotidien.mr\\\/wp-content\\\/uploads\\\/2025\\\/10\\\/photo-groupe-BM.jpg\",\"articleSection\":[\"ACTUALIT\u00c9\",\"Economie\"],\"inLanguage\":\"ar\",\"potentialAction\":[{\"@type\":\"CommentAction\",\"name\":\"Comment\",\"target\":[\"https:\\\/\\\/lequotidien.mr\\\/?p=31673&lang=fr#respond\"]}]},{\"@type\":\"WebPage\",\"@id\":\"https:\\\/\\\/lequotidien.mr\\\/?p=31673&lang=fr\",\"url\":\"https:\\\/\\\/lequotidien.mr\\\/?p=31673&lang=fr\",\"name\":\"Washington : La Mauritanie renforce son partenariat avec la Banque Mondiale en mettant en avant ses priorit\u00e9s de d\u00e9veloppement - Le Quotidien de Nouakchott\",\"isPartOf\":{\"@id\":\"https:\\\/\\\/lequotidien.mr\\\/#website\"},\"primaryImageOfPage\":{\"@id\":\"https:\\\/\\\/lequotidien.mr\\\/?p=31673&lang=fr#primaryimage\"},\"image\":{\"@id\":\"https:\\\/\\\/lequotidien.mr\\\/?p=31673&lang=fr#primaryimage\"},\"thumbnailUrl\":\"https:\\\/\\\/lequotidien.mr\\\/wp-content\\\/uploads\\\/2025\\\/10\\\/photo-groupe-BM.jpg\",\"datePublished\":\"2025-10-15T21:57:35+00:00\",\"breadcrumb\":{\"@id\":\"https:\\\/\\\/lequotidien.mr\\\/?p=31673&lang=fr#breadcrumb\"},\"inLanguage\":\"ar\",\"potentialAction\":[{\"@type\":\"ReadAction\",\"target\":[\"https:\\\/\\\/lequotidien.mr\\\/?p=31673&lang=fr\"]}]},{\"@type\":\"ImageObject\",\"inLanguage\":\"ar\",\"@id\":\"https:\\\/\\\/lequotidien.mr\\\/?p=31673&lang=fr#primaryimage\",\"url\":\"https:\\\/\\\/lequotidien.mr\\\/wp-content\\\/uploads\\\/2025\\\/10\\\/photo-groupe-BM.jpg\",\"contentUrl\":\"https:\\\/\\\/lequotidien.mr\\\/wp-content\\\/uploads\\\/2025\\\/10\\\/photo-groupe-BM.jpg\",\"width\":579,\"height\":430},{\"@type\":\"BreadcrumbList\",\"@id\":\"https:\\\/\\\/lequotidien.mr\\\/?p=31673&lang=fr#breadcrumb\",\"itemListElement\":[{\"@type\":\"ListItem\",\"position\":1,\"name\":\"Home\",\"item\":\"https:\\\/\\\/lequotidien.mr\\\/\"},{\"@type\":\"ListItem\",\"position\":2,\"name\":\"Washington : La Mauritanie renforce son partenariat avec la Banque Mondiale en mettant en avant ses priorit\u00e9s de d\u00e9veloppement\"}]},{\"@type\":\"WebSite\",\"@id\":\"https:\\\/\\\/lequotidien.mr\\\/#website\",\"url\":\"https:\\\/\\\/lequotidien.mr\\\/\",\"name\":\"Le Quotidien de Nouakchott\",\"description\":\"\u0625\u062e\u0628\u0627\u0631\u064a\u0629 \u0645\u0633\u062a\u0642\u0644\u0629 \u0644\u0644\u0623\u0646\u0628\u0627\u0621 \u0627\u0644\u0639\u0627\u0645\u0629\",\"publisher\":{\"@id\":\"https:\\\/\\\/lequotidien.mr\\\/#organization\"},\"potentialAction\":[{\"@type\":\"SearchAction\",\"target\":{\"@type\":\"EntryPoint\",\"urlTemplate\":\"https:\\\/\\\/lequotidien.mr\\\/?s={search_term_string}\"},\"query-input\":{\"@type\":\"PropertyValueSpecification\",\"valueRequired\":true,\"valueName\":\"search_term_string\"}}],\"inLanguage\":\"ar\"},{\"@type\":\"Organization\",\"@id\":\"https:\\\/\\\/lequotidien.mr\\\/#organization\",\"name\":\"Le Quotidien de Nouakchott\",\"url\":\"https:\\\/\\\/lequotidien.mr\\\/\",\"logo\":{\"@type\":\"ImageObject\",\"inLanguage\":\"ar\",\"@id\":\"https:\\\/\\\/lequotidien.mr\\\/#\\\/schema\\\/logo\\\/image\\\/\",\"url\":\"https:\\\/\\\/lequotidien.mr\\\/wp-content\\\/uploads\\\/2022\\\/11\\\/logolequotidien.jpg\",\"contentUrl\":\"https:\\\/\\\/lequotidien.mr\\\/wp-content\\\/uploads\\\/2022\\\/11\\\/logolequotidien.jpg\",\"width\":290,\"height\":65,\"caption\":\"Le Quotidien de Nouakchott\"},\"image\":{\"@id\":\"https:\\\/\\\/lequotidien.mr\\\/#\\\/schema\\\/logo\\\/image\\\/\"},\"sameAs\":[\"https:\\\/\\\/web.facebook.com\\\/lequotidienmr\",\"https:\\\/\\\/x.com\\\/lequotidienmr\"]},{\"@type\":\"Person\",\"@id\":\"https:\\\/\\\/lequotidien.mr\\\/#\\\/schema\\\/person\\\/d2d350202a4d599685ed8abc25f97596\",\"name\":\"Med Ahmed\",\"image\":{\"@type\":\"ImageObject\",\"inLanguage\":\"ar\",\"@id\":\"https:\\\/\\\/secure.gravatar.com\\\/avatar\\\/fd2acc62ed50732923d1d39c17172c9b04149f142be92310ecc69e1358f94b52?s=96&d=mm&r=g\",\"url\":\"https:\\\/\\\/secure.gravatar.com\\\/avatar\\\/fd2acc62ed50732923d1d39c17172c9b04149f142be92310ecc69e1358f94b52?s=96&d=mm&r=g\",\"contentUrl\":\"https:\\\/\\\/secure.gravatar.com\\\/avatar\\\/fd2acc62ed50732923d1d39c17172c9b04149f142be92310ecc69e1358f94b52?s=96&d=mm&r=g\",\"caption\":\"Med Ahmed\"},\"url\":\"https:\\\/\\\/lequotidien.mr\\\/?author=12\"}]}<\/script>\n<!-- \/ Yoast SEO plugin. -->","yoast_head_json":{"title":"Washington : La Mauritanie renforce son partenariat avec la Banque Mondiale en mettant en avant ses priorit\u00e9s de d\u00e9veloppement - Le Quotidien de Nouakchott","robots":{"index":"index","follow":"follow","max-snippet":"max-snippet:-1","max-image-preview":"max-image-preview:large","max-video-preview":"max-video-preview:-1"},"canonical":"https:\/\/lequotidien.mr\/?p=31673&lang=fr","og_locale":"ar_AR","og_type":"article","og_title":"Washington : La Mauritanie renforce son partenariat avec la Banque Mondiale en mettant en avant ses priorit\u00e9s de d\u00e9veloppement - Le Quotidien de Nouakchott","og_description":"En marge des Assembl\u00e9es annuelles du Groupe de la Banque mondiale (BM) et du Fonds mon\u00e9taire international (FMI), une d\u00e9l\u00e9gation mauritanienne de haut niveau, conduite par le ministre des Affaires \u00e9conomiques et du D\u00e9veloppement, M. Abdallahi Souleymane Cheikh Sidiya, et le gouverneur de la Banque centrale de Mauritanie (BCM), M. Mohamed Lemine Dhehbi, s\u2019est entretenue.....","og_url":"https:\/\/lequotidien.mr\/?p=31673&lang=fr","og_site_name":"Le Quotidien de Nouakchott","article_publisher":"https:\/\/web.facebook.com\/lequotidienmr","article_published_time":"2025-10-15T21:57:35+00:00","og_image":[{"width":579,"height":430,"url":"https:\/\/lequotidien.mr\/wp-content\/uploads\/2025\/10\/photo-groupe-BM.jpg","type":"image\/jpeg"}],"author":"Med Ahmed","twitter_card":"summary_large_image","twitter_creator":"@lequotidienmr","twitter_site":"@lequotidienmr","twitter_misc":{"\u0643\u064f\u062a\u0628 \u0628\u0648\u0627\u0633\u0637\u0629":"Med Ahmed","\u0648\u0642\u062a \u0627\u0644\u0642\u0631\u0627\u0621\u0629 \u0627\u0644\u0645\u064f\u0642\u062f\u0651\u0631":"3 \u062f\u0642\u0627\u0626\u0642"},"schema":{"@context":"https:\/\/schema.org","@graph":[{"@type":"Article","@id":"https:\/\/lequotidien.mr\/?p=31673&lang=fr#article","isPartOf":{"@id":"https:\/\/lequotidien.mr\/?p=31673&lang=fr"},"author":{"name":"Med Ahmed","@id":"https:\/\/lequotidien.mr\/#\/schema\/person\/d2d350202a4d599685ed8abc25f97596"},"headline":"Washington : La Mauritanie renforce son partenariat avec la Banque Mondiale en mettant en avant ses priorit\u00e9s de d\u00e9veloppement","datePublished":"2025-10-15T21:57:35+00:00","mainEntityOfPage":{"@id":"https:\/\/lequotidien.mr\/?p=31673&lang=fr"},"wordCount":488,"commentCount":0,"publisher":{"@id":"https:\/\/lequotidien.mr\/#organization"},"image":{"@id":"https:\/\/lequotidien.mr\/?p=31673&lang=fr#primaryimage"},"thumbnailUrl":"https:\/\/lequotidien.mr\/wp-content\/uploads\/2025\/10\/photo-groupe-BM.jpg","articleSection":["ACTUALIT\u00c9","Economie"],"inLanguage":"ar","potentialAction":[{"@type":"CommentAction","name":"Comment","target":["https:\/\/lequotidien.mr\/?p=31673&lang=fr#respond"]}]},{"@type":"WebPage","@id":"https:\/\/lequotidien.mr\/?p=31673&lang=fr","url":"https:\/\/lequotidien.mr\/?p=31673&lang=fr","name":"Washington : La Mauritanie renforce son partenariat avec la Banque Mondiale en mettant en avant ses priorit\u00e9s de d\u00e9veloppement - Le Quotidien de Nouakchott","isPartOf":{"@id":"https:\/\/lequotidien.mr\/#website"},"primaryImageOfPage":{"@id":"https:\/\/lequotidien.mr\/?p=31673&lang=fr#primaryimage"},"image":{"@id":"https:\/\/lequotidien.mr\/?p=31673&lang=fr#primaryimage"},"thumbnailUrl":"https:\/\/lequotidien.mr\/wp-content\/uploads\/2025\/10\/photo-groupe-BM.jpg","datePublished":"2025-10-15T21:57:35+00:00","breadcrumb":{"@id":"https:\/\/lequotidien.mr\/?p=31673&lang=fr#breadcrumb"},"inLanguage":"ar","potentialAction":[{"@type":"ReadAction","target":["https:\/\/lequotidien.mr\/?p=31673&lang=fr"]}]},{"@type":"ImageObject","inLanguage":"ar","@id":"https:\/\/lequotidien.mr\/?p=31673&lang=fr#primaryimage","url":"https:\/\/lequotidien.mr\/wp-content\/uploads\/2025\/10\/photo-groupe-BM.jpg","contentUrl":"https:\/\/lequotidien.mr\/wp-content\/uploads\/2025\/10\/photo-groupe-BM.jpg","width":579,"height":430},{"@type":"BreadcrumbList","@id":"https:\/\/lequotidien.mr\/?p=31673&lang=fr#breadcrumb","itemListElement":[{"@type":"ListItem","position":1,"name":"Home","item":"https:\/\/lequotidien.mr\/"},{"@type":"ListItem","position":2,"name":"Washington : La Mauritanie renforce son partenariat avec la Banque Mondiale en mettant en avant ses priorit\u00e9s de d\u00e9veloppement"}]},{"@type":"WebSite","@id":"https:\/\/lequotidien.mr\/#website","url":"https:\/\/lequotidien.mr\/","name":"Le Quotidien de Nouakchott","description":"\u0625\u062e\u0628\u0627\u0631\u064a\u0629 \u0645\u0633\u062a\u0642\u0644\u0629 \u0644\u0644\u0623\u0646\u0628\u0627\u0621 \u0627\u0644\u0639\u0627\u0645\u0629","publisher":{"@id":"https:\/\/lequotidien.mr\/#organization"},"potentialAction":[{"@type":"SearchAction","target":{"@type":"EntryPoint","urlTemplate":"https:\/\/lequotidien.mr\/?s={search_term_string}"},"query-input":{"@type":"PropertyValueSpecification","valueRequired":true,"valueName":"search_term_string"}}],"inLanguage":"ar"},{"@type":"Organization","@id":"https:\/\/lequotidien.mr\/#organization","name":"Le Quotidien de Nouakchott","url":"https:\/\/lequotidien.mr\/","logo":{"@type":"ImageObject","inLanguage":"ar","@id":"https:\/\/lequotidien.mr\/#\/schema\/logo\/image\/","url":"https:\/\/lequotidien.mr\/wp-content\/uploads\/2022\/11\/logolequotidien.jpg","contentUrl":"https:\/\/lequotidien.mr\/wp-content\/uploads\/2022\/11\/logolequotidien.jpg","width":290,"height":65,"caption":"Le Quotidien de Nouakchott"},"image":{"@id":"https:\/\/lequotidien.mr\/#\/schema\/logo\/image\/"},"sameAs":["https:\/\/web.facebook.com\/lequotidienmr","https:\/\/x.com\/lequotidienmr"]},{"@type":"Person","@id":"https:\/\/lequotidien.mr\/#\/schema\/person\/d2d350202a4d599685ed8abc25f97596","name":"Med Ahmed","image":{"@type":"ImageObject","inLanguage":"ar","@id":"https:\/\/secure.gravatar.com\/avatar\/fd2acc62ed50732923d1d39c17172c9b04149f142be92310ecc69e1358f94b52?s=96&d=mm&r=g","url":"https:\/\/secure.gravatar.com\/avatar\/fd2acc62ed50732923d1d39c17172c9b04149f142be92310ecc69e1358f94b52?s=96&d=mm&r=g","contentUrl":"https:\/\/secure.gravatar.com\/avatar\/fd2acc62ed50732923d1d39c17172c9b04149f142be92310ecc69e1358f94b52?s=96&d=mm&r=g","caption":"Med Ahmed"},"url":"https:\/\/lequotidien.mr\/?author=12"}]}},"_links":{"self":[{"href":"https:\/\/lequotidien.mr\/index.php?rest_route=\/wp\/v2\/posts\/31673","targetHints":{"allow":["GET"]}}],"collection":[{"href":"https:\/\/lequotidien.mr\/index.php?rest_route=\/wp\/v2\/posts"}],"about":[{"href":"https:\/\/lequotidien.mr\/index.php?rest_route=\/wp\/v2\/types\/post"}],"author":[{"embeddable":true,"href":"https:\/\/lequotidien.mr\/index.php?rest_route=\/wp\/v2\/users\/12"}],"replies":[{"embeddable":true,"href":"https:\/\/lequotidien.mr\/index.php?rest_route=%2Fwp%2Fv2%2Fcomments&post=31673"}],"version-history":[{"count":1,"href":"https:\/\/lequotidien.mr\/index.php?rest_route=\/wp\/v2\/posts\/31673\/revisions"}],"predecessor-version":[{"id":31675,"href":"https:\/\/lequotidien.mr\/index.php?rest_route=\/wp\/v2\/posts\/31673\/revisions\/31675"}],"wp:featuredmedia":[{"embeddable":true,"href":"https:\/\/lequotidien.mr\/index.php?rest_route=\/wp\/v2\/media\/31674"}],"wp:attachment":[{"href":"https:\/\/lequotidien.mr\/index.php?rest_route=%2Fwp%2Fv2%2Fmedia&parent=31673"}],"wp:term":[{"taxonomy":"category","embeddable":true,"href":"https:\/\/lequotidien.mr\/index.php?rest_route=%2Fwp%2Fv2%2Fcategories&post=31673"},{"taxonomy":"post_tag","embeddable":true,"href":"https:\/\/lequotidien.mr\/index.php?rest_route=%2Fwp%2Fv2%2Ftags&post=31673"}],"curies":[{"name":"wp","href":"https:\/\/api.w.org\/{rel}","templated":true}]}}