{"id":31670,"date":"2025-10-15T21:32:57","date_gmt":"2025-10-15T21:32:57","guid":{"rendered":"https:\/\/lequotidien.mr\/?p=31670"},"modified":"2025-10-15T21:32:57","modified_gmt":"2025-10-15T21:32:57","slug":"rapport-general-annuel-2022-2023-de-la-cour-des-comptes-le-premier-ministre-ordonne-lapplication-stricte-et-rapide-des-recommandations-de-la-cour-des-comptes","status":"publish","type":"post","link":"https:\/\/lequotidien.mr\/?p=31670&lang=fr","title":{"rendered":"Rapport g\u00e9n\u00e9ral annuel 2022-2023 de la Cour des comptes : Le Premier ministre ordonne l&#8217;application stricte et rapide des recommandations de la Cour des comptes"},"content":{"rendered":"<p>Sur instruction directe du <strong>Pr\u00e9sident de la R\u00e9publique, M. Mohamed Cheikh El Ghazouani, le Premier ministre, M. Moctar Djay<\/strong>, a pr\u00e9sid\u00e9, ce mardi dans la salle de r\u00e9union du Premier minist\u00e8re, une r\u00e9union cruciale consacr\u00e9e \u00e0 la mise en \u0153uvre des recommandations du <strong>rapport g\u00e9n\u00e9ral annuel 2022-2023 de la Cour des comptes<\/strong>. Cette r\u00e9union a rassembl\u00e9 l&#8217;ensemble des ministres sectoriels et des directeurs g\u00e9n\u00e9raux des institutions concern\u00e9es par les observations de la juridiction financi\u00e8re.<\/p>\n<p>D&#8217;embl\u00e9e, le Premier ministre a situ\u00e9 le cadre et la tonalit\u00e9 de cette s\u00e9ance de travail en pr\u00e9cisant qu&#8217;elle se tenait sur instruction du Chef de l&#8217;\u00c9tat. <em>\u00ab Le Pr\u00e9sident de la R\u00e9publique a enjoint au gouvernement d\u2019appliquer strictement, rapidement et int\u00e9gralement les recommandations du rapport g\u00e9n\u00e9ral annuel 2022-2023 de la Cour des comptes \u00bb<\/em>, a-t-il d\u00e9clar\u00e9. Cette annonce a donn\u00e9 le cap pour l&#8217;ensemble des discussions, marquant la d\u00e9termination des plus hautes autorit\u00e9s \u00e0 garantir une saine gestion des deniers publics.<\/p>\n<p><strong>Un calendrier serr\u00e9 et des exigences pr\u00e9cises<\/strong><\/p>\n<p>Pour traduire en actes cette volont\u00e9 politique, le Premier ministre a adress\u00e9 des instructions claires et imp\u00e9ratives aux ministres et directeurs g\u00e9n\u00e9raux pr\u00e9sents. Il leur a \u00e9t\u00e9 enjoint, <em>\u00ab chacun en ce qui le concerne, de soumettre un rapport au plus tard le vendredi 16 octobre 2025 \u00bb<\/em>. Ce d\u00e9lai serr\u00e9 souligne l&#8217;urgence accord\u00e9e \u00e0 ce dossier.<\/p>\n<p>Le contenu exig\u00e9 pour ce rapport est double et sans \u00e9quivoque :<\/p>\n<p><strong>-Un plan d&#8217;action d\u00e9taill\u00e9<\/strong>\u00a0avec des dates pr\u00e9cises pour la mise en \u0153uvre des recommandations, la r\u00e9gularisation des dysfonctionnements constat\u00e9s et la r\u00e9alisation des r\u00e9formes n\u00e9cessaires\u00a0;<\/p>\n<p><strong>-Une liste des responsables<\/strong>\u00a0des erreurs de gestion qualifi\u00e9es par la Cour, accompagn\u00e9e d&#8217;une\u00a0<strong>proposition de sanctions appropri\u00e9es\u00a0<\/strong>;<\/p>\n<p><strong>Sanctions imm\u00e9diates et suivi permanent<\/strong><\/p>\n<p>M. Moctar Djay a \u00e9galement insist\u00e9 sur la n\u00e9cessit\u00e9 d&#8217;une action disciplinaire imm\u00e9diate et rigoureuse. Il a demand\u00e9 aux ministres et directeurs g\u00e9n\u00e9raux <em>\u00ab d\u2019appliquer imm\u00e9diatement les sanctions relevant de leurs comp\u00e9tences \u00bb <\/em>et de soumettre sans tarder la liste des sanctions qui rel\u00e8vent des pr\u00e9rogatives du Conseil des ministres.<\/p>\n<p>Enfin, le Premier ministre a annonc\u00e9 la mise en place d&#8217;un m\u00e9canisme de\u00a0<strong>suivi permanent<\/strong>, toujours sur instruction du Pr\u00e9sident de la R\u00e9publique. Ce suivi visera \u00e0 s&#8217;assurer de la correction effective des dysfonctionnements via les plans d&#8217;action sectoriels. Les ministres concern\u00e9s devront pr\u00e9senter des\u00a0<strong>rapports r\u00e9guliers au Conseil des ministres<\/strong>\u00a0sur l&#8217;avancement de la mise en \u0153uvre, garantissant ainsi un compte rendu direct \u00e0 l&#8217;ex\u00e9cutif.<\/p>\n<p>Cette r\u00e9union constitue un signal fort en faveur de la redevabilit\u00e9 et de la transparence dans la gestion des affaires publiques, illustrant la priorit\u00e9 accord\u00e9e par le gouvernement \u00e0 l&#8217;efficacit\u00e9 de l&#8217;action administrative et au respect des principes de bonne gouvernance.<\/p>\n","protected":false},"excerpt":{"rendered":"<p>Sur instruction directe du Pr\u00e9sident de la R\u00e9publique, M. Mohamed Cheikh El Ghazouani, le Premier ministre, M. Moctar Djay, a pr\u00e9sid\u00e9, ce mardi dans la salle de r\u00e9union du Premier minist\u00e8re, une r\u00e9union cruciale consacr\u00e9e \u00e0 la mise en \u0153uvre des recommandations du rapport g\u00e9n\u00e9ral annuel 2022-2023 de la Cour des comptes. Cette r\u00e9union a&#8230;..<\/p>\n","protected":false},"author":12,"featured_media":31671,"comment_status":"open","ping_status":"open","sticky":false,"template":"","format":"standard","meta":{"footnotes":""},"categories":[23,49],"tags":[],"class_list":["post-31670","post","type-post","status-publish","format-standard","has-post-thumbnail","hentry","category-actualite","category-economie"],"yoast_head":"<!-- This site is optimized with the Yoast SEO plugin v27.5 - https:\/\/yoast.com\/product\/yoast-seo-wordpress\/ -->\n<title>Rapport g\u00e9n\u00e9ral annuel 2022-2023 de la Cour des comptes : Le Premier ministre ordonne l&#039;application stricte et rapide des recommandations de la Cour des comptes - Le Quotidien de Nouakchott<\/title>\n<meta name=\"robots\" content=\"index, follow, max-snippet:-1, max-image-preview:large, max-video-preview:-1\" \/>\n<link rel=\"canonical\" href=\"https:\/\/lequotidien.mr\/?p=31670&lang=fr\" \/>\n<meta property=\"og:locale\" content=\"ar_AR\" \/>\n<meta property=\"og:type\" content=\"article\" \/>\n<meta property=\"og:title\" content=\"Rapport g\u00e9n\u00e9ral annuel 2022-2023 de la Cour des comptes : Le Premier ministre ordonne l&#039;application stricte et rapide des recommandations de la Cour des comptes - Le Quotidien de Nouakchott\" \/>\n<meta property=\"og:description\" content=\"Sur instruction directe du Pr\u00e9sident de la R\u00e9publique, M. Mohamed Cheikh El Ghazouani, le Premier ministre, M. Moctar Djay, a pr\u00e9sid\u00e9, ce mardi dans la salle de r\u00e9union du Premier minist\u00e8re, une r\u00e9union cruciale consacr\u00e9e \u00e0 la mise en \u0153uvre des recommandations du rapport g\u00e9n\u00e9ral annuel 2022-2023 de la Cour des comptes. Cette r\u00e9union a.....\" \/>\n<meta property=\"og:url\" content=\"https:\/\/lequotidien.mr\/?p=31670&amp;lang=fr\" \/>\n<meta property=\"og:site_name\" content=\"Le Quotidien de Nouakchott\" \/>\n<meta property=\"article:publisher\" content=\"https:\/\/web.facebook.com\/lequotidienmr\" \/>\n<meta property=\"article:published_time\" content=\"2025-10-15T21:32:57+00:00\" \/>\n<meta property=\"og:image\" content=\"https:\/\/lequotidien.mr\/wp-content\/uploads\/2025\/10\/photo-application-rapport-cour-des-comptes.jpg\" \/>\n\t<meta property=\"og:image:width\" content=\"644\" \/>\n\t<meta property=\"og:image:height\" content=\"364\" \/>\n\t<meta property=\"og:image:type\" content=\"image\/jpeg\" \/>\n<meta name=\"author\" content=\"Med Ahmed\" \/>\n<meta name=\"twitter:card\" content=\"summary_large_image\" \/>\n<meta name=\"twitter:creator\" content=\"@lequotidienmr\" \/>\n<meta name=\"twitter:site\" content=\"@lequotidienmr\" \/>\n<meta name=\"twitter:label1\" content=\"\u0643\u064f\u062a\u0628 \u0628\u0648\u0627\u0633\u0637\u0629\" \/>\n\t<meta name=\"twitter:data1\" content=\"Med Ahmed\" \/>\n\t<meta name=\"twitter:label2\" content=\"\u0648\u0642\u062a \u0627\u0644\u0642\u0631\u0627\u0621\u0629 \u0627\u0644\u0645\u064f\u0642\u062f\u0651\u0631\" \/>\n\t<meta name=\"twitter:data2\" content=\"4 \u062f\u0642\u0627\u0626\u0642\" \/>\n<script type=\"application\/ld+json\" class=\"yoast-schema-graph\">{\"@context\":\"https:\\\/\\\/schema.org\",\"@graph\":[{\"@type\":\"Article\",\"@id\":\"https:\\\/\\\/lequotidien.mr\\\/?p=31670&lang=fr#article\",\"isPartOf\":{\"@id\":\"https:\\\/\\\/lequotidien.mr\\\/?p=31670&lang=fr\"},\"author\":{\"name\":\"Med Ahmed\",\"@id\":\"https:\\\/\\\/lequotidien.mr\\\/#\\\/schema\\\/person\\\/d2d350202a4d599685ed8abc25f97596\"},\"headline\":\"Rapport g\u00e9n\u00e9ral annuel 2022-2023 de la Cour des comptes : Le Premier ministre ordonne l&#8217;application stricte et rapide des recommandations de la Cour des comptes\",\"datePublished\":\"2025-10-15T21:32:57+00:00\",\"mainEntityOfPage\":{\"@id\":\"https:\\\/\\\/lequotidien.mr\\\/?p=31670&lang=fr\"},\"wordCount\":528,\"commentCount\":0,\"publisher\":{\"@id\":\"https:\\\/\\\/lequotidien.mr\\\/#organization\"},\"image\":{\"@id\":\"https:\\\/\\\/lequotidien.mr\\\/?p=31670&lang=fr#primaryimage\"},\"thumbnailUrl\":\"https:\\\/\\\/lequotidien.mr\\\/wp-content\\\/uploads\\\/2025\\\/10\\\/photo-application-rapport-cour-des-comptes.jpg\",\"articleSection\":[\"ACTUALIT\u00c9\",\"Economie\"],\"inLanguage\":\"ar\",\"potentialAction\":[{\"@type\":\"CommentAction\",\"name\":\"Comment\",\"target\":[\"https:\\\/\\\/lequotidien.mr\\\/?p=31670&lang=fr#respond\"]}]},{\"@type\":\"WebPage\",\"@id\":\"https:\\\/\\\/lequotidien.mr\\\/?p=31670&lang=fr\",\"url\":\"https:\\\/\\\/lequotidien.mr\\\/?p=31670&lang=fr\",\"name\":\"Rapport g\u00e9n\u00e9ral annuel 2022-2023 de la Cour des comptes : Le Premier ministre ordonne l'application stricte et rapide des recommandations de la Cour des comptes - Le Quotidien de Nouakchott\",\"isPartOf\":{\"@id\":\"https:\\\/\\\/lequotidien.mr\\\/#website\"},\"primaryImageOfPage\":{\"@id\":\"https:\\\/\\\/lequotidien.mr\\\/?p=31670&lang=fr#primaryimage\"},\"image\":{\"@id\":\"https:\\\/\\\/lequotidien.mr\\\/?p=31670&lang=fr#primaryimage\"},\"thumbnailUrl\":\"https:\\\/\\\/lequotidien.mr\\\/wp-content\\\/uploads\\\/2025\\\/10\\\/photo-application-rapport-cour-des-comptes.jpg\",\"datePublished\":\"2025-10-15T21:32:57+00:00\",\"breadcrumb\":{\"@id\":\"https:\\\/\\\/lequotidien.mr\\\/?p=31670&lang=fr#breadcrumb\"},\"inLanguage\":\"ar\",\"potentialAction\":[{\"@type\":\"ReadAction\",\"target\":[\"https:\\\/\\\/lequotidien.mr\\\/?p=31670&lang=fr\"]}]},{\"@type\":\"ImageObject\",\"inLanguage\":\"ar\",\"@id\":\"https:\\\/\\\/lequotidien.mr\\\/?p=31670&lang=fr#primaryimage\",\"url\":\"https:\\\/\\\/lequotidien.mr\\\/wp-content\\\/uploads\\\/2025\\\/10\\\/photo-application-rapport-cour-des-comptes.jpg\",\"contentUrl\":\"https:\\\/\\\/lequotidien.mr\\\/wp-content\\\/uploads\\\/2025\\\/10\\\/photo-application-rapport-cour-des-comptes.jpg\",\"width\":644,\"height\":364},{\"@type\":\"BreadcrumbList\",\"@id\":\"https:\\\/\\\/lequotidien.mr\\\/?p=31670&lang=fr#breadcrumb\",\"itemListElement\":[{\"@type\":\"ListItem\",\"position\":1,\"name\":\"Home\",\"item\":\"https:\\\/\\\/lequotidien.mr\\\/\"},{\"@type\":\"ListItem\",\"position\":2,\"name\":\"Rapport g\u00e9n\u00e9ral annuel 2022-2023 de la Cour des comptes : Le Premier ministre ordonne l&rsquo;application stricte et rapide des recommandations de la Cour des comptes\"}]},{\"@type\":\"WebSite\",\"@id\":\"https:\\\/\\\/lequotidien.mr\\\/#website\",\"url\":\"https:\\\/\\\/lequotidien.mr\\\/\",\"name\":\"Le Quotidien de Nouakchott\",\"description\":\"\u0625\u062e\u0628\u0627\u0631\u064a\u0629 \u0645\u0633\u062a\u0642\u0644\u0629 \u0644\u0644\u0623\u0646\u0628\u0627\u0621 \u0627\u0644\u0639\u0627\u0645\u0629\",\"publisher\":{\"@id\":\"https:\\\/\\\/lequotidien.mr\\\/#organization\"},\"potentialAction\":[{\"@type\":\"SearchAction\",\"target\":{\"@type\":\"EntryPoint\",\"urlTemplate\":\"https:\\\/\\\/lequotidien.mr\\\/?s={search_term_string}\"},\"query-input\":{\"@type\":\"PropertyValueSpecification\",\"valueRequired\":true,\"valueName\":\"search_term_string\"}}],\"inLanguage\":\"ar\"},{\"@type\":\"Organization\",\"@id\":\"https:\\\/\\\/lequotidien.mr\\\/#organization\",\"name\":\"Le Quotidien de Nouakchott\",\"url\":\"https:\\\/\\\/lequotidien.mr\\\/\",\"logo\":{\"@type\":\"ImageObject\",\"inLanguage\":\"ar\",\"@id\":\"https:\\\/\\\/lequotidien.mr\\\/#\\\/schema\\\/logo\\\/image\\\/\",\"url\":\"https:\\\/\\\/lequotidien.mr\\\/wp-content\\\/uploads\\\/2022\\\/11\\\/logolequotidien.jpg\",\"contentUrl\":\"https:\\\/\\\/lequotidien.mr\\\/wp-content\\\/uploads\\\/2022\\\/11\\\/logolequotidien.jpg\",\"width\":290,\"height\":65,\"caption\":\"Le Quotidien de Nouakchott\"},\"image\":{\"@id\":\"https:\\\/\\\/lequotidien.mr\\\/#\\\/schema\\\/logo\\\/image\\\/\"},\"sameAs\":[\"https:\\\/\\\/web.facebook.com\\\/lequotidienmr\",\"https:\\\/\\\/x.com\\\/lequotidienmr\"]},{\"@type\":\"Person\",\"@id\":\"https:\\\/\\\/lequotidien.mr\\\/#\\\/schema\\\/person\\\/d2d350202a4d599685ed8abc25f97596\",\"name\":\"Med Ahmed\",\"image\":{\"@type\":\"ImageObject\",\"inLanguage\":\"ar\",\"@id\":\"https:\\\/\\\/secure.gravatar.com\\\/avatar\\\/fd2acc62ed50732923d1d39c17172c9b04149f142be92310ecc69e1358f94b52?s=96&d=mm&r=g\",\"url\":\"https:\\\/\\\/secure.gravatar.com\\\/avatar\\\/fd2acc62ed50732923d1d39c17172c9b04149f142be92310ecc69e1358f94b52?s=96&d=mm&r=g\",\"contentUrl\":\"https:\\\/\\\/secure.gravatar.com\\\/avatar\\\/fd2acc62ed50732923d1d39c17172c9b04149f142be92310ecc69e1358f94b52?s=96&d=mm&r=g\",\"caption\":\"Med Ahmed\"},\"url\":\"https:\\\/\\\/lequotidien.mr\\\/?author=12\"}]}<\/script>\n<!-- \/ Yoast SEO plugin. -->","yoast_head_json":{"title":"Rapport g\u00e9n\u00e9ral annuel 2022-2023 de la Cour des comptes : Le Premier ministre ordonne l'application stricte et rapide des recommandations de la Cour des comptes - Le Quotidien de Nouakchott","robots":{"index":"index","follow":"follow","max-snippet":"max-snippet:-1","max-image-preview":"max-image-preview:large","max-video-preview":"max-video-preview:-1"},"canonical":"https:\/\/lequotidien.mr\/?p=31670&lang=fr","og_locale":"ar_AR","og_type":"article","og_title":"Rapport g\u00e9n\u00e9ral annuel 2022-2023 de la Cour des comptes : Le Premier ministre ordonne l'application stricte et rapide des recommandations de la Cour des comptes - Le Quotidien de Nouakchott","og_description":"Sur instruction directe du Pr\u00e9sident de la R\u00e9publique, M. Mohamed Cheikh El Ghazouani, le Premier ministre, M. Moctar Djay, a pr\u00e9sid\u00e9, ce mardi dans la salle de r\u00e9union du Premier minist\u00e8re, une r\u00e9union cruciale consacr\u00e9e \u00e0 la mise en \u0153uvre des recommandations du rapport g\u00e9n\u00e9ral annuel 2022-2023 de la Cour des comptes. Cette r\u00e9union a.....","og_url":"https:\/\/lequotidien.mr\/?p=31670&lang=fr","og_site_name":"Le Quotidien de Nouakchott","article_publisher":"https:\/\/web.facebook.com\/lequotidienmr","article_published_time":"2025-10-15T21:32:57+00:00","og_image":[{"width":644,"height":364,"url":"https:\/\/lequotidien.mr\/wp-content\/uploads\/2025\/10\/photo-application-rapport-cour-des-comptes.jpg","type":"image\/jpeg"}],"author":"Med Ahmed","twitter_card":"summary_large_image","twitter_creator":"@lequotidienmr","twitter_site":"@lequotidienmr","twitter_misc":{"\u0643\u064f\u062a\u0628 \u0628\u0648\u0627\u0633\u0637\u0629":"Med Ahmed","\u0648\u0642\u062a \u0627\u0644\u0642\u0631\u0627\u0621\u0629 \u0627\u0644\u0645\u064f\u0642\u062f\u0651\u0631":"4 \u062f\u0642\u0627\u0626\u0642"},"schema":{"@context":"https:\/\/schema.org","@graph":[{"@type":"Article","@id":"https:\/\/lequotidien.mr\/?p=31670&lang=fr#article","isPartOf":{"@id":"https:\/\/lequotidien.mr\/?p=31670&lang=fr"},"author":{"name":"Med Ahmed","@id":"https:\/\/lequotidien.mr\/#\/schema\/person\/d2d350202a4d599685ed8abc25f97596"},"headline":"Rapport g\u00e9n\u00e9ral annuel 2022-2023 de la Cour des comptes : Le Premier ministre ordonne l&#8217;application stricte et rapide des recommandations de la Cour des comptes","datePublished":"2025-10-15T21:32:57+00:00","mainEntityOfPage":{"@id":"https:\/\/lequotidien.mr\/?p=31670&lang=fr"},"wordCount":528,"commentCount":0,"publisher":{"@id":"https:\/\/lequotidien.mr\/#organization"},"image":{"@id":"https:\/\/lequotidien.mr\/?p=31670&lang=fr#primaryimage"},"thumbnailUrl":"https:\/\/lequotidien.mr\/wp-content\/uploads\/2025\/10\/photo-application-rapport-cour-des-comptes.jpg","articleSection":["ACTUALIT\u00c9","Economie"],"inLanguage":"ar","potentialAction":[{"@type":"CommentAction","name":"Comment","target":["https:\/\/lequotidien.mr\/?p=31670&lang=fr#respond"]}]},{"@type":"WebPage","@id":"https:\/\/lequotidien.mr\/?p=31670&lang=fr","url":"https:\/\/lequotidien.mr\/?p=31670&lang=fr","name":"Rapport g\u00e9n\u00e9ral annuel 2022-2023 de la Cour des comptes : Le Premier ministre ordonne l'application stricte et rapide des recommandations de la Cour des comptes - Le Quotidien de Nouakchott","isPartOf":{"@id":"https:\/\/lequotidien.mr\/#website"},"primaryImageOfPage":{"@id":"https:\/\/lequotidien.mr\/?p=31670&lang=fr#primaryimage"},"image":{"@id":"https:\/\/lequotidien.mr\/?p=31670&lang=fr#primaryimage"},"thumbnailUrl":"https:\/\/lequotidien.mr\/wp-content\/uploads\/2025\/10\/photo-application-rapport-cour-des-comptes.jpg","datePublished":"2025-10-15T21:32:57+00:00","breadcrumb":{"@id":"https:\/\/lequotidien.mr\/?p=31670&lang=fr#breadcrumb"},"inLanguage":"ar","potentialAction":[{"@type":"ReadAction","target":["https:\/\/lequotidien.mr\/?p=31670&lang=fr"]}]},{"@type":"ImageObject","inLanguage":"ar","@id":"https:\/\/lequotidien.mr\/?p=31670&lang=fr#primaryimage","url":"https:\/\/lequotidien.mr\/wp-content\/uploads\/2025\/10\/photo-application-rapport-cour-des-comptes.jpg","contentUrl":"https:\/\/lequotidien.mr\/wp-content\/uploads\/2025\/10\/photo-application-rapport-cour-des-comptes.jpg","width":644,"height":364},{"@type":"BreadcrumbList","@id":"https:\/\/lequotidien.mr\/?p=31670&lang=fr#breadcrumb","itemListElement":[{"@type":"ListItem","position":1,"name":"Home","item":"https:\/\/lequotidien.mr\/"},{"@type":"ListItem","position":2,"name":"Rapport g\u00e9n\u00e9ral annuel 2022-2023 de la Cour des comptes : Le Premier ministre ordonne l&rsquo;application stricte et rapide des recommandations de la Cour des comptes"}]},{"@type":"WebSite","@id":"https:\/\/lequotidien.mr\/#website","url":"https:\/\/lequotidien.mr\/","name":"Le Quotidien de Nouakchott","description":"\u0625\u062e\u0628\u0627\u0631\u064a\u0629 \u0645\u0633\u062a\u0642\u0644\u0629 \u0644\u0644\u0623\u0646\u0628\u0627\u0621 \u0627\u0644\u0639\u0627\u0645\u0629","publisher":{"@id":"https:\/\/lequotidien.mr\/#organization"},"potentialAction":[{"@type":"SearchAction","target":{"@type":"EntryPoint","urlTemplate":"https:\/\/lequotidien.mr\/?s={search_term_string}"},"query-input":{"@type":"PropertyValueSpecification","valueRequired":true,"valueName":"search_term_string"}}],"inLanguage":"ar"},{"@type":"Organization","@id":"https:\/\/lequotidien.mr\/#organization","name":"Le Quotidien de Nouakchott","url":"https:\/\/lequotidien.mr\/","logo":{"@type":"ImageObject","inLanguage":"ar","@id":"https:\/\/lequotidien.mr\/#\/schema\/logo\/image\/","url":"https:\/\/lequotidien.mr\/wp-content\/uploads\/2022\/11\/logolequotidien.jpg","contentUrl":"https:\/\/lequotidien.mr\/wp-content\/uploads\/2022\/11\/logolequotidien.jpg","width":290,"height":65,"caption":"Le Quotidien de Nouakchott"},"image":{"@id":"https:\/\/lequotidien.mr\/#\/schema\/logo\/image\/"},"sameAs":["https:\/\/web.facebook.com\/lequotidienmr","https:\/\/x.com\/lequotidienmr"]},{"@type":"Person","@id":"https:\/\/lequotidien.mr\/#\/schema\/person\/d2d350202a4d599685ed8abc25f97596","name":"Med Ahmed","image":{"@type":"ImageObject","inLanguage":"ar","@id":"https:\/\/secure.gravatar.com\/avatar\/fd2acc62ed50732923d1d39c17172c9b04149f142be92310ecc69e1358f94b52?s=96&d=mm&r=g","url":"https:\/\/secure.gravatar.com\/avatar\/fd2acc62ed50732923d1d39c17172c9b04149f142be92310ecc69e1358f94b52?s=96&d=mm&r=g","contentUrl":"https:\/\/secure.gravatar.com\/avatar\/fd2acc62ed50732923d1d39c17172c9b04149f142be92310ecc69e1358f94b52?s=96&d=mm&r=g","caption":"Med Ahmed"},"url":"https:\/\/lequotidien.mr\/?author=12"}]}},"_links":{"self":[{"href":"https:\/\/lequotidien.mr\/index.php?rest_route=\/wp\/v2\/posts\/31670","targetHints":{"allow":["GET"]}}],"collection":[{"href":"https:\/\/lequotidien.mr\/index.php?rest_route=\/wp\/v2\/posts"}],"about":[{"href":"https:\/\/lequotidien.mr\/index.php?rest_route=\/wp\/v2\/types\/post"}],"author":[{"embeddable":true,"href":"https:\/\/lequotidien.mr\/index.php?rest_route=\/wp\/v2\/users\/12"}],"replies":[{"embeddable":true,"href":"https:\/\/lequotidien.mr\/index.php?rest_route=%2Fwp%2Fv2%2Fcomments&post=31670"}],"version-history":[{"count":1,"href":"https:\/\/lequotidien.mr\/index.php?rest_route=\/wp\/v2\/posts\/31670\/revisions"}],"predecessor-version":[{"id":31672,"href":"https:\/\/lequotidien.mr\/index.php?rest_route=\/wp\/v2\/posts\/31670\/revisions\/31672"}],"wp:featuredmedia":[{"embeddable":true,"href":"https:\/\/lequotidien.mr\/index.php?rest_route=\/wp\/v2\/media\/31671"}],"wp:attachment":[{"href":"https:\/\/lequotidien.mr\/index.php?rest_route=%2Fwp%2Fv2%2Fmedia&parent=31670"}],"wp:term":[{"taxonomy":"category","embeddable":true,"href":"https:\/\/lequotidien.mr\/index.php?rest_route=%2Fwp%2Fv2%2Fcategories&post=31670"},{"taxonomy":"post_tag","embeddable":true,"href":"https:\/\/lequotidien.mr\/index.php?rest_route=%2Fwp%2Fv2%2Ftags&post=31670"}],"curies":[{"name":"wp","href":"https:\/\/api.w.org\/{rel}","templated":true}]}}