{"id":31664,"date":"2025-10-14T22:08:51","date_gmt":"2025-10-14T22:08:51","guid":{"rendered":"https:\/\/lequotidien.mr\/?p=31664"},"modified":"2025-10-14T22:08:51","modified_gmt":"2025-10-14T22:08:51","slug":"bagdad-accueille-la-deuxieme-session-de-la-commission-mixte-mauritano-irakienne-une-cooperation-renforcee-par-la-signature-de-huit-accords","status":"publish","type":"post","link":"https:\/\/lequotidien.mr\/?p=31664&lang=fr","title":{"rendered":"Bagdad accueille la Deuxi\u00e8me Session de la Commission Mixte Mauritano-Irakienne : Une coop\u00e9ration renforc\u00e9e par la signature de huit accords"},"content":{"rendered":"<p>Sous le haut patronage du <strong>Premier ministre irakien, M. Mohammed Shia al-Sudani<\/strong>, la capitale irakienne a abrit\u00e9, ce mardi, l&#8217;ouverture des travaux de la <strong>deuxi\u00e8me session de la Commission mixte mauritano-irakienne de coop\u00e9ration<\/strong>. Cet \u00e9v\u00e9nement marquant t\u00e9moigne de la volont\u00e9 commune des deux pays \u00e0 dynamiser et \u00e0 diversifier leur partenariat.<\/p>\n<p><strong>Une ouverture sous le signe de la fraternit\u00e9<\/strong><\/p>\n<p>Les travaux de la Commission ont \u00e9t\u00e9 officiellement ouverts par <strong>le ministre mauritanien de la Culture, des Arts, de la Communication et des Relations avec le Parlement, porte-parole du gouvernement, M. Hussein Medou, et son homologue irakien, le ministre de la Culture, du Tourisme et des Antiquit\u00e9s, Dr Ahmed Fakak Al Badrani.<\/strong><\/p>\n<p>Dans son allocution, le ministre mauritanien a soulign\u00e9 <em>\u00ab la force et la profondeur des relations fraternelles et amicales \u00bb<\/em> unissant la Mauritanie et l\u2019Irak. Il a \u00e9galement mis en avant le <em>\u00ab d\u00e9veloppement qualitatif \u00bb<\/em> observ\u00e9 sous l&#8217;impulsion du <strong>Pr\u00e9sident de la R\u00e9publique, M. Mohamed Cheikh El Ghazouani<\/strong>, et de son homologue irakien, le Pr\u00e9sident Abdel Latif Jamal Rachid. M. Medou a en outre \u00e9voqu\u00e9 le <em>\u00ab climat d\u2019investissement stimulant et attractif \u00bb<\/em> en Mauritanie, invitant ainsi \u00e0 un renforcement des \u00e9conomiques entre les deux nations.<\/p>\n<p><strong>Des relations bilat\u00e9rales au beau fixe<\/strong><\/p>\n<p>De son c\u00f4t\u00e9, le ministre irakien, Dr Ahmed Fakak Al Badrani, a salu\u00e9 les <em>\u00ab relations bilat\u00e9rales distingu\u00e9es \u00bb <\/em>et les efforts constants pour les d\u00e9velopper. Il s&#8217;est d\u00e9clar\u00e9 <em>\u00ab fier des r\u00e9sultats obtenus \u00bb <\/em>lors de cette deuxi\u00e8me session de la Commission mixte, exprimant ainsi sa satisfaction quant au niveau de la coop\u00e9ration et aux perspectives prometteuses qui s&#8217;ouvrent pour les deux pays.<\/p>\n<p><strong>Huit Accords sign\u00e9s pour consolider la coop\u00e9ration multisectorielle<\/strong><\/p>\n<p>Le point d&#8217;orgue de cette session a \u00e9t\u00e9 la signature d&#8217;une s\u00e9rie d&#8217;accords et de protocoles couvrant un large \u00e9ventail de domaines, scellant ainsi un partenariat strat\u00e9gique et complet. Les documents sign\u00e9s comprennent :<\/p>\n<p><strong>-Un programme ex\u00e9cutif<\/strong> de coop\u00e9ration culturelle\u00a0;<\/p>\n<p><strong>-Un protocole d\u2019accord<\/strong> dans le domaine des consultations politiques\u00a0;<\/p>\n<p><strong>-Un protocole d\u2019accord<\/strong> sur l\u2019exemption mutuelle de visa pour les titulaires de passeports diplomatiques, de service et sp\u00e9ciaux\u00a0;<\/p>\n<p><strong>-Un protocole d\u2019accord<\/strong> dans le domaine de l\u2019\u00e9ducation\u00a0;<\/p>\n<p><strong>-Un protocole d\u2019accord<\/strong> entre la Chambre de commerce, d\u2019industrie et d\u2019agriculture de Mauritanie et la F\u00e9d\u00e9ration des chambres de commerce irakiennes\u00a0;<\/p>\n<p><strong>-Un programme ex\u00e9cutif<\/strong> dans le domaine de l\u2019enseignement sup\u00e9rieur et de la recherche scientifique\u00a0;<\/p>\n<p><strong>-Un protocole d\u2019accord<\/strong> sur la promotion des affaires sociales\u00a0;<\/p>\n<p><strong>-Un rapport conjoint<\/strong> couvrant les aspects de la coop\u00e9ration bilat\u00e9rale dans tous les domaines.<\/p>\n<p>Le ministre Hussein Medou \u00e9tait accompagn\u00e9 d\u2019une d\u00e9l\u00e9gation de haut niveau, comprenant le secr\u00e9taire g\u00e9n\u00e9ral du minist\u00e8re des Affaires \u00e9trang\u00e8res, de la Coop\u00e9ration africaine et des Mauritaniens de l\u2019Ext\u00e9rieur, M. Daman Hamar, et l&#8217;ambassadeur de Mauritanie en Irak, M. El Houcein Mohamed Aleyatt, ainsi que des repr\u00e9sentants de divers d\u00e9partements gouvernementaux mauritaniens.<\/p>\n<p>Cette session r\u00e9ussie ouvre une nouvelle page dans les relations mauritano-irakiennes, promettant un avenir de collaboration renforc\u00e9e au service du d\u00e9veloppement et de la prosp\u00e9rit\u00e9 des deux peuples fr\u00e8res.<\/p>\n","protected":false},"excerpt":{"rendered":"<p>Sous le haut patronage du Premier ministre irakien, M. Mohammed Shia al-Sudani, la capitale irakienne a abrit\u00e9, ce mardi, l&#8217;ouverture des travaux de la deuxi\u00e8me session de la Commission mixte mauritano-irakienne de coop\u00e9ration. Cet \u00e9v\u00e9nement marquant t\u00e9moigne de la volont\u00e9 commune des deux pays \u00e0 dynamiser et \u00e0 diversifier leur partenariat. Une ouverture sous le&#8230;..<\/p>\n","protected":false},"author":12,"featured_media":31665,"comment_status":"open","ping_status":"open","sticky":false,"template":"","format":"standard","meta":{"footnotes":""},"categories":[23,49],"tags":[],"class_list":["post-31664","post","type-post","status-publish","format-standard","has-post-thumbnail","hentry","category-actualite","category-economie"],"yoast_head":"<!-- This site is optimized with the Yoast SEO plugin v27.5 - https:\/\/yoast.com\/product\/yoast-seo-wordpress\/ -->\n<title>Bagdad accueille la Deuxi\u00e8me Session de la Commission Mixte Mauritano-Irakienne : Une coop\u00e9ration renforc\u00e9e par la signature de huit accords - Le Quotidien de Nouakchott<\/title>\n<meta name=\"robots\" content=\"index, follow, max-snippet:-1, max-image-preview:large, max-video-preview:-1\" \/>\n<link rel=\"canonical\" href=\"https:\/\/lequotidien.mr\/?p=31664&lang=fr\" \/>\n<meta property=\"og:locale\" content=\"ar_AR\" \/>\n<meta property=\"og:type\" content=\"article\" \/>\n<meta property=\"og:title\" content=\"Bagdad accueille la Deuxi\u00e8me Session de la Commission Mixte Mauritano-Irakienne : Une coop\u00e9ration renforc\u00e9e par la signature de huit accords - Le Quotidien de Nouakchott\" \/>\n<meta property=\"og:description\" content=\"Sous le haut patronage du Premier ministre irakien, M. Mohammed Shia al-Sudani, la capitale irakienne a abrit\u00e9, ce mardi, l&#8217;ouverture des travaux de la deuxi\u00e8me session de la Commission mixte mauritano-irakienne de coop\u00e9ration. Cet \u00e9v\u00e9nement marquant t\u00e9moigne de la volont\u00e9 commune des deux pays \u00e0 dynamiser et \u00e0 diversifier leur partenariat. Une ouverture sous le.....\" \/>\n<meta property=\"og:url\" content=\"https:\/\/lequotidien.mr\/?p=31664&amp;lang=fr\" \/>\n<meta property=\"og:site_name\" content=\"Le Quotidien de Nouakchott\" \/>\n<meta property=\"article:publisher\" content=\"https:\/\/web.facebook.com\/lequotidienmr\" \/>\n<meta property=\"article:published_time\" content=\"2025-10-14T22:08:51+00:00\" \/>\n<meta property=\"og:image\" content=\"https:\/\/lequotidien.mr\/wp-content\/uploads\/2025\/10\/photo-commission-mixte-mauritano-irquienne.jpg\" \/>\n\t<meta property=\"og:image:width\" content=\"750\" \/>\n\t<meta property=\"og:image:height\" content=\"430\" \/>\n\t<meta property=\"og:image:type\" content=\"image\/jpeg\" \/>\n<meta name=\"author\" content=\"Med Ahmed\" \/>\n<meta name=\"twitter:card\" content=\"summary_large_image\" \/>\n<meta name=\"twitter:creator\" content=\"@lequotidienmr\" \/>\n<meta name=\"twitter:site\" content=\"@lequotidienmr\" \/>\n<meta name=\"twitter:label1\" content=\"\u0643\u064f\u062a\u0628 \u0628\u0648\u0627\u0633\u0637\u0629\" \/>\n\t<meta name=\"twitter:data1\" content=\"Med Ahmed\" \/>\n\t<meta name=\"twitter:label2\" content=\"\u0648\u0642\u062a \u0627\u0644\u0642\u0631\u0627\u0621\u0629 \u0627\u0644\u0645\u064f\u0642\u062f\u0651\u0631\" \/>\n\t<meta name=\"twitter:data2\" content=\"4 \u062f\u0642\u0627\u0626\u0642\" \/>\n<script type=\"application\/ld+json\" class=\"yoast-schema-graph\">{\"@context\":\"https:\\\/\\\/schema.org\",\"@graph\":[{\"@type\":\"Article\",\"@id\":\"https:\\\/\\\/lequotidien.mr\\\/?p=31664&lang=fr#article\",\"isPartOf\":{\"@id\":\"https:\\\/\\\/lequotidien.mr\\\/?p=31664&lang=fr\"},\"author\":{\"name\":\"Med Ahmed\",\"@id\":\"https:\\\/\\\/lequotidien.mr\\\/#\\\/schema\\\/person\\\/d2d350202a4d599685ed8abc25f97596\"},\"headline\":\"Bagdad accueille la Deuxi\u00e8me Session de la Commission Mixte Mauritano-Irakienne : Une coop\u00e9ration renforc\u00e9e par la signature de huit accords\",\"datePublished\":\"2025-10-14T22:08:51+00:00\",\"mainEntityOfPage\":{\"@id\":\"https:\\\/\\\/lequotidien.mr\\\/?p=31664&lang=fr\"},\"wordCount\":568,\"commentCount\":0,\"publisher\":{\"@id\":\"https:\\\/\\\/lequotidien.mr\\\/#organization\"},\"image\":{\"@id\":\"https:\\\/\\\/lequotidien.mr\\\/?p=31664&lang=fr#primaryimage\"},\"thumbnailUrl\":\"https:\\\/\\\/lequotidien.mr\\\/wp-content\\\/uploads\\\/2025\\\/10\\\/photo-commission-mixte-mauritano-irquienne.jpg\",\"articleSection\":[\"ACTUALIT\u00c9\",\"Economie\"],\"inLanguage\":\"ar\",\"potentialAction\":[{\"@type\":\"CommentAction\",\"name\":\"Comment\",\"target\":[\"https:\\\/\\\/lequotidien.mr\\\/?p=31664&lang=fr#respond\"]}]},{\"@type\":\"WebPage\",\"@id\":\"https:\\\/\\\/lequotidien.mr\\\/?p=31664&lang=fr\",\"url\":\"https:\\\/\\\/lequotidien.mr\\\/?p=31664&lang=fr\",\"name\":\"Bagdad accueille la Deuxi\u00e8me Session de la Commission Mixte Mauritano-Irakienne : Une coop\u00e9ration renforc\u00e9e par la signature de huit accords - Le Quotidien de Nouakchott\",\"isPartOf\":{\"@id\":\"https:\\\/\\\/lequotidien.mr\\\/#website\"},\"primaryImageOfPage\":{\"@id\":\"https:\\\/\\\/lequotidien.mr\\\/?p=31664&lang=fr#primaryimage\"},\"image\":{\"@id\":\"https:\\\/\\\/lequotidien.mr\\\/?p=31664&lang=fr#primaryimage\"},\"thumbnailUrl\":\"https:\\\/\\\/lequotidien.mr\\\/wp-content\\\/uploads\\\/2025\\\/10\\\/photo-commission-mixte-mauritano-irquienne.jpg\",\"datePublished\":\"2025-10-14T22:08:51+00:00\",\"breadcrumb\":{\"@id\":\"https:\\\/\\\/lequotidien.mr\\\/?p=31664&lang=fr#breadcrumb\"},\"inLanguage\":\"ar\",\"potentialAction\":[{\"@type\":\"ReadAction\",\"target\":[\"https:\\\/\\\/lequotidien.mr\\\/?p=31664&lang=fr\"]}]},{\"@type\":\"ImageObject\",\"inLanguage\":\"ar\",\"@id\":\"https:\\\/\\\/lequotidien.mr\\\/?p=31664&lang=fr#primaryimage\",\"url\":\"https:\\\/\\\/lequotidien.mr\\\/wp-content\\\/uploads\\\/2025\\\/10\\\/photo-commission-mixte-mauritano-irquienne.jpg\",\"contentUrl\":\"https:\\\/\\\/lequotidien.mr\\\/wp-content\\\/uploads\\\/2025\\\/10\\\/photo-commission-mixte-mauritano-irquienne.jpg\",\"width\":750,\"height\":430},{\"@type\":\"BreadcrumbList\",\"@id\":\"https:\\\/\\\/lequotidien.mr\\\/?p=31664&lang=fr#breadcrumb\",\"itemListElement\":[{\"@type\":\"ListItem\",\"position\":1,\"name\":\"Home\",\"item\":\"https:\\\/\\\/lequotidien.mr\\\/\"},{\"@type\":\"ListItem\",\"position\":2,\"name\":\"Bagdad accueille la Deuxi\u00e8me Session de la Commission Mixte Mauritano-Irakienne : Une coop\u00e9ration renforc\u00e9e par la signature de huit accords\"}]},{\"@type\":\"WebSite\",\"@id\":\"https:\\\/\\\/lequotidien.mr\\\/#website\",\"url\":\"https:\\\/\\\/lequotidien.mr\\\/\",\"name\":\"Le Quotidien de Nouakchott\",\"description\":\"\u0625\u062e\u0628\u0627\u0631\u064a\u0629 \u0645\u0633\u062a\u0642\u0644\u0629 \u0644\u0644\u0623\u0646\u0628\u0627\u0621 \u0627\u0644\u0639\u0627\u0645\u0629\",\"publisher\":{\"@id\":\"https:\\\/\\\/lequotidien.mr\\\/#organization\"},\"potentialAction\":[{\"@type\":\"SearchAction\",\"target\":{\"@type\":\"EntryPoint\",\"urlTemplate\":\"https:\\\/\\\/lequotidien.mr\\\/?s={search_term_string}\"},\"query-input\":{\"@type\":\"PropertyValueSpecification\",\"valueRequired\":true,\"valueName\":\"search_term_string\"}}],\"inLanguage\":\"ar\"},{\"@type\":\"Organization\",\"@id\":\"https:\\\/\\\/lequotidien.mr\\\/#organization\",\"name\":\"Le Quotidien de Nouakchott\",\"url\":\"https:\\\/\\\/lequotidien.mr\\\/\",\"logo\":{\"@type\":\"ImageObject\",\"inLanguage\":\"ar\",\"@id\":\"https:\\\/\\\/lequotidien.mr\\\/#\\\/schema\\\/logo\\\/image\\\/\",\"url\":\"https:\\\/\\\/lequotidien.mr\\\/wp-content\\\/uploads\\\/2022\\\/11\\\/logolequotidien.jpg\",\"contentUrl\":\"https:\\\/\\\/lequotidien.mr\\\/wp-content\\\/uploads\\\/2022\\\/11\\\/logolequotidien.jpg\",\"width\":290,\"height\":65,\"caption\":\"Le Quotidien de Nouakchott\"},\"image\":{\"@id\":\"https:\\\/\\\/lequotidien.mr\\\/#\\\/schema\\\/logo\\\/image\\\/\"},\"sameAs\":[\"https:\\\/\\\/web.facebook.com\\\/lequotidienmr\",\"https:\\\/\\\/x.com\\\/lequotidienmr\"]},{\"@type\":\"Person\",\"@id\":\"https:\\\/\\\/lequotidien.mr\\\/#\\\/schema\\\/person\\\/d2d350202a4d599685ed8abc25f97596\",\"name\":\"Med Ahmed\",\"image\":{\"@type\":\"ImageObject\",\"inLanguage\":\"ar\",\"@id\":\"https:\\\/\\\/secure.gravatar.com\\\/avatar\\\/fd2acc62ed50732923d1d39c17172c9b04149f142be92310ecc69e1358f94b52?s=96&d=mm&r=g\",\"url\":\"https:\\\/\\\/secure.gravatar.com\\\/avatar\\\/fd2acc62ed50732923d1d39c17172c9b04149f142be92310ecc69e1358f94b52?s=96&d=mm&r=g\",\"contentUrl\":\"https:\\\/\\\/secure.gravatar.com\\\/avatar\\\/fd2acc62ed50732923d1d39c17172c9b04149f142be92310ecc69e1358f94b52?s=96&d=mm&r=g\",\"caption\":\"Med Ahmed\"},\"url\":\"https:\\\/\\\/lequotidien.mr\\\/?author=12\"}]}<\/script>\n<!-- \/ Yoast SEO plugin. -->","yoast_head_json":{"title":"Bagdad accueille la Deuxi\u00e8me Session de la Commission Mixte Mauritano-Irakienne : Une coop\u00e9ration renforc\u00e9e par la signature de huit accords - Le Quotidien de Nouakchott","robots":{"index":"index","follow":"follow","max-snippet":"max-snippet:-1","max-image-preview":"max-image-preview:large","max-video-preview":"max-video-preview:-1"},"canonical":"https:\/\/lequotidien.mr\/?p=31664&lang=fr","og_locale":"ar_AR","og_type":"article","og_title":"Bagdad accueille la Deuxi\u00e8me Session de la Commission Mixte Mauritano-Irakienne : Une coop\u00e9ration renforc\u00e9e par la signature de huit accords - Le Quotidien de Nouakchott","og_description":"Sous le haut patronage du Premier ministre irakien, M. Mohammed Shia al-Sudani, la capitale irakienne a abrit\u00e9, ce mardi, l&#8217;ouverture des travaux de la deuxi\u00e8me session de la Commission mixte mauritano-irakienne de coop\u00e9ration. Cet \u00e9v\u00e9nement marquant t\u00e9moigne de la volont\u00e9 commune des deux pays \u00e0 dynamiser et \u00e0 diversifier leur partenariat. Une ouverture sous le.....","og_url":"https:\/\/lequotidien.mr\/?p=31664&lang=fr","og_site_name":"Le Quotidien de Nouakchott","article_publisher":"https:\/\/web.facebook.com\/lequotidienmr","article_published_time":"2025-10-14T22:08:51+00:00","og_image":[{"width":750,"height":430,"url":"https:\/\/lequotidien.mr\/wp-content\/uploads\/2025\/10\/photo-commission-mixte-mauritano-irquienne.jpg","type":"image\/jpeg"}],"author":"Med Ahmed","twitter_card":"summary_large_image","twitter_creator":"@lequotidienmr","twitter_site":"@lequotidienmr","twitter_misc":{"\u0643\u064f\u062a\u0628 \u0628\u0648\u0627\u0633\u0637\u0629":"Med Ahmed","\u0648\u0642\u062a \u0627\u0644\u0642\u0631\u0627\u0621\u0629 \u0627\u0644\u0645\u064f\u0642\u062f\u0651\u0631":"4 \u062f\u0642\u0627\u0626\u0642"},"schema":{"@context":"https:\/\/schema.org","@graph":[{"@type":"Article","@id":"https:\/\/lequotidien.mr\/?p=31664&lang=fr#article","isPartOf":{"@id":"https:\/\/lequotidien.mr\/?p=31664&lang=fr"},"author":{"name":"Med Ahmed","@id":"https:\/\/lequotidien.mr\/#\/schema\/person\/d2d350202a4d599685ed8abc25f97596"},"headline":"Bagdad accueille la Deuxi\u00e8me Session de la Commission Mixte Mauritano-Irakienne : Une coop\u00e9ration renforc\u00e9e par la signature de huit accords","datePublished":"2025-10-14T22:08:51+00:00","mainEntityOfPage":{"@id":"https:\/\/lequotidien.mr\/?p=31664&lang=fr"},"wordCount":568,"commentCount":0,"publisher":{"@id":"https:\/\/lequotidien.mr\/#organization"},"image":{"@id":"https:\/\/lequotidien.mr\/?p=31664&lang=fr#primaryimage"},"thumbnailUrl":"https:\/\/lequotidien.mr\/wp-content\/uploads\/2025\/10\/photo-commission-mixte-mauritano-irquienne.jpg","articleSection":["ACTUALIT\u00c9","Economie"],"inLanguage":"ar","potentialAction":[{"@type":"CommentAction","name":"Comment","target":["https:\/\/lequotidien.mr\/?p=31664&lang=fr#respond"]}]},{"@type":"WebPage","@id":"https:\/\/lequotidien.mr\/?p=31664&lang=fr","url":"https:\/\/lequotidien.mr\/?p=31664&lang=fr","name":"Bagdad accueille la Deuxi\u00e8me Session de la Commission Mixte Mauritano-Irakienne : Une coop\u00e9ration renforc\u00e9e par la signature de huit accords - Le Quotidien de Nouakchott","isPartOf":{"@id":"https:\/\/lequotidien.mr\/#website"},"primaryImageOfPage":{"@id":"https:\/\/lequotidien.mr\/?p=31664&lang=fr#primaryimage"},"image":{"@id":"https:\/\/lequotidien.mr\/?p=31664&lang=fr#primaryimage"},"thumbnailUrl":"https:\/\/lequotidien.mr\/wp-content\/uploads\/2025\/10\/photo-commission-mixte-mauritano-irquienne.jpg","datePublished":"2025-10-14T22:08:51+00:00","breadcrumb":{"@id":"https:\/\/lequotidien.mr\/?p=31664&lang=fr#breadcrumb"},"inLanguage":"ar","potentialAction":[{"@type":"ReadAction","target":["https:\/\/lequotidien.mr\/?p=31664&lang=fr"]}]},{"@type":"ImageObject","inLanguage":"ar","@id":"https:\/\/lequotidien.mr\/?p=31664&lang=fr#primaryimage","url":"https:\/\/lequotidien.mr\/wp-content\/uploads\/2025\/10\/photo-commission-mixte-mauritano-irquienne.jpg","contentUrl":"https:\/\/lequotidien.mr\/wp-content\/uploads\/2025\/10\/photo-commission-mixte-mauritano-irquienne.jpg","width":750,"height":430},{"@type":"BreadcrumbList","@id":"https:\/\/lequotidien.mr\/?p=31664&lang=fr#breadcrumb","itemListElement":[{"@type":"ListItem","position":1,"name":"Home","item":"https:\/\/lequotidien.mr\/"},{"@type":"ListItem","position":2,"name":"Bagdad accueille la Deuxi\u00e8me Session de la Commission Mixte Mauritano-Irakienne : Une coop\u00e9ration renforc\u00e9e par la signature de huit accords"}]},{"@type":"WebSite","@id":"https:\/\/lequotidien.mr\/#website","url":"https:\/\/lequotidien.mr\/","name":"Le Quotidien de Nouakchott","description":"\u0625\u062e\u0628\u0627\u0631\u064a\u0629 \u0645\u0633\u062a\u0642\u0644\u0629 \u0644\u0644\u0623\u0646\u0628\u0627\u0621 \u0627\u0644\u0639\u0627\u0645\u0629","publisher":{"@id":"https:\/\/lequotidien.mr\/#organization"},"potentialAction":[{"@type":"SearchAction","target":{"@type":"EntryPoint","urlTemplate":"https:\/\/lequotidien.mr\/?s={search_term_string}"},"query-input":{"@type":"PropertyValueSpecification","valueRequired":true,"valueName":"search_term_string"}}],"inLanguage":"ar"},{"@type":"Organization","@id":"https:\/\/lequotidien.mr\/#organization","name":"Le Quotidien de Nouakchott","url":"https:\/\/lequotidien.mr\/","logo":{"@type":"ImageObject","inLanguage":"ar","@id":"https:\/\/lequotidien.mr\/#\/schema\/logo\/image\/","url":"https:\/\/lequotidien.mr\/wp-content\/uploads\/2022\/11\/logolequotidien.jpg","contentUrl":"https:\/\/lequotidien.mr\/wp-content\/uploads\/2022\/11\/logolequotidien.jpg","width":290,"height":65,"caption":"Le Quotidien de Nouakchott"},"image":{"@id":"https:\/\/lequotidien.mr\/#\/schema\/logo\/image\/"},"sameAs":["https:\/\/web.facebook.com\/lequotidienmr","https:\/\/x.com\/lequotidienmr"]},{"@type":"Person","@id":"https:\/\/lequotidien.mr\/#\/schema\/person\/d2d350202a4d599685ed8abc25f97596","name":"Med Ahmed","image":{"@type":"ImageObject","inLanguage":"ar","@id":"https:\/\/secure.gravatar.com\/avatar\/fd2acc62ed50732923d1d39c17172c9b04149f142be92310ecc69e1358f94b52?s=96&d=mm&r=g","url":"https:\/\/secure.gravatar.com\/avatar\/fd2acc62ed50732923d1d39c17172c9b04149f142be92310ecc69e1358f94b52?s=96&d=mm&r=g","contentUrl":"https:\/\/secure.gravatar.com\/avatar\/fd2acc62ed50732923d1d39c17172c9b04149f142be92310ecc69e1358f94b52?s=96&d=mm&r=g","caption":"Med Ahmed"},"url":"https:\/\/lequotidien.mr\/?author=12"}]}},"_links":{"self":[{"href":"https:\/\/lequotidien.mr\/index.php?rest_route=\/wp\/v2\/posts\/31664","targetHints":{"allow":["GET"]}}],"collection":[{"href":"https:\/\/lequotidien.mr\/index.php?rest_route=\/wp\/v2\/posts"}],"about":[{"href":"https:\/\/lequotidien.mr\/index.php?rest_route=\/wp\/v2\/types\/post"}],"author":[{"embeddable":true,"href":"https:\/\/lequotidien.mr\/index.php?rest_route=\/wp\/v2\/users\/12"}],"replies":[{"embeddable":true,"href":"https:\/\/lequotidien.mr\/index.php?rest_route=%2Fwp%2Fv2%2Fcomments&post=31664"}],"version-history":[{"count":1,"href":"https:\/\/lequotidien.mr\/index.php?rest_route=\/wp\/v2\/posts\/31664\/revisions"}],"predecessor-version":[{"id":31666,"href":"https:\/\/lequotidien.mr\/index.php?rest_route=\/wp\/v2\/posts\/31664\/revisions\/31666"}],"wp:featuredmedia":[{"embeddable":true,"href":"https:\/\/lequotidien.mr\/index.php?rest_route=\/wp\/v2\/media\/31665"}],"wp:attachment":[{"href":"https:\/\/lequotidien.mr\/index.php?rest_route=%2Fwp%2Fv2%2Fmedia&parent=31664"}],"wp:term":[{"taxonomy":"category","embeddable":true,"href":"https:\/\/lequotidien.mr\/index.php?rest_route=%2Fwp%2Fv2%2Fcategories&post=31664"},{"taxonomy":"post_tag","embeddable":true,"href":"https:\/\/lequotidien.mr\/index.php?rest_route=%2Fwp%2Fv2%2Ftags&post=31664"}],"curies":[{"name":"wp","href":"https:\/\/api.w.org\/{rel}","templated":true}]}}