{"id":31661,"date":"2025-10-14T21:19:45","date_gmt":"2025-10-14T21:19:45","guid":{"rendered":"https:\/\/lequotidien.mr\/?p=31661"},"modified":"2025-10-14T21:19:45","modified_gmt":"2025-10-14T21:19:45","slug":"lancement-du-programme-national-de-classification-des-etablissements-hoteliers-une-nouvelle-ere-pour-le-tourisme-mauritanien","status":"publish","type":"post","link":"https:\/\/lequotidien.mr\/?p=31661&lang=fr","title":{"rendered":"Lancement du Programme National de Classification des \u00e9tablissements h\u00f4teliers : Une nouvelle \u00e8re pour le tourisme mauritanien"},"content":{"rendered":"<p>Sous la pr\u00e9sidence conjointe de <strong>Mme Zeinebou Ahmednah, ministre du Commerce et du Tourisme, et de Mme Naha Hamdi Meknass, ministre de l\u2019Habitat et de l\u2019Urbanisme<\/strong>, la capitale mauritanienne a abrit\u00e9 ce lundi le lancement officiel du Programme National de Classification des \u00c9tablissements H\u00f4teliers. Cette initiative majeure s\u2019inscrit au c\u0153ur de la strat\u00e9gie nationale visant \u00e0 b\u00e2tir une industrie touristique comp\u00e9titive et de qualit\u00e9.<\/p>\n<p><strong>Une pierre angulaire pour une renaissance touristique<\/strong><\/p>\n<p>Dans son allocution d\u2019ouverture, Mme Zeinebou Ahmednah a exprim\u00e9 sa grande satisfaction de lancer ce programme, qu\u2019elle a qualifi\u00e9 de <strong><em>\u00ab pierre angulaire distinctive suppl\u00e9mentaire vers la construction d\u2019une industrie touristique int\u00e9gr\u00e9e \u00bb<\/em><\/strong>. Elle a soulign\u00e9 la vision du programme : <strong><em>\u00ab enraciner la culture de la qualit\u00e9 dans nos institutions touristiques, renforcer la confiance des visiteurs et des investisseurs, soutenir et qualifier les cadres nationaux, et encourager l\u2019innovation dans l\u2019offre d\u2019une exp\u00e9rience touristique de qualit\u00e9 \u00bb.<\/em><\/strong><\/p>\n<p>La ministre a plac\u00e9 cette d\u00e9marche dans le cadre de la <strong><em>\u00ab renaissance touristique \u00bb<\/em><\/strong> du pays, une industrie qui se veut <strong><em>\u00ab en phase avec l\u2019\u00e9poque, puisant son esprit dans l\u2019authenticit\u00e9 de notre patrie et sa richesse humaine et civilisationnelle \u00bb.<\/em><\/strong><\/p>\n<p>Mme Ahmednah a rappel\u00e9 que ce lancement s\u2019inscrit dans le cadre d\u2019une <strong><em>\u00ab vision nationale ambitieuse \u00bb<\/em><\/strong> port\u00e9e par le Pr\u00e9sident de la R\u00e9publique, Monsieur Mohamed Cheikh El Ghazouani. <strong><em>\u00ab Lorsqu\u2019il a fait du tourisme un pilier essentiel de son projet de d\u00e9veloppement global, convaincu que le tourisme n\u2019est pas seulement un luxe \u00e9conomique, mais un pont vers le d\u00e9veloppement et une opportunit\u00e9 de faire conna\u00eetre la belle Mauritanie (terre de diversit\u00e9 et de patrimoine) \u00bb<\/em><\/strong>, a-t-elle d\u00e9clar\u00e9.<\/p>\n<p><strong>Vers une hospitalit\u00e9 mauritanienne de niveau international<\/strong><\/p>\n<p>D\u00e9finissant l&#8217;ambition du programme, la ministre du Commerce et du Tourisme en a fait <strong><em>\u00ab une \u00e9tape confiante dans le processus de construction touristique moderne et un appel \u00e0 faire de chaque \u00e9tablissement h\u00f4telier une vitrine honorable pour la nation, et de chaque service une exp\u00e9rience m\u00e9morable \u00bb.<\/em><\/strong><\/p>\n<p>Elle a lanc\u00e9 un appel pressant aux diff\u00e9rents acteurs du secteur \u00e0 <strong><em>\u00ab s\u2019engager s\u00e9rieusement et avec d\u00e9termination dans le processus de classification et de qualit\u00e9 \u00bb<\/em><\/strong>. Pour elle, l&#8217;objectif ultime d\u00e9passe la simple conformit\u00e9 : <strong><em>\u00ab dans cette d\u00e9marche s\u00e9rieuse, nous ne recherchons pas seulement la conformit\u00e9 aux normes, mais la cr\u00e9ation d\u2019une hospitalit\u00e9 mauritanienne d\u2019identit\u00e9 de niveau mondial \u00bb<\/em><\/strong>.<\/p>\n<p><strong>Un pilier fondamental pour l&#8217;image du pays<\/strong><\/p>\n<p>Apportant le point de vue des professionnels, <strong><em>M. Khalil Mokhtari, chef du d\u00e9partement d\u2019ing\u00e9nierie de la F\u00e9d\u00e9ration du Commerce et du Tourisme<\/em><\/strong>, a soulign\u00e9 le r\u00f4le central du secteur h\u00f4telier. Il l&#8217;a d\u00e9crit comme <strong><em>\u00ab l\u2019un des piliers fondamentaux de l\u2019industrie du tourisme dans notre pays, repr\u00e9sentant la premi\u00e8re vitrine de l\u2019\u00c9tat et son v\u00e9ritable miroir \u00bb.<\/em><\/strong><\/p>\n<p>Il a \u00e9galement exprim\u00e9 sa gratitude au Pr\u00e9sident de la R\u00e9publique et au gouvernement, en particulier au Premier ministre, pour leurs efforts visant \u00e0 construire \u00ab une industrie h\u00f4teli\u00e8re et un tourisme modernes qui mettent en valeur le visage radieux de notre pays \u00bb.<\/p>\n<p><strong>Cristalliser une vision claire de l&#8217;offre h\u00f4teli\u00e8re<\/strong><\/p>\n<p>Un expos\u00e9 d\u00e9taill\u00e9 sur le tourisme a \u00e9t\u00e9 pr\u00e9sent\u00e9 par <strong>M. Kissy Diallo, Directeur des \u00c9tudes et de la Coop\u00e9ration au minist\u00e8re du Commerce et du Tourisme<\/strong>. Il a mis en lumi\u00e8re l&#8217;importance du tourisme \u00e0 l&#8217;\u00e9chelle mondiale, qui repr\u00e9sente <strong><em>\u00ab 10 % du produit int\u00e9rieur brut mondial \u00bb.<\/em><\/strong><\/p>\n<p>M. Diallo a insist\u00e9 sur l&#8217;importance du nouveau programme de classification qui vise \u00e0 <strong><em>\u00ab \u00e9tablir un syst\u00e8me officiel de classification des \u00e9tablissements h\u00f4teliers selon les normes appliqu\u00e9es \u00bb<\/em><\/strong>. Cette d\u00e9marche aboutira, a-t-il expliqu\u00e9, \u00e0 <strong><em>\u00ab l\u2019\u00e9laboration d\u2019une liste officielle des h\u00f4tels class\u00e9s \u00bb<\/em><\/strong> et \u00e0 <strong><em>\u00ab la cristallisation d\u2019une vision claire de l\u2019offre h\u00f4teli\u00e8re nationale \u00bb<\/em><\/strong>, permettant ainsi aux visiteurs de faire des choix \u00e9clair\u00e9s et aux autorit\u00e9s de mieux planifier le d\u00e9veloppement du secteur.<\/p>\n<p>La c\u00e9r\u00e9monie d\u2019ouverture s\u2019est d\u00e9roul\u00e9e en pr\u00e9sence du wali de Nouakchott Ouest, du hakem de la Moughataa de Tevragh-Zeina, du maire de la commune, ainsi que d\u2019un repr\u00e9sentant de la r\u00e9gion de Nouakchott, marquant l\u2019importance collective accord\u00e9e \u00e0 ce projet structurant pour l\u2019avenir \u00e9conomique et culturel de la Mauritanie.<\/p>\n","protected":false},"excerpt":{"rendered":"<p>Sous la pr\u00e9sidence conjointe de Mme Zeinebou Ahmednah, ministre du Commerce et du Tourisme, et de Mme Naha Hamdi Meknass, ministre de l\u2019Habitat et de l\u2019Urbanisme, la capitale mauritanienne a abrit\u00e9 ce lundi le lancement officiel du Programme National de Classification des \u00c9tablissements H\u00f4teliers. Cette initiative majeure s\u2019inscrit au c\u0153ur de la strat\u00e9gie nationale visant&#8230;..<\/p>\n","protected":false},"author":12,"featured_media":31662,"comment_status":"open","ping_status":"open","sticky":false,"template":"","format":"standard","meta":{"footnotes":""},"categories":[23,49],"tags":[],"class_list":["post-31661","post","type-post","status-publish","format-standard","has-post-thumbnail","hentry","category-actualite","category-economie"],"yoast_head":"<!-- This site is optimized with the Yoast SEO plugin v27.5 - https:\/\/yoast.com\/product\/yoast-seo-wordpress\/ -->\n<title>Lancement du Programme National de Classification des \u00e9tablissements h\u00f4teliers : Une nouvelle \u00e8re pour le tourisme mauritanien - Le Quotidien de Nouakchott<\/title>\n<meta name=\"robots\" content=\"index, follow, max-snippet:-1, max-image-preview:large, max-video-preview:-1\" \/>\n<link rel=\"canonical\" href=\"https:\/\/lequotidien.mr\/?p=31661&lang=fr\" \/>\n<meta property=\"og:locale\" content=\"ar_AR\" \/>\n<meta property=\"og:type\" content=\"article\" \/>\n<meta property=\"og:title\" content=\"Lancement du Programme National de Classification des \u00e9tablissements h\u00f4teliers : Une nouvelle \u00e8re pour le tourisme mauritanien - Le Quotidien de Nouakchott\" \/>\n<meta property=\"og:description\" content=\"Sous la pr\u00e9sidence conjointe de Mme Zeinebou Ahmednah, ministre du Commerce et du Tourisme, et de Mme Naha Hamdi Meknass, ministre de l\u2019Habitat et de l\u2019Urbanisme, la capitale mauritanienne a abrit\u00e9 ce lundi le lancement officiel du Programme National de Classification des \u00c9tablissements H\u00f4teliers. Cette initiative majeure s\u2019inscrit au c\u0153ur de la strat\u00e9gie nationale visant.....\" \/>\n<meta property=\"og:url\" content=\"https:\/\/lequotidien.mr\/?p=31661&amp;lang=fr\" \/>\n<meta property=\"og:site_name\" content=\"Le Quotidien de Nouakchott\" \/>\n<meta property=\"article:publisher\" content=\"https:\/\/web.facebook.com\/lequotidienmr\" \/>\n<meta property=\"article:published_time\" content=\"2025-10-14T21:19:45+00:00\" \/>\n<meta property=\"og:image\" content=\"https:\/\/lequotidien.mr\/wp-content\/uploads\/2025\/10\/photo-classification-hotels.jpg\" \/>\n\t<meta property=\"og:image:width\" content=\"607\" \/>\n\t<meta property=\"og:image:height\" content=\"430\" \/>\n\t<meta property=\"og:image:type\" content=\"image\/jpeg\" \/>\n<meta name=\"author\" content=\"Med Ahmed\" \/>\n<meta name=\"twitter:card\" content=\"summary_large_image\" \/>\n<meta name=\"twitter:creator\" content=\"@lequotidienmr\" \/>\n<meta name=\"twitter:site\" content=\"@lequotidienmr\" \/>\n<meta name=\"twitter:label1\" content=\"\u0643\u064f\u062a\u0628 \u0628\u0648\u0627\u0633\u0637\u0629\" \/>\n\t<meta name=\"twitter:data1\" content=\"Med Ahmed\" \/>\n\t<meta name=\"twitter:label2\" content=\"\u0648\u0642\u062a \u0627\u0644\u0642\u0631\u0627\u0621\u0629 \u0627\u0644\u0645\u064f\u0642\u062f\u0651\u0631\" \/>\n\t<meta name=\"twitter:data2\" content=\"5 \u062f\u0642\u0627\u0626\u0642\" \/>\n<script type=\"application\/ld+json\" class=\"yoast-schema-graph\">{\"@context\":\"https:\\\/\\\/schema.org\",\"@graph\":[{\"@type\":\"Article\",\"@id\":\"https:\\\/\\\/lequotidien.mr\\\/?p=31661&lang=fr#article\",\"isPartOf\":{\"@id\":\"https:\\\/\\\/lequotidien.mr\\\/?p=31661&lang=fr\"},\"author\":{\"name\":\"Med Ahmed\",\"@id\":\"https:\\\/\\\/lequotidien.mr\\\/#\\\/schema\\\/person\\\/d2d350202a4d599685ed8abc25f97596\"},\"headline\":\"Lancement du Programme National de Classification des \u00e9tablissements h\u00f4teliers : Une nouvelle \u00e8re pour le tourisme mauritanien\",\"datePublished\":\"2025-10-14T21:19:45+00:00\",\"mainEntityOfPage\":{\"@id\":\"https:\\\/\\\/lequotidien.mr\\\/?p=31661&lang=fr\"},\"wordCount\":757,\"commentCount\":0,\"publisher\":{\"@id\":\"https:\\\/\\\/lequotidien.mr\\\/#organization\"},\"image\":{\"@id\":\"https:\\\/\\\/lequotidien.mr\\\/?p=31661&lang=fr#primaryimage\"},\"thumbnailUrl\":\"https:\\\/\\\/lequotidien.mr\\\/wp-content\\\/uploads\\\/2025\\\/10\\\/photo-classification-hotels.jpg\",\"articleSection\":[\"ACTUALIT\u00c9\",\"Economie\"],\"inLanguage\":\"ar\",\"potentialAction\":[{\"@type\":\"CommentAction\",\"name\":\"Comment\",\"target\":[\"https:\\\/\\\/lequotidien.mr\\\/?p=31661&lang=fr#respond\"]}]},{\"@type\":\"WebPage\",\"@id\":\"https:\\\/\\\/lequotidien.mr\\\/?p=31661&lang=fr\",\"url\":\"https:\\\/\\\/lequotidien.mr\\\/?p=31661&lang=fr\",\"name\":\"Lancement du Programme National de Classification des \u00e9tablissements h\u00f4teliers : Une nouvelle \u00e8re pour le tourisme mauritanien - Le Quotidien de Nouakchott\",\"isPartOf\":{\"@id\":\"https:\\\/\\\/lequotidien.mr\\\/#website\"},\"primaryImageOfPage\":{\"@id\":\"https:\\\/\\\/lequotidien.mr\\\/?p=31661&lang=fr#primaryimage\"},\"image\":{\"@id\":\"https:\\\/\\\/lequotidien.mr\\\/?p=31661&lang=fr#primaryimage\"},\"thumbnailUrl\":\"https:\\\/\\\/lequotidien.mr\\\/wp-content\\\/uploads\\\/2025\\\/10\\\/photo-classification-hotels.jpg\",\"datePublished\":\"2025-10-14T21:19:45+00:00\",\"breadcrumb\":{\"@id\":\"https:\\\/\\\/lequotidien.mr\\\/?p=31661&lang=fr#breadcrumb\"},\"inLanguage\":\"ar\",\"potentialAction\":[{\"@type\":\"ReadAction\",\"target\":[\"https:\\\/\\\/lequotidien.mr\\\/?p=31661&lang=fr\"]}]},{\"@type\":\"ImageObject\",\"inLanguage\":\"ar\",\"@id\":\"https:\\\/\\\/lequotidien.mr\\\/?p=31661&lang=fr#primaryimage\",\"url\":\"https:\\\/\\\/lequotidien.mr\\\/wp-content\\\/uploads\\\/2025\\\/10\\\/photo-classification-hotels.jpg\",\"contentUrl\":\"https:\\\/\\\/lequotidien.mr\\\/wp-content\\\/uploads\\\/2025\\\/10\\\/photo-classification-hotels.jpg\",\"width\":607,\"height\":430},{\"@type\":\"BreadcrumbList\",\"@id\":\"https:\\\/\\\/lequotidien.mr\\\/?p=31661&lang=fr#breadcrumb\",\"itemListElement\":[{\"@type\":\"ListItem\",\"position\":1,\"name\":\"Home\",\"item\":\"https:\\\/\\\/lequotidien.mr\\\/\"},{\"@type\":\"ListItem\",\"position\":2,\"name\":\"Lancement du Programme National de Classification des \u00e9tablissements h\u00f4teliers : Une nouvelle \u00e8re pour le tourisme mauritanien\"}]},{\"@type\":\"WebSite\",\"@id\":\"https:\\\/\\\/lequotidien.mr\\\/#website\",\"url\":\"https:\\\/\\\/lequotidien.mr\\\/\",\"name\":\"Le Quotidien de Nouakchott\",\"description\":\"\u0625\u062e\u0628\u0627\u0631\u064a\u0629 \u0645\u0633\u062a\u0642\u0644\u0629 \u0644\u0644\u0623\u0646\u0628\u0627\u0621 \u0627\u0644\u0639\u0627\u0645\u0629\",\"publisher\":{\"@id\":\"https:\\\/\\\/lequotidien.mr\\\/#organization\"},\"potentialAction\":[{\"@type\":\"SearchAction\",\"target\":{\"@type\":\"EntryPoint\",\"urlTemplate\":\"https:\\\/\\\/lequotidien.mr\\\/?s={search_term_string}\"},\"query-input\":{\"@type\":\"PropertyValueSpecification\",\"valueRequired\":true,\"valueName\":\"search_term_string\"}}],\"inLanguage\":\"ar\"},{\"@type\":\"Organization\",\"@id\":\"https:\\\/\\\/lequotidien.mr\\\/#organization\",\"name\":\"Le Quotidien de Nouakchott\",\"url\":\"https:\\\/\\\/lequotidien.mr\\\/\",\"logo\":{\"@type\":\"ImageObject\",\"inLanguage\":\"ar\",\"@id\":\"https:\\\/\\\/lequotidien.mr\\\/#\\\/schema\\\/logo\\\/image\\\/\",\"url\":\"https:\\\/\\\/lequotidien.mr\\\/wp-content\\\/uploads\\\/2022\\\/11\\\/logolequotidien.jpg\",\"contentUrl\":\"https:\\\/\\\/lequotidien.mr\\\/wp-content\\\/uploads\\\/2022\\\/11\\\/logolequotidien.jpg\",\"width\":290,\"height\":65,\"caption\":\"Le Quotidien de Nouakchott\"},\"image\":{\"@id\":\"https:\\\/\\\/lequotidien.mr\\\/#\\\/schema\\\/logo\\\/image\\\/\"},\"sameAs\":[\"https:\\\/\\\/web.facebook.com\\\/lequotidienmr\",\"https:\\\/\\\/x.com\\\/lequotidienmr\"]},{\"@type\":\"Person\",\"@id\":\"https:\\\/\\\/lequotidien.mr\\\/#\\\/schema\\\/person\\\/d2d350202a4d599685ed8abc25f97596\",\"name\":\"Med Ahmed\",\"image\":{\"@type\":\"ImageObject\",\"inLanguage\":\"ar\",\"@id\":\"https:\\\/\\\/secure.gravatar.com\\\/avatar\\\/fd2acc62ed50732923d1d39c17172c9b04149f142be92310ecc69e1358f94b52?s=96&d=mm&r=g\",\"url\":\"https:\\\/\\\/secure.gravatar.com\\\/avatar\\\/fd2acc62ed50732923d1d39c17172c9b04149f142be92310ecc69e1358f94b52?s=96&d=mm&r=g\",\"contentUrl\":\"https:\\\/\\\/secure.gravatar.com\\\/avatar\\\/fd2acc62ed50732923d1d39c17172c9b04149f142be92310ecc69e1358f94b52?s=96&d=mm&r=g\",\"caption\":\"Med Ahmed\"},\"url\":\"https:\\\/\\\/lequotidien.mr\\\/?author=12\"}]}<\/script>\n<!-- \/ Yoast SEO plugin. -->","yoast_head_json":{"title":"Lancement du Programme National de Classification des \u00e9tablissements h\u00f4teliers : Une nouvelle \u00e8re pour le tourisme mauritanien - Le Quotidien de Nouakchott","robots":{"index":"index","follow":"follow","max-snippet":"max-snippet:-1","max-image-preview":"max-image-preview:large","max-video-preview":"max-video-preview:-1"},"canonical":"https:\/\/lequotidien.mr\/?p=31661&lang=fr","og_locale":"ar_AR","og_type":"article","og_title":"Lancement du Programme National de Classification des \u00e9tablissements h\u00f4teliers : Une nouvelle \u00e8re pour le tourisme mauritanien - Le Quotidien de Nouakchott","og_description":"Sous la pr\u00e9sidence conjointe de Mme Zeinebou Ahmednah, ministre du Commerce et du Tourisme, et de Mme Naha Hamdi Meknass, ministre de l\u2019Habitat et de l\u2019Urbanisme, la capitale mauritanienne a abrit\u00e9 ce lundi le lancement officiel du Programme National de Classification des \u00c9tablissements H\u00f4teliers. Cette initiative majeure s\u2019inscrit au c\u0153ur de la strat\u00e9gie nationale visant.....","og_url":"https:\/\/lequotidien.mr\/?p=31661&lang=fr","og_site_name":"Le Quotidien de Nouakchott","article_publisher":"https:\/\/web.facebook.com\/lequotidienmr","article_published_time":"2025-10-14T21:19:45+00:00","og_image":[{"width":607,"height":430,"url":"https:\/\/lequotidien.mr\/wp-content\/uploads\/2025\/10\/photo-classification-hotels.jpg","type":"image\/jpeg"}],"author":"Med Ahmed","twitter_card":"summary_large_image","twitter_creator":"@lequotidienmr","twitter_site":"@lequotidienmr","twitter_misc":{"\u0643\u064f\u062a\u0628 \u0628\u0648\u0627\u0633\u0637\u0629":"Med Ahmed","\u0648\u0642\u062a \u0627\u0644\u0642\u0631\u0627\u0621\u0629 \u0627\u0644\u0645\u064f\u0642\u062f\u0651\u0631":"5 \u062f\u0642\u0627\u0626\u0642"},"schema":{"@context":"https:\/\/schema.org","@graph":[{"@type":"Article","@id":"https:\/\/lequotidien.mr\/?p=31661&lang=fr#article","isPartOf":{"@id":"https:\/\/lequotidien.mr\/?p=31661&lang=fr"},"author":{"name":"Med Ahmed","@id":"https:\/\/lequotidien.mr\/#\/schema\/person\/d2d350202a4d599685ed8abc25f97596"},"headline":"Lancement du Programme National de Classification des \u00e9tablissements h\u00f4teliers : Une nouvelle \u00e8re pour le tourisme mauritanien","datePublished":"2025-10-14T21:19:45+00:00","mainEntityOfPage":{"@id":"https:\/\/lequotidien.mr\/?p=31661&lang=fr"},"wordCount":757,"commentCount":0,"publisher":{"@id":"https:\/\/lequotidien.mr\/#organization"},"image":{"@id":"https:\/\/lequotidien.mr\/?p=31661&lang=fr#primaryimage"},"thumbnailUrl":"https:\/\/lequotidien.mr\/wp-content\/uploads\/2025\/10\/photo-classification-hotels.jpg","articleSection":["ACTUALIT\u00c9","Economie"],"inLanguage":"ar","potentialAction":[{"@type":"CommentAction","name":"Comment","target":["https:\/\/lequotidien.mr\/?p=31661&lang=fr#respond"]}]},{"@type":"WebPage","@id":"https:\/\/lequotidien.mr\/?p=31661&lang=fr","url":"https:\/\/lequotidien.mr\/?p=31661&lang=fr","name":"Lancement du Programme National de Classification des \u00e9tablissements h\u00f4teliers : Une nouvelle \u00e8re pour le tourisme mauritanien - Le Quotidien de Nouakchott","isPartOf":{"@id":"https:\/\/lequotidien.mr\/#website"},"primaryImageOfPage":{"@id":"https:\/\/lequotidien.mr\/?p=31661&lang=fr#primaryimage"},"image":{"@id":"https:\/\/lequotidien.mr\/?p=31661&lang=fr#primaryimage"},"thumbnailUrl":"https:\/\/lequotidien.mr\/wp-content\/uploads\/2025\/10\/photo-classification-hotels.jpg","datePublished":"2025-10-14T21:19:45+00:00","breadcrumb":{"@id":"https:\/\/lequotidien.mr\/?p=31661&lang=fr#breadcrumb"},"inLanguage":"ar","potentialAction":[{"@type":"ReadAction","target":["https:\/\/lequotidien.mr\/?p=31661&lang=fr"]}]},{"@type":"ImageObject","inLanguage":"ar","@id":"https:\/\/lequotidien.mr\/?p=31661&lang=fr#primaryimage","url":"https:\/\/lequotidien.mr\/wp-content\/uploads\/2025\/10\/photo-classification-hotels.jpg","contentUrl":"https:\/\/lequotidien.mr\/wp-content\/uploads\/2025\/10\/photo-classification-hotels.jpg","width":607,"height":430},{"@type":"BreadcrumbList","@id":"https:\/\/lequotidien.mr\/?p=31661&lang=fr#breadcrumb","itemListElement":[{"@type":"ListItem","position":1,"name":"Home","item":"https:\/\/lequotidien.mr\/"},{"@type":"ListItem","position":2,"name":"Lancement du Programme National de Classification des \u00e9tablissements h\u00f4teliers : Une nouvelle \u00e8re pour le tourisme mauritanien"}]},{"@type":"WebSite","@id":"https:\/\/lequotidien.mr\/#website","url":"https:\/\/lequotidien.mr\/","name":"Le Quotidien de Nouakchott","description":"\u0625\u062e\u0628\u0627\u0631\u064a\u0629 \u0645\u0633\u062a\u0642\u0644\u0629 \u0644\u0644\u0623\u0646\u0628\u0627\u0621 \u0627\u0644\u0639\u0627\u0645\u0629","publisher":{"@id":"https:\/\/lequotidien.mr\/#organization"},"potentialAction":[{"@type":"SearchAction","target":{"@type":"EntryPoint","urlTemplate":"https:\/\/lequotidien.mr\/?s={search_term_string}"},"query-input":{"@type":"PropertyValueSpecification","valueRequired":true,"valueName":"search_term_string"}}],"inLanguage":"ar"},{"@type":"Organization","@id":"https:\/\/lequotidien.mr\/#organization","name":"Le Quotidien de Nouakchott","url":"https:\/\/lequotidien.mr\/","logo":{"@type":"ImageObject","inLanguage":"ar","@id":"https:\/\/lequotidien.mr\/#\/schema\/logo\/image\/","url":"https:\/\/lequotidien.mr\/wp-content\/uploads\/2022\/11\/logolequotidien.jpg","contentUrl":"https:\/\/lequotidien.mr\/wp-content\/uploads\/2022\/11\/logolequotidien.jpg","width":290,"height":65,"caption":"Le Quotidien de Nouakchott"},"image":{"@id":"https:\/\/lequotidien.mr\/#\/schema\/logo\/image\/"},"sameAs":["https:\/\/web.facebook.com\/lequotidienmr","https:\/\/x.com\/lequotidienmr"]},{"@type":"Person","@id":"https:\/\/lequotidien.mr\/#\/schema\/person\/d2d350202a4d599685ed8abc25f97596","name":"Med Ahmed","image":{"@type":"ImageObject","inLanguage":"ar","@id":"https:\/\/secure.gravatar.com\/avatar\/fd2acc62ed50732923d1d39c17172c9b04149f142be92310ecc69e1358f94b52?s=96&d=mm&r=g","url":"https:\/\/secure.gravatar.com\/avatar\/fd2acc62ed50732923d1d39c17172c9b04149f142be92310ecc69e1358f94b52?s=96&d=mm&r=g","contentUrl":"https:\/\/secure.gravatar.com\/avatar\/fd2acc62ed50732923d1d39c17172c9b04149f142be92310ecc69e1358f94b52?s=96&d=mm&r=g","caption":"Med Ahmed"},"url":"https:\/\/lequotidien.mr\/?author=12"}]}},"_links":{"self":[{"href":"https:\/\/lequotidien.mr\/index.php?rest_route=\/wp\/v2\/posts\/31661","targetHints":{"allow":["GET"]}}],"collection":[{"href":"https:\/\/lequotidien.mr\/index.php?rest_route=\/wp\/v2\/posts"}],"about":[{"href":"https:\/\/lequotidien.mr\/index.php?rest_route=\/wp\/v2\/types\/post"}],"author":[{"embeddable":true,"href":"https:\/\/lequotidien.mr\/index.php?rest_route=\/wp\/v2\/users\/12"}],"replies":[{"embeddable":true,"href":"https:\/\/lequotidien.mr\/index.php?rest_route=%2Fwp%2Fv2%2Fcomments&post=31661"}],"version-history":[{"count":1,"href":"https:\/\/lequotidien.mr\/index.php?rest_route=\/wp\/v2\/posts\/31661\/revisions"}],"predecessor-version":[{"id":31663,"href":"https:\/\/lequotidien.mr\/index.php?rest_route=\/wp\/v2\/posts\/31661\/revisions\/31663"}],"wp:featuredmedia":[{"embeddable":true,"href":"https:\/\/lequotidien.mr\/index.php?rest_route=\/wp\/v2\/media\/31662"}],"wp:attachment":[{"href":"https:\/\/lequotidien.mr\/index.php?rest_route=%2Fwp%2Fv2%2Fmedia&parent=31661"}],"wp:term":[{"taxonomy":"category","embeddable":true,"href":"https:\/\/lequotidien.mr\/index.php?rest_route=%2Fwp%2Fv2%2Fcategories&post=31661"},{"taxonomy":"post_tag","embeddable":true,"href":"https:\/\/lequotidien.mr\/index.php?rest_route=%2Fwp%2Fv2%2Ftags&post=31661"}],"curies":[{"name":"wp","href":"https:\/\/api.w.org\/{rel}","templated":true}]}}