{"id":31644,"date":"2025-10-13T21:40:49","date_gmt":"2025-10-13T21:40:49","guid":{"rendered":"https:\/\/lequotidien.mr\/?p=31644"},"modified":"2025-10-13T21:40:49","modified_gmt":"2025-10-13T21:40:49","slug":"huitieme-edition-de-la-semaine-de-leau-du-caire-la-mauritanie-interessee-par-lexpertise-egyptienne-en-matiere-de-techniques-de-production-de-legumes-et-de-fruits","status":"publish","type":"post","link":"https:\/\/lequotidien.mr\/?p=31644&lang=fr","title":{"rendered":"Huiti\u00e8me \u00e9dition de la Semaine de l\u2019Eau du Caire : La Mauritanie int\u00e9ress\u00e9e par l\u2019expertise \u00e9gyptienne en mati\u00e8re de techniques de production de l\u00e9gumes et de fruits"},"content":{"rendered":"<p>Une d\u00e9l\u00e9gation mauritanienne de haut niveau, conduite par le <strong>ministre de l\u2019Agriculture et de la Souverainet\u00e9 alimentaire, M. Sid\u2019Ahmed Bouh<\/strong>, a pris part aux travaux de la huiti\u00e8me \u00e9dition de la Semaine de l\u2019Eau du Caire, inaugur\u00e9e dimanche dernier sous la pr\u00e9sidence du chef de l\u2019\u00c9tat \u00e9gyptien, par visioconf\u00e9rence.<\/p>\n<p>Compos\u00e9e de hauts responsables du minist\u00e8re et d\u2019hommes d\u2019affaires mauritaniens, la d\u00e9l\u00e9gation a repr\u00e9sent\u00e9 le pays aux c\u00f4t\u00e9s de nombreux ministres arabes et du ministre s\u00e9n\u00e9galais de l\u2019Hydraulique, repr\u00e9sentant les ministres africains concern\u00e9s, ainsi que de repr\u00e9sentants d\u2019organisations internationales et r\u00e9gionales.<\/p>\n<p><strong>Rencontre strat\u00e9gique avec \u00ab Mostakbal Misr \u00bb<\/strong><\/p>\n<p>En marge de la c\u00e9r\u00e9monie d\u2019ouverture, le ministre Sid\u2019Ahmed Bouh a tenu, dimanche apr\u00e8s-midi, une r\u00e9union de travail avec <strong>l\u2019organisme \u00e9gyptien \u00ab Mostakbal Misr \u00bb<\/strong>, leader dans le domaine du d\u00e9veloppement agricole. Les discussions ont port\u00e9 sur les modalit\u00e9s de coop\u00e9ration entre les deux pays et sur les moyens pour la Mauritanie de b\u00e9n\u00e9ficier de l\u2019expertise de cet organisme dans plusieurs domaines cl\u00e9s.<\/p>\n<p>Le ministre a salu\u00e9 cette rencontre, soulignant que la composition de la d\u00e9l\u00e9gation mauritanienne t\u00e9moigne de l\u2019importance que son pays accorde au partenariat avec l\u2019\u00c9gypte. <strong><em>\u00ab La Mauritanie dispose d\u2019un cheptel important d\u00e9passant les trente millions de t\u00eates, ce qui exerce une pression consid\u00e9rable sur les p\u00e2turages naturels. La promotion de la coop\u00e9ration dans la culture fourrag\u00e8re et la valorisation des produits animaux est donc une n\u00e9cessit\u00e9 urgente \u00bb<\/em><\/strong>, a-t-il d\u00e9clar\u00e9.<\/p>\n<p><strong>Le bl\u00e9 et la diversification agricole au c\u0153ur des priorit\u00e9s<\/strong><\/p>\n<p>M. Bouh a \u00e9galement mis en avant l\u2019importance de la culture du bl\u00e9 en Mauritanie, o\u00f9 les changements alimentaires et les \u00e9pisodes de s\u00e9cheresse ont renforc\u00e9 sa place dans le r\u00e9gime local. Cette d\u00e9pendance croissante, mat\u00e9rialis\u00e9e par d\u2019importantes quantit\u00e9s import\u00e9es, repr\u00e9sente selon lui <strong><em>\u00ab une opportunit\u00e9 d\u2019investissement prometteuse \u00bb.<\/em><\/strong><\/p>\n<p>Il a insist\u00e9 sur la n\u00e9cessit\u00e9 pour la Mauritanie de b\u00e9n\u00e9ficier des avanc\u00e9es et des avantages pr\u00e9f\u00e9rentiels acquis par l\u2019\u00c9gypte, notamment dans l\u2019am\u00e9lioration des semences, l\u2019\u00e9tude des sols, les syst\u00e8mes d\u2019irrigation, le contr\u00f4le qualit\u00e9 des intrants agricoles, ainsi que dans la vulgarisation agricole et la commercialisation.<\/p>\n<p><strong>La Mauritanie, une destination d\u2019investissement strat\u00e9gique<\/strong><\/p>\n<p>Le ministre a \u00e9galement salu\u00e9 les relations bilat\u00e9rales, qui ne cessent de se renforcer sous l\u2019impulsion des Pr\u00e9sidents Mohamed Cheikh El Ghazouani et Abdel Fattah Al-Sissi.<\/p>\n<p>Il a soulign\u00e9 l\u2019importance d\u2019une coop\u00e9ration constructive dans l\u2019am\u00e9lioration des techniques de production de fruits et l\u00e9gumes, un secteur prometteur gr\u00e2ce aux capacit\u00e9s agricoles, aux ressources en eau et au climat favorable de la Mauritanie, permettant une production tout au long de l\u2019ann\u00e9e.<\/p>\n<p><strong><em>\u00ab Ces atouts, renforc\u00e9s par la s\u00e9curit\u00e9, la stabilit\u00e9 politique et la proximit\u00e9 avec les march\u00e9s r\u00e9gionaux et internationaux, font de la Mauritanie une destination de choix pour les investisseurs, en particulier dans l\u2019agriculture d\u2019exportation \u00bb,<\/em><\/strong> a-t-il affirm\u00e9.<\/p>\n<p>Il a en outre invit\u00e9 les investisseurs \u00e9gyptiens \u00e0 explorer les opportunit\u00e9s dans d\u2019autres secteurs porteurs, tels que l\u2019exploitation mini\u00e8re, le gaz, le p\u00e9trole et les \u00e9nergies renouvelables.<\/p>\n<p><strong>Visites de terrain et renforcement des \u00e9changes commerciaux<\/strong><\/p>\n<p>La r\u00e9union a \u00e9t\u00e9 suivie d\u2019une visite sur le terrain au cours de laquelle le ministre et la d\u00e9l\u00e9gation ont inspect\u00e9 des champs ainsi que des installations de manutention et de stockage.<\/p>\n<p>La d\u00e9l\u00e9gation s\u2019est ensuite rendue au si\u00e8ge de la F\u00e9d\u00e9ration des chambres de commerce \u00e9gyptiennes, en compagnie du pr\u00e9sident de l\u2019Union nationale du patronat mauritanien et de l\u2019ambassadeur de Mauritanie au Caire.<\/p>\n<p>Le pr\u00e9sident de la F\u00e9d\u00e9ration a salu\u00e9 l\u2019excellence des relations historiques entre les deux pays et exprim\u00e9 la volont\u00e9 de son institution de renforcer les \u00e9changes commerciaux bilat\u00e9raux, dans l\u2019int\u00e9r\u00eat mutuel des deux peuples.<\/p>\n<p>Cette participation active de la Mauritanie \u00e0 la Semaine de l\u2019Eau du Caire, combin\u00e9e \u00e0 des rencontres cibl\u00e9es avec des acteurs \u00e9conomiques de premier plan, ouvre la voie \u00e0 un partenariat agricole et commercial renforc\u00e9 avec l\u2019\u00c9gypte, dans une optique de s\u00e9curit\u00e9 alimentaire et de d\u00e9veloppement durable.<\/p>\n","protected":false},"excerpt":{"rendered":"<p>Une d\u00e9l\u00e9gation mauritanienne de haut niveau, conduite par le ministre de l\u2019Agriculture et de la Souverainet\u00e9 alimentaire, M. Sid\u2019Ahmed Bouh, a pris part aux travaux de la huiti\u00e8me \u00e9dition de la Semaine de l\u2019Eau du Caire, inaugur\u00e9e dimanche dernier sous la pr\u00e9sidence du chef de l\u2019\u00c9tat \u00e9gyptien, par visioconf\u00e9rence. Compos\u00e9e de hauts responsables du minist\u00e8re&#8230;..<\/p>\n","protected":false},"author":12,"featured_media":31645,"comment_status":"open","ping_status":"open","sticky":false,"template":"","format":"standard","meta":{"footnotes":""},"categories":[23,49],"tags":[],"class_list":["post-31644","post","type-post","status-publish","format-standard","has-post-thumbnail","hentry","category-actualite","category-economie"],"yoast_head":"<!-- This site is optimized with the Yoast SEO plugin v27.5 - https:\/\/yoast.com\/product\/yoast-seo-wordpress\/ -->\n<title>Huiti\u00e8me \u00e9dition de la Semaine de l\u2019Eau du Caire : La Mauritanie int\u00e9ress\u00e9e par l\u2019expertise \u00e9gyptienne en mati\u00e8re de techniques de production de l\u00e9gumes et de fruits - Le Quotidien de Nouakchott<\/title>\n<meta name=\"robots\" content=\"index, follow, max-snippet:-1, max-image-preview:large, max-video-preview:-1\" \/>\n<link rel=\"canonical\" href=\"https:\/\/lequotidien.mr\/?p=31644&lang=fr\" \/>\n<meta property=\"og:locale\" content=\"ar_AR\" \/>\n<meta property=\"og:type\" content=\"article\" \/>\n<meta property=\"og:title\" content=\"Huiti\u00e8me \u00e9dition de la Semaine de l\u2019Eau du Caire : La Mauritanie int\u00e9ress\u00e9e par l\u2019expertise \u00e9gyptienne en mati\u00e8re de techniques de production de l\u00e9gumes et de fruits - Le Quotidien de Nouakchott\" \/>\n<meta property=\"og:description\" content=\"Une d\u00e9l\u00e9gation mauritanienne de haut niveau, conduite par le ministre de l\u2019Agriculture et de la Souverainet\u00e9 alimentaire, M. Sid\u2019Ahmed Bouh, a pris part aux travaux de la huiti\u00e8me \u00e9dition de la Semaine de l\u2019Eau du Caire, inaugur\u00e9e dimanche dernier sous la pr\u00e9sidence du chef de l\u2019\u00c9tat \u00e9gyptien, par visioconf\u00e9rence. Compos\u00e9e de hauts responsables du minist\u00e8re.....\" \/>\n<meta property=\"og:url\" content=\"https:\/\/lequotidien.mr\/?p=31644&amp;lang=fr\" \/>\n<meta property=\"og:site_name\" content=\"Le Quotidien de Nouakchott\" \/>\n<meta property=\"article:publisher\" content=\"https:\/\/web.facebook.com\/lequotidienmr\" \/>\n<meta property=\"article:published_time\" content=\"2025-10-13T21:40:49+00:00\" \/>\n<meta property=\"og:image\" content=\"https:\/\/lequotidien.mr\/wp-content\/uploads\/2025\/10\/photo-Mtnie-Egypte-_-Legumes.jpg\" \/>\n\t<meta property=\"og:image:width\" content=\"574\" \/>\n\t<meta property=\"og:image:height\" content=\"411\" \/>\n\t<meta property=\"og:image:type\" content=\"image\/jpeg\" \/>\n<meta name=\"author\" content=\"Med Ahmed\" \/>\n<meta name=\"twitter:card\" content=\"summary_large_image\" \/>\n<meta name=\"twitter:creator\" content=\"@lequotidienmr\" \/>\n<meta name=\"twitter:site\" content=\"@lequotidienmr\" \/>\n<meta name=\"twitter:label1\" content=\"\u0643\u064f\u062a\u0628 \u0628\u0648\u0627\u0633\u0637\u0629\" \/>\n\t<meta name=\"twitter:data1\" content=\"Med Ahmed\" \/>\n\t<meta name=\"twitter:label2\" content=\"\u0648\u0642\u062a \u0627\u0644\u0642\u0631\u0627\u0621\u0629 \u0627\u0644\u0645\u064f\u0642\u062f\u0651\u0631\" \/>\n\t<meta name=\"twitter:data2\" content=\"5 \u062f\u0642\u0627\u0626\u0642\" \/>\n<script type=\"application\/ld+json\" class=\"yoast-schema-graph\">{\"@context\":\"https:\\\/\\\/schema.org\",\"@graph\":[{\"@type\":\"Article\",\"@id\":\"https:\\\/\\\/lequotidien.mr\\\/?p=31644&lang=fr#article\",\"isPartOf\":{\"@id\":\"https:\\\/\\\/lequotidien.mr\\\/?p=31644&lang=fr\"},\"author\":{\"name\":\"Med Ahmed\",\"@id\":\"https:\\\/\\\/lequotidien.mr\\\/#\\\/schema\\\/person\\\/d2d350202a4d599685ed8abc25f97596\"},\"headline\":\"Huiti\u00e8me \u00e9dition de la Semaine de l\u2019Eau du Caire : La Mauritanie int\u00e9ress\u00e9e par l\u2019expertise \u00e9gyptienne en mati\u00e8re de techniques de production de l\u00e9gumes et de fruits\",\"datePublished\":\"2025-10-13T21:40:49+00:00\",\"mainEntityOfPage\":{\"@id\":\"https:\\\/\\\/lequotidien.mr\\\/?p=31644&lang=fr\"},\"wordCount\":784,\"commentCount\":0,\"publisher\":{\"@id\":\"https:\\\/\\\/lequotidien.mr\\\/#organization\"},\"image\":{\"@id\":\"https:\\\/\\\/lequotidien.mr\\\/?p=31644&lang=fr#primaryimage\"},\"thumbnailUrl\":\"https:\\\/\\\/lequotidien.mr\\\/wp-content\\\/uploads\\\/2025\\\/10\\\/photo-Mtnie-Egypte-_-Legumes.jpg\",\"articleSection\":[\"ACTUALIT\u00c9\",\"Economie\"],\"inLanguage\":\"ar\",\"potentialAction\":[{\"@type\":\"CommentAction\",\"name\":\"Comment\",\"target\":[\"https:\\\/\\\/lequotidien.mr\\\/?p=31644&lang=fr#respond\"]}]},{\"@type\":\"WebPage\",\"@id\":\"https:\\\/\\\/lequotidien.mr\\\/?p=31644&lang=fr\",\"url\":\"https:\\\/\\\/lequotidien.mr\\\/?p=31644&lang=fr\",\"name\":\"Huiti\u00e8me \u00e9dition de la Semaine de l\u2019Eau du Caire : La Mauritanie int\u00e9ress\u00e9e par l\u2019expertise \u00e9gyptienne en mati\u00e8re de techniques de production de l\u00e9gumes et de fruits - Le Quotidien de Nouakchott\",\"isPartOf\":{\"@id\":\"https:\\\/\\\/lequotidien.mr\\\/#website\"},\"primaryImageOfPage\":{\"@id\":\"https:\\\/\\\/lequotidien.mr\\\/?p=31644&lang=fr#primaryimage\"},\"image\":{\"@id\":\"https:\\\/\\\/lequotidien.mr\\\/?p=31644&lang=fr#primaryimage\"},\"thumbnailUrl\":\"https:\\\/\\\/lequotidien.mr\\\/wp-content\\\/uploads\\\/2025\\\/10\\\/photo-Mtnie-Egypte-_-Legumes.jpg\",\"datePublished\":\"2025-10-13T21:40:49+00:00\",\"breadcrumb\":{\"@id\":\"https:\\\/\\\/lequotidien.mr\\\/?p=31644&lang=fr#breadcrumb\"},\"inLanguage\":\"ar\",\"potentialAction\":[{\"@type\":\"ReadAction\",\"target\":[\"https:\\\/\\\/lequotidien.mr\\\/?p=31644&lang=fr\"]}]},{\"@type\":\"ImageObject\",\"inLanguage\":\"ar\",\"@id\":\"https:\\\/\\\/lequotidien.mr\\\/?p=31644&lang=fr#primaryimage\",\"url\":\"https:\\\/\\\/lequotidien.mr\\\/wp-content\\\/uploads\\\/2025\\\/10\\\/photo-Mtnie-Egypte-_-Legumes.jpg\",\"contentUrl\":\"https:\\\/\\\/lequotidien.mr\\\/wp-content\\\/uploads\\\/2025\\\/10\\\/photo-Mtnie-Egypte-_-Legumes.jpg\",\"width\":574,\"height\":411},{\"@type\":\"BreadcrumbList\",\"@id\":\"https:\\\/\\\/lequotidien.mr\\\/?p=31644&lang=fr#breadcrumb\",\"itemListElement\":[{\"@type\":\"ListItem\",\"position\":1,\"name\":\"Home\",\"item\":\"https:\\\/\\\/lequotidien.mr\\\/\"},{\"@type\":\"ListItem\",\"position\":2,\"name\":\"Huiti\u00e8me \u00e9dition de la Semaine de l\u2019Eau du Caire : La Mauritanie int\u00e9ress\u00e9e par l\u2019expertise \u00e9gyptienne en mati\u00e8re de techniques de production de l\u00e9gumes et de fruits\"}]},{\"@type\":\"WebSite\",\"@id\":\"https:\\\/\\\/lequotidien.mr\\\/#website\",\"url\":\"https:\\\/\\\/lequotidien.mr\\\/\",\"name\":\"Le Quotidien de Nouakchott\",\"description\":\"\u0625\u062e\u0628\u0627\u0631\u064a\u0629 \u0645\u0633\u062a\u0642\u0644\u0629 \u0644\u0644\u0623\u0646\u0628\u0627\u0621 \u0627\u0644\u0639\u0627\u0645\u0629\",\"publisher\":{\"@id\":\"https:\\\/\\\/lequotidien.mr\\\/#organization\"},\"potentialAction\":[{\"@type\":\"SearchAction\",\"target\":{\"@type\":\"EntryPoint\",\"urlTemplate\":\"https:\\\/\\\/lequotidien.mr\\\/?s={search_term_string}\"},\"query-input\":{\"@type\":\"PropertyValueSpecification\",\"valueRequired\":true,\"valueName\":\"search_term_string\"}}],\"inLanguage\":\"ar\"},{\"@type\":\"Organization\",\"@id\":\"https:\\\/\\\/lequotidien.mr\\\/#organization\",\"name\":\"Le Quotidien de Nouakchott\",\"url\":\"https:\\\/\\\/lequotidien.mr\\\/\",\"logo\":{\"@type\":\"ImageObject\",\"inLanguage\":\"ar\",\"@id\":\"https:\\\/\\\/lequotidien.mr\\\/#\\\/schema\\\/logo\\\/image\\\/\",\"url\":\"https:\\\/\\\/lequotidien.mr\\\/wp-content\\\/uploads\\\/2022\\\/11\\\/logolequotidien.jpg\",\"contentUrl\":\"https:\\\/\\\/lequotidien.mr\\\/wp-content\\\/uploads\\\/2022\\\/11\\\/logolequotidien.jpg\",\"width\":290,\"height\":65,\"caption\":\"Le Quotidien de Nouakchott\"},\"image\":{\"@id\":\"https:\\\/\\\/lequotidien.mr\\\/#\\\/schema\\\/logo\\\/image\\\/\"},\"sameAs\":[\"https:\\\/\\\/web.facebook.com\\\/lequotidienmr\",\"https:\\\/\\\/x.com\\\/lequotidienmr\"]},{\"@type\":\"Person\",\"@id\":\"https:\\\/\\\/lequotidien.mr\\\/#\\\/schema\\\/person\\\/d2d350202a4d599685ed8abc25f97596\",\"name\":\"Med Ahmed\",\"image\":{\"@type\":\"ImageObject\",\"inLanguage\":\"ar\",\"@id\":\"https:\\\/\\\/secure.gravatar.com\\\/avatar\\\/fd2acc62ed50732923d1d39c17172c9b04149f142be92310ecc69e1358f94b52?s=96&d=mm&r=g\",\"url\":\"https:\\\/\\\/secure.gravatar.com\\\/avatar\\\/fd2acc62ed50732923d1d39c17172c9b04149f142be92310ecc69e1358f94b52?s=96&d=mm&r=g\",\"contentUrl\":\"https:\\\/\\\/secure.gravatar.com\\\/avatar\\\/fd2acc62ed50732923d1d39c17172c9b04149f142be92310ecc69e1358f94b52?s=96&d=mm&r=g\",\"caption\":\"Med Ahmed\"},\"url\":\"https:\\\/\\\/lequotidien.mr\\\/?author=12\"}]}<\/script>\n<!-- \/ Yoast SEO plugin. -->","yoast_head_json":{"title":"Huiti\u00e8me \u00e9dition de la Semaine de l\u2019Eau du Caire : La Mauritanie int\u00e9ress\u00e9e par l\u2019expertise \u00e9gyptienne en mati\u00e8re de techniques de production de l\u00e9gumes et de fruits - Le Quotidien de Nouakchott","robots":{"index":"index","follow":"follow","max-snippet":"max-snippet:-1","max-image-preview":"max-image-preview:large","max-video-preview":"max-video-preview:-1"},"canonical":"https:\/\/lequotidien.mr\/?p=31644&lang=fr","og_locale":"ar_AR","og_type":"article","og_title":"Huiti\u00e8me \u00e9dition de la Semaine de l\u2019Eau du Caire : La Mauritanie int\u00e9ress\u00e9e par l\u2019expertise \u00e9gyptienne en mati\u00e8re de techniques de production de l\u00e9gumes et de fruits - Le Quotidien de Nouakchott","og_description":"Une d\u00e9l\u00e9gation mauritanienne de haut niveau, conduite par le ministre de l\u2019Agriculture et de la Souverainet\u00e9 alimentaire, M. Sid\u2019Ahmed Bouh, a pris part aux travaux de la huiti\u00e8me \u00e9dition de la Semaine de l\u2019Eau du Caire, inaugur\u00e9e dimanche dernier sous la pr\u00e9sidence du chef de l\u2019\u00c9tat \u00e9gyptien, par visioconf\u00e9rence. Compos\u00e9e de hauts responsables du minist\u00e8re.....","og_url":"https:\/\/lequotidien.mr\/?p=31644&lang=fr","og_site_name":"Le Quotidien de Nouakchott","article_publisher":"https:\/\/web.facebook.com\/lequotidienmr","article_published_time":"2025-10-13T21:40:49+00:00","og_image":[{"width":574,"height":411,"url":"https:\/\/lequotidien.mr\/wp-content\/uploads\/2025\/10\/photo-Mtnie-Egypte-_-Legumes.jpg","type":"image\/jpeg"}],"author":"Med Ahmed","twitter_card":"summary_large_image","twitter_creator":"@lequotidienmr","twitter_site":"@lequotidienmr","twitter_misc":{"\u0643\u064f\u062a\u0628 \u0628\u0648\u0627\u0633\u0637\u0629":"Med Ahmed","\u0648\u0642\u062a \u0627\u0644\u0642\u0631\u0627\u0621\u0629 \u0627\u0644\u0645\u064f\u0642\u062f\u0651\u0631":"5 \u062f\u0642\u0627\u0626\u0642"},"schema":{"@context":"https:\/\/schema.org","@graph":[{"@type":"Article","@id":"https:\/\/lequotidien.mr\/?p=31644&lang=fr#article","isPartOf":{"@id":"https:\/\/lequotidien.mr\/?p=31644&lang=fr"},"author":{"name":"Med Ahmed","@id":"https:\/\/lequotidien.mr\/#\/schema\/person\/d2d350202a4d599685ed8abc25f97596"},"headline":"Huiti\u00e8me \u00e9dition de la Semaine de l\u2019Eau du Caire : La Mauritanie int\u00e9ress\u00e9e par l\u2019expertise \u00e9gyptienne en mati\u00e8re de techniques de production de l\u00e9gumes et de fruits","datePublished":"2025-10-13T21:40:49+00:00","mainEntityOfPage":{"@id":"https:\/\/lequotidien.mr\/?p=31644&lang=fr"},"wordCount":784,"commentCount":0,"publisher":{"@id":"https:\/\/lequotidien.mr\/#organization"},"image":{"@id":"https:\/\/lequotidien.mr\/?p=31644&lang=fr#primaryimage"},"thumbnailUrl":"https:\/\/lequotidien.mr\/wp-content\/uploads\/2025\/10\/photo-Mtnie-Egypte-_-Legumes.jpg","articleSection":["ACTUALIT\u00c9","Economie"],"inLanguage":"ar","potentialAction":[{"@type":"CommentAction","name":"Comment","target":["https:\/\/lequotidien.mr\/?p=31644&lang=fr#respond"]}]},{"@type":"WebPage","@id":"https:\/\/lequotidien.mr\/?p=31644&lang=fr","url":"https:\/\/lequotidien.mr\/?p=31644&lang=fr","name":"Huiti\u00e8me \u00e9dition de la Semaine de l\u2019Eau du Caire : La Mauritanie int\u00e9ress\u00e9e par l\u2019expertise \u00e9gyptienne en mati\u00e8re de techniques de production de l\u00e9gumes et de fruits - Le Quotidien de Nouakchott","isPartOf":{"@id":"https:\/\/lequotidien.mr\/#website"},"primaryImageOfPage":{"@id":"https:\/\/lequotidien.mr\/?p=31644&lang=fr#primaryimage"},"image":{"@id":"https:\/\/lequotidien.mr\/?p=31644&lang=fr#primaryimage"},"thumbnailUrl":"https:\/\/lequotidien.mr\/wp-content\/uploads\/2025\/10\/photo-Mtnie-Egypte-_-Legumes.jpg","datePublished":"2025-10-13T21:40:49+00:00","breadcrumb":{"@id":"https:\/\/lequotidien.mr\/?p=31644&lang=fr#breadcrumb"},"inLanguage":"ar","potentialAction":[{"@type":"ReadAction","target":["https:\/\/lequotidien.mr\/?p=31644&lang=fr"]}]},{"@type":"ImageObject","inLanguage":"ar","@id":"https:\/\/lequotidien.mr\/?p=31644&lang=fr#primaryimage","url":"https:\/\/lequotidien.mr\/wp-content\/uploads\/2025\/10\/photo-Mtnie-Egypte-_-Legumes.jpg","contentUrl":"https:\/\/lequotidien.mr\/wp-content\/uploads\/2025\/10\/photo-Mtnie-Egypte-_-Legumes.jpg","width":574,"height":411},{"@type":"BreadcrumbList","@id":"https:\/\/lequotidien.mr\/?p=31644&lang=fr#breadcrumb","itemListElement":[{"@type":"ListItem","position":1,"name":"Home","item":"https:\/\/lequotidien.mr\/"},{"@type":"ListItem","position":2,"name":"Huiti\u00e8me \u00e9dition de la Semaine de l\u2019Eau du Caire : La Mauritanie int\u00e9ress\u00e9e par l\u2019expertise \u00e9gyptienne en mati\u00e8re de techniques de production de l\u00e9gumes et de fruits"}]},{"@type":"WebSite","@id":"https:\/\/lequotidien.mr\/#website","url":"https:\/\/lequotidien.mr\/","name":"Le Quotidien de Nouakchott","description":"\u0625\u062e\u0628\u0627\u0631\u064a\u0629 \u0645\u0633\u062a\u0642\u0644\u0629 \u0644\u0644\u0623\u0646\u0628\u0627\u0621 \u0627\u0644\u0639\u0627\u0645\u0629","publisher":{"@id":"https:\/\/lequotidien.mr\/#organization"},"potentialAction":[{"@type":"SearchAction","target":{"@type":"EntryPoint","urlTemplate":"https:\/\/lequotidien.mr\/?s={search_term_string}"},"query-input":{"@type":"PropertyValueSpecification","valueRequired":true,"valueName":"search_term_string"}}],"inLanguage":"ar"},{"@type":"Organization","@id":"https:\/\/lequotidien.mr\/#organization","name":"Le Quotidien de Nouakchott","url":"https:\/\/lequotidien.mr\/","logo":{"@type":"ImageObject","inLanguage":"ar","@id":"https:\/\/lequotidien.mr\/#\/schema\/logo\/image\/","url":"https:\/\/lequotidien.mr\/wp-content\/uploads\/2022\/11\/logolequotidien.jpg","contentUrl":"https:\/\/lequotidien.mr\/wp-content\/uploads\/2022\/11\/logolequotidien.jpg","width":290,"height":65,"caption":"Le Quotidien de Nouakchott"},"image":{"@id":"https:\/\/lequotidien.mr\/#\/schema\/logo\/image\/"},"sameAs":["https:\/\/web.facebook.com\/lequotidienmr","https:\/\/x.com\/lequotidienmr"]},{"@type":"Person","@id":"https:\/\/lequotidien.mr\/#\/schema\/person\/d2d350202a4d599685ed8abc25f97596","name":"Med Ahmed","image":{"@type":"ImageObject","inLanguage":"ar","@id":"https:\/\/secure.gravatar.com\/avatar\/fd2acc62ed50732923d1d39c17172c9b04149f142be92310ecc69e1358f94b52?s=96&d=mm&r=g","url":"https:\/\/secure.gravatar.com\/avatar\/fd2acc62ed50732923d1d39c17172c9b04149f142be92310ecc69e1358f94b52?s=96&d=mm&r=g","contentUrl":"https:\/\/secure.gravatar.com\/avatar\/fd2acc62ed50732923d1d39c17172c9b04149f142be92310ecc69e1358f94b52?s=96&d=mm&r=g","caption":"Med Ahmed"},"url":"https:\/\/lequotidien.mr\/?author=12"}]}},"_links":{"self":[{"href":"https:\/\/lequotidien.mr\/index.php?rest_route=\/wp\/v2\/posts\/31644","targetHints":{"allow":["GET"]}}],"collection":[{"href":"https:\/\/lequotidien.mr\/index.php?rest_route=\/wp\/v2\/posts"}],"about":[{"href":"https:\/\/lequotidien.mr\/index.php?rest_route=\/wp\/v2\/types\/post"}],"author":[{"embeddable":true,"href":"https:\/\/lequotidien.mr\/index.php?rest_route=\/wp\/v2\/users\/12"}],"replies":[{"embeddable":true,"href":"https:\/\/lequotidien.mr\/index.php?rest_route=%2Fwp%2Fv2%2Fcomments&post=31644"}],"version-history":[{"count":1,"href":"https:\/\/lequotidien.mr\/index.php?rest_route=\/wp\/v2\/posts\/31644\/revisions"}],"predecessor-version":[{"id":31646,"href":"https:\/\/lequotidien.mr\/index.php?rest_route=\/wp\/v2\/posts\/31644\/revisions\/31646"}],"wp:featuredmedia":[{"embeddable":true,"href":"https:\/\/lequotidien.mr\/index.php?rest_route=\/wp\/v2\/media\/31645"}],"wp:attachment":[{"href":"https:\/\/lequotidien.mr\/index.php?rest_route=%2Fwp%2Fv2%2Fmedia&parent=31644"}],"wp:term":[{"taxonomy":"category","embeddable":true,"href":"https:\/\/lequotidien.mr\/index.php?rest_route=%2Fwp%2Fv2%2Fcategories&post=31644"},{"taxonomy":"post_tag","embeddable":true,"href":"https:\/\/lequotidien.mr\/index.php?rest_route=%2Fwp%2Fv2%2Ftags&post=31644"}],"curies":[{"name":"wp","href":"https:\/\/api.w.org\/{rel}","templated":true}]}}