{"id":31641,"date":"2025-10-13T21:21:09","date_gmt":"2025-10-13T21:21:09","guid":{"rendered":"https:\/\/lequotidien.mr\/?p=31641"},"modified":"2025-10-13T21:21:09","modified_gmt":"2025-10-13T21:21:09","slug":"condense-le-premier-ministre-fait-le-point-sur-les-projets-de-developpement-a-nouakchott","status":"publish","type":"post","link":"https:\/\/lequotidien.mr\/?p=31641&lang=fr","title":{"rendered":"Condens\u00e9 : Le Premier ministre fait le point sur les projets de d\u00e9veloppement \u00e0 Nouakchott"},"content":{"rendered":"<p>\u00c0 l&#8217;issue d&#8217;une tourn\u00e9e d&#8217;inspection de deux jours dans la capitale, le <strong>Premier ministre, M. Moctar Djay<\/strong>, a dress\u00e9 un bilan d\u00e9taill\u00e9 de l&#8217;avancement des projets de d\u00e9veloppement, soulignant la mobilisation du gouvernement pour respecter les instructions du <strong>Pr\u00e9sident de la R\u00e9publique, M. Mohamed Cheikh El Ghazouani.<\/strong><\/p>\n<p>Le Chef du gouvernement a pr\u00e9cis\u00e9 que sa visite s&#8217;inscrivait dans le cadre direct des instructions du Pr\u00e9sident Ghazouani, visant \u00e0 constater l&#8217;\u00e9tat d&#8217;avancement des chantiers, identifier les probl\u00e8mes et acc\u00e9l\u00e9rer la mise en \u0153uvre des programmes pour le b\u00e9n\u00e9fice des citoyens.<\/p>\n<p><strong style=\"font-weight: inherit;\">Eau et assainissement : des solutions d&#8217;urgence et structurelles<\/strong><\/p>\n<p>Le Premier ministre s&#8217;est longuement attard\u00e9 sur le dossier critique de l&#8217;eau, un probl\u00e8me \u00ab ancien, r\u00e9current et structurel \u00bb.<\/p>\n<p><strong>\u00c9tat des lieux :<\/strong>\u00a0Le projet urgent affiche un taux de r\u00e9alisation de 67%. La production quotidienne a augment\u00e9 de 13% pour atteindre 213 000 m\u00b3, mais reste inf\u00e9rieure aux besoins estim\u00e9s \u00e0 230 000 m\u00b3\/jour.<\/p>\n<p><strong>Actions imm\u00e9diates :<\/strong>\u00a0Interconnexion des r\u00e9seaux d&#8217;Idini et d&#8217;Aftout Sahili pour s\u00e9curiser l&#8217;alimentation et construction de r\u00e9servoirs dans plusieurs moughataas pour desservir les zones non couvertes.<\/p>\n<p><strong>Solutions durables :<\/strong><\/p>\n<p>-Lancement d&#8217;un projet fin 2024 pour augmenter la production d&#8217;Idini de 60 000 m\u00b3\/jour, portant le total \u00e0 272 000 m\u00b3\/jour (ach\u00e8vement pr\u00e9vu en ao\u00fbt 2026)\u00a0;<\/p>\n<p>-Augmentation de la capacit\u00e9 d&#8217;Aftout Sahili \u00e0 225 000 m\u00b3 d&#8217;ici fin 2027\u00a0;<\/p>\n<p>-\u00c9tude en cours pour une usine de dessalement d&#8217;eau de mer (200 000 m\u00b3 suppl\u00e9mentaires)\u00a0;<\/p>\n<p>Concernant l&#8217;assainissement, un \u00ab programme ambitieux \u00bb, le premier du genre, a \u00e9t\u00e9 lanc\u00e9. Dot\u00e9 d&#8217;un budget de 70 milliards MRO pour sa premi\u00e8re phase, il couvrira plusieurs moughataas. Les \u00e9tudes techniques, confi\u00e9es \u00e0 un bureau allemand, dureront huit mois.<\/p>\n<p><strong style=\"font-weight: inherit;\">\u00c9lectricit\u00e9 : moderniser le r\u00e9seau et augmenter la production<\/strong><\/p>\n<p>Le programme d&#8217;urgence ne pr\u00e9voyait pas de solution d\u00e9finitive pour l&#8217;\u00e9lectricit\u00e9, mais des actions correctives sont en cours.<\/p>\n<p><strong>R\u00e9novation du r\u00e9seau :<\/strong>\u00a0Pose de 84 km de lignes et installation de 40 transformateurs (34 d\u00e9j\u00e0 termin\u00e9s) pour r\u00e9duire les pannes.<\/p>\n<p><strong>Augmentation de la production :<\/strong>\u00a0Plusieurs centrales sont en construction pour ajouter pr\u00e8s de 450 m\u00e9gawatts au r\u00e9seau national d&#8217;ici fin 2026. Le Premier ministre a assur\u00e9 que les d\u00e9lestages seront \u00ab d\u00e9finitivement \u00e9limin\u00e9s \u00bb une fois ces projets achev\u00e9s.<\/p>\n<p><strong style=\"font-weight: inherit;\">Environnement et autres projets vitaux<\/strong><\/p>\n<p>La composante environnementale, bien qu&#8217;exp\u00e9rimentale, a permis la plantation de 114 000 arbres pour initier une couverture v\u00e9g\u00e9tale dans la capitale.<\/p>\n<p>La visite a \u00e9galement inclus plusieurs projets structurants dont les travaux sont bien avanc\u00e9s :<\/p>\n<p>-L&#8217;agrandissement de l&#8217;H\u00f4pital National\u00a0;<\/p>\n<p>-La r\u00e9habilitation de l&#8217;ancien b\u00e2timent du gouvernement (300 bureaux)\u00a0;<\/p>\n<p>-Le Centre National de Recherche en Sant\u00e9 Publique\u00a0;<\/p>\n<p>-Le village artisanal\u00a0;<\/p>\n<p>-La ligne \u00e9lectrique haute tension Nouakchott-Zou\u00e9rate.<\/p>\n<p><strong style=\"font-weight: inherit;\">Appels \u00e0 l&#8217;investissement et \u00e0 la jeunesse<\/strong><\/p>\n<p>Le Premier ministre a appel\u00e9 les hommes d&#8217;affaires nationaux \u00e0 investir dans les secteurs des infrastructures et a exhort\u00e9 les jeunes \u00e0 saisir les opportunit\u00e9s d&#8217;emploi offertes par ces grands chantiers.<\/p>\n<p>En conclusion, il a f\u00e9licit\u00e9 tous les secteurs gouvernementaux et le secteur priv\u00e9 pour leur engagement en faveur du d\u00e9veloppement du pays.<\/p>\n","protected":false},"excerpt":{"rendered":"<p>\u00c0 l&#8217;issue d&#8217;une tourn\u00e9e d&#8217;inspection de deux jours dans la capitale, le Premier ministre, M. Moctar Djay, a dress\u00e9 un bilan d\u00e9taill\u00e9 de l&#8217;avancement des projets de d\u00e9veloppement, soulignant la mobilisation du gouvernement pour respecter les instructions du Pr\u00e9sident de la R\u00e9publique, M. Mohamed Cheikh El Ghazouani. Le Chef du gouvernement a pr\u00e9cis\u00e9 que sa&#8230;..<\/p>\n","protected":false},"author":12,"featured_media":31642,"comment_status":"open","ping_status":"open","sticky":false,"template":"","format":"standard","meta":{"footnotes":""},"categories":[23,49],"tags":[],"class_list":["post-31641","post","type-post","status-publish","format-standard","has-post-thumbnail","hentry","category-actualite","category-economie"],"yoast_head":"<!-- This site is optimized with the Yoast SEO plugin v27.5 - https:\/\/yoast.com\/product\/yoast-seo-wordpress\/ -->\n<title>Condens\u00e9 : Le Premier ministre fait le point sur les projets de d\u00e9veloppement \u00e0 Nouakchott - Le Quotidien de Nouakchott<\/title>\n<meta name=\"robots\" content=\"index, follow, max-snippet:-1, max-image-preview:large, max-video-preview:-1\" \/>\n<link rel=\"canonical\" href=\"https:\/\/lequotidien.mr\/?p=31641&lang=fr\" \/>\n<meta property=\"og:locale\" content=\"ar_AR\" \/>\n<meta property=\"og:type\" content=\"article\" \/>\n<meta property=\"og:title\" content=\"Condens\u00e9 : Le Premier ministre fait le point sur les projets de d\u00e9veloppement \u00e0 Nouakchott - Le Quotidien de Nouakchott\" \/>\n<meta property=\"og:description\" content=\"\u00c0 l&#8217;issue d&#8217;une tourn\u00e9e d&#8217;inspection de deux jours dans la capitale, le Premier ministre, M. Moctar Djay, a dress\u00e9 un bilan d\u00e9taill\u00e9 de l&#8217;avancement des projets de d\u00e9veloppement, soulignant la mobilisation du gouvernement pour respecter les instructions du Pr\u00e9sident de la R\u00e9publique, M. Mohamed Cheikh El Ghazouani. Le Chef du gouvernement a pr\u00e9cis\u00e9 que sa.....\" \/>\n<meta property=\"og:url\" content=\"https:\/\/lequotidien.mr\/?p=31641&amp;lang=fr\" \/>\n<meta property=\"og:site_name\" content=\"Le Quotidien de Nouakchott\" \/>\n<meta property=\"article:publisher\" content=\"https:\/\/web.facebook.com\/lequotidienmr\" \/>\n<meta property=\"article:published_time\" content=\"2025-10-13T21:21:09+00:00\" \/>\n<meta property=\"og:image\" content=\"https:\/\/lequotidien.mr\/wp-content\/uploads\/2025\/10\/photo-PM-hommes-daffaires.jpg\" \/>\n\t<meta property=\"og:image:width\" content=\"750\" \/>\n\t<meta property=\"og:image:height\" content=\"430\" \/>\n\t<meta property=\"og:image:type\" content=\"image\/jpeg\" \/>\n<meta name=\"author\" content=\"Med Ahmed\" \/>\n<meta name=\"twitter:card\" content=\"summary_large_image\" \/>\n<meta name=\"twitter:creator\" content=\"@lequotidienmr\" \/>\n<meta name=\"twitter:site\" content=\"@lequotidienmr\" \/>\n<meta name=\"twitter:label1\" content=\"\u0643\u064f\u062a\u0628 \u0628\u0648\u0627\u0633\u0637\u0629\" \/>\n\t<meta name=\"twitter:data1\" content=\"Med Ahmed\" \/>\n\t<meta name=\"twitter:label2\" content=\"\u0648\u0642\u062a \u0627\u0644\u0642\u0631\u0627\u0621\u0629 \u0627\u0644\u0645\u064f\u0642\u062f\u0651\u0631\" \/>\n\t<meta name=\"twitter:data2\" content=\"4 \u062f\u0642\u0627\u0626\u0642\" \/>\n<script type=\"application\/ld+json\" class=\"yoast-schema-graph\">{\"@context\":\"https:\\\/\\\/schema.org\",\"@graph\":[{\"@type\":\"Article\",\"@id\":\"https:\\\/\\\/lequotidien.mr\\\/?p=31641&lang=fr#article\",\"isPartOf\":{\"@id\":\"https:\\\/\\\/lequotidien.mr\\\/?p=31641&lang=fr\"},\"author\":{\"name\":\"Med Ahmed\",\"@id\":\"https:\\\/\\\/lequotidien.mr\\\/#\\\/schema\\\/person\\\/d2d350202a4d599685ed8abc25f97596\"},\"headline\":\"Condens\u00e9 : Le Premier ministre fait le point sur les projets de d\u00e9veloppement \u00e0 Nouakchott\",\"datePublished\":\"2025-10-13T21:21:09+00:00\",\"mainEntityOfPage\":{\"@id\":\"https:\\\/\\\/lequotidien.mr\\\/?p=31641&lang=fr\"},\"wordCount\":548,\"commentCount\":0,\"publisher\":{\"@id\":\"https:\\\/\\\/lequotidien.mr\\\/#organization\"},\"image\":{\"@id\":\"https:\\\/\\\/lequotidien.mr\\\/?p=31641&lang=fr#primaryimage\"},\"thumbnailUrl\":\"https:\\\/\\\/lequotidien.mr\\\/wp-content\\\/uploads\\\/2025\\\/10\\\/photo-PM-hommes-daffaires.jpg\",\"articleSection\":[\"ACTUALIT\u00c9\",\"Economie\"],\"inLanguage\":\"ar\",\"potentialAction\":[{\"@type\":\"CommentAction\",\"name\":\"Comment\",\"target\":[\"https:\\\/\\\/lequotidien.mr\\\/?p=31641&lang=fr#respond\"]}]},{\"@type\":\"WebPage\",\"@id\":\"https:\\\/\\\/lequotidien.mr\\\/?p=31641&lang=fr\",\"url\":\"https:\\\/\\\/lequotidien.mr\\\/?p=31641&lang=fr\",\"name\":\"Condens\u00e9 : Le Premier ministre fait le point sur les projets de d\u00e9veloppement \u00e0 Nouakchott - Le Quotidien de Nouakchott\",\"isPartOf\":{\"@id\":\"https:\\\/\\\/lequotidien.mr\\\/#website\"},\"primaryImageOfPage\":{\"@id\":\"https:\\\/\\\/lequotidien.mr\\\/?p=31641&lang=fr#primaryimage\"},\"image\":{\"@id\":\"https:\\\/\\\/lequotidien.mr\\\/?p=31641&lang=fr#primaryimage\"},\"thumbnailUrl\":\"https:\\\/\\\/lequotidien.mr\\\/wp-content\\\/uploads\\\/2025\\\/10\\\/photo-PM-hommes-daffaires.jpg\",\"datePublished\":\"2025-10-13T21:21:09+00:00\",\"breadcrumb\":{\"@id\":\"https:\\\/\\\/lequotidien.mr\\\/?p=31641&lang=fr#breadcrumb\"},\"inLanguage\":\"ar\",\"potentialAction\":[{\"@type\":\"ReadAction\",\"target\":[\"https:\\\/\\\/lequotidien.mr\\\/?p=31641&lang=fr\"]}]},{\"@type\":\"ImageObject\",\"inLanguage\":\"ar\",\"@id\":\"https:\\\/\\\/lequotidien.mr\\\/?p=31641&lang=fr#primaryimage\",\"url\":\"https:\\\/\\\/lequotidien.mr\\\/wp-content\\\/uploads\\\/2025\\\/10\\\/photo-PM-hommes-daffaires.jpg\",\"contentUrl\":\"https:\\\/\\\/lequotidien.mr\\\/wp-content\\\/uploads\\\/2025\\\/10\\\/photo-PM-hommes-daffaires.jpg\",\"width\":750,\"height\":430},{\"@type\":\"BreadcrumbList\",\"@id\":\"https:\\\/\\\/lequotidien.mr\\\/?p=31641&lang=fr#breadcrumb\",\"itemListElement\":[{\"@type\":\"ListItem\",\"position\":1,\"name\":\"Home\",\"item\":\"https:\\\/\\\/lequotidien.mr\\\/\"},{\"@type\":\"ListItem\",\"position\":2,\"name\":\"Condens\u00e9 : Le Premier ministre fait le point sur les projets de d\u00e9veloppement \u00e0 Nouakchott\"}]},{\"@type\":\"WebSite\",\"@id\":\"https:\\\/\\\/lequotidien.mr\\\/#website\",\"url\":\"https:\\\/\\\/lequotidien.mr\\\/\",\"name\":\"Le Quotidien de Nouakchott\",\"description\":\"\u0625\u062e\u0628\u0627\u0631\u064a\u0629 \u0645\u0633\u062a\u0642\u0644\u0629 \u0644\u0644\u0623\u0646\u0628\u0627\u0621 \u0627\u0644\u0639\u0627\u0645\u0629\",\"publisher\":{\"@id\":\"https:\\\/\\\/lequotidien.mr\\\/#organization\"},\"potentialAction\":[{\"@type\":\"SearchAction\",\"target\":{\"@type\":\"EntryPoint\",\"urlTemplate\":\"https:\\\/\\\/lequotidien.mr\\\/?s={search_term_string}\"},\"query-input\":{\"@type\":\"PropertyValueSpecification\",\"valueRequired\":true,\"valueName\":\"search_term_string\"}}],\"inLanguage\":\"ar\"},{\"@type\":\"Organization\",\"@id\":\"https:\\\/\\\/lequotidien.mr\\\/#organization\",\"name\":\"Le Quotidien de Nouakchott\",\"url\":\"https:\\\/\\\/lequotidien.mr\\\/\",\"logo\":{\"@type\":\"ImageObject\",\"inLanguage\":\"ar\",\"@id\":\"https:\\\/\\\/lequotidien.mr\\\/#\\\/schema\\\/logo\\\/image\\\/\",\"url\":\"https:\\\/\\\/lequotidien.mr\\\/wp-content\\\/uploads\\\/2022\\\/11\\\/logolequotidien.jpg\",\"contentUrl\":\"https:\\\/\\\/lequotidien.mr\\\/wp-content\\\/uploads\\\/2022\\\/11\\\/logolequotidien.jpg\",\"width\":290,\"height\":65,\"caption\":\"Le Quotidien de Nouakchott\"},\"image\":{\"@id\":\"https:\\\/\\\/lequotidien.mr\\\/#\\\/schema\\\/logo\\\/image\\\/\"},\"sameAs\":[\"https:\\\/\\\/web.facebook.com\\\/lequotidienmr\",\"https:\\\/\\\/x.com\\\/lequotidienmr\"]},{\"@type\":\"Person\",\"@id\":\"https:\\\/\\\/lequotidien.mr\\\/#\\\/schema\\\/person\\\/d2d350202a4d599685ed8abc25f97596\",\"name\":\"Med Ahmed\",\"image\":{\"@type\":\"ImageObject\",\"inLanguage\":\"ar\",\"@id\":\"https:\\\/\\\/secure.gravatar.com\\\/avatar\\\/fd2acc62ed50732923d1d39c17172c9b04149f142be92310ecc69e1358f94b52?s=96&d=mm&r=g\",\"url\":\"https:\\\/\\\/secure.gravatar.com\\\/avatar\\\/fd2acc62ed50732923d1d39c17172c9b04149f142be92310ecc69e1358f94b52?s=96&d=mm&r=g\",\"contentUrl\":\"https:\\\/\\\/secure.gravatar.com\\\/avatar\\\/fd2acc62ed50732923d1d39c17172c9b04149f142be92310ecc69e1358f94b52?s=96&d=mm&r=g\",\"caption\":\"Med Ahmed\"},\"url\":\"https:\\\/\\\/lequotidien.mr\\\/?author=12\"}]}<\/script>\n<!-- \/ Yoast SEO plugin. -->","yoast_head_json":{"title":"Condens\u00e9 : Le Premier ministre fait le point sur les projets de d\u00e9veloppement \u00e0 Nouakchott - Le Quotidien de Nouakchott","robots":{"index":"index","follow":"follow","max-snippet":"max-snippet:-1","max-image-preview":"max-image-preview:large","max-video-preview":"max-video-preview:-1"},"canonical":"https:\/\/lequotidien.mr\/?p=31641&lang=fr","og_locale":"ar_AR","og_type":"article","og_title":"Condens\u00e9 : Le Premier ministre fait le point sur les projets de d\u00e9veloppement \u00e0 Nouakchott - Le Quotidien de Nouakchott","og_description":"\u00c0 l&#8217;issue d&#8217;une tourn\u00e9e d&#8217;inspection de deux jours dans la capitale, le Premier ministre, M. Moctar Djay, a dress\u00e9 un bilan d\u00e9taill\u00e9 de l&#8217;avancement des projets de d\u00e9veloppement, soulignant la mobilisation du gouvernement pour respecter les instructions du Pr\u00e9sident de la R\u00e9publique, M. Mohamed Cheikh El Ghazouani. Le Chef du gouvernement a pr\u00e9cis\u00e9 que sa.....","og_url":"https:\/\/lequotidien.mr\/?p=31641&lang=fr","og_site_name":"Le Quotidien de Nouakchott","article_publisher":"https:\/\/web.facebook.com\/lequotidienmr","article_published_time":"2025-10-13T21:21:09+00:00","og_image":[{"width":750,"height":430,"url":"https:\/\/lequotidien.mr\/wp-content\/uploads\/2025\/10\/photo-PM-hommes-daffaires.jpg","type":"image\/jpeg"}],"author":"Med Ahmed","twitter_card":"summary_large_image","twitter_creator":"@lequotidienmr","twitter_site":"@lequotidienmr","twitter_misc":{"\u0643\u064f\u062a\u0628 \u0628\u0648\u0627\u0633\u0637\u0629":"Med Ahmed","\u0648\u0642\u062a \u0627\u0644\u0642\u0631\u0627\u0621\u0629 \u0627\u0644\u0645\u064f\u0642\u062f\u0651\u0631":"4 \u062f\u0642\u0627\u0626\u0642"},"schema":{"@context":"https:\/\/schema.org","@graph":[{"@type":"Article","@id":"https:\/\/lequotidien.mr\/?p=31641&lang=fr#article","isPartOf":{"@id":"https:\/\/lequotidien.mr\/?p=31641&lang=fr"},"author":{"name":"Med Ahmed","@id":"https:\/\/lequotidien.mr\/#\/schema\/person\/d2d350202a4d599685ed8abc25f97596"},"headline":"Condens\u00e9 : Le Premier ministre fait le point sur les projets de d\u00e9veloppement \u00e0 Nouakchott","datePublished":"2025-10-13T21:21:09+00:00","mainEntityOfPage":{"@id":"https:\/\/lequotidien.mr\/?p=31641&lang=fr"},"wordCount":548,"commentCount":0,"publisher":{"@id":"https:\/\/lequotidien.mr\/#organization"},"image":{"@id":"https:\/\/lequotidien.mr\/?p=31641&lang=fr#primaryimage"},"thumbnailUrl":"https:\/\/lequotidien.mr\/wp-content\/uploads\/2025\/10\/photo-PM-hommes-daffaires.jpg","articleSection":["ACTUALIT\u00c9","Economie"],"inLanguage":"ar","potentialAction":[{"@type":"CommentAction","name":"Comment","target":["https:\/\/lequotidien.mr\/?p=31641&lang=fr#respond"]}]},{"@type":"WebPage","@id":"https:\/\/lequotidien.mr\/?p=31641&lang=fr","url":"https:\/\/lequotidien.mr\/?p=31641&lang=fr","name":"Condens\u00e9 : Le Premier ministre fait le point sur les projets de d\u00e9veloppement \u00e0 Nouakchott - Le Quotidien de Nouakchott","isPartOf":{"@id":"https:\/\/lequotidien.mr\/#website"},"primaryImageOfPage":{"@id":"https:\/\/lequotidien.mr\/?p=31641&lang=fr#primaryimage"},"image":{"@id":"https:\/\/lequotidien.mr\/?p=31641&lang=fr#primaryimage"},"thumbnailUrl":"https:\/\/lequotidien.mr\/wp-content\/uploads\/2025\/10\/photo-PM-hommes-daffaires.jpg","datePublished":"2025-10-13T21:21:09+00:00","breadcrumb":{"@id":"https:\/\/lequotidien.mr\/?p=31641&lang=fr#breadcrumb"},"inLanguage":"ar","potentialAction":[{"@type":"ReadAction","target":["https:\/\/lequotidien.mr\/?p=31641&lang=fr"]}]},{"@type":"ImageObject","inLanguage":"ar","@id":"https:\/\/lequotidien.mr\/?p=31641&lang=fr#primaryimage","url":"https:\/\/lequotidien.mr\/wp-content\/uploads\/2025\/10\/photo-PM-hommes-daffaires.jpg","contentUrl":"https:\/\/lequotidien.mr\/wp-content\/uploads\/2025\/10\/photo-PM-hommes-daffaires.jpg","width":750,"height":430},{"@type":"BreadcrumbList","@id":"https:\/\/lequotidien.mr\/?p=31641&lang=fr#breadcrumb","itemListElement":[{"@type":"ListItem","position":1,"name":"Home","item":"https:\/\/lequotidien.mr\/"},{"@type":"ListItem","position":2,"name":"Condens\u00e9 : Le Premier ministre fait le point sur les projets de d\u00e9veloppement \u00e0 Nouakchott"}]},{"@type":"WebSite","@id":"https:\/\/lequotidien.mr\/#website","url":"https:\/\/lequotidien.mr\/","name":"Le Quotidien de Nouakchott","description":"\u0625\u062e\u0628\u0627\u0631\u064a\u0629 \u0645\u0633\u062a\u0642\u0644\u0629 \u0644\u0644\u0623\u0646\u0628\u0627\u0621 \u0627\u0644\u0639\u0627\u0645\u0629","publisher":{"@id":"https:\/\/lequotidien.mr\/#organization"},"potentialAction":[{"@type":"SearchAction","target":{"@type":"EntryPoint","urlTemplate":"https:\/\/lequotidien.mr\/?s={search_term_string}"},"query-input":{"@type":"PropertyValueSpecification","valueRequired":true,"valueName":"search_term_string"}}],"inLanguage":"ar"},{"@type":"Organization","@id":"https:\/\/lequotidien.mr\/#organization","name":"Le Quotidien de Nouakchott","url":"https:\/\/lequotidien.mr\/","logo":{"@type":"ImageObject","inLanguage":"ar","@id":"https:\/\/lequotidien.mr\/#\/schema\/logo\/image\/","url":"https:\/\/lequotidien.mr\/wp-content\/uploads\/2022\/11\/logolequotidien.jpg","contentUrl":"https:\/\/lequotidien.mr\/wp-content\/uploads\/2022\/11\/logolequotidien.jpg","width":290,"height":65,"caption":"Le Quotidien de Nouakchott"},"image":{"@id":"https:\/\/lequotidien.mr\/#\/schema\/logo\/image\/"},"sameAs":["https:\/\/web.facebook.com\/lequotidienmr","https:\/\/x.com\/lequotidienmr"]},{"@type":"Person","@id":"https:\/\/lequotidien.mr\/#\/schema\/person\/d2d350202a4d599685ed8abc25f97596","name":"Med Ahmed","image":{"@type":"ImageObject","inLanguage":"ar","@id":"https:\/\/secure.gravatar.com\/avatar\/fd2acc62ed50732923d1d39c17172c9b04149f142be92310ecc69e1358f94b52?s=96&d=mm&r=g","url":"https:\/\/secure.gravatar.com\/avatar\/fd2acc62ed50732923d1d39c17172c9b04149f142be92310ecc69e1358f94b52?s=96&d=mm&r=g","contentUrl":"https:\/\/secure.gravatar.com\/avatar\/fd2acc62ed50732923d1d39c17172c9b04149f142be92310ecc69e1358f94b52?s=96&d=mm&r=g","caption":"Med Ahmed"},"url":"https:\/\/lequotidien.mr\/?author=12"}]}},"_links":{"self":[{"href":"https:\/\/lequotidien.mr\/index.php?rest_route=\/wp\/v2\/posts\/31641","targetHints":{"allow":["GET"]}}],"collection":[{"href":"https:\/\/lequotidien.mr\/index.php?rest_route=\/wp\/v2\/posts"}],"about":[{"href":"https:\/\/lequotidien.mr\/index.php?rest_route=\/wp\/v2\/types\/post"}],"author":[{"embeddable":true,"href":"https:\/\/lequotidien.mr\/index.php?rest_route=\/wp\/v2\/users\/12"}],"replies":[{"embeddable":true,"href":"https:\/\/lequotidien.mr\/index.php?rest_route=%2Fwp%2Fv2%2Fcomments&post=31641"}],"version-history":[{"count":1,"href":"https:\/\/lequotidien.mr\/index.php?rest_route=\/wp\/v2\/posts\/31641\/revisions"}],"predecessor-version":[{"id":31643,"href":"https:\/\/lequotidien.mr\/index.php?rest_route=\/wp\/v2\/posts\/31641\/revisions\/31643"}],"wp:featuredmedia":[{"embeddable":true,"href":"https:\/\/lequotidien.mr\/index.php?rest_route=\/wp\/v2\/media\/31642"}],"wp:attachment":[{"href":"https:\/\/lequotidien.mr\/index.php?rest_route=%2Fwp%2Fv2%2Fmedia&parent=31641"}],"wp:term":[{"taxonomy":"category","embeddable":true,"href":"https:\/\/lequotidien.mr\/index.php?rest_route=%2Fwp%2Fv2%2Fcategories&post=31641"},{"taxonomy":"post_tag","embeddable":true,"href":"https:\/\/lequotidien.mr\/index.php?rest_route=%2Fwp%2Fv2%2Ftags&post=31641"}],"curies":[{"name":"wp","href":"https:\/\/api.w.org\/{rel}","templated":true}]}}