{"id":31615,"date":"2025-10-12T18:47:17","date_gmt":"2025-10-12T18:47:17","guid":{"rendered":"https:\/\/lequotidien.mr\/?p=31615"},"modified":"2025-10-12T18:47:17","modified_gmt":"2025-10-12T18:47:17","slug":"nouakchott-inauguration-de-linstitut-jiwar-el-habib-mohammed-un-havre-de-paix-pour-leducation-des-orphelins","status":"publish","type":"post","link":"https:\/\/lequotidien.mr\/?p=31615&lang=fr","title":{"rendered":"Nouakchott : Inauguration de l&#8217;Institut &#8220;Jiwar El Habib Mohammed&#8221;, un havre de paix pour l&#8217;\u00e9ducation des orphelins"},"content":{"rendered":"<p>Le <strong>secr\u00e9taire g\u00e9n\u00e9ral du minist\u00e8re des Affaires islamiques et de l\u2019Enseignement originel, M. Beitallah Ahmed Lessouad<\/strong>, a pr\u00e9sid\u00e9, samedi soir, la c\u00e9r\u00e9monie d&#8217;inauguration de <strong>l\u2019Institut \u2018\u2018Jiwar El Habib Mohammed\u2019\u2019 (Paix et Salut sur Lui)<\/strong>, un \u00e9tablissement d\u00e9di\u00e9 \u00e0 l&#8217;\u00e9ducation et \u00e0 la prise en charge des orphelins. Cet \u00e9v\u00e9nement marque une nouvelle r\u00e9alisation significative dans le paysage de l&#8217;action sociale et \u00e9ducative en Mauritanie.<\/p>\n<p><strong>Une \u0153uvre noble soutenue par les plus hautes autorit\u00e9s<\/strong><\/p>\n<p>Lors de son discours inaugural, M. Beitallah Ahmed Lessouad a salu\u00e9 la cr\u00e9ation de cet institut par l\u2019Association Ayadi Al-Muhsinin, y voyant <strong><em>\u00ab une nouvelle \u00e9tape dans l\u2019important travail accompli par la soci\u00e9t\u00e9 civile, les philanthropes et les personnes de bonne volont\u00e9 \u00bb<\/em><\/strong>. Il a magnifi\u00e9 cette initiative, rappelant que <strong><em>\u00ab l\u2019\u00e9ducation et la prise en charge des orphelins constituent l\u2019un des actes de charit\u00e9 les plus nobles et les plus importants \u00bb.<\/em><\/strong><\/p>\n<p>Le secr\u00e9taire g\u00e9n\u00e9ral a r\u00e9affirm\u00e9 le soutien ind\u00e9fectible du minist\u00e8re des Affaires islamiques \u00e0 l&#8217;institut, \u00e0 ses fondateurs et \u00e0 l&#8217;association porteuse du projet. Il a \u00e9galement plac\u00e9 cette action dans le cadre des grandes priorit\u00e9s nationales, soulignant que \u00ab la protection de l\u2019enfance en g\u00e9n\u00e9ral, et la politique \u00e9ducative en particulier, constituaient une priorit\u00e9 pour le Pr\u00e9sident de la R\u00e9publique, M. Mohamed Cheikh El Ghazouani, une vision que <strong><em>\u00ab le gouvernement du Premier ministre, M. Moctar Djay, s\u2019emploie \u00e0 concr\u00e9tiser \u00bb.<\/em><\/strong><\/p>\n<p><strong>L&#8217;Association Ayadi Al-Muhsinin, porte-flame de la bienveillance<\/strong><\/p>\n<p>Preuve de l&#8217;importance de l&#8217;\u00e9v\u00e9nement, la c\u00e9r\u00e9monie s&#8217;est d\u00e9roul\u00e9e en pr\u00e9sence d&#8217;un parterre de personnalit\u00e9s, dont le wali de Nouakchott-Nord, le pr\u00e9sident de la r\u00e9gion de Nouakchott, le hakem de la moughataa de Toujounine, son maire, le directeur des instituts r\u00e9gionaux et plusieurs parlementaires.<\/p>\n<p><strong>Mme Fatima Mint Ameyin, pr\u00e9sidente de l\u2019association Ayadi Al-Muhsinin<\/strong>, a exprim\u00e9 sa fiert\u00e9 et sa gratitude. Elle a qualifi\u00e9 ce jour comme celui de <strong><em>\u00ab l\u2019\u00e9mergence d\u2019une des \u00e9toiles de cette association, qui a port\u00e9 haut le flambeau de la bienveillance \u00bb<\/em><\/strong>. Elle a pr\u00e9cis\u00e9 que l&#8217;action de l&#8217;association s&#8217;inspire des <strong><em>\u00ab significations sublimes du Coran, qui r\u00e9compensent la sinc\u00e9rit\u00e9 et la bienveillance dans l\u2019\u0153uvre accomplie pour Allah \u00bb.<\/em><\/strong><\/p>\n<p>Sans oublier ceux qui ont rendu ce projet possible, elle a tenu \u00e0 saluer <strong><em>\u00ab les efforts et la confiance des bienfaiteurs, contributeurs et adh\u00e9rents \u00bb<\/em><\/strong>, sans lesquels <strong><em>\u00ab ce projet n\u2019aurait pas vu le jour \u00bb.<\/em><\/strong><\/p>\n<p>L&#8217;inauguration de l&#8217;Institut \u2018\u2018Jiwar El Habib Mohammed\u2019\u2019 incarne ainsi la synergie r\u00e9ussie entre la volont\u00e9 politique, l&#8217;engagement associatif et la g\u00e9n\u00e9rosit\u00e9 des citoyens. Plus qu&#8217;un simple b\u00e2timent, c&#8217;est un symbole d&#8217;espoir et de solidarit\u00e9 qui s&#8217;offre aux orphelins de Mauritanie, leur promettant un avenir b\u00e2ti sur l&#8217;\u00e9ducation et la protection.<\/p>\n","protected":false},"excerpt":{"rendered":"<p>Le secr\u00e9taire g\u00e9n\u00e9ral du minist\u00e8re des Affaires islamiques et de l\u2019Enseignement originel, M. Beitallah Ahmed Lessouad, a pr\u00e9sid\u00e9, samedi soir, la c\u00e9r\u00e9monie d&#8217;inauguration de l\u2019Institut \u2018\u2018Jiwar El Habib Mohammed\u2019\u2019 (Paix et Salut sur Lui), un \u00e9tablissement d\u00e9di\u00e9 \u00e0 l&#8217;\u00e9ducation et \u00e0 la prise en charge des orphelins. Cet \u00e9v\u00e9nement marque une nouvelle r\u00e9alisation significative dans&#8230;..<\/p>\n","protected":false},"author":12,"featured_media":31616,"comment_status":"open","ping_status":"open","sticky":false,"template":"","format":"standard","meta":{"footnotes":""},"categories":[23,55],"tags":[],"class_list":["post-31615","post","type-post","status-publish","format-standard","has-post-thumbnail","hentry","category-actualite","category-culture"],"yoast_head":"<!-- This site is optimized with the Yoast SEO plugin v27.5 - https:\/\/yoast.com\/product\/yoast-seo-wordpress\/ -->\n<title>Nouakchott : Inauguration de l&#039;Institut &quot;Jiwar El Habib Mohammed&quot;, un havre de paix pour l&#039;\u00e9ducation des orphelins - Le Quotidien de Nouakchott<\/title>\n<meta name=\"robots\" content=\"index, follow, max-snippet:-1, max-image-preview:large, max-video-preview:-1\" \/>\n<link rel=\"canonical\" href=\"https:\/\/lequotidien.mr\/?p=31615&lang=fr\" \/>\n<meta property=\"og:locale\" content=\"ar_AR\" \/>\n<meta property=\"og:type\" content=\"article\" \/>\n<meta property=\"og:title\" content=\"Nouakchott : Inauguration de l&#039;Institut &quot;Jiwar El Habib Mohammed&quot;, un havre de paix pour l&#039;\u00e9ducation des orphelins - Le Quotidien de Nouakchott\" \/>\n<meta property=\"og:description\" content=\"Le secr\u00e9taire g\u00e9n\u00e9ral du minist\u00e8re des Affaires islamiques et de l\u2019Enseignement originel, M. Beitallah Ahmed Lessouad, a pr\u00e9sid\u00e9, samedi soir, la c\u00e9r\u00e9monie d&#8217;inauguration de l\u2019Institut \u2018\u2018Jiwar El Habib Mohammed\u2019\u2019 (Paix et Salut sur Lui), un \u00e9tablissement d\u00e9di\u00e9 \u00e0 l&#8217;\u00e9ducation et \u00e0 la prise en charge des orphelins. Cet \u00e9v\u00e9nement marque une nouvelle r\u00e9alisation significative dans.....\" \/>\n<meta property=\"og:url\" content=\"https:\/\/lequotidien.mr\/?p=31615&amp;lang=fr\" \/>\n<meta property=\"og:site_name\" content=\"Le Quotidien de Nouakchott\" \/>\n<meta property=\"article:publisher\" content=\"https:\/\/web.facebook.com\/lequotidienmr\" \/>\n<meta property=\"article:published_time\" content=\"2025-10-12T18:47:17+00:00\" \/>\n<meta property=\"og:image\" content=\"https:\/\/lequotidien.mr\/wp-content\/uploads\/2025\/10\/photo-institut-Jiwar-Enebi.jpg\" \/>\n\t<meta property=\"og:image:width\" content=\"750\" \/>\n\t<meta property=\"og:image:height\" content=\"430\" \/>\n\t<meta property=\"og:image:type\" content=\"image\/jpeg\" \/>\n<meta name=\"author\" content=\"Med Ahmed\" \/>\n<meta name=\"twitter:card\" content=\"summary_large_image\" \/>\n<meta name=\"twitter:creator\" content=\"@lequotidienmr\" \/>\n<meta name=\"twitter:site\" content=\"@lequotidienmr\" \/>\n<meta name=\"twitter:label1\" content=\"\u0643\u064f\u062a\u0628 \u0628\u0648\u0627\u0633\u0637\u0629\" \/>\n\t<meta name=\"twitter:data1\" content=\"Med Ahmed\" \/>\n\t<meta name=\"twitter:label2\" content=\"\u0648\u0642\u062a \u0627\u0644\u0642\u0631\u0627\u0621\u0629 \u0627\u0644\u0645\u064f\u0642\u062f\u0651\u0631\" \/>\n\t<meta name=\"twitter:data2\" content=\"4 \u062f\u0642\u0627\u0626\u0642\" \/>\n<script type=\"application\/ld+json\" class=\"yoast-schema-graph\">{\"@context\":\"https:\\\/\\\/schema.org\",\"@graph\":[{\"@type\":\"Article\",\"@id\":\"https:\\\/\\\/lequotidien.mr\\\/?p=31615&lang=fr#article\",\"isPartOf\":{\"@id\":\"https:\\\/\\\/lequotidien.mr\\\/?p=31615&lang=fr\"},\"author\":{\"name\":\"Med Ahmed\",\"@id\":\"https:\\\/\\\/lequotidien.mr\\\/#\\\/schema\\\/person\\\/d2d350202a4d599685ed8abc25f97596\"},\"headline\":\"Nouakchott : Inauguration de l&#8217;Institut &#8220;Jiwar El Habib Mohammed&#8221;, un havre de paix pour l&#8217;\u00e9ducation des orphelins\",\"datePublished\":\"2025-10-12T18:47:17+00:00\",\"mainEntityOfPage\":{\"@id\":\"https:\\\/\\\/lequotidien.mr\\\/?p=31615&lang=fr\"},\"wordCount\":510,\"commentCount\":0,\"publisher\":{\"@id\":\"https:\\\/\\\/lequotidien.mr\\\/#organization\"},\"image\":{\"@id\":\"https:\\\/\\\/lequotidien.mr\\\/?p=31615&lang=fr#primaryimage\"},\"thumbnailUrl\":\"https:\\\/\\\/lequotidien.mr\\\/wp-content\\\/uploads\\\/2025\\\/10\\\/photo-institut-Jiwar-Enebi.jpg\",\"articleSection\":[\"ACTUALIT\u00c9\",\"Culture\"],\"inLanguage\":\"ar\",\"potentialAction\":[{\"@type\":\"CommentAction\",\"name\":\"Comment\",\"target\":[\"https:\\\/\\\/lequotidien.mr\\\/?p=31615&lang=fr#respond\"]}]},{\"@type\":\"WebPage\",\"@id\":\"https:\\\/\\\/lequotidien.mr\\\/?p=31615&lang=fr\",\"url\":\"https:\\\/\\\/lequotidien.mr\\\/?p=31615&lang=fr\",\"name\":\"Nouakchott : Inauguration de l'Institut \\\"Jiwar El Habib Mohammed\\\", un havre de paix pour l'\u00e9ducation des orphelins - Le Quotidien de Nouakchott\",\"isPartOf\":{\"@id\":\"https:\\\/\\\/lequotidien.mr\\\/#website\"},\"primaryImageOfPage\":{\"@id\":\"https:\\\/\\\/lequotidien.mr\\\/?p=31615&lang=fr#primaryimage\"},\"image\":{\"@id\":\"https:\\\/\\\/lequotidien.mr\\\/?p=31615&lang=fr#primaryimage\"},\"thumbnailUrl\":\"https:\\\/\\\/lequotidien.mr\\\/wp-content\\\/uploads\\\/2025\\\/10\\\/photo-institut-Jiwar-Enebi.jpg\",\"datePublished\":\"2025-10-12T18:47:17+00:00\",\"breadcrumb\":{\"@id\":\"https:\\\/\\\/lequotidien.mr\\\/?p=31615&lang=fr#breadcrumb\"},\"inLanguage\":\"ar\",\"potentialAction\":[{\"@type\":\"ReadAction\",\"target\":[\"https:\\\/\\\/lequotidien.mr\\\/?p=31615&lang=fr\"]}]},{\"@type\":\"ImageObject\",\"inLanguage\":\"ar\",\"@id\":\"https:\\\/\\\/lequotidien.mr\\\/?p=31615&lang=fr#primaryimage\",\"url\":\"https:\\\/\\\/lequotidien.mr\\\/wp-content\\\/uploads\\\/2025\\\/10\\\/photo-institut-Jiwar-Enebi.jpg\",\"contentUrl\":\"https:\\\/\\\/lequotidien.mr\\\/wp-content\\\/uploads\\\/2025\\\/10\\\/photo-institut-Jiwar-Enebi.jpg\",\"width\":750,\"height\":430},{\"@type\":\"BreadcrumbList\",\"@id\":\"https:\\\/\\\/lequotidien.mr\\\/?p=31615&lang=fr#breadcrumb\",\"itemListElement\":[{\"@type\":\"ListItem\",\"position\":1,\"name\":\"Home\",\"item\":\"https:\\\/\\\/lequotidien.mr\\\/\"},{\"@type\":\"ListItem\",\"position\":2,\"name\":\"Nouakchott : Inauguration de l&rsquo;Institut \u00ab\u00a0Jiwar El Habib Mohammed\u00a0\u00bb, un havre de paix pour l&rsquo;\u00e9ducation des orphelins\"}]},{\"@type\":\"WebSite\",\"@id\":\"https:\\\/\\\/lequotidien.mr\\\/#website\",\"url\":\"https:\\\/\\\/lequotidien.mr\\\/\",\"name\":\"Le Quotidien de Nouakchott\",\"description\":\"\u0625\u062e\u0628\u0627\u0631\u064a\u0629 \u0645\u0633\u062a\u0642\u0644\u0629 \u0644\u0644\u0623\u0646\u0628\u0627\u0621 \u0627\u0644\u0639\u0627\u0645\u0629\",\"publisher\":{\"@id\":\"https:\\\/\\\/lequotidien.mr\\\/#organization\"},\"potentialAction\":[{\"@type\":\"SearchAction\",\"target\":{\"@type\":\"EntryPoint\",\"urlTemplate\":\"https:\\\/\\\/lequotidien.mr\\\/?s={search_term_string}\"},\"query-input\":{\"@type\":\"PropertyValueSpecification\",\"valueRequired\":true,\"valueName\":\"search_term_string\"}}],\"inLanguage\":\"ar\"},{\"@type\":\"Organization\",\"@id\":\"https:\\\/\\\/lequotidien.mr\\\/#organization\",\"name\":\"Le Quotidien de Nouakchott\",\"url\":\"https:\\\/\\\/lequotidien.mr\\\/\",\"logo\":{\"@type\":\"ImageObject\",\"inLanguage\":\"ar\",\"@id\":\"https:\\\/\\\/lequotidien.mr\\\/#\\\/schema\\\/logo\\\/image\\\/\",\"url\":\"https:\\\/\\\/lequotidien.mr\\\/wp-content\\\/uploads\\\/2022\\\/11\\\/logolequotidien.jpg\",\"contentUrl\":\"https:\\\/\\\/lequotidien.mr\\\/wp-content\\\/uploads\\\/2022\\\/11\\\/logolequotidien.jpg\",\"width\":290,\"height\":65,\"caption\":\"Le Quotidien de Nouakchott\"},\"image\":{\"@id\":\"https:\\\/\\\/lequotidien.mr\\\/#\\\/schema\\\/logo\\\/image\\\/\"},\"sameAs\":[\"https:\\\/\\\/web.facebook.com\\\/lequotidienmr\",\"https:\\\/\\\/x.com\\\/lequotidienmr\"]},{\"@type\":\"Person\",\"@id\":\"https:\\\/\\\/lequotidien.mr\\\/#\\\/schema\\\/person\\\/d2d350202a4d599685ed8abc25f97596\",\"name\":\"Med Ahmed\",\"image\":{\"@type\":\"ImageObject\",\"inLanguage\":\"ar\",\"@id\":\"https:\\\/\\\/secure.gravatar.com\\\/avatar\\\/fd2acc62ed50732923d1d39c17172c9b04149f142be92310ecc69e1358f94b52?s=96&d=mm&r=g\",\"url\":\"https:\\\/\\\/secure.gravatar.com\\\/avatar\\\/fd2acc62ed50732923d1d39c17172c9b04149f142be92310ecc69e1358f94b52?s=96&d=mm&r=g\",\"contentUrl\":\"https:\\\/\\\/secure.gravatar.com\\\/avatar\\\/fd2acc62ed50732923d1d39c17172c9b04149f142be92310ecc69e1358f94b52?s=96&d=mm&r=g\",\"caption\":\"Med Ahmed\"},\"url\":\"https:\\\/\\\/lequotidien.mr\\\/?author=12\"}]}<\/script>\n<!-- \/ Yoast SEO plugin. -->","yoast_head_json":{"title":"Nouakchott : Inauguration de l'Institut \"Jiwar El Habib Mohammed\", un havre de paix pour l'\u00e9ducation des orphelins - Le Quotidien de Nouakchott","robots":{"index":"index","follow":"follow","max-snippet":"max-snippet:-1","max-image-preview":"max-image-preview:large","max-video-preview":"max-video-preview:-1"},"canonical":"https:\/\/lequotidien.mr\/?p=31615&lang=fr","og_locale":"ar_AR","og_type":"article","og_title":"Nouakchott : Inauguration de l'Institut \"Jiwar El Habib Mohammed\", un havre de paix pour l'\u00e9ducation des orphelins - Le Quotidien de Nouakchott","og_description":"Le secr\u00e9taire g\u00e9n\u00e9ral du minist\u00e8re des Affaires islamiques et de l\u2019Enseignement originel, M. Beitallah Ahmed Lessouad, a pr\u00e9sid\u00e9, samedi soir, la c\u00e9r\u00e9monie d&#8217;inauguration de l\u2019Institut \u2018\u2018Jiwar El Habib Mohammed\u2019\u2019 (Paix et Salut sur Lui), un \u00e9tablissement d\u00e9di\u00e9 \u00e0 l&#8217;\u00e9ducation et \u00e0 la prise en charge des orphelins. Cet \u00e9v\u00e9nement marque une nouvelle r\u00e9alisation significative dans.....","og_url":"https:\/\/lequotidien.mr\/?p=31615&lang=fr","og_site_name":"Le Quotidien de Nouakchott","article_publisher":"https:\/\/web.facebook.com\/lequotidienmr","article_published_time":"2025-10-12T18:47:17+00:00","og_image":[{"width":750,"height":430,"url":"https:\/\/lequotidien.mr\/wp-content\/uploads\/2025\/10\/photo-institut-Jiwar-Enebi.jpg","type":"image\/jpeg"}],"author":"Med Ahmed","twitter_card":"summary_large_image","twitter_creator":"@lequotidienmr","twitter_site":"@lequotidienmr","twitter_misc":{"\u0643\u064f\u062a\u0628 \u0628\u0648\u0627\u0633\u0637\u0629":"Med Ahmed","\u0648\u0642\u062a \u0627\u0644\u0642\u0631\u0627\u0621\u0629 \u0627\u0644\u0645\u064f\u0642\u062f\u0651\u0631":"4 \u062f\u0642\u0627\u0626\u0642"},"schema":{"@context":"https:\/\/schema.org","@graph":[{"@type":"Article","@id":"https:\/\/lequotidien.mr\/?p=31615&lang=fr#article","isPartOf":{"@id":"https:\/\/lequotidien.mr\/?p=31615&lang=fr"},"author":{"name":"Med Ahmed","@id":"https:\/\/lequotidien.mr\/#\/schema\/person\/d2d350202a4d599685ed8abc25f97596"},"headline":"Nouakchott : Inauguration de l&#8217;Institut &#8220;Jiwar El Habib Mohammed&#8221;, un havre de paix pour l&#8217;\u00e9ducation des orphelins","datePublished":"2025-10-12T18:47:17+00:00","mainEntityOfPage":{"@id":"https:\/\/lequotidien.mr\/?p=31615&lang=fr"},"wordCount":510,"commentCount":0,"publisher":{"@id":"https:\/\/lequotidien.mr\/#organization"},"image":{"@id":"https:\/\/lequotidien.mr\/?p=31615&lang=fr#primaryimage"},"thumbnailUrl":"https:\/\/lequotidien.mr\/wp-content\/uploads\/2025\/10\/photo-institut-Jiwar-Enebi.jpg","articleSection":["ACTUALIT\u00c9","Culture"],"inLanguage":"ar","potentialAction":[{"@type":"CommentAction","name":"Comment","target":["https:\/\/lequotidien.mr\/?p=31615&lang=fr#respond"]}]},{"@type":"WebPage","@id":"https:\/\/lequotidien.mr\/?p=31615&lang=fr","url":"https:\/\/lequotidien.mr\/?p=31615&lang=fr","name":"Nouakchott : Inauguration de l'Institut \"Jiwar El Habib Mohammed\", un havre de paix pour l'\u00e9ducation des orphelins - Le Quotidien de Nouakchott","isPartOf":{"@id":"https:\/\/lequotidien.mr\/#website"},"primaryImageOfPage":{"@id":"https:\/\/lequotidien.mr\/?p=31615&lang=fr#primaryimage"},"image":{"@id":"https:\/\/lequotidien.mr\/?p=31615&lang=fr#primaryimage"},"thumbnailUrl":"https:\/\/lequotidien.mr\/wp-content\/uploads\/2025\/10\/photo-institut-Jiwar-Enebi.jpg","datePublished":"2025-10-12T18:47:17+00:00","breadcrumb":{"@id":"https:\/\/lequotidien.mr\/?p=31615&lang=fr#breadcrumb"},"inLanguage":"ar","potentialAction":[{"@type":"ReadAction","target":["https:\/\/lequotidien.mr\/?p=31615&lang=fr"]}]},{"@type":"ImageObject","inLanguage":"ar","@id":"https:\/\/lequotidien.mr\/?p=31615&lang=fr#primaryimage","url":"https:\/\/lequotidien.mr\/wp-content\/uploads\/2025\/10\/photo-institut-Jiwar-Enebi.jpg","contentUrl":"https:\/\/lequotidien.mr\/wp-content\/uploads\/2025\/10\/photo-institut-Jiwar-Enebi.jpg","width":750,"height":430},{"@type":"BreadcrumbList","@id":"https:\/\/lequotidien.mr\/?p=31615&lang=fr#breadcrumb","itemListElement":[{"@type":"ListItem","position":1,"name":"Home","item":"https:\/\/lequotidien.mr\/"},{"@type":"ListItem","position":2,"name":"Nouakchott : Inauguration de l&rsquo;Institut \u00ab\u00a0Jiwar El Habib Mohammed\u00a0\u00bb, un havre de paix pour l&rsquo;\u00e9ducation des orphelins"}]},{"@type":"WebSite","@id":"https:\/\/lequotidien.mr\/#website","url":"https:\/\/lequotidien.mr\/","name":"Le Quotidien de Nouakchott","description":"\u0625\u062e\u0628\u0627\u0631\u064a\u0629 \u0645\u0633\u062a\u0642\u0644\u0629 \u0644\u0644\u0623\u0646\u0628\u0627\u0621 \u0627\u0644\u0639\u0627\u0645\u0629","publisher":{"@id":"https:\/\/lequotidien.mr\/#organization"},"potentialAction":[{"@type":"SearchAction","target":{"@type":"EntryPoint","urlTemplate":"https:\/\/lequotidien.mr\/?s={search_term_string}"},"query-input":{"@type":"PropertyValueSpecification","valueRequired":true,"valueName":"search_term_string"}}],"inLanguage":"ar"},{"@type":"Organization","@id":"https:\/\/lequotidien.mr\/#organization","name":"Le Quotidien de Nouakchott","url":"https:\/\/lequotidien.mr\/","logo":{"@type":"ImageObject","inLanguage":"ar","@id":"https:\/\/lequotidien.mr\/#\/schema\/logo\/image\/","url":"https:\/\/lequotidien.mr\/wp-content\/uploads\/2022\/11\/logolequotidien.jpg","contentUrl":"https:\/\/lequotidien.mr\/wp-content\/uploads\/2022\/11\/logolequotidien.jpg","width":290,"height":65,"caption":"Le Quotidien de Nouakchott"},"image":{"@id":"https:\/\/lequotidien.mr\/#\/schema\/logo\/image\/"},"sameAs":["https:\/\/web.facebook.com\/lequotidienmr","https:\/\/x.com\/lequotidienmr"]},{"@type":"Person","@id":"https:\/\/lequotidien.mr\/#\/schema\/person\/d2d350202a4d599685ed8abc25f97596","name":"Med Ahmed","image":{"@type":"ImageObject","inLanguage":"ar","@id":"https:\/\/secure.gravatar.com\/avatar\/fd2acc62ed50732923d1d39c17172c9b04149f142be92310ecc69e1358f94b52?s=96&d=mm&r=g","url":"https:\/\/secure.gravatar.com\/avatar\/fd2acc62ed50732923d1d39c17172c9b04149f142be92310ecc69e1358f94b52?s=96&d=mm&r=g","contentUrl":"https:\/\/secure.gravatar.com\/avatar\/fd2acc62ed50732923d1d39c17172c9b04149f142be92310ecc69e1358f94b52?s=96&d=mm&r=g","caption":"Med Ahmed"},"url":"https:\/\/lequotidien.mr\/?author=12"}]}},"_links":{"self":[{"href":"https:\/\/lequotidien.mr\/index.php?rest_route=\/wp\/v2\/posts\/31615","targetHints":{"allow":["GET"]}}],"collection":[{"href":"https:\/\/lequotidien.mr\/index.php?rest_route=\/wp\/v2\/posts"}],"about":[{"href":"https:\/\/lequotidien.mr\/index.php?rest_route=\/wp\/v2\/types\/post"}],"author":[{"embeddable":true,"href":"https:\/\/lequotidien.mr\/index.php?rest_route=\/wp\/v2\/users\/12"}],"replies":[{"embeddable":true,"href":"https:\/\/lequotidien.mr\/index.php?rest_route=%2Fwp%2Fv2%2Fcomments&post=31615"}],"version-history":[{"count":1,"href":"https:\/\/lequotidien.mr\/index.php?rest_route=\/wp\/v2\/posts\/31615\/revisions"}],"predecessor-version":[{"id":31617,"href":"https:\/\/lequotidien.mr\/index.php?rest_route=\/wp\/v2\/posts\/31615\/revisions\/31617"}],"wp:featuredmedia":[{"embeddable":true,"href":"https:\/\/lequotidien.mr\/index.php?rest_route=\/wp\/v2\/media\/31616"}],"wp:attachment":[{"href":"https:\/\/lequotidien.mr\/index.php?rest_route=%2Fwp%2Fv2%2Fmedia&parent=31615"}],"wp:term":[{"taxonomy":"category","embeddable":true,"href":"https:\/\/lequotidien.mr\/index.php?rest_route=%2Fwp%2Fv2%2Fcategories&post=31615"},{"taxonomy":"post_tag","embeddable":true,"href":"https:\/\/lequotidien.mr\/index.php?rest_route=%2Fwp%2Fv2%2Ftags&post=31615"}],"curies":[{"name":"wp","href":"https:\/\/api.w.org\/{rel}","templated":true}]}}