{"id":31612,"date":"2025-10-12T18:24:04","date_gmt":"2025-10-12T18:24:04","guid":{"rendered":"https:\/\/lequotidien.mr\/?p=31612"},"modified":"2025-10-12T18:24:04","modified_gmt":"2025-10-12T18:24:04","slug":"nouakchott-en-metamorphose-le-premier-ministre-garantit-la-realisation-dans-les-delais-des-300-projets-du-programme-durgence","status":"publish","type":"post","link":"https:\/\/lequotidien.mr\/?p=31612&lang=fr","title":{"rendered":"Nouakchott en M\u00e9tamorphose : Le Premier Ministre garantit la r\u00e9alisation, dans les d\u00e9lais, des 300 projets du programme d&#8217;urgence"},"content":{"rendered":"<p>Le <strong>Premier ministre, M. Moctar Djay<\/strong>, a apport\u00e9 une assurance de taille aux citoyens de la capitale : l&#8217;int\u00e9gralit\u00e9 des 300 projets du Programme d&#8217;urgence de d\u00e9veloppement de Nouakchott (PUDN) sera r\u00e9alis\u00e9e et livr\u00e9e dans les d\u00e9lais impartis. Lors d&#8217;une visite de terrain ce samedi, il a m\u00eame indiqu\u00e9 que certaines composantes du programme avancent \u00e0 un rythme plus soutenu que pr\u00e9vu.<\/p>\n<p>Cette inspection, effectu\u00e9e sur instructions directes du <strong>Pr\u00e9sident de la R\u00e9publique, M. Mohamed Cheikh El Ghazouani<\/strong>, visait \u00e0 s&#8217;assurer de l&#8217;avancement des travaux, d&#8217;identifier d&#8217;\u00e9ventuels obstacles et de v\u00e9rifier le strict respect des normes techniques par les entreprises concern\u00e9es.<\/p>\n<p><strong>Une feuille de route claire pour la capitale<\/strong><\/p>\n<p>Dans une d\u00e9claration \u00e0 l\u2019Agence mauritanienne d\u2019Information, le Chef du gouvernement a d\u00e9voil\u00e9 la vision strat\u00e9gique pour Nouakchott. Il a rappel\u00e9 que le Pr\u00e9sident de la R\u00e9publique a engag\u00e9 le gouvernement \u00e0 lancer trois grands programmes de d\u00e9veloppement pour la capitale durant son mandat.<\/p>\n<p><strong><em>\u00ab Des pr\u00e9paratifs \u00e9taient en cours pour lancer le deuxi\u00e8me programme d&#8217;urgence de d\u00e9veloppement de la ville de Nouakchott, \u00e0 l&#8217;issue de la premi\u00e8re \u00e9dition, qui durera 16 mois \u00bb,<\/em><\/strong> a-t-il annonc\u00e9, pr\u00e9cisant que \u00ab le troisi\u00e8me programme d\u00e9butera en 2027 et se poursuivra jusqu&#8217;\u00e0 fin 2028 \u00bb.<\/p>\n<p>La visite de ce samedi a port\u00e9 sur 26 chantiers r\u00e9partis dans les neuf moughataas, couvrant les volets\u00a0<strong>\u00c9ducation, Sant\u00e9, Jeunesse et Sports, et Voirie<\/strong>. Une seconde visite est pr\u00e9vue ce dimanche pour les volets\u00a0<strong>Hydraulique et assainissement, \u00c9lectricit\u00e9 et Environnement<\/strong>, ainsi que d&#8217;autres grands projets en dehors du PUDN.<\/p>\n<p><strong>Le volet \u00e9ducation : Une priorit\u00e9 affich\u00e9e \u00e0 95% d&#8217;avancement<\/strong><\/p>\n<p>Le Premier ministre a d\u00e9taill\u00e9 les r\u00e9alisations avec une pr\u00e9cision chiffr\u00e9e. Le volet \u00e9ducation, pilier de <strong><em>\u00ab l&#8217;\u00c9cole r\u00e9publicaine \u00bb<\/em><\/strong>, est le plus avanc\u00e9 avec un taux de\u00a0<strong>95%<\/strong>.<\/p>\n<p><strong>\u00ab Ce volet comprend 121 \u00e9coles actuellement en construction, auxquelles s&#8217;ajoutent 16 autres dont l&#8217;ach\u00e8vement est pr\u00e9vu dans le cadre du programme Taazour \u00bb<\/strong>, a-t-il expliqu\u00e9. Sur un total de 144 \u00e9coles lanc\u00e9es ces derniers mois,\u00a0<strong>84 sont d\u00e9j\u00e0 achev\u00e9es<\/strong>\u00a0et\u00a0<strong>50 autres le seront avant fin octobre<\/strong>. Seules 10 \u00e9coles pourraient \u00eatre report\u00e9es \u00e0 novembre ou d\u00e9cembre.<\/p>\n<p>M. Djay a r\u00e9affirm\u00e9 que ce projet d&#8217;infrastructure est la cl\u00e9 pour relever les d\u00e9fis du d\u00e9veloppement \u00e9conomique et social du pays.<\/p>\n<p><strong>Sant\u00e9, jeunesse et voirie : Des avanc\u00e9es in\u00e9gales mais sous contr\u00f4le<\/strong><\/p>\n<p><strong>Sant\u00e9<\/strong>\u00a0: 28 centres de sant\u00e9 sont en cours de construction ou de r\u00e9novation, avec un taux d&#8217;avancement d&#8217;environ\u00a0<strong>60%<\/strong>, conforme aux d\u00e9lais. Malgr\u00e9 deux retards, les entrepreneurs se sont engag\u00e9s \u00e0 les rattraper sous peine de r\u00e9siliation des contrats. Ce volet sera achev\u00e9 au premier trimestre 2026, le minist\u00e8re \u0153uvrant d\u00e9j\u00e0 \u00e0 l&#8217;acquisition des \u00e9quipements et au recrutement du personnel.<\/p>\n<p><strong>Jeunesse et Sports<\/strong>\u00a0: Cinq projets majeurs, dont les stades El Mina et Sebkha, une piscine olympique (une premi\u00e8re \u00e0 Nouakchott) et une salle omnisports, progressent \u00e0\u00a0<strong>50%<\/strong>, respectant le calendrier pr\u00e9vu.<\/p>\n<p><strong>Voirie<\/strong>\u00a0: C&#8217;est le volet qui conna\u00eet le plus de retard. Sur 135 km pr\u00e9vus,\u00a0<strong>74 km sont achev\u00e9s<\/strong>\u00a0dans plusieurs moughataas. Les routes restantes dans les zones de Tevragh Zeina, Sebkha, El Mina et Toujounine seront toutes livr\u00e9es\u00a0<strong>avant fin novembre<\/strong>. La rocade entourant la capitale a, quant \u00e0 elle, vu 15 km de son trac\u00e9 achev\u00e9s.<\/p>\n<p><strong>Transparence, emploi local et vision d&#8217;avenir<\/strong><\/p>\n<p>Le Premier ministre a salu\u00e9 le travail des secteurs minist\u00e9riels et des entreprises nationales, assurant que tous les appels d&#8217;offres s&#8217;\u00e9taient d\u00e9roul\u00e9s de mani\u00e8re <strong><em>\u00ab transparente et claire \u00bb<\/em><\/strong> et que les entrepreneurs \u00e9taient pay\u00e9s sans d\u00e9lai.<\/p>\n<p>Il a toutefois point\u00e9 un d\u00e9fi : la pr\u00e9sence de nombreux travailleurs \u00e9trangers sur les chantiers, alors que des jeunes locaux sont en demande d&#8217;emploi. <strong><em>\u00ab Ce ph\u00e9nom\u00e8ne n\u00e9cessite des efforts concert\u00e9s pour le combattre \u00bb<\/em><\/strong>, a-t-il estim\u00e9.<\/p>\n<p>En conclusion, M. Djay a pr\u00e9sent\u00e9 ce programme comme un motif d&#8217;espoir et un mod\u00e8le pour la mise en \u0153uvre future des projets ambitieux port\u00e9s par le Pr\u00e9sident de la R\u00e9publique, affirmant que le gouvernement est plus que jamais d\u00e9termin\u00e9 \u00e0 acc\u00e9l\u00e9rer la concr\u00e9tisation de ces infrastructures vitales pour les citoyens.<\/p>\n<p>&nbsp;<\/p>\n","protected":false},"excerpt":{"rendered":"<p>Le Premier ministre, M. Moctar Djay, a apport\u00e9 une assurance de taille aux citoyens de la capitale : l&#8217;int\u00e9gralit\u00e9 des 300 projets du Programme d&#8217;urgence de d\u00e9veloppement de Nouakchott (PUDN) sera r\u00e9alis\u00e9e et livr\u00e9e dans les d\u00e9lais impartis. Lors d&#8217;une visite de terrain ce samedi, il a m\u00eame indiqu\u00e9 que certaines composantes du programme avancent&#8230;..<\/p>\n","protected":false},"author":12,"featured_media":31613,"comment_status":"open","ping_status":"open","sticky":false,"template":"","format":"standard","meta":{"footnotes":""},"categories":[23,49],"tags":[],"class_list":["post-31612","post","type-post","status-publish","format-standard","has-post-thumbnail","hentry","category-actualite","category-economie"],"yoast_head":"<!-- This site is optimized with the Yoast SEO plugin v27.5 - https:\/\/yoast.com\/product\/yoast-seo-wordpress\/ -->\n<title>Nouakchott en M\u00e9tamorphose : Le Premier Ministre garantit la r\u00e9alisation, dans les d\u00e9lais, des 300 projets du programme d&#039;urgence - Le Quotidien de Nouakchott<\/title>\n<meta name=\"robots\" content=\"index, follow, max-snippet:-1, max-image-preview:large, max-video-preview:-1\" \/>\n<link rel=\"canonical\" href=\"https:\/\/lequotidien.mr\/?p=31612&lang=fr\" \/>\n<meta property=\"og:locale\" content=\"ar_AR\" \/>\n<meta property=\"og:type\" content=\"article\" \/>\n<meta property=\"og:title\" content=\"Nouakchott en M\u00e9tamorphose : Le Premier Ministre garantit la r\u00e9alisation, dans les d\u00e9lais, des 300 projets du programme d&#039;urgence - Le Quotidien de Nouakchott\" \/>\n<meta property=\"og:description\" content=\"Le Premier ministre, M. Moctar Djay, a apport\u00e9 une assurance de taille aux citoyens de la capitale : l&#8217;int\u00e9gralit\u00e9 des 300 projets du Programme d&#8217;urgence de d\u00e9veloppement de Nouakchott (PUDN) sera r\u00e9alis\u00e9e et livr\u00e9e dans les d\u00e9lais impartis. Lors d&#8217;une visite de terrain ce samedi, il a m\u00eame indiqu\u00e9 que certaines composantes du programme avancent.....\" \/>\n<meta property=\"og:url\" content=\"https:\/\/lequotidien.mr\/?p=31612&amp;lang=fr\" \/>\n<meta property=\"og:site_name\" content=\"Le Quotidien de Nouakchott\" \/>\n<meta property=\"article:publisher\" content=\"https:\/\/web.facebook.com\/lequotidienmr\" \/>\n<meta property=\"article:published_time\" content=\"2025-10-12T18:24:04+00:00\" \/>\n<meta property=\"og:image\" content=\"https:\/\/lequotidien.mr\/wp-content\/uploads\/2025\/10\/photo-PM-pgme-urgence-Nkc.jpg\" \/>\n\t<meta property=\"og:image:width\" content=\"750\" \/>\n\t<meta property=\"og:image:height\" content=\"430\" \/>\n\t<meta property=\"og:image:type\" content=\"image\/jpeg\" \/>\n<meta name=\"author\" content=\"Med Ahmed\" \/>\n<meta name=\"twitter:card\" content=\"summary_large_image\" \/>\n<meta name=\"twitter:creator\" content=\"@lequotidienmr\" \/>\n<meta name=\"twitter:site\" content=\"@lequotidienmr\" \/>\n<meta name=\"twitter:label1\" content=\"\u0643\u064f\u062a\u0628 \u0628\u0648\u0627\u0633\u0637\u0629\" \/>\n\t<meta name=\"twitter:data1\" content=\"Med Ahmed\" \/>\n\t<meta name=\"twitter:label2\" content=\"\u0648\u0642\u062a \u0627\u0644\u0642\u0631\u0627\u0621\u0629 \u0627\u0644\u0645\u064f\u0642\u062f\u0651\u0631\" \/>\n\t<meta name=\"twitter:data2\" content=\"5 \u062f\u0642\u0627\u0626\u0642\" \/>\n<script type=\"application\/ld+json\" class=\"yoast-schema-graph\">{\"@context\":\"https:\\\/\\\/schema.org\",\"@graph\":[{\"@type\":\"Article\",\"@id\":\"https:\\\/\\\/lequotidien.mr\\\/?p=31612&lang=fr#article\",\"isPartOf\":{\"@id\":\"https:\\\/\\\/lequotidien.mr\\\/?p=31612&lang=fr\"},\"author\":{\"name\":\"Med Ahmed\",\"@id\":\"https:\\\/\\\/lequotidien.mr\\\/#\\\/schema\\\/person\\\/d2d350202a4d599685ed8abc25f97596\"},\"headline\":\"Nouakchott en M\u00e9tamorphose : Le Premier Ministre garantit la r\u00e9alisation, dans les d\u00e9lais, des 300 projets du programme d&#8217;urgence\",\"datePublished\":\"2025-10-12T18:24:04+00:00\",\"mainEntityOfPage\":{\"@id\":\"https:\\\/\\\/lequotidien.mr\\\/?p=31612&lang=fr\"},\"wordCount\":741,\"commentCount\":0,\"publisher\":{\"@id\":\"https:\\\/\\\/lequotidien.mr\\\/#organization\"},\"image\":{\"@id\":\"https:\\\/\\\/lequotidien.mr\\\/?p=31612&lang=fr#primaryimage\"},\"thumbnailUrl\":\"https:\\\/\\\/lequotidien.mr\\\/wp-content\\\/uploads\\\/2025\\\/10\\\/photo-PM-pgme-urgence-Nkc.jpg\",\"articleSection\":[\"ACTUALIT\u00c9\",\"Economie\"],\"inLanguage\":\"ar\",\"potentialAction\":[{\"@type\":\"CommentAction\",\"name\":\"Comment\",\"target\":[\"https:\\\/\\\/lequotidien.mr\\\/?p=31612&lang=fr#respond\"]}]},{\"@type\":\"WebPage\",\"@id\":\"https:\\\/\\\/lequotidien.mr\\\/?p=31612&lang=fr\",\"url\":\"https:\\\/\\\/lequotidien.mr\\\/?p=31612&lang=fr\",\"name\":\"Nouakchott en M\u00e9tamorphose : Le Premier Ministre garantit la r\u00e9alisation, dans les d\u00e9lais, des 300 projets du programme d'urgence - Le Quotidien de Nouakchott\",\"isPartOf\":{\"@id\":\"https:\\\/\\\/lequotidien.mr\\\/#website\"},\"primaryImageOfPage\":{\"@id\":\"https:\\\/\\\/lequotidien.mr\\\/?p=31612&lang=fr#primaryimage\"},\"image\":{\"@id\":\"https:\\\/\\\/lequotidien.mr\\\/?p=31612&lang=fr#primaryimage\"},\"thumbnailUrl\":\"https:\\\/\\\/lequotidien.mr\\\/wp-content\\\/uploads\\\/2025\\\/10\\\/photo-PM-pgme-urgence-Nkc.jpg\",\"datePublished\":\"2025-10-12T18:24:04+00:00\",\"breadcrumb\":{\"@id\":\"https:\\\/\\\/lequotidien.mr\\\/?p=31612&lang=fr#breadcrumb\"},\"inLanguage\":\"ar\",\"potentialAction\":[{\"@type\":\"ReadAction\",\"target\":[\"https:\\\/\\\/lequotidien.mr\\\/?p=31612&lang=fr\"]}]},{\"@type\":\"ImageObject\",\"inLanguage\":\"ar\",\"@id\":\"https:\\\/\\\/lequotidien.mr\\\/?p=31612&lang=fr#primaryimage\",\"url\":\"https:\\\/\\\/lequotidien.mr\\\/wp-content\\\/uploads\\\/2025\\\/10\\\/photo-PM-pgme-urgence-Nkc.jpg\",\"contentUrl\":\"https:\\\/\\\/lequotidien.mr\\\/wp-content\\\/uploads\\\/2025\\\/10\\\/photo-PM-pgme-urgence-Nkc.jpg\",\"width\":750,\"height\":430},{\"@type\":\"BreadcrumbList\",\"@id\":\"https:\\\/\\\/lequotidien.mr\\\/?p=31612&lang=fr#breadcrumb\",\"itemListElement\":[{\"@type\":\"ListItem\",\"position\":1,\"name\":\"Home\",\"item\":\"https:\\\/\\\/lequotidien.mr\\\/\"},{\"@type\":\"ListItem\",\"position\":2,\"name\":\"Nouakchott en M\u00e9tamorphose : Le Premier Ministre garantit la r\u00e9alisation, dans les d\u00e9lais, des 300 projets du programme d&rsquo;urgence\"}]},{\"@type\":\"WebSite\",\"@id\":\"https:\\\/\\\/lequotidien.mr\\\/#website\",\"url\":\"https:\\\/\\\/lequotidien.mr\\\/\",\"name\":\"Le Quotidien de Nouakchott\",\"description\":\"\u0625\u062e\u0628\u0627\u0631\u064a\u0629 \u0645\u0633\u062a\u0642\u0644\u0629 \u0644\u0644\u0623\u0646\u0628\u0627\u0621 \u0627\u0644\u0639\u0627\u0645\u0629\",\"publisher\":{\"@id\":\"https:\\\/\\\/lequotidien.mr\\\/#organization\"},\"potentialAction\":[{\"@type\":\"SearchAction\",\"target\":{\"@type\":\"EntryPoint\",\"urlTemplate\":\"https:\\\/\\\/lequotidien.mr\\\/?s={search_term_string}\"},\"query-input\":{\"@type\":\"PropertyValueSpecification\",\"valueRequired\":true,\"valueName\":\"search_term_string\"}}],\"inLanguage\":\"ar\"},{\"@type\":\"Organization\",\"@id\":\"https:\\\/\\\/lequotidien.mr\\\/#organization\",\"name\":\"Le Quotidien de Nouakchott\",\"url\":\"https:\\\/\\\/lequotidien.mr\\\/\",\"logo\":{\"@type\":\"ImageObject\",\"inLanguage\":\"ar\",\"@id\":\"https:\\\/\\\/lequotidien.mr\\\/#\\\/schema\\\/logo\\\/image\\\/\",\"url\":\"https:\\\/\\\/lequotidien.mr\\\/wp-content\\\/uploads\\\/2022\\\/11\\\/logolequotidien.jpg\",\"contentUrl\":\"https:\\\/\\\/lequotidien.mr\\\/wp-content\\\/uploads\\\/2022\\\/11\\\/logolequotidien.jpg\",\"width\":290,\"height\":65,\"caption\":\"Le Quotidien de Nouakchott\"},\"image\":{\"@id\":\"https:\\\/\\\/lequotidien.mr\\\/#\\\/schema\\\/logo\\\/image\\\/\"},\"sameAs\":[\"https:\\\/\\\/web.facebook.com\\\/lequotidienmr\",\"https:\\\/\\\/x.com\\\/lequotidienmr\"]},{\"@type\":\"Person\",\"@id\":\"https:\\\/\\\/lequotidien.mr\\\/#\\\/schema\\\/person\\\/d2d350202a4d599685ed8abc25f97596\",\"name\":\"Med Ahmed\",\"image\":{\"@type\":\"ImageObject\",\"inLanguage\":\"ar\",\"@id\":\"https:\\\/\\\/secure.gravatar.com\\\/avatar\\\/fd2acc62ed50732923d1d39c17172c9b04149f142be92310ecc69e1358f94b52?s=96&d=mm&r=g\",\"url\":\"https:\\\/\\\/secure.gravatar.com\\\/avatar\\\/fd2acc62ed50732923d1d39c17172c9b04149f142be92310ecc69e1358f94b52?s=96&d=mm&r=g\",\"contentUrl\":\"https:\\\/\\\/secure.gravatar.com\\\/avatar\\\/fd2acc62ed50732923d1d39c17172c9b04149f142be92310ecc69e1358f94b52?s=96&d=mm&r=g\",\"caption\":\"Med Ahmed\"},\"url\":\"https:\\\/\\\/lequotidien.mr\\\/?author=12\"}]}<\/script>\n<!-- \/ Yoast SEO plugin. -->","yoast_head_json":{"title":"Nouakchott en M\u00e9tamorphose : Le Premier Ministre garantit la r\u00e9alisation, dans les d\u00e9lais, des 300 projets du programme d'urgence - Le Quotidien de Nouakchott","robots":{"index":"index","follow":"follow","max-snippet":"max-snippet:-1","max-image-preview":"max-image-preview:large","max-video-preview":"max-video-preview:-1"},"canonical":"https:\/\/lequotidien.mr\/?p=31612&lang=fr","og_locale":"ar_AR","og_type":"article","og_title":"Nouakchott en M\u00e9tamorphose : Le Premier Ministre garantit la r\u00e9alisation, dans les d\u00e9lais, des 300 projets du programme d'urgence - Le Quotidien de Nouakchott","og_description":"Le Premier ministre, M. Moctar Djay, a apport\u00e9 une assurance de taille aux citoyens de la capitale : l&#8217;int\u00e9gralit\u00e9 des 300 projets du Programme d&#8217;urgence de d\u00e9veloppement de Nouakchott (PUDN) sera r\u00e9alis\u00e9e et livr\u00e9e dans les d\u00e9lais impartis. Lors d&#8217;une visite de terrain ce samedi, il a m\u00eame indiqu\u00e9 que certaines composantes du programme avancent.....","og_url":"https:\/\/lequotidien.mr\/?p=31612&lang=fr","og_site_name":"Le Quotidien de Nouakchott","article_publisher":"https:\/\/web.facebook.com\/lequotidienmr","article_published_time":"2025-10-12T18:24:04+00:00","og_image":[{"width":750,"height":430,"url":"https:\/\/lequotidien.mr\/wp-content\/uploads\/2025\/10\/photo-PM-pgme-urgence-Nkc.jpg","type":"image\/jpeg"}],"author":"Med Ahmed","twitter_card":"summary_large_image","twitter_creator":"@lequotidienmr","twitter_site":"@lequotidienmr","twitter_misc":{"\u0643\u064f\u062a\u0628 \u0628\u0648\u0627\u0633\u0637\u0629":"Med Ahmed","\u0648\u0642\u062a \u0627\u0644\u0642\u0631\u0627\u0621\u0629 \u0627\u0644\u0645\u064f\u0642\u062f\u0651\u0631":"5 \u062f\u0642\u0627\u0626\u0642"},"schema":{"@context":"https:\/\/schema.org","@graph":[{"@type":"Article","@id":"https:\/\/lequotidien.mr\/?p=31612&lang=fr#article","isPartOf":{"@id":"https:\/\/lequotidien.mr\/?p=31612&lang=fr"},"author":{"name":"Med Ahmed","@id":"https:\/\/lequotidien.mr\/#\/schema\/person\/d2d350202a4d599685ed8abc25f97596"},"headline":"Nouakchott en M\u00e9tamorphose : Le Premier Ministre garantit la r\u00e9alisation, dans les d\u00e9lais, des 300 projets du programme d&#8217;urgence","datePublished":"2025-10-12T18:24:04+00:00","mainEntityOfPage":{"@id":"https:\/\/lequotidien.mr\/?p=31612&lang=fr"},"wordCount":741,"commentCount":0,"publisher":{"@id":"https:\/\/lequotidien.mr\/#organization"},"image":{"@id":"https:\/\/lequotidien.mr\/?p=31612&lang=fr#primaryimage"},"thumbnailUrl":"https:\/\/lequotidien.mr\/wp-content\/uploads\/2025\/10\/photo-PM-pgme-urgence-Nkc.jpg","articleSection":["ACTUALIT\u00c9","Economie"],"inLanguage":"ar","potentialAction":[{"@type":"CommentAction","name":"Comment","target":["https:\/\/lequotidien.mr\/?p=31612&lang=fr#respond"]}]},{"@type":"WebPage","@id":"https:\/\/lequotidien.mr\/?p=31612&lang=fr","url":"https:\/\/lequotidien.mr\/?p=31612&lang=fr","name":"Nouakchott en M\u00e9tamorphose : Le Premier Ministre garantit la r\u00e9alisation, dans les d\u00e9lais, des 300 projets du programme d'urgence - Le Quotidien de Nouakchott","isPartOf":{"@id":"https:\/\/lequotidien.mr\/#website"},"primaryImageOfPage":{"@id":"https:\/\/lequotidien.mr\/?p=31612&lang=fr#primaryimage"},"image":{"@id":"https:\/\/lequotidien.mr\/?p=31612&lang=fr#primaryimage"},"thumbnailUrl":"https:\/\/lequotidien.mr\/wp-content\/uploads\/2025\/10\/photo-PM-pgme-urgence-Nkc.jpg","datePublished":"2025-10-12T18:24:04+00:00","breadcrumb":{"@id":"https:\/\/lequotidien.mr\/?p=31612&lang=fr#breadcrumb"},"inLanguage":"ar","potentialAction":[{"@type":"ReadAction","target":["https:\/\/lequotidien.mr\/?p=31612&lang=fr"]}]},{"@type":"ImageObject","inLanguage":"ar","@id":"https:\/\/lequotidien.mr\/?p=31612&lang=fr#primaryimage","url":"https:\/\/lequotidien.mr\/wp-content\/uploads\/2025\/10\/photo-PM-pgme-urgence-Nkc.jpg","contentUrl":"https:\/\/lequotidien.mr\/wp-content\/uploads\/2025\/10\/photo-PM-pgme-urgence-Nkc.jpg","width":750,"height":430},{"@type":"BreadcrumbList","@id":"https:\/\/lequotidien.mr\/?p=31612&lang=fr#breadcrumb","itemListElement":[{"@type":"ListItem","position":1,"name":"Home","item":"https:\/\/lequotidien.mr\/"},{"@type":"ListItem","position":2,"name":"Nouakchott en M\u00e9tamorphose : Le Premier Ministre garantit la r\u00e9alisation, dans les d\u00e9lais, des 300 projets du programme d&rsquo;urgence"}]},{"@type":"WebSite","@id":"https:\/\/lequotidien.mr\/#website","url":"https:\/\/lequotidien.mr\/","name":"Le Quotidien de Nouakchott","description":"\u0625\u062e\u0628\u0627\u0631\u064a\u0629 \u0645\u0633\u062a\u0642\u0644\u0629 \u0644\u0644\u0623\u0646\u0628\u0627\u0621 \u0627\u0644\u0639\u0627\u0645\u0629","publisher":{"@id":"https:\/\/lequotidien.mr\/#organization"},"potentialAction":[{"@type":"SearchAction","target":{"@type":"EntryPoint","urlTemplate":"https:\/\/lequotidien.mr\/?s={search_term_string}"},"query-input":{"@type":"PropertyValueSpecification","valueRequired":true,"valueName":"search_term_string"}}],"inLanguage":"ar"},{"@type":"Organization","@id":"https:\/\/lequotidien.mr\/#organization","name":"Le Quotidien de Nouakchott","url":"https:\/\/lequotidien.mr\/","logo":{"@type":"ImageObject","inLanguage":"ar","@id":"https:\/\/lequotidien.mr\/#\/schema\/logo\/image\/","url":"https:\/\/lequotidien.mr\/wp-content\/uploads\/2022\/11\/logolequotidien.jpg","contentUrl":"https:\/\/lequotidien.mr\/wp-content\/uploads\/2022\/11\/logolequotidien.jpg","width":290,"height":65,"caption":"Le Quotidien de Nouakchott"},"image":{"@id":"https:\/\/lequotidien.mr\/#\/schema\/logo\/image\/"},"sameAs":["https:\/\/web.facebook.com\/lequotidienmr","https:\/\/x.com\/lequotidienmr"]},{"@type":"Person","@id":"https:\/\/lequotidien.mr\/#\/schema\/person\/d2d350202a4d599685ed8abc25f97596","name":"Med Ahmed","image":{"@type":"ImageObject","inLanguage":"ar","@id":"https:\/\/secure.gravatar.com\/avatar\/fd2acc62ed50732923d1d39c17172c9b04149f142be92310ecc69e1358f94b52?s=96&d=mm&r=g","url":"https:\/\/secure.gravatar.com\/avatar\/fd2acc62ed50732923d1d39c17172c9b04149f142be92310ecc69e1358f94b52?s=96&d=mm&r=g","contentUrl":"https:\/\/secure.gravatar.com\/avatar\/fd2acc62ed50732923d1d39c17172c9b04149f142be92310ecc69e1358f94b52?s=96&d=mm&r=g","caption":"Med Ahmed"},"url":"https:\/\/lequotidien.mr\/?author=12"}]}},"_links":{"self":[{"href":"https:\/\/lequotidien.mr\/index.php?rest_route=\/wp\/v2\/posts\/31612","targetHints":{"allow":["GET"]}}],"collection":[{"href":"https:\/\/lequotidien.mr\/index.php?rest_route=\/wp\/v2\/posts"}],"about":[{"href":"https:\/\/lequotidien.mr\/index.php?rest_route=\/wp\/v2\/types\/post"}],"author":[{"embeddable":true,"href":"https:\/\/lequotidien.mr\/index.php?rest_route=\/wp\/v2\/users\/12"}],"replies":[{"embeddable":true,"href":"https:\/\/lequotidien.mr\/index.php?rest_route=%2Fwp%2Fv2%2Fcomments&post=31612"}],"version-history":[{"count":1,"href":"https:\/\/lequotidien.mr\/index.php?rest_route=\/wp\/v2\/posts\/31612\/revisions"}],"predecessor-version":[{"id":31614,"href":"https:\/\/lequotidien.mr\/index.php?rest_route=\/wp\/v2\/posts\/31612\/revisions\/31614"}],"wp:featuredmedia":[{"embeddable":true,"href":"https:\/\/lequotidien.mr\/index.php?rest_route=\/wp\/v2\/media\/31613"}],"wp:attachment":[{"href":"https:\/\/lequotidien.mr\/index.php?rest_route=%2Fwp%2Fv2%2Fmedia&parent=31612"}],"wp:term":[{"taxonomy":"category","embeddable":true,"href":"https:\/\/lequotidien.mr\/index.php?rest_route=%2Fwp%2Fv2%2Fcategories&post=31612"},{"taxonomy":"post_tag","embeddable":true,"href":"https:\/\/lequotidien.mr\/index.php?rest_route=%2Fwp%2Fv2%2Ftags&post=31612"}],"curies":[{"name":"wp","href":"https:\/\/api.w.org\/{rel}","templated":true}]}}