{"id":31609,"date":"2025-10-12T17:37:06","date_gmt":"2025-10-12T17:37:06","guid":{"rendered":"https:\/\/lequotidien.mr\/?p=31609"},"modified":"2025-10-12T17:37:06","modified_gmt":"2025-10-12T17:37:06","slug":"la-mauritanie-lance-le-climathon-2025-les-jeunes-au-coeur-de-linnovation-pour-le-climat","status":"publish","type":"post","link":"https:\/\/lequotidien.mr\/?p=31609&lang=fr","title":{"rendered":"La Mauritanie lance le &#8220;Climathon 2025&#8221; : Les jeunes au c\u0153ur de l&#8217;innovation pour le climat"},"content":{"rendered":"<p>Sous le haut patronage du minist\u00e8re de l\u2019Environnement et du D\u00e9veloppement durable, les activit\u00e9s de la troisi\u00e8me \u00e9dition du <strong>concours \u00ab Climathon 2025 \u00bb<\/strong> ont officiellement d\u00e9marr\u00e9 ce vendredi \u00e0 Nouakchott. Cet \u00e9v\u00e9nement phare, organis\u00e9 en partenariat avec le Fonds vert pour le climat et la coop\u00e9ration allemande, vise \u00e0 mobiliser l&#8217;intelligence collective des jeunes mauritaniens pour trouver des solutions concr\u00e8tes aux d\u00e9fis climatiques.<\/p>\n<p><strong>Un incubateur \u00e0 id\u00e9es pour la plan\u00e8te<\/strong><\/p>\n<p>Le <strong>\u00ab Climathon 2025 \u00bb<\/strong> se pr\u00e9sente bien plus que comme un simple concours. Il a pour ambition de cr\u00e9er un espace de cr\u00e9ativit\u00e9 et d&#8217;intelligence collective, permettant aux jeunes passionn\u00e9s d&#8217;innovation de proposer, de d\u00e9velopper et de mettre en \u0153uvre des solutions pratiques et adapt\u00e9es pour lutter contre le changement climatique. Cette initiative place l&#8217;ing\u00e9niosit\u00e9 de la jeunesse au premier plan de la r\u00e9ponse nationale aux enjeux environnementaux.<\/p>\n<p><strong>Les jeunes, partenaires strat\u00e9giques de la transition \u00e9cologique<\/strong><\/p>\n<p>Dans son discours d&#8217;ouverture, le <strong>Secr\u00e9taire g\u00e9n\u00e9ral par int\u00e9rim du minist\u00e8re de l\u2019Environnement et du D\u00e9veloppement durable, M. Sidi Mohamed El Wavi<\/strong>, a insist\u00e9 sur la dimension strat\u00e9gique de cette d\u00e9marche. <strong><em>\u00ab Le changement climatique repr\u00e9sente un d\u00e9fi mondial qui n\u00e9cessite des solutions locales et innovantes, adapt\u00e9es \u00e0 la r\u00e9alit\u00e9 et aux aspirations du pays \u00bb<\/em><\/strong>, a-t-il d\u00e9clar\u00e9.<\/p>\n<p>Il a pr\u00e9cis\u00e9 que \u00ab la Mauritanie a choisi une approche strat\u00e9gique qui place les jeunes et l\u2019innovation au c\u0153ur du processus de transition \u00e9cologique \u00bb, consid\u00e9rant que l&#8217;innovation est <strong><em>\u00ab l\u2019essence d\u2019une r\u00e9ponse climatique efficace \u00bb. M. El Wavi a salu\u00e9 l&#8217;engagement qualitatif des jeunes, qu&#8217;il a qualifi\u00e9s de \u00ab v\u00e9ritables partenaires et non de simples spectateurs dans le processus de l\u2019action climatique \u00bb<\/em><\/strong>, rappelant leur participation active aux forums internationaux et la r\u00e9cente tenue de la Conf\u00e9rence locale des jeunes sur le climat (LCOY) en Mauritanie.<\/p>\n<p>Pour concr\u00e9tiser cet engagement, le secr\u00e9taire g\u00e9n\u00e9ral a annonc\u00e9 que <strong><em>\u00ab le minist\u00e8re accorde un appui financier annuel \u00e0 un ensemble d\u2019initiatives environnementales innovantes, en particulier celles dirig\u00e9es par les jeunes \u00bb<\/em><\/strong>, dans le cadre d&#8217;une politique visant \u00e0 stimuler l&#8217;\u00e9conomie verte et \u00e0 cr\u00e9er des emplois durables.<\/p>\n<p><strong>Le programme &#8220;Catalyst&#8221; : un levier pour les PME vertes<\/strong><\/p>\n<p>La c\u00e9r\u00e9monie a \u00e9galement \u00e9t\u00e9 marqu\u00e9e par l&#8217;intervention de <strong>Mme Annabel Vanhoven, responsable du programme \u00ab Catalyst \u00bb<\/strong>, qui a pr\u00e9sent\u00e9 les objectifs de ce dispositif d&#8217;appui. Celui-ci vise \u00e0 <strong><em>\u00ab renforcer la comp\u00e9titivit\u00e9 durable des petites et moyennes entreprises et des professionnels \u00bb<\/em><\/strong> en leur fournissant les comp\u00e9tences n\u00e9cessaires \u00e0 l&#8217;innovation et \u00e0 l&#8217;utilisation des technologies climatiques, notamment en Afrique de l&#8217;Ouest.<\/p>\n<p>Elle a d\u00e9taill\u00e9 un mod\u00e8le d&#8217;appui int\u00e9gr\u00e9 autour de trois axes :<\/p>\n<p><strong>-Un appui financier<\/strong>\u00a0via un financement initial pour r\u00e9pondre aux besoins de tr\u00e9sorerie des entreprises\u00a0;<\/p>\n<p><strong>-Un appui technique<\/strong><strong>\u00a0through<\/strong> des missions de formation et de conseil sp\u00e9cialis\u00e9.<\/p>\n<p><strong>-Le d\u00e9veloppement de l\u2019expertise climatique<\/strong>\u00a0pour permettre aux entreprises d&#8217;\u00e9valuer les impacts climatiques de leurs activit\u00e9s et d&#8217;enrichir leurs comp\u00e9tences.<\/p>\n<p>Le lancement du \u00ab Climathon 2025 \u00bb, qui s&#8217;est d\u00e9roul\u00e9 en pr\u00e9sence d&#8217;une foule de jeunes entrepreneurs et \u00e9tudiants passionn\u00e9s par l&#8217;\u00e9cologie, envoie un signal fort : la Mauritanie mise sur sa jeunesse et sur l&#8217;innovation pour b\u00e2tir une \u00e9conomie r\u00e9siliente et durable, faisant de la lutte contre le changement climatique une opportunit\u00e9 de d\u00e9veloppement et de cr\u00e9ation d&#8217;emplois.<\/p>\n","protected":false},"excerpt":{"rendered":"<p>Sous le haut patronage du minist\u00e8re de l\u2019Environnement et du D\u00e9veloppement durable, les activit\u00e9s de la troisi\u00e8me \u00e9dition du concours \u00ab Climathon 2025 \u00bb ont officiellement d\u00e9marr\u00e9 ce vendredi \u00e0 Nouakchott. Cet \u00e9v\u00e9nement phare, organis\u00e9 en partenariat avec le Fonds vert pour le climat et la coop\u00e9ration allemande, vise \u00e0 mobiliser l&#8217;intelligence collective des jeunes&#8230;..<\/p>\n","protected":false},"author":12,"featured_media":31610,"comment_status":"open","ping_status":"open","sticky":false,"template":"","format":"standard","meta":{"footnotes":""},"categories":[23,49],"tags":[],"class_list":["post-31609","post","type-post","status-publish","format-standard","has-post-thumbnail","hentry","category-actualite","category-economie"],"yoast_head":"<!-- This site is optimized with the Yoast SEO plugin v27.5 - https:\/\/yoast.com\/product\/yoast-seo-wordpress\/ -->\n<title>La Mauritanie lance le &quot;Climathon 2025&quot; : Les jeunes au c\u0153ur de l&#039;innovation pour le climat - Le Quotidien de Nouakchott<\/title>\n<meta name=\"robots\" content=\"index, follow, max-snippet:-1, max-image-preview:large, max-video-preview:-1\" \/>\n<link rel=\"canonical\" href=\"https:\/\/lequotidien.mr\/?p=31609&lang=fr\" \/>\n<meta property=\"og:locale\" content=\"ar_AR\" \/>\n<meta property=\"og:type\" content=\"article\" \/>\n<meta property=\"og:title\" content=\"La Mauritanie lance le &quot;Climathon 2025&quot; : Les jeunes au c\u0153ur de l&#039;innovation pour le climat - Le Quotidien de Nouakchott\" \/>\n<meta property=\"og:description\" content=\"Sous le haut patronage du minist\u00e8re de l\u2019Environnement et du D\u00e9veloppement durable, les activit\u00e9s de la troisi\u00e8me \u00e9dition du concours \u00ab Climathon 2025 \u00bb ont officiellement d\u00e9marr\u00e9 ce vendredi \u00e0 Nouakchott. Cet \u00e9v\u00e9nement phare, organis\u00e9 en partenariat avec le Fonds vert pour le climat et la coop\u00e9ration allemande, vise \u00e0 mobiliser l&#8217;intelligence collective des jeunes.....\" \/>\n<meta property=\"og:url\" content=\"https:\/\/lequotidien.mr\/?p=31609&amp;lang=fr\" \/>\n<meta property=\"og:site_name\" content=\"Le Quotidien de Nouakchott\" \/>\n<meta property=\"article:publisher\" content=\"https:\/\/web.facebook.com\/lequotidienmr\" \/>\n<meta property=\"article:published_time\" content=\"2025-10-12T17:37:06+00:00\" \/>\n<meta property=\"og:image\" content=\"https:\/\/lequotidien.mr\/wp-content\/uploads\/2025\/10\/photo-concours-projets.jpg\" \/>\n\t<meta property=\"og:image:width\" content=\"750\" \/>\n\t<meta property=\"og:image:height\" content=\"430\" \/>\n\t<meta property=\"og:image:type\" content=\"image\/jpeg\" \/>\n<meta name=\"author\" content=\"Med Ahmed\" \/>\n<meta name=\"twitter:card\" content=\"summary_large_image\" \/>\n<meta name=\"twitter:creator\" content=\"@lequotidienmr\" \/>\n<meta name=\"twitter:site\" content=\"@lequotidienmr\" \/>\n<meta name=\"twitter:label1\" content=\"\u0643\u064f\u062a\u0628 \u0628\u0648\u0627\u0633\u0637\u0629\" \/>\n\t<meta name=\"twitter:data1\" content=\"Med Ahmed\" \/>\n\t<meta name=\"twitter:label2\" content=\"\u0648\u0642\u062a \u0627\u0644\u0642\u0631\u0627\u0621\u0629 \u0627\u0644\u0645\u064f\u0642\u062f\u0651\u0631\" \/>\n\t<meta name=\"twitter:data2\" content=\"4 \u062f\u0642\u0627\u0626\u0642\" \/>\n<script type=\"application\/ld+json\" class=\"yoast-schema-graph\">{\"@context\":\"https:\\\/\\\/schema.org\",\"@graph\":[{\"@type\":\"Article\",\"@id\":\"https:\\\/\\\/lequotidien.mr\\\/?p=31609&lang=fr#article\",\"isPartOf\":{\"@id\":\"https:\\\/\\\/lequotidien.mr\\\/?p=31609&lang=fr\"},\"author\":{\"name\":\"Med Ahmed\",\"@id\":\"https:\\\/\\\/lequotidien.mr\\\/#\\\/schema\\\/person\\\/d2d350202a4d599685ed8abc25f97596\"},\"headline\":\"La Mauritanie lance le &#8220;Climathon 2025&#8221; : Les jeunes au c\u0153ur de l&#8217;innovation pour le climat\",\"datePublished\":\"2025-10-12T17:37:06+00:00\",\"mainEntityOfPage\":{\"@id\":\"https:\\\/\\\/lequotidien.mr\\\/?p=31609&lang=fr\"},\"wordCount\":617,\"commentCount\":0,\"publisher\":{\"@id\":\"https:\\\/\\\/lequotidien.mr\\\/#organization\"},\"image\":{\"@id\":\"https:\\\/\\\/lequotidien.mr\\\/?p=31609&lang=fr#primaryimage\"},\"thumbnailUrl\":\"https:\\\/\\\/lequotidien.mr\\\/wp-content\\\/uploads\\\/2025\\\/10\\\/photo-concours-projets.jpg\",\"articleSection\":[\"ACTUALIT\u00c9\",\"Economie\"],\"inLanguage\":\"ar\",\"potentialAction\":[{\"@type\":\"CommentAction\",\"name\":\"Comment\",\"target\":[\"https:\\\/\\\/lequotidien.mr\\\/?p=31609&lang=fr#respond\"]}]},{\"@type\":\"WebPage\",\"@id\":\"https:\\\/\\\/lequotidien.mr\\\/?p=31609&lang=fr\",\"url\":\"https:\\\/\\\/lequotidien.mr\\\/?p=31609&lang=fr\",\"name\":\"La Mauritanie lance le \\\"Climathon 2025\\\" : Les jeunes au c\u0153ur de l'innovation pour le climat - Le Quotidien de Nouakchott\",\"isPartOf\":{\"@id\":\"https:\\\/\\\/lequotidien.mr\\\/#website\"},\"primaryImageOfPage\":{\"@id\":\"https:\\\/\\\/lequotidien.mr\\\/?p=31609&lang=fr#primaryimage\"},\"image\":{\"@id\":\"https:\\\/\\\/lequotidien.mr\\\/?p=31609&lang=fr#primaryimage\"},\"thumbnailUrl\":\"https:\\\/\\\/lequotidien.mr\\\/wp-content\\\/uploads\\\/2025\\\/10\\\/photo-concours-projets.jpg\",\"datePublished\":\"2025-10-12T17:37:06+00:00\",\"breadcrumb\":{\"@id\":\"https:\\\/\\\/lequotidien.mr\\\/?p=31609&lang=fr#breadcrumb\"},\"inLanguage\":\"ar\",\"potentialAction\":[{\"@type\":\"ReadAction\",\"target\":[\"https:\\\/\\\/lequotidien.mr\\\/?p=31609&lang=fr\"]}]},{\"@type\":\"ImageObject\",\"inLanguage\":\"ar\",\"@id\":\"https:\\\/\\\/lequotidien.mr\\\/?p=31609&lang=fr#primaryimage\",\"url\":\"https:\\\/\\\/lequotidien.mr\\\/wp-content\\\/uploads\\\/2025\\\/10\\\/photo-concours-projets.jpg\",\"contentUrl\":\"https:\\\/\\\/lequotidien.mr\\\/wp-content\\\/uploads\\\/2025\\\/10\\\/photo-concours-projets.jpg\",\"width\":750,\"height\":430},{\"@type\":\"BreadcrumbList\",\"@id\":\"https:\\\/\\\/lequotidien.mr\\\/?p=31609&lang=fr#breadcrumb\",\"itemListElement\":[{\"@type\":\"ListItem\",\"position\":1,\"name\":\"Home\",\"item\":\"https:\\\/\\\/lequotidien.mr\\\/\"},{\"@type\":\"ListItem\",\"position\":2,\"name\":\"La Mauritanie lance le \u00ab\u00a0Climathon 2025\u00a0\u00bb : Les jeunes au c\u0153ur de l&rsquo;innovation pour le climat\"}]},{\"@type\":\"WebSite\",\"@id\":\"https:\\\/\\\/lequotidien.mr\\\/#website\",\"url\":\"https:\\\/\\\/lequotidien.mr\\\/\",\"name\":\"Le Quotidien de Nouakchott\",\"description\":\"\u0625\u062e\u0628\u0627\u0631\u064a\u0629 \u0645\u0633\u062a\u0642\u0644\u0629 \u0644\u0644\u0623\u0646\u0628\u0627\u0621 \u0627\u0644\u0639\u0627\u0645\u0629\",\"publisher\":{\"@id\":\"https:\\\/\\\/lequotidien.mr\\\/#organization\"},\"potentialAction\":[{\"@type\":\"SearchAction\",\"target\":{\"@type\":\"EntryPoint\",\"urlTemplate\":\"https:\\\/\\\/lequotidien.mr\\\/?s={search_term_string}\"},\"query-input\":{\"@type\":\"PropertyValueSpecification\",\"valueRequired\":true,\"valueName\":\"search_term_string\"}}],\"inLanguage\":\"ar\"},{\"@type\":\"Organization\",\"@id\":\"https:\\\/\\\/lequotidien.mr\\\/#organization\",\"name\":\"Le Quotidien de Nouakchott\",\"url\":\"https:\\\/\\\/lequotidien.mr\\\/\",\"logo\":{\"@type\":\"ImageObject\",\"inLanguage\":\"ar\",\"@id\":\"https:\\\/\\\/lequotidien.mr\\\/#\\\/schema\\\/logo\\\/image\\\/\",\"url\":\"https:\\\/\\\/lequotidien.mr\\\/wp-content\\\/uploads\\\/2022\\\/11\\\/logolequotidien.jpg\",\"contentUrl\":\"https:\\\/\\\/lequotidien.mr\\\/wp-content\\\/uploads\\\/2022\\\/11\\\/logolequotidien.jpg\",\"width\":290,\"height\":65,\"caption\":\"Le Quotidien de Nouakchott\"},\"image\":{\"@id\":\"https:\\\/\\\/lequotidien.mr\\\/#\\\/schema\\\/logo\\\/image\\\/\"},\"sameAs\":[\"https:\\\/\\\/web.facebook.com\\\/lequotidienmr\",\"https:\\\/\\\/x.com\\\/lequotidienmr\"]},{\"@type\":\"Person\",\"@id\":\"https:\\\/\\\/lequotidien.mr\\\/#\\\/schema\\\/person\\\/d2d350202a4d599685ed8abc25f97596\",\"name\":\"Med Ahmed\",\"image\":{\"@type\":\"ImageObject\",\"inLanguage\":\"ar\",\"@id\":\"https:\\\/\\\/secure.gravatar.com\\\/avatar\\\/fd2acc62ed50732923d1d39c17172c9b04149f142be92310ecc69e1358f94b52?s=96&d=mm&r=g\",\"url\":\"https:\\\/\\\/secure.gravatar.com\\\/avatar\\\/fd2acc62ed50732923d1d39c17172c9b04149f142be92310ecc69e1358f94b52?s=96&d=mm&r=g\",\"contentUrl\":\"https:\\\/\\\/secure.gravatar.com\\\/avatar\\\/fd2acc62ed50732923d1d39c17172c9b04149f142be92310ecc69e1358f94b52?s=96&d=mm&r=g\",\"caption\":\"Med Ahmed\"},\"url\":\"https:\\\/\\\/lequotidien.mr\\\/?author=12\"}]}<\/script>\n<!-- \/ Yoast SEO plugin. -->","yoast_head_json":{"title":"La Mauritanie lance le \"Climathon 2025\" : Les jeunes au c\u0153ur de l'innovation pour le climat - Le Quotidien de Nouakchott","robots":{"index":"index","follow":"follow","max-snippet":"max-snippet:-1","max-image-preview":"max-image-preview:large","max-video-preview":"max-video-preview:-1"},"canonical":"https:\/\/lequotidien.mr\/?p=31609&lang=fr","og_locale":"ar_AR","og_type":"article","og_title":"La Mauritanie lance le \"Climathon 2025\" : Les jeunes au c\u0153ur de l'innovation pour le climat - Le Quotidien de Nouakchott","og_description":"Sous le haut patronage du minist\u00e8re de l\u2019Environnement et du D\u00e9veloppement durable, les activit\u00e9s de la troisi\u00e8me \u00e9dition du concours \u00ab Climathon 2025 \u00bb ont officiellement d\u00e9marr\u00e9 ce vendredi \u00e0 Nouakchott. Cet \u00e9v\u00e9nement phare, organis\u00e9 en partenariat avec le Fonds vert pour le climat et la coop\u00e9ration allemande, vise \u00e0 mobiliser l&#8217;intelligence collective des jeunes.....","og_url":"https:\/\/lequotidien.mr\/?p=31609&lang=fr","og_site_name":"Le Quotidien de Nouakchott","article_publisher":"https:\/\/web.facebook.com\/lequotidienmr","article_published_time":"2025-10-12T17:37:06+00:00","og_image":[{"width":750,"height":430,"url":"https:\/\/lequotidien.mr\/wp-content\/uploads\/2025\/10\/photo-concours-projets.jpg","type":"image\/jpeg"}],"author":"Med Ahmed","twitter_card":"summary_large_image","twitter_creator":"@lequotidienmr","twitter_site":"@lequotidienmr","twitter_misc":{"\u0643\u064f\u062a\u0628 \u0628\u0648\u0627\u0633\u0637\u0629":"Med Ahmed","\u0648\u0642\u062a \u0627\u0644\u0642\u0631\u0627\u0621\u0629 \u0627\u0644\u0645\u064f\u0642\u062f\u0651\u0631":"4 \u062f\u0642\u0627\u0626\u0642"},"schema":{"@context":"https:\/\/schema.org","@graph":[{"@type":"Article","@id":"https:\/\/lequotidien.mr\/?p=31609&lang=fr#article","isPartOf":{"@id":"https:\/\/lequotidien.mr\/?p=31609&lang=fr"},"author":{"name":"Med Ahmed","@id":"https:\/\/lequotidien.mr\/#\/schema\/person\/d2d350202a4d599685ed8abc25f97596"},"headline":"La Mauritanie lance le &#8220;Climathon 2025&#8221; : Les jeunes au c\u0153ur de l&#8217;innovation pour le climat","datePublished":"2025-10-12T17:37:06+00:00","mainEntityOfPage":{"@id":"https:\/\/lequotidien.mr\/?p=31609&lang=fr"},"wordCount":617,"commentCount":0,"publisher":{"@id":"https:\/\/lequotidien.mr\/#organization"},"image":{"@id":"https:\/\/lequotidien.mr\/?p=31609&lang=fr#primaryimage"},"thumbnailUrl":"https:\/\/lequotidien.mr\/wp-content\/uploads\/2025\/10\/photo-concours-projets.jpg","articleSection":["ACTUALIT\u00c9","Economie"],"inLanguage":"ar","potentialAction":[{"@type":"CommentAction","name":"Comment","target":["https:\/\/lequotidien.mr\/?p=31609&lang=fr#respond"]}]},{"@type":"WebPage","@id":"https:\/\/lequotidien.mr\/?p=31609&lang=fr","url":"https:\/\/lequotidien.mr\/?p=31609&lang=fr","name":"La Mauritanie lance le \"Climathon 2025\" : Les jeunes au c\u0153ur de l'innovation pour le climat - Le Quotidien de Nouakchott","isPartOf":{"@id":"https:\/\/lequotidien.mr\/#website"},"primaryImageOfPage":{"@id":"https:\/\/lequotidien.mr\/?p=31609&lang=fr#primaryimage"},"image":{"@id":"https:\/\/lequotidien.mr\/?p=31609&lang=fr#primaryimage"},"thumbnailUrl":"https:\/\/lequotidien.mr\/wp-content\/uploads\/2025\/10\/photo-concours-projets.jpg","datePublished":"2025-10-12T17:37:06+00:00","breadcrumb":{"@id":"https:\/\/lequotidien.mr\/?p=31609&lang=fr#breadcrumb"},"inLanguage":"ar","potentialAction":[{"@type":"ReadAction","target":["https:\/\/lequotidien.mr\/?p=31609&lang=fr"]}]},{"@type":"ImageObject","inLanguage":"ar","@id":"https:\/\/lequotidien.mr\/?p=31609&lang=fr#primaryimage","url":"https:\/\/lequotidien.mr\/wp-content\/uploads\/2025\/10\/photo-concours-projets.jpg","contentUrl":"https:\/\/lequotidien.mr\/wp-content\/uploads\/2025\/10\/photo-concours-projets.jpg","width":750,"height":430},{"@type":"BreadcrumbList","@id":"https:\/\/lequotidien.mr\/?p=31609&lang=fr#breadcrumb","itemListElement":[{"@type":"ListItem","position":1,"name":"Home","item":"https:\/\/lequotidien.mr\/"},{"@type":"ListItem","position":2,"name":"La Mauritanie lance le \u00ab\u00a0Climathon 2025\u00a0\u00bb : Les jeunes au c\u0153ur de l&rsquo;innovation pour le climat"}]},{"@type":"WebSite","@id":"https:\/\/lequotidien.mr\/#website","url":"https:\/\/lequotidien.mr\/","name":"Le Quotidien de Nouakchott","description":"\u0625\u062e\u0628\u0627\u0631\u064a\u0629 \u0645\u0633\u062a\u0642\u0644\u0629 \u0644\u0644\u0623\u0646\u0628\u0627\u0621 \u0627\u0644\u0639\u0627\u0645\u0629","publisher":{"@id":"https:\/\/lequotidien.mr\/#organization"},"potentialAction":[{"@type":"SearchAction","target":{"@type":"EntryPoint","urlTemplate":"https:\/\/lequotidien.mr\/?s={search_term_string}"},"query-input":{"@type":"PropertyValueSpecification","valueRequired":true,"valueName":"search_term_string"}}],"inLanguage":"ar"},{"@type":"Organization","@id":"https:\/\/lequotidien.mr\/#organization","name":"Le Quotidien de Nouakchott","url":"https:\/\/lequotidien.mr\/","logo":{"@type":"ImageObject","inLanguage":"ar","@id":"https:\/\/lequotidien.mr\/#\/schema\/logo\/image\/","url":"https:\/\/lequotidien.mr\/wp-content\/uploads\/2022\/11\/logolequotidien.jpg","contentUrl":"https:\/\/lequotidien.mr\/wp-content\/uploads\/2022\/11\/logolequotidien.jpg","width":290,"height":65,"caption":"Le Quotidien de Nouakchott"},"image":{"@id":"https:\/\/lequotidien.mr\/#\/schema\/logo\/image\/"},"sameAs":["https:\/\/web.facebook.com\/lequotidienmr","https:\/\/x.com\/lequotidienmr"]},{"@type":"Person","@id":"https:\/\/lequotidien.mr\/#\/schema\/person\/d2d350202a4d599685ed8abc25f97596","name":"Med Ahmed","image":{"@type":"ImageObject","inLanguage":"ar","@id":"https:\/\/secure.gravatar.com\/avatar\/fd2acc62ed50732923d1d39c17172c9b04149f142be92310ecc69e1358f94b52?s=96&d=mm&r=g","url":"https:\/\/secure.gravatar.com\/avatar\/fd2acc62ed50732923d1d39c17172c9b04149f142be92310ecc69e1358f94b52?s=96&d=mm&r=g","contentUrl":"https:\/\/secure.gravatar.com\/avatar\/fd2acc62ed50732923d1d39c17172c9b04149f142be92310ecc69e1358f94b52?s=96&d=mm&r=g","caption":"Med Ahmed"},"url":"https:\/\/lequotidien.mr\/?author=12"}]}},"_links":{"self":[{"href":"https:\/\/lequotidien.mr\/index.php?rest_route=\/wp\/v2\/posts\/31609","targetHints":{"allow":["GET"]}}],"collection":[{"href":"https:\/\/lequotidien.mr\/index.php?rest_route=\/wp\/v2\/posts"}],"about":[{"href":"https:\/\/lequotidien.mr\/index.php?rest_route=\/wp\/v2\/types\/post"}],"author":[{"embeddable":true,"href":"https:\/\/lequotidien.mr\/index.php?rest_route=\/wp\/v2\/users\/12"}],"replies":[{"embeddable":true,"href":"https:\/\/lequotidien.mr\/index.php?rest_route=%2Fwp%2Fv2%2Fcomments&post=31609"}],"version-history":[{"count":1,"href":"https:\/\/lequotidien.mr\/index.php?rest_route=\/wp\/v2\/posts\/31609\/revisions"}],"predecessor-version":[{"id":31611,"href":"https:\/\/lequotidien.mr\/index.php?rest_route=\/wp\/v2\/posts\/31609\/revisions\/31611"}],"wp:featuredmedia":[{"embeddable":true,"href":"https:\/\/lequotidien.mr\/index.php?rest_route=\/wp\/v2\/media\/31610"}],"wp:attachment":[{"href":"https:\/\/lequotidien.mr\/index.php?rest_route=%2Fwp%2Fv2%2Fmedia&parent=31609"}],"wp:term":[{"taxonomy":"category","embeddable":true,"href":"https:\/\/lequotidien.mr\/index.php?rest_route=%2Fwp%2Fv2%2Fcategories&post=31609"},{"taxonomy":"post_tag","embeddable":true,"href":"https:\/\/lequotidien.mr\/index.php?rest_route=%2Fwp%2Fv2%2Ftags&post=31609"}],"curies":[{"name":"wp","href":"https:\/\/api.w.org\/{rel}","templated":true}]}}