{"id":31606,"date":"2025-10-12T15:17:15","date_gmt":"2025-10-12T15:17:15","guid":{"rendered":"https:\/\/lequotidien.mr\/?p=31606"},"modified":"2025-10-12T15:17:15","modified_gmt":"2025-10-12T15:17:15","slug":"securite-maritime-la-mauritanie-renforce-la-securite-maritime-regionale-en-devenant-le-21e-membre-du-memorandum-dabuja","status":"publish","type":"post","link":"https:\/\/lequotidien.mr\/?p=31606&lang=fr","title":{"rendered":"S\u00e9curit\u00e9 maritime : La Mauritanie renforce la s\u00e9curit\u00e9 maritime r\u00e9gionale en devenant le 21e membre du M\u00e9morandum d\u2019Abuja"},"content":{"rendered":"<p>La Mauritanie a officiellement rejoint le <strong>M\u00e9morandum d\u2019accord d\u2019Abuja<\/strong> sur le contr\u00f4le des navires par l\u2019\u00c9tat du port en Afrique occidentale et centrale. Cette adh\u00e9sion, effective depuis le mercredi <strong>8 octobre 2025<\/strong>, porte \u00e0 <strong>vingt et un<\/strong> le nombre de membres de cet accord r\u00e9gional cl\u00e9, marquant une \u00e9tape significative pour la s\u00e9curit\u00e9 maritime en Afrique de l&#8217;Ouest.<\/p>\n<p><strong>Un aboutissement apr\u00e8s un processus de consultations intensives<\/strong><\/p>\n<p>Cette adh\u00e9sion n&#8217;est pas le fruit du hasard. Elle est le r\u00e9sultat d&#8217;un processus rigoureux de consultations qui s&#8217;est \u00e9tendu sur trois mois entre les autorit\u00e9s mauritaniennes, repr\u00e9sent\u00e9es par l\u2019Agence mauritanienne des Affaires maritimes, et le secr\u00e9tariat g\u00e9n\u00e9ral du m\u00e9morandum. Ce dialogue soutenu refl\u00e8te l&#8217;engagement ferme de la Mauritanie \u00e0 \u00e9lever les normes de s\u00e9curit\u00e9, de s\u00fbret\u00e9 et de protection de l&#8217;environnement dans ses eaux territoriales et ses ports nationaux. En alignant sa l\u00e9gislation et ses pratiques sur les standards r\u00e9gionaux, Nouakchott d\u00e9montre sa volont\u00e9 de jouer un r\u00f4le actif dans la gouvernance maritime collective.<\/p>\n<p><strong>Qu&#8217;est-ce que le M\u00e9morandum d&#8217;Abuja ?<\/strong><\/p>\n<p>Sign\u00e9 le 22 octobre 1999 sous l&#8217;\u00e9gide de <strong>l&#8217;Organisation maritime internationale (OMI)<\/strong>, le M\u00e9morandum d&#8217;Abuja est un cadre r\u00e9gional de coop\u00e9ration entre les autorit\u00e9s maritimes de la r\u00e9gion. Son objectif principal est de lutter contre l&#8217;exploitation de navires &#8220;coucous&#8221; ou non conformes aux normes internationales. Pour y parvenir, il met en place un syst\u00e8me coordonn\u00e9 de contr\u00f4le et d&#8217;inspection des navires \u00e9trangers faisant escale dans les ports des \u00c9tats membres. En harmonisant les proc\u00e9dures, l&#8217;accord vise \u00e0 cr\u00e9er un filet de s\u00e9curit\u00e9 r\u00e9gional pour emp\u00eacher les navires sous-normes de jouer avec les diff\u00e9rences de rigueur entre les ports.<\/p>\n<p><strong style=\"font-weight: inherit;\">Des objectifs strat\u00e9giques ambitieux<\/strong><\/p>\n<p>Le protocole d&#8217;Abuja poursuit plusieurs missions cruciales pour la r\u00e9gion :<\/p>\n<p><strong>-S\u00e9curit\u00e9 maritime<\/strong><strong> :<\/strong>\u00a0Assurer l&#8217;application stricte des normes internationales de s\u00e9curit\u00e9\u00a0;<\/p>\n<p><strong>-Exclusion des navires non conformes<\/strong><strong> :<\/strong>\u00a0Interdire l&#8217;exploitation dans la r\u00e9gion des navires qui ne satisfont pas aux exigences minimales\u00a0;<\/p>\n<p><strong>-Protection de l&#8217;environnement<\/strong><strong> :<\/strong>\u00a0Pr\u00e9server l&#8217;\u00e9cosyst\u00e8me marin contre les risques de pollution, notamment par les hydrocarbures\u00a0;<\/p>\n<p><strong>-Droits des marins<\/strong><strong> :<\/strong>\u00a0Am\u00e9liorer les conditions de travail et de vie des \u00e9quipages \u00e0 bord des navires, conform\u00e9ment aux conventions internationales du travail\u00a0;<\/p>\n<p><strong>-Coop\u00e9ration r\u00e9gionale<\/strong><strong> :<\/strong>\u00a0Renforcer l&#8217;\u00e9change d&#8217;informations et la coop\u00e9ration entre les \u00c9tats membres, tout en d\u00e9veloppant les comp\u00e9tences des inspecteurs maritimes gr\u00e2ce \u00e0 des programmes de formation harmonis\u00e9s.<\/p>\n<p><strong>Des b\u00e9n\u00e9fices concrets pour la Mauritanie<\/strong><\/p>\n<p>L&#8217;adh\u00e9sion au M\u00e9morandum d&#8217;Abuja est porteuse d&#8217;avantages multiples pour la Mauritanie. Elle permettra notamment :<\/p>\n<p><strong>-Une am\u00e9lioration de la qualit\u00e9 du contr\u00f4le maritime<\/strong>\u00a0dans les ports nationaux, gr\u00e2ce au partage d&#8217;expertise et \u00e0 l&#8217;adoption de proc\u00e9dures d&#8217;inspection \u00e9prouv\u00e9es\u00a0;<\/p>\n<p><strong>-Un renforcement de la protection de l&#8217;environnement c\u00f4tier et marin<\/strong>\u00a0mauritanien, un atout \u00e9cologique et \u00e9conomique vital, contre les risques accrus de pollution\u00a0;<\/p>\n<p><strong>-La consolidation de la r\u00e9putation des ports mauritaniens<\/strong>\u00a0en tant que plateformes s\u00fbres, certifi\u00e9es et conformes aux standards internationaux, un argument de poids pour attirer le trafic maritime et les investissements.<\/p>\n<p>En int\u00e9grant ce r\u00e9seau r\u00e9gional, la Mauritanie ne se contente pas de b\u00e9n\u00e9ficier d&#8217;un syst\u00e8me de contr\u00f4le renforc\u00e9 ; elle en devient un maillon actif, contribuant \u00e0 s\u00e9curiser l&#8217;une des voies maritimes les plus importantes d&#8217;Afrique. Cette d\u00e9cision strat\u00e9gique consolide la position du pays comme un acteur responsable et engag\u00e9 dans la s\u00e9curit\u00e9 et la durabilit\u00e9 des activit\u00e9s maritimes en Afrique de l&#8217;Ouest.<\/p>\n<p>&nbsp;<\/p>\n","protected":false},"excerpt":{"rendered":"<p>La Mauritanie a officiellement rejoint le M\u00e9morandum d\u2019accord d\u2019Abuja sur le contr\u00f4le des navires par l\u2019\u00c9tat du port en Afrique occidentale et centrale. Cette adh\u00e9sion, effective depuis le mercredi 8 octobre 2025, porte \u00e0 vingt et un le nombre de membres de cet accord r\u00e9gional cl\u00e9, marquant une \u00e9tape significative pour la s\u00e9curit\u00e9 maritime en&#8230;..<\/p>\n","protected":false},"author":12,"featured_media":31607,"comment_status":"open","ping_status":"open","sticky":false,"template":"","format":"standard","meta":{"footnotes":""},"categories":[23,49],"tags":[],"class_list":["post-31606","post","type-post","status-publish","format-standard","has-post-thumbnail","hentry","category-actualite","category-economie"],"yoast_head":"<!-- This site is optimized with the Yoast SEO plugin v27.5 - https:\/\/yoast.com\/product\/yoast-seo-wordpress\/ -->\n<title>S\u00e9curit\u00e9 maritime : La Mauritanie renforce la s\u00e9curit\u00e9 maritime r\u00e9gionale en devenant le 21e membre du M\u00e9morandum d\u2019Abuja - Le Quotidien de Nouakchott<\/title>\n<meta name=\"robots\" content=\"index, follow, max-snippet:-1, max-image-preview:large, max-video-preview:-1\" \/>\n<link rel=\"canonical\" href=\"https:\/\/lequotidien.mr\/?p=31606&lang=fr\" \/>\n<meta property=\"og:locale\" content=\"ar_AR\" \/>\n<meta property=\"og:type\" content=\"article\" \/>\n<meta property=\"og:title\" content=\"S\u00e9curit\u00e9 maritime : La Mauritanie renforce la s\u00e9curit\u00e9 maritime r\u00e9gionale en devenant le 21e membre du M\u00e9morandum d\u2019Abuja - Le Quotidien de Nouakchott\" \/>\n<meta property=\"og:description\" content=\"La Mauritanie a officiellement rejoint le M\u00e9morandum d\u2019accord d\u2019Abuja sur le contr\u00f4le des navires par l\u2019\u00c9tat du port en Afrique occidentale et centrale. Cette adh\u00e9sion, effective depuis le mercredi 8 octobre 2025, porte \u00e0 vingt et un le nombre de membres de cet accord r\u00e9gional cl\u00e9, marquant une \u00e9tape significative pour la s\u00e9curit\u00e9 maritime en.....\" \/>\n<meta property=\"og:url\" content=\"https:\/\/lequotidien.mr\/?p=31606&amp;lang=fr\" \/>\n<meta property=\"og:site_name\" content=\"Le Quotidien de Nouakchott\" \/>\n<meta property=\"article:publisher\" content=\"https:\/\/web.facebook.com\/lequotidienmr\" \/>\n<meta property=\"article:published_time\" content=\"2025-10-12T15:17:15+00:00\" \/>\n<meta property=\"og:image\" content=\"https:\/\/lequotidien.mr\/wp-content\/uploads\/2025\/10\/photo-RIM-accord-Abuja.jpg\" \/>\n\t<meta property=\"og:image:width\" content=\"332\" \/>\n\t<meta property=\"og:image:height\" content=\"430\" \/>\n\t<meta property=\"og:image:type\" content=\"image\/jpeg\" \/>\n<meta name=\"author\" content=\"Med Ahmed\" \/>\n<meta name=\"twitter:card\" content=\"summary_large_image\" \/>\n<meta name=\"twitter:creator\" content=\"@lequotidienmr\" \/>\n<meta name=\"twitter:site\" content=\"@lequotidienmr\" \/>\n<meta name=\"twitter:label1\" content=\"\u0643\u064f\u062a\u0628 \u0628\u0648\u0627\u0633\u0637\u0629\" \/>\n\t<meta name=\"twitter:data1\" content=\"Med Ahmed\" \/>\n\t<meta name=\"twitter:label2\" content=\"\u0648\u0642\u062a \u0627\u0644\u0642\u0631\u0627\u0621\u0629 \u0627\u0644\u0645\u064f\u0642\u062f\u0651\u0631\" \/>\n\t<meta name=\"twitter:data2\" content=\"5 \u062f\u0642\u0627\u0626\u0642\" \/>\n<script type=\"application\/ld+json\" class=\"yoast-schema-graph\">{\"@context\":\"https:\\\/\\\/schema.org\",\"@graph\":[{\"@type\":\"Article\",\"@id\":\"https:\\\/\\\/lequotidien.mr\\\/?p=31606&lang=fr#article\",\"isPartOf\":{\"@id\":\"https:\\\/\\\/lequotidien.mr\\\/?p=31606&lang=fr\"},\"author\":{\"name\":\"Med Ahmed\",\"@id\":\"https:\\\/\\\/lequotidien.mr\\\/#\\\/schema\\\/person\\\/d2d350202a4d599685ed8abc25f97596\"},\"headline\":\"S\u00e9curit\u00e9 maritime : La Mauritanie renforce la s\u00e9curit\u00e9 maritime r\u00e9gionale en devenant le 21e membre du M\u00e9morandum d\u2019Abuja\",\"datePublished\":\"2025-10-12T15:17:15+00:00\",\"mainEntityOfPage\":{\"@id\":\"https:\\\/\\\/lequotidien.mr\\\/?p=31606&lang=fr\"},\"wordCount\":656,\"commentCount\":0,\"publisher\":{\"@id\":\"https:\\\/\\\/lequotidien.mr\\\/#organization\"},\"image\":{\"@id\":\"https:\\\/\\\/lequotidien.mr\\\/?p=31606&lang=fr#primaryimage\"},\"thumbnailUrl\":\"https:\\\/\\\/lequotidien.mr\\\/wp-content\\\/uploads\\\/2025\\\/10\\\/photo-RIM-accord-Abuja.jpg\",\"articleSection\":[\"ACTUALIT\u00c9\",\"Economie\"],\"inLanguage\":\"ar\",\"potentialAction\":[{\"@type\":\"CommentAction\",\"name\":\"Comment\",\"target\":[\"https:\\\/\\\/lequotidien.mr\\\/?p=31606&lang=fr#respond\"]}]},{\"@type\":\"WebPage\",\"@id\":\"https:\\\/\\\/lequotidien.mr\\\/?p=31606&lang=fr\",\"url\":\"https:\\\/\\\/lequotidien.mr\\\/?p=31606&lang=fr\",\"name\":\"S\u00e9curit\u00e9 maritime : La Mauritanie renforce la s\u00e9curit\u00e9 maritime r\u00e9gionale en devenant le 21e membre du M\u00e9morandum d\u2019Abuja - Le Quotidien de Nouakchott\",\"isPartOf\":{\"@id\":\"https:\\\/\\\/lequotidien.mr\\\/#website\"},\"primaryImageOfPage\":{\"@id\":\"https:\\\/\\\/lequotidien.mr\\\/?p=31606&lang=fr#primaryimage\"},\"image\":{\"@id\":\"https:\\\/\\\/lequotidien.mr\\\/?p=31606&lang=fr#primaryimage\"},\"thumbnailUrl\":\"https:\\\/\\\/lequotidien.mr\\\/wp-content\\\/uploads\\\/2025\\\/10\\\/photo-RIM-accord-Abuja.jpg\",\"datePublished\":\"2025-10-12T15:17:15+00:00\",\"breadcrumb\":{\"@id\":\"https:\\\/\\\/lequotidien.mr\\\/?p=31606&lang=fr#breadcrumb\"},\"inLanguage\":\"ar\",\"potentialAction\":[{\"@type\":\"ReadAction\",\"target\":[\"https:\\\/\\\/lequotidien.mr\\\/?p=31606&lang=fr\"]}]},{\"@type\":\"ImageObject\",\"inLanguage\":\"ar\",\"@id\":\"https:\\\/\\\/lequotidien.mr\\\/?p=31606&lang=fr#primaryimage\",\"url\":\"https:\\\/\\\/lequotidien.mr\\\/wp-content\\\/uploads\\\/2025\\\/10\\\/photo-RIM-accord-Abuja.jpg\",\"contentUrl\":\"https:\\\/\\\/lequotidien.mr\\\/wp-content\\\/uploads\\\/2025\\\/10\\\/photo-RIM-accord-Abuja.jpg\",\"width\":332,\"height\":430},{\"@type\":\"BreadcrumbList\",\"@id\":\"https:\\\/\\\/lequotidien.mr\\\/?p=31606&lang=fr#breadcrumb\",\"itemListElement\":[{\"@type\":\"ListItem\",\"position\":1,\"name\":\"Home\",\"item\":\"https:\\\/\\\/lequotidien.mr\\\/\"},{\"@type\":\"ListItem\",\"position\":2,\"name\":\"S\u00e9curit\u00e9 maritime : La Mauritanie renforce la s\u00e9curit\u00e9 maritime r\u00e9gionale en devenant le 21e membre du M\u00e9morandum d\u2019Abuja\"}]},{\"@type\":\"WebSite\",\"@id\":\"https:\\\/\\\/lequotidien.mr\\\/#website\",\"url\":\"https:\\\/\\\/lequotidien.mr\\\/\",\"name\":\"Le Quotidien de Nouakchott\",\"description\":\"\u0625\u062e\u0628\u0627\u0631\u064a\u0629 \u0645\u0633\u062a\u0642\u0644\u0629 \u0644\u0644\u0623\u0646\u0628\u0627\u0621 \u0627\u0644\u0639\u0627\u0645\u0629\",\"publisher\":{\"@id\":\"https:\\\/\\\/lequotidien.mr\\\/#organization\"},\"potentialAction\":[{\"@type\":\"SearchAction\",\"target\":{\"@type\":\"EntryPoint\",\"urlTemplate\":\"https:\\\/\\\/lequotidien.mr\\\/?s={search_term_string}\"},\"query-input\":{\"@type\":\"PropertyValueSpecification\",\"valueRequired\":true,\"valueName\":\"search_term_string\"}}],\"inLanguage\":\"ar\"},{\"@type\":\"Organization\",\"@id\":\"https:\\\/\\\/lequotidien.mr\\\/#organization\",\"name\":\"Le Quotidien de Nouakchott\",\"url\":\"https:\\\/\\\/lequotidien.mr\\\/\",\"logo\":{\"@type\":\"ImageObject\",\"inLanguage\":\"ar\",\"@id\":\"https:\\\/\\\/lequotidien.mr\\\/#\\\/schema\\\/logo\\\/image\\\/\",\"url\":\"https:\\\/\\\/lequotidien.mr\\\/wp-content\\\/uploads\\\/2022\\\/11\\\/logolequotidien.jpg\",\"contentUrl\":\"https:\\\/\\\/lequotidien.mr\\\/wp-content\\\/uploads\\\/2022\\\/11\\\/logolequotidien.jpg\",\"width\":290,\"height\":65,\"caption\":\"Le Quotidien de Nouakchott\"},\"image\":{\"@id\":\"https:\\\/\\\/lequotidien.mr\\\/#\\\/schema\\\/logo\\\/image\\\/\"},\"sameAs\":[\"https:\\\/\\\/web.facebook.com\\\/lequotidienmr\",\"https:\\\/\\\/x.com\\\/lequotidienmr\"]},{\"@type\":\"Person\",\"@id\":\"https:\\\/\\\/lequotidien.mr\\\/#\\\/schema\\\/person\\\/d2d350202a4d599685ed8abc25f97596\",\"name\":\"Med Ahmed\",\"image\":{\"@type\":\"ImageObject\",\"inLanguage\":\"ar\",\"@id\":\"https:\\\/\\\/secure.gravatar.com\\\/avatar\\\/fd2acc62ed50732923d1d39c17172c9b04149f142be92310ecc69e1358f94b52?s=96&d=mm&r=g\",\"url\":\"https:\\\/\\\/secure.gravatar.com\\\/avatar\\\/fd2acc62ed50732923d1d39c17172c9b04149f142be92310ecc69e1358f94b52?s=96&d=mm&r=g\",\"contentUrl\":\"https:\\\/\\\/secure.gravatar.com\\\/avatar\\\/fd2acc62ed50732923d1d39c17172c9b04149f142be92310ecc69e1358f94b52?s=96&d=mm&r=g\",\"caption\":\"Med Ahmed\"},\"url\":\"https:\\\/\\\/lequotidien.mr\\\/?author=12\"}]}<\/script>\n<!-- \/ Yoast SEO plugin. -->","yoast_head_json":{"title":"S\u00e9curit\u00e9 maritime : La Mauritanie renforce la s\u00e9curit\u00e9 maritime r\u00e9gionale en devenant le 21e membre du M\u00e9morandum d\u2019Abuja - Le Quotidien de Nouakchott","robots":{"index":"index","follow":"follow","max-snippet":"max-snippet:-1","max-image-preview":"max-image-preview:large","max-video-preview":"max-video-preview:-1"},"canonical":"https:\/\/lequotidien.mr\/?p=31606&lang=fr","og_locale":"ar_AR","og_type":"article","og_title":"S\u00e9curit\u00e9 maritime : La Mauritanie renforce la s\u00e9curit\u00e9 maritime r\u00e9gionale en devenant le 21e membre du M\u00e9morandum d\u2019Abuja - Le Quotidien de Nouakchott","og_description":"La Mauritanie a officiellement rejoint le M\u00e9morandum d\u2019accord d\u2019Abuja sur le contr\u00f4le des navires par l\u2019\u00c9tat du port en Afrique occidentale et centrale. Cette adh\u00e9sion, effective depuis le mercredi 8 octobre 2025, porte \u00e0 vingt et un le nombre de membres de cet accord r\u00e9gional cl\u00e9, marquant une \u00e9tape significative pour la s\u00e9curit\u00e9 maritime en.....","og_url":"https:\/\/lequotidien.mr\/?p=31606&lang=fr","og_site_name":"Le Quotidien de Nouakchott","article_publisher":"https:\/\/web.facebook.com\/lequotidienmr","article_published_time":"2025-10-12T15:17:15+00:00","og_image":[{"width":332,"height":430,"url":"https:\/\/lequotidien.mr\/wp-content\/uploads\/2025\/10\/photo-RIM-accord-Abuja.jpg","type":"image\/jpeg"}],"author":"Med Ahmed","twitter_card":"summary_large_image","twitter_creator":"@lequotidienmr","twitter_site":"@lequotidienmr","twitter_misc":{"\u0643\u064f\u062a\u0628 \u0628\u0648\u0627\u0633\u0637\u0629":"Med Ahmed","\u0648\u0642\u062a \u0627\u0644\u0642\u0631\u0627\u0621\u0629 \u0627\u0644\u0645\u064f\u0642\u062f\u0651\u0631":"5 \u062f\u0642\u0627\u0626\u0642"},"schema":{"@context":"https:\/\/schema.org","@graph":[{"@type":"Article","@id":"https:\/\/lequotidien.mr\/?p=31606&lang=fr#article","isPartOf":{"@id":"https:\/\/lequotidien.mr\/?p=31606&lang=fr"},"author":{"name":"Med Ahmed","@id":"https:\/\/lequotidien.mr\/#\/schema\/person\/d2d350202a4d599685ed8abc25f97596"},"headline":"S\u00e9curit\u00e9 maritime : La Mauritanie renforce la s\u00e9curit\u00e9 maritime r\u00e9gionale en devenant le 21e membre du M\u00e9morandum d\u2019Abuja","datePublished":"2025-10-12T15:17:15+00:00","mainEntityOfPage":{"@id":"https:\/\/lequotidien.mr\/?p=31606&lang=fr"},"wordCount":656,"commentCount":0,"publisher":{"@id":"https:\/\/lequotidien.mr\/#organization"},"image":{"@id":"https:\/\/lequotidien.mr\/?p=31606&lang=fr#primaryimage"},"thumbnailUrl":"https:\/\/lequotidien.mr\/wp-content\/uploads\/2025\/10\/photo-RIM-accord-Abuja.jpg","articleSection":["ACTUALIT\u00c9","Economie"],"inLanguage":"ar","potentialAction":[{"@type":"CommentAction","name":"Comment","target":["https:\/\/lequotidien.mr\/?p=31606&lang=fr#respond"]}]},{"@type":"WebPage","@id":"https:\/\/lequotidien.mr\/?p=31606&lang=fr","url":"https:\/\/lequotidien.mr\/?p=31606&lang=fr","name":"S\u00e9curit\u00e9 maritime : La Mauritanie renforce la s\u00e9curit\u00e9 maritime r\u00e9gionale en devenant le 21e membre du M\u00e9morandum d\u2019Abuja - Le Quotidien de Nouakchott","isPartOf":{"@id":"https:\/\/lequotidien.mr\/#website"},"primaryImageOfPage":{"@id":"https:\/\/lequotidien.mr\/?p=31606&lang=fr#primaryimage"},"image":{"@id":"https:\/\/lequotidien.mr\/?p=31606&lang=fr#primaryimage"},"thumbnailUrl":"https:\/\/lequotidien.mr\/wp-content\/uploads\/2025\/10\/photo-RIM-accord-Abuja.jpg","datePublished":"2025-10-12T15:17:15+00:00","breadcrumb":{"@id":"https:\/\/lequotidien.mr\/?p=31606&lang=fr#breadcrumb"},"inLanguage":"ar","potentialAction":[{"@type":"ReadAction","target":["https:\/\/lequotidien.mr\/?p=31606&lang=fr"]}]},{"@type":"ImageObject","inLanguage":"ar","@id":"https:\/\/lequotidien.mr\/?p=31606&lang=fr#primaryimage","url":"https:\/\/lequotidien.mr\/wp-content\/uploads\/2025\/10\/photo-RIM-accord-Abuja.jpg","contentUrl":"https:\/\/lequotidien.mr\/wp-content\/uploads\/2025\/10\/photo-RIM-accord-Abuja.jpg","width":332,"height":430},{"@type":"BreadcrumbList","@id":"https:\/\/lequotidien.mr\/?p=31606&lang=fr#breadcrumb","itemListElement":[{"@type":"ListItem","position":1,"name":"Home","item":"https:\/\/lequotidien.mr\/"},{"@type":"ListItem","position":2,"name":"S\u00e9curit\u00e9 maritime : La Mauritanie renforce la s\u00e9curit\u00e9 maritime r\u00e9gionale en devenant le 21e membre du M\u00e9morandum d\u2019Abuja"}]},{"@type":"WebSite","@id":"https:\/\/lequotidien.mr\/#website","url":"https:\/\/lequotidien.mr\/","name":"Le Quotidien de Nouakchott","description":"\u0625\u062e\u0628\u0627\u0631\u064a\u0629 \u0645\u0633\u062a\u0642\u0644\u0629 \u0644\u0644\u0623\u0646\u0628\u0627\u0621 \u0627\u0644\u0639\u0627\u0645\u0629","publisher":{"@id":"https:\/\/lequotidien.mr\/#organization"},"potentialAction":[{"@type":"SearchAction","target":{"@type":"EntryPoint","urlTemplate":"https:\/\/lequotidien.mr\/?s={search_term_string}"},"query-input":{"@type":"PropertyValueSpecification","valueRequired":true,"valueName":"search_term_string"}}],"inLanguage":"ar"},{"@type":"Organization","@id":"https:\/\/lequotidien.mr\/#organization","name":"Le Quotidien de Nouakchott","url":"https:\/\/lequotidien.mr\/","logo":{"@type":"ImageObject","inLanguage":"ar","@id":"https:\/\/lequotidien.mr\/#\/schema\/logo\/image\/","url":"https:\/\/lequotidien.mr\/wp-content\/uploads\/2022\/11\/logolequotidien.jpg","contentUrl":"https:\/\/lequotidien.mr\/wp-content\/uploads\/2022\/11\/logolequotidien.jpg","width":290,"height":65,"caption":"Le Quotidien de Nouakchott"},"image":{"@id":"https:\/\/lequotidien.mr\/#\/schema\/logo\/image\/"},"sameAs":["https:\/\/web.facebook.com\/lequotidienmr","https:\/\/x.com\/lequotidienmr"]},{"@type":"Person","@id":"https:\/\/lequotidien.mr\/#\/schema\/person\/d2d350202a4d599685ed8abc25f97596","name":"Med Ahmed","image":{"@type":"ImageObject","inLanguage":"ar","@id":"https:\/\/secure.gravatar.com\/avatar\/fd2acc62ed50732923d1d39c17172c9b04149f142be92310ecc69e1358f94b52?s=96&d=mm&r=g","url":"https:\/\/secure.gravatar.com\/avatar\/fd2acc62ed50732923d1d39c17172c9b04149f142be92310ecc69e1358f94b52?s=96&d=mm&r=g","contentUrl":"https:\/\/secure.gravatar.com\/avatar\/fd2acc62ed50732923d1d39c17172c9b04149f142be92310ecc69e1358f94b52?s=96&d=mm&r=g","caption":"Med Ahmed"},"url":"https:\/\/lequotidien.mr\/?author=12"}]}},"_links":{"self":[{"href":"https:\/\/lequotidien.mr\/index.php?rest_route=\/wp\/v2\/posts\/31606","targetHints":{"allow":["GET"]}}],"collection":[{"href":"https:\/\/lequotidien.mr\/index.php?rest_route=\/wp\/v2\/posts"}],"about":[{"href":"https:\/\/lequotidien.mr\/index.php?rest_route=\/wp\/v2\/types\/post"}],"author":[{"embeddable":true,"href":"https:\/\/lequotidien.mr\/index.php?rest_route=\/wp\/v2\/users\/12"}],"replies":[{"embeddable":true,"href":"https:\/\/lequotidien.mr\/index.php?rest_route=%2Fwp%2Fv2%2Fcomments&post=31606"}],"version-history":[{"count":1,"href":"https:\/\/lequotidien.mr\/index.php?rest_route=\/wp\/v2\/posts\/31606\/revisions"}],"predecessor-version":[{"id":31608,"href":"https:\/\/lequotidien.mr\/index.php?rest_route=\/wp\/v2\/posts\/31606\/revisions\/31608"}],"wp:featuredmedia":[{"embeddable":true,"href":"https:\/\/lequotidien.mr\/index.php?rest_route=\/wp\/v2\/media\/31607"}],"wp:attachment":[{"href":"https:\/\/lequotidien.mr\/index.php?rest_route=%2Fwp%2Fv2%2Fmedia&parent=31606"}],"wp:term":[{"taxonomy":"category","embeddable":true,"href":"https:\/\/lequotidien.mr\/index.php?rest_route=%2Fwp%2Fv2%2Fcategories&post=31606"},{"taxonomy":"post_tag","embeddable":true,"href":"https:\/\/lequotidien.mr\/index.php?rest_route=%2Fwp%2Fv2%2Ftags&post=31606"}],"curies":[{"name":"wp","href":"https:\/\/api.w.org\/{rel}","templated":true}]}}