{"id":31554,"date":"2025-10-09T13:02:05","date_gmt":"2025-10-09T13:02:05","guid":{"rendered":"https:\/\/lequotidien.mr\/?p=31554"},"modified":"2025-10-09T13:02:05","modified_gmt":"2025-10-09T13:02:05","slug":"forum-mauritano-saoudien-une-nouvelle-ere-de-cooperation-economique-sous-le-theme-la-mauritanie-des-opportunites-prometteuses-pour-une-vision-ambitieuse","status":"publish","type":"post","link":"https:\/\/lequotidien.mr\/?p=31554&lang=fr","title":{"rendered":"Forum Mauritano-Saoudien : Une nouvelle \u00e8re de coop\u00e9ration \u00e9conomique sous le th\u00e8me \u00ab La Mauritanie, des opportunit\u00e9s prometteuses pour une vision ambitieuse \u00bb"},"content":{"rendered":"<p>Les travaux du Forum mauritano-saoudien ont \u00e9t\u00e9 officiellement lanc\u00e9s, mercredi \u00e0 Nouakchott, sous le th\u00e8me \u00e9vocateur <em>:\u00a0<strong>\u00ab La Mauritanie, des opportunit\u00e9s prometteuses pour une vision ambitieuse \u00bb<\/strong>.<\/em> Organis\u00e9 par l\u2019<strong>Agence<\/strong> <strong>de Promotion des Investissements (APIM)<\/strong>, cet \u00e9v\u00e9nement majeur vise \u00e0 jeter les bases d\u2019un partenariat \u00e9conomique renforc\u00e9 et durable entre les deux pays fr\u00e8res, en ciblant des secteurs porteurs tels que les mines, les ressources halieutiques, l\u2019agriculture et l\u2019\u00e9nergie propre.<\/p>\n<p><strong>Une vision commune pour un partenariat strat\u00e9gique<\/strong><\/p>\n<p>Dans son discours d\u2019ouverture, le <strong>ministre des Affaires \u00e9conomiques et du D\u00e9veloppement, M. Abdellahi Souleymane Cheikh Sidiya<\/strong>, a \u00e9tabli le cadre de cette coop\u00e9ration en soulignant la nature strat\u00e9gique du partenariat avec le Royaume d\u2019Arabie Saoudite. Il a rappel\u00e9 les liens solides de religion, d\u2019histoire et d\u2019identit\u00e9 qui unissent les deux nations.<\/p>\n<p><strong><em>\u00ab Son exp\u00e9rience dans la construction d\u2019un mod\u00e8le de d\u00e9veloppement ambitieux bas\u00e9 sur la diversification, l\u2019ouverture et l\u2019investissement dans les ressources humaines nous inspire, la Vision 2030 du Royaume \u00e9tant un exemple vivant montrant que la transformation \u00e9conomique et sociale est possible \u00bb,<\/em><\/strong> a-t-il d\u00e9clar\u00e9.<\/p>\n<p>M. Cheikh Sidiya a \u00e9galement pr\u00e9sent\u00e9 les progr\u00e8s de la Mauritanie dans la construction d\u2019une <strong><em>\u00ab \u00e9conomie productive et \u00e9quilibr\u00e9e \u00bb<\/em><\/strong>, fond\u00e9e sur la stabilit\u00e9 politique et les r\u00e9formes institutionnelles. Il a cit\u00e9 les secteurs de l\u2019agriculture, de l\u2019\u00e9levage, de l\u2019\u00e9nergie et de la p\u00eache comme \u00e9tant devenus <strong><em>\u00ab un vaste espace d\u2019investissement \u00bb,<\/em><\/strong> gr\u00e2ce aux r\u00e9formes plac\u00e9es parmi les <strong><em>\u00ab premi\u00e8res priorit\u00e9s \u00bb<\/em><\/strong> du Pr\u00e9sident de la R\u00e9publique, Monsieur Mohamed Cheikh El Ghazouani.<\/p>\n<p><strong>La Mauritanie, pilier de la transition \u00e9nerg\u00e9tique et du d\u00e9veloppement durable<\/strong><\/p>\n<p>La d\u00e9l\u00e9gation saoudienne, conduite par le ministre de l\u2019Investissement, l\u2019Ing\u00e9nieur Khaled ben Abdulaziz Al-Valeh, a exprim\u00e9 un optimisme fort quant aux potentialit\u00e9s mauritaniennes. Ce dernier a salu\u00e9 la \u00ab coop\u00e9ration strat\u00e9gique \u00bb avec la Mauritanie, soulignant que le pays n\u2019est \u00ab pas seulement une destination d\u2019investissement, mais un partenaire dans la construction d\u2019un avenir durable \u00bb.<\/p>\n<p>Il a mis en avant l\u2019atout ma\u00eetre de la Mauritanie : son <strong><em>\u00ab potentiel \u00e9nerg\u00e9tique \u00e9norme en vent et en soleil, atteignant environ 4 000 gigawatts \u00bb<\/em><\/strong>, ce qui en fait l\u2019un des pays les plus riches en ressources renouvelables. Il a \u00e9galement salu\u00e9 la nouvelle loi sur l\u2019\u00e9lectricit\u00e9 de 2024 qui renforce le cadre propice aux investissements dans les \u00e9nergies vertes.<\/p>\n<p><strong>Des engagements concrets pour faciliter l\u2019investissement<\/strong><\/p>\n<p>Le <strong>directeur de l\u2019APIM, M. El Tettah Ahmed Maouloud<\/strong>, a d\u00e9taill\u00e9 les mesures pratiques mises en place pour attirer et accompagner les investisseurs saoudiens. Annon\u00e7ant des <strong><em>initiatives \u00ab conform\u00e9ment aux directives de Son Excellence le Pr\u00e9sident de la R\u00e9publique \u00bb<\/em><\/strong>, il a list\u00e9 plusieurs dispositifs cl\u00e9s :<\/p>\n<p><strong>-La cr\u00e9ation d\u2019un\u00a0guichet sp\u00e9cial pour les investisseurs du Golfe\u00a0<\/strong>;<\/p>\n<p><strong>-L\u2019octroi d\u2019incitations fiscales et douani\u00e8res g\u00e9n\u00e9reuses<\/strong>\u00a0<strong>pour les secteurs prioritaires\u00a0;<\/strong><\/p>\n<p><strong>-L\u2019attribution de\u00a0terrains gratuits ou \u00e0 prix symboliques\u00a0pour les grands projets\u00a0;<\/strong><\/p>\n<p><strong>-La fourniture de\u00a0garanties l\u00e9gales et souveraines\u00a0pour renforcer la confiance.<\/strong><\/p>\n<p>Il a insist\u00e9 sur la <strong><em>\u00ab profonde harmonie \u00bb<\/em><\/strong> entre les ambitions de d\u00e9veloppement de la Mauritanie et la Vision 2030 de l&#8217;Arabie Saoudite, cr\u00e9ant un terrain d&#8217;entente id\u00e9al pour des partenariats fructueux.<\/p>\n<p><strong>Le secteur priv\u00e9, acteur cl\u00e9 de la coop\u00e9ration<\/strong><\/p>\n<p>La dimension priv\u00e9e de ce partenariat a \u00e9t\u00e9 fortement soulign\u00e9e par le <strong>pr\u00e9sident de l\u2019Union Nationale du Patronat Mauritanien (UNPM), M. Mohamed Zeine El Abidine Cheikh Ahmed<\/strong>. Il a rappel\u00e9 la dynamique de coop\u00e9ration \u00e9troite avec la F\u00e9d\u00e9ration des Chambres Saoudiennes.<\/p>\n<p>Le <strong>pr\u00e9sident de la Chambre de Commerce, d\u2019Industrie et d\u2019Agriculture de Mauritanie<\/strong>, <strong>M. Cheikh El Avia Mohamed Khouna<\/strong>, a pour sa part qualifi\u00e9 la Mauritanie de\u00a0<strong><em>\u00ab terre fertile \u00bb<\/em><\/strong><strong> pour les investissements saoudiens<\/strong>, citant la stabilit\u00e9, la s\u00e9curit\u00e9 et les r\u00e9formes en faveur du climat des affaires, comme le guichet unique et le centre d&#8217;arbitrage.<\/p>\n<p>La c\u00e9r\u00e9monie s\u2019est conclue par la signature d\u2019un\u00a0<strong>protocole d\u2019accord entre l\u2019UNPM et la F\u00e9d\u00e9ration des Chambres de Commerce Saoudiennes<\/strong>, scellant ainsi l&#8217;engagement des secteurs priv\u00e9s des deux pays \u00e0 \u0153uvrer conjointement pour concr\u00e9tiser les ambitions affich\u00e9es.<\/p>\n<p><strong>Assistaient \u00e0 cet \u00e9v\u00e9nement<\/strong>\u00a0plusieurs membres \u00e9minents du gouvernement mauritanien, dont les ministres de l\u2019\u00c9nergie, de la P\u00eache, de l\u2019Agriculture, du Commerce, et de l\u2019Environnement, t\u00e9moignant de l&#8217;importance multisectorielle et de la volont\u00e9 politique de haut niveau accord\u00e9e \u00e0 ce partenariat strat\u00e9gique.<\/p>\n<h1><\/h1>\n<h1><\/h1>\n","protected":false},"excerpt":{"rendered":"<p>Les travaux du Forum mauritano-saoudien ont \u00e9t\u00e9 officiellement lanc\u00e9s, mercredi \u00e0 Nouakchott, sous le th\u00e8me \u00e9vocateur :\u00a0\u00ab La Mauritanie, des opportunit\u00e9s prometteuses pour une vision ambitieuse \u00bb. Organis\u00e9 par l\u2019Agence de Promotion des Investissements (APIM), cet \u00e9v\u00e9nement majeur vise \u00e0 jeter les bases d\u2019un partenariat \u00e9conomique renforc\u00e9 et durable entre les deux pays fr\u00e8res, en&#8230;..<\/p>\n","protected":false},"author":12,"featured_media":31555,"comment_status":"open","ping_status":"open","sticky":false,"template":"","format":"standard","meta":{"footnotes":""},"categories":[23,49],"tags":[],"class_list":["post-31554","post","type-post","status-publish","format-standard","has-post-thumbnail","hentry","category-actualite","category-economie"],"yoast_head":"<!-- This site is optimized with the Yoast SEO plugin v27.5 - https:\/\/yoast.com\/product\/yoast-seo-wordpress\/ -->\n<title>Forum Mauritano-Saoudien : Une nouvelle \u00e8re de coop\u00e9ration \u00e9conomique sous le th\u00e8me \u00ab La Mauritanie, des opportunit\u00e9s prometteuses pour une vision ambitieuse \u00bb - Le Quotidien de Nouakchott<\/title>\n<meta name=\"robots\" content=\"index, follow, max-snippet:-1, max-image-preview:large, max-video-preview:-1\" \/>\n<link rel=\"canonical\" href=\"https:\/\/lequotidien.mr\/?p=31554&lang=fr\" \/>\n<meta property=\"og:locale\" content=\"ar_AR\" \/>\n<meta property=\"og:type\" content=\"article\" \/>\n<meta property=\"og:title\" content=\"Forum Mauritano-Saoudien : Une nouvelle \u00e8re de coop\u00e9ration \u00e9conomique sous le th\u00e8me \u00ab La Mauritanie, des opportunit\u00e9s prometteuses pour une vision ambitieuse \u00bb - Le Quotidien de Nouakchott\" \/>\n<meta property=\"og:description\" content=\"Les travaux du Forum mauritano-saoudien ont \u00e9t\u00e9 officiellement lanc\u00e9s, mercredi \u00e0 Nouakchott, sous le th\u00e8me \u00e9vocateur :\u00a0\u00ab La Mauritanie, des opportunit\u00e9s prometteuses pour une vision ambitieuse \u00bb. Organis\u00e9 par l\u2019Agence de Promotion des Investissements (APIM), cet \u00e9v\u00e9nement majeur vise \u00e0 jeter les bases d\u2019un partenariat \u00e9conomique renforc\u00e9 et durable entre les deux pays fr\u00e8res, en.....\" \/>\n<meta property=\"og:url\" content=\"https:\/\/lequotidien.mr\/?p=31554&amp;lang=fr\" \/>\n<meta property=\"og:site_name\" content=\"Le Quotidien de Nouakchott\" \/>\n<meta property=\"article:publisher\" content=\"https:\/\/web.facebook.com\/lequotidienmr\" \/>\n<meta property=\"article:published_time\" content=\"2025-10-09T13:02:05+00:00\" \/>\n<meta property=\"og:image\" content=\"https:\/\/lequotidien.mr\/wp-content\/uploads\/2025\/10\/photo-forum-saoudien.jpg\" \/>\n\t<meta property=\"og:image:width\" content=\"750\" \/>\n\t<meta property=\"og:image:height\" content=\"430\" \/>\n\t<meta property=\"og:image:type\" content=\"image\/jpeg\" \/>\n<meta name=\"author\" content=\"Med Ahmed\" \/>\n<meta name=\"twitter:card\" content=\"summary_large_image\" \/>\n<meta name=\"twitter:creator\" content=\"@lequotidienmr\" \/>\n<meta name=\"twitter:site\" content=\"@lequotidienmr\" \/>\n<meta name=\"twitter:label1\" content=\"\u0643\u064f\u062a\u0628 \u0628\u0648\u0627\u0633\u0637\u0629\" \/>\n\t<meta name=\"twitter:data1\" content=\"Med Ahmed\" \/>\n\t<meta name=\"twitter:label2\" content=\"\u0648\u0642\u062a \u0627\u0644\u0642\u0631\u0627\u0621\u0629 \u0627\u0644\u0645\u064f\u0642\u062f\u0651\u0631\" \/>\n\t<meta name=\"twitter:data2\" content=\"5 \u062f\u0642\u0627\u0626\u0642\" \/>\n<script type=\"application\/ld+json\" class=\"yoast-schema-graph\">{\"@context\":\"https:\\\/\\\/schema.org\",\"@graph\":[{\"@type\":\"Article\",\"@id\":\"https:\\\/\\\/lequotidien.mr\\\/?p=31554&lang=fr#article\",\"isPartOf\":{\"@id\":\"https:\\\/\\\/lequotidien.mr\\\/?p=31554&lang=fr\"},\"author\":{\"name\":\"Med Ahmed\",\"@id\":\"https:\\\/\\\/lequotidien.mr\\\/#\\\/schema\\\/person\\\/d2d350202a4d599685ed8abc25f97596\"},\"headline\":\"Forum Mauritano-Saoudien : Une nouvelle \u00e8re de coop\u00e9ration \u00e9conomique sous le th\u00e8me \u00ab La Mauritanie, des opportunit\u00e9s prometteuses pour une vision ambitieuse \u00bb\",\"datePublished\":\"2025-10-09T13:02:05+00:00\",\"mainEntityOfPage\":{\"@id\":\"https:\\\/\\\/lequotidien.mr\\\/?p=31554&lang=fr\"},\"wordCount\":796,\"commentCount\":0,\"publisher\":{\"@id\":\"https:\\\/\\\/lequotidien.mr\\\/#organization\"},\"image\":{\"@id\":\"https:\\\/\\\/lequotidien.mr\\\/?p=31554&lang=fr#primaryimage\"},\"thumbnailUrl\":\"https:\\\/\\\/lequotidien.mr\\\/wp-content\\\/uploads\\\/2025\\\/10\\\/photo-forum-saoudien.jpg\",\"articleSection\":[\"ACTUALIT\u00c9\",\"Economie\"],\"inLanguage\":\"ar\",\"potentialAction\":[{\"@type\":\"CommentAction\",\"name\":\"Comment\",\"target\":[\"https:\\\/\\\/lequotidien.mr\\\/?p=31554&lang=fr#respond\"]}]},{\"@type\":\"WebPage\",\"@id\":\"https:\\\/\\\/lequotidien.mr\\\/?p=31554&lang=fr\",\"url\":\"https:\\\/\\\/lequotidien.mr\\\/?p=31554&lang=fr\",\"name\":\"Forum Mauritano-Saoudien : Une nouvelle \u00e8re de coop\u00e9ration \u00e9conomique sous le th\u00e8me \u00ab La Mauritanie, des opportunit\u00e9s prometteuses pour une vision ambitieuse \u00bb - Le Quotidien de Nouakchott\",\"isPartOf\":{\"@id\":\"https:\\\/\\\/lequotidien.mr\\\/#website\"},\"primaryImageOfPage\":{\"@id\":\"https:\\\/\\\/lequotidien.mr\\\/?p=31554&lang=fr#primaryimage\"},\"image\":{\"@id\":\"https:\\\/\\\/lequotidien.mr\\\/?p=31554&lang=fr#primaryimage\"},\"thumbnailUrl\":\"https:\\\/\\\/lequotidien.mr\\\/wp-content\\\/uploads\\\/2025\\\/10\\\/photo-forum-saoudien.jpg\",\"datePublished\":\"2025-10-09T13:02:05+00:00\",\"breadcrumb\":{\"@id\":\"https:\\\/\\\/lequotidien.mr\\\/?p=31554&lang=fr#breadcrumb\"},\"inLanguage\":\"ar\",\"potentialAction\":[{\"@type\":\"ReadAction\",\"target\":[\"https:\\\/\\\/lequotidien.mr\\\/?p=31554&lang=fr\"]}]},{\"@type\":\"ImageObject\",\"inLanguage\":\"ar\",\"@id\":\"https:\\\/\\\/lequotidien.mr\\\/?p=31554&lang=fr#primaryimage\",\"url\":\"https:\\\/\\\/lequotidien.mr\\\/wp-content\\\/uploads\\\/2025\\\/10\\\/photo-forum-saoudien.jpg\",\"contentUrl\":\"https:\\\/\\\/lequotidien.mr\\\/wp-content\\\/uploads\\\/2025\\\/10\\\/photo-forum-saoudien.jpg\",\"width\":750,\"height\":430},{\"@type\":\"BreadcrumbList\",\"@id\":\"https:\\\/\\\/lequotidien.mr\\\/?p=31554&lang=fr#breadcrumb\",\"itemListElement\":[{\"@type\":\"ListItem\",\"position\":1,\"name\":\"Home\",\"item\":\"https:\\\/\\\/lequotidien.mr\\\/\"},{\"@type\":\"ListItem\",\"position\":2,\"name\":\"Forum Mauritano-Saoudien : Une nouvelle \u00e8re de coop\u00e9ration \u00e9conomique sous le th\u00e8me \u00ab La Mauritanie, des opportunit\u00e9s prometteuses pour une vision ambitieuse \u00bb\"}]},{\"@type\":\"WebSite\",\"@id\":\"https:\\\/\\\/lequotidien.mr\\\/#website\",\"url\":\"https:\\\/\\\/lequotidien.mr\\\/\",\"name\":\"Le Quotidien de Nouakchott\",\"description\":\"\u0625\u062e\u0628\u0627\u0631\u064a\u0629 \u0645\u0633\u062a\u0642\u0644\u0629 \u0644\u0644\u0623\u0646\u0628\u0627\u0621 \u0627\u0644\u0639\u0627\u0645\u0629\",\"publisher\":{\"@id\":\"https:\\\/\\\/lequotidien.mr\\\/#organization\"},\"potentialAction\":[{\"@type\":\"SearchAction\",\"target\":{\"@type\":\"EntryPoint\",\"urlTemplate\":\"https:\\\/\\\/lequotidien.mr\\\/?s={search_term_string}\"},\"query-input\":{\"@type\":\"PropertyValueSpecification\",\"valueRequired\":true,\"valueName\":\"search_term_string\"}}],\"inLanguage\":\"ar\"},{\"@type\":\"Organization\",\"@id\":\"https:\\\/\\\/lequotidien.mr\\\/#organization\",\"name\":\"Le Quotidien de Nouakchott\",\"url\":\"https:\\\/\\\/lequotidien.mr\\\/\",\"logo\":{\"@type\":\"ImageObject\",\"inLanguage\":\"ar\",\"@id\":\"https:\\\/\\\/lequotidien.mr\\\/#\\\/schema\\\/logo\\\/image\\\/\",\"url\":\"https:\\\/\\\/lequotidien.mr\\\/wp-content\\\/uploads\\\/2022\\\/11\\\/logolequotidien.jpg\",\"contentUrl\":\"https:\\\/\\\/lequotidien.mr\\\/wp-content\\\/uploads\\\/2022\\\/11\\\/logolequotidien.jpg\",\"width\":290,\"height\":65,\"caption\":\"Le Quotidien de Nouakchott\"},\"image\":{\"@id\":\"https:\\\/\\\/lequotidien.mr\\\/#\\\/schema\\\/logo\\\/image\\\/\"},\"sameAs\":[\"https:\\\/\\\/web.facebook.com\\\/lequotidienmr\",\"https:\\\/\\\/x.com\\\/lequotidienmr\"]},{\"@type\":\"Person\",\"@id\":\"https:\\\/\\\/lequotidien.mr\\\/#\\\/schema\\\/person\\\/d2d350202a4d599685ed8abc25f97596\",\"name\":\"Med Ahmed\",\"image\":{\"@type\":\"ImageObject\",\"inLanguage\":\"ar\",\"@id\":\"https:\\\/\\\/secure.gravatar.com\\\/avatar\\\/fd2acc62ed50732923d1d39c17172c9b04149f142be92310ecc69e1358f94b52?s=96&d=mm&r=g\",\"url\":\"https:\\\/\\\/secure.gravatar.com\\\/avatar\\\/fd2acc62ed50732923d1d39c17172c9b04149f142be92310ecc69e1358f94b52?s=96&d=mm&r=g\",\"contentUrl\":\"https:\\\/\\\/secure.gravatar.com\\\/avatar\\\/fd2acc62ed50732923d1d39c17172c9b04149f142be92310ecc69e1358f94b52?s=96&d=mm&r=g\",\"caption\":\"Med Ahmed\"},\"url\":\"https:\\\/\\\/lequotidien.mr\\\/?author=12\"}]}<\/script>\n<!-- \/ Yoast SEO plugin. -->","yoast_head_json":{"title":"Forum Mauritano-Saoudien : Une nouvelle \u00e8re de coop\u00e9ration \u00e9conomique sous le th\u00e8me \u00ab La Mauritanie, des opportunit\u00e9s prometteuses pour une vision ambitieuse \u00bb - Le Quotidien de Nouakchott","robots":{"index":"index","follow":"follow","max-snippet":"max-snippet:-1","max-image-preview":"max-image-preview:large","max-video-preview":"max-video-preview:-1"},"canonical":"https:\/\/lequotidien.mr\/?p=31554&lang=fr","og_locale":"ar_AR","og_type":"article","og_title":"Forum Mauritano-Saoudien : Une nouvelle \u00e8re de coop\u00e9ration \u00e9conomique sous le th\u00e8me \u00ab La Mauritanie, des opportunit\u00e9s prometteuses pour une vision ambitieuse \u00bb - Le Quotidien de Nouakchott","og_description":"Les travaux du Forum mauritano-saoudien ont \u00e9t\u00e9 officiellement lanc\u00e9s, mercredi \u00e0 Nouakchott, sous le th\u00e8me \u00e9vocateur :\u00a0\u00ab La Mauritanie, des opportunit\u00e9s prometteuses pour une vision ambitieuse \u00bb. Organis\u00e9 par l\u2019Agence de Promotion des Investissements (APIM), cet \u00e9v\u00e9nement majeur vise \u00e0 jeter les bases d\u2019un partenariat \u00e9conomique renforc\u00e9 et durable entre les deux pays fr\u00e8res, en.....","og_url":"https:\/\/lequotidien.mr\/?p=31554&lang=fr","og_site_name":"Le Quotidien de Nouakchott","article_publisher":"https:\/\/web.facebook.com\/lequotidienmr","article_published_time":"2025-10-09T13:02:05+00:00","og_image":[{"width":750,"height":430,"url":"https:\/\/lequotidien.mr\/wp-content\/uploads\/2025\/10\/photo-forum-saoudien.jpg","type":"image\/jpeg"}],"author":"Med Ahmed","twitter_card":"summary_large_image","twitter_creator":"@lequotidienmr","twitter_site":"@lequotidienmr","twitter_misc":{"\u0643\u064f\u062a\u0628 \u0628\u0648\u0627\u0633\u0637\u0629":"Med Ahmed","\u0648\u0642\u062a \u0627\u0644\u0642\u0631\u0627\u0621\u0629 \u0627\u0644\u0645\u064f\u0642\u062f\u0651\u0631":"5 \u062f\u0642\u0627\u0626\u0642"},"schema":{"@context":"https:\/\/schema.org","@graph":[{"@type":"Article","@id":"https:\/\/lequotidien.mr\/?p=31554&lang=fr#article","isPartOf":{"@id":"https:\/\/lequotidien.mr\/?p=31554&lang=fr"},"author":{"name":"Med Ahmed","@id":"https:\/\/lequotidien.mr\/#\/schema\/person\/d2d350202a4d599685ed8abc25f97596"},"headline":"Forum Mauritano-Saoudien : Une nouvelle \u00e8re de coop\u00e9ration \u00e9conomique sous le th\u00e8me \u00ab La Mauritanie, des opportunit\u00e9s prometteuses pour une vision ambitieuse \u00bb","datePublished":"2025-10-09T13:02:05+00:00","mainEntityOfPage":{"@id":"https:\/\/lequotidien.mr\/?p=31554&lang=fr"},"wordCount":796,"commentCount":0,"publisher":{"@id":"https:\/\/lequotidien.mr\/#organization"},"image":{"@id":"https:\/\/lequotidien.mr\/?p=31554&lang=fr#primaryimage"},"thumbnailUrl":"https:\/\/lequotidien.mr\/wp-content\/uploads\/2025\/10\/photo-forum-saoudien.jpg","articleSection":["ACTUALIT\u00c9","Economie"],"inLanguage":"ar","potentialAction":[{"@type":"CommentAction","name":"Comment","target":["https:\/\/lequotidien.mr\/?p=31554&lang=fr#respond"]}]},{"@type":"WebPage","@id":"https:\/\/lequotidien.mr\/?p=31554&lang=fr","url":"https:\/\/lequotidien.mr\/?p=31554&lang=fr","name":"Forum Mauritano-Saoudien : Une nouvelle \u00e8re de coop\u00e9ration \u00e9conomique sous le th\u00e8me \u00ab La Mauritanie, des opportunit\u00e9s prometteuses pour une vision ambitieuse \u00bb - Le Quotidien de Nouakchott","isPartOf":{"@id":"https:\/\/lequotidien.mr\/#website"},"primaryImageOfPage":{"@id":"https:\/\/lequotidien.mr\/?p=31554&lang=fr#primaryimage"},"image":{"@id":"https:\/\/lequotidien.mr\/?p=31554&lang=fr#primaryimage"},"thumbnailUrl":"https:\/\/lequotidien.mr\/wp-content\/uploads\/2025\/10\/photo-forum-saoudien.jpg","datePublished":"2025-10-09T13:02:05+00:00","breadcrumb":{"@id":"https:\/\/lequotidien.mr\/?p=31554&lang=fr#breadcrumb"},"inLanguage":"ar","potentialAction":[{"@type":"ReadAction","target":["https:\/\/lequotidien.mr\/?p=31554&lang=fr"]}]},{"@type":"ImageObject","inLanguage":"ar","@id":"https:\/\/lequotidien.mr\/?p=31554&lang=fr#primaryimage","url":"https:\/\/lequotidien.mr\/wp-content\/uploads\/2025\/10\/photo-forum-saoudien.jpg","contentUrl":"https:\/\/lequotidien.mr\/wp-content\/uploads\/2025\/10\/photo-forum-saoudien.jpg","width":750,"height":430},{"@type":"BreadcrumbList","@id":"https:\/\/lequotidien.mr\/?p=31554&lang=fr#breadcrumb","itemListElement":[{"@type":"ListItem","position":1,"name":"Home","item":"https:\/\/lequotidien.mr\/"},{"@type":"ListItem","position":2,"name":"Forum Mauritano-Saoudien : Une nouvelle \u00e8re de coop\u00e9ration \u00e9conomique sous le th\u00e8me \u00ab La Mauritanie, des opportunit\u00e9s prometteuses pour une vision ambitieuse \u00bb"}]},{"@type":"WebSite","@id":"https:\/\/lequotidien.mr\/#website","url":"https:\/\/lequotidien.mr\/","name":"Le Quotidien de Nouakchott","description":"\u0625\u062e\u0628\u0627\u0631\u064a\u0629 \u0645\u0633\u062a\u0642\u0644\u0629 \u0644\u0644\u0623\u0646\u0628\u0627\u0621 \u0627\u0644\u0639\u0627\u0645\u0629","publisher":{"@id":"https:\/\/lequotidien.mr\/#organization"},"potentialAction":[{"@type":"SearchAction","target":{"@type":"EntryPoint","urlTemplate":"https:\/\/lequotidien.mr\/?s={search_term_string}"},"query-input":{"@type":"PropertyValueSpecification","valueRequired":true,"valueName":"search_term_string"}}],"inLanguage":"ar"},{"@type":"Organization","@id":"https:\/\/lequotidien.mr\/#organization","name":"Le Quotidien de Nouakchott","url":"https:\/\/lequotidien.mr\/","logo":{"@type":"ImageObject","inLanguage":"ar","@id":"https:\/\/lequotidien.mr\/#\/schema\/logo\/image\/","url":"https:\/\/lequotidien.mr\/wp-content\/uploads\/2022\/11\/logolequotidien.jpg","contentUrl":"https:\/\/lequotidien.mr\/wp-content\/uploads\/2022\/11\/logolequotidien.jpg","width":290,"height":65,"caption":"Le Quotidien de Nouakchott"},"image":{"@id":"https:\/\/lequotidien.mr\/#\/schema\/logo\/image\/"},"sameAs":["https:\/\/web.facebook.com\/lequotidienmr","https:\/\/x.com\/lequotidienmr"]},{"@type":"Person","@id":"https:\/\/lequotidien.mr\/#\/schema\/person\/d2d350202a4d599685ed8abc25f97596","name":"Med Ahmed","image":{"@type":"ImageObject","inLanguage":"ar","@id":"https:\/\/secure.gravatar.com\/avatar\/fd2acc62ed50732923d1d39c17172c9b04149f142be92310ecc69e1358f94b52?s=96&d=mm&r=g","url":"https:\/\/secure.gravatar.com\/avatar\/fd2acc62ed50732923d1d39c17172c9b04149f142be92310ecc69e1358f94b52?s=96&d=mm&r=g","contentUrl":"https:\/\/secure.gravatar.com\/avatar\/fd2acc62ed50732923d1d39c17172c9b04149f142be92310ecc69e1358f94b52?s=96&d=mm&r=g","caption":"Med Ahmed"},"url":"https:\/\/lequotidien.mr\/?author=12"}]}},"_links":{"self":[{"href":"https:\/\/lequotidien.mr\/index.php?rest_route=\/wp\/v2\/posts\/31554","targetHints":{"allow":["GET"]}}],"collection":[{"href":"https:\/\/lequotidien.mr\/index.php?rest_route=\/wp\/v2\/posts"}],"about":[{"href":"https:\/\/lequotidien.mr\/index.php?rest_route=\/wp\/v2\/types\/post"}],"author":[{"embeddable":true,"href":"https:\/\/lequotidien.mr\/index.php?rest_route=\/wp\/v2\/users\/12"}],"replies":[{"embeddable":true,"href":"https:\/\/lequotidien.mr\/index.php?rest_route=%2Fwp%2Fv2%2Fcomments&post=31554"}],"version-history":[{"count":1,"href":"https:\/\/lequotidien.mr\/index.php?rest_route=\/wp\/v2\/posts\/31554\/revisions"}],"predecessor-version":[{"id":31556,"href":"https:\/\/lequotidien.mr\/index.php?rest_route=\/wp\/v2\/posts\/31554\/revisions\/31556"}],"wp:featuredmedia":[{"embeddable":true,"href":"https:\/\/lequotidien.mr\/index.php?rest_route=\/wp\/v2\/media\/31555"}],"wp:attachment":[{"href":"https:\/\/lequotidien.mr\/index.php?rest_route=%2Fwp%2Fv2%2Fmedia&parent=31554"}],"wp:term":[{"taxonomy":"category","embeddable":true,"href":"https:\/\/lequotidien.mr\/index.php?rest_route=%2Fwp%2Fv2%2Fcategories&post=31554"},{"taxonomy":"post_tag","embeddable":true,"href":"https:\/\/lequotidien.mr\/index.php?rest_route=%2Fwp%2Fv2%2Ftags&post=31554"}],"curies":[{"name":"wp","href":"https:\/\/api.w.org\/{rel}","templated":true}]}}