{"id":31482,"date":"2025-10-07T08:59:55","date_gmt":"2025-10-07T08:59:55","guid":{"rendered":"https:\/\/lequotidien.mr\/?p=31482"},"modified":"2025-10-07T08:59:55","modified_gmt":"2025-10-07T08:59:55","slug":"deuxieme-edition-de-la-biennale-euro-africaine-de-montpellier-france-mme-fatimetou-abdel-malik-signe-un-accord-pour-une-subvention-de-42-millions-deuros-pour-le-projet-region-de-nou","status":"publish","type":"post","link":"https:\/\/lequotidien.mr\/?p=31482&lang=fr","title":{"rendered":"Deuxi\u00e8me \u00e9dition de la Biennale Euro-Africaine de Montpellier\/France : Mme Fatimetou Abdel Malik signe un accord pour une subvention de 4,2 millions d\u2019euros pour le projet \u00ab R\u00e9gion de Nouakchott pour l\u2019am\u00e9lioration de l\u2019acc\u00e8s \u00e0 l\u2019eau et \u00e0 l\u2019assainissement"},"content":{"rendered":"<p>En marge de la deuxi\u00e8me \u00e9dition de la <strong>Biennale Euro-Africaine de Montpellier<\/strong>, un pas significatif a \u00e9t\u00e9 franchi pour am\u00e9liorer les conditions de vie des habitants de Nouakchott. <strong>Mme Fatimetou Abdel Malik, Pr\u00e9sidente de la r\u00e9gion de Nouakchott<\/strong>, a sign\u00e9, lundi soir, <strong>un accord de subvention majeur pour financer le projet \u00ab R\u00e9gion de Nouakchott pour l\u2019am\u00e9lioration de l\u2019acc\u00e8s \u00e0 l\u2019eau et \u00e0 l\u2019assainissement \u00bb<\/strong>.<\/p>\n<p><strong>Un partenariat international pour un enjeu vital<\/strong><\/p>\n<p>Cet accord de financement, d\u2019un montant de plus de<strong> 4,2 millions d\u2019euros<\/strong> (pr\u00e8s de deux milliards d\u2019anciennes ouguiyas), scelle une coop\u00e9ration internationale multi-acteurs. La signature s&#8217;est faite aux c\u00f4t\u00e9s de <strong>M. Pierre-Antoine Hildebrand, adjoint au maire de la ville suisse de Lausanne<\/strong>, repr\u00e9sentant les villes suisses partenaires, et de <strong>M. Fr\u00e9d\u00e9ric Vallier, d\u00e9l\u00e9gu\u00e9 g\u00e9n\u00e9ral de l\u2019Association internationale des villes francophones<\/strong>. Ce dernier est charg\u00e9 de la coordination avec les villes fran\u00e7aises partenaires \u2013 <strong>l&#8217;Eurom\u00e9tropole de Metz<\/strong> et <strong>Montpellier M\u00e9diterran\u00e9e M\u00e9tropole<\/strong> \u2013 ainsi qu&#8217;avec les <strong>agences de l\u2019eau Rhin-Meuse et Rh\u00f4ne-M\u00e9diterran\u00e9e-Corse.<\/strong><\/p>\n<p><strong>Une charte pour un engagement commun<\/strong><\/p>\n<p>Au-del\u00e0 de l&#8217;aspect financier, cet \u00e9v\u00e9nement a \u00e9t\u00e9 marqu\u00e9 par la signature d&#8217;une charte de partenariat. Ce document fondamental lie la r\u00e9gion de Nouakchott \u00e0 l&#8217;ensemble de ses partenaires de d\u00e9veloppement autour de principes directeurs forts : l\u2019engagement, les valeurs de coop\u00e9ration, la solidarit\u00e9, la confiance mutuelle et le vivre ensemble. Tous les repr\u00e9sentants des partenaires pr\u00e9sents ont appos\u00e9 leur signature \u00e0 cette charte, symbolisant ainsi leur volont\u00e9 commune de mener \u00e0 bien ce projet structurant.<\/p>\n<p><strong>Cibler les zones p\u00e9riph\u00e9riques et renforcer les acquis<\/strong><\/p>\n<p>Les accords sign\u00e9s viennent compl\u00e9ter et renforcer les efforts d\u00e9j\u00e0 d\u00e9ploy\u00e9s par la r\u00e9gion de Nouakchott. L&#8217;objectif prioritaire est d&#8217;am\u00e9liorer l&#8217;acc\u00e8s aux services d&#8217;eau et d&#8217;assainissement, avec une attention particuli\u00e8re port\u00e9e aux zones p\u00e9riph\u00e9riques de la capitale mauritanienne. Les quartiers de <strong>Tarhil<\/strong> \u00e0 <strong>Riyad<\/strong> et de <strong>Toujounine<\/strong> seront notamment au c\u0153ur des interventions.<\/p>\n<p>Dans son discours, Mme Fatimetou Abdel Malik a soulign\u00e9 que ces efforts s&#8217;inscrivent dans le cadre des directives du <strong>Pr\u00e9sident de la R\u00e9publique, Monsieur Mohamed Cheikh El Ghazouani<\/strong>, qui place l&#8217;am\u00e9lioration du niveau de vie des populations au c\u0153ur des priorit\u00e9s publiques. Elle a \u00e9galement pr\u00e9cis\u00e9 que ce projet contribue au programme urgent et ambitieux de d\u00e9veloppement de Nouakchott, mis en \u0153uvre sous l&#8217;\u00e9gide du gouvernement du <strong>Premier ministre, M. El Mokhtar Djay.<\/strong><\/p>\n<p><strong>\u00c9largir la port\u00e9e des interventions<\/strong><\/p>\n<p>Ce nouvel apport financier et technique permettra d&#8217;\u00e9largir la port\u00e9e g\u00e9ographique et th\u00e9matique des interventions pr\u00e9c\u00e9dentes. L&#8217;ambition est d&#8217;\u00e9tendre les actions \u00e0 d&#8217;autres quartiers et d&#8217;apporter des solutions adapt\u00e9es \u00e0 des probl\u00e8mes vari\u00e9s, afin d&#8217;assurer une am\u00e9lioration durable et p\u00e9renne des services essentiels que sont l&#8217;eau et l&#8217;assainissement.<\/p>\n<p><strong>Un bilan d\u00e9j\u00e0 positif et des perspectives renforc\u00e9es<\/strong><\/p>\n<p>Il convient de rappeler que les phases ant\u00e9rieures de ce programme ont d\u00e9j\u00e0 permis des r\u00e9alisations concr\u00e8tes et significatives :<\/p>\n<p>-Plus de 340 km de r\u00e9seau d\u2019eau pos\u00e9s (repr\u00e9sentant 10% du r\u00e9seau total de Nouakchott)\u00a0;<\/p>\n<p>-Des milliers de raccordements gratuits pour les familles\u00a0;<\/p>\n<p>-L&#8217;installation de dizaines de bornes fontaines publiques\u00a0;<\/p>\n<p>-L&#8217;\u00e9quipement de dizaines d&#8217;\u00e9coles et de centres de sant\u00e9 en latrines\u00a0;<\/p>\n<p>-La construction d&#8217;une station de traitement des boues de vidange.<\/p>\n<p>Parall\u00e8lement, des campagnes de sensibilisation sur la rationalisation de la consommation d&#8217;eau et sur l&#8217;hygi\u00e8ne ont \u00e9t\u00e9 men\u00e9es aupr\u00e8s des familles et des \u00e9coliers des zones p\u00e9riph\u00e9riques.<\/p>\n<p>Cette signature, intervenue dans le cadre dynamique de la Biennale Euro-Africaine de Montpellier \u2013 une plateforme r\u00e9unissant plus de <strong>900 participants<\/strong> pour renforcer la coop\u00e9ration entre l&#8217;Europe et l&#8217;Afrique \u2013, d\u00e9montre l&#8217;importance des partenariats d\u00e9centralis\u00e9s pour relever les d\u00e9fis du d\u00e9veloppement urbain. Elle marque une nouvelle \u00e9tape prometteuse vers un acc\u00e8s universel \u00e0 l&#8217;eau et \u00e0 l&#8217;assainissement pour tous les habitants de Nouakchott.<\/p>\n<p>&nbsp;<\/p>\n","protected":false},"excerpt":{"rendered":"<p>En marge de la deuxi\u00e8me \u00e9dition de la Biennale Euro-Africaine de Montpellier, un pas significatif a \u00e9t\u00e9 franchi pour am\u00e9liorer les conditions de vie des habitants de Nouakchott. Mme Fatimetou Abdel Malik, Pr\u00e9sidente de la r\u00e9gion de Nouakchott, a sign\u00e9, lundi soir, un accord de subvention majeur pour financer le projet \u00ab R\u00e9gion de Nouakchott&#8230;..<\/p>\n","protected":false},"author":12,"featured_media":31483,"comment_status":"open","ping_status":"open","sticky":false,"template":"","format":"standard","meta":{"footnotes":""},"categories":[23,49],"tags":[],"class_list":["post-31482","post","type-post","status-publish","format-standard","has-post-thumbnail","hentry","category-actualite","category-economie"],"yoast_head":"<!-- This site is optimized with the Yoast SEO plugin v27.5 - https:\/\/yoast.com\/product\/yoast-seo-wordpress\/ -->\n<title>Deuxi\u00e8me \u00e9dition de la Biennale Euro-Africaine de Montpellier\/France : Mme Fatimetou Abdel Malik signe un accord pour une subvention de 4,2 millions d\u2019euros pour le projet \u00ab R\u00e9gion de Nouakchott pour l\u2019am\u00e9lioration de l\u2019acc\u00e8s \u00e0 l\u2019eau et \u00e0 l\u2019assainissement - Le Quotidien de Nouakchott<\/title>\n<meta name=\"robots\" content=\"index, follow, max-snippet:-1, max-image-preview:large, max-video-preview:-1\" \/>\n<link rel=\"canonical\" href=\"https:\/\/lequotidien.mr\/?p=31482&lang=fr\" \/>\n<meta property=\"og:locale\" content=\"ar_AR\" \/>\n<meta property=\"og:type\" content=\"article\" \/>\n<meta property=\"og:title\" content=\"Deuxi\u00e8me \u00e9dition de la Biennale Euro-Africaine de Montpellier\/France : Mme Fatimetou Abdel Malik signe un accord pour une subvention de 4,2 millions d\u2019euros pour le projet \u00ab R\u00e9gion de Nouakchott pour l\u2019am\u00e9lioration de l\u2019acc\u00e8s \u00e0 l\u2019eau et \u00e0 l\u2019assainissement - Le Quotidien de Nouakchott\" \/>\n<meta property=\"og:description\" content=\"En marge de la deuxi\u00e8me \u00e9dition de la Biennale Euro-Africaine de Montpellier, un pas significatif a \u00e9t\u00e9 franchi pour am\u00e9liorer les conditions de vie des habitants de Nouakchott. Mme Fatimetou Abdel Malik, Pr\u00e9sidente de la r\u00e9gion de Nouakchott, a sign\u00e9, lundi soir, un accord de subvention majeur pour financer le projet \u00ab R\u00e9gion de Nouakchott.....\" \/>\n<meta property=\"og:url\" content=\"https:\/\/lequotidien.mr\/?p=31482&amp;lang=fr\" \/>\n<meta property=\"og:site_name\" content=\"Le Quotidien de Nouakchott\" \/>\n<meta property=\"article:publisher\" content=\"https:\/\/web.facebook.com\/lequotidienmr\" \/>\n<meta property=\"article:published_time\" content=\"2025-10-07T08:59:55+00:00\" \/>\n<meta property=\"og:image\" content=\"https:\/\/lequotidien.mr\/wp-content\/uploads\/2025\/10\/photo-projet-Montpelier-1.jpg\" \/>\n\t<meta property=\"og:image:width\" content=\"578\" \/>\n\t<meta property=\"og:image:height\" content=\"383\" \/>\n\t<meta property=\"og:image:type\" content=\"image\/jpeg\" \/>\n<meta name=\"author\" content=\"Med Ahmed\" \/>\n<meta name=\"twitter:card\" content=\"summary_large_image\" \/>\n<meta name=\"twitter:creator\" content=\"@lequotidienmr\" \/>\n<meta name=\"twitter:site\" content=\"@lequotidienmr\" \/>\n<meta name=\"twitter:label1\" content=\"\u0643\u064f\u062a\u0628 \u0628\u0648\u0627\u0633\u0637\u0629\" \/>\n\t<meta name=\"twitter:data1\" content=\"Med Ahmed\" \/>\n\t<meta name=\"twitter:label2\" content=\"\u0648\u0642\u062a \u0627\u0644\u0642\u0631\u0627\u0621\u0629 \u0627\u0644\u0645\u064f\u0642\u062f\u0651\u0631\" \/>\n\t<meta name=\"twitter:data2\" content=\"5 \u062f\u0642\u0627\u0626\u0642\" \/>\n<script type=\"application\/ld+json\" class=\"yoast-schema-graph\">{\"@context\":\"https:\\\/\\\/schema.org\",\"@graph\":[{\"@type\":\"Article\",\"@id\":\"https:\\\/\\\/lequotidien.mr\\\/?p=31482&lang=fr#article\",\"isPartOf\":{\"@id\":\"https:\\\/\\\/lequotidien.mr\\\/?p=31482&lang=fr\"},\"author\":{\"name\":\"Med Ahmed\",\"@id\":\"https:\\\/\\\/lequotidien.mr\\\/#\\\/schema\\\/person\\\/d2d350202a4d599685ed8abc25f97596\"},\"headline\":\"Deuxi\u00e8me \u00e9dition de la Biennale Euro-Africaine de Montpellier\\\/France : Mme Fatimetou Abdel Malik signe un accord pour une subvention de 4,2 millions d\u2019euros pour le projet \u00ab R\u00e9gion de Nouakchott pour l\u2019am\u00e9lioration de l\u2019acc\u00e8s \u00e0 l\u2019eau et \u00e0 l\u2019assainissement\",\"datePublished\":\"2025-10-07T08:59:55+00:00\",\"mainEntityOfPage\":{\"@id\":\"https:\\\/\\\/lequotidien.mr\\\/?p=31482&lang=fr\"},\"wordCount\":756,\"commentCount\":0,\"publisher\":{\"@id\":\"https:\\\/\\\/lequotidien.mr\\\/#organization\"},\"image\":{\"@id\":\"https:\\\/\\\/lequotidien.mr\\\/?p=31482&lang=fr#primaryimage\"},\"thumbnailUrl\":\"https:\\\/\\\/lequotidien.mr\\\/wp-content\\\/uploads\\\/2025\\\/10\\\/photo-projet-Montpelier-1.jpg\",\"articleSection\":[\"ACTUALIT\u00c9\",\"Economie\"],\"inLanguage\":\"ar\",\"potentialAction\":[{\"@type\":\"CommentAction\",\"name\":\"Comment\",\"target\":[\"https:\\\/\\\/lequotidien.mr\\\/?p=31482&lang=fr#respond\"]}]},{\"@type\":\"WebPage\",\"@id\":\"https:\\\/\\\/lequotidien.mr\\\/?p=31482&lang=fr\",\"url\":\"https:\\\/\\\/lequotidien.mr\\\/?p=31482&lang=fr\",\"name\":\"Deuxi\u00e8me \u00e9dition de la Biennale Euro-Africaine de Montpellier\\\/France : Mme Fatimetou Abdel Malik signe un accord pour une subvention de 4,2 millions d\u2019euros pour le projet \u00ab R\u00e9gion de Nouakchott pour l\u2019am\u00e9lioration de l\u2019acc\u00e8s \u00e0 l\u2019eau et \u00e0 l\u2019assainissement - Le Quotidien de Nouakchott\",\"isPartOf\":{\"@id\":\"https:\\\/\\\/lequotidien.mr\\\/#website\"},\"primaryImageOfPage\":{\"@id\":\"https:\\\/\\\/lequotidien.mr\\\/?p=31482&lang=fr#primaryimage\"},\"image\":{\"@id\":\"https:\\\/\\\/lequotidien.mr\\\/?p=31482&lang=fr#primaryimage\"},\"thumbnailUrl\":\"https:\\\/\\\/lequotidien.mr\\\/wp-content\\\/uploads\\\/2025\\\/10\\\/photo-projet-Montpelier-1.jpg\",\"datePublished\":\"2025-10-07T08:59:55+00:00\",\"breadcrumb\":{\"@id\":\"https:\\\/\\\/lequotidien.mr\\\/?p=31482&lang=fr#breadcrumb\"},\"inLanguage\":\"ar\",\"potentialAction\":[{\"@type\":\"ReadAction\",\"target\":[\"https:\\\/\\\/lequotidien.mr\\\/?p=31482&lang=fr\"]}]},{\"@type\":\"ImageObject\",\"inLanguage\":\"ar\",\"@id\":\"https:\\\/\\\/lequotidien.mr\\\/?p=31482&lang=fr#primaryimage\",\"url\":\"https:\\\/\\\/lequotidien.mr\\\/wp-content\\\/uploads\\\/2025\\\/10\\\/photo-projet-Montpelier-1.jpg\",\"contentUrl\":\"https:\\\/\\\/lequotidien.mr\\\/wp-content\\\/uploads\\\/2025\\\/10\\\/photo-projet-Montpelier-1.jpg\",\"width\":578,\"height\":383},{\"@type\":\"BreadcrumbList\",\"@id\":\"https:\\\/\\\/lequotidien.mr\\\/?p=31482&lang=fr#breadcrumb\",\"itemListElement\":[{\"@type\":\"ListItem\",\"position\":1,\"name\":\"Home\",\"item\":\"https:\\\/\\\/lequotidien.mr\\\/\"},{\"@type\":\"ListItem\",\"position\":2,\"name\":\"Deuxi\u00e8me \u00e9dition de la Biennale Euro-Africaine de Montpellier\\\/France : Mme Fatimetou Abdel Malik signe un accord pour une subvention de 4,2 millions d\u2019euros pour le projet \u00ab R\u00e9gion de Nouakchott pour l\u2019am\u00e9lioration de l\u2019acc\u00e8s \u00e0 l\u2019eau et \u00e0 l\u2019assainissement\"}]},{\"@type\":\"WebSite\",\"@id\":\"https:\\\/\\\/lequotidien.mr\\\/#website\",\"url\":\"https:\\\/\\\/lequotidien.mr\\\/\",\"name\":\"Le Quotidien de Nouakchott\",\"description\":\"\u0625\u062e\u0628\u0627\u0631\u064a\u0629 \u0645\u0633\u062a\u0642\u0644\u0629 \u0644\u0644\u0623\u0646\u0628\u0627\u0621 \u0627\u0644\u0639\u0627\u0645\u0629\",\"publisher\":{\"@id\":\"https:\\\/\\\/lequotidien.mr\\\/#organization\"},\"potentialAction\":[{\"@type\":\"SearchAction\",\"target\":{\"@type\":\"EntryPoint\",\"urlTemplate\":\"https:\\\/\\\/lequotidien.mr\\\/?s={search_term_string}\"},\"query-input\":{\"@type\":\"PropertyValueSpecification\",\"valueRequired\":true,\"valueName\":\"search_term_string\"}}],\"inLanguage\":\"ar\"},{\"@type\":\"Organization\",\"@id\":\"https:\\\/\\\/lequotidien.mr\\\/#organization\",\"name\":\"Le Quotidien de Nouakchott\",\"url\":\"https:\\\/\\\/lequotidien.mr\\\/\",\"logo\":{\"@type\":\"ImageObject\",\"inLanguage\":\"ar\",\"@id\":\"https:\\\/\\\/lequotidien.mr\\\/#\\\/schema\\\/logo\\\/image\\\/\",\"url\":\"https:\\\/\\\/lequotidien.mr\\\/wp-content\\\/uploads\\\/2022\\\/11\\\/logolequotidien.jpg\",\"contentUrl\":\"https:\\\/\\\/lequotidien.mr\\\/wp-content\\\/uploads\\\/2022\\\/11\\\/logolequotidien.jpg\",\"width\":290,\"height\":65,\"caption\":\"Le Quotidien de Nouakchott\"},\"image\":{\"@id\":\"https:\\\/\\\/lequotidien.mr\\\/#\\\/schema\\\/logo\\\/image\\\/\"},\"sameAs\":[\"https:\\\/\\\/web.facebook.com\\\/lequotidienmr\",\"https:\\\/\\\/x.com\\\/lequotidienmr\"]},{\"@type\":\"Person\",\"@id\":\"https:\\\/\\\/lequotidien.mr\\\/#\\\/schema\\\/person\\\/d2d350202a4d599685ed8abc25f97596\",\"name\":\"Med Ahmed\",\"image\":{\"@type\":\"ImageObject\",\"inLanguage\":\"ar\",\"@id\":\"https:\\\/\\\/secure.gravatar.com\\\/avatar\\\/fd2acc62ed50732923d1d39c17172c9b04149f142be92310ecc69e1358f94b52?s=96&d=mm&r=g\",\"url\":\"https:\\\/\\\/secure.gravatar.com\\\/avatar\\\/fd2acc62ed50732923d1d39c17172c9b04149f142be92310ecc69e1358f94b52?s=96&d=mm&r=g\",\"contentUrl\":\"https:\\\/\\\/secure.gravatar.com\\\/avatar\\\/fd2acc62ed50732923d1d39c17172c9b04149f142be92310ecc69e1358f94b52?s=96&d=mm&r=g\",\"caption\":\"Med Ahmed\"},\"url\":\"https:\\\/\\\/lequotidien.mr\\\/?author=12\"}]}<\/script>\n<!-- \/ Yoast SEO plugin. -->","yoast_head_json":{"title":"Deuxi\u00e8me \u00e9dition de la Biennale Euro-Africaine de Montpellier\/France : Mme Fatimetou Abdel Malik signe un accord pour une subvention de 4,2 millions d\u2019euros pour le projet \u00ab R\u00e9gion de Nouakchott pour l\u2019am\u00e9lioration de l\u2019acc\u00e8s \u00e0 l\u2019eau et \u00e0 l\u2019assainissement - Le Quotidien de Nouakchott","robots":{"index":"index","follow":"follow","max-snippet":"max-snippet:-1","max-image-preview":"max-image-preview:large","max-video-preview":"max-video-preview:-1"},"canonical":"https:\/\/lequotidien.mr\/?p=31482&lang=fr","og_locale":"ar_AR","og_type":"article","og_title":"Deuxi\u00e8me \u00e9dition de la Biennale Euro-Africaine de Montpellier\/France : Mme Fatimetou Abdel Malik signe un accord pour une subvention de 4,2 millions d\u2019euros pour le projet \u00ab R\u00e9gion de Nouakchott pour l\u2019am\u00e9lioration de l\u2019acc\u00e8s \u00e0 l\u2019eau et \u00e0 l\u2019assainissement - Le Quotidien de Nouakchott","og_description":"En marge de la deuxi\u00e8me \u00e9dition de la Biennale Euro-Africaine de Montpellier, un pas significatif a \u00e9t\u00e9 franchi pour am\u00e9liorer les conditions de vie des habitants de Nouakchott. Mme Fatimetou Abdel Malik, Pr\u00e9sidente de la r\u00e9gion de Nouakchott, a sign\u00e9, lundi soir, un accord de subvention majeur pour financer le projet \u00ab R\u00e9gion de Nouakchott.....","og_url":"https:\/\/lequotidien.mr\/?p=31482&lang=fr","og_site_name":"Le Quotidien de Nouakchott","article_publisher":"https:\/\/web.facebook.com\/lequotidienmr","article_published_time":"2025-10-07T08:59:55+00:00","og_image":[{"width":578,"height":383,"url":"https:\/\/lequotidien.mr\/wp-content\/uploads\/2025\/10\/photo-projet-Montpelier-1.jpg","type":"image\/jpeg"}],"author":"Med Ahmed","twitter_card":"summary_large_image","twitter_creator":"@lequotidienmr","twitter_site":"@lequotidienmr","twitter_misc":{"\u0643\u064f\u062a\u0628 \u0628\u0648\u0627\u0633\u0637\u0629":"Med Ahmed","\u0648\u0642\u062a \u0627\u0644\u0642\u0631\u0627\u0621\u0629 \u0627\u0644\u0645\u064f\u0642\u062f\u0651\u0631":"5 \u062f\u0642\u0627\u0626\u0642"},"schema":{"@context":"https:\/\/schema.org","@graph":[{"@type":"Article","@id":"https:\/\/lequotidien.mr\/?p=31482&lang=fr#article","isPartOf":{"@id":"https:\/\/lequotidien.mr\/?p=31482&lang=fr"},"author":{"name":"Med Ahmed","@id":"https:\/\/lequotidien.mr\/#\/schema\/person\/d2d350202a4d599685ed8abc25f97596"},"headline":"Deuxi\u00e8me \u00e9dition de la Biennale Euro-Africaine de Montpellier\/France : Mme Fatimetou Abdel Malik signe un accord pour une subvention de 4,2 millions d\u2019euros pour le projet \u00ab R\u00e9gion de Nouakchott pour l\u2019am\u00e9lioration de l\u2019acc\u00e8s \u00e0 l\u2019eau et \u00e0 l\u2019assainissement","datePublished":"2025-10-07T08:59:55+00:00","mainEntityOfPage":{"@id":"https:\/\/lequotidien.mr\/?p=31482&lang=fr"},"wordCount":756,"commentCount":0,"publisher":{"@id":"https:\/\/lequotidien.mr\/#organization"},"image":{"@id":"https:\/\/lequotidien.mr\/?p=31482&lang=fr#primaryimage"},"thumbnailUrl":"https:\/\/lequotidien.mr\/wp-content\/uploads\/2025\/10\/photo-projet-Montpelier-1.jpg","articleSection":["ACTUALIT\u00c9","Economie"],"inLanguage":"ar","potentialAction":[{"@type":"CommentAction","name":"Comment","target":["https:\/\/lequotidien.mr\/?p=31482&lang=fr#respond"]}]},{"@type":"WebPage","@id":"https:\/\/lequotidien.mr\/?p=31482&lang=fr","url":"https:\/\/lequotidien.mr\/?p=31482&lang=fr","name":"Deuxi\u00e8me \u00e9dition de la Biennale Euro-Africaine de Montpellier\/France : Mme Fatimetou Abdel Malik signe un accord pour une subvention de 4,2 millions d\u2019euros pour le projet \u00ab R\u00e9gion de Nouakchott pour l\u2019am\u00e9lioration de l\u2019acc\u00e8s \u00e0 l\u2019eau et \u00e0 l\u2019assainissement - Le Quotidien de Nouakchott","isPartOf":{"@id":"https:\/\/lequotidien.mr\/#website"},"primaryImageOfPage":{"@id":"https:\/\/lequotidien.mr\/?p=31482&lang=fr#primaryimage"},"image":{"@id":"https:\/\/lequotidien.mr\/?p=31482&lang=fr#primaryimage"},"thumbnailUrl":"https:\/\/lequotidien.mr\/wp-content\/uploads\/2025\/10\/photo-projet-Montpelier-1.jpg","datePublished":"2025-10-07T08:59:55+00:00","breadcrumb":{"@id":"https:\/\/lequotidien.mr\/?p=31482&lang=fr#breadcrumb"},"inLanguage":"ar","potentialAction":[{"@type":"ReadAction","target":["https:\/\/lequotidien.mr\/?p=31482&lang=fr"]}]},{"@type":"ImageObject","inLanguage":"ar","@id":"https:\/\/lequotidien.mr\/?p=31482&lang=fr#primaryimage","url":"https:\/\/lequotidien.mr\/wp-content\/uploads\/2025\/10\/photo-projet-Montpelier-1.jpg","contentUrl":"https:\/\/lequotidien.mr\/wp-content\/uploads\/2025\/10\/photo-projet-Montpelier-1.jpg","width":578,"height":383},{"@type":"BreadcrumbList","@id":"https:\/\/lequotidien.mr\/?p=31482&lang=fr#breadcrumb","itemListElement":[{"@type":"ListItem","position":1,"name":"Home","item":"https:\/\/lequotidien.mr\/"},{"@type":"ListItem","position":2,"name":"Deuxi\u00e8me \u00e9dition de la Biennale Euro-Africaine de Montpellier\/France : Mme Fatimetou Abdel Malik signe un accord pour une subvention de 4,2 millions d\u2019euros pour le projet \u00ab R\u00e9gion de Nouakchott pour l\u2019am\u00e9lioration de l\u2019acc\u00e8s \u00e0 l\u2019eau et \u00e0 l\u2019assainissement"}]},{"@type":"WebSite","@id":"https:\/\/lequotidien.mr\/#website","url":"https:\/\/lequotidien.mr\/","name":"Le Quotidien de Nouakchott","description":"\u0625\u062e\u0628\u0627\u0631\u064a\u0629 \u0645\u0633\u062a\u0642\u0644\u0629 \u0644\u0644\u0623\u0646\u0628\u0627\u0621 \u0627\u0644\u0639\u0627\u0645\u0629","publisher":{"@id":"https:\/\/lequotidien.mr\/#organization"},"potentialAction":[{"@type":"SearchAction","target":{"@type":"EntryPoint","urlTemplate":"https:\/\/lequotidien.mr\/?s={search_term_string}"},"query-input":{"@type":"PropertyValueSpecification","valueRequired":true,"valueName":"search_term_string"}}],"inLanguage":"ar"},{"@type":"Organization","@id":"https:\/\/lequotidien.mr\/#organization","name":"Le Quotidien de Nouakchott","url":"https:\/\/lequotidien.mr\/","logo":{"@type":"ImageObject","inLanguage":"ar","@id":"https:\/\/lequotidien.mr\/#\/schema\/logo\/image\/","url":"https:\/\/lequotidien.mr\/wp-content\/uploads\/2022\/11\/logolequotidien.jpg","contentUrl":"https:\/\/lequotidien.mr\/wp-content\/uploads\/2022\/11\/logolequotidien.jpg","width":290,"height":65,"caption":"Le Quotidien de Nouakchott"},"image":{"@id":"https:\/\/lequotidien.mr\/#\/schema\/logo\/image\/"},"sameAs":["https:\/\/web.facebook.com\/lequotidienmr","https:\/\/x.com\/lequotidienmr"]},{"@type":"Person","@id":"https:\/\/lequotidien.mr\/#\/schema\/person\/d2d350202a4d599685ed8abc25f97596","name":"Med Ahmed","image":{"@type":"ImageObject","inLanguage":"ar","@id":"https:\/\/secure.gravatar.com\/avatar\/fd2acc62ed50732923d1d39c17172c9b04149f142be92310ecc69e1358f94b52?s=96&d=mm&r=g","url":"https:\/\/secure.gravatar.com\/avatar\/fd2acc62ed50732923d1d39c17172c9b04149f142be92310ecc69e1358f94b52?s=96&d=mm&r=g","contentUrl":"https:\/\/secure.gravatar.com\/avatar\/fd2acc62ed50732923d1d39c17172c9b04149f142be92310ecc69e1358f94b52?s=96&d=mm&r=g","caption":"Med Ahmed"},"url":"https:\/\/lequotidien.mr\/?author=12"}]}},"_links":{"self":[{"href":"https:\/\/lequotidien.mr\/index.php?rest_route=\/wp\/v2\/posts\/31482","targetHints":{"allow":["GET"]}}],"collection":[{"href":"https:\/\/lequotidien.mr\/index.php?rest_route=\/wp\/v2\/posts"}],"about":[{"href":"https:\/\/lequotidien.mr\/index.php?rest_route=\/wp\/v2\/types\/post"}],"author":[{"embeddable":true,"href":"https:\/\/lequotidien.mr\/index.php?rest_route=\/wp\/v2\/users\/12"}],"replies":[{"embeddable":true,"href":"https:\/\/lequotidien.mr\/index.php?rest_route=%2Fwp%2Fv2%2Fcomments&post=31482"}],"version-history":[{"count":1,"href":"https:\/\/lequotidien.mr\/index.php?rest_route=\/wp\/v2\/posts\/31482\/revisions"}],"predecessor-version":[{"id":31484,"href":"https:\/\/lequotidien.mr\/index.php?rest_route=\/wp\/v2\/posts\/31482\/revisions\/31484"}],"wp:featuredmedia":[{"embeddable":true,"href":"https:\/\/lequotidien.mr\/index.php?rest_route=\/wp\/v2\/media\/31483"}],"wp:attachment":[{"href":"https:\/\/lequotidien.mr\/index.php?rest_route=%2Fwp%2Fv2%2Fmedia&parent=31482"}],"wp:term":[{"taxonomy":"category","embeddable":true,"href":"https:\/\/lequotidien.mr\/index.php?rest_route=%2Fwp%2Fv2%2Fcategories&post=31482"},{"taxonomy":"post_tag","embeddable":true,"href":"https:\/\/lequotidien.mr\/index.php?rest_route=%2Fwp%2Fv2%2Ftags&post=31482"}],"curies":[{"name":"wp","href":"https:\/\/api.w.org\/{rel}","templated":true}]}}