{"id":31463,"date":"2025-10-06T15:09:08","date_gmt":"2025-10-06T15:09:08","guid":{"rendered":"https:\/\/lequotidien.mr\/?p=31463"},"modified":"2025-10-06T15:09:08","modified_gmt":"2025-10-06T15:09:08","slug":"tasiast-renforce-son-engagement-pour-leducation-a-linchiri-avec-de-nouvelles-infrastructures-scolaires-a-akjoujt","status":"publish","type":"post","link":"https:\/\/lequotidien.mr\/?p=31463&lang=fr","title":{"rendered":"Tasiast renforce son engagement pour l\u2019\u00e9ducation \u00e0 l\u2019Inchiri avec de nouvelles infrastructures scolaires \u00e0 Akjoujt"},"content":{"rendered":"<p data-start=\"122\" data-end=\"481\"><strong data-start=\"122\" data-end=\"162\">Akjoujt, Mauritanie \u2013 6 octobre 2025<\/strong> \u2013 Fid\u00e8le \u00e0 son engagement en faveur du d\u00e9veloppement durable et du renforcement du syst\u00e8me \u00e9ducatif mauritanien, <strong data-start=\"276\" data-end=\"321\">Tasiast Mauritanie Limited S.A. (Tasiast)<\/strong> a proc\u00e9d\u00e9, \u00e0 travers son <strong data-start=\"347\" data-end=\"364\">Fonds Tasiast<\/strong>, \u00e0 la remise officielle de nouvelles infrastructures scolaires \u00e0 <strong data-start=\"430\" data-end=\"441\">Akjoujt<\/strong>, chef-lieu de la r\u00e9gion de l\u2019Inchiri.<\/p>\n<p data-start=\"483\" data-end=\"882\">La c\u00e9r\u00e9monie de remise s\u2019est d\u00e9roul\u00e9e en pr\u00e9sence du <strong data-start=\"536\" data-end=\"557\">Wali de l\u2019Inchiri<\/strong>, du <strong data-start=\"562\" data-end=\"595\">Pr\u00e9sident du Conseil R\u00e9gional<\/strong>, du <strong data-start=\"600\" data-end=\"609\">Hakem<\/strong> et du <strong data-start=\"616\" data-end=\"635\">Maire d\u2019Akjoujt<\/strong>, ainsi que de repr\u00e9sentants de Tasiast, notamment <strong data-start=\"686\" data-end=\"704\">M. Baba Salihi<\/strong>, Vice-pr\u00e9sident charg\u00e9 des Relations Ext\u00e9rieures, <strong data-start=\"755\" data-end=\"775\">Mme Hapsatou Bal<\/strong>, Directrice des Relations Communautaires, et <strong data-start=\"821\" data-end=\"842\">M. Mahmoudy Kemal<\/strong>, Directeur des Relations Ext\u00e9rieures.<\/p>\n<p data-start=\"884\" data-end=\"1571\">Le projet, d\u2019un <strong data-start=\"900\" data-end=\"952\">co\u00fbt total avoisinant 650 000 dollars am\u00e9ricains<\/strong>, comprend la <strong data-start=\"966\" data-end=\"1027\">construction d\u2019une \u00e9cole compl\u00e8te de six salles de classe<\/strong> avec une <strong data-start=\"1037\" data-end=\"1104\">annexe administrative int\u00e9grant des bureaux et une biblioth\u00e8que<\/strong>, ainsi que <strong data-start=\"1116\" data-end=\"1164\">l\u2019am\u00e9nagement de onze salles suppl\u00e9mentaires<\/strong> dans sept \u00e9tablissements scolaires de la ville. Ce programme porte \u00e0 <strong data-start=\"1234\" data-end=\"1293\">dix-sept le nombre total de salles enti\u00e8rement \u00e9quip\u00e9es<\/strong>, marquant une avanc\u00e9e notable pour l\u2019am\u00e9lioration des infrastructures \u00e9ducatives locales. Afin d\u2019assurer la durabilit\u00e9 de ces acquis, un <strong data-start=\"1431\" data-end=\"1486\">partenaire sp\u00e9cialis\u00e9 dans le d\u00e9veloppement durable<\/strong> accompagnera les b\u00e9n\u00e9ficiaires dans la gestion et l\u2019entretien des infrastructures.<\/p>\n<p data-start=\"1573\" data-end=\"1935\">En parall\u00e8le, et \u00e0 l\u2019occasion de la rentr\u00e9e scolaire, <strong data-start=\"1627\" data-end=\"1638\">Tasiast<\/strong> a distribu\u00e9 <strong data-start=\"1651\" data-end=\"1694\">1 600 kits scolaires et 1 600 uniformes<\/strong> aux \u00e9l\u00e8ves des communes de l\u2019Inchiri, repr\u00e9sentant un <strong data-start=\"1749\" data-end=\"1808\">investissement additionnel de 50 000 dollars am\u00e9ricains<\/strong>. Cette action vise \u00e0 <strong data-start=\"1830\" data-end=\"1865\">favoriser l\u2019acc\u00e8s \u00e0 l\u2019\u00e9ducation<\/strong> en r\u00e9duisant les obstacles li\u00e9s aux moyens mat\u00e9riels et financiers.<\/p>\n<p data-start=\"1937\" data-end=\"2558\">Ces initiatives s\u2019inscrivent dans le cadre de la <strong data-start=\"1986\" data-end=\"2038\">strat\u00e9gie de responsabilit\u00e9 soci\u00e9tale de Tasiast<\/strong>, fond\u00e9e sur la promotion d\u2019un <strong data-start=\"2069\" data-end=\"2107\">d\u00e9veloppement durable \u00e0 long terme<\/strong>. Cr\u00e9\u00e9 en 2024, le <strong data-start=\"2126\" data-end=\"2143\">Fonds Tasiast<\/strong> est financ\u00e9 \u00e0 hauteur de <strong data-start=\"2169\" data-end=\"2216\">6 dollars am\u00e9ricains par once d\u2019or produite<\/strong>. Il traduit l\u2019engagement de la compagnie \u00e0 <strong data-start=\"2260\" data-end=\"2299\">soutenir des projets communautaires<\/strong> align\u00e9s sur les priorit\u00e9s nationales et r\u00e9gionales, particuli\u00e8rement dans les zones d\u2019impact d\u2019<strong data-start=\"2395\" data-end=\"2406\">Inchiri<\/strong> et de <strong data-start=\"2413\" data-end=\"2435\">Dakhlet Nouadhibou<\/strong>, \u00e0 travers des investissements dans <strong data-start=\"2472\" data-end=\"2555\">l\u2019\u00e9ducation, l\u2019emploi, la sant\u00e9, l\u2019agriculture et le renforcement des capacit\u00e9s<\/strong>.<\/p>\n<p data-start=\"2560\" data-end=\"2612\">Dans son discours, <strong data-start=\"2579\" data-end=\"2597\">M. Baba Salihi<\/strong> a soulign\u00e9 :<\/p>\n<blockquote data-start=\"2613\" data-end=\"3011\">\n<p data-start=\"2615\" data-end=\"3011\">\u00ab La remise de ces infrastructures scolaires constitue une \u00e9tape essentielle de notre appui au secteur \u00e9ducatif dans l\u2019Inchiri. Au-del\u00e0 de la construction de salles de classe, notre objectif est de cr\u00e9er des opportunit\u00e9s pour les g\u00e9n\u00e9rations futures. Ces initiatives refl\u00e8tent notre volont\u00e9 d\u2019accompagner des projets inclusifs et durables, en parfaite coh\u00e9rence avec les priorit\u00e9s nationales. \u00bb<\/p>\n<\/blockquote>\n<p data-start=\"3013\" data-end=\"3343\">Depuis 2018, <strong data-start=\"3026\" data-end=\"3037\">Tasiast<\/strong> collabore avec le <strong data-start=\"3056\" data-end=\"3132\">Minist\u00e8re de la Formation Professionnelle, de l\u2019Artisanat et des M\u00e9tiers<\/strong> pour d\u00e9velopper des programmes de formation ayant permis \u00e0 <strong data-start=\"3192\" data-end=\"3227\">plus de 600 jeunes Mauritaniens<\/strong> d\u2019obtenir des certifications professionnelles et d\u2019acqu\u00e9rir des comp\u00e9tences recherch\u00e9es sur le march\u00e9 du travail.<\/p>\n<p data-start=\"3345\" data-end=\"3604\" data-is-last-node=\"\" data-is-only-node=\"\">\u00c0 travers ces <strong data-start=\"3359\" data-end=\"3399\">investissements concrets et durables<\/strong>, <strong data-start=\"3401\" data-end=\"3436\">Tasiast Mauritanie Limited S.A.<\/strong> r\u00e9affirme son <strong data-start=\"3451\" data-end=\"3503\">r\u00f4le de partenaire de confiance et de long terme<\/strong> dans le d\u00e9veloppement national, avec une attention particuli\u00e8re port\u00e9e \u00e0 la r\u00e9gion de <strong data-start=\"3590\" data-end=\"3603\">l\u2019Inchiri<\/strong>.<\/p>\n<p data-start=\"3345\" data-end=\"3604\" data-is-last-node=\"\" data-is-only-node=\"\">\n<p style=\"text-align: center;\" data-start=\"3345\" data-end=\"3604\" data-is-last-node=\"\" data-is-only-node=\"\"><img loading=\"lazy\" decoding=\"async\" class=\"alignnone size-medium wp-image-31465\" src=\"https:\/\/lequotidien.mr\/wp-content\/uploads\/2025\/10\/8-1-300x200.jpg\" alt=\"\" width=\"300\" height=\"200\" srcset=\"https:\/\/lequotidien.mr\/wp-content\/uploads\/2025\/10\/8-1-300x200.jpg 300w, https:\/\/lequotidien.mr\/wp-content\/uploads\/2025\/10\/8-1-1024x683.jpg 1024w, https:\/\/lequotidien.mr\/wp-content\/uploads\/2025\/10\/8-1-768x512.jpg 768w, https:\/\/lequotidien.mr\/wp-content\/uploads\/2025\/10\/8-1-237x159.jpg 237w, https:\/\/lequotidien.mr\/wp-content\/uploads\/2025\/10\/8-1.jpg 1080w\" sizes=\"auto, (max-width: 300px) 100vw, 300px\" \/> <img loading=\"lazy\" decoding=\"async\" class=\"alignnone size-medium wp-image-31466\" src=\"https:\/\/lequotidien.mr\/wp-content\/uploads\/2025\/10\/9-1-300x200.jpg\" alt=\"\" width=\"300\" height=\"200\" srcset=\"https:\/\/lequotidien.mr\/wp-content\/uploads\/2025\/10\/9-1-300x200.jpg 300w, https:\/\/lequotidien.mr\/wp-content\/uploads\/2025\/10\/9-1-1024x683.jpg 1024w, https:\/\/lequotidien.mr\/wp-content\/uploads\/2025\/10\/9-1-768x512.jpg 768w, https:\/\/lequotidien.mr\/wp-content\/uploads\/2025\/10\/9-1-237x159.jpg 237w, https:\/\/lequotidien.mr\/wp-content\/uploads\/2025\/10\/9-1.jpg 1080w\" sizes=\"auto, (max-width: 300px) 100vw, 300px\" \/> <img loading=\"lazy\" decoding=\"async\" class=\"alignnone size-medium wp-image-31467\" src=\"https:\/\/lequotidien.mr\/wp-content\/uploads\/2025\/10\/1-1-300x200.jpg\" alt=\"\" width=\"300\" height=\"200\" srcset=\"https:\/\/lequotidien.mr\/wp-content\/uploads\/2025\/10\/1-1-300x200.jpg 300w, https:\/\/lequotidien.mr\/wp-content\/uploads\/2025\/10\/1-1-1024x683.jpg 1024w, https:\/\/lequotidien.mr\/wp-content\/uploads\/2025\/10\/1-1-768x512.jpg 768w, https:\/\/lequotidien.mr\/wp-content\/uploads\/2025\/10\/1-1-237x159.jpg 237w, https:\/\/lequotidien.mr\/wp-content\/uploads\/2025\/10\/1-1.jpg 1080w\" sizes=\"auto, (max-width: 300px) 100vw, 300px\" \/> <img loading=\"lazy\" decoding=\"async\" class=\"alignnone size-medium wp-image-31468\" src=\"https:\/\/lequotidien.mr\/wp-content\/uploads\/2025\/10\/2-1-300x200.jpg\" alt=\"\" width=\"300\" height=\"200\" srcset=\"https:\/\/lequotidien.mr\/wp-content\/uploads\/2025\/10\/2-1-300x200.jpg 300w, https:\/\/lequotidien.mr\/wp-content\/uploads\/2025\/10\/2-1-1024x683.jpg 1024w, https:\/\/lequotidien.mr\/wp-content\/uploads\/2025\/10\/2-1-768x512.jpg 768w, https:\/\/lequotidien.mr\/wp-content\/uploads\/2025\/10\/2-1-237x159.jpg 237w, https:\/\/lequotidien.mr\/wp-content\/uploads\/2025\/10\/2-1.jpg 1080w\" sizes=\"auto, (max-width: 300px) 100vw, 300px\" \/> <img loading=\"lazy\" decoding=\"async\" class=\"alignnone size-medium wp-image-31469\" src=\"https:\/\/lequotidien.mr\/wp-content\/uploads\/2025\/10\/3-1-300x200.jpg\" alt=\"\" width=\"300\" height=\"200\" srcset=\"https:\/\/lequotidien.mr\/wp-content\/uploads\/2025\/10\/3-1-300x200.jpg 300w, https:\/\/lequotidien.mr\/wp-content\/uploads\/2025\/10\/3-1-1024x683.jpg 1024w, https:\/\/lequotidien.mr\/wp-content\/uploads\/2025\/10\/3-1-768x512.jpg 768w, https:\/\/lequotidien.mr\/wp-content\/uploads\/2025\/10\/3-1-237x159.jpg 237w, https:\/\/lequotidien.mr\/wp-content\/uploads\/2025\/10\/3-1.jpg 1080w\" sizes=\"auto, (max-width: 300px) 100vw, 300px\" \/> <img loading=\"lazy\" decoding=\"async\" class=\"alignnone size-medium wp-image-31470\" src=\"https:\/\/lequotidien.mr\/wp-content\/uploads\/2025\/10\/4-1-300x200.jpg\" alt=\"\" width=\"300\" height=\"200\" srcset=\"https:\/\/lequotidien.mr\/wp-content\/uploads\/2025\/10\/4-1-300x200.jpg 300w, https:\/\/lequotidien.mr\/wp-content\/uploads\/2025\/10\/4-1-1024x683.jpg 1024w, https:\/\/lequotidien.mr\/wp-content\/uploads\/2025\/10\/4-1-768x512.jpg 768w, https:\/\/lequotidien.mr\/wp-content\/uploads\/2025\/10\/4-1-237x159.jpg 237w, https:\/\/lequotidien.mr\/wp-content\/uploads\/2025\/10\/4-1.jpg 1080w\" sizes=\"auto, (max-width: 300px) 100vw, 300px\" \/> <img loading=\"lazy\" decoding=\"async\" class=\"alignnone size-medium wp-image-31471\" src=\"https:\/\/lequotidien.mr\/wp-content\/uploads\/2025\/10\/6-1-300x200.jpg\" alt=\"\" width=\"300\" height=\"200\" srcset=\"https:\/\/lequotidien.mr\/wp-content\/uploads\/2025\/10\/6-1-300x200.jpg 300w, https:\/\/lequotidien.mr\/wp-content\/uploads\/2025\/10\/6-1-1024x683.jpg 1024w, https:\/\/lequotidien.mr\/wp-content\/uploads\/2025\/10\/6-1-768x512.jpg 768w, https:\/\/lequotidien.mr\/wp-content\/uploads\/2025\/10\/6-1-237x159.jpg 237w, https:\/\/lequotidien.mr\/wp-content\/uploads\/2025\/10\/6-1.jpg 1080w\" sizes=\"auto, (max-width: 300px) 100vw, 300px\" \/> <img loading=\"lazy\" decoding=\"async\" class=\"alignnone size-medium wp-image-31472\" src=\"https:\/\/lequotidien.mr\/wp-content\/uploads\/2025\/10\/7-1-300x200.jpg\" alt=\"\" width=\"300\" height=\"200\" srcset=\"https:\/\/lequotidien.mr\/wp-content\/uploads\/2025\/10\/7-1-300x200.jpg 300w, https:\/\/lequotidien.mr\/wp-content\/uploads\/2025\/10\/7-1-1024x683.jpg 1024w, https:\/\/lequotidien.mr\/wp-content\/uploads\/2025\/10\/7-1-768x512.jpg 768w, https:\/\/lequotidien.mr\/wp-content\/uploads\/2025\/10\/7-1-237x159.jpg 237w, https:\/\/lequotidien.mr\/wp-content\/uploads\/2025\/10\/7-1.jpg 1080w\" sizes=\"auto, (max-width: 300px) 100vw, 300px\" \/><\/p>\n","protected":false},"excerpt":{"rendered":"<p>Akjoujt, Mauritanie \u2013 6 octobre 2025 \u2013 Fid\u00e8le \u00e0 son engagement en faveur du d\u00e9veloppement durable et du renforcement du syst\u00e8me \u00e9ducatif mauritanien, Tasiast Mauritanie Limited S.A. (Tasiast) a proc\u00e9d\u00e9, \u00e0 travers son Fonds Tasiast, \u00e0 la remise officielle de nouvelles infrastructures scolaires \u00e0 Akjoujt, chef-lieu de la r\u00e9gion de l\u2019Inchiri. La c\u00e9r\u00e9monie de remise&#8230;..<\/p>\n","protected":false},"author":13,"featured_media":31464,"comment_status":"open","ping_status":"open","sticky":false,"template":"","format":"standard","meta":{"footnotes":""},"categories":[23,55],"tags":[],"class_list":["post-31463","post","type-post","status-publish","format-standard","has-post-thumbnail","hentry","category-actualite","category-culture"],"yoast_head":"<!-- This site is optimized with the Yoast SEO plugin v27.5 - https:\/\/yoast.com\/product\/yoast-seo-wordpress\/ -->\n<title>Tasiast renforce son engagement pour l\u2019\u00e9ducation \u00e0 l\u2019Inchiri avec de nouvelles infrastructures scolaires \u00e0 Akjoujt - Le Quotidien de Nouakchott<\/title>\n<meta name=\"robots\" content=\"index, follow, max-snippet:-1, max-image-preview:large, max-video-preview:-1\" \/>\n<link rel=\"canonical\" href=\"https:\/\/lequotidien.mr\/?p=31463&lang=fr\" \/>\n<meta property=\"og:locale\" content=\"ar_AR\" \/>\n<meta property=\"og:type\" content=\"article\" \/>\n<meta property=\"og:title\" content=\"Tasiast renforce son engagement pour l\u2019\u00e9ducation \u00e0 l\u2019Inchiri avec de nouvelles infrastructures scolaires \u00e0 Akjoujt - Le Quotidien de Nouakchott\" \/>\n<meta property=\"og:description\" content=\"Akjoujt, Mauritanie \u2013 6 octobre 2025 \u2013 Fid\u00e8le \u00e0 son engagement en faveur du d\u00e9veloppement durable et du renforcement du syst\u00e8me \u00e9ducatif mauritanien, Tasiast Mauritanie Limited S.A. (Tasiast) a proc\u00e9d\u00e9, \u00e0 travers son Fonds Tasiast, \u00e0 la remise officielle de nouvelles infrastructures scolaires \u00e0 Akjoujt, chef-lieu de la r\u00e9gion de l\u2019Inchiri. La c\u00e9r\u00e9monie de remise.....\" \/>\n<meta property=\"og:url\" content=\"https:\/\/lequotidien.mr\/?p=31463&amp;lang=fr\" \/>\n<meta property=\"og:site_name\" content=\"Le Quotidien de Nouakchott\" \/>\n<meta property=\"article:publisher\" content=\"https:\/\/web.facebook.com\/lequotidienmr\" \/>\n<meta property=\"article:published_time\" content=\"2025-10-06T15:09:08+00:00\" \/>\n<meta property=\"og:image\" content=\"https:\/\/lequotidien.mr\/wp-content\/uploads\/2025\/10\/5-1.jpg\" \/>\n\t<meta property=\"og:image:width\" content=\"1080\" \/>\n\t<meta property=\"og:image:height\" content=\"720\" \/>\n\t<meta property=\"og:image:type\" content=\"image\/jpeg\" \/>\n<meta name=\"author\" content=\"Fatimetou Ethemane\" \/>\n<meta name=\"twitter:card\" content=\"summary_large_image\" \/>\n<meta name=\"twitter:creator\" content=\"@lequotidienmr\" \/>\n<meta name=\"twitter:site\" content=\"@lequotidienmr\" \/>\n<meta name=\"twitter:label1\" content=\"\u0643\u064f\u062a\u0628 \u0628\u0648\u0627\u0633\u0637\u0629\" \/>\n\t<meta name=\"twitter:data1\" content=\"Fatimetou Ethemane\" \/>\n\t<meta name=\"twitter:label2\" content=\"\u0648\u0642\u062a \u0627\u0644\u0642\u0631\u0627\u0621\u0629 \u0627\u0644\u0645\u064f\u0642\u062f\u0651\u0631\" \/>\n\t<meta name=\"twitter:data2\" content=\"5 \u062f\u0642\u0627\u0626\u0642\" \/>\n<script type=\"application\/ld+json\" class=\"yoast-schema-graph\">{\"@context\":\"https:\\\/\\\/schema.org\",\"@graph\":[{\"@type\":\"Article\",\"@id\":\"https:\\\/\\\/lequotidien.mr\\\/?p=31463&lang=fr#article\",\"isPartOf\":{\"@id\":\"https:\\\/\\\/lequotidien.mr\\\/?p=31463&lang=fr\"},\"author\":{\"name\":\"Fatimetou Ethemane\",\"@id\":\"https:\\\/\\\/lequotidien.mr\\\/#\\\/schema\\\/person\\\/0926dbaf41ffa88b64cf66855b9b2826\"},\"headline\":\"Tasiast renforce son engagement pour l\u2019\u00e9ducation \u00e0 l\u2019Inchiri avec de nouvelles infrastructures scolaires \u00e0 Akjoujt\",\"datePublished\":\"2025-10-06T15:09:08+00:00\",\"mainEntityOfPage\":{\"@id\":\"https:\\\/\\\/lequotidien.mr\\\/?p=31463&lang=fr\"},\"wordCount\":560,\"commentCount\":0,\"publisher\":{\"@id\":\"https:\\\/\\\/lequotidien.mr\\\/#organization\"},\"image\":{\"@id\":\"https:\\\/\\\/lequotidien.mr\\\/?p=31463&lang=fr#primaryimage\"},\"thumbnailUrl\":\"https:\\\/\\\/lequotidien.mr\\\/wp-content\\\/uploads\\\/2025\\\/10\\\/5-1.jpg\",\"articleSection\":[\"ACTUALIT\u00c9\",\"Culture\"],\"inLanguage\":\"ar\",\"potentialAction\":[{\"@type\":\"CommentAction\",\"name\":\"Comment\",\"target\":[\"https:\\\/\\\/lequotidien.mr\\\/?p=31463&lang=fr#respond\"]}]},{\"@type\":\"WebPage\",\"@id\":\"https:\\\/\\\/lequotidien.mr\\\/?p=31463&lang=fr\",\"url\":\"https:\\\/\\\/lequotidien.mr\\\/?p=31463&lang=fr\",\"name\":\"Tasiast renforce son engagement pour l\u2019\u00e9ducation \u00e0 l\u2019Inchiri avec de nouvelles infrastructures scolaires \u00e0 Akjoujt - Le Quotidien de Nouakchott\",\"isPartOf\":{\"@id\":\"https:\\\/\\\/lequotidien.mr\\\/#website\"},\"primaryImageOfPage\":{\"@id\":\"https:\\\/\\\/lequotidien.mr\\\/?p=31463&lang=fr#primaryimage\"},\"image\":{\"@id\":\"https:\\\/\\\/lequotidien.mr\\\/?p=31463&lang=fr#primaryimage\"},\"thumbnailUrl\":\"https:\\\/\\\/lequotidien.mr\\\/wp-content\\\/uploads\\\/2025\\\/10\\\/5-1.jpg\",\"datePublished\":\"2025-10-06T15:09:08+00:00\",\"breadcrumb\":{\"@id\":\"https:\\\/\\\/lequotidien.mr\\\/?p=31463&lang=fr#breadcrumb\"},\"inLanguage\":\"ar\",\"potentialAction\":[{\"@type\":\"ReadAction\",\"target\":[\"https:\\\/\\\/lequotidien.mr\\\/?p=31463&lang=fr\"]}]},{\"@type\":\"ImageObject\",\"inLanguage\":\"ar\",\"@id\":\"https:\\\/\\\/lequotidien.mr\\\/?p=31463&lang=fr#primaryimage\",\"url\":\"https:\\\/\\\/lequotidien.mr\\\/wp-content\\\/uploads\\\/2025\\\/10\\\/5-1.jpg\",\"contentUrl\":\"https:\\\/\\\/lequotidien.mr\\\/wp-content\\\/uploads\\\/2025\\\/10\\\/5-1.jpg\",\"width\":1080,\"height\":720},{\"@type\":\"BreadcrumbList\",\"@id\":\"https:\\\/\\\/lequotidien.mr\\\/?p=31463&lang=fr#breadcrumb\",\"itemListElement\":[{\"@type\":\"ListItem\",\"position\":1,\"name\":\"Home\",\"item\":\"https:\\\/\\\/lequotidien.mr\\\/\"},{\"@type\":\"ListItem\",\"position\":2,\"name\":\"Tasiast renforce son engagement pour l\u2019\u00e9ducation \u00e0 l\u2019Inchiri avec de nouvelles infrastructures scolaires \u00e0 Akjoujt\"}]},{\"@type\":\"WebSite\",\"@id\":\"https:\\\/\\\/lequotidien.mr\\\/#website\",\"url\":\"https:\\\/\\\/lequotidien.mr\\\/\",\"name\":\"Le Quotidien de Nouakchott\",\"description\":\"\u0625\u062e\u0628\u0627\u0631\u064a\u0629 \u0645\u0633\u062a\u0642\u0644\u0629 \u0644\u0644\u0623\u0646\u0628\u0627\u0621 \u0627\u0644\u0639\u0627\u0645\u0629\",\"publisher\":{\"@id\":\"https:\\\/\\\/lequotidien.mr\\\/#organization\"},\"potentialAction\":[{\"@type\":\"SearchAction\",\"target\":{\"@type\":\"EntryPoint\",\"urlTemplate\":\"https:\\\/\\\/lequotidien.mr\\\/?s={search_term_string}\"},\"query-input\":{\"@type\":\"PropertyValueSpecification\",\"valueRequired\":true,\"valueName\":\"search_term_string\"}}],\"inLanguage\":\"ar\"},{\"@type\":\"Organization\",\"@id\":\"https:\\\/\\\/lequotidien.mr\\\/#organization\",\"name\":\"Le Quotidien de Nouakchott\",\"url\":\"https:\\\/\\\/lequotidien.mr\\\/\",\"logo\":{\"@type\":\"ImageObject\",\"inLanguage\":\"ar\",\"@id\":\"https:\\\/\\\/lequotidien.mr\\\/#\\\/schema\\\/logo\\\/image\\\/\",\"url\":\"https:\\\/\\\/lequotidien.mr\\\/wp-content\\\/uploads\\\/2022\\\/11\\\/logolequotidien.jpg\",\"contentUrl\":\"https:\\\/\\\/lequotidien.mr\\\/wp-content\\\/uploads\\\/2022\\\/11\\\/logolequotidien.jpg\",\"width\":290,\"height\":65,\"caption\":\"Le Quotidien de Nouakchott\"},\"image\":{\"@id\":\"https:\\\/\\\/lequotidien.mr\\\/#\\\/schema\\\/logo\\\/image\\\/\"},\"sameAs\":[\"https:\\\/\\\/web.facebook.com\\\/lequotidienmr\",\"https:\\\/\\\/x.com\\\/lequotidienmr\"]},{\"@type\":\"Person\",\"@id\":\"https:\\\/\\\/lequotidien.mr\\\/#\\\/schema\\\/person\\\/0926dbaf41ffa88b64cf66855b9b2826\",\"name\":\"Fatimetou Ethemane\",\"image\":{\"@type\":\"ImageObject\",\"inLanguage\":\"ar\",\"@id\":\"https:\\\/\\\/secure.gravatar.com\\\/avatar\\\/38fea9097a5e574debe9801202088f6f4429fdac0912587175811aad50d9706e?s=96&d=mm&r=g\",\"url\":\"https:\\\/\\\/secure.gravatar.com\\\/avatar\\\/38fea9097a5e574debe9801202088f6f4429fdac0912587175811aad50d9706e?s=96&d=mm&r=g\",\"contentUrl\":\"https:\\\/\\\/secure.gravatar.com\\\/avatar\\\/38fea9097a5e574debe9801202088f6f4429fdac0912587175811aad50d9706e?s=96&d=mm&r=g\",\"caption\":\"Fatimetou Ethemane\"},\"sameAs\":[\"http:\\\/\\\/lequotidien.mr\"],\"url\":\"https:\\\/\\\/lequotidien.mr\\\/?author=13\"}]}<\/script>\n<!-- \/ Yoast SEO plugin. -->","yoast_head_json":{"title":"Tasiast renforce son engagement pour l\u2019\u00e9ducation \u00e0 l\u2019Inchiri avec de nouvelles infrastructures scolaires \u00e0 Akjoujt - Le Quotidien de Nouakchott","robots":{"index":"index","follow":"follow","max-snippet":"max-snippet:-1","max-image-preview":"max-image-preview:large","max-video-preview":"max-video-preview:-1"},"canonical":"https:\/\/lequotidien.mr\/?p=31463&lang=fr","og_locale":"ar_AR","og_type":"article","og_title":"Tasiast renforce son engagement pour l\u2019\u00e9ducation \u00e0 l\u2019Inchiri avec de nouvelles infrastructures scolaires \u00e0 Akjoujt - Le Quotidien de Nouakchott","og_description":"Akjoujt, Mauritanie \u2013 6 octobre 2025 \u2013 Fid\u00e8le \u00e0 son engagement en faveur du d\u00e9veloppement durable et du renforcement du syst\u00e8me \u00e9ducatif mauritanien, Tasiast Mauritanie Limited S.A. (Tasiast) a proc\u00e9d\u00e9, \u00e0 travers son Fonds Tasiast, \u00e0 la remise officielle de nouvelles infrastructures scolaires \u00e0 Akjoujt, chef-lieu de la r\u00e9gion de l\u2019Inchiri. La c\u00e9r\u00e9monie de remise.....","og_url":"https:\/\/lequotidien.mr\/?p=31463&lang=fr","og_site_name":"Le Quotidien de Nouakchott","article_publisher":"https:\/\/web.facebook.com\/lequotidienmr","article_published_time":"2025-10-06T15:09:08+00:00","og_image":[{"width":1080,"height":720,"url":"https:\/\/lequotidien.mr\/wp-content\/uploads\/2025\/10\/5-1.jpg","type":"image\/jpeg"}],"author":"Fatimetou Ethemane","twitter_card":"summary_large_image","twitter_creator":"@lequotidienmr","twitter_site":"@lequotidienmr","twitter_misc":{"\u0643\u064f\u062a\u0628 \u0628\u0648\u0627\u0633\u0637\u0629":"Fatimetou Ethemane","\u0648\u0642\u062a \u0627\u0644\u0642\u0631\u0627\u0621\u0629 \u0627\u0644\u0645\u064f\u0642\u062f\u0651\u0631":"5 \u062f\u0642\u0627\u0626\u0642"},"schema":{"@context":"https:\/\/schema.org","@graph":[{"@type":"Article","@id":"https:\/\/lequotidien.mr\/?p=31463&lang=fr#article","isPartOf":{"@id":"https:\/\/lequotidien.mr\/?p=31463&lang=fr"},"author":{"name":"Fatimetou Ethemane","@id":"https:\/\/lequotidien.mr\/#\/schema\/person\/0926dbaf41ffa88b64cf66855b9b2826"},"headline":"Tasiast renforce son engagement pour l\u2019\u00e9ducation \u00e0 l\u2019Inchiri avec de nouvelles infrastructures scolaires \u00e0 Akjoujt","datePublished":"2025-10-06T15:09:08+00:00","mainEntityOfPage":{"@id":"https:\/\/lequotidien.mr\/?p=31463&lang=fr"},"wordCount":560,"commentCount":0,"publisher":{"@id":"https:\/\/lequotidien.mr\/#organization"},"image":{"@id":"https:\/\/lequotidien.mr\/?p=31463&lang=fr#primaryimage"},"thumbnailUrl":"https:\/\/lequotidien.mr\/wp-content\/uploads\/2025\/10\/5-1.jpg","articleSection":["ACTUALIT\u00c9","Culture"],"inLanguage":"ar","potentialAction":[{"@type":"CommentAction","name":"Comment","target":["https:\/\/lequotidien.mr\/?p=31463&lang=fr#respond"]}]},{"@type":"WebPage","@id":"https:\/\/lequotidien.mr\/?p=31463&lang=fr","url":"https:\/\/lequotidien.mr\/?p=31463&lang=fr","name":"Tasiast renforce son engagement pour l\u2019\u00e9ducation \u00e0 l\u2019Inchiri avec de nouvelles infrastructures scolaires \u00e0 Akjoujt - Le Quotidien de Nouakchott","isPartOf":{"@id":"https:\/\/lequotidien.mr\/#website"},"primaryImageOfPage":{"@id":"https:\/\/lequotidien.mr\/?p=31463&lang=fr#primaryimage"},"image":{"@id":"https:\/\/lequotidien.mr\/?p=31463&lang=fr#primaryimage"},"thumbnailUrl":"https:\/\/lequotidien.mr\/wp-content\/uploads\/2025\/10\/5-1.jpg","datePublished":"2025-10-06T15:09:08+00:00","breadcrumb":{"@id":"https:\/\/lequotidien.mr\/?p=31463&lang=fr#breadcrumb"},"inLanguage":"ar","potentialAction":[{"@type":"ReadAction","target":["https:\/\/lequotidien.mr\/?p=31463&lang=fr"]}]},{"@type":"ImageObject","inLanguage":"ar","@id":"https:\/\/lequotidien.mr\/?p=31463&lang=fr#primaryimage","url":"https:\/\/lequotidien.mr\/wp-content\/uploads\/2025\/10\/5-1.jpg","contentUrl":"https:\/\/lequotidien.mr\/wp-content\/uploads\/2025\/10\/5-1.jpg","width":1080,"height":720},{"@type":"BreadcrumbList","@id":"https:\/\/lequotidien.mr\/?p=31463&lang=fr#breadcrumb","itemListElement":[{"@type":"ListItem","position":1,"name":"Home","item":"https:\/\/lequotidien.mr\/"},{"@type":"ListItem","position":2,"name":"Tasiast renforce son engagement pour l\u2019\u00e9ducation \u00e0 l\u2019Inchiri avec de nouvelles infrastructures scolaires \u00e0 Akjoujt"}]},{"@type":"WebSite","@id":"https:\/\/lequotidien.mr\/#website","url":"https:\/\/lequotidien.mr\/","name":"Le Quotidien de Nouakchott","description":"\u0625\u062e\u0628\u0627\u0631\u064a\u0629 \u0645\u0633\u062a\u0642\u0644\u0629 \u0644\u0644\u0623\u0646\u0628\u0627\u0621 \u0627\u0644\u0639\u0627\u0645\u0629","publisher":{"@id":"https:\/\/lequotidien.mr\/#organization"},"potentialAction":[{"@type":"SearchAction","target":{"@type":"EntryPoint","urlTemplate":"https:\/\/lequotidien.mr\/?s={search_term_string}"},"query-input":{"@type":"PropertyValueSpecification","valueRequired":true,"valueName":"search_term_string"}}],"inLanguage":"ar"},{"@type":"Organization","@id":"https:\/\/lequotidien.mr\/#organization","name":"Le Quotidien de Nouakchott","url":"https:\/\/lequotidien.mr\/","logo":{"@type":"ImageObject","inLanguage":"ar","@id":"https:\/\/lequotidien.mr\/#\/schema\/logo\/image\/","url":"https:\/\/lequotidien.mr\/wp-content\/uploads\/2022\/11\/logolequotidien.jpg","contentUrl":"https:\/\/lequotidien.mr\/wp-content\/uploads\/2022\/11\/logolequotidien.jpg","width":290,"height":65,"caption":"Le Quotidien de Nouakchott"},"image":{"@id":"https:\/\/lequotidien.mr\/#\/schema\/logo\/image\/"},"sameAs":["https:\/\/web.facebook.com\/lequotidienmr","https:\/\/x.com\/lequotidienmr"]},{"@type":"Person","@id":"https:\/\/lequotidien.mr\/#\/schema\/person\/0926dbaf41ffa88b64cf66855b9b2826","name":"Fatimetou Ethemane","image":{"@type":"ImageObject","inLanguage":"ar","@id":"https:\/\/secure.gravatar.com\/avatar\/38fea9097a5e574debe9801202088f6f4429fdac0912587175811aad50d9706e?s=96&d=mm&r=g","url":"https:\/\/secure.gravatar.com\/avatar\/38fea9097a5e574debe9801202088f6f4429fdac0912587175811aad50d9706e?s=96&d=mm&r=g","contentUrl":"https:\/\/secure.gravatar.com\/avatar\/38fea9097a5e574debe9801202088f6f4429fdac0912587175811aad50d9706e?s=96&d=mm&r=g","caption":"Fatimetou Ethemane"},"sameAs":["http:\/\/lequotidien.mr"],"url":"https:\/\/lequotidien.mr\/?author=13"}]}},"_links":{"self":[{"href":"https:\/\/lequotidien.mr\/index.php?rest_route=\/wp\/v2\/posts\/31463","targetHints":{"allow":["GET"]}}],"collection":[{"href":"https:\/\/lequotidien.mr\/index.php?rest_route=\/wp\/v2\/posts"}],"about":[{"href":"https:\/\/lequotidien.mr\/index.php?rest_route=\/wp\/v2\/types\/post"}],"author":[{"embeddable":true,"href":"https:\/\/lequotidien.mr\/index.php?rest_route=\/wp\/v2\/users\/13"}],"replies":[{"embeddable":true,"href":"https:\/\/lequotidien.mr\/index.php?rest_route=%2Fwp%2Fv2%2Fcomments&post=31463"}],"version-history":[{"count":1,"href":"https:\/\/lequotidien.mr\/index.php?rest_route=\/wp\/v2\/posts\/31463\/revisions"}],"predecessor-version":[{"id":31473,"href":"https:\/\/lequotidien.mr\/index.php?rest_route=\/wp\/v2\/posts\/31463\/revisions\/31473"}],"wp:featuredmedia":[{"embeddable":true,"href":"https:\/\/lequotidien.mr\/index.php?rest_route=\/wp\/v2\/media\/31464"}],"wp:attachment":[{"href":"https:\/\/lequotidien.mr\/index.php?rest_route=%2Fwp%2Fv2%2Fmedia&parent=31463"}],"wp:term":[{"taxonomy":"category","embeddable":true,"href":"https:\/\/lequotidien.mr\/index.php?rest_route=%2Fwp%2Fv2%2Fcategories&post=31463"},{"taxonomy":"post_tag","embeddable":true,"href":"https:\/\/lequotidien.mr\/index.php?rest_route=%2Fwp%2Fv2%2Ftags&post=31463"}],"curies":[{"name":"wp","href":"https:\/\/api.w.org\/{rel}","templated":true}]}}