{"id":31437,"date":"2025-10-06T11:02:06","date_gmt":"2025-10-06T11:02:06","guid":{"rendered":"https:\/\/lequotidien.mr\/?p=31437"},"modified":"2025-10-06T11:02:06","modified_gmt":"2025-10-06T11:02:06","slug":"echos-de-la-rentree-scolaire-25-26-taazour-lance-une-campagne-de-volontariat-de-nettoyage-des-ecoles-du-primaire-et-du-secondaire","status":"publish","type":"post","link":"https:\/\/lequotidien.mr\/?p=31437&lang=fr","title":{"rendered":"\u00c9chos de la rentr\u00e9e scolaire 25-26 : Taazour lance une campagne de volontariat de nettoyage des \u00e9coles du primaire et du secondaire"},"content":{"rendered":"<p>Le <strong>D\u00e9l\u00e9gu\u00e9 G\u00e9n\u00e9ral \u00e0 la Solidarit\u00e9 Nationale et \u00e0 la Lutte contre l\u2019Exclusion (Taazour), M. Cheikh Bedde<\/strong>, a pr\u00e9sid\u00e9, ce dimanche matin, le lancement d&#8217;une campagne nationale de volontariat d\u00e9di\u00e9e au nettoyage des \u00e9coles primaires et secondaires sur l&#8217;ensemble du territoire national. Le coup d&#8217;envoi de cette op\u00e9ration a \u00e9t\u00e9 donn\u00e9 depuis l&#8217;\u00e9cole Khadija Bint Khuwaylid dans la moughataa de Dar Na\u00efm, en pr\u00e9sence des membres de la communaut\u00e9 Taazour.<\/p>\n<p>En marge de la c\u00e9r\u00e9monie de lancement, <strong>M. Taleb Khiyar Cheikh Malainine, coordinateur du programme de transferts mon\u00e9taires au sein de Taazour<\/strong>, a soulign\u00e9 que cette campagne s&#8217;inscrit dans le cadre de la mise en \u0153uvre des instructions du Pr\u00e9sident de la R\u00e9publique, M. Mohamed Cheikh El Ghazouani. Ces directives visent \u00e0 garantir des conditions d&#8217;accueil appropri\u00e9es et un environnement sain pour les \u00e9l\u00e8ves d\u00e8s le d\u00e9but de l&#8217;ann\u00e9e scolaire 2025-2026.<\/p>\n<p>Le coordinateur a pr\u00e9cis\u00e9 que Taazour a mobilis\u00e9, en plus de la force vive repr\u00e9sent\u00e9e par l&#8217;ensemble de sa \u00ab communaut\u00e9 \u00bb \u00e0 travers le pays, tous les moyens logistiques n\u00e9cessaires \u00e0 la r\u00e9ussite de cette op\u00e9ration. Des \u00e9quipements tels que des brouettes et divers outils de nettoyage ont ainsi \u00e9t\u00e9 mis \u00e0 disposition pour assurer l&#8217;efficacit\u00e9 des travaux.<\/p>\n<p>Cette campagne, qui s&#8217;\u00e9talera sur plusieurs jours, a pour objectifs principaux de nettoyer les \u00e9tablissements scolaires et leurs abords, et de promouvoir la culture du b\u00e9n\u00e9volat et de l&#8217;action collective pour le bien public.<\/p>\n<p>Le <strong>maire de la commune de Dar Na\u00efm, M. Momme El Kotob Ould Momme<\/strong>, a exprim\u00e9 sa profonde gratitude envers Taazour pour cette initiative qui vise \u00e0 soutenir les communes dans la pr\u00e9paration de la rentr\u00e9e scolaire. Il a \u00e9galement salu\u00e9 l&#8217;engagement des citoyens, particuli\u00e8rement des membres de la communaut\u00e9 Taazour, qui ont r\u00e9pondu pr\u00e9sents pour cette action d&#8217;int\u00e9r\u00eat g\u00e9n\u00e9ral.<\/p>\n<p>\u00ab J&#8217;insiste sur le besoin permanent de propret\u00e9 dans nos \u00e9coles et leurs environs, et sur la n\u00e9cessit\u00e9 de diffuser la culture du volontariat dans tous les milieux sociaux \u00bb, a d\u00e9clar\u00e9 l&#8217;\u00e9dile, soulignant l&#8217;importance d&#8217;une telle mobilisation pour la communaut\u00e9.<\/p>\n<p>A travers cette campagne, Taazour r\u00e9affirme son r\u00f4le dans la mobilisation citoyenne et la solidarit\u00e9 nationale. En associant l&#8217;effort logistique \u00e0 l&#8217;engagement humain, cette op\u00e9ration vise non seulement \u00e0 pr\u00e9parer le cadre de vie des \u00e9l\u00e8ves, mais aussi \u00e0 renforcer les valeurs d&#8217;entraide et de responsabilit\u00e9 collective envers le service public, \u00e0 la veille d&#8217;une ann\u00e9e scolaire cruciale.<\/p>\n<p>&nbsp;<\/p>\n","protected":false},"excerpt":{"rendered":"<p>Le D\u00e9l\u00e9gu\u00e9 G\u00e9n\u00e9ral \u00e0 la Solidarit\u00e9 Nationale et \u00e0 la Lutte contre l\u2019Exclusion (Taazour), M. Cheikh Bedde, a pr\u00e9sid\u00e9, ce dimanche matin, le lancement d&#8217;une campagne nationale de volontariat d\u00e9di\u00e9e au nettoyage des \u00e9coles primaires et secondaires sur l&#8217;ensemble du territoire national. Le coup d&#8217;envoi de cette op\u00e9ration a \u00e9t\u00e9 donn\u00e9 depuis l&#8217;\u00e9cole Khadija Bint&#8230;..<\/p>\n","protected":false},"author":12,"featured_media":31438,"comment_status":"open","ping_status":"open","sticky":false,"template":"","format":"standard","meta":{"footnotes":""},"categories":[23,55],"tags":[],"class_list":["post-31437","post","type-post","status-publish","format-standard","has-post-thumbnail","hentry","category-actualite","category-culture"],"yoast_head":"<!-- This site is optimized with the Yoast SEO plugin v27.5 - https:\/\/yoast.com\/product\/yoast-seo-wordpress\/ -->\n<title>\u00c9chos de la rentr\u00e9e scolaire 25-26 : Taazour lance une campagne de volontariat de nettoyage des \u00e9coles du primaire et du secondaire - Le Quotidien de Nouakchott<\/title>\n<meta name=\"robots\" content=\"index, follow, max-snippet:-1, max-image-preview:large, max-video-preview:-1\" \/>\n<link rel=\"canonical\" href=\"https:\/\/lequotidien.mr\/?p=31437&lang=fr\" \/>\n<meta property=\"og:locale\" content=\"ar_AR\" \/>\n<meta property=\"og:type\" content=\"article\" \/>\n<meta property=\"og:title\" content=\"\u00c9chos de la rentr\u00e9e scolaire 25-26 : Taazour lance une campagne de volontariat de nettoyage des \u00e9coles du primaire et du secondaire - Le Quotidien de Nouakchott\" \/>\n<meta property=\"og:description\" content=\"Le D\u00e9l\u00e9gu\u00e9 G\u00e9n\u00e9ral \u00e0 la Solidarit\u00e9 Nationale et \u00e0 la Lutte contre l\u2019Exclusion (Taazour), M. Cheikh Bedde, a pr\u00e9sid\u00e9, ce dimanche matin, le lancement d&#8217;une campagne nationale de volontariat d\u00e9di\u00e9e au nettoyage des \u00e9coles primaires et secondaires sur l&#8217;ensemble du territoire national. Le coup d&#8217;envoi de cette op\u00e9ration a \u00e9t\u00e9 donn\u00e9 depuis l&#8217;\u00e9cole Khadija Bint.....\" \/>\n<meta property=\"og:url\" content=\"https:\/\/lequotidien.mr\/?p=31437&amp;lang=fr\" \/>\n<meta property=\"og:site_name\" content=\"Le Quotidien de Nouakchott\" \/>\n<meta property=\"article:publisher\" content=\"https:\/\/web.facebook.com\/lequotidienmr\" \/>\n<meta property=\"article:published_time\" content=\"2025-10-06T11:02:06+00:00\" \/>\n<meta property=\"og:image\" content=\"https:\/\/lequotidien.mr\/wp-content\/uploads\/2025\/10\/photo-Taazour-nettoyage-ecoles.jpg\" \/>\n\t<meta property=\"og:image:width\" content=\"750\" \/>\n\t<meta property=\"og:image:height\" content=\"430\" \/>\n\t<meta property=\"og:image:type\" content=\"image\/jpeg\" \/>\n<meta name=\"author\" content=\"Med Ahmed\" \/>\n<meta name=\"twitter:card\" content=\"summary_large_image\" \/>\n<meta name=\"twitter:creator\" content=\"@lequotidienmr\" \/>\n<meta name=\"twitter:site\" content=\"@lequotidienmr\" \/>\n<meta name=\"twitter:label1\" content=\"\u0643\u064f\u062a\u0628 \u0628\u0648\u0627\u0633\u0637\u0629\" \/>\n\t<meta name=\"twitter:data1\" content=\"Med Ahmed\" \/>\n\t<meta name=\"twitter:label2\" content=\"\u0648\u0642\u062a \u0627\u0644\u0642\u0631\u0627\u0621\u0629 \u0627\u0644\u0645\u064f\u0642\u062f\u0651\u0631\" \/>\n\t<meta name=\"twitter:data2\" content=\"4 \u062f\u0642\u0627\u0626\u0642\" \/>\n<script type=\"application\/ld+json\" class=\"yoast-schema-graph\">{\"@context\":\"https:\\\/\\\/schema.org\",\"@graph\":[{\"@type\":\"Article\",\"@id\":\"https:\\\/\\\/lequotidien.mr\\\/?p=31437&lang=fr#article\",\"isPartOf\":{\"@id\":\"https:\\\/\\\/lequotidien.mr\\\/?p=31437&lang=fr\"},\"author\":{\"name\":\"Med Ahmed\",\"@id\":\"https:\\\/\\\/lequotidien.mr\\\/#\\\/schema\\\/person\\\/d2d350202a4d599685ed8abc25f97596\"},\"headline\":\"\u00c9chos de la rentr\u00e9e scolaire 25-26 : Taazour lance une campagne de volontariat de nettoyage des \u00e9coles du primaire et du secondaire\",\"datePublished\":\"2025-10-06T11:02:06+00:00\",\"mainEntityOfPage\":{\"@id\":\"https:\\\/\\\/lequotidien.mr\\\/?p=31437&lang=fr\"},\"wordCount\":469,\"commentCount\":0,\"publisher\":{\"@id\":\"https:\\\/\\\/lequotidien.mr\\\/#organization\"},\"image\":{\"@id\":\"https:\\\/\\\/lequotidien.mr\\\/?p=31437&lang=fr#primaryimage\"},\"thumbnailUrl\":\"https:\\\/\\\/lequotidien.mr\\\/wp-content\\\/uploads\\\/2025\\\/10\\\/photo-Taazour-nettoyage-ecoles.jpg\",\"articleSection\":[\"ACTUALIT\u00c9\",\"Culture\"],\"inLanguage\":\"ar\",\"potentialAction\":[{\"@type\":\"CommentAction\",\"name\":\"Comment\",\"target\":[\"https:\\\/\\\/lequotidien.mr\\\/?p=31437&lang=fr#respond\"]}]},{\"@type\":\"WebPage\",\"@id\":\"https:\\\/\\\/lequotidien.mr\\\/?p=31437&lang=fr\",\"url\":\"https:\\\/\\\/lequotidien.mr\\\/?p=31437&lang=fr\",\"name\":\"\u00c9chos de la rentr\u00e9e scolaire 25-26 : Taazour lance une campagne de volontariat de nettoyage des \u00e9coles du primaire et du secondaire - Le Quotidien de Nouakchott\",\"isPartOf\":{\"@id\":\"https:\\\/\\\/lequotidien.mr\\\/#website\"},\"primaryImageOfPage\":{\"@id\":\"https:\\\/\\\/lequotidien.mr\\\/?p=31437&lang=fr#primaryimage\"},\"image\":{\"@id\":\"https:\\\/\\\/lequotidien.mr\\\/?p=31437&lang=fr#primaryimage\"},\"thumbnailUrl\":\"https:\\\/\\\/lequotidien.mr\\\/wp-content\\\/uploads\\\/2025\\\/10\\\/photo-Taazour-nettoyage-ecoles.jpg\",\"datePublished\":\"2025-10-06T11:02:06+00:00\",\"breadcrumb\":{\"@id\":\"https:\\\/\\\/lequotidien.mr\\\/?p=31437&lang=fr#breadcrumb\"},\"inLanguage\":\"ar\",\"potentialAction\":[{\"@type\":\"ReadAction\",\"target\":[\"https:\\\/\\\/lequotidien.mr\\\/?p=31437&lang=fr\"]}]},{\"@type\":\"ImageObject\",\"inLanguage\":\"ar\",\"@id\":\"https:\\\/\\\/lequotidien.mr\\\/?p=31437&lang=fr#primaryimage\",\"url\":\"https:\\\/\\\/lequotidien.mr\\\/wp-content\\\/uploads\\\/2025\\\/10\\\/photo-Taazour-nettoyage-ecoles.jpg\",\"contentUrl\":\"https:\\\/\\\/lequotidien.mr\\\/wp-content\\\/uploads\\\/2025\\\/10\\\/photo-Taazour-nettoyage-ecoles.jpg\",\"width\":750,\"height\":430},{\"@type\":\"BreadcrumbList\",\"@id\":\"https:\\\/\\\/lequotidien.mr\\\/?p=31437&lang=fr#breadcrumb\",\"itemListElement\":[{\"@type\":\"ListItem\",\"position\":1,\"name\":\"Home\",\"item\":\"https:\\\/\\\/lequotidien.mr\\\/\"},{\"@type\":\"ListItem\",\"position\":2,\"name\":\"\u00c9chos de la rentr\u00e9e scolaire 25-26 : Taazour lance une campagne de volontariat de nettoyage des \u00e9coles du primaire et du secondaire\"}]},{\"@type\":\"WebSite\",\"@id\":\"https:\\\/\\\/lequotidien.mr\\\/#website\",\"url\":\"https:\\\/\\\/lequotidien.mr\\\/\",\"name\":\"Le Quotidien de Nouakchott\",\"description\":\"\u0625\u062e\u0628\u0627\u0631\u064a\u0629 \u0645\u0633\u062a\u0642\u0644\u0629 \u0644\u0644\u0623\u0646\u0628\u0627\u0621 \u0627\u0644\u0639\u0627\u0645\u0629\",\"publisher\":{\"@id\":\"https:\\\/\\\/lequotidien.mr\\\/#organization\"},\"potentialAction\":[{\"@type\":\"SearchAction\",\"target\":{\"@type\":\"EntryPoint\",\"urlTemplate\":\"https:\\\/\\\/lequotidien.mr\\\/?s={search_term_string}\"},\"query-input\":{\"@type\":\"PropertyValueSpecification\",\"valueRequired\":true,\"valueName\":\"search_term_string\"}}],\"inLanguage\":\"ar\"},{\"@type\":\"Organization\",\"@id\":\"https:\\\/\\\/lequotidien.mr\\\/#organization\",\"name\":\"Le Quotidien de Nouakchott\",\"url\":\"https:\\\/\\\/lequotidien.mr\\\/\",\"logo\":{\"@type\":\"ImageObject\",\"inLanguage\":\"ar\",\"@id\":\"https:\\\/\\\/lequotidien.mr\\\/#\\\/schema\\\/logo\\\/image\\\/\",\"url\":\"https:\\\/\\\/lequotidien.mr\\\/wp-content\\\/uploads\\\/2022\\\/11\\\/logolequotidien.jpg\",\"contentUrl\":\"https:\\\/\\\/lequotidien.mr\\\/wp-content\\\/uploads\\\/2022\\\/11\\\/logolequotidien.jpg\",\"width\":290,\"height\":65,\"caption\":\"Le Quotidien de Nouakchott\"},\"image\":{\"@id\":\"https:\\\/\\\/lequotidien.mr\\\/#\\\/schema\\\/logo\\\/image\\\/\"},\"sameAs\":[\"https:\\\/\\\/web.facebook.com\\\/lequotidienmr\",\"https:\\\/\\\/x.com\\\/lequotidienmr\"]},{\"@type\":\"Person\",\"@id\":\"https:\\\/\\\/lequotidien.mr\\\/#\\\/schema\\\/person\\\/d2d350202a4d599685ed8abc25f97596\",\"name\":\"Med Ahmed\",\"image\":{\"@type\":\"ImageObject\",\"inLanguage\":\"ar\",\"@id\":\"https:\\\/\\\/secure.gravatar.com\\\/avatar\\\/fd2acc62ed50732923d1d39c17172c9b04149f142be92310ecc69e1358f94b52?s=96&d=mm&r=g\",\"url\":\"https:\\\/\\\/secure.gravatar.com\\\/avatar\\\/fd2acc62ed50732923d1d39c17172c9b04149f142be92310ecc69e1358f94b52?s=96&d=mm&r=g\",\"contentUrl\":\"https:\\\/\\\/secure.gravatar.com\\\/avatar\\\/fd2acc62ed50732923d1d39c17172c9b04149f142be92310ecc69e1358f94b52?s=96&d=mm&r=g\",\"caption\":\"Med Ahmed\"},\"url\":\"https:\\\/\\\/lequotidien.mr\\\/?author=12\"}]}<\/script>\n<!-- \/ Yoast SEO plugin. -->","yoast_head_json":{"title":"\u00c9chos de la rentr\u00e9e scolaire 25-26 : Taazour lance une campagne de volontariat de nettoyage des \u00e9coles du primaire et du secondaire - Le Quotidien de Nouakchott","robots":{"index":"index","follow":"follow","max-snippet":"max-snippet:-1","max-image-preview":"max-image-preview:large","max-video-preview":"max-video-preview:-1"},"canonical":"https:\/\/lequotidien.mr\/?p=31437&lang=fr","og_locale":"ar_AR","og_type":"article","og_title":"\u00c9chos de la rentr\u00e9e scolaire 25-26 : Taazour lance une campagne de volontariat de nettoyage des \u00e9coles du primaire et du secondaire - Le Quotidien de Nouakchott","og_description":"Le D\u00e9l\u00e9gu\u00e9 G\u00e9n\u00e9ral \u00e0 la Solidarit\u00e9 Nationale et \u00e0 la Lutte contre l\u2019Exclusion (Taazour), M. Cheikh Bedde, a pr\u00e9sid\u00e9, ce dimanche matin, le lancement d&#8217;une campagne nationale de volontariat d\u00e9di\u00e9e au nettoyage des \u00e9coles primaires et secondaires sur l&#8217;ensemble du territoire national. Le coup d&#8217;envoi de cette op\u00e9ration a \u00e9t\u00e9 donn\u00e9 depuis l&#8217;\u00e9cole Khadija Bint.....","og_url":"https:\/\/lequotidien.mr\/?p=31437&lang=fr","og_site_name":"Le Quotidien de Nouakchott","article_publisher":"https:\/\/web.facebook.com\/lequotidienmr","article_published_time":"2025-10-06T11:02:06+00:00","og_image":[{"width":750,"height":430,"url":"https:\/\/lequotidien.mr\/wp-content\/uploads\/2025\/10\/photo-Taazour-nettoyage-ecoles.jpg","type":"image\/jpeg"}],"author":"Med Ahmed","twitter_card":"summary_large_image","twitter_creator":"@lequotidienmr","twitter_site":"@lequotidienmr","twitter_misc":{"\u0643\u064f\u062a\u0628 \u0628\u0648\u0627\u0633\u0637\u0629":"Med Ahmed","\u0648\u0642\u062a \u0627\u0644\u0642\u0631\u0627\u0621\u0629 \u0627\u0644\u0645\u064f\u0642\u062f\u0651\u0631":"4 \u062f\u0642\u0627\u0626\u0642"},"schema":{"@context":"https:\/\/schema.org","@graph":[{"@type":"Article","@id":"https:\/\/lequotidien.mr\/?p=31437&lang=fr#article","isPartOf":{"@id":"https:\/\/lequotidien.mr\/?p=31437&lang=fr"},"author":{"name":"Med Ahmed","@id":"https:\/\/lequotidien.mr\/#\/schema\/person\/d2d350202a4d599685ed8abc25f97596"},"headline":"\u00c9chos de la rentr\u00e9e scolaire 25-26 : Taazour lance une campagne de volontariat de nettoyage des \u00e9coles du primaire et du secondaire","datePublished":"2025-10-06T11:02:06+00:00","mainEntityOfPage":{"@id":"https:\/\/lequotidien.mr\/?p=31437&lang=fr"},"wordCount":469,"commentCount":0,"publisher":{"@id":"https:\/\/lequotidien.mr\/#organization"},"image":{"@id":"https:\/\/lequotidien.mr\/?p=31437&lang=fr#primaryimage"},"thumbnailUrl":"https:\/\/lequotidien.mr\/wp-content\/uploads\/2025\/10\/photo-Taazour-nettoyage-ecoles.jpg","articleSection":["ACTUALIT\u00c9","Culture"],"inLanguage":"ar","potentialAction":[{"@type":"CommentAction","name":"Comment","target":["https:\/\/lequotidien.mr\/?p=31437&lang=fr#respond"]}]},{"@type":"WebPage","@id":"https:\/\/lequotidien.mr\/?p=31437&lang=fr","url":"https:\/\/lequotidien.mr\/?p=31437&lang=fr","name":"\u00c9chos de la rentr\u00e9e scolaire 25-26 : Taazour lance une campagne de volontariat de nettoyage des \u00e9coles du primaire et du secondaire - Le Quotidien de Nouakchott","isPartOf":{"@id":"https:\/\/lequotidien.mr\/#website"},"primaryImageOfPage":{"@id":"https:\/\/lequotidien.mr\/?p=31437&lang=fr#primaryimage"},"image":{"@id":"https:\/\/lequotidien.mr\/?p=31437&lang=fr#primaryimage"},"thumbnailUrl":"https:\/\/lequotidien.mr\/wp-content\/uploads\/2025\/10\/photo-Taazour-nettoyage-ecoles.jpg","datePublished":"2025-10-06T11:02:06+00:00","breadcrumb":{"@id":"https:\/\/lequotidien.mr\/?p=31437&lang=fr#breadcrumb"},"inLanguage":"ar","potentialAction":[{"@type":"ReadAction","target":["https:\/\/lequotidien.mr\/?p=31437&lang=fr"]}]},{"@type":"ImageObject","inLanguage":"ar","@id":"https:\/\/lequotidien.mr\/?p=31437&lang=fr#primaryimage","url":"https:\/\/lequotidien.mr\/wp-content\/uploads\/2025\/10\/photo-Taazour-nettoyage-ecoles.jpg","contentUrl":"https:\/\/lequotidien.mr\/wp-content\/uploads\/2025\/10\/photo-Taazour-nettoyage-ecoles.jpg","width":750,"height":430},{"@type":"BreadcrumbList","@id":"https:\/\/lequotidien.mr\/?p=31437&lang=fr#breadcrumb","itemListElement":[{"@type":"ListItem","position":1,"name":"Home","item":"https:\/\/lequotidien.mr\/"},{"@type":"ListItem","position":2,"name":"\u00c9chos de la rentr\u00e9e scolaire 25-26 : Taazour lance une campagne de volontariat de nettoyage des \u00e9coles du primaire et du secondaire"}]},{"@type":"WebSite","@id":"https:\/\/lequotidien.mr\/#website","url":"https:\/\/lequotidien.mr\/","name":"Le Quotidien de Nouakchott","description":"\u0625\u062e\u0628\u0627\u0631\u064a\u0629 \u0645\u0633\u062a\u0642\u0644\u0629 \u0644\u0644\u0623\u0646\u0628\u0627\u0621 \u0627\u0644\u0639\u0627\u0645\u0629","publisher":{"@id":"https:\/\/lequotidien.mr\/#organization"},"potentialAction":[{"@type":"SearchAction","target":{"@type":"EntryPoint","urlTemplate":"https:\/\/lequotidien.mr\/?s={search_term_string}"},"query-input":{"@type":"PropertyValueSpecification","valueRequired":true,"valueName":"search_term_string"}}],"inLanguage":"ar"},{"@type":"Organization","@id":"https:\/\/lequotidien.mr\/#organization","name":"Le Quotidien de Nouakchott","url":"https:\/\/lequotidien.mr\/","logo":{"@type":"ImageObject","inLanguage":"ar","@id":"https:\/\/lequotidien.mr\/#\/schema\/logo\/image\/","url":"https:\/\/lequotidien.mr\/wp-content\/uploads\/2022\/11\/logolequotidien.jpg","contentUrl":"https:\/\/lequotidien.mr\/wp-content\/uploads\/2022\/11\/logolequotidien.jpg","width":290,"height":65,"caption":"Le Quotidien de Nouakchott"},"image":{"@id":"https:\/\/lequotidien.mr\/#\/schema\/logo\/image\/"},"sameAs":["https:\/\/web.facebook.com\/lequotidienmr","https:\/\/x.com\/lequotidienmr"]},{"@type":"Person","@id":"https:\/\/lequotidien.mr\/#\/schema\/person\/d2d350202a4d599685ed8abc25f97596","name":"Med Ahmed","image":{"@type":"ImageObject","inLanguage":"ar","@id":"https:\/\/secure.gravatar.com\/avatar\/fd2acc62ed50732923d1d39c17172c9b04149f142be92310ecc69e1358f94b52?s=96&d=mm&r=g","url":"https:\/\/secure.gravatar.com\/avatar\/fd2acc62ed50732923d1d39c17172c9b04149f142be92310ecc69e1358f94b52?s=96&d=mm&r=g","contentUrl":"https:\/\/secure.gravatar.com\/avatar\/fd2acc62ed50732923d1d39c17172c9b04149f142be92310ecc69e1358f94b52?s=96&d=mm&r=g","caption":"Med Ahmed"},"url":"https:\/\/lequotidien.mr\/?author=12"}]}},"_links":{"self":[{"href":"https:\/\/lequotidien.mr\/index.php?rest_route=\/wp\/v2\/posts\/31437","targetHints":{"allow":["GET"]}}],"collection":[{"href":"https:\/\/lequotidien.mr\/index.php?rest_route=\/wp\/v2\/posts"}],"about":[{"href":"https:\/\/lequotidien.mr\/index.php?rest_route=\/wp\/v2\/types\/post"}],"author":[{"embeddable":true,"href":"https:\/\/lequotidien.mr\/index.php?rest_route=\/wp\/v2\/users\/12"}],"replies":[{"embeddable":true,"href":"https:\/\/lequotidien.mr\/index.php?rest_route=%2Fwp%2Fv2%2Fcomments&post=31437"}],"version-history":[{"count":1,"href":"https:\/\/lequotidien.mr\/index.php?rest_route=\/wp\/v2\/posts\/31437\/revisions"}],"predecessor-version":[{"id":31439,"href":"https:\/\/lequotidien.mr\/index.php?rest_route=\/wp\/v2\/posts\/31437\/revisions\/31439"}],"wp:featuredmedia":[{"embeddable":true,"href":"https:\/\/lequotidien.mr\/index.php?rest_route=\/wp\/v2\/media\/31438"}],"wp:attachment":[{"href":"https:\/\/lequotidien.mr\/index.php?rest_route=%2Fwp%2Fv2%2Fmedia&parent=31437"}],"wp:term":[{"taxonomy":"category","embeddable":true,"href":"https:\/\/lequotidien.mr\/index.php?rest_route=%2Fwp%2Fv2%2Fcategories&post=31437"},{"taxonomy":"post_tag","embeddable":true,"href":"https:\/\/lequotidien.mr\/index.php?rest_route=%2Fwp%2Fv2%2Ftags&post=31437"}],"curies":[{"name":"wp","href":"https:\/\/api.w.org\/{rel}","templated":true}]}}