{"id":31425,"date":"2025-10-05T22:59:39","date_gmt":"2025-10-05T22:59:39","guid":{"rendered":"https:\/\/lequotidien.mr\/?p=31425"},"modified":"2025-10-05T22:59:39","modified_gmt":"2025-10-05T22:59:39","slug":"rentree-scolaire-25-26-priorite-absolue-accordee-a-leducation-par-le-president-de-la-republique-reaffirmee-par-la-ministre-houda-babah","status":"publish","type":"post","link":"https:\/\/lequotidien.mr\/?p=31425&lang=fr","title":{"rendered":"Rentr\u00e9e scolaire 25-26 : \u00ab Priorit\u00e9 absolue accord\u00e9e \u00e0 l&#8217;\u00e9ducation par le Pr\u00e9sident de la R\u00e9publique \u00bb r\u00e9affirm\u00e9e par la Ministre Houda Babah"},"content":{"rendered":"<p>\u00c0 la veille de la <strong>rentr\u00e9e scolaire 2025-2026<\/strong>, la <strong>ministre de l\u2019\u00c9ducation et de la R\u00e9forme du Syst\u00e8me \u00c9ducatif, Mme Houda Babah<\/strong>, a prononc\u00e9 un discours engag\u00e9 r\u00e9affirmant la priorit\u00e9 absolue accord\u00e9e \u00e0 l&#8217;\u00e9ducation par le <strong>Pr\u00e9sident de la R\u00e9publique, Monsieur Mohamed Cheikh El Ghazouani<\/strong>.<\/p>\n<p>Dans son allocution, la ministre a soulign\u00e9 que l&#8217;int\u00e9r\u00eat personnel et constant du Chef de l&#8217;\u00c9tat pour ce secteur strat\u00e9gique s&#8217;est concr\u00e8tement traduit par des actions structurantes. <strong><em>\u00ab Le Pr\u00e9sident de la R\u00e9publique accorde une grande importance \u00e0 l\u2019\u00e9ducation \u00e0 tous ses niveaux \u00bb<\/em><\/strong>, a-t-elle affirm\u00e9, pr\u00e9cisant que cet engagement s&#8217;est manifest\u00e9 par <strong><em>\u00ab l\u2019\u00e9largissement de la capacit\u00e9 d\u2019accueil, l\u2019attention port\u00e9e \u00e0 la famille \u00e9ducative et l\u2019accent mis sur une planification rigoureuse de l\u2019avenir du pays \u00bb.<\/em><\/strong><\/p>\n<p>Cet investissement, a-t-elle expliqu\u00e9, vise un objectif fondamental : la construction d&#8217;un\u00a0<strong>syst\u00e8me \u00e9ducatif de qualit\u00e9 produisant une \u00e9cole inclusive<\/strong>. Un mod\u00e8le o\u00f9 tous les Mauritaniens, sans distinction d&#8217;origines ethniques ou de composantes sociales, auront acc\u00e8s \u00e0 un enseignement \u00e9quitable et formateur.<\/p>\n<p>Sur le front des r\u00e9formes, Mme Babah a assur\u00e9 que le secteur poursuivrait sa transformation avec une d\u00e9termination accrue. Le processus en cours se concentrera sur plusieurs leviers essentiels pour atteindre l&#8217;excellence \u00e9ducative :<\/p>\n<p><strong>-Le renforcement de la qualit\u00e9<\/strong>\u00a0des enseignements et des apprentissages\u00a0;<\/p>\n<p><strong>-L&#8217;intensification de la formation continue<\/strong>\u00a0des enseignants, pilier central de l&#8217;am\u00e9lioration du syst\u00e8me\u00a0;<\/p>\n<p><strong>-L&#8217;ajustement de la carte scolaire<\/strong>\u00a0pour une r\u00e9partition plus efficace et \u00e9quitable des ressources\u00a0;<\/p>\n<p><strong>-L&#8217;\u00e9largissement de l&#8217;acc\u00e8s \u00e0 l&#8217;\u00e9ducation<\/strong>\u00a0pour scolariser un maximum d&#8217;enfants \u00e0 travers le territoire.<\/p>\n<p>Ce discours, prononc\u00e9 \u00e0 un moment charni\u00e8re de l&#8217;ann\u00e9e, fixe le cap pour la nouvelle ann\u00e9e scolaire. Il dessine les contours d&#8217;une politique \u00e9ducative ambitieuse, r\u00e9solument tourn\u00e9e vers l&#8217;avenir et fond\u00e9e sur les principes d&#8217;\u00e9quit\u00e9 et de qualit\u00e9, conform\u00e9ment \u00e0 la vision du Pr\u00e9sident Mohamed Cheikh El Ghazouani pour une Mauritanie unie et prosp\u00e8re.<\/p>\n<p>Voici le texte int\u00e9gral du discours:<\/p>\n<p><em>\u201cAu nom de Dieu, le Tout Mis\u00e9ricordieux, le Tr\u00e8s Mis\u00e9ricordieux.<\/em><\/p>\n<p><em>Louange \u00e0 Dieu, Seigneur des mondes, et que la pri\u00e8re et la paix soient sur le noble Proph\u00e8te, ainsi que sur sa famille et tous ses compagnons.<\/em><\/p>\n<ol>\n<li><em> les membres de la famille \u00e9ducative;<\/em><\/li>\n<\/ol>\n<p><em>Mes chers \u00e9l\u00e8ves;<\/em><\/p>\n<p><em>Mes coll\u00e8gues enseignants et encadreurs ;<\/em><\/p>\n<p><em>Mes fr\u00e8res et s\u0153urs parents;<\/em><\/p>\n<p><em>Partenaires de l\u2019\u00e9cole et acteurs de l\u2019\u00e9ducation;<\/em><\/p>\n<p><em>Nous voici \u2013 par la gr\u00e2ce de Dieu Le Tout-Puissant \u2013 accueillant une nouvelle ann\u00e9e scolaire, nous confiant en Dieu, nous accrochant \u00e0 l\u2019espoir, et forts des acquis importants que nous avons r\u00e9alis\u00e9s au cours de l\u2019ann\u00e9e \u00e9coul\u00e9e. Ce fut une ann\u00e9e riche en efforts et en r\u00e9alisations, gr\u00e2ce \u00e0 la haute sollicitude que Son Excellence le Pr\u00e9sident de la R\u00e9publique, Monsieur Mohamed Ould Cheikh El Ghazouani, accorde \u00e0 l\u2019\u00e9ducation, la consid\u00e9rant comme la premi\u00e8re priorit\u00e9 de ses engagements et de son ambition pour la nation.<\/em><\/p>\n<p><em>Mesdames et Messieurs,<\/em><\/p>\n<p><em>Cette sollicitude pr\u00e9sidentielle et ce grand int\u00e9r\u00eat \u00e0 donner la priorit\u00e9 \u00e0 l\u2019\u00e9ducation se sont manifest\u00e9s \u00e0 diff\u00e9rents niveaux, \u00e0 travers l\u2019\u00e9largissement de la capacit\u00e9 d\u2019accueil, l\u2019attention port\u00e9e \u00e0 la famille \u00e9ducative, et l\u2019accent mis sur une planification rigoureuse de l\u2019avenir du pays via un syst\u00e8me \u00e9ducatif de qualit\u00e9 produisant une \u00e9cole unificatrice pour tous les Mauritaniens, quelles que soient leurs ethnies et leurs composantes, o\u00f9 ils \u00e9tudient dans les m\u00eames classes et re\u00e7oivent les m\u00eames programmes et curricula.<\/em><\/p>\n<p><em>Notre syst\u00e8me \u00e9ducatif a connu l\u2019ann\u00e9e derni\u00e8re des avanc\u00e9es qualitatives dans le domaine de la gouvernance et de la qualit\u00e9, et l\u2019offre scolaire a augment\u00e9 avec le doublement de la capacit\u00e9 d\u2019accueil des infrastructures et des \u00e9quipes \u00e9ducatives.<\/em><\/p>\n<p><em>Dans une d\u00e9marche nationale profonde visant \u00e0 renforcer notre unit\u00e9 nationale et \u00e0 consolider notre diversit\u00e9, qui constitue la source de notre richesse et de notre force, des classes exp\u00e9rimentales pour l\u2019enseignement des langues nationales ont \u00e9t\u00e9 ouvertes, et \u2013 pour la premi\u00e8re fois dans l\u2019histoire de la R\u00e9publique \u2013 des enseignants sp\u00e9cialis\u00e9s dans ces langues ont \u00e9t\u00e9 recrut\u00e9s.<\/em><\/p>\n<p><em>Quant au domaine de la qualit\u00e9 de l\u2019enseignement, nous avons poursuivi la r\u00e9vision des programmes conform\u00e9ment aux exigences de la loi d\u2019orientation, la production de nouveaux manuels scolaires, et la r\u00e9vision des diff\u00e9rents niveaux, en plus de l\u2019organisation de dizaines de sessions de formation au profit des enseignants et des encadreurs p\u00e9dagogiques.<\/em><\/p>\n<p><em>Dans le domaine de la gestion et de la gouvernance, nous avons adopt\u00e9 des crit\u00e8res transparents et \u00e9quitables pour les mutations et les promotions, garantissant les droits de leurs titulaires sans intervention d\u2019aucune partie, et nous avons num\u00e9ris\u00e9 les certificats et les relev\u00e9s de notes, ce qui a facilit\u00e9 le service et l\u2019a rapproch\u00e9 du citoyen.<\/em><\/p>\n<p><em>Le d\u00e9cret relatif \u00e0 la cr\u00e9ation du fonds de soutien au logement des enseignants a \u00e9galement \u00e9t\u00e9 publi\u00e9, constituant une \u00e9tape importante pour l\u2019am\u00e9lioration de leurs conditions sociales, en fid\u00e9lit\u00e9 \u00e0 ce qu\u2019avait annonc\u00e9 Son Excellence le Pr\u00e9sident de la R\u00e9publique, Monsieur Mohamed Ould Cheikh El Ghazouani, lors de la derni\u00e8re f\u00eate de l\u2019Ind\u00e9pendance.<\/em><\/p>\n<p><em>Mesdames et Messieurs,<\/em><\/p>\n<p><em>Ces r\u00e9alisations n\u2019auraient pas \u00e9t\u00e9 possibles sans la conjugaison des efforts officiels et populaires, le d\u00e9vouement des enseignants et des encadreurs, le soutien des parents d\u2019\u00e9l\u00e8ves, et l\u2019appui de nos partenaires techniques et financiers.<\/em><\/p>\n<p><em>Ce qui a \u00e9t\u00e9 r\u00e9alis\u00e9 dans le domaine de l\u2019\u00e9ducation au cours de l\u2019ann\u00e9e \u00e9coul\u00e9e n\u2019est que le reflet de l\u2019acc\u00e9l\u00e9ration du rythme des r\u00e9alisations du gouvernement de Son Excellence le Premier Ministre, Monsieur El Moctar Ould Djay, conform\u00e9ment au programme de Son Excellence le Pr\u00e9sident de la R\u00e9publique \u201cMon ambition pour la nation\u201d.<\/em><\/p>\n<p><em>En couronnement de ces acquis, le secteur poursuit \u2013 avec l\u2019aide de Dieu \u2013 l\u2019ach\u00e8vement du processus de r\u00e9forme en renfor\u00e7ant la qualit\u00e9, en intensifiant la formation continue, en r\u00e9gulant la carte scolaire et en \u00e9largissant l\u2019acc\u00e8s \u00e0 l\u2019\u00e9ducation.<\/em><\/p>\n<p><em>Nous sommes conscients des d\u00e9fis existants, mais nous sommes convaincus que notre d\u00e9termination collective est capable de transformer ces d\u00e9fis en opportunit\u00e9s.<\/em><\/p>\n<ol>\n<li><em> les membres de la famille \u00e9ducative,<\/em><\/li>\n<\/ol>\n<p><em>L\u2019avenir de nos enfants d\u00e9pend de notre diligence aujourd\u2019hui. Que chacun de nous mette sa pierre \u00e0 sa juste place, et que l\u2019\u00e9cole r\u00e9publicaine soit le symbole de notre unit\u00e9, de notre coh\u00e9sion et l\u2019outil de notre renaissance.<\/em><\/p>\n<p><em>En conclusion, je demande \u00e0 Dieu Le Tout-Puissant de nous accorder \u00e0 tous le succ\u00e8s pour le bien de notre jeunesse et de notre ch\u00e8re patrie, et j\u2019annonce \u2013 par la gr\u00e2ce de Dieu \u2013 que demain, lundi 6 octobre 2025, sera le d\u00e9but de l\u2019ann\u00e9e scolaire 2025-2026, avec l\u2019espoir que ce sera une ann\u00e9e riche en efforts, en contributions et en excellence \u00e9ducative et scientifique.<\/em><\/p>\n<p><em>Que la paix, la mis\u00e9ricorde et les b\u00e9n\u00e9dictions de Dieu soient sur vous.\u201d<\/em><\/p>\n","protected":false},"excerpt":{"rendered":"<p>\u00c0 la veille de la rentr\u00e9e scolaire 2025-2026, la ministre de l\u2019\u00c9ducation et de la R\u00e9forme du Syst\u00e8me \u00c9ducatif, Mme Houda Babah, a prononc\u00e9 un discours engag\u00e9 r\u00e9affirmant la priorit\u00e9 absolue accord\u00e9e \u00e0 l&#8217;\u00e9ducation par le Pr\u00e9sident de la R\u00e9publique, Monsieur Mohamed Cheikh El Ghazouani. Dans son allocution, la ministre a soulign\u00e9 que l&#8217;int\u00e9r\u00eat personnel&#8230;..<\/p>\n","protected":false},"author":12,"featured_media":31426,"comment_status":"open","ping_status":"open","sticky":false,"template":"","format":"standard","meta":{"footnotes":""},"categories":[23,55],"tags":[],"class_list":["post-31425","post","type-post","status-publish","format-standard","has-post-thumbnail","hentry","category-actualite","category-culture"],"yoast_head":"<!-- This site is optimized with the Yoast SEO plugin v27.5 - https:\/\/yoast.com\/product\/yoast-seo-wordpress\/ -->\n<title>Rentr\u00e9e scolaire 25-26 : \u00ab Priorit\u00e9 absolue accord\u00e9e \u00e0 l&#039;\u00e9ducation par le Pr\u00e9sident de la R\u00e9publique \u00bb r\u00e9affirm\u00e9e par la Ministre Houda Babah - Le Quotidien de Nouakchott<\/title>\n<meta name=\"robots\" content=\"index, follow, max-snippet:-1, max-image-preview:large, max-video-preview:-1\" \/>\n<link rel=\"canonical\" href=\"https:\/\/lequotidien.mr\/?p=31425&lang=fr\" \/>\n<meta property=\"og:locale\" content=\"ar_AR\" \/>\n<meta property=\"og:type\" content=\"article\" \/>\n<meta property=\"og:title\" content=\"Rentr\u00e9e scolaire 25-26 : \u00ab Priorit\u00e9 absolue accord\u00e9e \u00e0 l&#039;\u00e9ducation par le Pr\u00e9sident de la R\u00e9publique \u00bb r\u00e9affirm\u00e9e par la Ministre Houda Babah - Le Quotidien de Nouakchott\" \/>\n<meta property=\"og:description\" content=\"\u00c0 la veille de la rentr\u00e9e scolaire 2025-2026, la ministre de l\u2019\u00c9ducation et de la R\u00e9forme du Syst\u00e8me \u00c9ducatif, Mme Houda Babah, a prononc\u00e9 un discours engag\u00e9 r\u00e9affirmant la priorit\u00e9 absolue accord\u00e9e \u00e0 l&#8217;\u00e9ducation par le Pr\u00e9sident de la R\u00e9publique, Monsieur Mohamed Cheikh El Ghazouani. Dans son allocution, la ministre a soulign\u00e9 que l&#8217;int\u00e9r\u00eat personnel.....\" \/>\n<meta property=\"og:url\" content=\"https:\/\/lequotidien.mr\/?p=31425&amp;lang=fr\" \/>\n<meta property=\"og:site_name\" content=\"Le Quotidien de Nouakchott\" \/>\n<meta property=\"article:publisher\" content=\"https:\/\/web.facebook.com\/lequotidienmr\" \/>\n<meta property=\"article:published_time\" content=\"2025-10-05T22:59:39+00:00\" \/>\n<meta property=\"og:image\" content=\"https:\/\/lequotidien.mr\/wp-content\/uploads\/2025\/10\/photo-mstre-education.jpg\" \/>\n\t<meta property=\"og:image:width\" content=\"630\" \/>\n\t<meta property=\"og:image:height\" content=\"288\" \/>\n\t<meta property=\"og:image:type\" content=\"image\/jpeg\" \/>\n<meta name=\"author\" content=\"Med Ahmed\" \/>\n<meta name=\"twitter:card\" content=\"summary_large_image\" \/>\n<meta name=\"twitter:creator\" content=\"@lequotidienmr\" \/>\n<meta name=\"twitter:site\" content=\"@lequotidienmr\" \/>\n<meta name=\"twitter:label1\" content=\"\u0643\u064f\u062a\u0628 \u0628\u0648\u0627\u0633\u0637\u0629\" \/>\n\t<meta name=\"twitter:data1\" content=\"Med Ahmed\" \/>\n\t<meta name=\"twitter:label2\" content=\"\u0648\u0642\u062a \u0627\u0644\u0642\u0631\u0627\u0621\u0629 \u0627\u0644\u0645\u064f\u0642\u062f\u0651\u0631\" \/>\n\t<meta name=\"twitter:data2\" content=\"8 \u062f\u0642\u0627\u0626\u0642\" \/>\n<script type=\"application\/ld+json\" class=\"yoast-schema-graph\">{\"@context\":\"https:\\\/\\\/schema.org\",\"@graph\":[{\"@type\":\"Article\",\"@id\":\"https:\\\/\\\/lequotidien.mr\\\/?p=31425&lang=fr#article\",\"isPartOf\":{\"@id\":\"https:\\\/\\\/lequotidien.mr\\\/?p=31425&lang=fr\"},\"author\":{\"name\":\"Med Ahmed\",\"@id\":\"https:\\\/\\\/lequotidien.mr\\\/#\\\/schema\\\/person\\\/d2d350202a4d599685ed8abc25f97596\"},\"headline\":\"Rentr\u00e9e scolaire 25-26 : \u00ab Priorit\u00e9 absolue accord\u00e9e \u00e0 l&#8217;\u00e9ducation par le Pr\u00e9sident de la R\u00e9publique \u00bb r\u00e9affirm\u00e9e par la Ministre Houda Babah\",\"datePublished\":\"2025-10-05T22:59:39+00:00\",\"mainEntityOfPage\":{\"@id\":\"https:\\\/\\\/lequotidien.mr\\\/?p=31425&lang=fr\"},\"wordCount\":1252,\"commentCount\":0,\"publisher\":{\"@id\":\"https:\\\/\\\/lequotidien.mr\\\/#organization\"},\"image\":{\"@id\":\"https:\\\/\\\/lequotidien.mr\\\/?p=31425&lang=fr#primaryimage\"},\"thumbnailUrl\":\"https:\\\/\\\/lequotidien.mr\\\/wp-content\\\/uploads\\\/2025\\\/10\\\/photo-mstre-education.jpg\",\"articleSection\":[\"ACTUALIT\u00c9\",\"Culture\"],\"inLanguage\":\"ar\",\"potentialAction\":[{\"@type\":\"CommentAction\",\"name\":\"Comment\",\"target\":[\"https:\\\/\\\/lequotidien.mr\\\/?p=31425&lang=fr#respond\"]}]},{\"@type\":\"WebPage\",\"@id\":\"https:\\\/\\\/lequotidien.mr\\\/?p=31425&lang=fr\",\"url\":\"https:\\\/\\\/lequotidien.mr\\\/?p=31425&lang=fr\",\"name\":\"Rentr\u00e9e scolaire 25-26 : \u00ab Priorit\u00e9 absolue accord\u00e9e \u00e0 l'\u00e9ducation par le Pr\u00e9sident de la R\u00e9publique \u00bb r\u00e9affirm\u00e9e par la Ministre Houda Babah - Le Quotidien de Nouakchott\",\"isPartOf\":{\"@id\":\"https:\\\/\\\/lequotidien.mr\\\/#website\"},\"primaryImageOfPage\":{\"@id\":\"https:\\\/\\\/lequotidien.mr\\\/?p=31425&lang=fr#primaryimage\"},\"image\":{\"@id\":\"https:\\\/\\\/lequotidien.mr\\\/?p=31425&lang=fr#primaryimage\"},\"thumbnailUrl\":\"https:\\\/\\\/lequotidien.mr\\\/wp-content\\\/uploads\\\/2025\\\/10\\\/photo-mstre-education.jpg\",\"datePublished\":\"2025-10-05T22:59:39+00:00\",\"breadcrumb\":{\"@id\":\"https:\\\/\\\/lequotidien.mr\\\/?p=31425&lang=fr#breadcrumb\"},\"inLanguage\":\"ar\",\"potentialAction\":[{\"@type\":\"ReadAction\",\"target\":[\"https:\\\/\\\/lequotidien.mr\\\/?p=31425&lang=fr\"]}]},{\"@type\":\"ImageObject\",\"inLanguage\":\"ar\",\"@id\":\"https:\\\/\\\/lequotidien.mr\\\/?p=31425&lang=fr#primaryimage\",\"url\":\"https:\\\/\\\/lequotidien.mr\\\/wp-content\\\/uploads\\\/2025\\\/10\\\/photo-mstre-education.jpg\",\"contentUrl\":\"https:\\\/\\\/lequotidien.mr\\\/wp-content\\\/uploads\\\/2025\\\/10\\\/photo-mstre-education.jpg\",\"width\":630,\"height\":288},{\"@type\":\"BreadcrumbList\",\"@id\":\"https:\\\/\\\/lequotidien.mr\\\/?p=31425&lang=fr#breadcrumb\",\"itemListElement\":[{\"@type\":\"ListItem\",\"position\":1,\"name\":\"Home\",\"item\":\"https:\\\/\\\/lequotidien.mr\\\/\"},{\"@type\":\"ListItem\",\"position\":2,\"name\":\"Rentr\u00e9e scolaire 25-26 : \u00ab Priorit\u00e9 absolue accord\u00e9e \u00e0 l&rsquo;\u00e9ducation par le Pr\u00e9sident de la R\u00e9publique \u00bb r\u00e9affirm\u00e9e par la Ministre Houda Babah\"}]},{\"@type\":\"WebSite\",\"@id\":\"https:\\\/\\\/lequotidien.mr\\\/#website\",\"url\":\"https:\\\/\\\/lequotidien.mr\\\/\",\"name\":\"Le Quotidien de Nouakchott\",\"description\":\"\u0625\u062e\u0628\u0627\u0631\u064a\u0629 \u0645\u0633\u062a\u0642\u0644\u0629 \u0644\u0644\u0623\u0646\u0628\u0627\u0621 \u0627\u0644\u0639\u0627\u0645\u0629\",\"publisher\":{\"@id\":\"https:\\\/\\\/lequotidien.mr\\\/#organization\"},\"potentialAction\":[{\"@type\":\"SearchAction\",\"target\":{\"@type\":\"EntryPoint\",\"urlTemplate\":\"https:\\\/\\\/lequotidien.mr\\\/?s={search_term_string}\"},\"query-input\":{\"@type\":\"PropertyValueSpecification\",\"valueRequired\":true,\"valueName\":\"search_term_string\"}}],\"inLanguage\":\"ar\"},{\"@type\":\"Organization\",\"@id\":\"https:\\\/\\\/lequotidien.mr\\\/#organization\",\"name\":\"Le Quotidien de Nouakchott\",\"url\":\"https:\\\/\\\/lequotidien.mr\\\/\",\"logo\":{\"@type\":\"ImageObject\",\"inLanguage\":\"ar\",\"@id\":\"https:\\\/\\\/lequotidien.mr\\\/#\\\/schema\\\/logo\\\/image\\\/\",\"url\":\"https:\\\/\\\/lequotidien.mr\\\/wp-content\\\/uploads\\\/2022\\\/11\\\/logolequotidien.jpg\",\"contentUrl\":\"https:\\\/\\\/lequotidien.mr\\\/wp-content\\\/uploads\\\/2022\\\/11\\\/logolequotidien.jpg\",\"width\":290,\"height\":65,\"caption\":\"Le Quotidien de Nouakchott\"},\"image\":{\"@id\":\"https:\\\/\\\/lequotidien.mr\\\/#\\\/schema\\\/logo\\\/image\\\/\"},\"sameAs\":[\"https:\\\/\\\/web.facebook.com\\\/lequotidienmr\",\"https:\\\/\\\/x.com\\\/lequotidienmr\"]},{\"@type\":\"Person\",\"@id\":\"https:\\\/\\\/lequotidien.mr\\\/#\\\/schema\\\/person\\\/d2d350202a4d599685ed8abc25f97596\",\"name\":\"Med Ahmed\",\"image\":{\"@type\":\"ImageObject\",\"inLanguage\":\"ar\",\"@id\":\"https:\\\/\\\/secure.gravatar.com\\\/avatar\\\/fd2acc62ed50732923d1d39c17172c9b04149f142be92310ecc69e1358f94b52?s=96&d=mm&r=g\",\"url\":\"https:\\\/\\\/secure.gravatar.com\\\/avatar\\\/fd2acc62ed50732923d1d39c17172c9b04149f142be92310ecc69e1358f94b52?s=96&d=mm&r=g\",\"contentUrl\":\"https:\\\/\\\/secure.gravatar.com\\\/avatar\\\/fd2acc62ed50732923d1d39c17172c9b04149f142be92310ecc69e1358f94b52?s=96&d=mm&r=g\",\"caption\":\"Med Ahmed\"},\"url\":\"https:\\\/\\\/lequotidien.mr\\\/?author=12\"}]}<\/script>\n<!-- \/ Yoast SEO plugin. -->","yoast_head_json":{"title":"Rentr\u00e9e scolaire 25-26 : \u00ab Priorit\u00e9 absolue accord\u00e9e \u00e0 l'\u00e9ducation par le Pr\u00e9sident de la R\u00e9publique \u00bb r\u00e9affirm\u00e9e par la Ministre Houda Babah - Le Quotidien de Nouakchott","robots":{"index":"index","follow":"follow","max-snippet":"max-snippet:-1","max-image-preview":"max-image-preview:large","max-video-preview":"max-video-preview:-1"},"canonical":"https:\/\/lequotidien.mr\/?p=31425&lang=fr","og_locale":"ar_AR","og_type":"article","og_title":"Rentr\u00e9e scolaire 25-26 : \u00ab Priorit\u00e9 absolue accord\u00e9e \u00e0 l'\u00e9ducation par le Pr\u00e9sident de la R\u00e9publique \u00bb r\u00e9affirm\u00e9e par la Ministre Houda Babah - Le Quotidien de Nouakchott","og_description":"\u00c0 la veille de la rentr\u00e9e scolaire 2025-2026, la ministre de l\u2019\u00c9ducation et de la R\u00e9forme du Syst\u00e8me \u00c9ducatif, Mme Houda Babah, a prononc\u00e9 un discours engag\u00e9 r\u00e9affirmant la priorit\u00e9 absolue accord\u00e9e \u00e0 l&#8217;\u00e9ducation par le Pr\u00e9sident de la R\u00e9publique, Monsieur Mohamed Cheikh El Ghazouani. Dans son allocution, la ministre a soulign\u00e9 que l&#8217;int\u00e9r\u00eat personnel.....","og_url":"https:\/\/lequotidien.mr\/?p=31425&lang=fr","og_site_name":"Le Quotidien de Nouakchott","article_publisher":"https:\/\/web.facebook.com\/lequotidienmr","article_published_time":"2025-10-05T22:59:39+00:00","og_image":[{"width":630,"height":288,"url":"https:\/\/lequotidien.mr\/wp-content\/uploads\/2025\/10\/photo-mstre-education.jpg","type":"image\/jpeg"}],"author":"Med Ahmed","twitter_card":"summary_large_image","twitter_creator":"@lequotidienmr","twitter_site":"@lequotidienmr","twitter_misc":{"\u0643\u064f\u062a\u0628 \u0628\u0648\u0627\u0633\u0637\u0629":"Med Ahmed","\u0648\u0642\u062a \u0627\u0644\u0642\u0631\u0627\u0621\u0629 \u0627\u0644\u0645\u064f\u0642\u062f\u0651\u0631":"8 \u062f\u0642\u0627\u0626\u0642"},"schema":{"@context":"https:\/\/schema.org","@graph":[{"@type":"Article","@id":"https:\/\/lequotidien.mr\/?p=31425&lang=fr#article","isPartOf":{"@id":"https:\/\/lequotidien.mr\/?p=31425&lang=fr"},"author":{"name":"Med Ahmed","@id":"https:\/\/lequotidien.mr\/#\/schema\/person\/d2d350202a4d599685ed8abc25f97596"},"headline":"Rentr\u00e9e scolaire 25-26 : \u00ab Priorit\u00e9 absolue accord\u00e9e \u00e0 l&#8217;\u00e9ducation par le Pr\u00e9sident de la R\u00e9publique \u00bb r\u00e9affirm\u00e9e par la Ministre Houda Babah","datePublished":"2025-10-05T22:59:39+00:00","mainEntityOfPage":{"@id":"https:\/\/lequotidien.mr\/?p=31425&lang=fr"},"wordCount":1252,"commentCount":0,"publisher":{"@id":"https:\/\/lequotidien.mr\/#organization"},"image":{"@id":"https:\/\/lequotidien.mr\/?p=31425&lang=fr#primaryimage"},"thumbnailUrl":"https:\/\/lequotidien.mr\/wp-content\/uploads\/2025\/10\/photo-mstre-education.jpg","articleSection":["ACTUALIT\u00c9","Culture"],"inLanguage":"ar","potentialAction":[{"@type":"CommentAction","name":"Comment","target":["https:\/\/lequotidien.mr\/?p=31425&lang=fr#respond"]}]},{"@type":"WebPage","@id":"https:\/\/lequotidien.mr\/?p=31425&lang=fr","url":"https:\/\/lequotidien.mr\/?p=31425&lang=fr","name":"Rentr\u00e9e scolaire 25-26 : \u00ab Priorit\u00e9 absolue accord\u00e9e \u00e0 l'\u00e9ducation par le Pr\u00e9sident de la R\u00e9publique \u00bb r\u00e9affirm\u00e9e par la Ministre Houda Babah - Le Quotidien de Nouakchott","isPartOf":{"@id":"https:\/\/lequotidien.mr\/#website"},"primaryImageOfPage":{"@id":"https:\/\/lequotidien.mr\/?p=31425&lang=fr#primaryimage"},"image":{"@id":"https:\/\/lequotidien.mr\/?p=31425&lang=fr#primaryimage"},"thumbnailUrl":"https:\/\/lequotidien.mr\/wp-content\/uploads\/2025\/10\/photo-mstre-education.jpg","datePublished":"2025-10-05T22:59:39+00:00","breadcrumb":{"@id":"https:\/\/lequotidien.mr\/?p=31425&lang=fr#breadcrumb"},"inLanguage":"ar","potentialAction":[{"@type":"ReadAction","target":["https:\/\/lequotidien.mr\/?p=31425&lang=fr"]}]},{"@type":"ImageObject","inLanguage":"ar","@id":"https:\/\/lequotidien.mr\/?p=31425&lang=fr#primaryimage","url":"https:\/\/lequotidien.mr\/wp-content\/uploads\/2025\/10\/photo-mstre-education.jpg","contentUrl":"https:\/\/lequotidien.mr\/wp-content\/uploads\/2025\/10\/photo-mstre-education.jpg","width":630,"height":288},{"@type":"BreadcrumbList","@id":"https:\/\/lequotidien.mr\/?p=31425&lang=fr#breadcrumb","itemListElement":[{"@type":"ListItem","position":1,"name":"Home","item":"https:\/\/lequotidien.mr\/"},{"@type":"ListItem","position":2,"name":"Rentr\u00e9e scolaire 25-26 : \u00ab Priorit\u00e9 absolue accord\u00e9e \u00e0 l&rsquo;\u00e9ducation par le Pr\u00e9sident de la R\u00e9publique \u00bb r\u00e9affirm\u00e9e par la Ministre Houda Babah"}]},{"@type":"WebSite","@id":"https:\/\/lequotidien.mr\/#website","url":"https:\/\/lequotidien.mr\/","name":"Le Quotidien de Nouakchott","description":"\u0625\u062e\u0628\u0627\u0631\u064a\u0629 \u0645\u0633\u062a\u0642\u0644\u0629 \u0644\u0644\u0623\u0646\u0628\u0627\u0621 \u0627\u0644\u0639\u0627\u0645\u0629","publisher":{"@id":"https:\/\/lequotidien.mr\/#organization"},"potentialAction":[{"@type":"SearchAction","target":{"@type":"EntryPoint","urlTemplate":"https:\/\/lequotidien.mr\/?s={search_term_string}"},"query-input":{"@type":"PropertyValueSpecification","valueRequired":true,"valueName":"search_term_string"}}],"inLanguage":"ar"},{"@type":"Organization","@id":"https:\/\/lequotidien.mr\/#organization","name":"Le Quotidien de Nouakchott","url":"https:\/\/lequotidien.mr\/","logo":{"@type":"ImageObject","inLanguage":"ar","@id":"https:\/\/lequotidien.mr\/#\/schema\/logo\/image\/","url":"https:\/\/lequotidien.mr\/wp-content\/uploads\/2022\/11\/logolequotidien.jpg","contentUrl":"https:\/\/lequotidien.mr\/wp-content\/uploads\/2022\/11\/logolequotidien.jpg","width":290,"height":65,"caption":"Le Quotidien de Nouakchott"},"image":{"@id":"https:\/\/lequotidien.mr\/#\/schema\/logo\/image\/"},"sameAs":["https:\/\/web.facebook.com\/lequotidienmr","https:\/\/x.com\/lequotidienmr"]},{"@type":"Person","@id":"https:\/\/lequotidien.mr\/#\/schema\/person\/d2d350202a4d599685ed8abc25f97596","name":"Med Ahmed","image":{"@type":"ImageObject","inLanguage":"ar","@id":"https:\/\/secure.gravatar.com\/avatar\/fd2acc62ed50732923d1d39c17172c9b04149f142be92310ecc69e1358f94b52?s=96&d=mm&r=g","url":"https:\/\/secure.gravatar.com\/avatar\/fd2acc62ed50732923d1d39c17172c9b04149f142be92310ecc69e1358f94b52?s=96&d=mm&r=g","contentUrl":"https:\/\/secure.gravatar.com\/avatar\/fd2acc62ed50732923d1d39c17172c9b04149f142be92310ecc69e1358f94b52?s=96&d=mm&r=g","caption":"Med Ahmed"},"url":"https:\/\/lequotidien.mr\/?author=12"}]}},"_links":{"self":[{"href":"https:\/\/lequotidien.mr\/index.php?rest_route=\/wp\/v2\/posts\/31425","targetHints":{"allow":["GET"]}}],"collection":[{"href":"https:\/\/lequotidien.mr\/index.php?rest_route=\/wp\/v2\/posts"}],"about":[{"href":"https:\/\/lequotidien.mr\/index.php?rest_route=\/wp\/v2\/types\/post"}],"author":[{"embeddable":true,"href":"https:\/\/lequotidien.mr\/index.php?rest_route=\/wp\/v2\/users\/12"}],"replies":[{"embeddable":true,"href":"https:\/\/lequotidien.mr\/index.php?rest_route=%2Fwp%2Fv2%2Fcomments&post=31425"}],"version-history":[{"count":1,"href":"https:\/\/lequotidien.mr\/index.php?rest_route=\/wp\/v2\/posts\/31425\/revisions"}],"predecessor-version":[{"id":31427,"href":"https:\/\/lequotidien.mr\/index.php?rest_route=\/wp\/v2\/posts\/31425\/revisions\/31427"}],"wp:featuredmedia":[{"embeddable":true,"href":"https:\/\/lequotidien.mr\/index.php?rest_route=\/wp\/v2\/media\/31426"}],"wp:attachment":[{"href":"https:\/\/lequotidien.mr\/index.php?rest_route=%2Fwp%2Fv2%2Fmedia&parent=31425"}],"wp:term":[{"taxonomy":"category","embeddable":true,"href":"https:\/\/lequotidien.mr\/index.php?rest_route=%2Fwp%2Fv2%2Fcategories&post=31425"},{"taxonomy":"post_tag","embeddable":true,"href":"https:\/\/lequotidien.mr\/index.php?rest_route=%2Fwp%2Fv2%2Ftags&post=31425"}],"curies":[{"name":"wp","href":"https:\/\/api.w.org\/{rel}","templated":true}]}}