{"id":31422,"date":"2025-10-05T22:42:49","date_gmt":"2025-10-05T22:42:49","guid":{"rendered":"https:\/\/lequotidien.mr\/?p=31422"},"modified":"2025-10-05T22:42:49","modified_gmt":"2025-10-05T22:42:49","slug":"japon-la-mauritanie-participe-au-prestigieux-forum-sts-de-kyoto","status":"publish","type":"post","link":"https:\/\/lequotidien.mr\/?p=31422&lang=fr","title":{"rendered":"Japon : la Mauritanie participe au prestigieux Forum STS de Kyoto"},"content":{"rendered":"<p>Le <strong>Ministre de l\u2019Enseignement Sup\u00e9rieur et de la Recherche, M. Yacoub Moine<\/strong>, a assist\u00e9 aujourd\u2019hui, \u00e0 la c\u00e9r\u00e9monie d&#8217;ouverture de la <strong>22e r\u00e9union du Forum STS<\/strong> (Science and Technology in Society), qui se tient dans la ville historique de Kyoto au Japon.<\/p>\n<p>Le Forum STS est une initiative internationale visant \u00e0 fournir une plateforme de dialogue ouvert pour aborder les probl\u00e8mes urgents auxquels sont confront\u00e9es la science et la technologie. Il \u0153uvre \u00e0 renforcer la coop\u00e9ration entre l&#8217;Acad\u00e9mie, l&#8217;Industrie et le Gouvernement afin de construire un avenir meilleur pour l&#8217;humanit\u00e9.<\/p>\n<p>Cet \u00e9v\u00e9nement international de haut niveau r\u00e9unit des d\u00e9cideurs politiques, des prix Nobel, des leaders acad\u00e9miques et des innovateurs du secteur priv\u00e9 du monde entier. L&#8217;objectif central de ce forum est de cr\u00e9er un r\u00e9seau mondial pour aborder les d\u00e9fis et les opportunit\u00e9s que pr\u00e9sentent la science et la technologie au XXIe si\u00e8cle.<\/p>\n<p>Les travaux de cette ann\u00e9e se concentreront sur les moyens de transformer la recherche scientifique, la technologie et l\u2019innovation en de v\u00e9ritables leviers de d\u00e9veloppement durable et inclusif. Les discussions porteront sur un large \u00e9ventail de sujets, notamment les politiques d&#8217;innovation, la coop\u00e9ration internationale en mati\u00e8re de recherche, les \u00e9nergies du futur, la transformation num\u00e9rique et la contribution de la science \u00e0 la r\u00e9solution des d\u00e9fis globaux tels que le changement climatique et la s\u00e9curit\u00e9 alimentaire.<\/p>\n<p>La pr\u00e9sence active du Ministre Yacoub Moine \u00e0 ce forum s\u2019inscrit dans la droite ligne de la politique du gouvernement mauritanien visant \u00e0 moderniser son \u00e9cosyst\u00e8me national de recherche et d\u2019innovation. Cette participation est une opportunit\u00e9 strat\u00e9gique pour la Mauritanie de partager sa vision, d\u2019apprendre des meilleures pratiques internationales et de tisser des partenariats fructueux avec des institutions et des experts de renom.<\/p>\n<p><strong><em>\u00ab La science et la technologie ne sont plus un luxe, mais une n\u00e9cessit\u00e9 pour tout pays qui aspire \u00e0 un d\u00e9veloppement \u00e9conomique et social solide. Le Forum STS offre une plateforme unique pour aligner notre strat\u00e9gie nationale sur les dynamiques globales et pour positionner la Mauritanie sur la carte mondiale de l&#8217;innovation \u00bb<\/em><\/strong>, a d\u00e9clar\u00e9 le Ministre en marge de l&#8217;\u00e9v\u00e9nement.<\/p>\n<p>Cette participation devrait permettre de renforcer la visibilit\u00e9 de la Mauritanie dans les cercles scientifiques internationaux et de dessiner les contours d&#8217;une collaboration renforc\u00e9e dans des domaines prioritaires pour le d\u00e9veloppement du pays. Le minist\u00e8re compte capitaliser sur les conclusions de ce forum pour enrichir sa feuille de route et impulser une nouvelle dynamique \u00e0 la recherche scientifique mauritanienne.<\/p>\n","protected":false},"excerpt":{"rendered":"<p>Le Ministre de l\u2019Enseignement Sup\u00e9rieur et de la Recherche, M. Yacoub Moine, a assist\u00e9 aujourd\u2019hui, \u00e0 la c\u00e9r\u00e9monie d&#8217;ouverture de la 22e r\u00e9union du Forum STS (Science and Technology in Society), qui se tient dans la ville historique de Kyoto au Japon. Le Forum STS est une initiative internationale visant \u00e0 fournir une plateforme de&#8230;..<\/p>\n","protected":false},"author":12,"featured_media":31423,"comment_status":"open","ping_status":"open","sticky":false,"template":"","format":"standard","meta":{"footnotes":""},"categories":[23,49],"tags":[],"class_list":["post-31422","post","type-post","status-publish","format-standard","has-post-thumbnail","hentry","category-actualite","category-economie"],"yoast_head":"<!-- This site is optimized with the Yoast SEO plugin v27.5 - https:\/\/yoast.com\/product\/yoast-seo-wordpress\/ -->\n<title>Japon : la Mauritanie participe au prestigieux Forum STS de Kyoto - Le Quotidien de Nouakchott<\/title>\n<meta name=\"robots\" content=\"index, follow, max-snippet:-1, max-image-preview:large, max-video-preview:-1\" \/>\n<link rel=\"canonical\" href=\"https:\/\/lequotidien.mr\/?p=31422&lang=fr\" \/>\n<meta property=\"og:locale\" content=\"ar_AR\" \/>\n<meta property=\"og:type\" content=\"article\" \/>\n<meta property=\"og:title\" content=\"Japon : la Mauritanie participe au prestigieux Forum STS de Kyoto - Le Quotidien de Nouakchott\" \/>\n<meta property=\"og:description\" content=\"Le Ministre de l\u2019Enseignement Sup\u00e9rieur et de la Recherche, M. Yacoub Moine, a assist\u00e9 aujourd\u2019hui, \u00e0 la c\u00e9r\u00e9monie d&#8217;ouverture de la 22e r\u00e9union du Forum STS (Science and Technology in Society), qui se tient dans la ville historique de Kyoto au Japon. Le Forum STS est une initiative internationale visant \u00e0 fournir une plateforme de.....\" \/>\n<meta property=\"og:url\" content=\"https:\/\/lequotidien.mr\/?p=31422&amp;lang=fr\" \/>\n<meta property=\"og:site_name\" content=\"Le Quotidien de Nouakchott\" \/>\n<meta property=\"article:publisher\" content=\"https:\/\/web.facebook.com\/lequotidienmr\" \/>\n<meta property=\"article:published_time\" content=\"2025-10-05T22:42:49+00:00\" \/>\n<meta property=\"og:image\" content=\"https:\/\/lequotidien.mr\/wp-content\/uploads\/2025\/10\/photo-mstre-enseignt-sup_Japon.jpg\" \/>\n\t<meta property=\"og:image:width\" content=\"252\" \/>\n\t<meta property=\"og:image:height\" content=\"430\" \/>\n\t<meta property=\"og:image:type\" content=\"image\/jpeg\" \/>\n<meta name=\"author\" content=\"Med Ahmed\" \/>\n<meta name=\"twitter:card\" content=\"summary_large_image\" \/>\n<meta name=\"twitter:creator\" content=\"@lequotidienmr\" \/>\n<meta name=\"twitter:site\" content=\"@lequotidienmr\" \/>\n<meta name=\"twitter:label1\" content=\"\u0643\u064f\u062a\u0628 \u0628\u0648\u0627\u0633\u0637\u0629\" \/>\n\t<meta name=\"twitter:data1\" content=\"Med Ahmed\" \/>\n\t<meta name=\"twitter:label2\" content=\"\u0648\u0642\u062a \u0627\u0644\u0642\u0631\u0627\u0621\u0629 \u0627\u0644\u0645\u064f\u0642\u062f\u0651\u0631\" \/>\n\t<meta name=\"twitter:data2\" content=\"4 \u062f\u0642\u0627\u0626\u0642\" \/>\n<script type=\"application\/ld+json\" class=\"yoast-schema-graph\">{\"@context\":\"https:\\\/\\\/schema.org\",\"@graph\":[{\"@type\":\"Article\",\"@id\":\"https:\\\/\\\/lequotidien.mr\\\/?p=31422&lang=fr#article\",\"isPartOf\":{\"@id\":\"https:\\\/\\\/lequotidien.mr\\\/?p=31422&lang=fr\"},\"author\":{\"name\":\"Med Ahmed\",\"@id\":\"https:\\\/\\\/lequotidien.mr\\\/#\\\/schema\\\/person\\\/d2d350202a4d599685ed8abc25f97596\"},\"headline\":\"Japon : la Mauritanie participe au prestigieux Forum STS de Kyoto\",\"datePublished\":\"2025-10-05T22:42:49+00:00\",\"mainEntityOfPage\":{\"@id\":\"https:\\\/\\\/lequotidien.mr\\\/?p=31422&lang=fr\"},\"wordCount\":456,\"commentCount\":0,\"publisher\":{\"@id\":\"https:\\\/\\\/lequotidien.mr\\\/#organization\"},\"image\":{\"@id\":\"https:\\\/\\\/lequotidien.mr\\\/?p=31422&lang=fr#primaryimage\"},\"thumbnailUrl\":\"https:\\\/\\\/lequotidien.mr\\\/wp-content\\\/uploads\\\/2025\\\/10\\\/photo-mstre-enseignt-sup_Japon.jpg\",\"articleSection\":[\"ACTUALIT\u00c9\",\"Economie\"],\"inLanguage\":\"ar\",\"potentialAction\":[{\"@type\":\"CommentAction\",\"name\":\"Comment\",\"target\":[\"https:\\\/\\\/lequotidien.mr\\\/?p=31422&lang=fr#respond\"]}]},{\"@type\":\"WebPage\",\"@id\":\"https:\\\/\\\/lequotidien.mr\\\/?p=31422&lang=fr\",\"url\":\"https:\\\/\\\/lequotidien.mr\\\/?p=31422&lang=fr\",\"name\":\"Japon : la Mauritanie participe au prestigieux Forum STS de Kyoto - Le Quotidien de Nouakchott\",\"isPartOf\":{\"@id\":\"https:\\\/\\\/lequotidien.mr\\\/#website\"},\"primaryImageOfPage\":{\"@id\":\"https:\\\/\\\/lequotidien.mr\\\/?p=31422&lang=fr#primaryimage\"},\"image\":{\"@id\":\"https:\\\/\\\/lequotidien.mr\\\/?p=31422&lang=fr#primaryimage\"},\"thumbnailUrl\":\"https:\\\/\\\/lequotidien.mr\\\/wp-content\\\/uploads\\\/2025\\\/10\\\/photo-mstre-enseignt-sup_Japon.jpg\",\"datePublished\":\"2025-10-05T22:42:49+00:00\",\"breadcrumb\":{\"@id\":\"https:\\\/\\\/lequotidien.mr\\\/?p=31422&lang=fr#breadcrumb\"},\"inLanguage\":\"ar\",\"potentialAction\":[{\"@type\":\"ReadAction\",\"target\":[\"https:\\\/\\\/lequotidien.mr\\\/?p=31422&lang=fr\"]}]},{\"@type\":\"ImageObject\",\"inLanguage\":\"ar\",\"@id\":\"https:\\\/\\\/lequotidien.mr\\\/?p=31422&lang=fr#primaryimage\",\"url\":\"https:\\\/\\\/lequotidien.mr\\\/wp-content\\\/uploads\\\/2025\\\/10\\\/photo-mstre-enseignt-sup_Japon.jpg\",\"contentUrl\":\"https:\\\/\\\/lequotidien.mr\\\/wp-content\\\/uploads\\\/2025\\\/10\\\/photo-mstre-enseignt-sup_Japon.jpg\",\"width\":252,\"height\":430},{\"@type\":\"BreadcrumbList\",\"@id\":\"https:\\\/\\\/lequotidien.mr\\\/?p=31422&lang=fr#breadcrumb\",\"itemListElement\":[{\"@type\":\"ListItem\",\"position\":1,\"name\":\"Home\",\"item\":\"https:\\\/\\\/lequotidien.mr\\\/\"},{\"@type\":\"ListItem\",\"position\":2,\"name\":\"Japon : la Mauritanie participe au prestigieux Forum STS de Kyoto\"}]},{\"@type\":\"WebSite\",\"@id\":\"https:\\\/\\\/lequotidien.mr\\\/#website\",\"url\":\"https:\\\/\\\/lequotidien.mr\\\/\",\"name\":\"Le Quotidien de Nouakchott\",\"description\":\"\u0625\u062e\u0628\u0627\u0631\u064a\u0629 \u0645\u0633\u062a\u0642\u0644\u0629 \u0644\u0644\u0623\u0646\u0628\u0627\u0621 \u0627\u0644\u0639\u0627\u0645\u0629\",\"publisher\":{\"@id\":\"https:\\\/\\\/lequotidien.mr\\\/#organization\"},\"potentialAction\":[{\"@type\":\"SearchAction\",\"target\":{\"@type\":\"EntryPoint\",\"urlTemplate\":\"https:\\\/\\\/lequotidien.mr\\\/?s={search_term_string}\"},\"query-input\":{\"@type\":\"PropertyValueSpecification\",\"valueRequired\":true,\"valueName\":\"search_term_string\"}}],\"inLanguage\":\"ar\"},{\"@type\":\"Organization\",\"@id\":\"https:\\\/\\\/lequotidien.mr\\\/#organization\",\"name\":\"Le Quotidien de Nouakchott\",\"url\":\"https:\\\/\\\/lequotidien.mr\\\/\",\"logo\":{\"@type\":\"ImageObject\",\"inLanguage\":\"ar\",\"@id\":\"https:\\\/\\\/lequotidien.mr\\\/#\\\/schema\\\/logo\\\/image\\\/\",\"url\":\"https:\\\/\\\/lequotidien.mr\\\/wp-content\\\/uploads\\\/2022\\\/11\\\/logolequotidien.jpg\",\"contentUrl\":\"https:\\\/\\\/lequotidien.mr\\\/wp-content\\\/uploads\\\/2022\\\/11\\\/logolequotidien.jpg\",\"width\":290,\"height\":65,\"caption\":\"Le Quotidien de Nouakchott\"},\"image\":{\"@id\":\"https:\\\/\\\/lequotidien.mr\\\/#\\\/schema\\\/logo\\\/image\\\/\"},\"sameAs\":[\"https:\\\/\\\/web.facebook.com\\\/lequotidienmr\",\"https:\\\/\\\/x.com\\\/lequotidienmr\"]},{\"@type\":\"Person\",\"@id\":\"https:\\\/\\\/lequotidien.mr\\\/#\\\/schema\\\/person\\\/d2d350202a4d599685ed8abc25f97596\",\"name\":\"Med Ahmed\",\"image\":{\"@type\":\"ImageObject\",\"inLanguage\":\"ar\",\"@id\":\"https:\\\/\\\/secure.gravatar.com\\\/avatar\\\/fd2acc62ed50732923d1d39c17172c9b04149f142be92310ecc69e1358f94b52?s=96&d=mm&r=g\",\"url\":\"https:\\\/\\\/secure.gravatar.com\\\/avatar\\\/fd2acc62ed50732923d1d39c17172c9b04149f142be92310ecc69e1358f94b52?s=96&d=mm&r=g\",\"contentUrl\":\"https:\\\/\\\/secure.gravatar.com\\\/avatar\\\/fd2acc62ed50732923d1d39c17172c9b04149f142be92310ecc69e1358f94b52?s=96&d=mm&r=g\",\"caption\":\"Med Ahmed\"},\"url\":\"https:\\\/\\\/lequotidien.mr\\\/?author=12\"}]}<\/script>\n<!-- \/ Yoast SEO plugin. -->","yoast_head_json":{"title":"Japon : la Mauritanie participe au prestigieux Forum STS de Kyoto - Le Quotidien de Nouakchott","robots":{"index":"index","follow":"follow","max-snippet":"max-snippet:-1","max-image-preview":"max-image-preview:large","max-video-preview":"max-video-preview:-1"},"canonical":"https:\/\/lequotidien.mr\/?p=31422&lang=fr","og_locale":"ar_AR","og_type":"article","og_title":"Japon : la Mauritanie participe au prestigieux Forum STS de Kyoto - Le Quotidien de Nouakchott","og_description":"Le Ministre de l\u2019Enseignement Sup\u00e9rieur et de la Recherche, M. Yacoub Moine, a assist\u00e9 aujourd\u2019hui, \u00e0 la c\u00e9r\u00e9monie d&#8217;ouverture de la 22e r\u00e9union du Forum STS (Science and Technology in Society), qui se tient dans la ville historique de Kyoto au Japon. Le Forum STS est une initiative internationale visant \u00e0 fournir une plateforme de.....","og_url":"https:\/\/lequotidien.mr\/?p=31422&lang=fr","og_site_name":"Le Quotidien de Nouakchott","article_publisher":"https:\/\/web.facebook.com\/lequotidienmr","article_published_time":"2025-10-05T22:42:49+00:00","og_image":[{"width":252,"height":430,"url":"https:\/\/lequotidien.mr\/wp-content\/uploads\/2025\/10\/photo-mstre-enseignt-sup_Japon.jpg","type":"image\/jpeg"}],"author":"Med Ahmed","twitter_card":"summary_large_image","twitter_creator":"@lequotidienmr","twitter_site":"@lequotidienmr","twitter_misc":{"\u0643\u064f\u062a\u0628 \u0628\u0648\u0627\u0633\u0637\u0629":"Med Ahmed","\u0648\u0642\u062a \u0627\u0644\u0642\u0631\u0627\u0621\u0629 \u0627\u0644\u0645\u064f\u0642\u062f\u0651\u0631":"4 \u062f\u0642\u0627\u0626\u0642"},"schema":{"@context":"https:\/\/schema.org","@graph":[{"@type":"Article","@id":"https:\/\/lequotidien.mr\/?p=31422&lang=fr#article","isPartOf":{"@id":"https:\/\/lequotidien.mr\/?p=31422&lang=fr"},"author":{"name":"Med Ahmed","@id":"https:\/\/lequotidien.mr\/#\/schema\/person\/d2d350202a4d599685ed8abc25f97596"},"headline":"Japon : la Mauritanie participe au prestigieux Forum STS de Kyoto","datePublished":"2025-10-05T22:42:49+00:00","mainEntityOfPage":{"@id":"https:\/\/lequotidien.mr\/?p=31422&lang=fr"},"wordCount":456,"commentCount":0,"publisher":{"@id":"https:\/\/lequotidien.mr\/#organization"},"image":{"@id":"https:\/\/lequotidien.mr\/?p=31422&lang=fr#primaryimage"},"thumbnailUrl":"https:\/\/lequotidien.mr\/wp-content\/uploads\/2025\/10\/photo-mstre-enseignt-sup_Japon.jpg","articleSection":["ACTUALIT\u00c9","Economie"],"inLanguage":"ar","potentialAction":[{"@type":"CommentAction","name":"Comment","target":["https:\/\/lequotidien.mr\/?p=31422&lang=fr#respond"]}]},{"@type":"WebPage","@id":"https:\/\/lequotidien.mr\/?p=31422&lang=fr","url":"https:\/\/lequotidien.mr\/?p=31422&lang=fr","name":"Japon : la Mauritanie participe au prestigieux Forum STS de Kyoto - Le Quotidien de Nouakchott","isPartOf":{"@id":"https:\/\/lequotidien.mr\/#website"},"primaryImageOfPage":{"@id":"https:\/\/lequotidien.mr\/?p=31422&lang=fr#primaryimage"},"image":{"@id":"https:\/\/lequotidien.mr\/?p=31422&lang=fr#primaryimage"},"thumbnailUrl":"https:\/\/lequotidien.mr\/wp-content\/uploads\/2025\/10\/photo-mstre-enseignt-sup_Japon.jpg","datePublished":"2025-10-05T22:42:49+00:00","breadcrumb":{"@id":"https:\/\/lequotidien.mr\/?p=31422&lang=fr#breadcrumb"},"inLanguage":"ar","potentialAction":[{"@type":"ReadAction","target":["https:\/\/lequotidien.mr\/?p=31422&lang=fr"]}]},{"@type":"ImageObject","inLanguage":"ar","@id":"https:\/\/lequotidien.mr\/?p=31422&lang=fr#primaryimage","url":"https:\/\/lequotidien.mr\/wp-content\/uploads\/2025\/10\/photo-mstre-enseignt-sup_Japon.jpg","contentUrl":"https:\/\/lequotidien.mr\/wp-content\/uploads\/2025\/10\/photo-mstre-enseignt-sup_Japon.jpg","width":252,"height":430},{"@type":"BreadcrumbList","@id":"https:\/\/lequotidien.mr\/?p=31422&lang=fr#breadcrumb","itemListElement":[{"@type":"ListItem","position":1,"name":"Home","item":"https:\/\/lequotidien.mr\/"},{"@type":"ListItem","position":2,"name":"Japon : la Mauritanie participe au prestigieux Forum STS de Kyoto"}]},{"@type":"WebSite","@id":"https:\/\/lequotidien.mr\/#website","url":"https:\/\/lequotidien.mr\/","name":"Le Quotidien de Nouakchott","description":"\u0625\u062e\u0628\u0627\u0631\u064a\u0629 \u0645\u0633\u062a\u0642\u0644\u0629 \u0644\u0644\u0623\u0646\u0628\u0627\u0621 \u0627\u0644\u0639\u0627\u0645\u0629","publisher":{"@id":"https:\/\/lequotidien.mr\/#organization"},"potentialAction":[{"@type":"SearchAction","target":{"@type":"EntryPoint","urlTemplate":"https:\/\/lequotidien.mr\/?s={search_term_string}"},"query-input":{"@type":"PropertyValueSpecification","valueRequired":true,"valueName":"search_term_string"}}],"inLanguage":"ar"},{"@type":"Organization","@id":"https:\/\/lequotidien.mr\/#organization","name":"Le Quotidien de Nouakchott","url":"https:\/\/lequotidien.mr\/","logo":{"@type":"ImageObject","inLanguage":"ar","@id":"https:\/\/lequotidien.mr\/#\/schema\/logo\/image\/","url":"https:\/\/lequotidien.mr\/wp-content\/uploads\/2022\/11\/logolequotidien.jpg","contentUrl":"https:\/\/lequotidien.mr\/wp-content\/uploads\/2022\/11\/logolequotidien.jpg","width":290,"height":65,"caption":"Le Quotidien de Nouakchott"},"image":{"@id":"https:\/\/lequotidien.mr\/#\/schema\/logo\/image\/"},"sameAs":["https:\/\/web.facebook.com\/lequotidienmr","https:\/\/x.com\/lequotidienmr"]},{"@type":"Person","@id":"https:\/\/lequotidien.mr\/#\/schema\/person\/d2d350202a4d599685ed8abc25f97596","name":"Med Ahmed","image":{"@type":"ImageObject","inLanguage":"ar","@id":"https:\/\/secure.gravatar.com\/avatar\/fd2acc62ed50732923d1d39c17172c9b04149f142be92310ecc69e1358f94b52?s=96&d=mm&r=g","url":"https:\/\/secure.gravatar.com\/avatar\/fd2acc62ed50732923d1d39c17172c9b04149f142be92310ecc69e1358f94b52?s=96&d=mm&r=g","contentUrl":"https:\/\/secure.gravatar.com\/avatar\/fd2acc62ed50732923d1d39c17172c9b04149f142be92310ecc69e1358f94b52?s=96&d=mm&r=g","caption":"Med Ahmed"},"url":"https:\/\/lequotidien.mr\/?author=12"}]}},"_links":{"self":[{"href":"https:\/\/lequotidien.mr\/index.php?rest_route=\/wp\/v2\/posts\/31422","targetHints":{"allow":["GET"]}}],"collection":[{"href":"https:\/\/lequotidien.mr\/index.php?rest_route=\/wp\/v2\/posts"}],"about":[{"href":"https:\/\/lequotidien.mr\/index.php?rest_route=\/wp\/v2\/types\/post"}],"author":[{"embeddable":true,"href":"https:\/\/lequotidien.mr\/index.php?rest_route=\/wp\/v2\/users\/12"}],"replies":[{"embeddable":true,"href":"https:\/\/lequotidien.mr\/index.php?rest_route=%2Fwp%2Fv2%2Fcomments&post=31422"}],"version-history":[{"count":1,"href":"https:\/\/lequotidien.mr\/index.php?rest_route=\/wp\/v2\/posts\/31422\/revisions"}],"predecessor-version":[{"id":31424,"href":"https:\/\/lequotidien.mr\/index.php?rest_route=\/wp\/v2\/posts\/31422\/revisions\/31424"}],"wp:featuredmedia":[{"embeddable":true,"href":"https:\/\/lequotidien.mr\/index.php?rest_route=\/wp\/v2\/media\/31423"}],"wp:attachment":[{"href":"https:\/\/lequotidien.mr\/index.php?rest_route=%2Fwp%2Fv2%2Fmedia&parent=31422"}],"wp:term":[{"taxonomy":"category","embeddable":true,"href":"https:\/\/lequotidien.mr\/index.php?rest_route=%2Fwp%2Fv2%2Fcategories&post=31422"},{"taxonomy":"post_tag","embeddable":true,"href":"https:\/\/lequotidien.mr\/index.php?rest_route=%2Fwp%2Fv2%2Ftags&post=31422"}],"curies":[{"name":"wp","href":"https:\/\/api.w.org\/{rel}","templated":true}]}}