{"id":31407,"date":"2025-10-04T23:01:37","date_gmt":"2025-10-04T23:01:37","guid":{"rendered":"https:\/\/lequotidien.mr\/?p=31407"},"modified":"2025-10-04T23:01:37","modified_gmt":"2025-10-04T23:01:37","slug":"jeunesse-et-education-300-jeunes-volontaires-formes-pour-proteger-leur-environnement-scolaire-contre-la-drogue","status":"publish","type":"post","link":"https:\/\/lequotidien.mr\/?p=31407&lang=fr","title":{"rendered":"Jeunesse et Education : 300 Jeunes Volontaires form\u00e9s pour prot\u00e9ger leur environnement scolaire contre la drogue"},"content":{"rendered":"<p>Sous la pr\u00e9sidence conjointe de <strong>Monsieur\u00a0Mohamed Abdallahi Louly, ministre de l\u2019Autonomisation des Jeunes, de l\u2019Emploi, des Sports et du Service Civique, et de Madame\u00a0Houda Babah, ministre de l\u2019\u00c9ducation nationale et de la R\u00e9forme du syst\u00e8me \u00e9ducatif<\/strong>, la c\u00e9r\u00e9monie de cl\u00f4ture des journ\u00e9es de formation de 300 jeunes volontaires s\u2019est tenue, vendredi, \u00e0 l\u2019Ancienne Maison des Jeunes de Nouakchott.<\/p>\n<p>Cette initiative s\u2019inscrit dans le cadre d\u2019un programme visant \u00e0 mobiliser une jeunesse engag\u00e9e pour des actions b\u00e9n\u00e9voles de\u00a0<strong>protection des jeunes et de lutte contre la drogue en milieu scolaire<\/strong>.<\/p>\n<p><strong>Une formation compl\u00e8te et sp\u00e9cialis\u00e9e<\/strong><\/p>\n<p>La formation, organis\u00e9e en \u00e9troite coop\u00e9ration avec la\u00a0<strong>Gendarmerie nationale<\/strong>, avait pour objectif d\u2019armer ces jeunes volontaires pour des missions de trois mois au sein des \u00e9tablissements scolaires. Des membres de la Gendarmerie, superviseurs de la formation, ont anim\u00e9 des pr\u00e9sentations compl\u00e8tes abordant les multiples facettes du fl\u00e9au.<\/p>\n<p>Les modules ont port\u00e9 sur :<\/p>\n<p><strong>-Les\u00a0dangers des drogues et substances psychotropes\u00a0<\/strong>;<\/p>\n<p><strong>-Le\u00a0cadre juridique\u00a0r\u00e9gissant la lutte contre ce trafic\u00a0;<\/strong><\/p>\n<p><strong>-Les m\u00e9thodes de\u00a0pr\u00e9vention\u00a0et de lutte\u00a0;<\/strong><\/p>\n<p><strong>-Les m\u00e9canismes de\u00a0signalement\u00a0des sites de trafic de drogue.<\/strong><\/p>\n<p>Cette approche a permis d\u2019aborder l\u2019ensemble des aspects pertinents, qu\u2019ils soient juridiques, sanitaires ou de sensibilisation.<\/p>\n<p>Dans son allocution, le ministre\u00a0<strong>Mohamed Abdallahi Louly<\/strong>\u00a0a situ\u00e9 cette action dans le cadre de la mise en \u0153uvre des\u00a0<strong>directives du <\/strong><strong>Pr\u00e9sident de la R\u00e9publique, Monsieur Mohamed Cheikh El Ghazouani<\/strong>. Il a rappel\u00e9 la volont\u00e9 du Chef de l\u2019\u00c9tat d\u2019activer le service civique pour permettre aux jeunes de <strong><em>\u00ab participer efficacement au d\u00e9veloppement \u00e9conomique et soci\u00e9tal du pays \u00bb.<\/em><\/strong><\/p>\n<p>Le ministre a exprim\u00e9 sa profonde gratitude au\u00a0<strong>minist\u00e8re de la D\u00e9fense, des Affaires des Retrait\u00e9s et des Enfants des Martyrs<\/strong>\u00a0pour sa <strong><em>\u00ab contribution remarquable \u00bb<\/em><\/strong>, soulignant que cette collaboration a permis aux volontaires d\u2019acqu\u00e9rir des comp\u00e9tences essentielles sur les types de drogues et les m\u00e9thodes de pr\u00e9vention.<\/p>\n<p>Il a \u00e9galement remerci\u00e9 le\u00a0<strong>minist\u00e8re de l\u2019\u00c9ducation nationale<\/strong>\u00a0pour la formation dispens\u00e9e aux volontaires sur les fondements du travail en milieu scolaire.<\/p>\n<p><strong>Un d\u00e9ploiement imminent dans le cadre d\u2019un programme national<\/strong><\/p>\n<p>Le ministre a pr\u00e9cis\u00e9 que ce contingent de jeunes volontaires sera d\u00e9ploy\u00e9 sur le terrain conform\u00e9ment aux instructions du <strong>Premier Ministre, Monsieur Moctar Djay<\/strong>. Ce d\u00e9ploiement s\u2019effectue dans le cadre du\u00a0<strong>Programme de protection de la jeunesse et de pr\u00e9vention de la toxicomanie<\/strong>.<\/p>\n<p>L&#8217;objectif est double : contribuer \u00e0 l\u2019\u00e9ducation des jeunes aux\u00a0valeurs nobles\u00a0et favoriser unapprentissage s\u00e9rieux\u00a0dans un environnement scolaire sain et pr\u00e9serv\u00e9 des stup\u00e9fiants.<\/p>\n<p>La c\u00e9r\u00e9monie de cl\u00f4ture s\u2019est d\u00e9roul\u00e9e en pr\u00e9sence de <strong>Monsieur\u00a0Naji Khattri, secr\u00e9taire g\u00e9n\u00e9ral du minist\u00e8re de l\u2019Autonomisation des Jeunes<\/strong>, du wali mou\u00e7aid de Nouakchott-Nord, ainsi que des autorit\u00e9s administratives et autres responsables de la wilaya, marquant ainsi l\u2019importance collective accord\u00e9e \u00e0 cette mission de protection de la jeunesse mauritanienne.<\/p>\n<p>&nbsp;<\/p>\n","protected":false},"excerpt":{"rendered":"<p>Sous la pr\u00e9sidence conjointe de Monsieur\u00a0Mohamed Abdallahi Louly, ministre de l\u2019Autonomisation des Jeunes, de l\u2019Emploi, des Sports et du Service Civique, et de Madame\u00a0Houda Babah, ministre de l\u2019\u00c9ducation nationale et de la R\u00e9forme du syst\u00e8me \u00e9ducatif, la c\u00e9r\u00e9monie de cl\u00f4ture des journ\u00e9es de formation de 300 jeunes volontaires s\u2019est tenue, vendredi, \u00e0 l\u2019Ancienne Maison des&#8230;..<\/p>\n","protected":false},"author":12,"featured_media":31408,"comment_status":"open","ping_status":"open","sticky":false,"template":"","format":"standard","meta":{"footnotes":""},"categories":[23,55],"tags":[],"class_list":["post-31407","post","type-post","status-publish","format-standard","has-post-thumbnail","hentry","category-actualite","category-culture"],"yoast_head":"<!-- This site is optimized with the Yoast SEO plugin v27.5 - https:\/\/yoast.com\/product\/yoast-seo-wordpress\/ -->\n<title>Jeunesse et Education : 300 Jeunes Volontaires form\u00e9s pour prot\u00e9ger leur environnement scolaire contre la drogue - Le Quotidien de Nouakchott<\/title>\n<meta name=\"robots\" content=\"index, follow, max-snippet:-1, max-image-preview:large, max-video-preview:-1\" \/>\n<link rel=\"canonical\" href=\"https:\/\/lequotidien.mr\/?p=31407&lang=fr\" \/>\n<meta property=\"og:locale\" content=\"ar_AR\" \/>\n<meta property=\"og:type\" content=\"article\" \/>\n<meta property=\"og:title\" content=\"Jeunesse et Education : 300 Jeunes Volontaires form\u00e9s pour prot\u00e9ger leur environnement scolaire contre la drogue - Le Quotidien de Nouakchott\" \/>\n<meta property=\"og:description\" content=\"Sous la pr\u00e9sidence conjointe de Monsieur\u00a0Mohamed Abdallahi Louly, ministre de l\u2019Autonomisation des Jeunes, de l\u2019Emploi, des Sports et du Service Civique, et de Madame\u00a0Houda Babah, ministre de l\u2019\u00c9ducation nationale et de la R\u00e9forme du syst\u00e8me \u00e9ducatif, la c\u00e9r\u00e9monie de cl\u00f4ture des journ\u00e9es de formation de 300 jeunes volontaires s\u2019est tenue, vendredi, \u00e0 l\u2019Ancienne Maison des.....\" \/>\n<meta property=\"og:url\" content=\"https:\/\/lequotidien.mr\/?p=31407&amp;lang=fr\" \/>\n<meta property=\"og:site_name\" content=\"Le Quotidien de Nouakchott\" \/>\n<meta property=\"article:publisher\" content=\"https:\/\/web.facebook.com\/lequotidienmr\" \/>\n<meta property=\"article:published_time\" content=\"2025-10-04T23:01:37+00:00\" \/>\n<meta property=\"og:image\" content=\"https:\/\/lequotidien.mr\/wp-content\/uploads\/2025\/10\/photo-jeunes-volontaires.jpg\" \/>\n\t<meta property=\"og:image:width\" content=\"598\" \/>\n\t<meta property=\"og:image:height\" content=\"356\" \/>\n\t<meta property=\"og:image:type\" content=\"image\/jpeg\" \/>\n<meta name=\"author\" content=\"Med Ahmed\" \/>\n<meta name=\"twitter:card\" content=\"summary_large_image\" \/>\n<meta name=\"twitter:creator\" content=\"@lequotidienmr\" \/>\n<meta name=\"twitter:site\" content=\"@lequotidienmr\" \/>\n<meta name=\"twitter:label1\" content=\"\u0643\u064f\u062a\u0628 \u0628\u0648\u0627\u0633\u0637\u0629\" \/>\n\t<meta name=\"twitter:data1\" content=\"Med Ahmed\" \/>\n\t<meta name=\"twitter:label2\" content=\"\u0648\u0642\u062a \u0627\u0644\u0642\u0631\u0627\u0621\u0629 \u0627\u0644\u0645\u064f\u0642\u062f\u0651\u0631\" \/>\n\t<meta name=\"twitter:data2\" content=\"4 \u062f\u0642\u0627\u0626\u0642\" \/>\n<script type=\"application\/ld+json\" class=\"yoast-schema-graph\">{\"@context\":\"https:\\\/\\\/schema.org\",\"@graph\":[{\"@type\":\"Article\",\"@id\":\"https:\\\/\\\/lequotidien.mr\\\/?p=31407&lang=fr#article\",\"isPartOf\":{\"@id\":\"https:\\\/\\\/lequotidien.mr\\\/?p=31407&lang=fr\"},\"author\":{\"name\":\"Med Ahmed\",\"@id\":\"https:\\\/\\\/lequotidien.mr\\\/#\\\/schema\\\/person\\\/d2d350202a4d599685ed8abc25f97596\"},\"headline\":\"Jeunesse et Education : 300 Jeunes Volontaires form\u00e9s pour prot\u00e9ger leur environnement scolaire contre la drogue\",\"datePublished\":\"2025-10-04T23:01:37+00:00\",\"mainEntityOfPage\":{\"@id\":\"https:\\\/\\\/lequotidien.mr\\\/?p=31407&lang=fr\"},\"wordCount\":544,\"commentCount\":0,\"publisher\":{\"@id\":\"https:\\\/\\\/lequotidien.mr\\\/#organization\"},\"image\":{\"@id\":\"https:\\\/\\\/lequotidien.mr\\\/?p=31407&lang=fr#primaryimage\"},\"thumbnailUrl\":\"https:\\\/\\\/lequotidien.mr\\\/wp-content\\\/uploads\\\/2025\\\/10\\\/photo-jeunes-volontaires.jpg\",\"articleSection\":[\"ACTUALIT\u00c9\",\"Culture\"],\"inLanguage\":\"ar\",\"potentialAction\":[{\"@type\":\"CommentAction\",\"name\":\"Comment\",\"target\":[\"https:\\\/\\\/lequotidien.mr\\\/?p=31407&lang=fr#respond\"]}]},{\"@type\":\"WebPage\",\"@id\":\"https:\\\/\\\/lequotidien.mr\\\/?p=31407&lang=fr\",\"url\":\"https:\\\/\\\/lequotidien.mr\\\/?p=31407&lang=fr\",\"name\":\"Jeunesse et Education : 300 Jeunes Volontaires form\u00e9s pour prot\u00e9ger leur environnement scolaire contre la drogue - Le Quotidien de Nouakchott\",\"isPartOf\":{\"@id\":\"https:\\\/\\\/lequotidien.mr\\\/#website\"},\"primaryImageOfPage\":{\"@id\":\"https:\\\/\\\/lequotidien.mr\\\/?p=31407&lang=fr#primaryimage\"},\"image\":{\"@id\":\"https:\\\/\\\/lequotidien.mr\\\/?p=31407&lang=fr#primaryimage\"},\"thumbnailUrl\":\"https:\\\/\\\/lequotidien.mr\\\/wp-content\\\/uploads\\\/2025\\\/10\\\/photo-jeunes-volontaires.jpg\",\"datePublished\":\"2025-10-04T23:01:37+00:00\",\"breadcrumb\":{\"@id\":\"https:\\\/\\\/lequotidien.mr\\\/?p=31407&lang=fr#breadcrumb\"},\"inLanguage\":\"ar\",\"potentialAction\":[{\"@type\":\"ReadAction\",\"target\":[\"https:\\\/\\\/lequotidien.mr\\\/?p=31407&lang=fr\"]}]},{\"@type\":\"ImageObject\",\"inLanguage\":\"ar\",\"@id\":\"https:\\\/\\\/lequotidien.mr\\\/?p=31407&lang=fr#primaryimage\",\"url\":\"https:\\\/\\\/lequotidien.mr\\\/wp-content\\\/uploads\\\/2025\\\/10\\\/photo-jeunes-volontaires.jpg\",\"contentUrl\":\"https:\\\/\\\/lequotidien.mr\\\/wp-content\\\/uploads\\\/2025\\\/10\\\/photo-jeunes-volontaires.jpg\",\"width\":598,\"height\":356},{\"@type\":\"BreadcrumbList\",\"@id\":\"https:\\\/\\\/lequotidien.mr\\\/?p=31407&lang=fr#breadcrumb\",\"itemListElement\":[{\"@type\":\"ListItem\",\"position\":1,\"name\":\"Home\",\"item\":\"https:\\\/\\\/lequotidien.mr\\\/\"},{\"@type\":\"ListItem\",\"position\":2,\"name\":\"Jeunesse et Education : 300 Jeunes Volontaires form\u00e9s pour prot\u00e9ger leur environnement scolaire contre la drogue\"}]},{\"@type\":\"WebSite\",\"@id\":\"https:\\\/\\\/lequotidien.mr\\\/#website\",\"url\":\"https:\\\/\\\/lequotidien.mr\\\/\",\"name\":\"Le Quotidien de Nouakchott\",\"description\":\"\u0625\u062e\u0628\u0627\u0631\u064a\u0629 \u0645\u0633\u062a\u0642\u0644\u0629 \u0644\u0644\u0623\u0646\u0628\u0627\u0621 \u0627\u0644\u0639\u0627\u0645\u0629\",\"publisher\":{\"@id\":\"https:\\\/\\\/lequotidien.mr\\\/#organization\"},\"potentialAction\":[{\"@type\":\"SearchAction\",\"target\":{\"@type\":\"EntryPoint\",\"urlTemplate\":\"https:\\\/\\\/lequotidien.mr\\\/?s={search_term_string}\"},\"query-input\":{\"@type\":\"PropertyValueSpecification\",\"valueRequired\":true,\"valueName\":\"search_term_string\"}}],\"inLanguage\":\"ar\"},{\"@type\":\"Organization\",\"@id\":\"https:\\\/\\\/lequotidien.mr\\\/#organization\",\"name\":\"Le Quotidien de Nouakchott\",\"url\":\"https:\\\/\\\/lequotidien.mr\\\/\",\"logo\":{\"@type\":\"ImageObject\",\"inLanguage\":\"ar\",\"@id\":\"https:\\\/\\\/lequotidien.mr\\\/#\\\/schema\\\/logo\\\/image\\\/\",\"url\":\"https:\\\/\\\/lequotidien.mr\\\/wp-content\\\/uploads\\\/2022\\\/11\\\/logolequotidien.jpg\",\"contentUrl\":\"https:\\\/\\\/lequotidien.mr\\\/wp-content\\\/uploads\\\/2022\\\/11\\\/logolequotidien.jpg\",\"width\":290,\"height\":65,\"caption\":\"Le Quotidien de Nouakchott\"},\"image\":{\"@id\":\"https:\\\/\\\/lequotidien.mr\\\/#\\\/schema\\\/logo\\\/image\\\/\"},\"sameAs\":[\"https:\\\/\\\/web.facebook.com\\\/lequotidienmr\",\"https:\\\/\\\/x.com\\\/lequotidienmr\"]},{\"@type\":\"Person\",\"@id\":\"https:\\\/\\\/lequotidien.mr\\\/#\\\/schema\\\/person\\\/d2d350202a4d599685ed8abc25f97596\",\"name\":\"Med Ahmed\",\"image\":{\"@type\":\"ImageObject\",\"inLanguage\":\"ar\",\"@id\":\"https:\\\/\\\/secure.gravatar.com\\\/avatar\\\/fd2acc62ed50732923d1d39c17172c9b04149f142be92310ecc69e1358f94b52?s=96&d=mm&r=g\",\"url\":\"https:\\\/\\\/secure.gravatar.com\\\/avatar\\\/fd2acc62ed50732923d1d39c17172c9b04149f142be92310ecc69e1358f94b52?s=96&d=mm&r=g\",\"contentUrl\":\"https:\\\/\\\/secure.gravatar.com\\\/avatar\\\/fd2acc62ed50732923d1d39c17172c9b04149f142be92310ecc69e1358f94b52?s=96&d=mm&r=g\",\"caption\":\"Med Ahmed\"},\"url\":\"https:\\\/\\\/lequotidien.mr\\\/?author=12\"}]}<\/script>\n<!-- \/ Yoast SEO plugin. -->","yoast_head_json":{"title":"Jeunesse et Education : 300 Jeunes Volontaires form\u00e9s pour prot\u00e9ger leur environnement scolaire contre la drogue - Le Quotidien de Nouakchott","robots":{"index":"index","follow":"follow","max-snippet":"max-snippet:-1","max-image-preview":"max-image-preview:large","max-video-preview":"max-video-preview:-1"},"canonical":"https:\/\/lequotidien.mr\/?p=31407&lang=fr","og_locale":"ar_AR","og_type":"article","og_title":"Jeunesse et Education : 300 Jeunes Volontaires form\u00e9s pour prot\u00e9ger leur environnement scolaire contre la drogue - Le Quotidien de Nouakchott","og_description":"Sous la pr\u00e9sidence conjointe de Monsieur\u00a0Mohamed Abdallahi Louly, ministre de l\u2019Autonomisation des Jeunes, de l\u2019Emploi, des Sports et du Service Civique, et de Madame\u00a0Houda Babah, ministre de l\u2019\u00c9ducation nationale et de la R\u00e9forme du syst\u00e8me \u00e9ducatif, la c\u00e9r\u00e9monie de cl\u00f4ture des journ\u00e9es de formation de 300 jeunes volontaires s\u2019est tenue, vendredi, \u00e0 l\u2019Ancienne Maison des.....","og_url":"https:\/\/lequotidien.mr\/?p=31407&lang=fr","og_site_name":"Le Quotidien de Nouakchott","article_publisher":"https:\/\/web.facebook.com\/lequotidienmr","article_published_time":"2025-10-04T23:01:37+00:00","og_image":[{"width":598,"height":356,"url":"https:\/\/lequotidien.mr\/wp-content\/uploads\/2025\/10\/photo-jeunes-volontaires.jpg","type":"image\/jpeg"}],"author":"Med Ahmed","twitter_card":"summary_large_image","twitter_creator":"@lequotidienmr","twitter_site":"@lequotidienmr","twitter_misc":{"\u0643\u064f\u062a\u0628 \u0628\u0648\u0627\u0633\u0637\u0629":"Med Ahmed","\u0648\u0642\u062a \u0627\u0644\u0642\u0631\u0627\u0621\u0629 \u0627\u0644\u0645\u064f\u0642\u062f\u0651\u0631":"4 \u062f\u0642\u0627\u0626\u0642"},"schema":{"@context":"https:\/\/schema.org","@graph":[{"@type":"Article","@id":"https:\/\/lequotidien.mr\/?p=31407&lang=fr#article","isPartOf":{"@id":"https:\/\/lequotidien.mr\/?p=31407&lang=fr"},"author":{"name":"Med Ahmed","@id":"https:\/\/lequotidien.mr\/#\/schema\/person\/d2d350202a4d599685ed8abc25f97596"},"headline":"Jeunesse et Education : 300 Jeunes Volontaires form\u00e9s pour prot\u00e9ger leur environnement scolaire contre la drogue","datePublished":"2025-10-04T23:01:37+00:00","mainEntityOfPage":{"@id":"https:\/\/lequotidien.mr\/?p=31407&lang=fr"},"wordCount":544,"commentCount":0,"publisher":{"@id":"https:\/\/lequotidien.mr\/#organization"},"image":{"@id":"https:\/\/lequotidien.mr\/?p=31407&lang=fr#primaryimage"},"thumbnailUrl":"https:\/\/lequotidien.mr\/wp-content\/uploads\/2025\/10\/photo-jeunes-volontaires.jpg","articleSection":["ACTUALIT\u00c9","Culture"],"inLanguage":"ar","potentialAction":[{"@type":"CommentAction","name":"Comment","target":["https:\/\/lequotidien.mr\/?p=31407&lang=fr#respond"]}]},{"@type":"WebPage","@id":"https:\/\/lequotidien.mr\/?p=31407&lang=fr","url":"https:\/\/lequotidien.mr\/?p=31407&lang=fr","name":"Jeunesse et Education : 300 Jeunes Volontaires form\u00e9s pour prot\u00e9ger leur environnement scolaire contre la drogue - Le Quotidien de Nouakchott","isPartOf":{"@id":"https:\/\/lequotidien.mr\/#website"},"primaryImageOfPage":{"@id":"https:\/\/lequotidien.mr\/?p=31407&lang=fr#primaryimage"},"image":{"@id":"https:\/\/lequotidien.mr\/?p=31407&lang=fr#primaryimage"},"thumbnailUrl":"https:\/\/lequotidien.mr\/wp-content\/uploads\/2025\/10\/photo-jeunes-volontaires.jpg","datePublished":"2025-10-04T23:01:37+00:00","breadcrumb":{"@id":"https:\/\/lequotidien.mr\/?p=31407&lang=fr#breadcrumb"},"inLanguage":"ar","potentialAction":[{"@type":"ReadAction","target":["https:\/\/lequotidien.mr\/?p=31407&lang=fr"]}]},{"@type":"ImageObject","inLanguage":"ar","@id":"https:\/\/lequotidien.mr\/?p=31407&lang=fr#primaryimage","url":"https:\/\/lequotidien.mr\/wp-content\/uploads\/2025\/10\/photo-jeunes-volontaires.jpg","contentUrl":"https:\/\/lequotidien.mr\/wp-content\/uploads\/2025\/10\/photo-jeunes-volontaires.jpg","width":598,"height":356},{"@type":"BreadcrumbList","@id":"https:\/\/lequotidien.mr\/?p=31407&lang=fr#breadcrumb","itemListElement":[{"@type":"ListItem","position":1,"name":"Home","item":"https:\/\/lequotidien.mr\/"},{"@type":"ListItem","position":2,"name":"Jeunesse et Education : 300 Jeunes Volontaires form\u00e9s pour prot\u00e9ger leur environnement scolaire contre la drogue"}]},{"@type":"WebSite","@id":"https:\/\/lequotidien.mr\/#website","url":"https:\/\/lequotidien.mr\/","name":"Le Quotidien de Nouakchott","description":"\u0625\u062e\u0628\u0627\u0631\u064a\u0629 \u0645\u0633\u062a\u0642\u0644\u0629 \u0644\u0644\u0623\u0646\u0628\u0627\u0621 \u0627\u0644\u0639\u0627\u0645\u0629","publisher":{"@id":"https:\/\/lequotidien.mr\/#organization"},"potentialAction":[{"@type":"SearchAction","target":{"@type":"EntryPoint","urlTemplate":"https:\/\/lequotidien.mr\/?s={search_term_string}"},"query-input":{"@type":"PropertyValueSpecification","valueRequired":true,"valueName":"search_term_string"}}],"inLanguage":"ar"},{"@type":"Organization","@id":"https:\/\/lequotidien.mr\/#organization","name":"Le Quotidien de Nouakchott","url":"https:\/\/lequotidien.mr\/","logo":{"@type":"ImageObject","inLanguage":"ar","@id":"https:\/\/lequotidien.mr\/#\/schema\/logo\/image\/","url":"https:\/\/lequotidien.mr\/wp-content\/uploads\/2022\/11\/logolequotidien.jpg","contentUrl":"https:\/\/lequotidien.mr\/wp-content\/uploads\/2022\/11\/logolequotidien.jpg","width":290,"height":65,"caption":"Le Quotidien de Nouakchott"},"image":{"@id":"https:\/\/lequotidien.mr\/#\/schema\/logo\/image\/"},"sameAs":["https:\/\/web.facebook.com\/lequotidienmr","https:\/\/x.com\/lequotidienmr"]},{"@type":"Person","@id":"https:\/\/lequotidien.mr\/#\/schema\/person\/d2d350202a4d599685ed8abc25f97596","name":"Med Ahmed","image":{"@type":"ImageObject","inLanguage":"ar","@id":"https:\/\/secure.gravatar.com\/avatar\/fd2acc62ed50732923d1d39c17172c9b04149f142be92310ecc69e1358f94b52?s=96&d=mm&r=g","url":"https:\/\/secure.gravatar.com\/avatar\/fd2acc62ed50732923d1d39c17172c9b04149f142be92310ecc69e1358f94b52?s=96&d=mm&r=g","contentUrl":"https:\/\/secure.gravatar.com\/avatar\/fd2acc62ed50732923d1d39c17172c9b04149f142be92310ecc69e1358f94b52?s=96&d=mm&r=g","caption":"Med Ahmed"},"url":"https:\/\/lequotidien.mr\/?author=12"}]}},"_links":{"self":[{"href":"https:\/\/lequotidien.mr\/index.php?rest_route=\/wp\/v2\/posts\/31407","targetHints":{"allow":["GET"]}}],"collection":[{"href":"https:\/\/lequotidien.mr\/index.php?rest_route=\/wp\/v2\/posts"}],"about":[{"href":"https:\/\/lequotidien.mr\/index.php?rest_route=\/wp\/v2\/types\/post"}],"author":[{"embeddable":true,"href":"https:\/\/lequotidien.mr\/index.php?rest_route=\/wp\/v2\/users\/12"}],"replies":[{"embeddable":true,"href":"https:\/\/lequotidien.mr\/index.php?rest_route=%2Fwp%2Fv2%2Fcomments&post=31407"}],"version-history":[{"count":1,"href":"https:\/\/lequotidien.mr\/index.php?rest_route=\/wp\/v2\/posts\/31407\/revisions"}],"predecessor-version":[{"id":31409,"href":"https:\/\/lequotidien.mr\/index.php?rest_route=\/wp\/v2\/posts\/31407\/revisions\/31409"}],"wp:featuredmedia":[{"embeddable":true,"href":"https:\/\/lequotidien.mr\/index.php?rest_route=\/wp\/v2\/media\/31408"}],"wp:attachment":[{"href":"https:\/\/lequotidien.mr\/index.php?rest_route=%2Fwp%2Fv2%2Fmedia&parent=31407"}],"wp:term":[{"taxonomy":"category","embeddable":true,"href":"https:\/\/lequotidien.mr\/index.php?rest_route=%2Fwp%2Fv2%2Fcategories&post=31407"},{"taxonomy":"post_tag","embeddable":true,"href":"https:\/\/lequotidien.mr\/index.php?rest_route=%2Fwp%2Fv2%2Ftags&post=31407"}],"curies":[{"name":"wp","href":"https:\/\/api.w.org\/{rel}","templated":true}]}}