{"id":31404,"date":"2025-10-04T22:17:03","date_gmt":"2025-10-04T22:17:03","guid":{"rendered":"https:\/\/lequotidien.mr\/?p=31404"},"modified":"2025-10-04T22:17:03","modified_gmt":"2025-10-04T22:17:03","slug":"agenda-primature-le-premier-ministre-preside-le-lancement-du-comite-de-suivi-du-programme-prioritaire-de-developpement-local","status":"publish","type":"post","link":"https:\/\/lequotidien.mr\/?p=31404&lang=fr","title":{"rendered":"Agenda Primature : Le Premier Ministre pr\u00e9side le lancement du Comit\u00e9 de Suivi du Programme Prioritaire de D\u00e9veloppement Local"},"content":{"rendered":"<p><strong>Le <\/strong><strong>Premier ministre M.<\/strong>\u00a0<strong>El Moctar Djay<\/strong>, le Premier ministre, a pr\u00e9sid\u00e9, ce jeudi dans la salle de r\u00e9union du Premier minist\u00e8re, la s\u00e9ance inaugurale du Comit\u00e9 minist\u00e9riel charg\u00e9 de la supervision et du suivi du programme prioritaire de g\u00e9n\u00e9ralisation de l\u2019acc\u00e8s aux services de base pour le d\u00e9veloppement local. Cette r\u00e9union marque une \u00e9tape cruciale dans le d\u00e9ploiement op\u00e9rationnel de ce projet structurant pour les populations.<\/p>\n<p>D&#8217;embl\u00e9e, le Premier ministre a situ\u00e9 le cadre g\u00e9n\u00e9ral et la gen\u00e8se de ce programme d&#8217;envergure. Il a rappel\u00e9 l&#8217;importance capitale\u00a0que le <strong>Pr\u00e9sident de la R\u00e9publique Monsieur Mohamed Cheikh El Ghazouani<\/strong>, accorde \u00e0 cette initiative, ayant personnellement veill\u00e9 sur toutes les \u00e9tapes de son \u00e9laboration. Le Premier ministre a insist\u00e9 sur le fait que, sous la direction \u00e9clair\u00e9e du Chef de l&#8217;\u00c9tat, un\u00a0<strong>suivi rigoureux<\/strong>\u00a0doit \u00eatre garanti \u00e0 toutes les phases de la mise en \u0153uvre, afin d&#8217;en assurer le succ\u00e8s et l&#8217;impact escompt\u00e9 sur les conditions de vie des citoyens.<\/p>\n<p><strong>Un point d&#8217;\u00e9tape d\u00e9taill\u00e9 sur l&#8217;avancement des travaux<\/strong><\/p>\n<p>Au cours de cette r\u00e9union, les participants ont examin\u00e9 des pr\u00e9sentations d\u00e9taill\u00e9es des diff\u00e9rents secteurs d&#8217;ex\u00e9cution. Ces expos\u00e9s ont port\u00e9 sur l&#8217;\u00e9tat d&#8217;avancement des travaux, ainsi que sur les processus d&#8217;attribution et d&#8217;\u00e9valuation des appels d&#8217;offres pour les multiples composantes du programme. Ce dernier vise \u00e0 couvrir l&#8217;ensemble des\u00a0<strong>onze wilayas<\/strong>\u00a0du pays, t\u00e9moignant de sa dimension nationale et de sa volont\u00e9 de r\u00e9duire les disparit\u00e9s territoriales.<\/p>\n<p>Le Premier ministre a exprim\u00e9 sa\u00a0satisfaction\u00a0concernant le niveau d&#8217;avancement global des diff\u00e9rentes \u00e9tapes du programme. Cependant, il a simultan\u00e9ment soulign\u00e9 la\u00a0n\u00e9cessit\u00e9 imp\u00e9rative\u00a0de maintenir un suivi soutenu et minutieux \u00e0 ce stade charni\u00e8re. L&#8217;objectif est de garantir le strict respect des crit\u00e8res d&#8217;attribution des march\u00e9s et d&#8217;examiner avec la plus grande attention tous les d\u00e9tails techniques et financiers y aff\u00e9rents.<\/p>\n<p><strong>Mobilisation de tous les acteurs territoriaux<\/strong><\/p>\n<p>Pour une efficacit\u00e9 optimale sur le terrain, Son Excellence le Premier ministre a rappel\u00e9 la\u00a0n\u00e9cessit\u00e9 d&#8217;une mobilisation totale\u00a0des autorit\u00e9s administratives et des maires. Il a insist\u00e9 sur leur participation active aux op\u00e9rations de supervision et de suivi quotidien. \u00c0 cet effet, il a \u00e9t\u00e9 demand\u00e9 que les listes des entreprises retenues pour l&#8217;ex\u00e9cution des projets dans chaque circonscription leur soient syst\u00e9matiquement communiqu\u00e9es. Cette mesure vise \u00e0 renforcer la transparence et \u00e0 garantir une coordination efficace entre tous les niveaux de responsabilit\u00e9.<\/p>\n<p>Cette premi\u00e8re r\u00e9union du Comit\u00e9 minist\u00e9riel jette les bases d&#8217;un pilotage serr\u00e9 et coordonn\u00e9 du programme prioritaire, dont la concr\u00e9tisation est attendue avec impatience par les populations \u00e0 travers l&#8217;ensemble du territoire national.<\/p>\n<p>&nbsp;<\/p>\n","protected":false},"excerpt":{"rendered":"<p>Le Premier ministre M.\u00a0El Moctar Djay, le Premier ministre, a pr\u00e9sid\u00e9, ce jeudi dans la salle de r\u00e9union du Premier minist\u00e8re, la s\u00e9ance inaugurale du Comit\u00e9 minist\u00e9riel charg\u00e9 de la supervision et du suivi du programme prioritaire de g\u00e9n\u00e9ralisation de l\u2019acc\u00e8s aux services de base pour le d\u00e9veloppement local. Cette r\u00e9union marque une \u00e9tape cruciale&#8230;..<\/p>\n","protected":false},"author":12,"featured_media":31405,"comment_status":"open","ping_status":"open","sticky":false,"template":"","format":"standard","meta":{"footnotes":""},"categories":[23,49],"tags":[],"class_list":["post-31404","post","type-post","status-publish","format-standard","has-post-thumbnail","hentry","category-actualite","category-economie"],"yoast_head":"<!-- This site is optimized with the Yoast SEO plugin v27.5 - https:\/\/yoast.com\/product\/yoast-seo-wordpress\/ -->\n<title>Agenda Primature : Le Premier Ministre pr\u00e9side le lancement du Comit\u00e9 de Suivi du Programme Prioritaire de D\u00e9veloppement Local - Le Quotidien de Nouakchott<\/title>\n<meta name=\"robots\" content=\"index, follow, max-snippet:-1, max-image-preview:large, max-video-preview:-1\" \/>\n<link rel=\"canonical\" href=\"https:\/\/lequotidien.mr\/?p=31404&lang=fr\" \/>\n<meta property=\"og:locale\" content=\"ar_AR\" \/>\n<meta property=\"og:type\" content=\"article\" \/>\n<meta property=\"og:title\" content=\"Agenda Primature : Le Premier Ministre pr\u00e9side le lancement du Comit\u00e9 de Suivi du Programme Prioritaire de D\u00e9veloppement Local - Le Quotidien de Nouakchott\" \/>\n<meta property=\"og:description\" content=\"Le Premier ministre M.\u00a0El Moctar Djay, le Premier ministre, a pr\u00e9sid\u00e9, ce jeudi dans la salle de r\u00e9union du Premier minist\u00e8re, la s\u00e9ance inaugurale du Comit\u00e9 minist\u00e9riel charg\u00e9 de la supervision et du suivi du programme prioritaire de g\u00e9n\u00e9ralisation de l\u2019acc\u00e8s aux services de base pour le d\u00e9veloppement local. Cette r\u00e9union marque une \u00e9tape cruciale.....\" \/>\n<meta property=\"og:url\" content=\"https:\/\/lequotidien.mr\/?p=31404&amp;lang=fr\" \/>\n<meta property=\"og:site_name\" content=\"Le Quotidien de Nouakchott\" \/>\n<meta property=\"article:publisher\" content=\"https:\/\/web.facebook.com\/lequotidienmr\" \/>\n<meta property=\"article:published_time\" content=\"2025-10-04T22:17:03+00:00\" \/>\n<meta property=\"og:image\" content=\"https:\/\/lequotidien.mr\/wp-content\/uploads\/2025\/10\/photo-Svces-base-PM.jpg\" \/>\n\t<meta property=\"og:image:width\" content=\"649\" \/>\n\t<meta property=\"og:image:height\" content=\"406\" \/>\n\t<meta property=\"og:image:type\" content=\"image\/jpeg\" \/>\n<meta name=\"author\" content=\"Med Ahmed\" \/>\n<meta name=\"twitter:card\" content=\"summary_large_image\" \/>\n<meta name=\"twitter:creator\" content=\"@lequotidienmr\" \/>\n<meta name=\"twitter:site\" content=\"@lequotidienmr\" \/>\n<meta name=\"twitter:label1\" content=\"\u0643\u064f\u062a\u0628 \u0628\u0648\u0627\u0633\u0637\u0629\" \/>\n\t<meta name=\"twitter:data1\" content=\"Med Ahmed\" \/>\n\t<meta name=\"twitter:label2\" content=\"\u0648\u0642\u062a \u0627\u0644\u0642\u0631\u0627\u0621\u0629 \u0627\u0644\u0645\u064f\u0642\u062f\u0651\u0631\" \/>\n\t<meta name=\"twitter:data2\" content=\"4 \u062f\u0642\u0627\u0626\u0642\" \/>\n<script type=\"application\/ld+json\" class=\"yoast-schema-graph\">{\"@context\":\"https:\\\/\\\/schema.org\",\"@graph\":[{\"@type\":\"Article\",\"@id\":\"https:\\\/\\\/lequotidien.mr\\\/?p=31404&lang=fr#article\",\"isPartOf\":{\"@id\":\"https:\\\/\\\/lequotidien.mr\\\/?p=31404&lang=fr\"},\"author\":{\"name\":\"Med Ahmed\",\"@id\":\"https:\\\/\\\/lequotidien.mr\\\/#\\\/schema\\\/person\\\/d2d350202a4d599685ed8abc25f97596\"},\"headline\":\"Agenda Primature : Le Premier Ministre pr\u00e9side le lancement du Comit\u00e9 de Suivi du Programme Prioritaire de D\u00e9veloppement Local\",\"datePublished\":\"2025-10-04T22:17:03+00:00\",\"mainEntityOfPage\":{\"@id\":\"https:\\\/\\\/lequotidien.mr\\\/?p=31404&lang=fr\"},\"wordCount\":507,\"commentCount\":0,\"publisher\":{\"@id\":\"https:\\\/\\\/lequotidien.mr\\\/#organization\"},\"image\":{\"@id\":\"https:\\\/\\\/lequotidien.mr\\\/?p=31404&lang=fr#primaryimage\"},\"thumbnailUrl\":\"https:\\\/\\\/lequotidien.mr\\\/wp-content\\\/uploads\\\/2025\\\/10\\\/photo-Svces-base-PM.jpg\",\"articleSection\":[\"ACTUALIT\u00c9\",\"Economie\"],\"inLanguage\":\"ar\",\"potentialAction\":[{\"@type\":\"CommentAction\",\"name\":\"Comment\",\"target\":[\"https:\\\/\\\/lequotidien.mr\\\/?p=31404&lang=fr#respond\"]}]},{\"@type\":\"WebPage\",\"@id\":\"https:\\\/\\\/lequotidien.mr\\\/?p=31404&lang=fr\",\"url\":\"https:\\\/\\\/lequotidien.mr\\\/?p=31404&lang=fr\",\"name\":\"Agenda Primature : Le Premier Ministre pr\u00e9side le lancement du Comit\u00e9 de Suivi du Programme Prioritaire de D\u00e9veloppement Local - Le Quotidien de Nouakchott\",\"isPartOf\":{\"@id\":\"https:\\\/\\\/lequotidien.mr\\\/#website\"},\"primaryImageOfPage\":{\"@id\":\"https:\\\/\\\/lequotidien.mr\\\/?p=31404&lang=fr#primaryimage\"},\"image\":{\"@id\":\"https:\\\/\\\/lequotidien.mr\\\/?p=31404&lang=fr#primaryimage\"},\"thumbnailUrl\":\"https:\\\/\\\/lequotidien.mr\\\/wp-content\\\/uploads\\\/2025\\\/10\\\/photo-Svces-base-PM.jpg\",\"datePublished\":\"2025-10-04T22:17:03+00:00\",\"breadcrumb\":{\"@id\":\"https:\\\/\\\/lequotidien.mr\\\/?p=31404&lang=fr#breadcrumb\"},\"inLanguage\":\"ar\",\"potentialAction\":[{\"@type\":\"ReadAction\",\"target\":[\"https:\\\/\\\/lequotidien.mr\\\/?p=31404&lang=fr\"]}]},{\"@type\":\"ImageObject\",\"inLanguage\":\"ar\",\"@id\":\"https:\\\/\\\/lequotidien.mr\\\/?p=31404&lang=fr#primaryimage\",\"url\":\"https:\\\/\\\/lequotidien.mr\\\/wp-content\\\/uploads\\\/2025\\\/10\\\/photo-Svces-base-PM.jpg\",\"contentUrl\":\"https:\\\/\\\/lequotidien.mr\\\/wp-content\\\/uploads\\\/2025\\\/10\\\/photo-Svces-base-PM.jpg\",\"width\":649,\"height\":406},{\"@type\":\"BreadcrumbList\",\"@id\":\"https:\\\/\\\/lequotidien.mr\\\/?p=31404&lang=fr#breadcrumb\",\"itemListElement\":[{\"@type\":\"ListItem\",\"position\":1,\"name\":\"Home\",\"item\":\"https:\\\/\\\/lequotidien.mr\\\/\"},{\"@type\":\"ListItem\",\"position\":2,\"name\":\"Agenda Primature : Le Premier Ministre pr\u00e9side le lancement du Comit\u00e9 de Suivi du Programme Prioritaire de D\u00e9veloppement Local\"}]},{\"@type\":\"WebSite\",\"@id\":\"https:\\\/\\\/lequotidien.mr\\\/#website\",\"url\":\"https:\\\/\\\/lequotidien.mr\\\/\",\"name\":\"Le Quotidien de Nouakchott\",\"description\":\"\u0625\u062e\u0628\u0627\u0631\u064a\u0629 \u0645\u0633\u062a\u0642\u0644\u0629 \u0644\u0644\u0623\u0646\u0628\u0627\u0621 \u0627\u0644\u0639\u0627\u0645\u0629\",\"publisher\":{\"@id\":\"https:\\\/\\\/lequotidien.mr\\\/#organization\"},\"potentialAction\":[{\"@type\":\"SearchAction\",\"target\":{\"@type\":\"EntryPoint\",\"urlTemplate\":\"https:\\\/\\\/lequotidien.mr\\\/?s={search_term_string}\"},\"query-input\":{\"@type\":\"PropertyValueSpecification\",\"valueRequired\":true,\"valueName\":\"search_term_string\"}}],\"inLanguage\":\"ar\"},{\"@type\":\"Organization\",\"@id\":\"https:\\\/\\\/lequotidien.mr\\\/#organization\",\"name\":\"Le Quotidien de Nouakchott\",\"url\":\"https:\\\/\\\/lequotidien.mr\\\/\",\"logo\":{\"@type\":\"ImageObject\",\"inLanguage\":\"ar\",\"@id\":\"https:\\\/\\\/lequotidien.mr\\\/#\\\/schema\\\/logo\\\/image\\\/\",\"url\":\"https:\\\/\\\/lequotidien.mr\\\/wp-content\\\/uploads\\\/2022\\\/11\\\/logolequotidien.jpg\",\"contentUrl\":\"https:\\\/\\\/lequotidien.mr\\\/wp-content\\\/uploads\\\/2022\\\/11\\\/logolequotidien.jpg\",\"width\":290,\"height\":65,\"caption\":\"Le Quotidien de Nouakchott\"},\"image\":{\"@id\":\"https:\\\/\\\/lequotidien.mr\\\/#\\\/schema\\\/logo\\\/image\\\/\"},\"sameAs\":[\"https:\\\/\\\/web.facebook.com\\\/lequotidienmr\",\"https:\\\/\\\/x.com\\\/lequotidienmr\"]},{\"@type\":\"Person\",\"@id\":\"https:\\\/\\\/lequotidien.mr\\\/#\\\/schema\\\/person\\\/d2d350202a4d599685ed8abc25f97596\",\"name\":\"Med Ahmed\",\"image\":{\"@type\":\"ImageObject\",\"inLanguage\":\"ar\",\"@id\":\"https:\\\/\\\/secure.gravatar.com\\\/avatar\\\/fd2acc62ed50732923d1d39c17172c9b04149f142be92310ecc69e1358f94b52?s=96&d=mm&r=g\",\"url\":\"https:\\\/\\\/secure.gravatar.com\\\/avatar\\\/fd2acc62ed50732923d1d39c17172c9b04149f142be92310ecc69e1358f94b52?s=96&d=mm&r=g\",\"contentUrl\":\"https:\\\/\\\/secure.gravatar.com\\\/avatar\\\/fd2acc62ed50732923d1d39c17172c9b04149f142be92310ecc69e1358f94b52?s=96&d=mm&r=g\",\"caption\":\"Med Ahmed\"},\"url\":\"https:\\\/\\\/lequotidien.mr\\\/?author=12\"}]}<\/script>\n<!-- \/ Yoast SEO plugin. -->","yoast_head_json":{"title":"Agenda Primature : Le Premier Ministre pr\u00e9side le lancement du Comit\u00e9 de Suivi du Programme Prioritaire de D\u00e9veloppement Local - Le Quotidien de Nouakchott","robots":{"index":"index","follow":"follow","max-snippet":"max-snippet:-1","max-image-preview":"max-image-preview:large","max-video-preview":"max-video-preview:-1"},"canonical":"https:\/\/lequotidien.mr\/?p=31404&lang=fr","og_locale":"ar_AR","og_type":"article","og_title":"Agenda Primature : Le Premier Ministre pr\u00e9side le lancement du Comit\u00e9 de Suivi du Programme Prioritaire de D\u00e9veloppement Local - Le Quotidien de Nouakchott","og_description":"Le Premier ministre M.\u00a0El Moctar Djay, le Premier ministre, a pr\u00e9sid\u00e9, ce jeudi dans la salle de r\u00e9union du Premier minist\u00e8re, la s\u00e9ance inaugurale du Comit\u00e9 minist\u00e9riel charg\u00e9 de la supervision et du suivi du programme prioritaire de g\u00e9n\u00e9ralisation de l\u2019acc\u00e8s aux services de base pour le d\u00e9veloppement local. Cette r\u00e9union marque une \u00e9tape cruciale.....","og_url":"https:\/\/lequotidien.mr\/?p=31404&lang=fr","og_site_name":"Le Quotidien de Nouakchott","article_publisher":"https:\/\/web.facebook.com\/lequotidienmr","article_published_time":"2025-10-04T22:17:03+00:00","og_image":[{"width":649,"height":406,"url":"https:\/\/lequotidien.mr\/wp-content\/uploads\/2025\/10\/photo-Svces-base-PM.jpg","type":"image\/jpeg"}],"author":"Med Ahmed","twitter_card":"summary_large_image","twitter_creator":"@lequotidienmr","twitter_site":"@lequotidienmr","twitter_misc":{"\u0643\u064f\u062a\u0628 \u0628\u0648\u0627\u0633\u0637\u0629":"Med Ahmed","\u0648\u0642\u062a \u0627\u0644\u0642\u0631\u0627\u0621\u0629 \u0627\u0644\u0645\u064f\u0642\u062f\u0651\u0631":"4 \u062f\u0642\u0627\u0626\u0642"},"schema":{"@context":"https:\/\/schema.org","@graph":[{"@type":"Article","@id":"https:\/\/lequotidien.mr\/?p=31404&lang=fr#article","isPartOf":{"@id":"https:\/\/lequotidien.mr\/?p=31404&lang=fr"},"author":{"name":"Med Ahmed","@id":"https:\/\/lequotidien.mr\/#\/schema\/person\/d2d350202a4d599685ed8abc25f97596"},"headline":"Agenda Primature : Le Premier Ministre pr\u00e9side le lancement du Comit\u00e9 de Suivi du Programme Prioritaire de D\u00e9veloppement Local","datePublished":"2025-10-04T22:17:03+00:00","mainEntityOfPage":{"@id":"https:\/\/lequotidien.mr\/?p=31404&lang=fr"},"wordCount":507,"commentCount":0,"publisher":{"@id":"https:\/\/lequotidien.mr\/#organization"},"image":{"@id":"https:\/\/lequotidien.mr\/?p=31404&lang=fr#primaryimage"},"thumbnailUrl":"https:\/\/lequotidien.mr\/wp-content\/uploads\/2025\/10\/photo-Svces-base-PM.jpg","articleSection":["ACTUALIT\u00c9","Economie"],"inLanguage":"ar","potentialAction":[{"@type":"CommentAction","name":"Comment","target":["https:\/\/lequotidien.mr\/?p=31404&lang=fr#respond"]}]},{"@type":"WebPage","@id":"https:\/\/lequotidien.mr\/?p=31404&lang=fr","url":"https:\/\/lequotidien.mr\/?p=31404&lang=fr","name":"Agenda Primature : Le Premier Ministre pr\u00e9side le lancement du Comit\u00e9 de Suivi du Programme Prioritaire de D\u00e9veloppement Local - Le Quotidien de Nouakchott","isPartOf":{"@id":"https:\/\/lequotidien.mr\/#website"},"primaryImageOfPage":{"@id":"https:\/\/lequotidien.mr\/?p=31404&lang=fr#primaryimage"},"image":{"@id":"https:\/\/lequotidien.mr\/?p=31404&lang=fr#primaryimage"},"thumbnailUrl":"https:\/\/lequotidien.mr\/wp-content\/uploads\/2025\/10\/photo-Svces-base-PM.jpg","datePublished":"2025-10-04T22:17:03+00:00","breadcrumb":{"@id":"https:\/\/lequotidien.mr\/?p=31404&lang=fr#breadcrumb"},"inLanguage":"ar","potentialAction":[{"@type":"ReadAction","target":["https:\/\/lequotidien.mr\/?p=31404&lang=fr"]}]},{"@type":"ImageObject","inLanguage":"ar","@id":"https:\/\/lequotidien.mr\/?p=31404&lang=fr#primaryimage","url":"https:\/\/lequotidien.mr\/wp-content\/uploads\/2025\/10\/photo-Svces-base-PM.jpg","contentUrl":"https:\/\/lequotidien.mr\/wp-content\/uploads\/2025\/10\/photo-Svces-base-PM.jpg","width":649,"height":406},{"@type":"BreadcrumbList","@id":"https:\/\/lequotidien.mr\/?p=31404&lang=fr#breadcrumb","itemListElement":[{"@type":"ListItem","position":1,"name":"Home","item":"https:\/\/lequotidien.mr\/"},{"@type":"ListItem","position":2,"name":"Agenda Primature : Le Premier Ministre pr\u00e9side le lancement du Comit\u00e9 de Suivi du Programme Prioritaire de D\u00e9veloppement Local"}]},{"@type":"WebSite","@id":"https:\/\/lequotidien.mr\/#website","url":"https:\/\/lequotidien.mr\/","name":"Le Quotidien de Nouakchott","description":"\u0625\u062e\u0628\u0627\u0631\u064a\u0629 \u0645\u0633\u062a\u0642\u0644\u0629 \u0644\u0644\u0623\u0646\u0628\u0627\u0621 \u0627\u0644\u0639\u0627\u0645\u0629","publisher":{"@id":"https:\/\/lequotidien.mr\/#organization"},"potentialAction":[{"@type":"SearchAction","target":{"@type":"EntryPoint","urlTemplate":"https:\/\/lequotidien.mr\/?s={search_term_string}"},"query-input":{"@type":"PropertyValueSpecification","valueRequired":true,"valueName":"search_term_string"}}],"inLanguage":"ar"},{"@type":"Organization","@id":"https:\/\/lequotidien.mr\/#organization","name":"Le Quotidien de Nouakchott","url":"https:\/\/lequotidien.mr\/","logo":{"@type":"ImageObject","inLanguage":"ar","@id":"https:\/\/lequotidien.mr\/#\/schema\/logo\/image\/","url":"https:\/\/lequotidien.mr\/wp-content\/uploads\/2022\/11\/logolequotidien.jpg","contentUrl":"https:\/\/lequotidien.mr\/wp-content\/uploads\/2022\/11\/logolequotidien.jpg","width":290,"height":65,"caption":"Le Quotidien de Nouakchott"},"image":{"@id":"https:\/\/lequotidien.mr\/#\/schema\/logo\/image\/"},"sameAs":["https:\/\/web.facebook.com\/lequotidienmr","https:\/\/x.com\/lequotidienmr"]},{"@type":"Person","@id":"https:\/\/lequotidien.mr\/#\/schema\/person\/d2d350202a4d599685ed8abc25f97596","name":"Med Ahmed","image":{"@type":"ImageObject","inLanguage":"ar","@id":"https:\/\/secure.gravatar.com\/avatar\/fd2acc62ed50732923d1d39c17172c9b04149f142be92310ecc69e1358f94b52?s=96&d=mm&r=g","url":"https:\/\/secure.gravatar.com\/avatar\/fd2acc62ed50732923d1d39c17172c9b04149f142be92310ecc69e1358f94b52?s=96&d=mm&r=g","contentUrl":"https:\/\/secure.gravatar.com\/avatar\/fd2acc62ed50732923d1d39c17172c9b04149f142be92310ecc69e1358f94b52?s=96&d=mm&r=g","caption":"Med Ahmed"},"url":"https:\/\/lequotidien.mr\/?author=12"}]}},"_links":{"self":[{"href":"https:\/\/lequotidien.mr\/index.php?rest_route=\/wp\/v2\/posts\/31404","targetHints":{"allow":["GET"]}}],"collection":[{"href":"https:\/\/lequotidien.mr\/index.php?rest_route=\/wp\/v2\/posts"}],"about":[{"href":"https:\/\/lequotidien.mr\/index.php?rest_route=\/wp\/v2\/types\/post"}],"author":[{"embeddable":true,"href":"https:\/\/lequotidien.mr\/index.php?rest_route=\/wp\/v2\/users\/12"}],"replies":[{"embeddable":true,"href":"https:\/\/lequotidien.mr\/index.php?rest_route=%2Fwp%2Fv2%2Fcomments&post=31404"}],"version-history":[{"count":1,"href":"https:\/\/lequotidien.mr\/index.php?rest_route=\/wp\/v2\/posts\/31404\/revisions"}],"predecessor-version":[{"id":31406,"href":"https:\/\/lequotidien.mr\/index.php?rest_route=\/wp\/v2\/posts\/31404\/revisions\/31406"}],"wp:featuredmedia":[{"embeddable":true,"href":"https:\/\/lequotidien.mr\/index.php?rest_route=\/wp\/v2\/media\/31405"}],"wp:attachment":[{"href":"https:\/\/lequotidien.mr\/index.php?rest_route=%2Fwp%2Fv2%2Fmedia&parent=31404"}],"wp:term":[{"taxonomy":"category","embeddable":true,"href":"https:\/\/lequotidien.mr\/index.php?rest_route=%2Fwp%2Fv2%2Fcategories&post=31404"},{"taxonomy":"post_tag","embeddable":true,"href":"https:\/\/lequotidien.mr\/index.php?rest_route=%2Fwp%2Fv2%2Ftags&post=31404"}],"curies":[{"name":"wp","href":"https:\/\/api.w.org\/{rel}","templated":true}]}}