{"id":31360,"date":"2025-10-03T10:14:30","date_gmt":"2025-10-03T10:14:30","guid":{"rendered":"https:\/\/lequotidien.mr\/?p=31360"},"modified":"2025-10-03T10:14:30","modified_gmt":"2025-10-03T10:14:30","slug":"agenda-primature-le-premier-ministre-supervise-les-derniers-preparatifs-pour-une-rentree-scolaire-25-26-reussie","status":"publish","type":"post","link":"https:\/\/lequotidien.mr\/?p=31360&lang=fr","title":{"rendered":"Agenda primature : Le Premier ministre supervise les derniers pr\u00e9paratifs pour une rentr\u00e9e scolaire 25-26 r\u00e9ussie"},"content":{"rendered":"<p>Le <strong>Premier ministre, M. El Moctar Djay<\/strong>, a pr\u00e9sid\u00e9, hier, dans la salle de r\u00e9union du Premier minist\u00e8re, la r\u00e9union p\u00e9riodique du <strong>Comit\u00e9 minist\u00e9riel charg\u00e9 de la pr\u00e9paration de la rentr\u00e9e scolaire 2025-2026<\/strong>. Cette session de travail cruciale s&#8217;est d\u00e9roul\u00e9e en pr\u00e9sence des d\u00e9partements minist\u00e9riels concern\u00e9s, de l&#8217;administration territoriale, des maires et des partenaires du processus \u00e9ducatif.<\/p>\n<p><strong>Finaliser les pr\u00e9paratifs pour la rentr\u00e9e du 6 octobre<\/strong><\/p>\n<p>Au c\u0153ur des discussions : l&#8217;examen des mesures compl\u00e9mentaires aux pr\u00e9paratifs en cours. Ces mesures s&#8217;appuient sur les recommandations \u00e9mises lors de la pr\u00e9c\u00e9dente r\u00e9union du comit\u00e9, avec un focus particulier sur la disponibilit\u00e9 du personnel enseignant et d&#8217;encadrement, l&#8217;\u00e9tat des infrastructures scolaires et les moyens logistiques n\u00e9cessaires au bon d\u00e9roulement de l&#8217;ann\u00e9e acad\u00e9mique.<\/p>\n<p>Le Premier ministre a tenu \u00e0 rappeler le r\u00f4le central du secteur de l&#8217;\u00e9ducation dans le programme du <strong>Pr\u00e9sident de la R\u00e9publique, M. Mohamed Cheikh El Ghazouani<\/strong>. Il a r\u00e9it\u00e9r\u00e9 la volont\u00e9 du Chef de l&#8217;\u00c9tat et du gouvernement que la rentr\u00e9e de cette ann\u00e9e se d\u00e9roule dans des conditions optimales et satisfaisantes pour tous les \u00e9l\u00e8ves et le corps \u00e9ducatif.<\/p>\n<p>Face au d\u00e9lai imparti, M. El Moctar Djay a enjoint l&#8217;ensemble des secteurs gouvernementaux et les partenaires de l&#8217;\u00e9ducation \u00e0 \u00ab intensifier la coordination durant les jours restants avant la rentr\u00e9e \u00bb. L&#8217;objectif est clair : combler toutes les lacunes identifi\u00e9es avant l&#8217;ouverture effective des classes, pr\u00e9vue le 6 octobre courant.<\/p>\n<p><strong>La lutte contre les incendies : une priorit\u00e9 pour la sauvegarde des p\u00e2turages <\/strong><\/p>\n<p>Cet agenda pour le chef du gouvernement a \u00e9galement inclus, mercredi dernier, la pr\u00e9sidence d&#8217;une r\u00e9union du <strong>Comit\u00e9 minist\u00e9riel charg\u00e9 de la pr\u00e9vention des incendies<\/strong>. Les travaux ont port\u00e9 sur la pr\u00e9paration des conditions pr\u00e9alables, concomitantes et post-incendie pour faire face \u00e0 ce type de catastrophes naturelles.<\/p>\n<p>Le Premier ministre a pr\u00e9cis\u00e9 que cette r\u00e9union faisait suite aux directives directes du Pr\u00e9sident de la R\u00e9publique, qui consid\u00e8re les p\u00e2turages comme <strong><em>\u00ab une richesse nationale qu&#8217;il convient de prot\u00e9ger \u00bb<\/em><\/strong>. Le Pr\u00e9sident El Ghazouani a appel\u00e9 \u00e0 une mobilisation g\u00e9n\u00e9rale et a donn\u00e9 la priorit\u00e9 absolue \u00e0 la question des incendies, exigeant une action imm\u00e9diate.<\/p>\n<p>Apr\u00e8s avoir \u00e9cout\u00e9 une pr\u00e9sentation d\u00e9taill\u00e9e du secteur concern\u00e9 et les interventions des participants, le Premier ministre a insist\u00e9 sur la n\u00e9cessit\u00e9 d&#8217;agir sur plusieurs leviers pour rendre la campagne de cette ann\u00e9e plus efficace. Parmi les axes prioritaires figurent la sensibilisation sur le terrain des secteurs concern\u00e9s, des autorit\u00e9s locales et des \u00e9lus, coupl\u00e9e \u00e0 une campagne m\u00e9diatique de grande envergure.<\/p>\n<p>Le gouvernement entend \u00e9galement appliquer strictement les sanctions contre les responsables de d\u00e9parts de feu et fournir les moyens logistiques et mat\u00e9riels n\u00e9cessaires aux \u00e9quipes d&#8217;intervention. Dans ce cadre, M. El Moctar Djay a donn\u00e9 un d\u00e9lai d&#8217;une semaine seulement aux secteurs concern\u00e9s pour d\u00e9passer les simples exigences de lancement et assurer un d\u00e9marrage effectif et op\u00e9rationnel de la campagne de pr\u00e9vention.<\/p>\n<p>Ces deux r\u00e9unions de haut niveau illustrent la mobilisation du gouvernement sur des dossiers aussi prioritaires que strat\u00e9giques pour la nation : l&#8217;avenir de sa jeunesse \u00e0 travers une \u00e9ducation de qualit\u00e9, et la protection de son patrimoine naturel et \u00e9conomique.<\/p>\n","protected":false},"excerpt":{"rendered":"<p>Le Premier ministre, M. El Moctar Djay, a pr\u00e9sid\u00e9, hier, dans la salle de r\u00e9union du Premier minist\u00e8re, la r\u00e9union p\u00e9riodique du Comit\u00e9 minist\u00e9riel charg\u00e9 de la pr\u00e9paration de la rentr\u00e9e scolaire 2025-2026. Cette session de travail cruciale s&#8217;est d\u00e9roul\u00e9e en pr\u00e9sence des d\u00e9partements minist\u00e9riels concern\u00e9s, de l&#8217;administration territoriale, des maires et des partenaires du&#8230;..<\/p>\n","protected":false},"author":12,"featured_media":31361,"comment_status":"open","ping_status":"open","sticky":false,"template":"","format":"standard","meta":{"footnotes":""},"categories":[23,55],"tags":[],"class_list":["post-31360","post","type-post","status-publish","format-standard","has-post-thumbnail","hentry","category-actualite","category-culture"],"yoast_head":"<!-- This site is optimized with the Yoast SEO plugin v27.5 - https:\/\/yoast.com\/product\/yoast-seo-wordpress\/ -->\n<title>Agenda primature : Le Premier ministre supervise les derniers pr\u00e9paratifs pour une rentr\u00e9e scolaire 25-26 r\u00e9ussie - Le Quotidien de Nouakchott<\/title>\n<meta name=\"robots\" content=\"index, follow, max-snippet:-1, max-image-preview:large, max-video-preview:-1\" \/>\n<link rel=\"canonical\" href=\"https:\/\/lequotidien.mr\/?p=31360&lang=fr\" \/>\n<meta property=\"og:locale\" content=\"ar_AR\" \/>\n<meta property=\"og:type\" content=\"article\" \/>\n<meta property=\"og:title\" content=\"Agenda primature : Le Premier ministre supervise les derniers pr\u00e9paratifs pour une rentr\u00e9e scolaire 25-26 r\u00e9ussie - Le Quotidien de Nouakchott\" \/>\n<meta property=\"og:description\" content=\"Le Premier ministre, M. El Moctar Djay, a pr\u00e9sid\u00e9, hier, dans la salle de r\u00e9union du Premier minist\u00e8re, la r\u00e9union p\u00e9riodique du Comit\u00e9 minist\u00e9riel charg\u00e9 de la pr\u00e9paration de la rentr\u00e9e scolaire 2025-2026. Cette session de travail cruciale s&#8217;est d\u00e9roul\u00e9e en pr\u00e9sence des d\u00e9partements minist\u00e9riels concern\u00e9s, de l&#8217;administration territoriale, des maires et des partenaires du.....\" \/>\n<meta property=\"og:url\" content=\"https:\/\/lequotidien.mr\/?p=31360&amp;lang=fr\" \/>\n<meta property=\"og:site_name\" content=\"Le Quotidien de Nouakchott\" \/>\n<meta property=\"article:publisher\" content=\"https:\/\/web.facebook.com\/lequotidienmr\" \/>\n<meta property=\"article:published_time\" content=\"2025-10-03T10:14:30+00:00\" \/>\n<meta property=\"og:image\" content=\"https:\/\/lequotidien.mr\/wp-content\/uploads\/2025\/10\/photo-PM-rentree-scolaire.jpg\" \/>\n\t<meta property=\"og:image:width\" content=\"649\" \/>\n\t<meta property=\"og:image:height\" content=\"345\" \/>\n\t<meta property=\"og:image:type\" content=\"image\/jpeg\" \/>\n<meta name=\"author\" content=\"Med Ahmed\" \/>\n<meta name=\"twitter:card\" content=\"summary_large_image\" \/>\n<meta name=\"twitter:creator\" content=\"@lequotidienmr\" \/>\n<meta name=\"twitter:site\" content=\"@lequotidienmr\" \/>\n<meta name=\"twitter:label1\" content=\"\u0643\u064f\u062a\u0628 \u0628\u0648\u0627\u0633\u0637\u0629\" \/>\n\t<meta name=\"twitter:data1\" content=\"Med Ahmed\" \/>\n\t<meta name=\"twitter:label2\" content=\"\u0648\u0642\u062a \u0627\u0644\u0642\u0631\u0627\u0621\u0629 \u0627\u0644\u0645\u064f\u0642\u062f\u0651\u0631\" \/>\n\t<meta name=\"twitter:data2\" content=\"4 \u062f\u0642\u0627\u0626\u0642\" \/>\n<script type=\"application\/ld+json\" class=\"yoast-schema-graph\">{\"@context\":\"https:\\\/\\\/schema.org\",\"@graph\":[{\"@type\":\"Article\",\"@id\":\"https:\\\/\\\/lequotidien.mr\\\/?p=31360&lang=fr#article\",\"isPartOf\":{\"@id\":\"https:\\\/\\\/lequotidien.mr\\\/?p=31360&lang=fr\"},\"author\":{\"name\":\"Med Ahmed\",\"@id\":\"https:\\\/\\\/lequotidien.mr\\\/#\\\/schema\\\/person\\\/d2d350202a4d599685ed8abc25f97596\"},\"headline\":\"Agenda primature : Le Premier ministre supervise les derniers pr\u00e9paratifs pour une rentr\u00e9e scolaire 25-26 r\u00e9ussie\",\"datePublished\":\"2025-10-03T10:14:30+00:00\",\"mainEntityOfPage\":{\"@id\":\"https:\\\/\\\/lequotidien.mr\\\/?p=31360&lang=fr\"},\"wordCount\":612,\"commentCount\":0,\"publisher\":{\"@id\":\"https:\\\/\\\/lequotidien.mr\\\/#organization\"},\"image\":{\"@id\":\"https:\\\/\\\/lequotidien.mr\\\/?p=31360&lang=fr#primaryimage\"},\"thumbnailUrl\":\"https:\\\/\\\/lequotidien.mr\\\/wp-content\\\/uploads\\\/2025\\\/10\\\/photo-PM-rentree-scolaire.jpg\",\"articleSection\":[\"ACTUALIT\u00c9\",\"Culture\"],\"inLanguage\":\"ar\",\"potentialAction\":[{\"@type\":\"CommentAction\",\"name\":\"Comment\",\"target\":[\"https:\\\/\\\/lequotidien.mr\\\/?p=31360&lang=fr#respond\"]}]},{\"@type\":\"WebPage\",\"@id\":\"https:\\\/\\\/lequotidien.mr\\\/?p=31360&lang=fr\",\"url\":\"https:\\\/\\\/lequotidien.mr\\\/?p=31360&lang=fr\",\"name\":\"Agenda primature : Le Premier ministre supervise les derniers pr\u00e9paratifs pour une rentr\u00e9e scolaire 25-26 r\u00e9ussie - Le Quotidien de Nouakchott\",\"isPartOf\":{\"@id\":\"https:\\\/\\\/lequotidien.mr\\\/#website\"},\"primaryImageOfPage\":{\"@id\":\"https:\\\/\\\/lequotidien.mr\\\/?p=31360&lang=fr#primaryimage\"},\"image\":{\"@id\":\"https:\\\/\\\/lequotidien.mr\\\/?p=31360&lang=fr#primaryimage\"},\"thumbnailUrl\":\"https:\\\/\\\/lequotidien.mr\\\/wp-content\\\/uploads\\\/2025\\\/10\\\/photo-PM-rentree-scolaire.jpg\",\"datePublished\":\"2025-10-03T10:14:30+00:00\",\"breadcrumb\":{\"@id\":\"https:\\\/\\\/lequotidien.mr\\\/?p=31360&lang=fr#breadcrumb\"},\"inLanguage\":\"ar\",\"potentialAction\":[{\"@type\":\"ReadAction\",\"target\":[\"https:\\\/\\\/lequotidien.mr\\\/?p=31360&lang=fr\"]}]},{\"@type\":\"ImageObject\",\"inLanguage\":\"ar\",\"@id\":\"https:\\\/\\\/lequotidien.mr\\\/?p=31360&lang=fr#primaryimage\",\"url\":\"https:\\\/\\\/lequotidien.mr\\\/wp-content\\\/uploads\\\/2025\\\/10\\\/photo-PM-rentree-scolaire.jpg\",\"contentUrl\":\"https:\\\/\\\/lequotidien.mr\\\/wp-content\\\/uploads\\\/2025\\\/10\\\/photo-PM-rentree-scolaire.jpg\",\"width\":649,\"height\":345},{\"@type\":\"BreadcrumbList\",\"@id\":\"https:\\\/\\\/lequotidien.mr\\\/?p=31360&lang=fr#breadcrumb\",\"itemListElement\":[{\"@type\":\"ListItem\",\"position\":1,\"name\":\"Home\",\"item\":\"https:\\\/\\\/lequotidien.mr\\\/\"},{\"@type\":\"ListItem\",\"position\":2,\"name\":\"Agenda primature : Le Premier ministre supervise les derniers pr\u00e9paratifs pour une rentr\u00e9e scolaire 25-26 r\u00e9ussie\"}]},{\"@type\":\"WebSite\",\"@id\":\"https:\\\/\\\/lequotidien.mr\\\/#website\",\"url\":\"https:\\\/\\\/lequotidien.mr\\\/\",\"name\":\"Le Quotidien de Nouakchott\",\"description\":\"\u0625\u062e\u0628\u0627\u0631\u064a\u0629 \u0645\u0633\u062a\u0642\u0644\u0629 \u0644\u0644\u0623\u0646\u0628\u0627\u0621 \u0627\u0644\u0639\u0627\u0645\u0629\",\"publisher\":{\"@id\":\"https:\\\/\\\/lequotidien.mr\\\/#organization\"},\"potentialAction\":[{\"@type\":\"SearchAction\",\"target\":{\"@type\":\"EntryPoint\",\"urlTemplate\":\"https:\\\/\\\/lequotidien.mr\\\/?s={search_term_string}\"},\"query-input\":{\"@type\":\"PropertyValueSpecification\",\"valueRequired\":true,\"valueName\":\"search_term_string\"}}],\"inLanguage\":\"ar\"},{\"@type\":\"Organization\",\"@id\":\"https:\\\/\\\/lequotidien.mr\\\/#organization\",\"name\":\"Le Quotidien de Nouakchott\",\"url\":\"https:\\\/\\\/lequotidien.mr\\\/\",\"logo\":{\"@type\":\"ImageObject\",\"inLanguage\":\"ar\",\"@id\":\"https:\\\/\\\/lequotidien.mr\\\/#\\\/schema\\\/logo\\\/image\\\/\",\"url\":\"https:\\\/\\\/lequotidien.mr\\\/wp-content\\\/uploads\\\/2022\\\/11\\\/logolequotidien.jpg\",\"contentUrl\":\"https:\\\/\\\/lequotidien.mr\\\/wp-content\\\/uploads\\\/2022\\\/11\\\/logolequotidien.jpg\",\"width\":290,\"height\":65,\"caption\":\"Le Quotidien de Nouakchott\"},\"image\":{\"@id\":\"https:\\\/\\\/lequotidien.mr\\\/#\\\/schema\\\/logo\\\/image\\\/\"},\"sameAs\":[\"https:\\\/\\\/web.facebook.com\\\/lequotidienmr\",\"https:\\\/\\\/x.com\\\/lequotidienmr\"]},{\"@type\":\"Person\",\"@id\":\"https:\\\/\\\/lequotidien.mr\\\/#\\\/schema\\\/person\\\/d2d350202a4d599685ed8abc25f97596\",\"name\":\"Med Ahmed\",\"image\":{\"@type\":\"ImageObject\",\"inLanguage\":\"ar\",\"@id\":\"https:\\\/\\\/secure.gravatar.com\\\/avatar\\\/fd2acc62ed50732923d1d39c17172c9b04149f142be92310ecc69e1358f94b52?s=96&d=mm&r=g\",\"url\":\"https:\\\/\\\/secure.gravatar.com\\\/avatar\\\/fd2acc62ed50732923d1d39c17172c9b04149f142be92310ecc69e1358f94b52?s=96&d=mm&r=g\",\"contentUrl\":\"https:\\\/\\\/secure.gravatar.com\\\/avatar\\\/fd2acc62ed50732923d1d39c17172c9b04149f142be92310ecc69e1358f94b52?s=96&d=mm&r=g\",\"caption\":\"Med Ahmed\"},\"url\":\"https:\\\/\\\/lequotidien.mr\\\/?author=12\"}]}<\/script>\n<!-- \/ Yoast SEO plugin. -->","yoast_head_json":{"title":"Agenda primature : Le Premier ministre supervise les derniers pr\u00e9paratifs pour une rentr\u00e9e scolaire 25-26 r\u00e9ussie - Le Quotidien de Nouakchott","robots":{"index":"index","follow":"follow","max-snippet":"max-snippet:-1","max-image-preview":"max-image-preview:large","max-video-preview":"max-video-preview:-1"},"canonical":"https:\/\/lequotidien.mr\/?p=31360&lang=fr","og_locale":"ar_AR","og_type":"article","og_title":"Agenda primature : Le Premier ministre supervise les derniers pr\u00e9paratifs pour une rentr\u00e9e scolaire 25-26 r\u00e9ussie - Le Quotidien de Nouakchott","og_description":"Le Premier ministre, M. El Moctar Djay, a pr\u00e9sid\u00e9, hier, dans la salle de r\u00e9union du Premier minist\u00e8re, la r\u00e9union p\u00e9riodique du Comit\u00e9 minist\u00e9riel charg\u00e9 de la pr\u00e9paration de la rentr\u00e9e scolaire 2025-2026. Cette session de travail cruciale s&#8217;est d\u00e9roul\u00e9e en pr\u00e9sence des d\u00e9partements minist\u00e9riels concern\u00e9s, de l&#8217;administration territoriale, des maires et des partenaires du.....","og_url":"https:\/\/lequotidien.mr\/?p=31360&lang=fr","og_site_name":"Le Quotidien de Nouakchott","article_publisher":"https:\/\/web.facebook.com\/lequotidienmr","article_published_time":"2025-10-03T10:14:30+00:00","og_image":[{"width":649,"height":345,"url":"https:\/\/lequotidien.mr\/wp-content\/uploads\/2025\/10\/photo-PM-rentree-scolaire.jpg","type":"image\/jpeg"}],"author":"Med Ahmed","twitter_card":"summary_large_image","twitter_creator":"@lequotidienmr","twitter_site":"@lequotidienmr","twitter_misc":{"\u0643\u064f\u062a\u0628 \u0628\u0648\u0627\u0633\u0637\u0629":"Med Ahmed","\u0648\u0642\u062a \u0627\u0644\u0642\u0631\u0627\u0621\u0629 \u0627\u0644\u0645\u064f\u0642\u062f\u0651\u0631":"4 \u062f\u0642\u0627\u0626\u0642"},"schema":{"@context":"https:\/\/schema.org","@graph":[{"@type":"Article","@id":"https:\/\/lequotidien.mr\/?p=31360&lang=fr#article","isPartOf":{"@id":"https:\/\/lequotidien.mr\/?p=31360&lang=fr"},"author":{"name":"Med Ahmed","@id":"https:\/\/lequotidien.mr\/#\/schema\/person\/d2d350202a4d599685ed8abc25f97596"},"headline":"Agenda primature : Le Premier ministre supervise les derniers pr\u00e9paratifs pour une rentr\u00e9e scolaire 25-26 r\u00e9ussie","datePublished":"2025-10-03T10:14:30+00:00","mainEntityOfPage":{"@id":"https:\/\/lequotidien.mr\/?p=31360&lang=fr"},"wordCount":612,"commentCount":0,"publisher":{"@id":"https:\/\/lequotidien.mr\/#organization"},"image":{"@id":"https:\/\/lequotidien.mr\/?p=31360&lang=fr#primaryimage"},"thumbnailUrl":"https:\/\/lequotidien.mr\/wp-content\/uploads\/2025\/10\/photo-PM-rentree-scolaire.jpg","articleSection":["ACTUALIT\u00c9","Culture"],"inLanguage":"ar","potentialAction":[{"@type":"CommentAction","name":"Comment","target":["https:\/\/lequotidien.mr\/?p=31360&lang=fr#respond"]}]},{"@type":"WebPage","@id":"https:\/\/lequotidien.mr\/?p=31360&lang=fr","url":"https:\/\/lequotidien.mr\/?p=31360&lang=fr","name":"Agenda primature : Le Premier ministre supervise les derniers pr\u00e9paratifs pour une rentr\u00e9e scolaire 25-26 r\u00e9ussie - Le Quotidien de Nouakchott","isPartOf":{"@id":"https:\/\/lequotidien.mr\/#website"},"primaryImageOfPage":{"@id":"https:\/\/lequotidien.mr\/?p=31360&lang=fr#primaryimage"},"image":{"@id":"https:\/\/lequotidien.mr\/?p=31360&lang=fr#primaryimage"},"thumbnailUrl":"https:\/\/lequotidien.mr\/wp-content\/uploads\/2025\/10\/photo-PM-rentree-scolaire.jpg","datePublished":"2025-10-03T10:14:30+00:00","breadcrumb":{"@id":"https:\/\/lequotidien.mr\/?p=31360&lang=fr#breadcrumb"},"inLanguage":"ar","potentialAction":[{"@type":"ReadAction","target":["https:\/\/lequotidien.mr\/?p=31360&lang=fr"]}]},{"@type":"ImageObject","inLanguage":"ar","@id":"https:\/\/lequotidien.mr\/?p=31360&lang=fr#primaryimage","url":"https:\/\/lequotidien.mr\/wp-content\/uploads\/2025\/10\/photo-PM-rentree-scolaire.jpg","contentUrl":"https:\/\/lequotidien.mr\/wp-content\/uploads\/2025\/10\/photo-PM-rentree-scolaire.jpg","width":649,"height":345},{"@type":"BreadcrumbList","@id":"https:\/\/lequotidien.mr\/?p=31360&lang=fr#breadcrumb","itemListElement":[{"@type":"ListItem","position":1,"name":"Home","item":"https:\/\/lequotidien.mr\/"},{"@type":"ListItem","position":2,"name":"Agenda primature : Le Premier ministre supervise les derniers pr\u00e9paratifs pour une rentr\u00e9e scolaire 25-26 r\u00e9ussie"}]},{"@type":"WebSite","@id":"https:\/\/lequotidien.mr\/#website","url":"https:\/\/lequotidien.mr\/","name":"Le Quotidien de Nouakchott","description":"\u0625\u062e\u0628\u0627\u0631\u064a\u0629 \u0645\u0633\u062a\u0642\u0644\u0629 \u0644\u0644\u0623\u0646\u0628\u0627\u0621 \u0627\u0644\u0639\u0627\u0645\u0629","publisher":{"@id":"https:\/\/lequotidien.mr\/#organization"},"potentialAction":[{"@type":"SearchAction","target":{"@type":"EntryPoint","urlTemplate":"https:\/\/lequotidien.mr\/?s={search_term_string}"},"query-input":{"@type":"PropertyValueSpecification","valueRequired":true,"valueName":"search_term_string"}}],"inLanguage":"ar"},{"@type":"Organization","@id":"https:\/\/lequotidien.mr\/#organization","name":"Le Quotidien de Nouakchott","url":"https:\/\/lequotidien.mr\/","logo":{"@type":"ImageObject","inLanguage":"ar","@id":"https:\/\/lequotidien.mr\/#\/schema\/logo\/image\/","url":"https:\/\/lequotidien.mr\/wp-content\/uploads\/2022\/11\/logolequotidien.jpg","contentUrl":"https:\/\/lequotidien.mr\/wp-content\/uploads\/2022\/11\/logolequotidien.jpg","width":290,"height":65,"caption":"Le Quotidien de Nouakchott"},"image":{"@id":"https:\/\/lequotidien.mr\/#\/schema\/logo\/image\/"},"sameAs":["https:\/\/web.facebook.com\/lequotidienmr","https:\/\/x.com\/lequotidienmr"]},{"@type":"Person","@id":"https:\/\/lequotidien.mr\/#\/schema\/person\/d2d350202a4d599685ed8abc25f97596","name":"Med Ahmed","image":{"@type":"ImageObject","inLanguage":"ar","@id":"https:\/\/secure.gravatar.com\/avatar\/fd2acc62ed50732923d1d39c17172c9b04149f142be92310ecc69e1358f94b52?s=96&d=mm&r=g","url":"https:\/\/secure.gravatar.com\/avatar\/fd2acc62ed50732923d1d39c17172c9b04149f142be92310ecc69e1358f94b52?s=96&d=mm&r=g","contentUrl":"https:\/\/secure.gravatar.com\/avatar\/fd2acc62ed50732923d1d39c17172c9b04149f142be92310ecc69e1358f94b52?s=96&d=mm&r=g","caption":"Med Ahmed"},"url":"https:\/\/lequotidien.mr\/?author=12"}]}},"_links":{"self":[{"href":"https:\/\/lequotidien.mr\/index.php?rest_route=\/wp\/v2\/posts\/31360","targetHints":{"allow":["GET"]}}],"collection":[{"href":"https:\/\/lequotidien.mr\/index.php?rest_route=\/wp\/v2\/posts"}],"about":[{"href":"https:\/\/lequotidien.mr\/index.php?rest_route=\/wp\/v2\/types\/post"}],"author":[{"embeddable":true,"href":"https:\/\/lequotidien.mr\/index.php?rest_route=\/wp\/v2\/users\/12"}],"replies":[{"embeddable":true,"href":"https:\/\/lequotidien.mr\/index.php?rest_route=%2Fwp%2Fv2%2Fcomments&post=31360"}],"version-history":[{"count":1,"href":"https:\/\/lequotidien.mr\/index.php?rest_route=\/wp\/v2\/posts\/31360\/revisions"}],"predecessor-version":[{"id":31362,"href":"https:\/\/lequotidien.mr\/index.php?rest_route=\/wp\/v2\/posts\/31360\/revisions\/31362"}],"wp:featuredmedia":[{"embeddable":true,"href":"https:\/\/lequotidien.mr\/index.php?rest_route=\/wp\/v2\/media\/31361"}],"wp:attachment":[{"href":"https:\/\/lequotidien.mr\/index.php?rest_route=%2Fwp%2Fv2%2Fmedia&parent=31360"}],"wp:term":[{"taxonomy":"category","embeddable":true,"href":"https:\/\/lequotidien.mr\/index.php?rest_route=%2Fwp%2Fv2%2Fcategories&post=31360"},{"taxonomy":"post_tag","embeddable":true,"href":"https:\/\/lequotidien.mr\/index.php?rest_route=%2Fwp%2Fv2%2Ftags&post=31360"}],"curies":[{"name":"wp","href":"https:\/\/api.w.org\/{rel}","templated":true}]}}