{"id":31357,"date":"2025-10-03T09:45:46","date_gmt":"2025-10-03T09:45:46","guid":{"rendered":"https:\/\/lequotidien.mr\/?p=31357"},"modified":"2025-10-03T09:45:46","modified_gmt":"2025-10-03T09:45:46","slug":"luna-et-lacademie-mondiale-roi-salman-pour-la-langue-arabe-unissent-leurs-efforts-pour-renforcer-lusage-mediatique-de-larabe","status":"publish","type":"post","link":"https:\/\/lequotidien.mr\/?p=31357&lang=fr","title":{"rendered":"L\u2019UNA et l\u2019Acad\u00e9mie mondiale Roi Salman pour la langue arabe unissent leurs efforts pour renforcer l\u2019usage m\u00e9diatique de l\u2019arabe"},"content":{"rendered":"<p><strong>L\u2019Union des Agences de Presse des \u00c9tats membres de l\u2019OCI (UNA)<\/strong>, en coop\u00e9ration avec l\u2019Acad\u00e9mie mondiale Roi Salman pour la langue arabe, a organis\u00e9, mardi dernier, un s\u00e9minaire virtuel d\u2019importance sous le titre <strong><em>: \u00ab Normes d\u2019utilisation de la langue arabe dans les agences de presse des \u00c9tats membres de l\u2019OCI \u00bb<\/em><\/strong>. L&#8217;\u00e9v\u00e9nement a enregistr\u00e9 une large participation de repr\u00e9sentants des agences de presse membres ainsi que de nombreux professionnels des m\u00e9dias issus de diverses institutions.<\/p>\n<p><strong>La langue arabe, pilier de l&#8217;identit\u00e9 islamique<\/strong><\/p>\n<p>Dans son allocution d&#8217;ouverture, <strong>M. Mohammed bin Abd Rabbo Al-Yami, Directeur g\u00e9n\u00e9ral de l\u2019UNA<\/strong>, a soulign\u00e9 l\u2019importance cruciale des normes linguistiques dans les agences de presse et les moyens de les r\u00e9guler et de les am\u00e9liorer. Il a affirm\u00e9 que l\u2019attention port\u00e9e \u00e0 cette question faisait partie int\u00e9grante du souci de la langue arabe, qu&#8217;il a d\u00e9crite comme <strong><em>\u00ab un pilier fondamental de l\u2019identit\u00e9 islamique \u00bb.<\/em><\/strong><\/p>\n<p>M. Al-Yami a toutefois nuanc\u00e9 son propos en reconnaissant la complexit\u00e9 de cette mission. <strong><em>\u00ab La r\u00e9gulation des normes linguistiques dans les agences de presse des \u00c9tats membres de l\u2019OCI repr\u00e9sente une question complexe, compte tenu des d\u00e9fis li\u00e9s \u00e0 la diversit\u00e9 linguistique et dialectale, aux diff\u00e9rences de politiques linguistiques et \u00e9ditoriales d\u2019un pays \u00e0 l\u2019autre, ainsi qu\u2019\u00e0 la faiblesse de la communication entre les \u00c9tats membres sur ces sujets \u00bb<\/em><\/strong>, a-t-il expliqu\u00e9. Il a pr\u00e9cis\u00e9 le r\u00f4le de l&#8217;UNA : observer la situation dans les agences des \u00c9tats membres non arabophones, documenter les questions d&#8217;usage linguistique et identifier les d\u00e9fis et les moyens d&#8217;y faire face.<\/p>\n<p><strong>Une langue pr\u00e9cise, gage de cr\u00e9dibilit\u00e9 dans un paysage m\u00e9diatique en mutation<\/strong><\/p>\n<p>Pour sa part, le <strong>Pr. Mahmoud Al-Mahmoud, Chef du Secteur de la planification et de la politique linguistique \u00e0 l\u2019Acad\u00e9mie mondiale Roi Salman pour la langue arabe<\/strong>, a soulign\u00e9 que ce s\u00e9minaire soutenait les efforts institutionnels pour am\u00e9liorer le contenu m\u00e9diatique et consolider le r\u00f4le de la langue arabe dans l&#8217;\u00e9laboration du discours m\u00e9diatique.<\/p>\n<p><strong><em>\u00ab Dans un paysage m\u00e9diatique en mutation rapide et marqu\u00e9 par des d\u00e9fis croissants, il existe un besoin pressant d\u2019une langue arabe pr\u00e9cise et de normes unifi\u00e9es \u00bb<\/em><\/strong>, a-t-il insist\u00e9. Le professeur a \u00e9lev\u00e9 le d\u00e9bat en affirmant que <strong><em>\u00ab la langue m\u00e9diatique n\u2019est pas une question purement linguistique, mais un outil d\u2019influence et une source de cr\u00e9dibilit\u00e9 \u00bb<\/em><\/strong>. Il a exprim\u00e9 l&#8217;espoir que ce s\u00e9minaire marque le d\u00e9but d&#8217;un parcours scientifique commun pour consolider les normes dans la r\u00e9daction m\u00e9diatique.<\/p>\n<p><strong>Des sessions techniques pour cerner les d\u00e9fis et proposer des solutions<\/strong><\/p>\n<p>Le s\u00e9minaire s&#8217;est articul\u00e9 autour de deux sessions techniques principales. La premi\u00e8re, pr\u00e9sent\u00e9e par M. Alzubair Al-Ansari, conseiller m\u00e9dias aupr\u00e8s de l\u2019UNA, et intitul\u00e9e <strong><em>\u00ab D\u00e9fis de la r\u00e9gulation de l\u2019usage linguistique dans les agences de presse des \u00c9tats membres de l\u2019OCI \u00bb<\/em><\/strong>, a mis en lumi\u00e8re les principaux d\u00e9fis linguistiques, en insistant particuli\u00e8rement sur les erreurs fr\u00e9quentes dans les d\u00e9p\u00eaches des agences non arabophones et les moyens d&#8217;y rem\u00e9dier.<\/p>\n<p>La deuxi\u00e8me session, anim\u00e9e par le Pr. Khalid Al-Qawsi, Directeur du D\u00e9partement des politiques linguistiques \u00e0 l\u2019Acad\u00e9mie mondiale Roi Salman, s&#8217;est pench\u00e9e sur les <strong><em>\u00ab Normes linguistiques pour r\u00e9guler l\u2019usage m\u00e9diatique \u00bb<\/em><\/strong>. Elle a abord\u00e9 le r\u00f4le de ces normes dans l\u2019am\u00e9lioration des pratiques, ainsi que la dualit\u00e9 entre langue et m\u00e9dias et les d\u00e9fis impos\u00e9s par les m\u00e9dias contemporains.<\/p>\n<p><strong>Des recommandations ambitieuses pour l&#8217;avenir<\/strong><\/p>\n<p>Le s\u00e9minaire s\u2019est conclu par l&#8217;adoption d&#8217;un ensemble de recommandations cl\u00e9s, dessinant une feuille de route concr\u00e8te pour l&#8217;avenir. Parmi les points les plus significatifs :<\/p>\n<p><strong>-Renforcer et \u00e9changer le contenu arabe<\/strong>\u00a0entre les agences membres de l\u2019OCI\u00a0;<\/p>\n<p><strong>-\u00c9laborer un guide linguistique unifi\u00e9<\/strong>\u00a0pour les agences membres, comprenant des r\u00e8gles et normes pr\u00e9cises\u00a0;<\/p>\n<p><strong>-Cr\u00e9er un glossaire concis des termes m\u00e9diatiques et politiques<\/strong>\u00a0via une base de donn\u00e9es commune, r\u00e9vis\u00e9e p\u00e9riodiquement et accessible \u00e0 toutes les agences\u00a0;<\/p>\n<p><strong>-Mettre en \u0153uvre des sessions de formation r\u00e9guli\u00e8res<\/strong>\u00a0pour renforcer les comp\u00e9tences des employ\u00e9s\u00a0;<\/p>\n<p><strong>-Pr\u00e9parer une mallette p\u00e9dagogique<\/strong>\u00a0destin\u00e9e aux employ\u00e9s des agences de presse sur les comp\u00e9tences en arabe dans le travail m\u00e9diatique international\u00a0;<\/p>\n<p><strong>-\u00c9tablir et activer des normes linguistiques<\/strong><strong> claires<\/strong>\u00a0et mesurer leur impact au sein des agences de presse.<\/p>\n<p>Cette initiative conjointe marque une \u00e9tape importante dans les efforts visant \u00e0 pr\u00e9server l&#8217;int\u00e9grit\u00e9 de la langue arabe dans les m\u00e9dias et \u00e0 renforcer la coh\u00e9rence et la cr\u00e9dibilit\u00e9 du discours m\u00e9diatique \u00e0 travers le monde islamique.<\/p>\n","protected":false},"excerpt":{"rendered":"<p>L\u2019Union des Agences de Presse des \u00c9tats membres de l\u2019OCI (UNA), en coop\u00e9ration avec l\u2019Acad\u00e9mie mondiale Roi Salman pour la langue arabe, a organis\u00e9, mardi dernier, un s\u00e9minaire virtuel d\u2019importance sous le titre : \u00ab Normes d\u2019utilisation de la langue arabe dans les agences de presse des \u00c9tats membres de l\u2019OCI \u00bb. L&#8217;\u00e9v\u00e9nement a enregistr\u00e9&#8230;..<\/p>\n","protected":false},"author":12,"featured_media":31358,"comment_status":"open","ping_status":"open","sticky":false,"template":"","format":"standard","meta":{"footnotes":""},"categories":[23,55],"tags":[],"class_list":["post-31357","post","type-post","status-publish","format-standard","has-post-thumbnail","hentry","category-actualite","category-culture"],"yoast_head":"<!-- This site is optimized with the Yoast SEO plugin v27.5 - https:\/\/yoast.com\/product\/yoast-seo-wordpress\/ -->\n<title>L\u2019UNA et l\u2019Acad\u00e9mie mondiale Roi Salman pour la langue arabe unissent leurs efforts pour renforcer l\u2019usage m\u00e9diatique de l\u2019arabe - Le Quotidien de Nouakchott<\/title>\n<meta name=\"robots\" content=\"index, follow, max-snippet:-1, max-image-preview:large, max-video-preview:-1\" \/>\n<link rel=\"canonical\" href=\"https:\/\/lequotidien.mr\/?p=31357&lang=fr\" \/>\n<meta property=\"og:locale\" content=\"ar_AR\" \/>\n<meta property=\"og:type\" content=\"article\" \/>\n<meta property=\"og:title\" content=\"L\u2019UNA et l\u2019Acad\u00e9mie mondiale Roi Salman pour la langue arabe unissent leurs efforts pour renforcer l\u2019usage m\u00e9diatique de l\u2019arabe - Le Quotidien de Nouakchott\" \/>\n<meta property=\"og:description\" content=\"L\u2019Union des Agences de Presse des \u00c9tats membres de l\u2019OCI (UNA), en coop\u00e9ration avec l\u2019Acad\u00e9mie mondiale Roi Salman pour la langue arabe, a organis\u00e9, mardi dernier, un s\u00e9minaire virtuel d\u2019importance sous le titre : \u00ab Normes d\u2019utilisation de la langue arabe dans les agences de presse des \u00c9tats membres de l\u2019OCI \u00bb. L&#8217;\u00e9v\u00e9nement a enregistr\u00e9.....\" \/>\n<meta property=\"og:url\" content=\"https:\/\/lequotidien.mr\/?p=31357&amp;lang=fr\" \/>\n<meta property=\"og:site_name\" content=\"Le Quotidien de Nouakchott\" \/>\n<meta property=\"article:publisher\" content=\"https:\/\/web.facebook.com\/lequotidienmr\" \/>\n<meta property=\"article:published_time\" content=\"2025-10-03T09:45:46+00:00\" \/>\n<meta property=\"og:image\" content=\"https:\/\/lequotidien.mr\/wp-content\/uploads\/2025\/10\/photo-UNA-et-langue-arabe.jpg\" \/>\n\t<meta property=\"og:image:width\" content=\"640\" \/>\n\t<meta property=\"og:image:height\" content=\"386\" \/>\n\t<meta property=\"og:image:type\" content=\"image\/jpeg\" \/>\n<meta name=\"author\" content=\"Med Ahmed\" \/>\n<meta name=\"twitter:card\" content=\"summary_large_image\" \/>\n<meta name=\"twitter:creator\" content=\"@lequotidienmr\" \/>\n<meta name=\"twitter:site\" content=\"@lequotidienmr\" \/>\n<meta name=\"twitter:label1\" content=\"\u0643\u064f\u062a\u0628 \u0628\u0648\u0627\u0633\u0637\u0629\" \/>\n\t<meta name=\"twitter:data1\" content=\"Med Ahmed\" \/>\n\t<meta name=\"twitter:label2\" content=\"\u0648\u0642\u062a \u0627\u0644\u0642\u0631\u0627\u0621\u0629 \u0627\u0644\u0645\u064f\u0642\u062f\u0651\u0631\" \/>\n\t<meta name=\"twitter:data2\" content=\"6 \u062f\u0642\u0627\u0626\u0642\" \/>\n<script type=\"application\/ld+json\" class=\"yoast-schema-graph\">{\"@context\":\"https:\\\/\\\/schema.org\",\"@graph\":[{\"@type\":\"Article\",\"@id\":\"https:\\\/\\\/lequotidien.mr\\\/?p=31357&lang=fr#article\",\"isPartOf\":{\"@id\":\"https:\\\/\\\/lequotidien.mr\\\/?p=31357&lang=fr\"},\"author\":{\"name\":\"Med Ahmed\",\"@id\":\"https:\\\/\\\/lequotidien.mr\\\/#\\\/schema\\\/person\\\/d2d350202a4d599685ed8abc25f97596\"},\"headline\":\"L\u2019UNA et l\u2019Acad\u00e9mie mondiale Roi Salman pour la langue arabe unissent leurs efforts pour renforcer l\u2019usage m\u00e9diatique de l\u2019arabe\",\"datePublished\":\"2025-10-03T09:45:46+00:00\",\"mainEntityOfPage\":{\"@id\":\"https:\\\/\\\/lequotidien.mr\\\/?p=31357&lang=fr\"},\"wordCount\":856,\"commentCount\":0,\"publisher\":{\"@id\":\"https:\\\/\\\/lequotidien.mr\\\/#organization\"},\"image\":{\"@id\":\"https:\\\/\\\/lequotidien.mr\\\/?p=31357&lang=fr#primaryimage\"},\"thumbnailUrl\":\"https:\\\/\\\/lequotidien.mr\\\/wp-content\\\/uploads\\\/2025\\\/10\\\/photo-UNA-et-langue-arabe.jpg\",\"articleSection\":[\"ACTUALIT\u00c9\",\"Culture\"],\"inLanguage\":\"ar\",\"potentialAction\":[{\"@type\":\"CommentAction\",\"name\":\"Comment\",\"target\":[\"https:\\\/\\\/lequotidien.mr\\\/?p=31357&lang=fr#respond\"]}]},{\"@type\":\"WebPage\",\"@id\":\"https:\\\/\\\/lequotidien.mr\\\/?p=31357&lang=fr\",\"url\":\"https:\\\/\\\/lequotidien.mr\\\/?p=31357&lang=fr\",\"name\":\"L\u2019UNA et l\u2019Acad\u00e9mie mondiale Roi Salman pour la langue arabe unissent leurs efforts pour renforcer l\u2019usage m\u00e9diatique de l\u2019arabe - Le Quotidien de Nouakchott\",\"isPartOf\":{\"@id\":\"https:\\\/\\\/lequotidien.mr\\\/#website\"},\"primaryImageOfPage\":{\"@id\":\"https:\\\/\\\/lequotidien.mr\\\/?p=31357&lang=fr#primaryimage\"},\"image\":{\"@id\":\"https:\\\/\\\/lequotidien.mr\\\/?p=31357&lang=fr#primaryimage\"},\"thumbnailUrl\":\"https:\\\/\\\/lequotidien.mr\\\/wp-content\\\/uploads\\\/2025\\\/10\\\/photo-UNA-et-langue-arabe.jpg\",\"datePublished\":\"2025-10-03T09:45:46+00:00\",\"breadcrumb\":{\"@id\":\"https:\\\/\\\/lequotidien.mr\\\/?p=31357&lang=fr#breadcrumb\"},\"inLanguage\":\"ar\",\"potentialAction\":[{\"@type\":\"ReadAction\",\"target\":[\"https:\\\/\\\/lequotidien.mr\\\/?p=31357&lang=fr\"]}]},{\"@type\":\"ImageObject\",\"inLanguage\":\"ar\",\"@id\":\"https:\\\/\\\/lequotidien.mr\\\/?p=31357&lang=fr#primaryimage\",\"url\":\"https:\\\/\\\/lequotidien.mr\\\/wp-content\\\/uploads\\\/2025\\\/10\\\/photo-UNA-et-langue-arabe.jpg\",\"contentUrl\":\"https:\\\/\\\/lequotidien.mr\\\/wp-content\\\/uploads\\\/2025\\\/10\\\/photo-UNA-et-langue-arabe.jpg\",\"width\":640,\"height\":386},{\"@type\":\"BreadcrumbList\",\"@id\":\"https:\\\/\\\/lequotidien.mr\\\/?p=31357&lang=fr#breadcrumb\",\"itemListElement\":[{\"@type\":\"ListItem\",\"position\":1,\"name\":\"Home\",\"item\":\"https:\\\/\\\/lequotidien.mr\\\/\"},{\"@type\":\"ListItem\",\"position\":2,\"name\":\"L\u2019UNA et l\u2019Acad\u00e9mie mondiale Roi Salman pour la langue arabe unissent leurs efforts pour renforcer l\u2019usage m\u00e9diatique de l\u2019arabe\"}]},{\"@type\":\"WebSite\",\"@id\":\"https:\\\/\\\/lequotidien.mr\\\/#website\",\"url\":\"https:\\\/\\\/lequotidien.mr\\\/\",\"name\":\"Le Quotidien de Nouakchott\",\"description\":\"\u0625\u062e\u0628\u0627\u0631\u064a\u0629 \u0645\u0633\u062a\u0642\u0644\u0629 \u0644\u0644\u0623\u0646\u0628\u0627\u0621 \u0627\u0644\u0639\u0627\u0645\u0629\",\"publisher\":{\"@id\":\"https:\\\/\\\/lequotidien.mr\\\/#organization\"},\"potentialAction\":[{\"@type\":\"SearchAction\",\"target\":{\"@type\":\"EntryPoint\",\"urlTemplate\":\"https:\\\/\\\/lequotidien.mr\\\/?s={search_term_string}\"},\"query-input\":{\"@type\":\"PropertyValueSpecification\",\"valueRequired\":true,\"valueName\":\"search_term_string\"}}],\"inLanguage\":\"ar\"},{\"@type\":\"Organization\",\"@id\":\"https:\\\/\\\/lequotidien.mr\\\/#organization\",\"name\":\"Le Quotidien de Nouakchott\",\"url\":\"https:\\\/\\\/lequotidien.mr\\\/\",\"logo\":{\"@type\":\"ImageObject\",\"inLanguage\":\"ar\",\"@id\":\"https:\\\/\\\/lequotidien.mr\\\/#\\\/schema\\\/logo\\\/image\\\/\",\"url\":\"https:\\\/\\\/lequotidien.mr\\\/wp-content\\\/uploads\\\/2022\\\/11\\\/logolequotidien.jpg\",\"contentUrl\":\"https:\\\/\\\/lequotidien.mr\\\/wp-content\\\/uploads\\\/2022\\\/11\\\/logolequotidien.jpg\",\"width\":290,\"height\":65,\"caption\":\"Le Quotidien de Nouakchott\"},\"image\":{\"@id\":\"https:\\\/\\\/lequotidien.mr\\\/#\\\/schema\\\/logo\\\/image\\\/\"},\"sameAs\":[\"https:\\\/\\\/web.facebook.com\\\/lequotidienmr\",\"https:\\\/\\\/x.com\\\/lequotidienmr\"]},{\"@type\":\"Person\",\"@id\":\"https:\\\/\\\/lequotidien.mr\\\/#\\\/schema\\\/person\\\/d2d350202a4d599685ed8abc25f97596\",\"name\":\"Med Ahmed\",\"image\":{\"@type\":\"ImageObject\",\"inLanguage\":\"ar\",\"@id\":\"https:\\\/\\\/secure.gravatar.com\\\/avatar\\\/fd2acc62ed50732923d1d39c17172c9b04149f142be92310ecc69e1358f94b52?s=96&d=mm&r=g\",\"url\":\"https:\\\/\\\/secure.gravatar.com\\\/avatar\\\/fd2acc62ed50732923d1d39c17172c9b04149f142be92310ecc69e1358f94b52?s=96&d=mm&r=g\",\"contentUrl\":\"https:\\\/\\\/secure.gravatar.com\\\/avatar\\\/fd2acc62ed50732923d1d39c17172c9b04149f142be92310ecc69e1358f94b52?s=96&d=mm&r=g\",\"caption\":\"Med Ahmed\"},\"url\":\"https:\\\/\\\/lequotidien.mr\\\/?author=12\"}]}<\/script>\n<!-- \/ Yoast SEO plugin. -->","yoast_head_json":{"title":"L\u2019UNA et l\u2019Acad\u00e9mie mondiale Roi Salman pour la langue arabe unissent leurs efforts pour renforcer l\u2019usage m\u00e9diatique de l\u2019arabe - Le Quotidien de Nouakchott","robots":{"index":"index","follow":"follow","max-snippet":"max-snippet:-1","max-image-preview":"max-image-preview:large","max-video-preview":"max-video-preview:-1"},"canonical":"https:\/\/lequotidien.mr\/?p=31357&lang=fr","og_locale":"ar_AR","og_type":"article","og_title":"L\u2019UNA et l\u2019Acad\u00e9mie mondiale Roi Salman pour la langue arabe unissent leurs efforts pour renforcer l\u2019usage m\u00e9diatique de l\u2019arabe - Le Quotidien de Nouakchott","og_description":"L\u2019Union des Agences de Presse des \u00c9tats membres de l\u2019OCI (UNA), en coop\u00e9ration avec l\u2019Acad\u00e9mie mondiale Roi Salman pour la langue arabe, a organis\u00e9, mardi dernier, un s\u00e9minaire virtuel d\u2019importance sous le titre : \u00ab Normes d\u2019utilisation de la langue arabe dans les agences de presse des \u00c9tats membres de l\u2019OCI \u00bb. L&#8217;\u00e9v\u00e9nement a enregistr\u00e9.....","og_url":"https:\/\/lequotidien.mr\/?p=31357&lang=fr","og_site_name":"Le Quotidien de Nouakchott","article_publisher":"https:\/\/web.facebook.com\/lequotidienmr","article_published_time":"2025-10-03T09:45:46+00:00","og_image":[{"width":640,"height":386,"url":"https:\/\/lequotidien.mr\/wp-content\/uploads\/2025\/10\/photo-UNA-et-langue-arabe.jpg","type":"image\/jpeg"}],"author":"Med Ahmed","twitter_card":"summary_large_image","twitter_creator":"@lequotidienmr","twitter_site":"@lequotidienmr","twitter_misc":{"\u0643\u064f\u062a\u0628 \u0628\u0648\u0627\u0633\u0637\u0629":"Med Ahmed","\u0648\u0642\u062a \u0627\u0644\u0642\u0631\u0627\u0621\u0629 \u0627\u0644\u0645\u064f\u0642\u062f\u0651\u0631":"6 \u062f\u0642\u0627\u0626\u0642"},"schema":{"@context":"https:\/\/schema.org","@graph":[{"@type":"Article","@id":"https:\/\/lequotidien.mr\/?p=31357&lang=fr#article","isPartOf":{"@id":"https:\/\/lequotidien.mr\/?p=31357&lang=fr"},"author":{"name":"Med Ahmed","@id":"https:\/\/lequotidien.mr\/#\/schema\/person\/d2d350202a4d599685ed8abc25f97596"},"headline":"L\u2019UNA et l\u2019Acad\u00e9mie mondiale Roi Salman pour la langue arabe unissent leurs efforts pour renforcer l\u2019usage m\u00e9diatique de l\u2019arabe","datePublished":"2025-10-03T09:45:46+00:00","mainEntityOfPage":{"@id":"https:\/\/lequotidien.mr\/?p=31357&lang=fr"},"wordCount":856,"commentCount":0,"publisher":{"@id":"https:\/\/lequotidien.mr\/#organization"},"image":{"@id":"https:\/\/lequotidien.mr\/?p=31357&lang=fr#primaryimage"},"thumbnailUrl":"https:\/\/lequotidien.mr\/wp-content\/uploads\/2025\/10\/photo-UNA-et-langue-arabe.jpg","articleSection":["ACTUALIT\u00c9","Culture"],"inLanguage":"ar","potentialAction":[{"@type":"CommentAction","name":"Comment","target":["https:\/\/lequotidien.mr\/?p=31357&lang=fr#respond"]}]},{"@type":"WebPage","@id":"https:\/\/lequotidien.mr\/?p=31357&lang=fr","url":"https:\/\/lequotidien.mr\/?p=31357&lang=fr","name":"L\u2019UNA et l\u2019Acad\u00e9mie mondiale Roi Salman pour la langue arabe unissent leurs efforts pour renforcer l\u2019usage m\u00e9diatique de l\u2019arabe - Le Quotidien de Nouakchott","isPartOf":{"@id":"https:\/\/lequotidien.mr\/#website"},"primaryImageOfPage":{"@id":"https:\/\/lequotidien.mr\/?p=31357&lang=fr#primaryimage"},"image":{"@id":"https:\/\/lequotidien.mr\/?p=31357&lang=fr#primaryimage"},"thumbnailUrl":"https:\/\/lequotidien.mr\/wp-content\/uploads\/2025\/10\/photo-UNA-et-langue-arabe.jpg","datePublished":"2025-10-03T09:45:46+00:00","breadcrumb":{"@id":"https:\/\/lequotidien.mr\/?p=31357&lang=fr#breadcrumb"},"inLanguage":"ar","potentialAction":[{"@type":"ReadAction","target":["https:\/\/lequotidien.mr\/?p=31357&lang=fr"]}]},{"@type":"ImageObject","inLanguage":"ar","@id":"https:\/\/lequotidien.mr\/?p=31357&lang=fr#primaryimage","url":"https:\/\/lequotidien.mr\/wp-content\/uploads\/2025\/10\/photo-UNA-et-langue-arabe.jpg","contentUrl":"https:\/\/lequotidien.mr\/wp-content\/uploads\/2025\/10\/photo-UNA-et-langue-arabe.jpg","width":640,"height":386},{"@type":"BreadcrumbList","@id":"https:\/\/lequotidien.mr\/?p=31357&lang=fr#breadcrumb","itemListElement":[{"@type":"ListItem","position":1,"name":"Home","item":"https:\/\/lequotidien.mr\/"},{"@type":"ListItem","position":2,"name":"L\u2019UNA et l\u2019Acad\u00e9mie mondiale Roi Salman pour la langue arabe unissent leurs efforts pour renforcer l\u2019usage m\u00e9diatique de l\u2019arabe"}]},{"@type":"WebSite","@id":"https:\/\/lequotidien.mr\/#website","url":"https:\/\/lequotidien.mr\/","name":"Le Quotidien de Nouakchott","description":"\u0625\u062e\u0628\u0627\u0631\u064a\u0629 \u0645\u0633\u062a\u0642\u0644\u0629 \u0644\u0644\u0623\u0646\u0628\u0627\u0621 \u0627\u0644\u0639\u0627\u0645\u0629","publisher":{"@id":"https:\/\/lequotidien.mr\/#organization"},"potentialAction":[{"@type":"SearchAction","target":{"@type":"EntryPoint","urlTemplate":"https:\/\/lequotidien.mr\/?s={search_term_string}"},"query-input":{"@type":"PropertyValueSpecification","valueRequired":true,"valueName":"search_term_string"}}],"inLanguage":"ar"},{"@type":"Organization","@id":"https:\/\/lequotidien.mr\/#organization","name":"Le Quotidien de Nouakchott","url":"https:\/\/lequotidien.mr\/","logo":{"@type":"ImageObject","inLanguage":"ar","@id":"https:\/\/lequotidien.mr\/#\/schema\/logo\/image\/","url":"https:\/\/lequotidien.mr\/wp-content\/uploads\/2022\/11\/logolequotidien.jpg","contentUrl":"https:\/\/lequotidien.mr\/wp-content\/uploads\/2022\/11\/logolequotidien.jpg","width":290,"height":65,"caption":"Le Quotidien de Nouakchott"},"image":{"@id":"https:\/\/lequotidien.mr\/#\/schema\/logo\/image\/"},"sameAs":["https:\/\/web.facebook.com\/lequotidienmr","https:\/\/x.com\/lequotidienmr"]},{"@type":"Person","@id":"https:\/\/lequotidien.mr\/#\/schema\/person\/d2d350202a4d599685ed8abc25f97596","name":"Med Ahmed","image":{"@type":"ImageObject","inLanguage":"ar","@id":"https:\/\/secure.gravatar.com\/avatar\/fd2acc62ed50732923d1d39c17172c9b04149f142be92310ecc69e1358f94b52?s=96&d=mm&r=g","url":"https:\/\/secure.gravatar.com\/avatar\/fd2acc62ed50732923d1d39c17172c9b04149f142be92310ecc69e1358f94b52?s=96&d=mm&r=g","contentUrl":"https:\/\/secure.gravatar.com\/avatar\/fd2acc62ed50732923d1d39c17172c9b04149f142be92310ecc69e1358f94b52?s=96&d=mm&r=g","caption":"Med Ahmed"},"url":"https:\/\/lequotidien.mr\/?author=12"}]}},"_links":{"self":[{"href":"https:\/\/lequotidien.mr\/index.php?rest_route=\/wp\/v2\/posts\/31357","targetHints":{"allow":["GET"]}}],"collection":[{"href":"https:\/\/lequotidien.mr\/index.php?rest_route=\/wp\/v2\/posts"}],"about":[{"href":"https:\/\/lequotidien.mr\/index.php?rest_route=\/wp\/v2\/types\/post"}],"author":[{"embeddable":true,"href":"https:\/\/lequotidien.mr\/index.php?rest_route=\/wp\/v2\/users\/12"}],"replies":[{"embeddable":true,"href":"https:\/\/lequotidien.mr\/index.php?rest_route=%2Fwp%2Fv2%2Fcomments&post=31357"}],"version-history":[{"count":1,"href":"https:\/\/lequotidien.mr\/index.php?rest_route=\/wp\/v2\/posts\/31357\/revisions"}],"predecessor-version":[{"id":31359,"href":"https:\/\/lequotidien.mr\/index.php?rest_route=\/wp\/v2\/posts\/31357\/revisions\/31359"}],"wp:featuredmedia":[{"embeddable":true,"href":"https:\/\/lequotidien.mr\/index.php?rest_route=\/wp\/v2\/media\/31358"}],"wp:attachment":[{"href":"https:\/\/lequotidien.mr\/index.php?rest_route=%2Fwp%2Fv2%2Fmedia&parent=31357"}],"wp:term":[{"taxonomy":"category","embeddable":true,"href":"https:\/\/lequotidien.mr\/index.php?rest_route=%2Fwp%2Fv2%2Fcategories&post=31357"},{"taxonomy":"post_tag","embeddable":true,"href":"https:\/\/lequotidien.mr\/index.php?rest_route=%2Fwp%2Fv2%2Ftags&post=31357"}],"curies":[{"name":"wp","href":"https:\/\/api.w.org\/{rel}","templated":true}]}}